{"id":23948,"date":"2022-07-12T00:01:00","date_gmt":"2022-07-11T23:01:00","guid":{"rendered":"https:\/\/lasentinelle.dz\/?p=23948"},"modified":"2022-07-11T19:56:15","modified_gmt":"2022-07-11T18:56:15","slug":"universite-47-du-personnel-enseignant-permanent-sont-des-professeurs-de-rang-superieur","status":"publish","type":"post","link":"https:\/\/lasentinelle.dz\/index.php\/2022\/07\/12\/universite-47-du-personnel-enseignant-permanent-sont-des-professeurs-de-rang-superieur\/","title":{"rendered":"Universit\u00e9\u00a0: 47% du Personnel enseignant permanent sont des \u00ab\u00a0professeurs de rang sup\u00e9rieur\u00a0\u00bb"},"content":{"rendered":"\n<p>Le ministre de l&rsquo;Enseignement sup\u00e9rieur et de la Recherche scientifique, Abdelbaki Benziane a affirm\u00e9, hier \u00e0 Alger, que 27.780 enseignants universitaires, soit 47% du personnel enseignant permanent \u00e9taient des \u00ab\u00a0professeurs de rang sup\u00e9rieur\u00a0\u00bb. Le ministre qui intervenait lors d&rsquo;une rencontre consacr\u00e9e \u00e0 l&rsquo;annonce des r\u00e9sultats de la 47e session du Comit\u00e9 universitaire national de promotion des ma\u00eetres de conf\u00e9rences \u00ab\u00a0rang A\u00a0\u00bb au rang de Professorat, a pr\u00e9cis\u00e9 que le nombre d&rsquo;enseignants promus au grade de Professeur d&rsquo;enseignement sup\u00e9rieur s&rsquo;\u00e9levait \u00e0 1.249, portant le nombre total des professeurs d&rsquo;enseignement sup\u00e9rieur \u00e0 27.780, soit 47% du personnel enseignant permanent. M.Benziane a expliqu\u00e9 que \u00ab\u00a0cette session a \u00e9t\u00e9 marqu\u00e9e par l&rsquo;adoption d&rsquo;une grille d&rsquo;\u00e9valuation assez proche de la grille mondialement reconnue\u00a0\u00bb, laquelle a \u00e9t\u00e9 mise en place \u00ab\u00a0en r\u00e9ponse aux pr\u00e9occupations des enseignants et des chercheurs\u00a0\u00bb. Dans le m\u00eame contexte, il a rappel\u00e9 que \u00ab\u00a0les nouveaux crit\u00e8res de promotion ont \u00e9t\u00e9 appliqu\u00e9s \u00e0 tous les candidats, en tenant compte de la sp\u00e9cificit\u00e9 des domaines de formation et de la nature des recherches et des sp\u00e9cialisations dans les sciences et technologies, d&rsquo;une part, et sciences humaines et sociales d&rsquo;autre part\u00a0\u00bb.<\/p>\n\n\n\n<p>L&rsquo;utilisation de la num\u00e9risation dans toutes les \u00e9tapes de l&rsquo;op\u00e9ration de promotion a contribu\u00e9 au succ\u00e8s de cette session et \u00e0 la consolidation du principe de transparence et de qualit\u00e9 dans le traitement des dossiers des candidats, \u00ab\u00a0en facilitant et en simplifiant les d\u00e9marches\u00a0\u00bb pour les candidats et experts, a-t-il ajout\u00e9. Benziane a affirm\u00e9 qu&rsquo;en d\u00e9pit de la mise \u00e0 jour de la grille d&rsquo;\u00e9valuation nationale, le nombre de candidats et d&rsquo;enseignants promus a doubl\u00e9 par rapport aux sessions pr\u00e9c\u00e9dentes, gr\u00e2ce \u00e0 \u00ab\u00a0la num\u00e9risation des diff\u00e9rentes \u00e9tapes de ces promotions et \u00e0 l&rsquo;implication de la famille universitaire dans ce processus\u00a0\u00bb. A cette occasion, le ministre a appel\u00e9 les enseignants \u00e0 \u00ab\u00a0doubler d&rsquo;efforts et pers\u00e9v\u00e9rer dans le travail et la recherche afin de relever les d\u00e9fis et contribuer \u00e0 l&rsquo;am\u00e9lioration de la qualit\u00e9 de l&rsquo;enseignement sup\u00e9rieur et de la recherche scientifique\u00a0\u00bb.&nbsp;&nbsp;<\/p>\n\n\n\n<p>APS<\/p>\n","protected":false},"excerpt":{"rendered":"<p>Le ministre de l&rsquo;Enseignement sup\u00e9rieur et de la Recherche scientifique, Abdelbaki Benziane a affirm\u00e9, hier \u00e0 Alger, que 27.780 enseignants<\/p>\n","protected":false},"author":3,"featured_media":23953,"comment_status":"open","ping_status":"closed","sticky":false,"template":"","format":"standard","meta":{"colormag_page_container_layout":"default_layout","colormag_page_sidebar_layout":"default_layout","om_disable_all_campaigns":false,"_monsterinsights_skip_tracking":false,"_monsterinsights_sitenote_active":false,"_monsterinsights_sitenote_note":"","_monsterinsights_sitenote_category":0,"footnotes":"","_wpscppro_dont_share_socialmedia":false,"_wpscppro_custom_social_share_image":0,"_facebook_share_type":"","_twitter_share_type":"","_linkedin_share_type":"","_pinterest_share_type":"","_linkedin_share_type_page":"","_instagram_share_type":"","_medium_share_type":"","_threads_share_type":"","_google_business_share_type":"","_selected_social_profile":[],"_wpsp_enable_custom_social_template":false,"_wpsp_social_scheduling":{"enabled":false,"datetime":null,"platforms":[],"status":"template_only","dateOption":"today","timeOption":"now","customDays":"","customHours":"","customDate":"","customTime":"","schedulingType":"absolute"},"_wpsp_active_default_template":true},"categories":[27],"tags":[],"class_list":["post-23948","post","type-post","status-publish","format-standard","has-post-thumbnail","hentry","category-actualite"],"aioseo_notices":[],"yoast_head":"<!-- This site is optimized with the Yoast SEO plugin v27.5 - https:\/\/yoast.com\/product\/yoast-seo-wordpress\/ -->\n<title>Universit\u00e9\u00a0: 47% du Personnel enseignant permanent sont des \u00ab\u00a0professeurs de rang sup\u00e9rieur\u00a0\u00bb - La Sentinelle<\/title>\n<meta name=\"robots\" content=\"index, follow, max-snippet:-1, max-image-preview:large, max-video-preview:-1\" \/>\n<link rel=\"canonical\" href=\"https:\/\/lasentinelle.dz\/index.php\/2022\/07\/12\/universite-47-du-personnel-enseignant-permanent-sont-des-professeurs-de-rang-superieur\/\" \/>\n<meta property=\"og:locale\" content=\"fr_FR\" \/>\n<meta property=\"og:type\" content=\"article\" \/>\n<meta property=\"og:title\" content=\"Universit\u00e9\u00a0: 47% du Personnel enseignant permanent sont des \u00ab\u00a0professeurs de rang sup\u00e9rieur\u00a0\u00bb - La Sentinelle\" \/>\n<meta property=\"og:description\" content=\"Le ministre de l&rsquo;Enseignement sup\u00e9rieur et de la Recherche scientifique, Abdelbaki Benziane a affirm\u00e9, hier \u00e0 Alger, que 27.780 enseignants\" \/>\n<meta property=\"og:url\" content=\"https:\/\/lasentinelle.dz\/index.php\/2022\/07\/12\/universite-47-du-personnel-enseignant-permanent-sont-des-professeurs-de-rang-superieur\/\" \/>\n<meta property=\"og:site_name\" content=\"La Sentinelle\" \/>\n<meta property=\"article:publisher\" content=\"https:\/\/www.facebook.com\/La-Sentinelle-104059864394773\" \/>\n<meta property=\"article:published_time\" content=\"2022-07-11T23:01:00+00:00\" \/>\n<meta property=\"og:image\" content=\"https:\/\/lasentinelle.dz\/wp-content\/uploads\/2022\/07\/d016805fc491bc751746f3c98b311fff_L.jpg\" \/>\n\t<meta property=\"og:image:width\" content=\"855\" \/>\n\t<meta property=\"og:image:height\" content=\"516\" \/>\n\t<meta property=\"og:image:type\" content=\"image\/jpeg\" \/>\n<meta name=\"author\" content=\"La Sentinelle\" \/>\n<meta name=\"twitter:card\" content=\"summary_large_image\" \/>\n<meta name=\"twitter:label1\" content=\"\u00c9crit par\" \/>\n\t<meta name=\"twitter:data1\" content=\"La Sentinelle\" \/>\n\t<meta name=\"twitter:label2\" content=\"Dur\u00e9e de lecture estim\u00e9e\" \/>\n\t<meta name=\"twitter:data2\" content=\"2 minutes\" \/>\n<script type=\"application\/ld+json\" class=\"yoast-schema-graph\">{\"@context\":\"https:\\\/\\\/schema.org\",\"@graph\":[{\"@type\":\"Article\",\"@id\":\"https:\\\/\\\/lasentinelle.dz\\\/index.php\\\/2022\\\/07\\\/12\\\/universite-47-du-personnel-enseignant-permanent-sont-des-professeurs-de-rang-superieur\\\/#article\",\"isPartOf\":{\"@id\":\"https:\\\/\\\/lasentinelle.dz\\\/index.php\\\/2022\\\/07\\\/12\\\/universite-47-du-personnel-enseignant-permanent-sont-des-professeurs-de-rang-superieur\\\/\"},\"author\":{\"name\":\"La Sentinelle\",\"@id\":\"https:\\\/\\\/lasentinelle.dz\\\/#\\\/schema\\\/person\\\/d865044e22e70a75174ce8bcad3acfb3\"},\"headline\":\"Universit\u00e9\u00a0: 47% du Personnel enseignant permanent sont des \u00ab\u00a0professeurs de rang sup\u00e9rieur\u00a0\u00bb\",\"datePublished\":\"2022-07-11T23:01:00+00:00\",\"mainEntityOfPage\":{\"@id\":\"https:\\\/\\\/lasentinelle.dz\\\/index.php\\\/2022\\\/07\\\/12\\\/universite-47-du-personnel-enseignant-permanent-sont-des-professeurs-de-rang-superieur\\\/\"},\"wordCount\":379,\"commentCount\":0,\"publisher\":{\"@id\":\"https:\\\/\\\/lasentinelle.dz\\\/#organization\"},\"image\":{\"@id\":\"https:\\\/\\\/lasentinelle.dz\\\/index.php\\\/2022\\\/07\\\/12\\\/universite-47-du-personnel-enseignant-permanent-sont-des-professeurs-de-rang-superieur\\\/#primaryimage\"},\"thumbnailUrl\":\"https:\\\/\\\/lasentinelle.dz\\\/wp-content\\\/uploads\\\/2022\\\/07\\\/d016805fc491bc751746f3c98b311fff_L.jpg\",\"articleSection\":[\"Actualit\u00e9\"],\"inLanguage\":\"fr-FR\",\"potentialAction\":[{\"@type\":\"CommentAction\",\"name\":\"Comment\",\"target\":[\"https:\\\/\\\/lasentinelle.dz\\\/index.php\\\/2022\\\/07\\\/12\\\/universite-47-du-personnel-enseignant-permanent-sont-des-professeurs-de-rang-superieur\\\/#respond\"]}]},{\"@type\":\"WebPage\",\"@id\":\"https:\\\/\\\/lasentinelle.dz\\\/index.php\\\/2022\\\/07\\\/12\\\/universite-47-du-personnel-enseignant-permanent-sont-des-professeurs-de-rang-superieur\\\/\",\"url\":\"https:\\\/\\\/lasentinelle.dz\\\/index.php\\\/2022\\\/07\\\/12\\\/universite-47-du-personnel-enseignant-permanent-sont-des-professeurs-de-rang-superieur\\\/\",\"name\":\"Universit\u00e9\u00a0: 47% du Personnel enseignant permanent sont des \u00ab\u00a0professeurs de rang sup\u00e9rieur\u00a0\u00bb - La Sentinelle\",\"isPartOf\":{\"@id\":\"https:\\\/\\\/lasentinelle.dz\\\/#website\"},\"primaryImageOfPage\":{\"@id\":\"https:\\\/\\\/lasentinelle.dz\\\/index.php\\\/2022\\\/07\\\/12\\\/universite-47-du-personnel-enseignant-permanent-sont-des-professeurs-de-rang-superieur\\\/#primaryimage\"},\"image\":{\"@id\":\"https:\\\/\\\/lasentinelle.dz\\\/index.php\\\/2022\\\/07\\\/12\\\/universite-47-du-personnel-enseignant-permanent-sont-des-professeurs-de-rang-superieur\\\/#primaryimage\"},\"thumbnailUrl\":\"https:\\\/\\\/lasentinelle.dz\\\/wp-content\\\/uploads\\\/2022\\\/07\\\/d016805fc491bc751746f3c98b311fff_L.jpg\",\"datePublished\":\"2022-07-11T23:01:00+00:00\",\"breadcrumb\":{\"@id\":\"https:\\\/\\\/lasentinelle.dz\\\/index.php\\\/2022\\\/07\\\/12\\\/universite-47-du-personnel-enseignant-permanent-sont-des-professeurs-de-rang-superieur\\\/#breadcrumb\"},\"inLanguage\":\"fr-FR\",\"potentialAction\":[{\"@type\":\"ReadAction\",\"target\":[\"https:\\\/\\\/lasentinelle.dz\\\/index.php\\\/2022\\\/07\\\/12\\\/universite-47-du-personnel-enseignant-permanent-sont-des-professeurs-de-rang-superieur\\\/\"]}]},{\"@type\":\"ImageObject\",\"inLanguage\":\"fr-FR\",\"@id\":\"https:\\\/\\\/lasentinelle.dz\\\/index.php\\\/2022\\\/07\\\/12\\\/universite-47-du-personnel-enseignant-permanent-sont-des-professeurs-de-rang-superieur\\\/#primaryimage\",\"url\":\"https:\\\/\\\/lasentinelle.dz\\\/wp-content\\\/uploads\\\/2022\\\/07\\\/d016805fc491bc751746f3c98b311fff_L.jpg\",\"contentUrl\":\"https:\\\/\\\/lasentinelle.dz\\\/wp-content\\\/uploads\\\/2022\\\/07\\\/d016805fc491bc751746f3c98b311fff_L.jpg\",\"width\":855,\"height\":516},{\"@type\":\"BreadcrumbList\",\"@id\":\"https:\\\/\\\/lasentinelle.dz\\\/index.php\\\/2022\\\/07\\\/12\\\/universite-47-du-personnel-enseignant-permanent-sont-des-professeurs-de-rang-superieur\\\/#breadcrumb\",\"itemListElement\":[{\"@type\":\"ListItem\",\"position\":1,\"name\":\"Accueil\",\"item\":\"https:\\\/\\\/lasentinelle.dz\\\/\"},{\"@type\":\"ListItem\",\"position\":2,\"name\":\"Universit\u00e9\u00a0: 47% du Personnel enseignant permanent sont des \u00ab\u00a0professeurs de rang sup\u00e9rieur\u00a0\u00bb\"}]},{\"@type\":\"WebSite\",\"@id\":\"https:\\\/\\\/lasentinelle.dz\\\/#website\",\"url\":\"https:\\\/\\\/lasentinelle.dz\\\/\",\"name\":\"La Sentinelle\",\"description\":\"Quotidien national d&#039;information\",\"publisher\":{\"@id\":\"https:\\\/\\\/lasentinelle.dz\\\/#organization\"},\"potentialAction\":[{\"@type\":\"SearchAction\",\"target\":{\"@type\":\"EntryPoint\",\"urlTemplate\":\"https:\\\/\\\/lasentinelle.dz\\\/?s={search_term_string}\"},\"query-input\":{\"@type\":\"PropertyValueSpecification\",\"valueRequired\":true,\"valueName\":\"search_term_string\"}}],\"inLanguage\":\"fr-FR\"},{\"@type\":\"Organization\",\"@id\":\"https:\\\/\\\/lasentinelle.dz\\\/#organization\",\"name\":\"Quotidien La Sentinelle\",\"url\":\"https:\\\/\\\/lasentinelle.dz\\\/\",\"logo\":{\"@type\":\"ImageObject\",\"inLanguage\":\"fr-FR\",\"@id\":\"https:\\\/\\\/lasentinelle.dz\\\/#\\\/schema\\\/logo\\\/image\\\/\",\"url\":\"https:\\\/\\\/lasentinelle.dz\\\/wp-content\\\/uploads\\\/2021\\\/09\\\/logo-sentinelleSLOGAN-1.png\",\"contentUrl\":\"https:\\\/\\\/lasentinelle.dz\\\/wp-content\\\/uploads\\\/2021\\\/09\\\/logo-sentinelleSLOGAN-1.png\",\"width\":615,\"height\":142,\"caption\":\"Quotidien La Sentinelle\"},\"image\":{\"@id\":\"https:\\\/\\\/lasentinelle.dz\\\/#\\\/schema\\\/logo\\\/image\\\/\"},\"sameAs\":[\"https:\\\/\\\/www.facebook.com\\\/La-Sentinelle-104059864394773\"]},{\"@type\":\"Person\",\"@id\":\"https:\\\/\\\/lasentinelle.dz\\\/#\\\/schema\\\/person\\\/d865044e22e70a75174ce8bcad3acfb3\",\"name\":\"La Sentinelle\",\"image\":{\"@type\":\"ImageObject\",\"inLanguage\":\"fr-FR\",\"@id\":\"https:\\\/\\\/secure.gravatar.com\\\/avatar\\\/57de8e5d4b15d43fb361a71fbb36338450fe67865b528a43dd10ef7c51a20392?s=96&d=mm&r=g\",\"url\":\"https:\\\/\\\/secure.gravatar.com\\\/avatar\\\/57de8e5d4b15d43fb361a71fbb36338450fe67865b528a43dd10ef7c51a20392?s=96&d=mm&r=g\",\"contentUrl\":\"https:\\\/\\\/secure.gravatar.com\\\/avatar\\\/57de8e5d4b15d43fb361a71fbb36338450fe67865b528a43dd10ef7c51a20392?s=96&d=mm&r=g\",\"caption\":\"La Sentinelle\"},\"sameAs\":[\"http:\\\/\\\/www.lasentinelle.dz\"],\"url\":\"https:\\\/\\\/lasentinelle.dz\\\/author\\\/redaction\\\/\"}]}<\/script>\n<!-- \/ Yoast SEO plugin. -->","yoast_head_json":{"title":"Universit\u00e9\u00a0: 47% du Personnel enseignant permanent sont des \u00ab\u00a0professeurs de rang sup\u00e9rieur\u00a0\u00bb - La Sentinelle","robots":{"index":"index","follow":"follow","max-snippet":"max-snippet:-1","max-image-preview":"max-image-preview:large","max-video-preview":"max-video-preview:-1"},"canonical":"https:\/\/lasentinelle.dz\/index.php\/2022\/07\/12\/universite-47-du-personnel-enseignant-permanent-sont-des-professeurs-de-rang-superieur\/","og_locale":"fr_FR","og_type":"article","og_title":"Universit\u00e9\u00a0: 47% du Personnel enseignant permanent sont des \u00ab\u00a0professeurs de rang sup\u00e9rieur\u00a0\u00bb - La Sentinelle","og_description":"Le ministre de l&rsquo;Enseignement sup\u00e9rieur et de la Recherche scientifique, Abdelbaki Benziane a affirm\u00e9, hier \u00e0 Alger, que 27.780 enseignants","og_url":"https:\/\/lasentinelle.dz\/index.php\/2022\/07\/12\/universite-47-du-personnel-enseignant-permanent-sont-des-professeurs-de-rang-superieur\/","og_site_name":"La Sentinelle","article_publisher":"https:\/\/www.facebook.com\/La-Sentinelle-104059864394773","article_published_time":"2022-07-11T23:01:00+00:00","og_image":[{"width":855,"height":516,"url":"https:\/\/lasentinelle.dz\/wp-content\/uploads\/2022\/07\/d016805fc491bc751746f3c98b311fff_L.jpg","type":"image\/jpeg"}],"author":"La Sentinelle","twitter_card":"summary_large_image","twitter_misc":{"\u00c9crit par":"La Sentinelle","Dur\u00e9e de lecture estim\u00e9e":"2 minutes"},"schema":{"@context":"https:\/\/schema.org","@graph":[{"@type":"Article","@id":"https:\/\/lasentinelle.dz\/index.php\/2022\/07\/12\/universite-47-du-personnel-enseignant-permanent-sont-des-professeurs-de-rang-superieur\/#article","isPartOf":{"@id":"https:\/\/lasentinelle.dz\/index.php\/2022\/07\/12\/universite-47-du-personnel-enseignant-permanent-sont-des-professeurs-de-rang-superieur\/"},"author":{"name":"La Sentinelle","@id":"https:\/\/lasentinelle.dz\/#\/schema\/person\/d865044e22e70a75174ce8bcad3acfb3"},"headline":"Universit\u00e9\u00a0: 47% du Personnel enseignant permanent sont des \u00ab\u00a0professeurs de rang sup\u00e9rieur\u00a0\u00bb","datePublished":"2022-07-11T23:01:00+00:00","mainEntityOfPage":{"@id":"https:\/\/lasentinelle.dz\/index.php\/2022\/07\/12\/universite-47-du-personnel-enseignant-permanent-sont-des-professeurs-de-rang-superieur\/"},"wordCount":379,"commentCount":0,"publisher":{"@id":"https:\/\/lasentinelle.dz\/#organization"},"image":{"@id":"https:\/\/lasentinelle.dz\/index.php\/2022\/07\/12\/universite-47-du-personnel-enseignant-permanent-sont-des-professeurs-de-rang-superieur\/#primaryimage"},"thumbnailUrl":"https:\/\/lasentinelle.dz\/wp-content\/uploads\/2022\/07\/d016805fc491bc751746f3c98b311fff_L.jpg","articleSection":["Actualit\u00e9"],"inLanguage":"fr-FR","potentialAction":[{"@type":"CommentAction","name":"Comment","target":["https:\/\/lasentinelle.dz\/index.php\/2022\/07\/12\/universite-47-du-personnel-enseignant-permanent-sont-des-professeurs-de-rang-superieur\/#respond"]}]},{"@type":"WebPage","@id":"https:\/\/lasentinelle.dz\/index.php\/2022\/07\/12\/universite-47-du-personnel-enseignant-permanent-sont-des-professeurs-de-rang-superieur\/","url":"https:\/\/lasentinelle.dz\/index.php\/2022\/07\/12\/universite-47-du-personnel-enseignant-permanent-sont-des-professeurs-de-rang-superieur\/","name":"Universit\u00e9\u00a0: 47% du Personnel enseignant permanent sont des \u00ab\u00a0professeurs de rang sup\u00e9rieur\u00a0\u00bb - La Sentinelle","isPartOf":{"@id":"https:\/\/lasentinelle.dz\/#website"},"primaryImageOfPage":{"@id":"https:\/\/lasentinelle.dz\/index.php\/2022\/07\/12\/universite-47-du-personnel-enseignant-permanent-sont-des-professeurs-de-rang-superieur\/#primaryimage"},"image":{"@id":"https:\/\/lasentinelle.dz\/index.php\/2022\/07\/12\/universite-47-du-personnel-enseignant-permanent-sont-des-professeurs-de-rang-superieur\/#primaryimage"},"thumbnailUrl":"https:\/\/lasentinelle.dz\/wp-content\/uploads\/2022\/07\/d016805fc491bc751746f3c98b311fff_L.jpg","datePublished":"2022-07-11T23:01:00+00:00","breadcrumb":{"@id":"https:\/\/lasentinelle.dz\/index.php\/2022\/07\/12\/universite-47-du-personnel-enseignant-permanent-sont-des-professeurs-de-rang-superieur\/#breadcrumb"},"inLanguage":"fr-FR","potentialAction":[{"@type":"ReadAction","target":["https:\/\/lasentinelle.dz\/index.php\/2022\/07\/12\/universite-47-du-personnel-enseignant-permanent-sont-des-professeurs-de-rang-superieur\/"]}]},{"@type":"ImageObject","inLanguage":"fr-FR","@id":"https:\/\/lasentinelle.dz\/index.php\/2022\/07\/12\/universite-47-du-personnel-enseignant-permanent-sont-des-professeurs-de-rang-superieur\/#primaryimage","url":"https:\/\/lasentinelle.dz\/wp-content\/uploads\/2022\/07\/d016805fc491bc751746f3c98b311fff_L.jpg","contentUrl":"https:\/\/lasentinelle.dz\/wp-content\/uploads\/2022\/07\/d016805fc491bc751746f3c98b311fff_L.jpg","width":855,"height":516},{"@type":"BreadcrumbList","@id":"https:\/\/lasentinelle.dz\/index.php\/2022\/07\/12\/universite-47-du-personnel-enseignant-permanent-sont-des-professeurs-de-rang-superieur\/#breadcrumb","itemListElement":[{"@type":"ListItem","position":1,"name":"Accueil","item":"https:\/\/lasentinelle.dz\/"},{"@type":"ListItem","position":2,"name":"Universit\u00e9\u00a0: 47% du Personnel enseignant permanent sont des \u00ab\u00a0professeurs de rang sup\u00e9rieur\u00a0\u00bb"}]},{"@type":"WebSite","@id":"https:\/\/lasentinelle.dz\/#website","url":"https:\/\/lasentinelle.dz\/","name":"La Sentinelle","description":"Quotidien national d&#039;information","publisher":{"@id":"https:\/\/lasentinelle.dz\/#organization"},"potentialAction":[{"@type":"SearchAction","target":{"@type":"EntryPoint","urlTemplate":"https:\/\/lasentinelle.dz\/?s={search_term_string}"},"query-input":{"@type":"PropertyValueSpecification","valueRequired":true,"valueName":"search_term_string"}}],"inLanguage":"fr-FR"},{"@type":"Organization","@id":"https:\/\/lasentinelle.dz\/#organization","name":"Quotidien La Sentinelle","url":"https:\/\/lasentinelle.dz\/","logo":{"@type":"ImageObject","inLanguage":"fr-FR","@id":"https:\/\/lasentinelle.dz\/#\/schema\/logo\/image\/","url":"https:\/\/lasentinelle.dz\/wp-content\/uploads\/2021\/09\/logo-sentinelleSLOGAN-1.png","contentUrl":"https:\/\/lasentinelle.dz\/wp-content\/uploads\/2021\/09\/logo-sentinelleSLOGAN-1.png","width":615,"height":142,"caption":"Quotidien La Sentinelle"},"image":{"@id":"https:\/\/lasentinelle.dz\/#\/schema\/logo\/image\/"},"sameAs":["https:\/\/www.facebook.com\/La-Sentinelle-104059864394773"]},{"@type":"Person","@id":"https:\/\/lasentinelle.dz\/#\/schema\/person\/d865044e22e70a75174ce8bcad3acfb3","name":"La Sentinelle","image":{"@type":"ImageObject","inLanguage":"fr-FR","@id":"https:\/\/secure.gravatar.com\/avatar\/57de8e5d4b15d43fb361a71fbb36338450fe67865b528a43dd10ef7c51a20392?s=96&d=mm&r=g","url":"https:\/\/secure.gravatar.com\/avatar\/57de8e5d4b15d43fb361a71fbb36338450fe67865b528a43dd10ef7c51a20392?s=96&d=mm&r=g","contentUrl":"https:\/\/secure.gravatar.com\/avatar\/57de8e5d4b15d43fb361a71fbb36338450fe67865b528a43dd10ef7c51a20392?s=96&d=mm&r=g","caption":"La Sentinelle"},"sameAs":["http:\/\/www.lasentinelle.dz"],"url":"https:\/\/lasentinelle.dz\/author\/redaction\/"}]}},"_links":{"self":[{"href":"https:\/\/lasentinelle.dz\/index.php\/wp-json\/wp\/v2\/posts\/23948","targetHints":{"allow":["GET"]}}],"collection":[{"href":"https:\/\/lasentinelle.dz\/index.php\/wp-json\/wp\/v2\/posts"}],"about":[{"href":"https:\/\/lasentinelle.dz\/index.php\/wp-json\/wp\/v2\/types\/post"}],"author":[{"embeddable":true,"href":"https:\/\/lasentinelle.dz\/index.php\/wp-json\/wp\/v2\/users\/3"}],"replies":[{"embeddable":true,"href":"https:\/\/lasentinelle.dz\/index.php\/wp-json\/wp\/v2\/comments?post=23948"}],"version-history":[{"count":1,"href":"https:\/\/lasentinelle.dz\/index.php\/wp-json\/wp\/v2\/posts\/23948\/revisions"}],"predecessor-version":[{"id":23956,"href":"https:\/\/lasentinelle.dz\/index.php\/wp-json\/wp\/v2\/posts\/23948\/revisions\/23956"}],"wp:featuredmedia":[{"embeddable":true,"href":"https:\/\/lasentinelle.dz\/index.php\/wp-json\/wp\/v2\/media\/23953"}],"wp:attachment":[{"href":"https:\/\/lasentinelle.dz\/index.php\/wp-json\/wp\/v2\/media?parent=23948"}],"wp:term":[{"taxonomy":"category","embeddable":true,"href":"https:\/\/lasentinelle.dz\/index.php\/wp-json\/wp\/v2\/categories?post=23948"},{"taxonomy":"post_tag","embeddable":true,"href":"https:\/\/lasentinelle.dz\/index.php\/wp-json\/wp\/v2\/tags?post=23948"}],"curies":[{"name":"wp","href":"https:\/\/api.w.org\/{rel}","templated":true}]}}