{"id":24026,"date":"2022-07-13T00:01:00","date_gmt":"2022-07-12T23:01:00","guid":{"rendered":"https:\/\/lasentinelle.dz\/?p=24026"},"modified":"2022-07-12T17:34:05","modified_gmt":"2022-07-12T16:34:05","slug":"lutte-contre-les-feux-de-foret-4-applications-numeriques-mises-en-place","status":"publish","type":"post","link":"https:\/\/lasentinelle.dz\/index.php\/2022\/07\/13\/lutte-contre-les-feux-de-foret-4-applications-numeriques-mises-en-place\/","title":{"rendered":"Lutte contre les feux de for\u00eat\u00a0:\u00a04\u00a0applications\u00a0num\u00e9riques mises en place"},"content":{"rendered":"\n<p>Le Directeur du Centre&nbsp;national des&nbsp;technologies&nbsp;spatiales d\u2019Arzew dans la wilaya d\u2019Oran,&nbsp;&nbsp;Habib Mahi a affirm\u00e9 lundi \u00e0 Ain Temouchent que son institution \u00ab\u0153uvre pour la mise en place&nbsp;d\u2019une cartographie des&nbsp;zones menac\u00e9es par les crues, les inondations et les feux de for\u00eat\u00bb. Intervenant lors des travaux d\u2019une journ\u00e9e d\u2019\u00e9tude d\u00e9di\u00e9eau R\u00e9f\u00e9rentiel national d\u2019adressage, Mahi a soulign\u00e9 que \u00able Centre national pour les technologies spatiales d\u2019Arzew de l\u2019Agence spatiale alg\u00e9rienne travaillent&nbsp;de concert&nbsp;\u00e0 travers un certain nombre de conventions avec les collectivit\u00e9s locales et un certain nombre de secteurs pour fournir des cartes d\u00e9taill\u00e9es identifiant les zones menac\u00e9es par les inondations et les feux de for\u00eat\u00bb. Il a ajout\u00e9 que \u00abces cartes d\u00e9taill\u00e9es reproduites \u00e0 partir de l\u2019imagerie satellitaire alg\u00e9rienne peuvent \u00eatre utilis\u00e9es dans les projets de d\u00e9veloppement au niveau des zones menac\u00e9es par les inondations et permettent \u00e9galement la pr\u00e9paration de plans d\u2019intervention\u00bb. L\u2019intervenant a \u00e9galement&nbsp;annonc\u00e9&nbsp;\u00able d\u00e9veloppement de quatre applications num\u00e9riques bas\u00e9es sur le syst\u00e8me d\u2019information g\u00e9ographique\u00bb. La premi\u00e8re permet d\u2019identifier&nbsp;les circuits raccourcis pour les mouvements&nbsp;et la seconde permet de suivre le d\u00e9veloppement des zones d\u2019ombre. La troisi\u00e8me application assure le suivi de la dynamique urbaine \u00e0 travers les municipalit\u00e9s, ainsi qu\u2019un syst\u00e8me de visites virtuelles dans un certain nombre de zones arch\u00e9ologiques et touristiques. Le professeur de recherche du Centre&nbsp;national des&nbsp;technologies&nbsp;spatiales d\u2019Arzew Kamal Si Youcef, a not\u00e9 que \u00abces quatre applications fonctionnent m\u00e9caniquement et d\u00e9pendent des donn\u00e9es que nous leur fournissons\u00bb. Car a-t-il expliqu\u00e9, le processus de r\u00e9f\u00e9renciation est essentiel dans le fonctionnement de ces applications num\u00e9riques. \u00abElles contribuent grandement au suivi du d\u00e9veloppement des communaut\u00e9s locales\u00bb, a-t-il soulign\u00e9. Le Secr\u00e9taire g\u00e9n\u00e9ral de la wilaya d\u2019Ain Temouchent, Sami Medjoubi, a soulign\u00e9 que \u00able r\u00e9f\u00e9rentiel&nbsp;est l\u2019un des \u00e9l\u00e9ments cl\u00e9s&nbsp;du chantier&nbsp;de modernisation initi\u00e9 par le&nbsp;minist\u00e8re de l\u2019Int\u00e9rieur, les groupes locaux et l\u2019urbanisation pour atteindre un syst\u00e8me national unique et int\u00e9gr\u00e9 d\u2019adressage qui permet une identification g\u00e9ospatiale pr\u00e9cise et contribue \u00e0 l\u2019introduction des r\u00e9gions et des services au d\u00e9veloppement local\u00bb. \u00abCompte tenu de l\u2019importance du processus&nbsp;de r\u00e9frentiel, des rencontres formatives seront organis\u00e9es d\u2019ici la fin du mois d\u2019ao\u00fbt pour tous les intervenants des communaut\u00e9s locales et aussi des secteurs pertinents\u00bb, a ajout\u00e9 l\u2019intervenant.&nbsp;<\/p>\n\n\n\n<p><strong>A.M<\/strong><strong>.<\/strong><\/p>\n","protected":false},"excerpt":{"rendered":"<p>Le Directeur du Centre&nbsp;national des&nbsp;technologies&nbsp;spatiales d\u2019Arzew dans la wilaya d\u2019Oran,&nbsp;&nbsp;Habib Mahi a affirm\u00e9 lundi \u00e0 Ain Temouchent que son institution<\/p>\n","protected":false},"author":3,"featured_media":24029,"comment_status":"open","ping_status":"closed","sticky":false,"template":"","format":"standard","meta":{"colormag_page_container_layout":"default_layout","colormag_page_sidebar_layout":"default_layout","om_disable_all_campaigns":false,"_monsterinsights_skip_tracking":false,"_monsterinsights_sitenote_active":false,"_monsterinsights_sitenote_note":"","_monsterinsights_sitenote_category":0,"footnotes":"","_wpscppro_dont_share_socialmedia":false,"_wpscppro_custom_social_share_image":0,"_facebook_share_type":"","_twitter_share_type":"","_linkedin_share_type":"","_pinterest_share_type":"","_linkedin_share_type_page":"","_instagram_share_type":"","_medium_share_type":"","_threads_share_type":"","_google_business_share_type":"","_selected_social_profile":[],"_wpsp_enable_custom_social_template":false,"_wpsp_social_scheduling":{"enabled":false,"datetime":null,"platforms":[],"status":"template_only","dateOption":"today","timeOption":"now","customDays":"","customHours":"","customDate":"","customTime":"","schedulingType":"absolute"},"_wpsp_active_default_template":true},"categories":[27],"tags":[],"class_list":["post-24026","post","type-post","status-publish","format-standard","has-post-thumbnail","hentry","category-actualite"],"aioseo_notices":[],"yoast_head":"<!-- This site is optimized with the Yoast SEO plugin v27.5 - https:\/\/yoast.com\/product\/yoast-seo-wordpress\/ -->\n<title>Lutte contre les feux de for\u00eat\u00a0:\u00a04\u00a0applications\u00a0num\u00e9riques mises en place - La Sentinelle<\/title>\n<meta name=\"robots\" content=\"index, follow, max-snippet:-1, max-image-preview:large, max-video-preview:-1\" \/>\n<link rel=\"canonical\" href=\"https:\/\/lasentinelle.dz\/index.php\/2022\/07\/13\/lutte-contre-les-feux-de-foret-4-applications-numeriques-mises-en-place\/\" \/>\n<meta property=\"og:locale\" content=\"fr_FR\" \/>\n<meta property=\"og:type\" content=\"article\" \/>\n<meta property=\"og:title\" content=\"Lutte contre les feux de for\u00eat\u00a0:\u00a04\u00a0applications\u00a0num\u00e9riques mises en place - La Sentinelle\" \/>\n<meta property=\"og:description\" content=\"Le Directeur du Centre&nbsp;national des&nbsp;technologies&nbsp;spatiales d\u2019Arzew dans la wilaya d\u2019Oran,&nbsp;&nbsp;Habib Mahi a affirm\u00e9 lundi \u00e0 Ain Temouchent que son institution\" \/>\n<meta property=\"og:url\" content=\"https:\/\/lasentinelle.dz\/index.php\/2022\/07\/13\/lutte-contre-les-feux-de-foret-4-applications-numeriques-mises-en-place\/\" \/>\n<meta property=\"og:site_name\" content=\"La Sentinelle\" \/>\n<meta property=\"article:publisher\" content=\"https:\/\/www.facebook.com\/La-Sentinelle-104059864394773\" \/>\n<meta property=\"article:published_time\" content=\"2022-07-12T23:01:00+00:00\" \/>\n<meta property=\"og:image\" content=\"https:\/\/lasentinelle.dz\/wp-content\/uploads\/2022\/07\/16a89efe2b8bf5e3fbb819e4625dda9d_L.jpg\" \/>\n\t<meta property=\"og:image:width\" content=\"855\" \/>\n\t<meta property=\"og:image:height\" content=\"516\" \/>\n\t<meta property=\"og:image:type\" content=\"image\/jpeg\" \/>\n<meta name=\"author\" content=\"La Sentinelle\" \/>\n<meta name=\"twitter:card\" content=\"summary_large_image\" \/>\n<meta name=\"twitter:label1\" content=\"\u00c9crit par\" \/>\n\t<meta name=\"twitter:data1\" content=\"La Sentinelle\" \/>\n\t<meta name=\"twitter:label2\" content=\"Dur\u00e9e de lecture estim\u00e9e\" \/>\n\t<meta name=\"twitter:data2\" content=\"2 minutes\" \/>\n<script type=\"application\/ld+json\" class=\"yoast-schema-graph\">{\"@context\":\"https:\\\/\\\/schema.org\",\"@graph\":[{\"@type\":\"Article\",\"@id\":\"https:\\\/\\\/lasentinelle.dz\\\/index.php\\\/2022\\\/07\\\/13\\\/lutte-contre-les-feux-de-foret-4-applications-numeriques-mises-en-place\\\/#article\",\"isPartOf\":{\"@id\":\"https:\\\/\\\/lasentinelle.dz\\\/index.php\\\/2022\\\/07\\\/13\\\/lutte-contre-les-feux-de-foret-4-applications-numeriques-mises-en-place\\\/\"},\"author\":{\"name\":\"La Sentinelle\",\"@id\":\"https:\\\/\\\/lasentinelle.dz\\\/#\\\/schema\\\/person\\\/d865044e22e70a75174ce8bcad3acfb3\"},\"headline\":\"Lutte contre les feux de for\u00eat\u00a0:\u00a04\u00a0applications\u00a0num\u00e9riques mises en place\",\"datePublished\":\"2022-07-12T23:01:00+00:00\",\"mainEntityOfPage\":{\"@id\":\"https:\\\/\\\/lasentinelle.dz\\\/index.php\\\/2022\\\/07\\\/13\\\/lutte-contre-les-feux-de-foret-4-applications-numeriques-mises-en-place\\\/\"},\"wordCount\":483,\"commentCount\":0,\"publisher\":{\"@id\":\"https:\\\/\\\/lasentinelle.dz\\\/#organization\"},\"image\":{\"@id\":\"https:\\\/\\\/lasentinelle.dz\\\/index.php\\\/2022\\\/07\\\/13\\\/lutte-contre-les-feux-de-foret-4-applications-numeriques-mises-en-place\\\/#primaryimage\"},\"thumbnailUrl\":\"https:\\\/\\\/lasentinelle.dz\\\/wp-content\\\/uploads\\\/2022\\\/07\\\/16a89efe2b8bf5e3fbb819e4625dda9d_L.jpg\",\"articleSection\":[\"Actualit\u00e9\"],\"inLanguage\":\"fr-FR\",\"potentialAction\":[{\"@type\":\"CommentAction\",\"name\":\"Comment\",\"target\":[\"https:\\\/\\\/lasentinelle.dz\\\/index.php\\\/2022\\\/07\\\/13\\\/lutte-contre-les-feux-de-foret-4-applications-numeriques-mises-en-place\\\/#respond\"]}]},{\"@type\":\"WebPage\",\"@id\":\"https:\\\/\\\/lasentinelle.dz\\\/index.php\\\/2022\\\/07\\\/13\\\/lutte-contre-les-feux-de-foret-4-applications-numeriques-mises-en-place\\\/\",\"url\":\"https:\\\/\\\/lasentinelle.dz\\\/index.php\\\/2022\\\/07\\\/13\\\/lutte-contre-les-feux-de-foret-4-applications-numeriques-mises-en-place\\\/\",\"name\":\"Lutte contre les feux de for\u00eat\u00a0:\u00a04\u00a0applications\u00a0num\u00e9riques mises en place - La Sentinelle\",\"isPartOf\":{\"@id\":\"https:\\\/\\\/lasentinelle.dz\\\/#website\"},\"primaryImageOfPage\":{\"@id\":\"https:\\\/\\\/lasentinelle.dz\\\/index.php\\\/2022\\\/07\\\/13\\\/lutte-contre-les-feux-de-foret-4-applications-numeriques-mises-en-place\\\/#primaryimage\"},\"image\":{\"@id\":\"https:\\\/\\\/lasentinelle.dz\\\/index.php\\\/2022\\\/07\\\/13\\\/lutte-contre-les-feux-de-foret-4-applications-numeriques-mises-en-place\\\/#primaryimage\"},\"thumbnailUrl\":\"https:\\\/\\\/lasentinelle.dz\\\/wp-content\\\/uploads\\\/2022\\\/07\\\/16a89efe2b8bf5e3fbb819e4625dda9d_L.jpg\",\"datePublished\":\"2022-07-12T23:01:00+00:00\",\"breadcrumb\":{\"@id\":\"https:\\\/\\\/lasentinelle.dz\\\/index.php\\\/2022\\\/07\\\/13\\\/lutte-contre-les-feux-de-foret-4-applications-numeriques-mises-en-place\\\/#breadcrumb\"},\"inLanguage\":\"fr-FR\",\"potentialAction\":[{\"@type\":\"ReadAction\",\"target\":[\"https:\\\/\\\/lasentinelle.dz\\\/index.php\\\/2022\\\/07\\\/13\\\/lutte-contre-les-feux-de-foret-4-applications-numeriques-mises-en-place\\\/\"]}]},{\"@type\":\"ImageObject\",\"inLanguage\":\"fr-FR\",\"@id\":\"https:\\\/\\\/lasentinelle.dz\\\/index.php\\\/2022\\\/07\\\/13\\\/lutte-contre-les-feux-de-foret-4-applications-numeriques-mises-en-place\\\/#primaryimage\",\"url\":\"https:\\\/\\\/lasentinelle.dz\\\/wp-content\\\/uploads\\\/2022\\\/07\\\/16a89efe2b8bf5e3fbb819e4625dda9d_L.jpg\",\"contentUrl\":\"https:\\\/\\\/lasentinelle.dz\\\/wp-content\\\/uploads\\\/2022\\\/07\\\/16a89efe2b8bf5e3fbb819e4625dda9d_L.jpg\",\"width\":855,\"height\":516},{\"@type\":\"BreadcrumbList\",\"@id\":\"https:\\\/\\\/lasentinelle.dz\\\/index.php\\\/2022\\\/07\\\/13\\\/lutte-contre-les-feux-de-foret-4-applications-numeriques-mises-en-place\\\/#breadcrumb\",\"itemListElement\":[{\"@type\":\"ListItem\",\"position\":1,\"name\":\"Accueil\",\"item\":\"https:\\\/\\\/lasentinelle.dz\\\/\"},{\"@type\":\"ListItem\",\"position\":2,\"name\":\"Lutte contre les feux de for\u00eat\u00a0:\u00a04\u00a0applications\u00a0num\u00e9riques mises en place\"}]},{\"@type\":\"WebSite\",\"@id\":\"https:\\\/\\\/lasentinelle.dz\\\/#website\",\"url\":\"https:\\\/\\\/lasentinelle.dz\\\/\",\"name\":\"La Sentinelle\",\"description\":\"Quotidien national d&#039;information\",\"publisher\":{\"@id\":\"https:\\\/\\\/lasentinelle.dz\\\/#organization\"},\"potentialAction\":[{\"@type\":\"SearchAction\",\"target\":{\"@type\":\"EntryPoint\",\"urlTemplate\":\"https:\\\/\\\/lasentinelle.dz\\\/?s={search_term_string}\"},\"query-input\":{\"@type\":\"PropertyValueSpecification\",\"valueRequired\":true,\"valueName\":\"search_term_string\"}}],\"inLanguage\":\"fr-FR\"},{\"@type\":\"Organization\",\"@id\":\"https:\\\/\\\/lasentinelle.dz\\\/#organization\",\"name\":\"Quotidien La Sentinelle\",\"url\":\"https:\\\/\\\/lasentinelle.dz\\\/\",\"logo\":{\"@type\":\"ImageObject\",\"inLanguage\":\"fr-FR\",\"@id\":\"https:\\\/\\\/lasentinelle.dz\\\/#\\\/schema\\\/logo\\\/image\\\/\",\"url\":\"https:\\\/\\\/lasentinelle.dz\\\/wp-content\\\/uploads\\\/2021\\\/09\\\/logo-sentinelleSLOGAN-1.png\",\"contentUrl\":\"https:\\\/\\\/lasentinelle.dz\\\/wp-content\\\/uploads\\\/2021\\\/09\\\/logo-sentinelleSLOGAN-1.png\",\"width\":615,\"height\":142,\"caption\":\"Quotidien La Sentinelle\"},\"image\":{\"@id\":\"https:\\\/\\\/lasentinelle.dz\\\/#\\\/schema\\\/logo\\\/image\\\/\"},\"sameAs\":[\"https:\\\/\\\/www.facebook.com\\\/La-Sentinelle-104059864394773\"]},{\"@type\":\"Person\",\"@id\":\"https:\\\/\\\/lasentinelle.dz\\\/#\\\/schema\\\/person\\\/d865044e22e70a75174ce8bcad3acfb3\",\"name\":\"La Sentinelle\",\"image\":{\"@type\":\"ImageObject\",\"inLanguage\":\"fr-FR\",\"@id\":\"https:\\\/\\\/secure.gravatar.com\\\/avatar\\\/57de8e5d4b15d43fb361a71fbb36338450fe67865b528a43dd10ef7c51a20392?s=96&d=mm&r=g\",\"url\":\"https:\\\/\\\/secure.gravatar.com\\\/avatar\\\/57de8e5d4b15d43fb361a71fbb36338450fe67865b528a43dd10ef7c51a20392?s=96&d=mm&r=g\",\"contentUrl\":\"https:\\\/\\\/secure.gravatar.com\\\/avatar\\\/57de8e5d4b15d43fb361a71fbb36338450fe67865b528a43dd10ef7c51a20392?s=96&d=mm&r=g\",\"caption\":\"La Sentinelle\"},\"sameAs\":[\"http:\\\/\\\/www.lasentinelle.dz\"],\"url\":\"https:\\\/\\\/lasentinelle.dz\\\/author\\\/redaction\\\/\"}]}<\/script>\n<!-- \/ Yoast SEO plugin. -->","yoast_head_json":{"title":"Lutte contre les feux de for\u00eat\u00a0:\u00a04\u00a0applications\u00a0num\u00e9riques mises en place - La Sentinelle","robots":{"index":"index","follow":"follow","max-snippet":"max-snippet:-1","max-image-preview":"max-image-preview:large","max-video-preview":"max-video-preview:-1"},"canonical":"https:\/\/lasentinelle.dz\/index.php\/2022\/07\/13\/lutte-contre-les-feux-de-foret-4-applications-numeriques-mises-en-place\/","og_locale":"fr_FR","og_type":"article","og_title":"Lutte contre les feux de for\u00eat\u00a0:\u00a04\u00a0applications\u00a0num\u00e9riques mises en place - La Sentinelle","og_description":"Le Directeur du Centre&nbsp;national des&nbsp;technologies&nbsp;spatiales d\u2019Arzew dans la wilaya d\u2019Oran,&nbsp;&nbsp;Habib Mahi a affirm\u00e9 lundi \u00e0 Ain Temouchent que son institution","og_url":"https:\/\/lasentinelle.dz\/index.php\/2022\/07\/13\/lutte-contre-les-feux-de-foret-4-applications-numeriques-mises-en-place\/","og_site_name":"La Sentinelle","article_publisher":"https:\/\/www.facebook.com\/La-Sentinelle-104059864394773","article_published_time":"2022-07-12T23:01:00+00:00","og_image":[{"width":855,"height":516,"url":"https:\/\/lasentinelle.dz\/wp-content\/uploads\/2022\/07\/16a89efe2b8bf5e3fbb819e4625dda9d_L.jpg","type":"image\/jpeg"}],"author":"La Sentinelle","twitter_card":"summary_large_image","twitter_misc":{"\u00c9crit par":"La Sentinelle","Dur\u00e9e de lecture estim\u00e9e":"2 minutes"},"schema":{"@context":"https:\/\/schema.org","@graph":[{"@type":"Article","@id":"https:\/\/lasentinelle.dz\/index.php\/2022\/07\/13\/lutte-contre-les-feux-de-foret-4-applications-numeriques-mises-en-place\/#article","isPartOf":{"@id":"https:\/\/lasentinelle.dz\/index.php\/2022\/07\/13\/lutte-contre-les-feux-de-foret-4-applications-numeriques-mises-en-place\/"},"author":{"name":"La Sentinelle","@id":"https:\/\/lasentinelle.dz\/#\/schema\/person\/d865044e22e70a75174ce8bcad3acfb3"},"headline":"Lutte contre les feux de for\u00eat\u00a0:\u00a04\u00a0applications\u00a0num\u00e9riques mises en place","datePublished":"2022-07-12T23:01:00+00:00","mainEntityOfPage":{"@id":"https:\/\/lasentinelle.dz\/index.php\/2022\/07\/13\/lutte-contre-les-feux-de-foret-4-applications-numeriques-mises-en-place\/"},"wordCount":483,"commentCount":0,"publisher":{"@id":"https:\/\/lasentinelle.dz\/#organization"},"image":{"@id":"https:\/\/lasentinelle.dz\/index.php\/2022\/07\/13\/lutte-contre-les-feux-de-foret-4-applications-numeriques-mises-en-place\/#primaryimage"},"thumbnailUrl":"https:\/\/lasentinelle.dz\/wp-content\/uploads\/2022\/07\/16a89efe2b8bf5e3fbb819e4625dda9d_L.jpg","articleSection":["Actualit\u00e9"],"inLanguage":"fr-FR","potentialAction":[{"@type":"CommentAction","name":"Comment","target":["https:\/\/lasentinelle.dz\/index.php\/2022\/07\/13\/lutte-contre-les-feux-de-foret-4-applications-numeriques-mises-en-place\/#respond"]}]},{"@type":"WebPage","@id":"https:\/\/lasentinelle.dz\/index.php\/2022\/07\/13\/lutte-contre-les-feux-de-foret-4-applications-numeriques-mises-en-place\/","url":"https:\/\/lasentinelle.dz\/index.php\/2022\/07\/13\/lutte-contre-les-feux-de-foret-4-applications-numeriques-mises-en-place\/","name":"Lutte contre les feux de for\u00eat\u00a0:\u00a04\u00a0applications\u00a0num\u00e9riques mises en place - La Sentinelle","isPartOf":{"@id":"https:\/\/lasentinelle.dz\/#website"},"primaryImageOfPage":{"@id":"https:\/\/lasentinelle.dz\/index.php\/2022\/07\/13\/lutte-contre-les-feux-de-foret-4-applications-numeriques-mises-en-place\/#primaryimage"},"image":{"@id":"https:\/\/lasentinelle.dz\/index.php\/2022\/07\/13\/lutte-contre-les-feux-de-foret-4-applications-numeriques-mises-en-place\/#primaryimage"},"thumbnailUrl":"https:\/\/lasentinelle.dz\/wp-content\/uploads\/2022\/07\/16a89efe2b8bf5e3fbb819e4625dda9d_L.jpg","datePublished":"2022-07-12T23:01:00+00:00","breadcrumb":{"@id":"https:\/\/lasentinelle.dz\/index.php\/2022\/07\/13\/lutte-contre-les-feux-de-foret-4-applications-numeriques-mises-en-place\/#breadcrumb"},"inLanguage":"fr-FR","potentialAction":[{"@type":"ReadAction","target":["https:\/\/lasentinelle.dz\/index.php\/2022\/07\/13\/lutte-contre-les-feux-de-foret-4-applications-numeriques-mises-en-place\/"]}]},{"@type":"ImageObject","inLanguage":"fr-FR","@id":"https:\/\/lasentinelle.dz\/index.php\/2022\/07\/13\/lutte-contre-les-feux-de-foret-4-applications-numeriques-mises-en-place\/#primaryimage","url":"https:\/\/lasentinelle.dz\/wp-content\/uploads\/2022\/07\/16a89efe2b8bf5e3fbb819e4625dda9d_L.jpg","contentUrl":"https:\/\/lasentinelle.dz\/wp-content\/uploads\/2022\/07\/16a89efe2b8bf5e3fbb819e4625dda9d_L.jpg","width":855,"height":516},{"@type":"BreadcrumbList","@id":"https:\/\/lasentinelle.dz\/index.php\/2022\/07\/13\/lutte-contre-les-feux-de-foret-4-applications-numeriques-mises-en-place\/#breadcrumb","itemListElement":[{"@type":"ListItem","position":1,"name":"Accueil","item":"https:\/\/lasentinelle.dz\/"},{"@type":"ListItem","position":2,"name":"Lutte contre les feux de for\u00eat\u00a0:\u00a04\u00a0applications\u00a0num\u00e9riques mises en place"}]},{"@type":"WebSite","@id":"https:\/\/lasentinelle.dz\/#website","url":"https:\/\/lasentinelle.dz\/","name":"La Sentinelle","description":"Quotidien national d&#039;information","publisher":{"@id":"https:\/\/lasentinelle.dz\/#organization"},"potentialAction":[{"@type":"SearchAction","target":{"@type":"EntryPoint","urlTemplate":"https:\/\/lasentinelle.dz\/?s={search_term_string}"},"query-input":{"@type":"PropertyValueSpecification","valueRequired":true,"valueName":"search_term_string"}}],"inLanguage":"fr-FR"},{"@type":"Organization","@id":"https:\/\/lasentinelle.dz\/#organization","name":"Quotidien La Sentinelle","url":"https:\/\/lasentinelle.dz\/","logo":{"@type":"ImageObject","inLanguage":"fr-FR","@id":"https:\/\/lasentinelle.dz\/#\/schema\/logo\/image\/","url":"https:\/\/lasentinelle.dz\/wp-content\/uploads\/2021\/09\/logo-sentinelleSLOGAN-1.png","contentUrl":"https:\/\/lasentinelle.dz\/wp-content\/uploads\/2021\/09\/logo-sentinelleSLOGAN-1.png","width":615,"height":142,"caption":"Quotidien La Sentinelle"},"image":{"@id":"https:\/\/lasentinelle.dz\/#\/schema\/logo\/image\/"},"sameAs":["https:\/\/www.facebook.com\/La-Sentinelle-104059864394773"]},{"@type":"Person","@id":"https:\/\/lasentinelle.dz\/#\/schema\/person\/d865044e22e70a75174ce8bcad3acfb3","name":"La Sentinelle","image":{"@type":"ImageObject","inLanguage":"fr-FR","@id":"https:\/\/secure.gravatar.com\/avatar\/57de8e5d4b15d43fb361a71fbb36338450fe67865b528a43dd10ef7c51a20392?s=96&d=mm&r=g","url":"https:\/\/secure.gravatar.com\/avatar\/57de8e5d4b15d43fb361a71fbb36338450fe67865b528a43dd10ef7c51a20392?s=96&d=mm&r=g","contentUrl":"https:\/\/secure.gravatar.com\/avatar\/57de8e5d4b15d43fb361a71fbb36338450fe67865b528a43dd10ef7c51a20392?s=96&d=mm&r=g","caption":"La Sentinelle"},"sameAs":["http:\/\/www.lasentinelle.dz"],"url":"https:\/\/lasentinelle.dz\/author\/redaction\/"}]}},"_links":{"self":[{"href":"https:\/\/lasentinelle.dz\/index.php\/wp-json\/wp\/v2\/posts\/24026","targetHints":{"allow":["GET"]}}],"collection":[{"href":"https:\/\/lasentinelle.dz\/index.php\/wp-json\/wp\/v2\/posts"}],"about":[{"href":"https:\/\/lasentinelle.dz\/index.php\/wp-json\/wp\/v2\/types\/post"}],"author":[{"embeddable":true,"href":"https:\/\/lasentinelle.dz\/index.php\/wp-json\/wp\/v2\/users\/3"}],"replies":[{"embeddable":true,"href":"https:\/\/lasentinelle.dz\/index.php\/wp-json\/wp\/v2\/comments?post=24026"}],"version-history":[{"count":1,"href":"https:\/\/lasentinelle.dz\/index.php\/wp-json\/wp\/v2\/posts\/24026\/revisions"}],"predecessor-version":[{"id":24030,"href":"https:\/\/lasentinelle.dz\/index.php\/wp-json\/wp\/v2\/posts\/24026\/revisions\/24030"}],"wp:featuredmedia":[{"embeddable":true,"href":"https:\/\/lasentinelle.dz\/index.php\/wp-json\/wp\/v2\/media\/24029"}],"wp:attachment":[{"href":"https:\/\/lasentinelle.dz\/index.php\/wp-json\/wp\/v2\/media?parent=24026"}],"wp:term":[{"taxonomy":"category","embeddable":true,"href":"https:\/\/lasentinelle.dz\/index.php\/wp-json\/wp\/v2\/categories?post=24026"},{"taxonomy":"post_tag","embeddable":true,"href":"https:\/\/lasentinelle.dz\/index.php\/wp-json\/wp\/v2\/tags?post=24026"}],"curies":[{"name":"wp","href":"https:\/\/api.w.org\/{rel}","templated":true}]}}