{"id":24034,"date":"2022-07-13T00:05:00","date_gmt":"2022-07-12T23:05:00","guid":{"rendered":"https:\/\/lasentinelle.dz\/?p=24034"},"modified":"2022-07-13T12:38:05","modified_gmt":"2022-07-13T11:38:05","slug":"projets-de-loi-sur-linvestissement-et-sur-la-reserve-militaire-la-derniere-ligne-droite","status":"publish","type":"post","link":"https:\/\/lasentinelle.dz\/index.php\/2022\/07\/13\/projets-de-loi-sur-linvestissement-et-sur-la-reserve-militaire-la-derniere-ligne-droite\/","title":{"rendered":"Projets de loi sur l\u2019investissement et sur la r\u00e9serve militaire\u00a0: La derni\u00e8re ligne droite"},"content":{"rendered":"\n<p>C\u2019est la derni\u00e8re ligne droite avant la cl\u00f4ture de la session parlementaire. Le Conseil de la Nation doit voter aujourd\u2019hui deux projets de loi, de dimension strat\u00e9gique, qui avait n\u00e9cessit\u00e9 le prolongement de la session parlementaire, avant la cl\u00f4ture officielle des d\u00e9bats annonc\u00e9e pour le 15 juillet.<\/p>\n\n\n\n<p>La Chambre haute du Parlement a annonc\u00e9 hier la tenue d\u2019une s\u00e9ance pl\u00e9ni\u00e8re consacr\u00e9e au vote des deux projets de loi relatifs \u00e0 l&rsquo;investissement et \u00e0 la r\u00e9serve militaire, en sus de deux autres textes secondaires.&nbsp;<\/p>\n\n\n\n<p>La s\u00e9ance pr\u00e9vue aujourd\u2019hui sera consacr\u00e9e \u00e0 \u00ab&nbsp;la pr\u00e9sentation des deux projets de loi par le repr\u00e9sentant du Gouvernement et des rapports sur ces derniers par la commission des affaires \u00e9conomiques et financi\u00e8res et la commission de la d\u00e9fense nationale, suivie des interventions des pr\u00e9sidents des groupes parlementaires&nbsp;\u00bb, a indiqu\u00e9 un communiqu\u00e9 du Conseil de la Nation.&nbsp;&nbsp;<\/p>\n\n\n\n<p>Les textes suivront donc le m\u00eame cheminement que celui suivi au niveau de l\u2019Assembl\u00e9e populaire nationale et seront donc examin\u00e9s et vot\u00e9s dans le cadre des proc\u00e9dures de d\u00e9bats restreint qui limite les d\u00e9bats aux seules interventions des pr\u00e9sidents des groupes parlementaires et sans amendements. Une proc\u00e9dure qui doit permettre l\u2019examen de ces deux textes par le Parlement avant la cl\u00f4ture de la session. Une session qui avait d\u2019ailleurs \u00e9t\u00e9 prolong\u00e9e dans la seule finalit\u00e9 de permettre le passage de ces deux textes, de dimension strat\u00e9gique et qui ne peuvent attendre la prochaine session parlementaire. Il est utile de rappeler, dans ce contexte, que la Constitution stipule dans son article 138 que \u00able Parlement si\u00e8ge en une session ordinaire par an, d&rsquo;une dur\u00e9e de 10 mois. Celle-ci commence le deuxi\u00e8me jour ouvrable du mois de septembre et se termine le dernier jour ouvrable du mois de juin&nbsp;\u00bb. La date de la cl\u00f4ture de la session parlementaire avait dans ce sens \u00e9t\u00e9 fix\u00e9e pour le 2 juillet en cours. Cependant, et \u00e0 l\u2019effet de finaliser l\u2019examen des textes \u00e0 l\u2019ordre du jour et notamment la loi sur l\u2019investissement et le texte sur la r\u00e9serve militaire, le Premier ministre A\u00efmene Benabderrahmane a demand\u00e9 un prolongement de la session parlementaire. Ce qui a \u00e9t\u00e9 consenti par les deux chambres du Parlement conform\u00e9ment aux dispositions de l&rsquo;article 4 de la loi organique 16-12 fixant l&rsquo;organisation et le fonctionnement de l&rsquo;APN et du Conseil de la nation, ainsi que les relations fonctionnelles entre les chambres du Parlement et le gouvernement.<\/p>\n\n\n\n<p>Le vote d\u2019aujourd\u2019hui permettra la promulgation des deux textes qui sont d\u2019ailleurs tr\u00e8s attendus. C\u2019est le cas notamment de la loi sur l\u2019investissement dont le processus de pr\u00e9paration, d\u2019examen et de d\u00e9bat devait prendre fin au mois de juin dernier. Un texte qui doit permettre une am\u00e9lioration du climat des investissements \u00e0 travers la cr\u00e9ation d\u2019une plateforme num\u00e9rique d\u00e9di\u00e9e aux investisseurs, la transformation de l\u2019actuelle Agence nationale de d\u00e9veloppement des investissement en une Agence d\u2019accompagnement des investisseurs rebaptis\u00e9e Algeria Invest, la cr\u00e9ation d\u2019un guichet d\u00e9di\u00e9 aux grands projets d\u2019investissement et le renforcement des garanties au profit des investisseurs notamment en termes de transfert de dividendes et d\u2019acc\u00e8s foncier notamment, sans oublier la cr\u00e9ation de trois r\u00e9gimes d\u2019incitations fiscales selon les zones et les secteurs ainsi que des investissements structurants, entre autres.&nbsp;<\/p>\n\n\n\n<p>De son c\u00f4t\u00e9, le projet de loi sur la r\u00e9serve militaire doit permettre d\u2019adapter le dispositif actuel aux dispositions de la Constitution de 2020, mais aussi de le mettre au diapason des d\u00e9fis auxquels l\u2019Alg\u00e9rie doit faire face aujourd\u2019hui.&nbsp;<\/p>\n\n\n\n<p>Le texte qui comprend 68 articles identifie les cat\u00e9gories inscrites \u00e0 la r\u00e9serve militaire, limit\u00e9es \u00e0 deux cat\u00e9gories : personnels militaires en service et sous contrat, et les r\u00e9servistes issus du service national, en excluant ceux dont il a \u00e9t\u00e9 mis fin \u00e0 leur service, de fa\u00e7on d\u00e9finitive, dans les rangs de l&rsquo;ANP pour des raisons pr\u00e9cis\u00e9es. Le texte d\u00e9finit aussi les limites d&rsquo;\u00e2ge et les cat\u00e9gories, notamment les p\u00e9riodes de r\u00e9verse qui se d\u00e9clinent en trois cat\u00e9gories: r\u00e9serves pr\u00eates (ayant 5 ans depuis leur d\u00e9part des rangs de l&rsquo;ANP), premi\u00e8re r\u00e9serve (10 ans suivant la p\u00e9riode de r\u00e9serve pr\u00eate) et deuxi\u00e8me r\u00e9serve\u00a0\u00bb (10 ans apr\u00e8s la p\u00e9riode de la premi\u00e8re r\u00e9serve). Le projet de loi d\u00e9finit enfin les r\u00e8gles r\u00e9gissant la r\u00e9serve, relatives au rappel, au maintien en service, \u00e0 l&rsquo;insoumission et \u00e0 la dispense temporaire, en sus qu\u2019il stipule que le rappel se fait par d\u00e9cret pr\u00e9sidentiel sur proposition du ministre de la D\u00e9fense nationale, dans les cas de formation et de prise en charge des r\u00e9serves, en temps de paix pour une dur\u00e9e n&rsquo;exc\u00e9dant pas 30 jours par an, ou dans le cas de mobilisation dont la dur\u00e9e est fix\u00e9e dans le d\u00e9cret de rappel.<\/p>\n\n\n\n<p>Chokri Hafed<\/p>\n","protected":false},"excerpt":{"rendered":"<p>C\u2019est la derni\u00e8re ligne droite avant la cl\u00f4ture de la session parlementaire. Le Conseil de la Nation doit voter aujourd\u2019hui<\/p>\n","protected":false},"author":3,"featured_media":24035,"comment_status":"open","ping_status":"closed","sticky":false,"template":"","format":"standard","meta":{"colormag_page_container_layout":"default_layout","colormag_page_sidebar_layout":"default_layout","om_disable_all_campaigns":false,"_monsterinsights_skip_tracking":false,"_monsterinsights_sitenote_active":false,"_monsterinsights_sitenote_note":"","_monsterinsights_sitenote_category":0,"footnotes":"","_wpscppro_dont_share_socialmedia":false,"_wpscppro_custom_social_share_image":0,"_facebook_share_type":"","_twitter_share_type":"","_linkedin_share_type":"","_pinterest_share_type":"","_linkedin_share_type_page":"","_instagram_share_type":"","_medium_share_type":"","_threads_share_type":"","_google_business_share_type":"","_selected_social_profile":[],"_wpsp_enable_custom_social_template":false,"_wpsp_social_scheduling":{"enabled":false,"datetime":null,"platforms":[],"status":"template_only","dateOption":"today","timeOption":"now","customDays":"","customHours":"","customDate":"","customTime":"","schedulingType":"absolute"},"_wpsp_active_default_template":true},"categories":[52,27],"tags":[],"class_list":["post-24034","post","type-post","status-publish","format-standard","has-post-thumbnail","hentry","category-a-la-une","category-actualite"],"aioseo_notices":[],"yoast_head":"<!-- This site is optimized with the Yoast SEO plugin v27.5 - https:\/\/yoast.com\/product\/yoast-seo-wordpress\/ -->\n<title>Projets de loi sur l\u2019investissement et sur la r\u00e9serve militaire\u00a0: La derni\u00e8re ligne droite - La Sentinelle<\/title>\n<meta name=\"robots\" content=\"index, follow, max-snippet:-1, max-image-preview:large, max-video-preview:-1\" \/>\n<link rel=\"canonical\" href=\"https:\/\/lasentinelle.dz\/index.php\/2022\/07\/13\/projets-de-loi-sur-linvestissement-et-sur-la-reserve-militaire-la-derniere-ligne-droite\/\" \/>\n<meta property=\"og:locale\" content=\"fr_FR\" \/>\n<meta property=\"og:type\" content=\"article\" \/>\n<meta property=\"og:title\" content=\"Projets de loi sur l\u2019investissement et sur la r\u00e9serve militaire\u00a0: La derni\u00e8re ligne droite - La Sentinelle\" \/>\n<meta property=\"og:description\" content=\"C\u2019est la derni\u00e8re ligne droite avant la cl\u00f4ture de la session parlementaire. Le Conseil de la Nation doit voter aujourd\u2019hui\" \/>\n<meta property=\"og:url\" content=\"https:\/\/lasentinelle.dz\/index.php\/2022\/07\/13\/projets-de-loi-sur-linvestissement-et-sur-la-reserve-militaire-la-derniere-ligne-droite\/\" \/>\n<meta property=\"og:site_name\" content=\"La Sentinelle\" \/>\n<meta property=\"article:publisher\" content=\"https:\/\/www.facebook.com\/La-Sentinelle-104059864394773\" \/>\n<meta property=\"article:published_time\" content=\"2022-07-12T23:05:00+00:00\" \/>\n<meta property=\"article:modified_time\" content=\"2022-07-13T11:38:05+00:00\" \/>\n<meta property=\"og:image\" content=\"https:\/\/lasentinelle.dz\/wp-content\/uploads\/2022\/07\/conseil-de-la-nation-1024x631.png\" \/>\n\t<meta property=\"og:image:width\" content=\"1024\" \/>\n\t<meta property=\"og:image:height\" content=\"631\" \/>\n\t<meta property=\"og:image:type\" content=\"image\/png\" \/>\n<meta name=\"author\" content=\"La Sentinelle\" \/>\n<meta name=\"twitter:card\" content=\"summary_large_image\" \/>\n<meta name=\"twitter:label1\" content=\"\u00c9crit par\" \/>\n\t<meta name=\"twitter:data1\" content=\"La Sentinelle\" \/>\n\t<meta name=\"twitter:label2\" content=\"Dur\u00e9e de lecture estim\u00e9e\" \/>\n\t<meta name=\"twitter:data2\" content=\"4 minutes\" \/>\n<script type=\"application\/ld+json\" class=\"yoast-schema-graph\">{\"@context\":\"https:\\\/\\\/schema.org\",\"@graph\":[{\"@type\":\"Article\",\"@id\":\"https:\\\/\\\/lasentinelle.dz\\\/index.php\\\/2022\\\/07\\\/13\\\/projets-de-loi-sur-linvestissement-et-sur-la-reserve-militaire-la-derniere-ligne-droite\\\/#article\",\"isPartOf\":{\"@id\":\"https:\\\/\\\/lasentinelle.dz\\\/index.php\\\/2022\\\/07\\\/13\\\/projets-de-loi-sur-linvestissement-et-sur-la-reserve-militaire-la-derniere-ligne-droite\\\/\"},\"author\":{\"name\":\"La Sentinelle\",\"@id\":\"https:\\\/\\\/lasentinelle.dz\\\/#\\\/schema\\\/person\\\/d865044e22e70a75174ce8bcad3acfb3\"},\"headline\":\"Projets de loi sur l\u2019investissement et sur la r\u00e9serve militaire\u00a0: La derni\u00e8re ligne droite\",\"datePublished\":\"2022-07-12T23:05:00+00:00\",\"dateModified\":\"2022-07-13T11:38:05+00:00\",\"mainEntityOfPage\":{\"@id\":\"https:\\\/\\\/lasentinelle.dz\\\/index.php\\\/2022\\\/07\\\/13\\\/projets-de-loi-sur-linvestissement-et-sur-la-reserve-militaire-la-derniere-ligne-droite\\\/\"},\"wordCount\":906,\"commentCount\":0,\"publisher\":{\"@id\":\"https:\\\/\\\/lasentinelle.dz\\\/#organization\"},\"image\":{\"@id\":\"https:\\\/\\\/lasentinelle.dz\\\/index.php\\\/2022\\\/07\\\/13\\\/projets-de-loi-sur-linvestissement-et-sur-la-reserve-militaire-la-derniere-ligne-droite\\\/#primaryimage\"},\"thumbnailUrl\":\"https:\\\/\\\/lasentinelle.dz\\\/wp-content\\\/uploads\\\/2022\\\/07\\\/conseil-de-la-nation.png\",\"articleSection\":[\"\u00c0 la Une\",\"Actualit\u00e9\"],\"inLanguage\":\"fr-FR\",\"potentialAction\":[{\"@type\":\"CommentAction\",\"name\":\"Comment\",\"target\":[\"https:\\\/\\\/lasentinelle.dz\\\/index.php\\\/2022\\\/07\\\/13\\\/projets-de-loi-sur-linvestissement-et-sur-la-reserve-militaire-la-derniere-ligne-droite\\\/#respond\"]}]},{\"@type\":\"WebPage\",\"@id\":\"https:\\\/\\\/lasentinelle.dz\\\/index.php\\\/2022\\\/07\\\/13\\\/projets-de-loi-sur-linvestissement-et-sur-la-reserve-militaire-la-derniere-ligne-droite\\\/\",\"url\":\"https:\\\/\\\/lasentinelle.dz\\\/index.php\\\/2022\\\/07\\\/13\\\/projets-de-loi-sur-linvestissement-et-sur-la-reserve-militaire-la-derniere-ligne-droite\\\/\",\"name\":\"Projets de loi sur l\u2019investissement et sur la r\u00e9serve militaire\u00a0: La derni\u00e8re ligne droite - La Sentinelle\",\"isPartOf\":{\"@id\":\"https:\\\/\\\/lasentinelle.dz\\\/#website\"},\"primaryImageOfPage\":{\"@id\":\"https:\\\/\\\/lasentinelle.dz\\\/index.php\\\/2022\\\/07\\\/13\\\/projets-de-loi-sur-linvestissement-et-sur-la-reserve-militaire-la-derniere-ligne-droite\\\/#primaryimage\"},\"image\":{\"@id\":\"https:\\\/\\\/lasentinelle.dz\\\/index.php\\\/2022\\\/07\\\/13\\\/projets-de-loi-sur-linvestissement-et-sur-la-reserve-militaire-la-derniere-ligne-droite\\\/#primaryimage\"},\"thumbnailUrl\":\"https:\\\/\\\/lasentinelle.dz\\\/wp-content\\\/uploads\\\/2022\\\/07\\\/conseil-de-la-nation.png\",\"datePublished\":\"2022-07-12T23:05:00+00:00\",\"dateModified\":\"2022-07-13T11:38:05+00:00\",\"breadcrumb\":{\"@id\":\"https:\\\/\\\/lasentinelle.dz\\\/index.php\\\/2022\\\/07\\\/13\\\/projets-de-loi-sur-linvestissement-et-sur-la-reserve-militaire-la-derniere-ligne-droite\\\/#breadcrumb\"},\"inLanguage\":\"fr-FR\",\"potentialAction\":[{\"@type\":\"ReadAction\",\"target\":[\"https:\\\/\\\/lasentinelle.dz\\\/index.php\\\/2022\\\/07\\\/13\\\/projets-de-loi-sur-linvestissement-et-sur-la-reserve-militaire-la-derniere-ligne-droite\\\/\"]}]},{\"@type\":\"ImageObject\",\"inLanguage\":\"fr-FR\",\"@id\":\"https:\\\/\\\/lasentinelle.dz\\\/index.php\\\/2022\\\/07\\\/13\\\/projets-de-loi-sur-linvestissement-et-sur-la-reserve-militaire-la-derniere-ligne-droite\\\/#primaryimage\",\"url\":\"https:\\\/\\\/lasentinelle.dz\\\/wp-content\\\/uploads\\\/2022\\\/07\\\/conseil-de-la-nation.png\",\"contentUrl\":\"https:\\\/\\\/lasentinelle.dz\\\/wp-content\\\/uploads\\\/2022\\\/07\\\/conseil-de-la-nation.png\",\"width\":1461,\"height\":900},{\"@type\":\"BreadcrumbList\",\"@id\":\"https:\\\/\\\/lasentinelle.dz\\\/index.php\\\/2022\\\/07\\\/13\\\/projets-de-loi-sur-linvestissement-et-sur-la-reserve-militaire-la-derniere-ligne-droite\\\/#breadcrumb\",\"itemListElement\":[{\"@type\":\"ListItem\",\"position\":1,\"name\":\"Accueil\",\"item\":\"https:\\\/\\\/lasentinelle.dz\\\/\"},{\"@type\":\"ListItem\",\"position\":2,\"name\":\"Projets de loi sur l\u2019investissement et sur la r\u00e9serve militaire\u00a0: La derni\u00e8re ligne droite\"}]},{\"@type\":\"WebSite\",\"@id\":\"https:\\\/\\\/lasentinelle.dz\\\/#website\",\"url\":\"https:\\\/\\\/lasentinelle.dz\\\/\",\"name\":\"La Sentinelle\",\"description\":\"Quotidien national d&#039;information\",\"publisher\":{\"@id\":\"https:\\\/\\\/lasentinelle.dz\\\/#organization\"},\"potentialAction\":[{\"@type\":\"SearchAction\",\"target\":{\"@type\":\"EntryPoint\",\"urlTemplate\":\"https:\\\/\\\/lasentinelle.dz\\\/?s={search_term_string}\"},\"query-input\":{\"@type\":\"PropertyValueSpecification\",\"valueRequired\":true,\"valueName\":\"search_term_string\"}}],\"inLanguage\":\"fr-FR\"},{\"@type\":\"Organization\",\"@id\":\"https:\\\/\\\/lasentinelle.dz\\\/#organization\",\"name\":\"Quotidien La Sentinelle\",\"url\":\"https:\\\/\\\/lasentinelle.dz\\\/\",\"logo\":{\"@type\":\"ImageObject\",\"inLanguage\":\"fr-FR\",\"@id\":\"https:\\\/\\\/lasentinelle.dz\\\/#\\\/schema\\\/logo\\\/image\\\/\",\"url\":\"https:\\\/\\\/lasentinelle.dz\\\/wp-content\\\/uploads\\\/2021\\\/09\\\/logo-sentinelleSLOGAN-1.png\",\"contentUrl\":\"https:\\\/\\\/lasentinelle.dz\\\/wp-content\\\/uploads\\\/2021\\\/09\\\/logo-sentinelleSLOGAN-1.png\",\"width\":615,\"height\":142,\"caption\":\"Quotidien La Sentinelle\"},\"image\":{\"@id\":\"https:\\\/\\\/lasentinelle.dz\\\/#\\\/schema\\\/logo\\\/image\\\/\"},\"sameAs\":[\"https:\\\/\\\/www.facebook.com\\\/La-Sentinelle-104059864394773\"]},{\"@type\":\"Person\",\"@id\":\"https:\\\/\\\/lasentinelle.dz\\\/#\\\/schema\\\/person\\\/d865044e22e70a75174ce8bcad3acfb3\",\"name\":\"La Sentinelle\",\"image\":{\"@type\":\"ImageObject\",\"inLanguage\":\"fr-FR\",\"@id\":\"https:\\\/\\\/secure.gravatar.com\\\/avatar\\\/57de8e5d4b15d43fb361a71fbb36338450fe67865b528a43dd10ef7c51a20392?s=96&d=mm&r=g\",\"url\":\"https:\\\/\\\/secure.gravatar.com\\\/avatar\\\/57de8e5d4b15d43fb361a71fbb36338450fe67865b528a43dd10ef7c51a20392?s=96&d=mm&r=g\",\"contentUrl\":\"https:\\\/\\\/secure.gravatar.com\\\/avatar\\\/57de8e5d4b15d43fb361a71fbb36338450fe67865b528a43dd10ef7c51a20392?s=96&d=mm&r=g\",\"caption\":\"La Sentinelle\"},\"sameAs\":[\"http:\\\/\\\/www.lasentinelle.dz\"],\"url\":\"https:\\\/\\\/lasentinelle.dz\\\/author\\\/redaction\\\/\"}]}<\/script>\n<!-- \/ Yoast SEO plugin. -->","yoast_head_json":{"title":"Projets de loi sur l\u2019investissement et sur la r\u00e9serve militaire\u00a0: La derni\u00e8re ligne droite - La Sentinelle","robots":{"index":"index","follow":"follow","max-snippet":"max-snippet:-1","max-image-preview":"max-image-preview:large","max-video-preview":"max-video-preview:-1"},"canonical":"https:\/\/lasentinelle.dz\/index.php\/2022\/07\/13\/projets-de-loi-sur-linvestissement-et-sur-la-reserve-militaire-la-derniere-ligne-droite\/","og_locale":"fr_FR","og_type":"article","og_title":"Projets de loi sur l\u2019investissement et sur la r\u00e9serve militaire\u00a0: La derni\u00e8re ligne droite - La Sentinelle","og_description":"C\u2019est la derni\u00e8re ligne droite avant la cl\u00f4ture de la session parlementaire. Le Conseil de la Nation doit voter aujourd\u2019hui","og_url":"https:\/\/lasentinelle.dz\/index.php\/2022\/07\/13\/projets-de-loi-sur-linvestissement-et-sur-la-reserve-militaire-la-derniere-ligne-droite\/","og_site_name":"La Sentinelle","article_publisher":"https:\/\/www.facebook.com\/La-Sentinelle-104059864394773","article_published_time":"2022-07-12T23:05:00+00:00","article_modified_time":"2022-07-13T11:38:05+00:00","og_image":[{"width":1024,"height":631,"url":"https:\/\/lasentinelle.dz\/wp-content\/uploads\/2022\/07\/conseil-de-la-nation-1024x631.png","type":"image\/png"}],"author":"La Sentinelle","twitter_card":"summary_large_image","twitter_misc":{"\u00c9crit par":"La Sentinelle","Dur\u00e9e de lecture estim\u00e9e":"4 minutes"},"schema":{"@context":"https:\/\/schema.org","@graph":[{"@type":"Article","@id":"https:\/\/lasentinelle.dz\/index.php\/2022\/07\/13\/projets-de-loi-sur-linvestissement-et-sur-la-reserve-militaire-la-derniere-ligne-droite\/#article","isPartOf":{"@id":"https:\/\/lasentinelle.dz\/index.php\/2022\/07\/13\/projets-de-loi-sur-linvestissement-et-sur-la-reserve-militaire-la-derniere-ligne-droite\/"},"author":{"name":"La Sentinelle","@id":"https:\/\/lasentinelle.dz\/#\/schema\/person\/d865044e22e70a75174ce8bcad3acfb3"},"headline":"Projets de loi sur l\u2019investissement et sur la r\u00e9serve militaire\u00a0: La derni\u00e8re ligne droite","datePublished":"2022-07-12T23:05:00+00:00","dateModified":"2022-07-13T11:38:05+00:00","mainEntityOfPage":{"@id":"https:\/\/lasentinelle.dz\/index.php\/2022\/07\/13\/projets-de-loi-sur-linvestissement-et-sur-la-reserve-militaire-la-derniere-ligne-droite\/"},"wordCount":906,"commentCount":0,"publisher":{"@id":"https:\/\/lasentinelle.dz\/#organization"},"image":{"@id":"https:\/\/lasentinelle.dz\/index.php\/2022\/07\/13\/projets-de-loi-sur-linvestissement-et-sur-la-reserve-militaire-la-derniere-ligne-droite\/#primaryimage"},"thumbnailUrl":"https:\/\/lasentinelle.dz\/wp-content\/uploads\/2022\/07\/conseil-de-la-nation.png","articleSection":["\u00c0 la Une","Actualit\u00e9"],"inLanguage":"fr-FR","potentialAction":[{"@type":"CommentAction","name":"Comment","target":["https:\/\/lasentinelle.dz\/index.php\/2022\/07\/13\/projets-de-loi-sur-linvestissement-et-sur-la-reserve-militaire-la-derniere-ligne-droite\/#respond"]}]},{"@type":"WebPage","@id":"https:\/\/lasentinelle.dz\/index.php\/2022\/07\/13\/projets-de-loi-sur-linvestissement-et-sur-la-reserve-militaire-la-derniere-ligne-droite\/","url":"https:\/\/lasentinelle.dz\/index.php\/2022\/07\/13\/projets-de-loi-sur-linvestissement-et-sur-la-reserve-militaire-la-derniere-ligne-droite\/","name":"Projets de loi sur l\u2019investissement et sur la r\u00e9serve militaire\u00a0: La derni\u00e8re ligne droite - La Sentinelle","isPartOf":{"@id":"https:\/\/lasentinelle.dz\/#website"},"primaryImageOfPage":{"@id":"https:\/\/lasentinelle.dz\/index.php\/2022\/07\/13\/projets-de-loi-sur-linvestissement-et-sur-la-reserve-militaire-la-derniere-ligne-droite\/#primaryimage"},"image":{"@id":"https:\/\/lasentinelle.dz\/index.php\/2022\/07\/13\/projets-de-loi-sur-linvestissement-et-sur-la-reserve-militaire-la-derniere-ligne-droite\/#primaryimage"},"thumbnailUrl":"https:\/\/lasentinelle.dz\/wp-content\/uploads\/2022\/07\/conseil-de-la-nation.png","datePublished":"2022-07-12T23:05:00+00:00","dateModified":"2022-07-13T11:38:05+00:00","breadcrumb":{"@id":"https:\/\/lasentinelle.dz\/index.php\/2022\/07\/13\/projets-de-loi-sur-linvestissement-et-sur-la-reserve-militaire-la-derniere-ligne-droite\/#breadcrumb"},"inLanguage":"fr-FR","potentialAction":[{"@type":"ReadAction","target":["https:\/\/lasentinelle.dz\/index.php\/2022\/07\/13\/projets-de-loi-sur-linvestissement-et-sur-la-reserve-militaire-la-derniere-ligne-droite\/"]}]},{"@type":"ImageObject","inLanguage":"fr-FR","@id":"https:\/\/lasentinelle.dz\/index.php\/2022\/07\/13\/projets-de-loi-sur-linvestissement-et-sur-la-reserve-militaire-la-derniere-ligne-droite\/#primaryimage","url":"https:\/\/lasentinelle.dz\/wp-content\/uploads\/2022\/07\/conseil-de-la-nation.png","contentUrl":"https:\/\/lasentinelle.dz\/wp-content\/uploads\/2022\/07\/conseil-de-la-nation.png","width":1461,"height":900},{"@type":"BreadcrumbList","@id":"https:\/\/lasentinelle.dz\/index.php\/2022\/07\/13\/projets-de-loi-sur-linvestissement-et-sur-la-reserve-militaire-la-derniere-ligne-droite\/#breadcrumb","itemListElement":[{"@type":"ListItem","position":1,"name":"Accueil","item":"https:\/\/lasentinelle.dz\/"},{"@type":"ListItem","position":2,"name":"Projets de loi sur l\u2019investissement et sur la r\u00e9serve militaire\u00a0: La derni\u00e8re ligne droite"}]},{"@type":"WebSite","@id":"https:\/\/lasentinelle.dz\/#website","url":"https:\/\/lasentinelle.dz\/","name":"La Sentinelle","description":"Quotidien national d&#039;information","publisher":{"@id":"https:\/\/lasentinelle.dz\/#organization"},"potentialAction":[{"@type":"SearchAction","target":{"@type":"EntryPoint","urlTemplate":"https:\/\/lasentinelle.dz\/?s={search_term_string}"},"query-input":{"@type":"PropertyValueSpecification","valueRequired":true,"valueName":"search_term_string"}}],"inLanguage":"fr-FR"},{"@type":"Organization","@id":"https:\/\/lasentinelle.dz\/#organization","name":"Quotidien La Sentinelle","url":"https:\/\/lasentinelle.dz\/","logo":{"@type":"ImageObject","inLanguage":"fr-FR","@id":"https:\/\/lasentinelle.dz\/#\/schema\/logo\/image\/","url":"https:\/\/lasentinelle.dz\/wp-content\/uploads\/2021\/09\/logo-sentinelleSLOGAN-1.png","contentUrl":"https:\/\/lasentinelle.dz\/wp-content\/uploads\/2021\/09\/logo-sentinelleSLOGAN-1.png","width":615,"height":142,"caption":"Quotidien La Sentinelle"},"image":{"@id":"https:\/\/lasentinelle.dz\/#\/schema\/logo\/image\/"},"sameAs":["https:\/\/www.facebook.com\/La-Sentinelle-104059864394773"]},{"@type":"Person","@id":"https:\/\/lasentinelle.dz\/#\/schema\/person\/d865044e22e70a75174ce8bcad3acfb3","name":"La Sentinelle","image":{"@type":"ImageObject","inLanguage":"fr-FR","@id":"https:\/\/secure.gravatar.com\/avatar\/57de8e5d4b15d43fb361a71fbb36338450fe67865b528a43dd10ef7c51a20392?s=96&d=mm&r=g","url":"https:\/\/secure.gravatar.com\/avatar\/57de8e5d4b15d43fb361a71fbb36338450fe67865b528a43dd10ef7c51a20392?s=96&d=mm&r=g","contentUrl":"https:\/\/secure.gravatar.com\/avatar\/57de8e5d4b15d43fb361a71fbb36338450fe67865b528a43dd10ef7c51a20392?s=96&d=mm&r=g","caption":"La Sentinelle"},"sameAs":["http:\/\/www.lasentinelle.dz"],"url":"https:\/\/lasentinelle.dz\/author\/redaction\/"}]}},"_links":{"self":[{"href":"https:\/\/lasentinelle.dz\/index.php\/wp-json\/wp\/v2\/posts\/24034","targetHints":{"allow":["GET"]}}],"collection":[{"href":"https:\/\/lasentinelle.dz\/index.php\/wp-json\/wp\/v2\/posts"}],"about":[{"href":"https:\/\/lasentinelle.dz\/index.php\/wp-json\/wp\/v2\/types\/post"}],"author":[{"embeddable":true,"href":"https:\/\/lasentinelle.dz\/index.php\/wp-json\/wp\/v2\/users\/3"}],"replies":[{"embeddable":true,"href":"https:\/\/lasentinelle.dz\/index.php\/wp-json\/wp\/v2\/comments?post=24034"}],"version-history":[{"count":2,"href":"https:\/\/lasentinelle.dz\/index.php\/wp-json\/wp\/v2\/posts\/24034\/revisions"}],"predecessor-version":[{"id":24061,"href":"https:\/\/lasentinelle.dz\/index.php\/wp-json\/wp\/v2\/posts\/24034\/revisions\/24061"}],"wp:featuredmedia":[{"embeddable":true,"href":"https:\/\/lasentinelle.dz\/index.php\/wp-json\/wp\/v2\/media\/24035"}],"wp:attachment":[{"href":"https:\/\/lasentinelle.dz\/index.php\/wp-json\/wp\/v2\/media?parent=24034"}],"wp:term":[{"taxonomy":"category","embeddable":true,"href":"https:\/\/lasentinelle.dz\/index.php\/wp-json\/wp\/v2\/categories?post=24034"},{"taxonomy":"post_tag","embeddable":true,"href":"https:\/\/lasentinelle.dz\/index.php\/wp-json\/wp\/v2\/tags?post=24034"}],"curies":[{"name":"wp","href":"https:\/\/api.w.org\/{rel}","templated":true}]}}