{"id":24042,"date":"2022-07-13T00:05:00","date_gmt":"2022-07-12T23:05:00","guid":{"rendered":"https:\/\/lasentinelle.dz\/?p=24042"},"modified":"2022-07-12T19:50:31","modified_gmt":"2022-07-12T18:50:31","slug":"la-guerre-des-memoires-et-les-nouvelles-donnes-qui-simposent-a-la-france-lalgerie-exige-une-ecriture-liberee-de-lhistoire","status":"publish","type":"post","link":"https:\/\/lasentinelle.dz\/index.php\/2022\/07\/13\/la-guerre-des-memoires-et-les-nouvelles-donnes-qui-simposent-a-la-france-lalgerie-exige-une-ecriture-liberee-de-lhistoire\/","title":{"rendered":"La \u00ab guerre des m\u00e9moires \u00bb et les nouvelles donnes qui s\u2019imposent \u00e0 la France\u00a0:\u00a0L\u2019Alg\u00e9rie\u00a0exige une \u00e9criture lib\u00e9r\u00e9e de l\u2019Histoire"},"content":{"rendered":"\n<p>Les rapports sont en train de prendre une autre tournure, le monde n\u2019est plus ce qu\u2019il \u00e9tait avant la crise ukrainienne. C\u2019est une nouvelle d\u00e9marche g\u00e9opolitique qui s\u2019esquisse et l\u2019Alg\u00e9rie profite brillamment de cette nouvelle mutation pour s\u2019affirmer en tant que force r\u00e9gionale qui a son mot \u00e0 dire.<\/p>\n\n\n\n<p>La m\u00e9moire d\u2019une nation se nourrit de son histoire et de son \u00e9criture. Une \u00e9criture qui \u00e9chappe \u00e0 la versatilit\u00e9 et la perfidie d\u2019une anthropologie&nbsp;colonialiste&nbsp;qui fait d\u2019une \u0153uvre dans l\u2019absolu une esp\u00e8ce de prouesse et une sorte de salut pour l\u2019Humanit\u00e9.&nbsp;Une anthropologie colonialiste qui a transform\u00e9&nbsp;132 ans de colonisation de l\u2019Alg\u00e9rie par la France&nbsp;en un&nbsp;\u00ab&nbsp;saut qualitatif&nbsp;\u00bb&nbsp;et une&nbsp;\u00ab&nbsp;mission civilisatrice&nbsp;\u00bb&nbsp;des plus flamboyantes et idylliques m\u00eame.<\/p>\n\n\n\n<p>Cette v\u00e9tille qui a trop \u00e9berlu\u00e9 les cr\u00e9dules est en passe d\u2019\u00eatre r\u00e9duite \u00e0 sa v\u00e9ritable valeur et&nbsp;dimension&nbsp;barbare et criminelle.&nbsp;La \u00ab guerre m\u00e9morielle \u00bb entre l\u2019Alg\u00e9rie et la France est en train de prendre une tournure qui mettra un terme \u00e0 la vantardise et le matamorisme des adeptes de l\u2019anthropologie coloniale en France.<\/p>\n\n\n\n<p>L\u2019\u00e9change qui s\u2019est d\u00e9roul\u00e9 entre l\u2019historien Benjamin Stora et le pr\u00e9sident de la R\u00e9publique, Abdelmadjid Tebboune, signe la mise \u00e0 mort de l\u2019approche m\u00e9morielle d\u00e9velopp\u00e9e par le pr\u00e9sident fran\u00e7ais, Emmanuel Macron et des \u00ab mines \u00bb qui ont \u00e9t\u00e9 inocul\u00e9es dans son fameux \u00ab rapport sur les questions m\u00e9morielles portant sur la colonisation et la guerre d\u2019Alg\u00e9rie \u00bb.&nbsp;La m\u00e9moire fait partie de moyens de pression pour pouvoir r\u00e9aliser quelques exploits et soutirer de la rente politique en la mati\u00e8re.&nbsp;Le dernier \u00e9change casse avec la \u00ab doxa \u00bb r\u00e9pandue par les ultras et les nostalgiques de la p\u00e9riode coloniale tous azimuts.<\/p>\n\n\n\n<p>Tebboune n\u2019y est pas all\u00e9 avec le dos de la cuill\u00e8re pour signifier \u00e0 la France que l\u2019\u00e9criture et l\u2019approche d\u00e9velopp\u00e9es par les historiens de la France officielle ne sont pas en mesure de r\u00e9parer ce qui a \u00e9t\u00e9 perp\u00e9tr\u00e9 comme massacres, enfumades et autres crimes contre l\u2019humanit\u00e9 pendant 132 ans de domination coloniale des plus abjectes et des plus barbares de par l\u2019histoire de l\u2019Humanit\u00e9.&nbsp;Pour ainsi dire, le rapport de Benjamin Stora trouve sa place dans les arcanes de ceux qui l\u2019ont promu.<\/p>\n\n\n\n<p>La d\u00e9marche de l\u2019Etat alg\u00e9rien est focalis\u00e9e sur le principe d\u2019une \u00e9criture qui tiendra compte de la nouvelle \u00e9tape que conna\u00eet l\u2019Alg\u00e9rie et son nouveau r\u00f4le en sa qualit\u00e9 de puissance r\u00e9gionale qui impose des relations fond\u00e9es sur le respect et la reconnaissance.<\/p>\n\n\n\n<p>La d\u00e9claration du pr\u00e9sident de la R\u00e9publique, Abdelmadjid Tebboune lors de son \u00e9change avec l\u2019historien Benjamin Stora atteste de la nouvelle approche que l\u2019Alg\u00e9rie veut entreprendre quant \u00e0 la politique m\u00e9morielle \u00e0 l\u2019adresse de la France et son pass\u00e9 colonial.<\/p>\n\n\n\n<p>Dans ce sens, l\u2019historien Benjamin Stora a rappel\u00e9 que \u00ab La guerre de conqu\u00eate a \u00e9t\u00e9 tr\u00e8s longue et tr\u00e8s meurtri\u00e8re. Elle a dur\u00e9 pratiquement un demi-si\u00e8cle, de 1830 \u00e0 1871. Elle a \u00e9t\u00e9 marqu\u00e9e par une d\u00e9possession fonci\u00e8re et identitaire. Lorsque les gens perdaient leur terre, ils perdaient leur nom, et par la mise en place d&rsquo;une colonie de peuplement avec au final un million d&rsquo;Europ\u00e9ens sur neuf millions d&rsquo;habitants. Autant de traumatismes qui perdurent jusqu&rsquo;\u00e0 aujourd&rsquo;hui dans la perception r\u00e9ciproque des deux peuples et qui expliquent la difficult\u00e9 des relations franco-alg\u00e9riennes \u00bb, a-t-il rappel\u00e9.<\/p>\n\n\n\n<p>Tout est clair, c\u2019est-\u00e0-dire que ce qui a \u00e9t\u00e9 con\u00e7u et peaufin\u00e9 par certains cercles qui s\u2019abreuvent toujours de la nostalgie coloniale ne peut plus retrouver ses traits dans les prochains contacts autour de la nouvelle conception de l\u2019\u00e9criture commune de la m\u00e9moire qui a trait \u00e0 la p\u00e9riode coloniale.<\/p>\n\n\n\n<p>Cela veut dire que les ultras seront oblig\u00e9s de faire marche arri\u00e8re et laisser place \u00e0 la \u00ab perspicacit\u00e9 \u00bb des historiens qui ont fait un travail similaire sur d\u2019autres exp\u00e9riences avec objectivit\u00e9 et neutralit\u00e9.<\/p>\n\n\n\n<p>L\u2019Alg\u00e9rie ne veut pas r\u00e9duire l\u2019existence coloniale de la France uniquement depuis le d\u00e9clenchement de la guerre de lib\u00e9ration, en 1954 jusqu\u2019\u00e0 1962.&nbsp;&nbsp;<\/p>\n\n\n\n<p>C\u2019est ce qui a pouss\u00e9 le pr\u00e9sident Tebboune lors de son \u00e9change avec l\u2019historien Benjamin Stora \u00e0 dire qu\u2019\u00ab&nbsp;il faut qu\u2019il y est un travail de m\u00e9moire commun sur toute la p\u00e9riode de la colonisation fran\u00e7aise en Alg\u00e9rie \u00bb.<\/p>\n\n\n\n<p>Les rapports sont en train de prendre une autre tournure, le monde n\u2019est plus ce qu\u2019il \u00e9tait avant la crise ukrainienne. C\u2019est une nouvelle d\u00e9marche g\u00e9opolitique qui s\u2019esquisse et l\u2019Alg\u00e9rie profite brillamment de cette nouvelle mutation pour s\u2019affirmer en tant que force r\u00e9gionale qui a son mot \u00e0 dire.&nbsp;<\/p>\n\n\n\n<p><strong>Rachid Nassouti<\/strong><\/p>\n","protected":false},"excerpt":{"rendered":"<p>Les rapports sont en train de prendre une autre tournure, le monde n\u2019est plus ce qu\u2019il \u00e9tait avant la crise<\/p>\n","protected":false},"author":3,"featured_media":24043,"comment_status":"open","ping_status":"closed","sticky":false,"template":"","format":"standard","meta":{"colormag_page_container_layout":"default_layout","colormag_page_sidebar_layout":"default_layout","om_disable_all_campaigns":false,"_monsterinsights_skip_tracking":false,"_monsterinsights_sitenote_active":false,"_monsterinsights_sitenote_note":"","_monsterinsights_sitenote_category":0,"footnotes":"","_wpscppro_dont_share_socialmedia":false,"_wpscppro_custom_social_share_image":0,"_facebook_share_type":"","_twitter_share_type":"","_linkedin_share_type":"","_pinterest_share_type":"","_linkedin_share_type_page":"","_instagram_share_type":"","_medium_share_type":"","_threads_share_type":"","_google_business_share_type":"","_selected_social_profile":[],"_wpsp_enable_custom_social_template":false,"_wpsp_social_scheduling":{"enabled":false,"datetime":null,"platforms":[],"status":"template_only","dateOption":"today","timeOption":"now","customDays":"","customHours":"","customDate":"","customTime":"","schedulingType":"absolute"},"_wpsp_active_default_template":true},"categories":[52,27],"tags":[],"class_list":["post-24042","post","type-post","status-publish","format-standard","has-post-thumbnail","hentry","category-a-la-une","category-actualite"],"aioseo_notices":[],"yoast_head":"<!-- This site is optimized with the Yoast SEO plugin v27.5 - https:\/\/yoast.com\/product\/yoast-seo-wordpress\/ -->\n<title>La \u00ab guerre des m\u00e9moires \u00bb et les nouvelles donnes qui s\u2019imposent \u00e0 la France\u00a0:\u00a0L\u2019Alg\u00e9rie\u00a0exige une \u00e9criture lib\u00e9r\u00e9e de l\u2019Histoire - La Sentinelle<\/title>\n<meta name=\"robots\" content=\"index, follow, max-snippet:-1, max-image-preview:large, max-video-preview:-1\" \/>\n<link rel=\"canonical\" href=\"https:\/\/lasentinelle.dz\/index.php\/2022\/07\/13\/la-guerre-des-memoires-et-les-nouvelles-donnes-qui-simposent-a-la-france-lalgerie-exige-une-ecriture-liberee-de-lhistoire\/\" \/>\n<meta property=\"og:locale\" content=\"fr_FR\" \/>\n<meta property=\"og:type\" content=\"article\" \/>\n<meta property=\"og:title\" content=\"La \u00ab guerre des m\u00e9moires \u00bb et les nouvelles donnes qui s\u2019imposent \u00e0 la France\u00a0:\u00a0L\u2019Alg\u00e9rie\u00a0exige une \u00e9criture lib\u00e9r\u00e9e de l\u2019Histoire - La Sentinelle\" \/>\n<meta property=\"og:description\" content=\"Les rapports sont en train de prendre une autre tournure, le monde n\u2019est plus ce qu\u2019il \u00e9tait avant la crise\" \/>\n<meta property=\"og:url\" content=\"https:\/\/lasentinelle.dz\/index.php\/2022\/07\/13\/la-guerre-des-memoires-et-les-nouvelles-donnes-qui-simposent-a-la-france-lalgerie-exige-une-ecriture-liberee-de-lhistoire\/\" \/>\n<meta property=\"og:site_name\" content=\"La Sentinelle\" \/>\n<meta property=\"article:publisher\" content=\"https:\/\/www.facebook.com\/La-Sentinelle-104059864394773\" \/>\n<meta property=\"article:published_time\" content=\"2022-07-12T23:05:00+00:00\" \/>\n<meta property=\"og:image\" content=\"https:\/\/lasentinelle.dz\/wp-content\/uploads\/2022\/07\/Tebboune-macron.png\" \/>\n\t<meta property=\"og:image:width\" content=\"1104\" \/>\n\t<meta property=\"og:image:height\" content=\"900\" \/>\n\t<meta property=\"og:image:type\" content=\"image\/png\" \/>\n<meta name=\"author\" content=\"La Sentinelle\" \/>\n<meta name=\"twitter:card\" content=\"summary_large_image\" \/>\n<meta name=\"twitter:label1\" content=\"\u00c9crit par\" \/>\n\t<meta name=\"twitter:data1\" content=\"La Sentinelle\" \/>\n\t<meta name=\"twitter:label2\" content=\"Dur\u00e9e de lecture estim\u00e9e\" \/>\n\t<meta name=\"twitter:data2\" content=\"4 minutes\" \/>\n<script type=\"application\/ld+json\" class=\"yoast-schema-graph\">{\"@context\":\"https:\\\/\\\/schema.org\",\"@graph\":[{\"@type\":\"Article\",\"@id\":\"https:\\\/\\\/lasentinelle.dz\\\/index.php\\\/2022\\\/07\\\/13\\\/la-guerre-des-memoires-et-les-nouvelles-donnes-qui-simposent-a-la-france-lalgerie-exige-une-ecriture-liberee-de-lhistoire\\\/#article\",\"isPartOf\":{\"@id\":\"https:\\\/\\\/lasentinelle.dz\\\/index.php\\\/2022\\\/07\\\/13\\\/la-guerre-des-memoires-et-les-nouvelles-donnes-qui-simposent-a-la-france-lalgerie-exige-une-ecriture-liberee-de-lhistoire\\\/\"},\"author\":{\"name\":\"La Sentinelle\",\"@id\":\"https:\\\/\\\/lasentinelle.dz\\\/#\\\/schema\\\/person\\\/d865044e22e70a75174ce8bcad3acfb3\"},\"headline\":\"La \u00ab guerre des m\u00e9moires \u00bb et les nouvelles donnes qui s\u2019imposent \u00e0 la France\u00a0:\u00a0L\u2019Alg\u00e9rie\u00a0exige une \u00e9criture lib\u00e9r\u00e9e de l\u2019Histoire\",\"datePublished\":\"2022-07-12T23:05:00+00:00\",\"mainEntityOfPage\":{\"@id\":\"https:\\\/\\\/lasentinelle.dz\\\/index.php\\\/2022\\\/07\\\/13\\\/la-guerre-des-memoires-et-les-nouvelles-donnes-qui-simposent-a-la-france-lalgerie-exige-une-ecriture-liberee-de-lhistoire\\\/\"},\"wordCount\":891,\"commentCount\":0,\"publisher\":{\"@id\":\"https:\\\/\\\/lasentinelle.dz\\\/#organization\"},\"image\":{\"@id\":\"https:\\\/\\\/lasentinelle.dz\\\/index.php\\\/2022\\\/07\\\/13\\\/la-guerre-des-memoires-et-les-nouvelles-donnes-qui-simposent-a-la-france-lalgerie-exige-une-ecriture-liberee-de-lhistoire\\\/#primaryimage\"},\"thumbnailUrl\":\"https:\\\/\\\/lasentinelle.dz\\\/wp-content\\\/uploads\\\/2022\\\/07\\\/Tebboune-macron.png\",\"articleSection\":[\"\u00c0 la Une\",\"Actualit\u00e9\"],\"inLanguage\":\"fr-FR\",\"potentialAction\":[{\"@type\":\"CommentAction\",\"name\":\"Comment\",\"target\":[\"https:\\\/\\\/lasentinelle.dz\\\/index.php\\\/2022\\\/07\\\/13\\\/la-guerre-des-memoires-et-les-nouvelles-donnes-qui-simposent-a-la-france-lalgerie-exige-une-ecriture-liberee-de-lhistoire\\\/#respond\"]}]},{\"@type\":\"WebPage\",\"@id\":\"https:\\\/\\\/lasentinelle.dz\\\/index.php\\\/2022\\\/07\\\/13\\\/la-guerre-des-memoires-et-les-nouvelles-donnes-qui-simposent-a-la-france-lalgerie-exige-une-ecriture-liberee-de-lhistoire\\\/\",\"url\":\"https:\\\/\\\/lasentinelle.dz\\\/index.php\\\/2022\\\/07\\\/13\\\/la-guerre-des-memoires-et-les-nouvelles-donnes-qui-simposent-a-la-france-lalgerie-exige-une-ecriture-liberee-de-lhistoire\\\/\",\"name\":\"La \u00ab guerre des m\u00e9moires \u00bb et les nouvelles donnes qui s\u2019imposent \u00e0 la France\u00a0:\u00a0L\u2019Alg\u00e9rie\u00a0exige une \u00e9criture lib\u00e9r\u00e9e de l\u2019Histoire - La Sentinelle\",\"isPartOf\":{\"@id\":\"https:\\\/\\\/lasentinelle.dz\\\/#website\"},\"primaryImageOfPage\":{\"@id\":\"https:\\\/\\\/lasentinelle.dz\\\/index.php\\\/2022\\\/07\\\/13\\\/la-guerre-des-memoires-et-les-nouvelles-donnes-qui-simposent-a-la-france-lalgerie-exige-une-ecriture-liberee-de-lhistoire\\\/#primaryimage\"},\"image\":{\"@id\":\"https:\\\/\\\/lasentinelle.dz\\\/index.php\\\/2022\\\/07\\\/13\\\/la-guerre-des-memoires-et-les-nouvelles-donnes-qui-simposent-a-la-france-lalgerie-exige-une-ecriture-liberee-de-lhistoire\\\/#primaryimage\"},\"thumbnailUrl\":\"https:\\\/\\\/lasentinelle.dz\\\/wp-content\\\/uploads\\\/2022\\\/07\\\/Tebboune-macron.png\",\"datePublished\":\"2022-07-12T23:05:00+00:00\",\"breadcrumb\":{\"@id\":\"https:\\\/\\\/lasentinelle.dz\\\/index.php\\\/2022\\\/07\\\/13\\\/la-guerre-des-memoires-et-les-nouvelles-donnes-qui-simposent-a-la-france-lalgerie-exige-une-ecriture-liberee-de-lhistoire\\\/#breadcrumb\"},\"inLanguage\":\"fr-FR\",\"potentialAction\":[{\"@type\":\"ReadAction\",\"target\":[\"https:\\\/\\\/lasentinelle.dz\\\/index.php\\\/2022\\\/07\\\/13\\\/la-guerre-des-memoires-et-les-nouvelles-donnes-qui-simposent-a-la-france-lalgerie-exige-une-ecriture-liberee-de-lhistoire\\\/\"]}]},{\"@type\":\"ImageObject\",\"inLanguage\":\"fr-FR\",\"@id\":\"https:\\\/\\\/lasentinelle.dz\\\/index.php\\\/2022\\\/07\\\/13\\\/la-guerre-des-memoires-et-les-nouvelles-donnes-qui-simposent-a-la-france-lalgerie-exige-une-ecriture-liberee-de-lhistoire\\\/#primaryimage\",\"url\":\"https:\\\/\\\/lasentinelle.dz\\\/wp-content\\\/uploads\\\/2022\\\/07\\\/Tebboune-macron.png\",\"contentUrl\":\"https:\\\/\\\/lasentinelle.dz\\\/wp-content\\\/uploads\\\/2022\\\/07\\\/Tebboune-macron.png\",\"width\":1104,\"height\":900},{\"@type\":\"BreadcrumbList\",\"@id\":\"https:\\\/\\\/lasentinelle.dz\\\/index.php\\\/2022\\\/07\\\/13\\\/la-guerre-des-memoires-et-les-nouvelles-donnes-qui-simposent-a-la-france-lalgerie-exige-une-ecriture-liberee-de-lhistoire\\\/#breadcrumb\",\"itemListElement\":[{\"@type\":\"ListItem\",\"position\":1,\"name\":\"Accueil\",\"item\":\"https:\\\/\\\/lasentinelle.dz\\\/\"},{\"@type\":\"ListItem\",\"position\":2,\"name\":\"La \u00ab guerre des m\u00e9moires \u00bb et les nouvelles donnes qui s\u2019imposent \u00e0 la France\u00a0:\u00a0L\u2019Alg\u00e9rie\u00a0exige une \u00e9criture lib\u00e9r\u00e9e de l\u2019Histoire\"}]},{\"@type\":\"WebSite\",\"@id\":\"https:\\\/\\\/lasentinelle.dz\\\/#website\",\"url\":\"https:\\\/\\\/lasentinelle.dz\\\/\",\"name\":\"La Sentinelle\",\"description\":\"Quotidien national d&#039;information\",\"publisher\":{\"@id\":\"https:\\\/\\\/lasentinelle.dz\\\/#organization\"},\"potentialAction\":[{\"@type\":\"SearchAction\",\"target\":{\"@type\":\"EntryPoint\",\"urlTemplate\":\"https:\\\/\\\/lasentinelle.dz\\\/?s={search_term_string}\"},\"query-input\":{\"@type\":\"PropertyValueSpecification\",\"valueRequired\":true,\"valueName\":\"search_term_string\"}}],\"inLanguage\":\"fr-FR\"},{\"@type\":\"Organization\",\"@id\":\"https:\\\/\\\/lasentinelle.dz\\\/#organization\",\"name\":\"Quotidien La Sentinelle\",\"url\":\"https:\\\/\\\/lasentinelle.dz\\\/\",\"logo\":{\"@type\":\"ImageObject\",\"inLanguage\":\"fr-FR\",\"@id\":\"https:\\\/\\\/lasentinelle.dz\\\/#\\\/schema\\\/logo\\\/image\\\/\",\"url\":\"https:\\\/\\\/lasentinelle.dz\\\/wp-content\\\/uploads\\\/2021\\\/09\\\/logo-sentinelleSLOGAN-1.png\",\"contentUrl\":\"https:\\\/\\\/lasentinelle.dz\\\/wp-content\\\/uploads\\\/2021\\\/09\\\/logo-sentinelleSLOGAN-1.png\",\"width\":615,\"height\":142,\"caption\":\"Quotidien La Sentinelle\"},\"image\":{\"@id\":\"https:\\\/\\\/lasentinelle.dz\\\/#\\\/schema\\\/logo\\\/image\\\/\"},\"sameAs\":[\"https:\\\/\\\/www.facebook.com\\\/La-Sentinelle-104059864394773\"]},{\"@type\":\"Person\",\"@id\":\"https:\\\/\\\/lasentinelle.dz\\\/#\\\/schema\\\/person\\\/d865044e22e70a75174ce8bcad3acfb3\",\"name\":\"La Sentinelle\",\"image\":{\"@type\":\"ImageObject\",\"inLanguage\":\"fr-FR\",\"@id\":\"https:\\\/\\\/secure.gravatar.com\\\/avatar\\\/57de8e5d4b15d43fb361a71fbb36338450fe67865b528a43dd10ef7c51a20392?s=96&d=mm&r=g\",\"url\":\"https:\\\/\\\/secure.gravatar.com\\\/avatar\\\/57de8e5d4b15d43fb361a71fbb36338450fe67865b528a43dd10ef7c51a20392?s=96&d=mm&r=g\",\"contentUrl\":\"https:\\\/\\\/secure.gravatar.com\\\/avatar\\\/57de8e5d4b15d43fb361a71fbb36338450fe67865b528a43dd10ef7c51a20392?s=96&d=mm&r=g\",\"caption\":\"La Sentinelle\"},\"sameAs\":[\"http:\\\/\\\/www.lasentinelle.dz\"],\"url\":\"https:\\\/\\\/lasentinelle.dz\\\/author\\\/redaction\\\/\"}]}<\/script>\n<!-- \/ Yoast SEO plugin. -->","yoast_head_json":{"title":"La \u00ab guerre des m\u00e9moires \u00bb et les nouvelles donnes qui s\u2019imposent \u00e0 la France\u00a0:\u00a0L\u2019Alg\u00e9rie\u00a0exige une \u00e9criture lib\u00e9r\u00e9e de l\u2019Histoire - La Sentinelle","robots":{"index":"index","follow":"follow","max-snippet":"max-snippet:-1","max-image-preview":"max-image-preview:large","max-video-preview":"max-video-preview:-1"},"canonical":"https:\/\/lasentinelle.dz\/index.php\/2022\/07\/13\/la-guerre-des-memoires-et-les-nouvelles-donnes-qui-simposent-a-la-france-lalgerie-exige-une-ecriture-liberee-de-lhistoire\/","og_locale":"fr_FR","og_type":"article","og_title":"La \u00ab guerre des m\u00e9moires \u00bb et les nouvelles donnes qui s\u2019imposent \u00e0 la France\u00a0:\u00a0L\u2019Alg\u00e9rie\u00a0exige une \u00e9criture lib\u00e9r\u00e9e de l\u2019Histoire - La Sentinelle","og_description":"Les rapports sont en train de prendre une autre tournure, le monde n\u2019est plus ce qu\u2019il \u00e9tait avant la crise","og_url":"https:\/\/lasentinelle.dz\/index.php\/2022\/07\/13\/la-guerre-des-memoires-et-les-nouvelles-donnes-qui-simposent-a-la-france-lalgerie-exige-une-ecriture-liberee-de-lhistoire\/","og_site_name":"La Sentinelle","article_publisher":"https:\/\/www.facebook.com\/La-Sentinelle-104059864394773","article_published_time":"2022-07-12T23:05:00+00:00","og_image":[{"width":1104,"height":900,"url":"https:\/\/lasentinelle.dz\/wp-content\/uploads\/2022\/07\/Tebboune-macron.png","type":"image\/png"}],"author":"La Sentinelle","twitter_card":"summary_large_image","twitter_misc":{"\u00c9crit par":"La Sentinelle","Dur\u00e9e de lecture estim\u00e9e":"4 minutes"},"schema":{"@context":"https:\/\/schema.org","@graph":[{"@type":"Article","@id":"https:\/\/lasentinelle.dz\/index.php\/2022\/07\/13\/la-guerre-des-memoires-et-les-nouvelles-donnes-qui-simposent-a-la-france-lalgerie-exige-une-ecriture-liberee-de-lhistoire\/#article","isPartOf":{"@id":"https:\/\/lasentinelle.dz\/index.php\/2022\/07\/13\/la-guerre-des-memoires-et-les-nouvelles-donnes-qui-simposent-a-la-france-lalgerie-exige-une-ecriture-liberee-de-lhistoire\/"},"author":{"name":"La Sentinelle","@id":"https:\/\/lasentinelle.dz\/#\/schema\/person\/d865044e22e70a75174ce8bcad3acfb3"},"headline":"La \u00ab guerre des m\u00e9moires \u00bb et les nouvelles donnes qui s\u2019imposent \u00e0 la France\u00a0:\u00a0L\u2019Alg\u00e9rie\u00a0exige une \u00e9criture lib\u00e9r\u00e9e de l\u2019Histoire","datePublished":"2022-07-12T23:05:00+00:00","mainEntityOfPage":{"@id":"https:\/\/lasentinelle.dz\/index.php\/2022\/07\/13\/la-guerre-des-memoires-et-les-nouvelles-donnes-qui-simposent-a-la-france-lalgerie-exige-une-ecriture-liberee-de-lhistoire\/"},"wordCount":891,"commentCount":0,"publisher":{"@id":"https:\/\/lasentinelle.dz\/#organization"},"image":{"@id":"https:\/\/lasentinelle.dz\/index.php\/2022\/07\/13\/la-guerre-des-memoires-et-les-nouvelles-donnes-qui-simposent-a-la-france-lalgerie-exige-une-ecriture-liberee-de-lhistoire\/#primaryimage"},"thumbnailUrl":"https:\/\/lasentinelle.dz\/wp-content\/uploads\/2022\/07\/Tebboune-macron.png","articleSection":["\u00c0 la Une","Actualit\u00e9"],"inLanguage":"fr-FR","potentialAction":[{"@type":"CommentAction","name":"Comment","target":["https:\/\/lasentinelle.dz\/index.php\/2022\/07\/13\/la-guerre-des-memoires-et-les-nouvelles-donnes-qui-simposent-a-la-france-lalgerie-exige-une-ecriture-liberee-de-lhistoire\/#respond"]}]},{"@type":"WebPage","@id":"https:\/\/lasentinelle.dz\/index.php\/2022\/07\/13\/la-guerre-des-memoires-et-les-nouvelles-donnes-qui-simposent-a-la-france-lalgerie-exige-une-ecriture-liberee-de-lhistoire\/","url":"https:\/\/lasentinelle.dz\/index.php\/2022\/07\/13\/la-guerre-des-memoires-et-les-nouvelles-donnes-qui-simposent-a-la-france-lalgerie-exige-une-ecriture-liberee-de-lhistoire\/","name":"La \u00ab guerre des m\u00e9moires \u00bb et les nouvelles donnes qui s\u2019imposent \u00e0 la France\u00a0:\u00a0L\u2019Alg\u00e9rie\u00a0exige une \u00e9criture lib\u00e9r\u00e9e de l\u2019Histoire - La Sentinelle","isPartOf":{"@id":"https:\/\/lasentinelle.dz\/#website"},"primaryImageOfPage":{"@id":"https:\/\/lasentinelle.dz\/index.php\/2022\/07\/13\/la-guerre-des-memoires-et-les-nouvelles-donnes-qui-simposent-a-la-france-lalgerie-exige-une-ecriture-liberee-de-lhistoire\/#primaryimage"},"image":{"@id":"https:\/\/lasentinelle.dz\/index.php\/2022\/07\/13\/la-guerre-des-memoires-et-les-nouvelles-donnes-qui-simposent-a-la-france-lalgerie-exige-une-ecriture-liberee-de-lhistoire\/#primaryimage"},"thumbnailUrl":"https:\/\/lasentinelle.dz\/wp-content\/uploads\/2022\/07\/Tebboune-macron.png","datePublished":"2022-07-12T23:05:00+00:00","breadcrumb":{"@id":"https:\/\/lasentinelle.dz\/index.php\/2022\/07\/13\/la-guerre-des-memoires-et-les-nouvelles-donnes-qui-simposent-a-la-france-lalgerie-exige-une-ecriture-liberee-de-lhistoire\/#breadcrumb"},"inLanguage":"fr-FR","potentialAction":[{"@type":"ReadAction","target":["https:\/\/lasentinelle.dz\/index.php\/2022\/07\/13\/la-guerre-des-memoires-et-les-nouvelles-donnes-qui-simposent-a-la-france-lalgerie-exige-une-ecriture-liberee-de-lhistoire\/"]}]},{"@type":"ImageObject","inLanguage":"fr-FR","@id":"https:\/\/lasentinelle.dz\/index.php\/2022\/07\/13\/la-guerre-des-memoires-et-les-nouvelles-donnes-qui-simposent-a-la-france-lalgerie-exige-une-ecriture-liberee-de-lhistoire\/#primaryimage","url":"https:\/\/lasentinelle.dz\/wp-content\/uploads\/2022\/07\/Tebboune-macron.png","contentUrl":"https:\/\/lasentinelle.dz\/wp-content\/uploads\/2022\/07\/Tebboune-macron.png","width":1104,"height":900},{"@type":"BreadcrumbList","@id":"https:\/\/lasentinelle.dz\/index.php\/2022\/07\/13\/la-guerre-des-memoires-et-les-nouvelles-donnes-qui-simposent-a-la-france-lalgerie-exige-une-ecriture-liberee-de-lhistoire\/#breadcrumb","itemListElement":[{"@type":"ListItem","position":1,"name":"Accueil","item":"https:\/\/lasentinelle.dz\/"},{"@type":"ListItem","position":2,"name":"La \u00ab guerre des m\u00e9moires \u00bb et les nouvelles donnes qui s\u2019imposent \u00e0 la France\u00a0:\u00a0L\u2019Alg\u00e9rie\u00a0exige une \u00e9criture lib\u00e9r\u00e9e de l\u2019Histoire"}]},{"@type":"WebSite","@id":"https:\/\/lasentinelle.dz\/#website","url":"https:\/\/lasentinelle.dz\/","name":"La Sentinelle","description":"Quotidien national d&#039;information","publisher":{"@id":"https:\/\/lasentinelle.dz\/#organization"},"potentialAction":[{"@type":"SearchAction","target":{"@type":"EntryPoint","urlTemplate":"https:\/\/lasentinelle.dz\/?s={search_term_string}"},"query-input":{"@type":"PropertyValueSpecification","valueRequired":true,"valueName":"search_term_string"}}],"inLanguage":"fr-FR"},{"@type":"Organization","@id":"https:\/\/lasentinelle.dz\/#organization","name":"Quotidien La Sentinelle","url":"https:\/\/lasentinelle.dz\/","logo":{"@type":"ImageObject","inLanguage":"fr-FR","@id":"https:\/\/lasentinelle.dz\/#\/schema\/logo\/image\/","url":"https:\/\/lasentinelle.dz\/wp-content\/uploads\/2021\/09\/logo-sentinelleSLOGAN-1.png","contentUrl":"https:\/\/lasentinelle.dz\/wp-content\/uploads\/2021\/09\/logo-sentinelleSLOGAN-1.png","width":615,"height":142,"caption":"Quotidien La Sentinelle"},"image":{"@id":"https:\/\/lasentinelle.dz\/#\/schema\/logo\/image\/"},"sameAs":["https:\/\/www.facebook.com\/La-Sentinelle-104059864394773"]},{"@type":"Person","@id":"https:\/\/lasentinelle.dz\/#\/schema\/person\/d865044e22e70a75174ce8bcad3acfb3","name":"La Sentinelle","image":{"@type":"ImageObject","inLanguage":"fr-FR","@id":"https:\/\/secure.gravatar.com\/avatar\/57de8e5d4b15d43fb361a71fbb36338450fe67865b528a43dd10ef7c51a20392?s=96&d=mm&r=g","url":"https:\/\/secure.gravatar.com\/avatar\/57de8e5d4b15d43fb361a71fbb36338450fe67865b528a43dd10ef7c51a20392?s=96&d=mm&r=g","contentUrl":"https:\/\/secure.gravatar.com\/avatar\/57de8e5d4b15d43fb361a71fbb36338450fe67865b528a43dd10ef7c51a20392?s=96&d=mm&r=g","caption":"La Sentinelle"},"sameAs":["http:\/\/www.lasentinelle.dz"],"url":"https:\/\/lasentinelle.dz\/author\/redaction\/"}]}},"_links":{"self":[{"href":"https:\/\/lasentinelle.dz\/index.php\/wp-json\/wp\/v2\/posts\/24042","targetHints":{"allow":["GET"]}}],"collection":[{"href":"https:\/\/lasentinelle.dz\/index.php\/wp-json\/wp\/v2\/posts"}],"about":[{"href":"https:\/\/lasentinelle.dz\/index.php\/wp-json\/wp\/v2\/types\/post"}],"author":[{"embeddable":true,"href":"https:\/\/lasentinelle.dz\/index.php\/wp-json\/wp\/v2\/users\/3"}],"replies":[{"embeddable":true,"href":"https:\/\/lasentinelle.dz\/index.php\/wp-json\/wp\/v2\/comments?post=24042"}],"version-history":[{"count":1,"href":"https:\/\/lasentinelle.dz\/index.php\/wp-json\/wp\/v2\/posts\/24042\/revisions"}],"predecessor-version":[{"id":24056,"href":"https:\/\/lasentinelle.dz\/index.php\/wp-json\/wp\/v2\/posts\/24042\/revisions\/24056"}],"wp:featuredmedia":[{"embeddable":true,"href":"https:\/\/lasentinelle.dz\/index.php\/wp-json\/wp\/v2\/media\/24043"}],"wp:attachment":[{"href":"https:\/\/lasentinelle.dz\/index.php\/wp-json\/wp\/v2\/media?parent=24042"}],"wp:term":[{"taxonomy":"category","embeddable":true,"href":"https:\/\/lasentinelle.dz\/index.php\/wp-json\/wp\/v2\/categories?post=24042"},{"taxonomy":"post_tag","embeddable":true,"href":"https:\/\/lasentinelle.dz\/index.php\/wp-json\/wp\/v2\/tags?post=24042"}],"curies":[{"name":"wp","href":"https:\/\/api.w.org\/{rel}","templated":true}]}}