{"id":24067,"date":"2022-07-14T00:01:00","date_gmt":"2022-07-13T23:01:00","guid":{"rendered":"https:\/\/lasentinelle.dz\/?p=24067"},"modified":"2022-07-13T16:12:03","modified_gmt":"2022-07-13T15:12:03","slug":"mondiaux-2022-dathletisme-lheure-de-verite-a-eugene","status":"publish","type":"post","link":"https:\/\/lasentinelle.dz\/index.php\/2022\/07\/14\/mondiaux-2022-dathletisme-lheure-de-verite-a-eugene\/","title":{"rendered":"Mondiaux 2022 d\u2019athl\u00e9tisme\u00a0:\u00a0L\u2019heure de v\u00e9rit\u00e9 \u00e0 Eug\u00e8ne\u00a0"},"content":{"rendered":"\n<p>Un total de 1900 athl\u00e8tes, repr\u00e9sentant 192 pays, seront engag\u00e9s dans ces Mondiaux 2022 d&rsquo;athl\u00e9tisme, pr\u00e9vus au stade Hayward Field, alors que les \u00e9preuves sur route se d\u00e9roulent \u00e0 travers les rues d&rsquo;Eug\u00e8ne.<\/p>\n\n\n\n<p>La s\u00e9lection alg\u00e9rienne d&rsquo;athl\u00e9tisme seniors messieurs, compos\u00e9e de sept athl\u00e8tes, a embarqu\u00e9 mardi matin, de l&rsquo;A\u00e9roport international d&rsquo;Alger, pour rallier les Etats-Unis, o\u00f9 elle doit prendre part aux Mondiaux 2022, pr\u00e9vus du 15 au 24 juillet courant, \u00e0 Eug\u00e8ne. \u00ab\u00a0La d\u00e9l\u00e9gation a embarqu\u00e9 \u00e0 destination de Rome, avant de se s\u00e9parer en deux groupes, pour rallier Portland, qui sera leur derni\u00e8re escale avant de rejoindre Eug\u00e8ne\u00a0\u00bb a d\u00e9taill\u00e9 \u00e0 l&rsquo;APS le Directeur des \u00e9quipes nationales (DEN), Mahfoud Bouhouche. Initialement, l&rsquo;Alg\u00e9rie devait participer \u00e0 ces Mondiaux avec huit athl\u00e8tes, mais victime d&rsquo;une blessure de derni\u00e8re minute, le triple sauteur Yasser Mohamed-Tahar Triki a d\u00fb d\u00e9clarer forfait. Ainsi, la participation alg\u00e9rienne aux Mondiaux d&rsquo;Eug\u00e8ne se limitera finalement \u00e0 sept athl\u00e8tes, dont trois coureurs du 800 m\u00e8tres, en l&rsquo;occurrence : Slimane Moula, Djamel Sedjati et Yacine Hathat.&nbsp;&nbsp;Il y aura \u00e9galement Billel Tabti et Hicham Bouchicha sur le 3000 m\u00e8tre steeple, alors que les deux derniers repr\u00e9sentants alg\u00e9riens \u00e0 ces Mondiaux seront les hurdlers Amine Bouanani et Abdelmalik Lahoulou, qui seront engag\u00e9s respectivement sur le 110 m\u00e8tres\/haies et le 400 m\u00e8tres\/haies. Tabti et Bouchicha seront les premiers \u00e0 faire leur entr\u00e9e en lice, et d\u00e8s la premi\u00e8re journ\u00e9e de comp\u00e9tition, pr\u00e9vue vendredi prochain, en s&rsquo;alignant sur les s\u00e9ries du 300 m\u00e8tres \/ steeple, pr\u00e9vues \u00e0 partir de 17h15 (heure locale, +8 heures alg\u00e9riennes), suivant le programme d\u00e9voil\u00e9 dimanche dernier par les organisateurs. Lors de la deuxi\u00e8me journ\u00e9e de comp\u00e9tition, pr\u00e9vue le lendemain samedi, ce sera au tour des hurdlers Amine Bouanani et Abdelmalik Lahoulou de faire leurs d\u00e9buts, respectivement sur le 110 m\u00e8tres\/haies et le 400 m\u00e8tres\/haies. Bouanani d\u00e9butera les s\u00e9ries \u00e0 11h25, avant que Lahoulou ne lui embo\u00eete le pas un peu plus tard d&rsquo;apr\u00e8s-midi, vers 13h30, en prenant part aux s\u00e9ries du 400m\/haies. Les demi-finales de ces deux \u00e9preuves sont pr\u00e9vues le 17 juillet, \u00e0 partir de 17h05, alors que les finales sont programm\u00e9es \u00e0 24 heures d&rsquo;intervalle. En effet, en cas de qualification, Bouanani sera le premier \u00e0 faire son entr\u00e9e en lice, le 17 juillet, \u00e0 19h30, alors que Lahoulou devra attendre le lendemain, 18 juillet, pour disputer sa finale, pr\u00e9vue \u00e0 partir de 19h50. La quatri\u00e8me journ\u00e9e de comp\u00e9tition, pr\u00e9vue le 18 juillet, verra le tandem Tabti &#8211; Bouchicha disputer la finale du 3000 m\u00e8tres\/steeple, pr\u00e9vue \u00e0 partir de 19h20. La sixi\u00e8me journ\u00e9e de comp\u00e9tition verra l&rsquo;entr\u00e9e en lice du trio: Slimane Moula, Djamel Sedjati et Yacine Hathat, qui seront tous engag\u00e9s sur le 800 m\u00e8tres. Leur phase des s\u00e9ries est pr\u00e9vue \u00e0 partir de 18h20, alors que les demi-finales sont pr\u00e9vues le lendemain, \u00e0 partir de 19h00.&nbsp;<\/p>\n\n\n\n<p>R. S.<\/p>\n","protected":false},"excerpt":{"rendered":"<p>Un total de 1900 athl\u00e8tes, repr\u00e9sentant 192 pays, seront engag\u00e9s dans ces Mondiaux 2022 d&rsquo;athl\u00e9tisme, pr\u00e9vus au stade Hayward Field,<\/p>\n","protected":false},"author":3,"featured_media":24079,"comment_status":"open","ping_status":"closed","sticky":false,"template":"","format":"standard","meta":{"colormag_page_container_layout":"default_layout","colormag_page_sidebar_layout":"default_layout","om_disable_all_campaigns":false,"_monsterinsights_skip_tracking":false,"_monsterinsights_sitenote_active":false,"_monsterinsights_sitenote_note":"","_monsterinsights_sitenote_category":0,"footnotes":"","_wpscppro_dont_share_socialmedia":false,"_wpscppro_custom_social_share_image":0,"_facebook_share_type":"","_twitter_share_type":"","_linkedin_share_type":"","_pinterest_share_type":"","_linkedin_share_type_page":"","_instagram_share_type":"","_medium_share_type":"","_threads_share_type":"","_google_business_share_type":"","_selected_social_profile":[],"_wpsp_enable_custom_social_template":false,"_wpsp_social_scheduling":{"enabled":false,"datetime":null,"platforms":[],"status":"template_only","dateOption":"today","timeOption":"now","customDays":"","customHours":"","customDate":"","customTime":"","schedulingType":"absolute"},"_wpsp_active_default_template":true},"categories":[33],"tags":[],"class_list":["post-24067","post","type-post","status-publish","format-standard","has-post-thumbnail","hentry","category-sports"],"aioseo_notices":[],"yoast_head":"<!-- This site is optimized with the Yoast SEO plugin v27.4 - https:\/\/yoast.com\/product\/yoast-seo-wordpress\/ -->\n<title>Mondiaux 2022 d\u2019athl\u00e9tisme\u00a0:\u00a0L\u2019heure de v\u00e9rit\u00e9 \u00e0 Eug\u00e8ne\u00a0 - La Sentinelle<\/title>\n<meta name=\"robots\" content=\"index, follow, max-snippet:-1, max-image-preview:large, max-video-preview:-1\" \/>\n<link rel=\"canonical\" href=\"https:\/\/lasentinelle.dz\/index.php\/2022\/07\/14\/mondiaux-2022-dathletisme-lheure-de-verite-a-eugene\/\" \/>\n<meta property=\"og:locale\" content=\"fr_FR\" \/>\n<meta property=\"og:type\" content=\"article\" \/>\n<meta property=\"og:title\" content=\"Mondiaux 2022 d\u2019athl\u00e9tisme\u00a0:\u00a0L\u2019heure de v\u00e9rit\u00e9 \u00e0 Eug\u00e8ne\u00a0 - La Sentinelle\" \/>\n<meta property=\"og:description\" content=\"Un total de 1900 athl\u00e8tes, repr\u00e9sentant 192 pays, seront engag\u00e9s dans ces Mondiaux 2022 d&rsquo;athl\u00e9tisme, pr\u00e9vus au stade Hayward Field,\" \/>\n<meta property=\"og:url\" content=\"https:\/\/lasentinelle.dz\/index.php\/2022\/07\/14\/mondiaux-2022-dathletisme-lheure-de-verite-a-eugene\/\" \/>\n<meta property=\"og:site_name\" content=\"La Sentinelle\" \/>\n<meta property=\"article:publisher\" content=\"https:\/\/www.facebook.com\/La-Sentinelle-104059864394773\" \/>\n<meta property=\"article:published_time\" content=\"2022-07-13T23:01:00+00:00\" \/>\n<meta property=\"og:image\" content=\"https:\/\/lasentinelle.dz\/wp-content\/uploads\/2022\/07\/athletisme.png\" \/>\n\t<meta property=\"og:image:width\" content=\"1350\" \/>\n\t<meta property=\"og:image:height\" content=\"900\" \/>\n\t<meta property=\"og:image:type\" content=\"image\/png\" \/>\n<meta name=\"author\" content=\"La Sentinelle\" \/>\n<meta name=\"twitter:card\" content=\"summary_large_image\" \/>\n<meta name=\"twitter:label1\" content=\"\u00c9crit par\" \/>\n\t<meta name=\"twitter:data1\" content=\"La Sentinelle\" \/>\n\t<meta name=\"twitter:label2\" content=\"Dur\u00e9e de lecture estim\u00e9e\" \/>\n\t<meta name=\"twitter:data2\" content=\"3 minutes\" \/>\n<script type=\"application\/ld+json\" class=\"yoast-schema-graph\">{\"@context\":\"https:\\\/\\\/schema.org\",\"@graph\":[{\"@type\":\"Article\",\"@id\":\"https:\\\/\\\/lasentinelle.dz\\\/index.php\\\/2022\\\/07\\\/14\\\/mondiaux-2022-dathletisme-lheure-de-verite-a-eugene\\\/#article\",\"isPartOf\":{\"@id\":\"https:\\\/\\\/lasentinelle.dz\\\/index.php\\\/2022\\\/07\\\/14\\\/mondiaux-2022-dathletisme-lheure-de-verite-a-eugene\\\/\"},\"author\":{\"name\":\"La Sentinelle\",\"@id\":\"https:\\\/\\\/lasentinelle.dz\\\/#\\\/schema\\\/person\\\/d865044e22e70a75174ce8bcad3acfb3\"},\"headline\":\"Mondiaux 2022 d\u2019athl\u00e9tisme\u00a0:\u00a0L\u2019heure de v\u00e9rit\u00e9 \u00e0 Eug\u00e8ne\u00a0\",\"datePublished\":\"2022-07-13T23:01:00+00:00\",\"mainEntityOfPage\":{\"@id\":\"https:\\\/\\\/lasentinelle.dz\\\/index.php\\\/2022\\\/07\\\/14\\\/mondiaux-2022-dathletisme-lheure-de-verite-a-eugene\\\/\"},\"wordCount\":535,\"commentCount\":0,\"publisher\":{\"@id\":\"https:\\\/\\\/lasentinelle.dz\\\/#organization\"},\"image\":{\"@id\":\"https:\\\/\\\/lasentinelle.dz\\\/index.php\\\/2022\\\/07\\\/14\\\/mondiaux-2022-dathletisme-lheure-de-verite-a-eugene\\\/#primaryimage\"},\"thumbnailUrl\":\"https:\\\/\\\/lasentinelle.dz\\\/wp-content\\\/uploads\\\/2022\\\/07\\\/athletisme.png\",\"articleSection\":[\"Sports\"],\"inLanguage\":\"fr-FR\",\"potentialAction\":[{\"@type\":\"CommentAction\",\"name\":\"Comment\",\"target\":[\"https:\\\/\\\/lasentinelle.dz\\\/index.php\\\/2022\\\/07\\\/14\\\/mondiaux-2022-dathletisme-lheure-de-verite-a-eugene\\\/#respond\"]}]},{\"@type\":\"WebPage\",\"@id\":\"https:\\\/\\\/lasentinelle.dz\\\/index.php\\\/2022\\\/07\\\/14\\\/mondiaux-2022-dathletisme-lheure-de-verite-a-eugene\\\/\",\"url\":\"https:\\\/\\\/lasentinelle.dz\\\/index.php\\\/2022\\\/07\\\/14\\\/mondiaux-2022-dathletisme-lheure-de-verite-a-eugene\\\/\",\"name\":\"Mondiaux 2022 d\u2019athl\u00e9tisme\u00a0:\u00a0L\u2019heure de v\u00e9rit\u00e9 \u00e0 Eug\u00e8ne\u00a0 - La Sentinelle\",\"isPartOf\":{\"@id\":\"https:\\\/\\\/lasentinelle.dz\\\/#website\"},\"primaryImageOfPage\":{\"@id\":\"https:\\\/\\\/lasentinelle.dz\\\/index.php\\\/2022\\\/07\\\/14\\\/mondiaux-2022-dathletisme-lheure-de-verite-a-eugene\\\/#primaryimage\"},\"image\":{\"@id\":\"https:\\\/\\\/lasentinelle.dz\\\/index.php\\\/2022\\\/07\\\/14\\\/mondiaux-2022-dathletisme-lheure-de-verite-a-eugene\\\/#primaryimage\"},\"thumbnailUrl\":\"https:\\\/\\\/lasentinelle.dz\\\/wp-content\\\/uploads\\\/2022\\\/07\\\/athletisme.png\",\"datePublished\":\"2022-07-13T23:01:00+00:00\",\"breadcrumb\":{\"@id\":\"https:\\\/\\\/lasentinelle.dz\\\/index.php\\\/2022\\\/07\\\/14\\\/mondiaux-2022-dathletisme-lheure-de-verite-a-eugene\\\/#breadcrumb\"},\"inLanguage\":\"fr-FR\",\"potentialAction\":[{\"@type\":\"ReadAction\",\"target\":[\"https:\\\/\\\/lasentinelle.dz\\\/index.php\\\/2022\\\/07\\\/14\\\/mondiaux-2022-dathletisme-lheure-de-verite-a-eugene\\\/\"]}]},{\"@type\":\"ImageObject\",\"inLanguage\":\"fr-FR\",\"@id\":\"https:\\\/\\\/lasentinelle.dz\\\/index.php\\\/2022\\\/07\\\/14\\\/mondiaux-2022-dathletisme-lheure-de-verite-a-eugene\\\/#primaryimage\",\"url\":\"https:\\\/\\\/lasentinelle.dz\\\/wp-content\\\/uploads\\\/2022\\\/07\\\/athletisme.png\",\"contentUrl\":\"https:\\\/\\\/lasentinelle.dz\\\/wp-content\\\/uploads\\\/2022\\\/07\\\/athletisme.png\",\"width\":1350,\"height\":900},{\"@type\":\"BreadcrumbList\",\"@id\":\"https:\\\/\\\/lasentinelle.dz\\\/index.php\\\/2022\\\/07\\\/14\\\/mondiaux-2022-dathletisme-lheure-de-verite-a-eugene\\\/#breadcrumb\",\"itemListElement\":[{\"@type\":\"ListItem\",\"position\":1,\"name\":\"Accueil\",\"item\":\"https:\\\/\\\/lasentinelle.dz\\\/\"},{\"@type\":\"ListItem\",\"position\":2,\"name\":\"Mondiaux 2022 d\u2019athl\u00e9tisme\u00a0:\u00a0L\u2019heure de v\u00e9rit\u00e9 \u00e0 Eug\u00e8ne\u00a0\"}]},{\"@type\":\"WebSite\",\"@id\":\"https:\\\/\\\/lasentinelle.dz\\\/#website\",\"url\":\"https:\\\/\\\/lasentinelle.dz\\\/\",\"name\":\"La Sentinelle\",\"description\":\"Quotidien national d&#039;information\",\"publisher\":{\"@id\":\"https:\\\/\\\/lasentinelle.dz\\\/#organization\"},\"potentialAction\":[{\"@type\":\"SearchAction\",\"target\":{\"@type\":\"EntryPoint\",\"urlTemplate\":\"https:\\\/\\\/lasentinelle.dz\\\/?s={search_term_string}\"},\"query-input\":{\"@type\":\"PropertyValueSpecification\",\"valueRequired\":true,\"valueName\":\"search_term_string\"}}],\"inLanguage\":\"fr-FR\"},{\"@type\":\"Organization\",\"@id\":\"https:\\\/\\\/lasentinelle.dz\\\/#organization\",\"name\":\"Quotidien La Sentinelle\",\"url\":\"https:\\\/\\\/lasentinelle.dz\\\/\",\"logo\":{\"@type\":\"ImageObject\",\"inLanguage\":\"fr-FR\",\"@id\":\"https:\\\/\\\/lasentinelle.dz\\\/#\\\/schema\\\/logo\\\/image\\\/\",\"url\":\"https:\\\/\\\/lasentinelle.dz\\\/wp-content\\\/uploads\\\/2021\\\/09\\\/logo-sentinelleSLOGAN-1.png\",\"contentUrl\":\"https:\\\/\\\/lasentinelle.dz\\\/wp-content\\\/uploads\\\/2021\\\/09\\\/logo-sentinelleSLOGAN-1.png\",\"width\":615,\"height\":142,\"caption\":\"Quotidien La Sentinelle\"},\"image\":{\"@id\":\"https:\\\/\\\/lasentinelle.dz\\\/#\\\/schema\\\/logo\\\/image\\\/\"},\"sameAs\":[\"https:\\\/\\\/www.facebook.com\\\/La-Sentinelle-104059864394773\"]},{\"@type\":\"Person\",\"@id\":\"https:\\\/\\\/lasentinelle.dz\\\/#\\\/schema\\\/person\\\/d865044e22e70a75174ce8bcad3acfb3\",\"name\":\"La Sentinelle\",\"image\":{\"@type\":\"ImageObject\",\"inLanguage\":\"fr-FR\",\"@id\":\"https:\\\/\\\/secure.gravatar.com\\\/avatar\\\/57de8e5d4b15d43fb361a71fbb36338450fe67865b528a43dd10ef7c51a20392?s=96&d=mm&r=g\",\"url\":\"https:\\\/\\\/secure.gravatar.com\\\/avatar\\\/57de8e5d4b15d43fb361a71fbb36338450fe67865b528a43dd10ef7c51a20392?s=96&d=mm&r=g\",\"contentUrl\":\"https:\\\/\\\/secure.gravatar.com\\\/avatar\\\/57de8e5d4b15d43fb361a71fbb36338450fe67865b528a43dd10ef7c51a20392?s=96&d=mm&r=g\",\"caption\":\"La Sentinelle\"},\"sameAs\":[\"http:\\\/\\\/www.lasentinelle.dz\"],\"url\":\"https:\\\/\\\/lasentinelle.dz\\\/author\\\/redaction\\\/\"}]}<\/script>\n<!-- \/ Yoast SEO plugin. -->","yoast_head_json":{"title":"Mondiaux 2022 d\u2019athl\u00e9tisme\u00a0:\u00a0L\u2019heure de v\u00e9rit\u00e9 \u00e0 Eug\u00e8ne\u00a0 - La Sentinelle","robots":{"index":"index","follow":"follow","max-snippet":"max-snippet:-1","max-image-preview":"max-image-preview:large","max-video-preview":"max-video-preview:-1"},"canonical":"https:\/\/lasentinelle.dz\/index.php\/2022\/07\/14\/mondiaux-2022-dathletisme-lheure-de-verite-a-eugene\/","og_locale":"fr_FR","og_type":"article","og_title":"Mondiaux 2022 d\u2019athl\u00e9tisme\u00a0:\u00a0L\u2019heure de v\u00e9rit\u00e9 \u00e0 Eug\u00e8ne\u00a0 - La Sentinelle","og_description":"Un total de 1900 athl\u00e8tes, repr\u00e9sentant 192 pays, seront engag\u00e9s dans ces Mondiaux 2022 d&rsquo;athl\u00e9tisme, pr\u00e9vus au stade Hayward Field,","og_url":"https:\/\/lasentinelle.dz\/index.php\/2022\/07\/14\/mondiaux-2022-dathletisme-lheure-de-verite-a-eugene\/","og_site_name":"La Sentinelle","article_publisher":"https:\/\/www.facebook.com\/La-Sentinelle-104059864394773","article_published_time":"2022-07-13T23:01:00+00:00","og_image":[{"width":1350,"height":900,"url":"https:\/\/lasentinelle.dz\/wp-content\/uploads\/2022\/07\/athletisme.png","type":"image\/png"}],"author":"La Sentinelle","twitter_card":"summary_large_image","twitter_misc":{"\u00c9crit par":"La Sentinelle","Dur\u00e9e de lecture estim\u00e9e":"3 minutes"},"schema":{"@context":"https:\/\/schema.org","@graph":[{"@type":"Article","@id":"https:\/\/lasentinelle.dz\/index.php\/2022\/07\/14\/mondiaux-2022-dathletisme-lheure-de-verite-a-eugene\/#article","isPartOf":{"@id":"https:\/\/lasentinelle.dz\/index.php\/2022\/07\/14\/mondiaux-2022-dathletisme-lheure-de-verite-a-eugene\/"},"author":{"name":"La Sentinelle","@id":"https:\/\/lasentinelle.dz\/#\/schema\/person\/d865044e22e70a75174ce8bcad3acfb3"},"headline":"Mondiaux 2022 d\u2019athl\u00e9tisme\u00a0:\u00a0L\u2019heure de v\u00e9rit\u00e9 \u00e0 Eug\u00e8ne\u00a0","datePublished":"2022-07-13T23:01:00+00:00","mainEntityOfPage":{"@id":"https:\/\/lasentinelle.dz\/index.php\/2022\/07\/14\/mondiaux-2022-dathletisme-lheure-de-verite-a-eugene\/"},"wordCount":535,"commentCount":0,"publisher":{"@id":"https:\/\/lasentinelle.dz\/#organization"},"image":{"@id":"https:\/\/lasentinelle.dz\/index.php\/2022\/07\/14\/mondiaux-2022-dathletisme-lheure-de-verite-a-eugene\/#primaryimage"},"thumbnailUrl":"https:\/\/lasentinelle.dz\/wp-content\/uploads\/2022\/07\/athletisme.png","articleSection":["Sports"],"inLanguage":"fr-FR","potentialAction":[{"@type":"CommentAction","name":"Comment","target":["https:\/\/lasentinelle.dz\/index.php\/2022\/07\/14\/mondiaux-2022-dathletisme-lheure-de-verite-a-eugene\/#respond"]}]},{"@type":"WebPage","@id":"https:\/\/lasentinelle.dz\/index.php\/2022\/07\/14\/mondiaux-2022-dathletisme-lheure-de-verite-a-eugene\/","url":"https:\/\/lasentinelle.dz\/index.php\/2022\/07\/14\/mondiaux-2022-dathletisme-lheure-de-verite-a-eugene\/","name":"Mondiaux 2022 d\u2019athl\u00e9tisme\u00a0:\u00a0L\u2019heure de v\u00e9rit\u00e9 \u00e0 Eug\u00e8ne\u00a0 - La Sentinelle","isPartOf":{"@id":"https:\/\/lasentinelle.dz\/#website"},"primaryImageOfPage":{"@id":"https:\/\/lasentinelle.dz\/index.php\/2022\/07\/14\/mondiaux-2022-dathletisme-lheure-de-verite-a-eugene\/#primaryimage"},"image":{"@id":"https:\/\/lasentinelle.dz\/index.php\/2022\/07\/14\/mondiaux-2022-dathletisme-lheure-de-verite-a-eugene\/#primaryimage"},"thumbnailUrl":"https:\/\/lasentinelle.dz\/wp-content\/uploads\/2022\/07\/athletisme.png","datePublished":"2022-07-13T23:01:00+00:00","breadcrumb":{"@id":"https:\/\/lasentinelle.dz\/index.php\/2022\/07\/14\/mondiaux-2022-dathletisme-lheure-de-verite-a-eugene\/#breadcrumb"},"inLanguage":"fr-FR","potentialAction":[{"@type":"ReadAction","target":["https:\/\/lasentinelle.dz\/index.php\/2022\/07\/14\/mondiaux-2022-dathletisme-lheure-de-verite-a-eugene\/"]}]},{"@type":"ImageObject","inLanguage":"fr-FR","@id":"https:\/\/lasentinelle.dz\/index.php\/2022\/07\/14\/mondiaux-2022-dathletisme-lheure-de-verite-a-eugene\/#primaryimage","url":"https:\/\/lasentinelle.dz\/wp-content\/uploads\/2022\/07\/athletisme.png","contentUrl":"https:\/\/lasentinelle.dz\/wp-content\/uploads\/2022\/07\/athletisme.png","width":1350,"height":900},{"@type":"BreadcrumbList","@id":"https:\/\/lasentinelle.dz\/index.php\/2022\/07\/14\/mondiaux-2022-dathletisme-lheure-de-verite-a-eugene\/#breadcrumb","itemListElement":[{"@type":"ListItem","position":1,"name":"Accueil","item":"https:\/\/lasentinelle.dz\/"},{"@type":"ListItem","position":2,"name":"Mondiaux 2022 d\u2019athl\u00e9tisme\u00a0:\u00a0L\u2019heure de v\u00e9rit\u00e9 \u00e0 Eug\u00e8ne\u00a0"}]},{"@type":"WebSite","@id":"https:\/\/lasentinelle.dz\/#website","url":"https:\/\/lasentinelle.dz\/","name":"La Sentinelle","description":"Quotidien national d&#039;information","publisher":{"@id":"https:\/\/lasentinelle.dz\/#organization"},"potentialAction":[{"@type":"SearchAction","target":{"@type":"EntryPoint","urlTemplate":"https:\/\/lasentinelle.dz\/?s={search_term_string}"},"query-input":{"@type":"PropertyValueSpecification","valueRequired":true,"valueName":"search_term_string"}}],"inLanguage":"fr-FR"},{"@type":"Organization","@id":"https:\/\/lasentinelle.dz\/#organization","name":"Quotidien La Sentinelle","url":"https:\/\/lasentinelle.dz\/","logo":{"@type":"ImageObject","inLanguage":"fr-FR","@id":"https:\/\/lasentinelle.dz\/#\/schema\/logo\/image\/","url":"https:\/\/lasentinelle.dz\/wp-content\/uploads\/2021\/09\/logo-sentinelleSLOGAN-1.png","contentUrl":"https:\/\/lasentinelle.dz\/wp-content\/uploads\/2021\/09\/logo-sentinelleSLOGAN-1.png","width":615,"height":142,"caption":"Quotidien La Sentinelle"},"image":{"@id":"https:\/\/lasentinelle.dz\/#\/schema\/logo\/image\/"},"sameAs":["https:\/\/www.facebook.com\/La-Sentinelle-104059864394773"]},{"@type":"Person","@id":"https:\/\/lasentinelle.dz\/#\/schema\/person\/d865044e22e70a75174ce8bcad3acfb3","name":"La Sentinelle","image":{"@type":"ImageObject","inLanguage":"fr-FR","@id":"https:\/\/secure.gravatar.com\/avatar\/57de8e5d4b15d43fb361a71fbb36338450fe67865b528a43dd10ef7c51a20392?s=96&d=mm&r=g","url":"https:\/\/secure.gravatar.com\/avatar\/57de8e5d4b15d43fb361a71fbb36338450fe67865b528a43dd10ef7c51a20392?s=96&d=mm&r=g","contentUrl":"https:\/\/secure.gravatar.com\/avatar\/57de8e5d4b15d43fb361a71fbb36338450fe67865b528a43dd10ef7c51a20392?s=96&d=mm&r=g","caption":"La Sentinelle"},"sameAs":["http:\/\/www.lasentinelle.dz"],"url":"https:\/\/lasentinelle.dz\/author\/redaction\/"}]}},"_links":{"self":[{"href":"https:\/\/lasentinelle.dz\/index.php\/wp-json\/wp\/v2\/posts\/24067","targetHints":{"allow":["GET"]}}],"collection":[{"href":"https:\/\/lasentinelle.dz\/index.php\/wp-json\/wp\/v2\/posts"}],"about":[{"href":"https:\/\/lasentinelle.dz\/index.php\/wp-json\/wp\/v2\/types\/post"}],"author":[{"embeddable":true,"href":"https:\/\/lasentinelle.dz\/index.php\/wp-json\/wp\/v2\/users\/3"}],"replies":[{"embeddable":true,"href":"https:\/\/lasentinelle.dz\/index.php\/wp-json\/wp\/v2\/comments?post=24067"}],"version-history":[{"count":1,"href":"https:\/\/lasentinelle.dz\/index.php\/wp-json\/wp\/v2\/posts\/24067\/revisions"}],"predecessor-version":[{"id":24082,"href":"https:\/\/lasentinelle.dz\/index.php\/wp-json\/wp\/v2\/posts\/24067\/revisions\/24082"}],"wp:featuredmedia":[{"embeddable":true,"href":"https:\/\/lasentinelle.dz\/index.php\/wp-json\/wp\/v2\/media\/24079"}],"wp:attachment":[{"href":"https:\/\/lasentinelle.dz\/index.php\/wp-json\/wp\/v2\/media?parent=24067"}],"wp:term":[{"taxonomy":"category","embeddable":true,"href":"https:\/\/lasentinelle.dz\/index.php\/wp-json\/wp\/v2\/categories?post=24067"},{"taxonomy":"post_tag","embeddable":true,"href":"https:\/\/lasentinelle.dz\/index.php\/wp-json\/wp\/v2\/tags?post=24067"}],"curies":[{"name":"wp","href":"https:\/\/api.w.org\/{rel}","templated":true}]}}