{"id":2410,"date":"2021-07-27T00:01:00","date_gmt":"2021-07-26T23:01:00","guid":{"rendered":"https:\/\/lasentinelle.dz\/?p=2410"},"modified":"2021-07-26T18:45:00","modified_gmt":"2021-07-26T17:45:00","slug":"entretien-ramtane-lamamra-joey-hood-favoriser-les-solutions-politiques-et-pacifiques-dans-la-resolution-des-conflits","status":"publish","type":"post","link":"https:\/\/lasentinelle.dz\/index.php\/2021\/07\/27\/entretien-ramtane-lamamra-joey-hood-favoriser-les-solutions-politiques-et-pacifiques-dans-la-resolution-des-conflits\/","title":{"rendered":"Entretien Ramtane Lamamra- Joey Hood : Favoriser les solutions politiques et pacifiques dans la r\u00e9solution des conflits"},"content":{"rendered":"\n<p>Le ministre des Affaires \u00e9trang\u00e8res et de la Communaut\u00e9 nationale \u00e0 l\u2019\u00e9tranger, Ramtane Lamamra, a eu un entretien, dimanche, avec le secr\u00e9taire d\u2019\u00c9tat adjoint am\u00e9ricain aux affaires du proche orient Joey Hood, qui effectue une visite officielle en Alg\u00e9rie.<\/p>\n\n\n\n<p>Un entretien qui a permis aux deux hommes, d\u2019aborder les perspectives de promotion de solutions politiques et pacifiques aux diff\u00e9rentes crises qui menacent la paix et la s\u00e9curit\u00e9 dans les r\u00e9gions de l\u2019Afrique du Nord et au Moyen-Orient.<\/p>\n\n\n\n<p>Le communiqu\u00e9 du minist\u00e8re des Affaires \u00e9trang\u00e8res et de la Communaut\u00e9 nationale \u00e0 l\u2019\u00e9trangera d\u00e9voil\u00e9 hier, le contenu de cet entretien, en indiquant que cette rencontre \u00aba \u00e9t\u00e9 une occasiond\u2019examiner les moyens de renforcer le dialogue strat\u00e9gique entre l\u2019Alg\u00e9rie et les \u00c9tats-Unis (USA) et les perspectives de la promotion de solutions politiques et pacifiques aux diverses crises minant la paixet la s\u00e9curit\u00e9 dans les r\u00e9gions d\u2019Afrique du Nord et du Moyen-Orient \u00bb.La situation en Libye, au Mali et au Sahara occidental, ont \u00e9galement \u00e9t\u00e9 au menu de cet entretien entre Ramtane Lamamra et Joey Hood, lesquels ont discut\u00e9 aussi du probl\u00e8me de la lutte contrele terrorisme dans le Sahel en plus de la lutte contre la pand\u00e9mie du covid19.<\/p>\n\n\n\n<p>\u00ab Ces consultations refl\u00e8tent la politique de haut niveau des relations distingu\u00e9es entre l\u2019Alg\u00e9rie et les \u00c9tats-Unis d\u2019Am\u00e9rique ainsi que de la volont\u00e9 commune d\u2019\u0153uvrer \u00e0 la promotion de la paix et de la s\u00e9curit\u00e9 aux niveaux, r\u00e9gional et international \u00bb, pr\u00e9cise le communiqu\u00e9. Et d\u2019ajouter que \u00ab l\u2019\u00e9volution de la coop\u00e9ration bilat\u00e9rale et l\u2019examen des perspectives de sa consolidation et de son d\u00e9veloppement, \u00e0 la faveur des relations d\u2019amiti\u00e9 entre les deux pays, (Alg\u00e9rie-USA), ont fait l\u2019objet d\u2019une s\u00e9ance de travail entre M Joey Hood et M Rachid Chakib Kaid, secr\u00e9taire g\u00e9n\u00e9ral au minist\u00e8re des affaires \u00e9trang\u00e8res et de la communaut\u00e9 nationale \u00e0 l\u2019\u00e9tranger \u00bb.<\/p>\n\n\n\n<p>Notons que cette visite de Joey Hood en Alg\u00e9rie, intervient dans un contexte r\u00e9gional caract\u00e9ris\u00e9 par un climat charg\u00e9 \u00e0 cause de l\u2019attitude belliqueuse du r\u00e9gime marocain \u00e0 l\u2019\u00e9gard l\u2019Alg\u00e9rie, mais aussi de la guerre d\u2019occupation que m\u00e8ne le contre le Sahara occidental.<\/p>\n\n\n\n<p><strong>Boubekeur Amrani<\/strong><\/p>\n","protected":false},"excerpt":{"rendered":"<p>Le ministre des Affaires \u00e9trang\u00e8res et de la Communaut\u00e9 nationale \u00e0 l\u2019\u00e9tranger, Ramtane Lamamra, a eu un entretien, dimanche, avec<\/p>\n","protected":false},"author":3,"featured_media":2426,"comment_status":"open","ping_status":"closed","sticky":false,"template":"","format":"standard","meta":{"colormag_page_container_layout":"default_layout","colormag_page_sidebar_layout":"default_layout","om_disable_all_campaigns":false,"_monsterinsights_skip_tracking":false,"_monsterinsights_sitenote_active":false,"_monsterinsights_sitenote_note":"","_monsterinsights_sitenote_category":0,"footnotes":"","_wpscppro_dont_share_socialmedia":false,"_wpscppro_custom_social_share_image":0,"_facebook_share_type":"","_twitter_share_type":"","_linkedin_share_type":"","_pinterest_share_type":"","_linkedin_share_type_page":"","_instagram_share_type":"","_medium_share_type":"","_threads_share_type":"","_google_business_share_type":"","_selected_social_profile":[],"_wpsp_enable_custom_social_template":false,"_wpsp_social_scheduling":{"enabled":false,"datetime":null,"platforms":[],"status":"template_only","dateOption":"today","timeOption":"now","customDays":"","customHours":"","customDate":"","customTime":"","schedulingType":"absolute"},"_wpsp_active_default_template":true},"categories":[27],"tags":[],"class_list":["post-2410","post","type-post","status-publish","format-standard","has-post-thumbnail","hentry","category-actualite"],"aioseo_notices":[],"yoast_head":"<!-- This site is optimized with the Yoast SEO plugin v27.5 - https:\/\/yoast.com\/product\/yoast-seo-wordpress\/ -->\n<title>Entretien Ramtane Lamamra- Joey Hood : Favoriser les solutions politiques et pacifiques dans la r\u00e9solution des conflits - La Sentinelle<\/title>\n<meta name=\"robots\" content=\"index, follow, max-snippet:-1, max-image-preview:large, max-video-preview:-1\" \/>\n<link rel=\"canonical\" href=\"https:\/\/lasentinelle.dz\/index.php\/2021\/07\/27\/entretien-ramtane-lamamra-joey-hood-favoriser-les-solutions-politiques-et-pacifiques-dans-la-resolution-des-conflits\/\" \/>\n<meta property=\"og:locale\" content=\"fr_FR\" \/>\n<meta property=\"og:type\" content=\"article\" \/>\n<meta property=\"og:title\" content=\"Entretien Ramtane Lamamra- Joey Hood : Favoriser les solutions politiques et pacifiques dans la r\u00e9solution des conflits - La Sentinelle\" \/>\n<meta property=\"og:description\" content=\"Le ministre des Affaires \u00e9trang\u00e8res et de la Communaut\u00e9 nationale \u00e0 l\u2019\u00e9tranger, Ramtane Lamamra, a eu un entretien, dimanche, avec\" \/>\n<meta property=\"og:url\" content=\"https:\/\/lasentinelle.dz\/index.php\/2021\/07\/27\/entretien-ramtane-lamamra-joey-hood-favoriser-les-solutions-politiques-et-pacifiques-dans-la-resolution-des-conflits\/\" \/>\n<meta property=\"og:site_name\" content=\"La Sentinelle\" \/>\n<meta property=\"article:publisher\" content=\"https:\/\/www.facebook.com\/La-Sentinelle-104059864394773\" \/>\n<meta property=\"article:published_time\" content=\"2021-07-26T23:01:00+00:00\" \/>\n<meta property=\"og:image\" content=\"https:\/\/lasentinelle.dz\/wp-content\/uploads\/2021\/07\/ramattane.png\" \/>\n\t<meta property=\"og:image:width\" content=\"1349\" \/>\n\t<meta property=\"og:image:height\" content=\"900\" \/>\n\t<meta property=\"og:image:type\" content=\"image\/png\" \/>\n<meta name=\"author\" content=\"La Sentinelle\" \/>\n<meta name=\"twitter:card\" content=\"summary_large_image\" \/>\n<meta name=\"twitter:label1\" content=\"\u00c9crit par\" \/>\n\t<meta name=\"twitter:data1\" content=\"La Sentinelle\" \/>\n\t<meta name=\"twitter:label2\" content=\"Dur\u00e9e de lecture estim\u00e9e\" \/>\n\t<meta name=\"twitter:data2\" content=\"2 minutes\" \/>\n<script type=\"application\/ld+json\" class=\"yoast-schema-graph\">{\"@context\":\"https:\\\/\\\/schema.org\",\"@graph\":[{\"@type\":\"Article\",\"@id\":\"https:\\\/\\\/lasentinelle.dz\\\/index.php\\\/2021\\\/07\\\/27\\\/entretien-ramtane-lamamra-joey-hood-favoriser-les-solutions-politiques-et-pacifiques-dans-la-resolution-des-conflits\\\/#article\",\"isPartOf\":{\"@id\":\"https:\\\/\\\/lasentinelle.dz\\\/index.php\\\/2021\\\/07\\\/27\\\/entretien-ramtane-lamamra-joey-hood-favoriser-les-solutions-politiques-et-pacifiques-dans-la-resolution-des-conflits\\\/\"},\"author\":{\"name\":\"La Sentinelle\",\"@id\":\"https:\\\/\\\/lasentinelle.dz\\\/#\\\/schema\\\/person\\\/d865044e22e70a75174ce8bcad3acfb3\"},\"headline\":\"Entretien Ramtane Lamamra- Joey Hood : Favoriser les solutions politiques et pacifiques dans la r\u00e9solution des conflits\",\"datePublished\":\"2021-07-26T23:01:00+00:00\",\"mainEntityOfPage\":{\"@id\":\"https:\\\/\\\/lasentinelle.dz\\\/index.php\\\/2021\\\/07\\\/27\\\/entretien-ramtane-lamamra-joey-hood-favoriser-les-solutions-politiques-et-pacifiques-dans-la-resolution-des-conflits\\\/\"},\"wordCount\":414,\"commentCount\":0,\"publisher\":{\"@id\":\"https:\\\/\\\/lasentinelle.dz\\\/#organization\"},\"image\":{\"@id\":\"https:\\\/\\\/lasentinelle.dz\\\/index.php\\\/2021\\\/07\\\/27\\\/entretien-ramtane-lamamra-joey-hood-favoriser-les-solutions-politiques-et-pacifiques-dans-la-resolution-des-conflits\\\/#primaryimage\"},\"thumbnailUrl\":\"https:\\\/\\\/lasentinelle.dz\\\/wp-content\\\/uploads\\\/2021\\\/07\\\/ramattane.png\",\"articleSection\":[\"Actualit\u00e9\"],\"inLanguage\":\"fr-FR\",\"potentialAction\":[{\"@type\":\"CommentAction\",\"name\":\"Comment\",\"target\":[\"https:\\\/\\\/lasentinelle.dz\\\/index.php\\\/2021\\\/07\\\/27\\\/entretien-ramtane-lamamra-joey-hood-favoriser-les-solutions-politiques-et-pacifiques-dans-la-resolution-des-conflits\\\/#respond\"]}]},{\"@type\":\"WebPage\",\"@id\":\"https:\\\/\\\/lasentinelle.dz\\\/index.php\\\/2021\\\/07\\\/27\\\/entretien-ramtane-lamamra-joey-hood-favoriser-les-solutions-politiques-et-pacifiques-dans-la-resolution-des-conflits\\\/\",\"url\":\"https:\\\/\\\/lasentinelle.dz\\\/index.php\\\/2021\\\/07\\\/27\\\/entretien-ramtane-lamamra-joey-hood-favoriser-les-solutions-politiques-et-pacifiques-dans-la-resolution-des-conflits\\\/\",\"name\":\"Entretien Ramtane Lamamra- Joey Hood : Favoriser les solutions politiques et pacifiques dans la r\u00e9solution des conflits - La Sentinelle\",\"isPartOf\":{\"@id\":\"https:\\\/\\\/lasentinelle.dz\\\/#website\"},\"primaryImageOfPage\":{\"@id\":\"https:\\\/\\\/lasentinelle.dz\\\/index.php\\\/2021\\\/07\\\/27\\\/entretien-ramtane-lamamra-joey-hood-favoriser-les-solutions-politiques-et-pacifiques-dans-la-resolution-des-conflits\\\/#primaryimage\"},\"image\":{\"@id\":\"https:\\\/\\\/lasentinelle.dz\\\/index.php\\\/2021\\\/07\\\/27\\\/entretien-ramtane-lamamra-joey-hood-favoriser-les-solutions-politiques-et-pacifiques-dans-la-resolution-des-conflits\\\/#primaryimage\"},\"thumbnailUrl\":\"https:\\\/\\\/lasentinelle.dz\\\/wp-content\\\/uploads\\\/2021\\\/07\\\/ramattane.png\",\"datePublished\":\"2021-07-26T23:01:00+00:00\",\"breadcrumb\":{\"@id\":\"https:\\\/\\\/lasentinelle.dz\\\/index.php\\\/2021\\\/07\\\/27\\\/entretien-ramtane-lamamra-joey-hood-favoriser-les-solutions-politiques-et-pacifiques-dans-la-resolution-des-conflits\\\/#breadcrumb\"},\"inLanguage\":\"fr-FR\",\"potentialAction\":[{\"@type\":\"ReadAction\",\"target\":[\"https:\\\/\\\/lasentinelle.dz\\\/index.php\\\/2021\\\/07\\\/27\\\/entretien-ramtane-lamamra-joey-hood-favoriser-les-solutions-politiques-et-pacifiques-dans-la-resolution-des-conflits\\\/\"]}]},{\"@type\":\"ImageObject\",\"inLanguage\":\"fr-FR\",\"@id\":\"https:\\\/\\\/lasentinelle.dz\\\/index.php\\\/2021\\\/07\\\/27\\\/entretien-ramtane-lamamra-joey-hood-favoriser-les-solutions-politiques-et-pacifiques-dans-la-resolution-des-conflits\\\/#primaryimage\",\"url\":\"https:\\\/\\\/lasentinelle.dz\\\/wp-content\\\/uploads\\\/2021\\\/07\\\/ramattane.png\",\"contentUrl\":\"https:\\\/\\\/lasentinelle.dz\\\/wp-content\\\/uploads\\\/2021\\\/07\\\/ramattane.png\",\"width\":1349,\"height\":900},{\"@type\":\"BreadcrumbList\",\"@id\":\"https:\\\/\\\/lasentinelle.dz\\\/index.php\\\/2021\\\/07\\\/27\\\/entretien-ramtane-lamamra-joey-hood-favoriser-les-solutions-politiques-et-pacifiques-dans-la-resolution-des-conflits\\\/#breadcrumb\",\"itemListElement\":[{\"@type\":\"ListItem\",\"position\":1,\"name\":\"Accueil\",\"item\":\"https:\\\/\\\/lasentinelle.dz\\\/\"},{\"@type\":\"ListItem\",\"position\":2,\"name\":\"Entretien Ramtane Lamamra- Joey Hood : Favoriser les solutions politiques et pacifiques dans la r\u00e9solution des conflits\"}]},{\"@type\":\"WebSite\",\"@id\":\"https:\\\/\\\/lasentinelle.dz\\\/#website\",\"url\":\"https:\\\/\\\/lasentinelle.dz\\\/\",\"name\":\"La Sentinelle\",\"description\":\"Quotidien national d&#039;information\",\"publisher\":{\"@id\":\"https:\\\/\\\/lasentinelle.dz\\\/#organization\"},\"potentialAction\":[{\"@type\":\"SearchAction\",\"target\":{\"@type\":\"EntryPoint\",\"urlTemplate\":\"https:\\\/\\\/lasentinelle.dz\\\/?s={search_term_string}\"},\"query-input\":{\"@type\":\"PropertyValueSpecification\",\"valueRequired\":true,\"valueName\":\"search_term_string\"}}],\"inLanguage\":\"fr-FR\"},{\"@type\":\"Organization\",\"@id\":\"https:\\\/\\\/lasentinelle.dz\\\/#organization\",\"name\":\"Quotidien La Sentinelle\",\"url\":\"https:\\\/\\\/lasentinelle.dz\\\/\",\"logo\":{\"@type\":\"ImageObject\",\"inLanguage\":\"fr-FR\",\"@id\":\"https:\\\/\\\/lasentinelle.dz\\\/#\\\/schema\\\/logo\\\/image\\\/\",\"url\":\"https:\\\/\\\/lasentinelle.dz\\\/wp-content\\\/uploads\\\/2021\\\/09\\\/logo-sentinelleSLOGAN-1.png\",\"contentUrl\":\"https:\\\/\\\/lasentinelle.dz\\\/wp-content\\\/uploads\\\/2021\\\/09\\\/logo-sentinelleSLOGAN-1.png\",\"width\":615,\"height\":142,\"caption\":\"Quotidien La Sentinelle\"},\"image\":{\"@id\":\"https:\\\/\\\/lasentinelle.dz\\\/#\\\/schema\\\/logo\\\/image\\\/\"},\"sameAs\":[\"https:\\\/\\\/www.facebook.com\\\/La-Sentinelle-104059864394773\"]},{\"@type\":\"Person\",\"@id\":\"https:\\\/\\\/lasentinelle.dz\\\/#\\\/schema\\\/person\\\/d865044e22e70a75174ce8bcad3acfb3\",\"name\":\"La Sentinelle\",\"image\":{\"@type\":\"ImageObject\",\"inLanguage\":\"fr-FR\",\"@id\":\"https:\\\/\\\/secure.gravatar.com\\\/avatar\\\/57de8e5d4b15d43fb361a71fbb36338450fe67865b528a43dd10ef7c51a20392?s=96&d=mm&r=g\",\"url\":\"https:\\\/\\\/secure.gravatar.com\\\/avatar\\\/57de8e5d4b15d43fb361a71fbb36338450fe67865b528a43dd10ef7c51a20392?s=96&d=mm&r=g\",\"contentUrl\":\"https:\\\/\\\/secure.gravatar.com\\\/avatar\\\/57de8e5d4b15d43fb361a71fbb36338450fe67865b528a43dd10ef7c51a20392?s=96&d=mm&r=g\",\"caption\":\"La Sentinelle\"},\"sameAs\":[\"http:\\\/\\\/www.lasentinelle.dz\"],\"url\":\"https:\\\/\\\/lasentinelle.dz\\\/author\\\/redaction\\\/\"}]}<\/script>\n<!-- \/ Yoast SEO plugin. -->","yoast_head_json":{"title":"Entretien Ramtane Lamamra- Joey Hood : Favoriser les solutions politiques et pacifiques dans la r\u00e9solution des conflits - La Sentinelle","robots":{"index":"index","follow":"follow","max-snippet":"max-snippet:-1","max-image-preview":"max-image-preview:large","max-video-preview":"max-video-preview:-1"},"canonical":"https:\/\/lasentinelle.dz\/index.php\/2021\/07\/27\/entretien-ramtane-lamamra-joey-hood-favoriser-les-solutions-politiques-et-pacifiques-dans-la-resolution-des-conflits\/","og_locale":"fr_FR","og_type":"article","og_title":"Entretien Ramtane Lamamra- Joey Hood : Favoriser les solutions politiques et pacifiques dans la r\u00e9solution des conflits - La Sentinelle","og_description":"Le ministre des Affaires \u00e9trang\u00e8res et de la Communaut\u00e9 nationale \u00e0 l\u2019\u00e9tranger, Ramtane Lamamra, a eu un entretien, dimanche, avec","og_url":"https:\/\/lasentinelle.dz\/index.php\/2021\/07\/27\/entretien-ramtane-lamamra-joey-hood-favoriser-les-solutions-politiques-et-pacifiques-dans-la-resolution-des-conflits\/","og_site_name":"La Sentinelle","article_publisher":"https:\/\/www.facebook.com\/La-Sentinelle-104059864394773","article_published_time":"2021-07-26T23:01:00+00:00","og_image":[{"width":1349,"height":900,"url":"https:\/\/lasentinelle.dz\/wp-content\/uploads\/2021\/07\/ramattane.png","type":"image\/png"}],"author":"La Sentinelle","twitter_card":"summary_large_image","twitter_misc":{"\u00c9crit par":"La Sentinelle","Dur\u00e9e de lecture estim\u00e9e":"2 minutes"},"schema":{"@context":"https:\/\/schema.org","@graph":[{"@type":"Article","@id":"https:\/\/lasentinelle.dz\/index.php\/2021\/07\/27\/entretien-ramtane-lamamra-joey-hood-favoriser-les-solutions-politiques-et-pacifiques-dans-la-resolution-des-conflits\/#article","isPartOf":{"@id":"https:\/\/lasentinelle.dz\/index.php\/2021\/07\/27\/entretien-ramtane-lamamra-joey-hood-favoriser-les-solutions-politiques-et-pacifiques-dans-la-resolution-des-conflits\/"},"author":{"name":"La Sentinelle","@id":"https:\/\/lasentinelle.dz\/#\/schema\/person\/d865044e22e70a75174ce8bcad3acfb3"},"headline":"Entretien Ramtane Lamamra- Joey Hood : Favoriser les solutions politiques et pacifiques dans la r\u00e9solution des conflits","datePublished":"2021-07-26T23:01:00+00:00","mainEntityOfPage":{"@id":"https:\/\/lasentinelle.dz\/index.php\/2021\/07\/27\/entretien-ramtane-lamamra-joey-hood-favoriser-les-solutions-politiques-et-pacifiques-dans-la-resolution-des-conflits\/"},"wordCount":414,"commentCount":0,"publisher":{"@id":"https:\/\/lasentinelle.dz\/#organization"},"image":{"@id":"https:\/\/lasentinelle.dz\/index.php\/2021\/07\/27\/entretien-ramtane-lamamra-joey-hood-favoriser-les-solutions-politiques-et-pacifiques-dans-la-resolution-des-conflits\/#primaryimage"},"thumbnailUrl":"https:\/\/lasentinelle.dz\/wp-content\/uploads\/2021\/07\/ramattane.png","articleSection":["Actualit\u00e9"],"inLanguage":"fr-FR","potentialAction":[{"@type":"CommentAction","name":"Comment","target":["https:\/\/lasentinelle.dz\/index.php\/2021\/07\/27\/entretien-ramtane-lamamra-joey-hood-favoriser-les-solutions-politiques-et-pacifiques-dans-la-resolution-des-conflits\/#respond"]}]},{"@type":"WebPage","@id":"https:\/\/lasentinelle.dz\/index.php\/2021\/07\/27\/entretien-ramtane-lamamra-joey-hood-favoriser-les-solutions-politiques-et-pacifiques-dans-la-resolution-des-conflits\/","url":"https:\/\/lasentinelle.dz\/index.php\/2021\/07\/27\/entretien-ramtane-lamamra-joey-hood-favoriser-les-solutions-politiques-et-pacifiques-dans-la-resolution-des-conflits\/","name":"Entretien Ramtane Lamamra- Joey Hood : Favoriser les solutions politiques et pacifiques dans la r\u00e9solution des conflits - La Sentinelle","isPartOf":{"@id":"https:\/\/lasentinelle.dz\/#website"},"primaryImageOfPage":{"@id":"https:\/\/lasentinelle.dz\/index.php\/2021\/07\/27\/entretien-ramtane-lamamra-joey-hood-favoriser-les-solutions-politiques-et-pacifiques-dans-la-resolution-des-conflits\/#primaryimage"},"image":{"@id":"https:\/\/lasentinelle.dz\/index.php\/2021\/07\/27\/entretien-ramtane-lamamra-joey-hood-favoriser-les-solutions-politiques-et-pacifiques-dans-la-resolution-des-conflits\/#primaryimage"},"thumbnailUrl":"https:\/\/lasentinelle.dz\/wp-content\/uploads\/2021\/07\/ramattane.png","datePublished":"2021-07-26T23:01:00+00:00","breadcrumb":{"@id":"https:\/\/lasentinelle.dz\/index.php\/2021\/07\/27\/entretien-ramtane-lamamra-joey-hood-favoriser-les-solutions-politiques-et-pacifiques-dans-la-resolution-des-conflits\/#breadcrumb"},"inLanguage":"fr-FR","potentialAction":[{"@type":"ReadAction","target":["https:\/\/lasentinelle.dz\/index.php\/2021\/07\/27\/entretien-ramtane-lamamra-joey-hood-favoriser-les-solutions-politiques-et-pacifiques-dans-la-resolution-des-conflits\/"]}]},{"@type":"ImageObject","inLanguage":"fr-FR","@id":"https:\/\/lasentinelle.dz\/index.php\/2021\/07\/27\/entretien-ramtane-lamamra-joey-hood-favoriser-les-solutions-politiques-et-pacifiques-dans-la-resolution-des-conflits\/#primaryimage","url":"https:\/\/lasentinelle.dz\/wp-content\/uploads\/2021\/07\/ramattane.png","contentUrl":"https:\/\/lasentinelle.dz\/wp-content\/uploads\/2021\/07\/ramattane.png","width":1349,"height":900},{"@type":"BreadcrumbList","@id":"https:\/\/lasentinelle.dz\/index.php\/2021\/07\/27\/entretien-ramtane-lamamra-joey-hood-favoriser-les-solutions-politiques-et-pacifiques-dans-la-resolution-des-conflits\/#breadcrumb","itemListElement":[{"@type":"ListItem","position":1,"name":"Accueil","item":"https:\/\/lasentinelle.dz\/"},{"@type":"ListItem","position":2,"name":"Entretien Ramtane Lamamra- Joey Hood : Favoriser les solutions politiques et pacifiques dans la r\u00e9solution des conflits"}]},{"@type":"WebSite","@id":"https:\/\/lasentinelle.dz\/#website","url":"https:\/\/lasentinelle.dz\/","name":"La Sentinelle","description":"Quotidien national d&#039;information","publisher":{"@id":"https:\/\/lasentinelle.dz\/#organization"},"potentialAction":[{"@type":"SearchAction","target":{"@type":"EntryPoint","urlTemplate":"https:\/\/lasentinelle.dz\/?s={search_term_string}"},"query-input":{"@type":"PropertyValueSpecification","valueRequired":true,"valueName":"search_term_string"}}],"inLanguage":"fr-FR"},{"@type":"Organization","@id":"https:\/\/lasentinelle.dz\/#organization","name":"Quotidien La Sentinelle","url":"https:\/\/lasentinelle.dz\/","logo":{"@type":"ImageObject","inLanguage":"fr-FR","@id":"https:\/\/lasentinelle.dz\/#\/schema\/logo\/image\/","url":"https:\/\/lasentinelle.dz\/wp-content\/uploads\/2021\/09\/logo-sentinelleSLOGAN-1.png","contentUrl":"https:\/\/lasentinelle.dz\/wp-content\/uploads\/2021\/09\/logo-sentinelleSLOGAN-1.png","width":615,"height":142,"caption":"Quotidien La Sentinelle"},"image":{"@id":"https:\/\/lasentinelle.dz\/#\/schema\/logo\/image\/"},"sameAs":["https:\/\/www.facebook.com\/La-Sentinelle-104059864394773"]},{"@type":"Person","@id":"https:\/\/lasentinelle.dz\/#\/schema\/person\/d865044e22e70a75174ce8bcad3acfb3","name":"La Sentinelle","image":{"@type":"ImageObject","inLanguage":"fr-FR","@id":"https:\/\/secure.gravatar.com\/avatar\/57de8e5d4b15d43fb361a71fbb36338450fe67865b528a43dd10ef7c51a20392?s=96&d=mm&r=g","url":"https:\/\/secure.gravatar.com\/avatar\/57de8e5d4b15d43fb361a71fbb36338450fe67865b528a43dd10ef7c51a20392?s=96&d=mm&r=g","contentUrl":"https:\/\/secure.gravatar.com\/avatar\/57de8e5d4b15d43fb361a71fbb36338450fe67865b528a43dd10ef7c51a20392?s=96&d=mm&r=g","caption":"La Sentinelle"},"sameAs":["http:\/\/www.lasentinelle.dz"],"url":"https:\/\/lasentinelle.dz\/author\/redaction\/"}]}},"_links":{"self":[{"href":"https:\/\/lasentinelle.dz\/index.php\/wp-json\/wp\/v2\/posts\/2410","targetHints":{"allow":["GET"]}}],"collection":[{"href":"https:\/\/lasentinelle.dz\/index.php\/wp-json\/wp\/v2\/posts"}],"about":[{"href":"https:\/\/lasentinelle.dz\/index.php\/wp-json\/wp\/v2\/types\/post"}],"author":[{"embeddable":true,"href":"https:\/\/lasentinelle.dz\/index.php\/wp-json\/wp\/v2\/users\/3"}],"replies":[{"embeddable":true,"href":"https:\/\/lasentinelle.dz\/index.php\/wp-json\/wp\/v2\/comments?post=2410"}],"version-history":[{"count":1,"href":"https:\/\/lasentinelle.dz\/index.php\/wp-json\/wp\/v2\/posts\/2410\/revisions"}],"predecessor-version":[{"id":2431,"href":"https:\/\/lasentinelle.dz\/index.php\/wp-json\/wp\/v2\/posts\/2410\/revisions\/2431"}],"wp:featuredmedia":[{"embeddable":true,"href":"https:\/\/lasentinelle.dz\/index.php\/wp-json\/wp\/v2\/media\/2426"}],"wp:attachment":[{"href":"https:\/\/lasentinelle.dz\/index.php\/wp-json\/wp\/v2\/media?parent=2410"}],"wp:term":[{"taxonomy":"category","embeddable":true,"href":"https:\/\/lasentinelle.dz\/index.php\/wp-json\/wp\/v2\/categories?post=2410"},{"taxonomy":"post_tag","embeddable":true,"href":"https:\/\/lasentinelle.dz\/index.php\/wp-json\/wp\/v2\/tags?post=2410"}],"curies":[{"name":"wp","href":"https:\/\/api.w.org\/{rel}","templated":true}]}}