{"id":24133,"date":"2022-07-14T00:01:00","date_gmt":"2022-07-13T23:01:00","guid":{"rendered":"https:\/\/lasentinelle.dz\/?p=24133"},"modified":"2022-07-13T20:07:27","modified_gmt":"2022-07-13T19:07:27","slug":"cloture-de-la-session-parlementaire-aujourdhui-goudjil-appelle-au-renforcement-du-front-interne","status":"publish","type":"post","link":"https:\/\/lasentinelle.dz\/index.php\/2022\/07\/14\/cloture-de-la-session-parlementaire-aujourdhui-goudjil-appelle-au-renforcement-du-front-interne\/","title":{"rendered":"Cl\u00f4ture de la session parlementaire aujourd\u2019hui\u00a0: Goudjil appelle au renforcement du front interne"},"content":{"rendered":"\n<p>Le Conseil de la Nation a clos hier ses d\u00e9bats avec l\u2019examen et le vote des lois sur l\u2019investissement et sur la r\u00e9serve militaire avant la cl\u00f4ture officielle, aujourd\u2019hui de la session parlementaire ouverte le 2 septembre dernier.&nbsp;<\/p>\n\n\n\n<p>Le pr\u00e9sident du Conseil de la Nation a, ainsi, saisi l\u2019occasion pour le renforcement du front interne&nbsp;pour&nbsp;\u00ab&nbsp;faire face aux menaces&nbsp;\u00bb qui guettent notre pays, notant que les c\u00e9l\u00e9brations du 60e anniversaire&nbsp;du recouvrement de la souverainet\u00e9 nationale&nbsp;\u00ab&nbsp;ont&nbsp;la solidit\u00e9 des liens de&nbsp;l&rsquo;Arm\u00e9e Nationale Populaire avec la&nbsp;Patrie et le&nbsp;Peuple \u00bb.<\/p>\n\n\n\n<p>Salah Goudjil&nbsp;a soulign\u00e9 que \u00ab\u00a0la phase actuelle appelle \u00e0 renforcer l&rsquo;unit\u00e9 nationale et \u00e0 renforcer le front int\u00e9rieur afin de pr\u00e9server l&rsquo;ind\u00e9pendance et de suivre l\u2019exemple de la g\u00e9n\u00e9ration de&nbsp;Novembre, qui a donn\u00e9 une grande le\u00e7on dans le domaine de l&rsquo;unit\u00e9 nationale.\u00a0\u00bb&nbsp;Le Pr\u00e9sident de la Chambre haute du Parlement a salu\u00e9 le \u00ab\u00a0haut niveau\u00a0\u00bb qui a marqu\u00e9 les c\u00e9l\u00e9brations comm\u00e9morant le 60e anniversaire&nbsp;du recouvrement&nbsp;de la souverainet\u00e9 nationale.&nbsp;D&rsquo;autre part,&nbsp;le pr\u00e9sident du Conseil de la Nation&nbsp;a soulign\u00e9 la n\u00e9cessit\u00e9 \u00ab\u00a0d&rsquo;atteindre l&rsquo;ind\u00e9pendance \u00e9conomique en jetant des bases solides pour atteindre l&rsquo;autosuffisance alimentaire, ce qui renforcerait l&rsquo;ind\u00e9pendance politique\u00a0\u00bb.<\/p>\n\n\n\n<p>R.N.<\/p>\n","protected":false},"excerpt":{"rendered":"<p>Le Conseil de la Nation a clos hier ses d\u00e9bats avec l\u2019examen et le vote des lois sur l\u2019investissement et<\/p>\n","protected":false},"author":3,"featured_media":14061,"comment_status":"open","ping_status":"closed","sticky":false,"template":"","format":"standard","meta":{"colormag_page_container_layout":"default_layout","colormag_page_sidebar_layout":"default_layout","om_disable_all_campaigns":false,"_monsterinsights_skip_tracking":false,"_monsterinsights_sitenote_active":false,"_monsterinsights_sitenote_note":"","_monsterinsights_sitenote_category":0,"footnotes":"","_wpscppro_dont_share_socialmedia":false,"_wpscppro_custom_social_share_image":0,"_facebook_share_type":"","_twitter_share_type":"","_linkedin_share_type":"","_pinterest_share_type":"","_linkedin_share_type_page":"","_instagram_share_type":"","_medium_share_type":"","_threads_share_type":"","_google_business_share_type":"","_selected_social_profile":[],"_wpsp_enable_custom_social_template":false,"_wpsp_social_scheduling":{"enabled":false,"datetime":null,"platforms":[],"status":"template_only","dateOption":"today","timeOption":"now","customDays":"","customHours":"","customDate":"","customTime":"","schedulingType":"absolute"},"_wpsp_active_default_template":true},"categories":[27],"tags":[],"class_list":["post-24133","post","type-post","status-publish","format-standard","has-post-thumbnail","hentry","category-actualite"],"aioseo_notices":[],"yoast_head":"<!-- This site is optimized with the Yoast SEO plugin v27.5 - https:\/\/yoast.com\/product\/yoast-seo-wordpress\/ -->\n<title>Cl\u00f4ture de la session parlementaire aujourd\u2019hui\u00a0: Goudjil appelle au renforcement du front interne - La Sentinelle<\/title>\n<meta name=\"robots\" content=\"index, follow, max-snippet:-1, max-image-preview:large, max-video-preview:-1\" \/>\n<link rel=\"canonical\" href=\"https:\/\/lasentinelle.dz\/index.php\/2022\/07\/14\/cloture-de-la-session-parlementaire-aujourdhui-goudjil-appelle-au-renforcement-du-front-interne\/\" \/>\n<meta property=\"og:locale\" content=\"fr_FR\" \/>\n<meta property=\"og:type\" content=\"article\" \/>\n<meta property=\"og:title\" content=\"Cl\u00f4ture de la session parlementaire aujourd\u2019hui\u00a0: Goudjil appelle au renforcement du front interne - La Sentinelle\" \/>\n<meta property=\"og:description\" content=\"Le Conseil de la Nation a clos hier ses d\u00e9bats avec l\u2019examen et le vote des lois sur l\u2019investissement et\" \/>\n<meta property=\"og:url\" content=\"https:\/\/lasentinelle.dz\/index.php\/2022\/07\/14\/cloture-de-la-session-parlementaire-aujourdhui-goudjil-appelle-au-renforcement-du-front-interne\/\" \/>\n<meta property=\"og:site_name\" content=\"La Sentinelle\" \/>\n<meta property=\"article:publisher\" content=\"https:\/\/www.facebook.com\/La-Sentinelle-104059864394773\" \/>\n<meta property=\"article:published_time\" content=\"2022-07-13T23:01:00+00:00\" \/>\n<meta property=\"og:image\" content=\"https:\/\/lasentinelle.dz\/wp-content\/uploads\/2021\/11\/Salah-Goudjil.png\" \/>\n\t<meta property=\"og:image:width\" content=\"1617\" \/>\n\t<meta property=\"og:image:height\" content=\"900\" \/>\n\t<meta property=\"og:image:type\" content=\"image\/png\" \/>\n<meta name=\"author\" content=\"La Sentinelle\" \/>\n<meta name=\"twitter:card\" content=\"summary_large_image\" \/>\n<meta name=\"twitter:label1\" content=\"\u00c9crit par\" \/>\n\t<meta name=\"twitter:data1\" content=\"La Sentinelle\" \/>\n\t<meta name=\"twitter:label2\" content=\"Dur\u00e9e de lecture estim\u00e9e\" \/>\n\t<meta name=\"twitter:data2\" content=\"1 minute\" \/>\n<script type=\"application\/ld+json\" class=\"yoast-schema-graph\">{\"@context\":\"https:\\\/\\\/schema.org\",\"@graph\":[{\"@type\":\"Article\",\"@id\":\"https:\\\/\\\/lasentinelle.dz\\\/index.php\\\/2022\\\/07\\\/14\\\/cloture-de-la-session-parlementaire-aujourdhui-goudjil-appelle-au-renforcement-du-front-interne\\\/#article\",\"isPartOf\":{\"@id\":\"https:\\\/\\\/lasentinelle.dz\\\/index.php\\\/2022\\\/07\\\/14\\\/cloture-de-la-session-parlementaire-aujourdhui-goudjil-appelle-au-renforcement-du-front-interne\\\/\"},\"author\":{\"name\":\"La Sentinelle\",\"@id\":\"https:\\\/\\\/lasentinelle.dz\\\/#\\\/schema\\\/person\\\/d865044e22e70a75174ce8bcad3acfb3\"},\"headline\":\"Cl\u00f4ture de la session parlementaire aujourd\u2019hui\u00a0: Goudjil appelle au renforcement du front interne\",\"datePublished\":\"2022-07-13T23:01:00+00:00\",\"mainEntityOfPage\":{\"@id\":\"https:\\\/\\\/lasentinelle.dz\\\/index.php\\\/2022\\\/07\\\/14\\\/cloture-de-la-session-parlementaire-aujourdhui-goudjil-appelle-au-renforcement-du-front-interne\\\/\"},\"wordCount\":263,\"commentCount\":0,\"publisher\":{\"@id\":\"https:\\\/\\\/lasentinelle.dz\\\/#organization\"},\"image\":{\"@id\":\"https:\\\/\\\/lasentinelle.dz\\\/index.php\\\/2022\\\/07\\\/14\\\/cloture-de-la-session-parlementaire-aujourdhui-goudjil-appelle-au-renforcement-du-front-interne\\\/#primaryimage\"},\"thumbnailUrl\":\"https:\\\/\\\/lasentinelle.dz\\\/wp-content\\\/uploads\\\/2021\\\/11\\\/Salah-Goudjil.png\",\"articleSection\":[\"Actualit\u00e9\"],\"inLanguage\":\"fr-FR\",\"potentialAction\":[{\"@type\":\"CommentAction\",\"name\":\"Comment\",\"target\":[\"https:\\\/\\\/lasentinelle.dz\\\/index.php\\\/2022\\\/07\\\/14\\\/cloture-de-la-session-parlementaire-aujourdhui-goudjil-appelle-au-renforcement-du-front-interne\\\/#respond\"]}]},{\"@type\":\"WebPage\",\"@id\":\"https:\\\/\\\/lasentinelle.dz\\\/index.php\\\/2022\\\/07\\\/14\\\/cloture-de-la-session-parlementaire-aujourdhui-goudjil-appelle-au-renforcement-du-front-interne\\\/\",\"url\":\"https:\\\/\\\/lasentinelle.dz\\\/index.php\\\/2022\\\/07\\\/14\\\/cloture-de-la-session-parlementaire-aujourdhui-goudjil-appelle-au-renforcement-du-front-interne\\\/\",\"name\":\"Cl\u00f4ture de la session parlementaire aujourd\u2019hui\u00a0: Goudjil appelle au renforcement du front interne - La Sentinelle\",\"isPartOf\":{\"@id\":\"https:\\\/\\\/lasentinelle.dz\\\/#website\"},\"primaryImageOfPage\":{\"@id\":\"https:\\\/\\\/lasentinelle.dz\\\/index.php\\\/2022\\\/07\\\/14\\\/cloture-de-la-session-parlementaire-aujourdhui-goudjil-appelle-au-renforcement-du-front-interne\\\/#primaryimage\"},\"image\":{\"@id\":\"https:\\\/\\\/lasentinelle.dz\\\/index.php\\\/2022\\\/07\\\/14\\\/cloture-de-la-session-parlementaire-aujourdhui-goudjil-appelle-au-renforcement-du-front-interne\\\/#primaryimage\"},\"thumbnailUrl\":\"https:\\\/\\\/lasentinelle.dz\\\/wp-content\\\/uploads\\\/2021\\\/11\\\/Salah-Goudjil.png\",\"datePublished\":\"2022-07-13T23:01:00+00:00\",\"breadcrumb\":{\"@id\":\"https:\\\/\\\/lasentinelle.dz\\\/index.php\\\/2022\\\/07\\\/14\\\/cloture-de-la-session-parlementaire-aujourdhui-goudjil-appelle-au-renforcement-du-front-interne\\\/#breadcrumb\"},\"inLanguage\":\"fr-FR\",\"potentialAction\":[{\"@type\":\"ReadAction\",\"target\":[\"https:\\\/\\\/lasentinelle.dz\\\/index.php\\\/2022\\\/07\\\/14\\\/cloture-de-la-session-parlementaire-aujourdhui-goudjil-appelle-au-renforcement-du-front-interne\\\/\"]}]},{\"@type\":\"ImageObject\",\"inLanguage\":\"fr-FR\",\"@id\":\"https:\\\/\\\/lasentinelle.dz\\\/index.php\\\/2022\\\/07\\\/14\\\/cloture-de-la-session-parlementaire-aujourdhui-goudjil-appelle-au-renforcement-du-front-interne\\\/#primaryimage\",\"url\":\"https:\\\/\\\/lasentinelle.dz\\\/wp-content\\\/uploads\\\/2021\\\/11\\\/Salah-Goudjil.png\",\"contentUrl\":\"https:\\\/\\\/lasentinelle.dz\\\/wp-content\\\/uploads\\\/2021\\\/11\\\/Salah-Goudjil.png\",\"width\":1617,\"height\":900},{\"@type\":\"BreadcrumbList\",\"@id\":\"https:\\\/\\\/lasentinelle.dz\\\/index.php\\\/2022\\\/07\\\/14\\\/cloture-de-la-session-parlementaire-aujourdhui-goudjil-appelle-au-renforcement-du-front-interne\\\/#breadcrumb\",\"itemListElement\":[{\"@type\":\"ListItem\",\"position\":1,\"name\":\"Accueil\",\"item\":\"https:\\\/\\\/lasentinelle.dz\\\/\"},{\"@type\":\"ListItem\",\"position\":2,\"name\":\"Cl\u00f4ture de la session parlementaire aujourd\u2019hui\u00a0: Goudjil appelle au renforcement du front interne\"}]},{\"@type\":\"WebSite\",\"@id\":\"https:\\\/\\\/lasentinelle.dz\\\/#website\",\"url\":\"https:\\\/\\\/lasentinelle.dz\\\/\",\"name\":\"La Sentinelle\",\"description\":\"Quotidien national d&#039;information\",\"publisher\":{\"@id\":\"https:\\\/\\\/lasentinelle.dz\\\/#organization\"},\"potentialAction\":[{\"@type\":\"SearchAction\",\"target\":{\"@type\":\"EntryPoint\",\"urlTemplate\":\"https:\\\/\\\/lasentinelle.dz\\\/?s={search_term_string}\"},\"query-input\":{\"@type\":\"PropertyValueSpecification\",\"valueRequired\":true,\"valueName\":\"search_term_string\"}}],\"inLanguage\":\"fr-FR\"},{\"@type\":\"Organization\",\"@id\":\"https:\\\/\\\/lasentinelle.dz\\\/#organization\",\"name\":\"Quotidien La Sentinelle\",\"url\":\"https:\\\/\\\/lasentinelle.dz\\\/\",\"logo\":{\"@type\":\"ImageObject\",\"inLanguage\":\"fr-FR\",\"@id\":\"https:\\\/\\\/lasentinelle.dz\\\/#\\\/schema\\\/logo\\\/image\\\/\",\"url\":\"https:\\\/\\\/lasentinelle.dz\\\/wp-content\\\/uploads\\\/2021\\\/09\\\/logo-sentinelleSLOGAN-1.png\",\"contentUrl\":\"https:\\\/\\\/lasentinelle.dz\\\/wp-content\\\/uploads\\\/2021\\\/09\\\/logo-sentinelleSLOGAN-1.png\",\"width\":615,\"height\":142,\"caption\":\"Quotidien La Sentinelle\"},\"image\":{\"@id\":\"https:\\\/\\\/lasentinelle.dz\\\/#\\\/schema\\\/logo\\\/image\\\/\"},\"sameAs\":[\"https:\\\/\\\/www.facebook.com\\\/La-Sentinelle-104059864394773\"]},{\"@type\":\"Person\",\"@id\":\"https:\\\/\\\/lasentinelle.dz\\\/#\\\/schema\\\/person\\\/d865044e22e70a75174ce8bcad3acfb3\",\"name\":\"La Sentinelle\",\"image\":{\"@type\":\"ImageObject\",\"inLanguage\":\"fr-FR\",\"@id\":\"https:\\\/\\\/secure.gravatar.com\\\/avatar\\\/57de8e5d4b15d43fb361a71fbb36338450fe67865b528a43dd10ef7c51a20392?s=96&d=mm&r=g\",\"url\":\"https:\\\/\\\/secure.gravatar.com\\\/avatar\\\/57de8e5d4b15d43fb361a71fbb36338450fe67865b528a43dd10ef7c51a20392?s=96&d=mm&r=g\",\"contentUrl\":\"https:\\\/\\\/secure.gravatar.com\\\/avatar\\\/57de8e5d4b15d43fb361a71fbb36338450fe67865b528a43dd10ef7c51a20392?s=96&d=mm&r=g\",\"caption\":\"La Sentinelle\"},\"sameAs\":[\"http:\\\/\\\/www.lasentinelle.dz\"],\"url\":\"https:\\\/\\\/lasentinelle.dz\\\/author\\\/redaction\\\/\"}]}<\/script>\n<!-- \/ Yoast SEO plugin. -->","yoast_head_json":{"title":"Cl\u00f4ture de la session parlementaire aujourd\u2019hui\u00a0: Goudjil appelle au renforcement du front interne - La Sentinelle","robots":{"index":"index","follow":"follow","max-snippet":"max-snippet:-1","max-image-preview":"max-image-preview:large","max-video-preview":"max-video-preview:-1"},"canonical":"https:\/\/lasentinelle.dz\/index.php\/2022\/07\/14\/cloture-de-la-session-parlementaire-aujourdhui-goudjil-appelle-au-renforcement-du-front-interne\/","og_locale":"fr_FR","og_type":"article","og_title":"Cl\u00f4ture de la session parlementaire aujourd\u2019hui\u00a0: Goudjil appelle au renforcement du front interne - La Sentinelle","og_description":"Le Conseil de la Nation a clos hier ses d\u00e9bats avec l\u2019examen et le vote des lois sur l\u2019investissement et","og_url":"https:\/\/lasentinelle.dz\/index.php\/2022\/07\/14\/cloture-de-la-session-parlementaire-aujourdhui-goudjil-appelle-au-renforcement-du-front-interne\/","og_site_name":"La Sentinelle","article_publisher":"https:\/\/www.facebook.com\/La-Sentinelle-104059864394773","article_published_time":"2022-07-13T23:01:00+00:00","og_image":[{"width":1617,"height":900,"url":"https:\/\/lasentinelle.dz\/wp-content\/uploads\/2021\/11\/Salah-Goudjil.png","type":"image\/png"}],"author":"La Sentinelle","twitter_card":"summary_large_image","twitter_misc":{"\u00c9crit par":"La Sentinelle","Dur\u00e9e de lecture estim\u00e9e":"1 minute"},"schema":{"@context":"https:\/\/schema.org","@graph":[{"@type":"Article","@id":"https:\/\/lasentinelle.dz\/index.php\/2022\/07\/14\/cloture-de-la-session-parlementaire-aujourdhui-goudjil-appelle-au-renforcement-du-front-interne\/#article","isPartOf":{"@id":"https:\/\/lasentinelle.dz\/index.php\/2022\/07\/14\/cloture-de-la-session-parlementaire-aujourdhui-goudjil-appelle-au-renforcement-du-front-interne\/"},"author":{"name":"La Sentinelle","@id":"https:\/\/lasentinelle.dz\/#\/schema\/person\/d865044e22e70a75174ce8bcad3acfb3"},"headline":"Cl\u00f4ture de la session parlementaire aujourd\u2019hui\u00a0: Goudjil appelle au renforcement du front interne","datePublished":"2022-07-13T23:01:00+00:00","mainEntityOfPage":{"@id":"https:\/\/lasentinelle.dz\/index.php\/2022\/07\/14\/cloture-de-la-session-parlementaire-aujourdhui-goudjil-appelle-au-renforcement-du-front-interne\/"},"wordCount":263,"commentCount":0,"publisher":{"@id":"https:\/\/lasentinelle.dz\/#organization"},"image":{"@id":"https:\/\/lasentinelle.dz\/index.php\/2022\/07\/14\/cloture-de-la-session-parlementaire-aujourdhui-goudjil-appelle-au-renforcement-du-front-interne\/#primaryimage"},"thumbnailUrl":"https:\/\/lasentinelle.dz\/wp-content\/uploads\/2021\/11\/Salah-Goudjil.png","articleSection":["Actualit\u00e9"],"inLanguage":"fr-FR","potentialAction":[{"@type":"CommentAction","name":"Comment","target":["https:\/\/lasentinelle.dz\/index.php\/2022\/07\/14\/cloture-de-la-session-parlementaire-aujourdhui-goudjil-appelle-au-renforcement-du-front-interne\/#respond"]}]},{"@type":"WebPage","@id":"https:\/\/lasentinelle.dz\/index.php\/2022\/07\/14\/cloture-de-la-session-parlementaire-aujourdhui-goudjil-appelle-au-renforcement-du-front-interne\/","url":"https:\/\/lasentinelle.dz\/index.php\/2022\/07\/14\/cloture-de-la-session-parlementaire-aujourdhui-goudjil-appelle-au-renforcement-du-front-interne\/","name":"Cl\u00f4ture de la session parlementaire aujourd\u2019hui\u00a0: Goudjil appelle au renforcement du front interne - La Sentinelle","isPartOf":{"@id":"https:\/\/lasentinelle.dz\/#website"},"primaryImageOfPage":{"@id":"https:\/\/lasentinelle.dz\/index.php\/2022\/07\/14\/cloture-de-la-session-parlementaire-aujourdhui-goudjil-appelle-au-renforcement-du-front-interne\/#primaryimage"},"image":{"@id":"https:\/\/lasentinelle.dz\/index.php\/2022\/07\/14\/cloture-de-la-session-parlementaire-aujourdhui-goudjil-appelle-au-renforcement-du-front-interne\/#primaryimage"},"thumbnailUrl":"https:\/\/lasentinelle.dz\/wp-content\/uploads\/2021\/11\/Salah-Goudjil.png","datePublished":"2022-07-13T23:01:00+00:00","breadcrumb":{"@id":"https:\/\/lasentinelle.dz\/index.php\/2022\/07\/14\/cloture-de-la-session-parlementaire-aujourdhui-goudjil-appelle-au-renforcement-du-front-interne\/#breadcrumb"},"inLanguage":"fr-FR","potentialAction":[{"@type":"ReadAction","target":["https:\/\/lasentinelle.dz\/index.php\/2022\/07\/14\/cloture-de-la-session-parlementaire-aujourdhui-goudjil-appelle-au-renforcement-du-front-interne\/"]}]},{"@type":"ImageObject","inLanguage":"fr-FR","@id":"https:\/\/lasentinelle.dz\/index.php\/2022\/07\/14\/cloture-de-la-session-parlementaire-aujourdhui-goudjil-appelle-au-renforcement-du-front-interne\/#primaryimage","url":"https:\/\/lasentinelle.dz\/wp-content\/uploads\/2021\/11\/Salah-Goudjil.png","contentUrl":"https:\/\/lasentinelle.dz\/wp-content\/uploads\/2021\/11\/Salah-Goudjil.png","width":1617,"height":900},{"@type":"BreadcrumbList","@id":"https:\/\/lasentinelle.dz\/index.php\/2022\/07\/14\/cloture-de-la-session-parlementaire-aujourdhui-goudjil-appelle-au-renforcement-du-front-interne\/#breadcrumb","itemListElement":[{"@type":"ListItem","position":1,"name":"Accueil","item":"https:\/\/lasentinelle.dz\/"},{"@type":"ListItem","position":2,"name":"Cl\u00f4ture de la session parlementaire aujourd\u2019hui\u00a0: Goudjil appelle au renforcement du front interne"}]},{"@type":"WebSite","@id":"https:\/\/lasentinelle.dz\/#website","url":"https:\/\/lasentinelle.dz\/","name":"La Sentinelle","description":"Quotidien national d&#039;information","publisher":{"@id":"https:\/\/lasentinelle.dz\/#organization"},"potentialAction":[{"@type":"SearchAction","target":{"@type":"EntryPoint","urlTemplate":"https:\/\/lasentinelle.dz\/?s={search_term_string}"},"query-input":{"@type":"PropertyValueSpecification","valueRequired":true,"valueName":"search_term_string"}}],"inLanguage":"fr-FR"},{"@type":"Organization","@id":"https:\/\/lasentinelle.dz\/#organization","name":"Quotidien La Sentinelle","url":"https:\/\/lasentinelle.dz\/","logo":{"@type":"ImageObject","inLanguage":"fr-FR","@id":"https:\/\/lasentinelle.dz\/#\/schema\/logo\/image\/","url":"https:\/\/lasentinelle.dz\/wp-content\/uploads\/2021\/09\/logo-sentinelleSLOGAN-1.png","contentUrl":"https:\/\/lasentinelle.dz\/wp-content\/uploads\/2021\/09\/logo-sentinelleSLOGAN-1.png","width":615,"height":142,"caption":"Quotidien La Sentinelle"},"image":{"@id":"https:\/\/lasentinelle.dz\/#\/schema\/logo\/image\/"},"sameAs":["https:\/\/www.facebook.com\/La-Sentinelle-104059864394773"]},{"@type":"Person","@id":"https:\/\/lasentinelle.dz\/#\/schema\/person\/d865044e22e70a75174ce8bcad3acfb3","name":"La Sentinelle","image":{"@type":"ImageObject","inLanguage":"fr-FR","@id":"https:\/\/secure.gravatar.com\/avatar\/57de8e5d4b15d43fb361a71fbb36338450fe67865b528a43dd10ef7c51a20392?s=96&d=mm&r=g","url":"https:\/\/secure.gravatar.com\/avatar\/57de8e5d4b15d43fb361a71fbb36338450fe67865b528a43dd10ef7c51a20392?s=96&d=mm&r=g","contentUrl":"https:\/\/secure.gravatar.com\/avatar\/57de8e5d4b15d43fb361a71fbb36338450fe67865b528a43dd10ef7c51a20392?s=96&d=mm&r=g","caption":"La Sentinelle"},"sameAs":["http:\/\/www.lasentinelle.dz"],"url":"https:\/\/lasentinelle.dz\/author\/redaction\/"}]}},"_links":{"self":[{"href":"https:\/\/lasentinelle.dz\/index.php\/wp-json\/wp\/v2\/posts\/24133","targetHints":{"allow":["GET"]}}],"collection":[{"href":"https:\/\/lasentinelle.dz\/index.php\/wp-json\/wp\/v2\/posts"}],"about":[{"href":"https:\/\/lasentinelle.dz\/index.php\/wp-json\/wp\/v2\/types\/post"}],"author":[{"embeddable":true,"href":"https:\/\/lasentinelle.dz\/index.php\/wp-json\/wp\/v2\/users\/3"}],"replies":[{"embeddable":true,"href":"https:\/\/lasentinelle.dz\/index.php\/wp-json\/wp\/v2\/comments?post=24133"}],"version-history":[{"count":1,"href":"https:\/\/lasentinelle.dz\/index.php\/wp-json\/wp\/v2\/posts\/24133\/revisions"}],"predecessor-version":[{"id":24138,"href":"https:\/\/lasentinelle.dz\/index.php\/wp-json\/wp\/v2\/posts\/24133\/revisions\/24138"}],"wp:featuredmedia":[{"embeddable":true,"href":"https:\/\/lasentinelle.dz\/index.php\/wp-json\/wp\/v2\/media\/14061"}],"wp:attachment":[{"href":"https:\/\/lasentinelle.dz\/index.php\/wp-json\/wp\/v2\/media?parent=24133"}],"wp:term":[{"taxonomy":"category","embeddable":true,"href":"https:\/\/lasentinelle.dz\/index.php\/wp-json\/wp\/v2\/categories?post=24133"},{"taxonomy":"post_tag","embeddable":true,"href":"https:\/\/lasentinelle.dz\/index.php\/wp-json\/wp\/v2\/tags?post=24133"}],"curies":[{"name":"wp","href":"https:\/\/api.w.org\/{rel}","templated":true}]}}