{"id":24135,"date":"2022-07-14T00:05:00","date_gmt":"2022-07-13T23:05:00","guid":{"rendered":"https:\/\/lasentinelle.dz\/?p=24135"},"modified":"2022-07-13T20:08:49","modified_gmt":"2022-07-13T19:08:49","slug":"le-conseil-de-la-nation-adopte-le-projet-de-loi-relatif-a-la-reserve-militaire-ce-qui-va-changer","status":"publish","type":"post","link":"https:\/\/lasentinelle.dz\/index.php\/2022\/07\/14\/le-conseil-de-la-nation-adopte-le-projet-de-loi-relatif-a-la-reserve-militaire-ce-qui-va-changer\/","title":{"rendered":"Le\u00a0Conseil de la Nation\u00a0adopte le\u00a0projet de loi relatif \u00e0 la r\u00e9serve militaire\u00a0: Ce qui va changer"},"content":{"rendered":"\n<p>La nouvelle loi sur la r\u00e9serve militaire a \u00e9t\u00e9 adopt\u00e9e hier par le Conseil de la Nation. Une loi qui permet d\u2019actualiser le texte en vigueur et qui date de 1976 et de l\u2019adapter aux dispositions de la nouvelle Constitution et aux nouveaux d\u00e9fis auxquels l\u2019Alg\u00e9rie doit faire face.&nbsp;<\/p>\n\n\n\n<p>Lors de la pr\u00e9sentation du texte, la ministre des relations avec le Parlement, Basma Azouar, a indiqu\u00e9&nbsp;que ce texte&nbsp;a pour objectif de&nbsp;\u00ab r\u00e9organiser et renforcer la d\u00e9fense de la Nation. \u00bb&nbsp;<\/p>\n\n\n\n<p>\u00ab&nbsp;Le pr\u00e9sent texte de loi tend \u00e0 r\u00e9organiser et \u00e0 consolider la force de d\u00e9fense de la Nation, la r\u00e9serve militaire constituant une ressource humaine importante pour l&rsquo;ANP&nbsp;\u00bb, a soulign\u00e9&nbsp;la ministre.&nbsp;Et de rappeler que \u00ab&nbsp;les textes en vigueur et encadrant la r\u00e9serve militaire datent de 1976, d&rsquo;o\u00f9 leur n\u00e9cessaire r\u00e9vision, d&rsquo;autant que la plupart de leurs dispositions ne r\u00e9pondent plus \u00e0 la r\u00e9alit\u00e9 pratique&nbsp;\u00bb.<\/p>\n\n\n\n<p>La repr\u00e9sentante du Gouvernement&nbsp;a pr\u00e9cis\u00e9 que la nouvelle loi&nbsp;pr\u00e9voit&nbsp;\u00ab&nbsp;la d\u00e9finition de la r\u00e9serve et sa mission, de m\u00eame qu&rsquo;il identifie les cat\u00e9gories inscrites \u00e0 la r\u00e9serve militaire, limit\u00e9es \u00e0 deux cat\u00e9gories: militaires d&rsquo;active et contractuels, tous grades confondus, dont il a \u00e9t\u00e9 mis fin d\u00e9finitivement \u00e0 leur service et qui ont \u00e9t\u00e9 remis \u00e0 la vie civile et les militaires du service national, tous grades confondus, qui ont accompli leurs devoirs vis-\u00e0-vis du service national et dont il a \u00e9t\u00e9 mis fin d\u00e9finitivement \u00e0 leur service et qui ont \u00e9t\u00e9 remis \u00e0 la vie civile&nbsp;\u00bb.&nbsp;Mme Azouar a soulign\u00e9 que le projet de loi \u00ab\u00a0exclut les deux cat\u00e9gories suscit\u00e9es dont il a \u00e9t\u00e9 mis fin \u00e0 leur service d\u00e9finitivement dans les rangs de l&rsquo;ANP pour motif m\u00e9dical ou faisant l&rsquo;objet de radiation\u00a0\u00bb.&nbsp;Il a fix\u00e9 \u00ab\u00a0la dur\u00e9e de la r\u00e9serve des militaires issus du service national \u00e0 25 ans \u00e0 compter de la date de cessation d\u00e9finitive du service. Quant aux militaires en service et contractuels, la dur\u00e9e \u00e9tant \u00e0 partir de la date de cessation d\u00e9finitive du service dans les rangs de l&rsquo;ANP sans que cette dur\u00e9e d\u00e9passe 25 ans\u00a0\u00bb, a pr\u00e9cis\u00e9 la ministre dans sa pr\u00e9sentation.&nbsp;Le projet de loi a d\u00e9fini \u00ab\u00a0les droits et devoirs des militaires r\u00e9servistes, dont la non suspension de la relation de travail lors du rappel, le salaire, les primes, les r\u00e9mun\u00e9rations, le remboursement des frais, la promotion, la nomination, les m\u00e9dailles, les modalit\u00e9s de cessation d\u00e9finitive du service dans la r\u00e9serve et la radiation\u00a0\u00bb.<\/p>\n\n\n\n<p><strong>C. Hafed<\/strong><\/p>\n","protected":false},"excerpt":{"rendered":"<p>La nouvelle loi sur la r\u00e9serve militaire a \u00e9t\u00e9 adopt\u00e9e hier par le Conseil de la Nation. Une loi qui<\/p>\n","protected":false},"author":3,"featured_media":24139,"comment_status":"open","ping_status":"closed","sticky":false,"template":"","format":"standard","meta":{"colormag_page_container_layout":"default_layout","colormag_page_sidebar_layout":"default_layout","om_disable_all_campaigns":false,"_monsterinsights_skip_tracking":false,"_monsterinsights_sitenote_active":false,"_monsterinsights_sitenote_note":"","_monsterinsights_sitenote_category":0,"footnotes":"","_wpscppro_dont_share_socialmedia":false,"_wpscppro_custom_social_share_image":0,"_facebook_share_type":"","_twitter_share_type":"","_linkedin_share_type":"","_pinterest_share_type":"","_linkedin_share_type_page":"","_instagram_share_type":"","_medium_share_type":"","_threads_share_type":"","_google_business_share_type":"","_selected_social_profile":[],"_wpsp_enable_custom_social_template":false,"_wpsp_social_scheduling":{"enabled":false,"datetime":null,"platforms":[],"status":"template_only","dateOption":"today","timeOption":"now","customDays":"","customHours":"","customDate":"","customTime":"","schedulingType":"absolute"},"_wpsp_active_default_template":true},"categories":[52,27],"tags":[],"class_list":["post-24135","post","type-post","status-publish","format-standard","has-post-thumbnail","hentry","category-a-la-une","category-actualite"],"aioseo_notices":[],"yoast_head":"<!-- This site is optimized with the Yoast SEO plugin v27.5 - https:\/\/yoast.com\/product\/yoast-seo-wordpress\/ -->\n<title>Le\u00a0Conseil de la Nation\u00a0adopte le\u00a0projet de loi relatif \u00e0 la r\u00e9serve militaire\u00a0: Ce qui va changer - La Sentinelle<\/title>\n<meta name=\"robots\" content=\"index, follow, max-snippet:-1, max-image-preview:large, max-video-preview:-1\" \/>\n<link rel=\"canonical\" href=\"https:\/\/lasentinelle.dz\/index.php\/2022\/07\/14\/le-conseil-de-la-nation-adopte-le-projet-de-loi-relatif-a-la-reserve-militaire-ce-qui-va-changer\/\" \/>\n<meta property=\"og:locale\" content=\"fr_FR\" \/>\n<meta property=\"og:type\" content=\"article\" \/>\n<meta property=\"og:title\" content=\"Le\u00a0Conseil de la Nation\u00a0adopte le\u00a0projet de loi relatif \u00e0 la r\u00e9serve militaire\u00a0: Ce qui va changer - La Sentinelle\" \/>\n<meta property=\"og:description\" content=\"La nouvelle loi sur la r\u00e9serve militaire a \u00e9t\u00e9 adopt\u00e9e hier par le Conseil de la Nation. Une loi qui\" \/>\n<meta property=\"og:url\" content=\"https:\/\/lasentinelle.dz\/index.php\/2022\/07\/14\/le-conseil-de-la-nation-adopte-le-projet-de-loi-relatif-a-la-reserve-militaire-ce-qui-va-changer\/\" \/>\n<meta property=\"og:site_name\" content=\"La Sentinelle\" \/>\n<meta property=\"article:publisher\" content=\"https:\/\/www.facebook.com\/La-Sentinelle-104059864394773\" \/>\n<meta property=\"article:published_time\" content=\"2022-07-13T23:05:00+00:00\" \/>\n<meta property=\"og:image\" content=\"https:\/\/lasentinelle.dz\/wp-content\/uploads\/2022\/07\/conseil_de_la_nation.png\" \/>\n\t<meta property=\"og:image:width\" content=\"1421\" \/>\n\t<meta property=\"og:image:height\" content=\"900\" \/>\n\t<meta property=\"og:image:type\" content=\"image\/png\" \/>\n<meta name=\"author\" content=\"La Sentinelle\" \/>\n<meta name=\"twitter:card\" content=\"summary_large_image\" \/>\n<meta name=\"twitter:label1\" content=\"\u00c9crit par\" \/>\n\t<meta name=\"twitter:data1\" content=\"La Sentinelle\" \/>\n\t<meta name=\"twitter:label2\" content=\"Dur\u00e9e de lecture estim\u00e9e\" \/>\n\t<meta name=\"twitter:data2\" content=\"3 minutes\" \/>\n<script type=\"application\/ld+json\" class=\"yoast-schema-graph\">{\"@context\":\"https:\\\/\\\/schema.org\",\"@graph\":[{\"@type\":\"Article\",\"@id\":\"https:\\\/\\\/lasentinelle.dz\\\/index.php\\\/2022\\\/07\\\/14\\\/le-conseil-de-la-nation-adopte-le-projet-de-loi-relatif-a-la-reserve-militaire-ce-qui-va-changer\\\/#article\",\"isPartOf\":{\"@id\":\"https:\\\/\\\/lasentinelle.dz\\\/index.php\\\/2022\\\/07\\\/14\\\/le-conseil-de-la-nation-adopte-le-projet-de-loi-relatif-a-la-reserve-militaire-ce-qui-va-changer\\\/\"},\"author\":{\"name\":\"La Sentinelle\",\"@id\":\"https:\\\/\\\/lasentinelle.dz\\\/#\\\/schema\\\/person\\\/d865044e22e70a75174ce8bcad3acfb3\"},\"headline\":\"Le\u00a0Conseil de la Nation\u00a0adopte le\u00a0projet de loi relatif \u00e0 la r\u00e9serve militaire\u00a0: Ce qui va changer\",\"datePublished\":\"2022-07-13T23:05:00+00:00\",\"mainEntityOfPage\":{\"@id\":\"https:\\\/\\\/lasentinelle.dz\\\/index.php\\\/2022\\\/07\\\/14\\\/le-conseil-de-la-nation-adopte-le-projet-de-loi-relatif-a-la-reserve-militaire-ce-qui-va-changer\\\/\"},\"wordCount\":486,\"commentCount\":0,\"publisher\":{\"@id\":\"https:\\\/\\\/lasentinelle.dz\\\/#organization\"},\"image\":{\"@id\":\"https:\\\/\\\/lasentinelle.dz\\\/index.php\\\/2022\\\/07\\\/14\\\/le-conseil-de-la-nation-adopte-le-projet-de-loi-relatif-a-la-reserve-militaire-ce-qui-va-changer\\\/#primaryimage\"},\"thumbnailUrl\":\"https:\\\/\\\/lasentinelle.dz\\\/wp-content\\\/uploads\\\/2022\\\/07\\\/conseil_de_la_nation.png\",\"articleSection\":[\"\u00c0 la Une\",\"Actualit\u00e9\"],\"inLanguage\":\"fr-FR\",\"potentialAction\":[{\"@type\":\"CommentAction\",\"name\":\"Comment\",\"target\":[\"https:\\\/\\\/lasentinelle.dz\\\/index.php\\\/2022\\\/07\\\/14\\\/le-conseil-de-la-nation-adopte-le-projet-de-loi-relatif-a-la-reserve-militaire-ce-qui-va-changer\\\/#respond\"]}]},{\"@type\":\"WebPage\",\"@id\":\"https:\\\/\\\/lasentinelle.dz\\\/index.php\\\/2022\\\/07\\\/14\\\/le-conseil-de-la-nation-adopte-le-projet-de-loi-relatif-a-la-reserve-militaire-ce-qui-va-changer\\\/\",\"url\":\"https:\\\/\\\/lasentinelle.dz\\\/index.php\\\/2022\\\/07\\\/14\\\/le-conseil-de-la-nation-adopte-le-projet-de-loi-relatif-a-la-reserve-militaire-ce-qui-va-changer\\\/\",\"name\":\"Le\u00a0Conseil de la Nation\u00a0adopte le\u00a0projet de loi relatif \u00e0 la r\u00e9serve militaire\u00a0: Ce qui va changer - La Sentinelle\",\"isPartOf\":{\"@id\":\"https:\\\/\\\/lasentinelle.dz\\\/#website\"},\"primaryImageOfPage\":{\"@id\":\"https:\\\/\\\/lasentinelle.dz\\\/index.php\\\/2022\\\/07\\\/14\\\/le-conseil-de-la-nation-adopte-le-projet-de-loi-relatif-a-la-reserve-militaire-ce-qui-va-changer\\\/#primaryimage\"},\"image\":{\"@id\":\"https:\\\/\\\/lasentinelle.dz\\\/index.php\\\/2022\\\/07\\\/14\\\/le-conseil-de-la-nation-adopte-le-projet-de-loi-relatif-a-la-reserve-militaire-ce-qui-va-changer\\\/#primaryimage\"},\"thumbnailUrl\":\"https:\\\/\\\/lasentinelle.dz\\\/wp-content\\\/uploads\\\/2022\\\/07\\\/conseil_de_la_nation.png\",\"datePublished\":\"2022-07-13T23:05:00+00:00\",\"breadcrumb\":{\"@id\":\"https:\\\/\\\/lasentinelle.dz\\\/index.php\\\/2022\\\/07\\\/14\\\/le-conseil-de-la-nation-adopte-le-projet-de-loi-relatif-a-la-reserve-militaire-ce-qui-va-changer\\\/#breadcrumb\"},\"inLanguage\":\"fr-FR\",\"potentialAction\":[{\"@type\":\"ReadAction\",\"target\":[\"https:\\\/\\\/lasentinelle.dz\\\/index.php\\\/2022\\\/07\\\/14\\\/le-conseil-de-la-nation-adopte-le-projet-de-loi-relatif-a-la-reserve-militaire-ce-qui-va-changer\\\/\"]}]},{\"@type\":\"ImageObject\",\"inLanguage\":\"fr-FR\",\"@id\":\"https:\\\/\\\/lasentinelle.dz\\\/index.php\\\/2022\\\/07\\\/14\\\/le-conseil-de-la-nation-adopte-le-projet-de-loi-relatif-a-la-reserve-militaire-ce-qui-va-changer\\\/#primaryimage\",\"url\":\"https:\\\/\\\/lasentinelle.dz\\\/wp-content\\\/uploads\\\/2022\\\/07\\\/conseil_de_la_nation.png\",\"contentUrl\":\"https:\\\/\\\/lasentinelle.dz\\\/wp-content\\\/uploads\\\/2022\\\/07\\\/conseil_de_la_nation.png\",\"width\":1421,\"height\":900},{\"@type\":\"BreadcrumbList\",\"@id\":\"https:\\\/\\\/lasentinelle.dz\\\/index.php\\\/2022\\\/07\\\/14\\\/le-conseil-de-la-nation-adopte-le-projet-de-loi-relatif-a-la-reserve-militaire-ce-qui-va-changer\\\/#breadcrumb\",\"itemListElement\":[{\"@type\":\"ListItem\",\"position\":1,\"name\":\"Accueil\",\"item\":\"https:\\\/\\\/lasentinelle.dz\\\/\"},{\"@type\":\"ListItem\",\"position\":2,\"name\":\"Le\u00a0Conseil de la Nation\u00a0adopte le\u00a0projet de loi relatif \u00e0 la r\u00e9serve militaire\u00a0: Ce qui va changer\"}]},{\"@type\":\"WebSite\",\"@id\":\"https:\\\/\\\/lasentinelle.dz\\\/#website\",\"url\":\"https:\\\/\\\/lasentinelle.dz\\\/\",\"name\":\"La Sentinelle\",\"description\":\"Quotidien national d&#039;information\",\"publisher\":{\"@id\":\"https:\\\/\\\/lasentinelle.dz\\\/#organization\"},\"potentialAction\":[{\"@type\":\"SearchAction\",\"target\":{\"@type\":\"EntryPoint\",\"urlTemplate\":\"https:\\\/\\\/lasentinelle.dz\\\/?s={search_term_string}\"},\"query-input\":{\"@type\":\"PropertyValueSpecification\",\"valueRequired\":true,\"valueName\":\"search_term_string\"}}],\"inLanguage\":\"fr-FR\"},{\"@type\":\"Organization\",\"@id\":\"https:\\\/\\\/lasentinelle.dz\\\/#organization\",\"name\":\"Quotidien La Sentinelle\",\"url\":\"https:\\\/\\\/lasentinelle.dz\\\/\",\"logo\":{\"@type\":\"ImageObject\",\"inLanguage\":\"fr-FR\",\"@id\":\"https:\\\/\\\/lasentinelle.dz\\\/#\\\/schema\\\/logo\\\/image\\\/\",\"url\":\"https:\\\/\\\/lasentinelle.dz\\\/wp-content\\\/uploads\\\/2021\\\/09\\\/logo-sentinelleSLOGAN-1.png\",\"contentUrl\":\"https:\\\/\\\/lasentinelle.dz\\\/wp-content\\\/uploads\\\/2021\\\/09\\\/logo-sentinelleSLOGAN-1.png\",\"width\":615,\"height\":142,\"caption\":\"Quotidien La Sentinelle\"},\"image\":{\"@id\":\"https:\\\/\\\/lasentinelle.dz\\\/#\\\/schema\\\/logo\\\/image\\\/\"},\"sameAs\":[\"https:\\\/\\\/www.facebook.com\\\/La-Sentinelle-104059864394773\"]},{\"@type\":\"Person\",\"@id\":\"https:\\\/\\\/lasentinelle.dz\\\/#\\\/schema\\\/person\\\/d865044e22e70a75174ce8bcad3acfb3\",\"name\":\"La Sentinelle\",\"image\":{\"@type\":\"ImageObject\",\"inLanguage\":\"fr-FR\",\"@id\":\"https:\\\/\\\/secure.gravatar.com\\\/avatar\\\/57de8e5d4b15d43fb361a71fbb36338450fe67865b528a43dd10ef7c51a20392?s=96&d=mm&r=g\",\"url\":\"https:\\\/\\\/secure.gravatar.com\\\/avatar\\\/57de8e5d4b15d43fb361a71fbb36338450fe67865b528a43dd10ef7c51a20392?s=96&d=mm&r=g\",\"contentUrl\":\"https:\\\/\\\/secure.gravatar.com\\\/avatar\\\/57de8e5d4b15d43fb361a71fbb36338450fe67865b528a43dd10ef7c51a20392?s=96&d=mm&r=g\",\"caption\":\"La Sentinelle\"},\"sameAs\":[\"http:\\\/\\\/www.lasentinelle.dz\"],\"url\":\"https:\\\/\\\/lasentinelle.dz\\\/author\\\/redaction\\\/\"}]}<\/script>\n<!-- \/ Yoast SEO plugin. -->","yoast_head_json":{"title":"Le\u00a0Conseil de la Nation\u00a0adopte le\u00a0projet de loi relatif \u00e0 la r\u00e9serve militaire\u00a0: Ce qui va changer - La Sentinelle","robots":{"index":"index","follow":"follow","max-snippet":"max-snippet:-1","max-image-preview":"max-image-preview:large","max-video-preview":"max-video-preview:-1"},"canonical":"https:\/\/lasentinelle.dz\/index.php\/2022\/07\/14\/le-conseil-de-la-nation-adopte-le-projet-de-loi-relatif-a-la-reserve-militaire-ce-qui-va-changer\/","og_locale":"fr_FR","og_type":"article","og_title":"Le\u00a0Conseil de la Nation\u00a0adopte le\u00a0projet de loi relatif \u00e0 la r\u00e9serve militaire\u00a0: Ce qui va changer - La Sentinelle","og_description":"La nouvelle loi sur la r\u00e9serve militaire a \u00e9t\u00e9 adopt\u00e9e hier par le Conseil de la Nation. Une loi qui","og_url":"https:\/\/lasentinelle.dz\/index.php\/2022\/07\/14\/le-conseil-de-la-nation-adopte-le-projet-de-loi-relatif-a-la-reserve-militaire-ce-qui-va-changer\/","og_site_name":"La Sentinelle","article_publisher":"https:\/\/www.facebook.com\/La-Sentinelle-104059864394773","article_published_time":"2022-07-13T23:05:00+00:00","og_image":[{"width":1421,"height":900,"url":"https:\/\/lasentinelle.dz\/wp-content\/uploads\/2022\/07\/conseil_de_la_nation.png","type":"image\/png"}],"author":"La Sentinelle","twitter_card":"summary_large_image","twitter_misc":{"\u00c9crit par":"La Sentinelle","Dur\u00e9e de lecture estim\u00e9e":"3 minutes"},"schema":{"@context":"https:\/\/schema.org","@graph":[{"@type":"Article","@id":"https:\/\/lasentinelle.dz\/index.php\/2022\/07\/14\/le-conseil-de-la-nation-adopte-le-projet-de-loi-relatif-a-la-reserve-militaire-ce-qui-va-changer\/#article","isPartOf":{"@id":"https:\/\/lasentinelle.dz\/index.php\/2022\/07\/14\/le-conseil-de-la-nation-adopte-le-projet-de-loi-relatif-a-la-reserve-militaire-ce-qui-va-changer\/"},"author":{"name":"La Sentinelle","@id":"https:\/\/lasentinelle.dz\/#\/schema\/person\/d865044e22e70a75174ce8bcad3acfb3"},"headline":"Le\u00a0Conseil de la Nation\u00a0adopte le\u00a0projet de loi relatif \u00e0 la r\u00e9serve militaire\u00a0: Ce qui va changer","datePublished":"2022-07-13T23:05:00+00:00","mainEntityOfPage":{"@id":"https:\/\/lasentinelle.dz\/index.php\/2022\/07\/14\/le-conseil-de-la-nation-adopte-le-projet-de-loi-relatif-a-la-reserve-militaire-ce-qui-va-changer\/"},"wordCount":486,"commentCount":0,"publisher":{"@id":"https:\/\/lasentinelle.dz\/#organization"},"image":{"@id":"https:\/\/lasentinelle.dz\/index.php\/2022\/07\/14\/le-conseil-de-la-nation-adopte-le-projet-de-loi-relatif-a-la-reserve-militaire-ce-qui-va-changer\/#primaryimage"},"thumbnailUrl":"https:\/\/lasentinelle.dz\/wp-content\/uploads\/2022\/07\/conseil_de_la_nation.png","articleSection":["\u00c0 la Une","Actualit\u00e9"],"inLanguage":"fr-FR","potentialAction":[{"@type":"CommentAction","name":"Comment","target":["https:\/\/lasentinelle.dz\/index.php\/2022\/07\/14\/le-conseil-de-la-nation-adopte-le-projet-de-loi-relatif-a-la-reserve-militaire-ce-qui-va-changer\/#respond"]}]},{"@type":"WebPage","@id":"https:\/\/lasentinelle.dz\/index.php\/2022\/07\/14\/le-conseil-de-la-nation-adopte-le-projet-de-loi-relatif-a-la-reserve-militaire-ce-qui-va-changer\/","url":"https:\/\/lasentinelle.dz\/index.php\/2022\/07\/14\/le-conseil-de-la-nation-adopte-le-projet-de-loi-relatif-a-la-reserve-militaire-ce-qui-va-changer\/","name":"Le\u00a0Conseil de la Nation\u00a0adopte le\u00a0projet de loi relatif \u00e0 la r\u00e9serve militaire\u00a0: Ce qui va changer - La Sentinelle","isPartOf":{"@id":"https:\/\/lasentinelle.dz\/#website"},"primaryImageOfPage":{"@id":"https:\/\/lasentinelle.dz\/index.php\/2022\/07\/14\/le-conseil-de-la-nation-adopte-le-projet-de-loi-relatif-a-la-reserve-militaire-ce-qui-va-changer\/#primaryimage"},"image":{"@id":"https:\/\/lasentinelle.dz\/index.php\/2022\/07\/14\/le-conseil-de-la-nation-adopte-le-projet-de-loi-relatif-a-la-reserve-militaire-ce-qui-va-changer\/#primaryimage"},"thumbnailUrl":"https:\/\/lasentinelle.dz\/wp-content\/uploads\/2022\/07\/conseil_de_la_nation.png","datePublished":"2022-07-13T23:05:00+00:00","breadcrumb":{"@id":"https:\/\/lasentinelle.dz\/index.php\/2022\/07\/14\/le-conseil-de-la-nation-adopte-le-projet-de-loi-relatif-a-la-reserve-militaire-ce-qui-va-changer\/#breadcrumb"},"inLanguage":"fr-FR","potentialAction":[{"@type":"ReadAction","target":["https:\/\/lasentinelle.dz\/index.php\/2022\/07\/14\/le-conseil-de-la-nation-adopte-le-projet-de-loi-relatif-a-la-reserve-militaire-ce-qui-va-changer\/"]}]},{"@type":"ImageObject","inLanguage":"fr-FR","@id":"https:\/\/lasentinelle.dz\/index.php\/2022\/07\/14\/le-conseil-de-la-nation-adopte-le-projet-de-loi-relatif-a-la-reserve-militaire-ce-qui-va-changer\/#primaryimage","url":"https:\/\/lasentinelle.dz\/wp-content\/uploads\/2022\/07\/conseil_de_la_nation.png","contentUrl":"https:\/\/lasentinelle.dz\/wp-content\/uploads\/2022\/07\/conseil_de_la_nation.png","width":1421,"height":900},{"@type":"BreadcrumbList","@id":"https:\/\/lasentinelle.dz\/index.php\/2022\/07\/14\/le-conseil-de-la-nation-adopte-le-projet-de-loi-relatif-a-la-reserve-militaire-ce-qui-va-changer\/#breadcrumb","itemListElement":[{"@type":"ListItem","position":1,"name":"Accueil","item":"https:\/\/lasentinelle.dz\/"},{"@type":"ListItem","position":2,"name":"Le\u00a0Conseil de la Nation\u00a0adopte le\u00a0projet de loi relatif \u00e0 la r\u00e9serve militaire\u00a0: Ce qui va changer"}]},{"@type":"WebSite","@id":"https:\/\/lasentinelle.dz\/#website","url":"https:\/\/lasentinelle.dz\/","name":"La Sentinelle","description":"Quotidien national d&#039;information","publisher":{"@id":"https:\/\/lasentinelle.dz\/#organization"},"potentialAction":[{"@type":"SearchAction","target":{"@type":"EntryPoint","urlTemplate":"https:\/\/lasentinelle.dz\/?s={search_term_string}"},"query-input":{"@type":"PropertyValueSpecification","valueRequired":true,"valueName":"search_term_string"}}],"inLanguage":"fr-FR"},{"@type":"Organization","@id":"https:\/\/lasentinelle.dz\/#organization","name":"Quotidien La Sentinelle","url":"https:\/\/lasentinelle.dz\/","logo":{"@type":"ImageObject","inLanguage":"fr-FR","@id":"https:\/\/lasentinelle.dz\/#\/schema\/logo\/image\/","url":"https:\/\/lasentinelle.dz\/wp-content\/uploads\/2021\/09\/logo-sentinelleSLOGAN-1.png","contentUrl":"https:\/\/lasentinelle.dz\/wp-content\/uploads\/2021\/09\/logo-sentinelleSLOGAN-1.png","width":615,"height":142,"caption":"Quotidien La Sentinelle"},"image":{"@id":"https:\/\/lasentinelle.dz\/#\/schema\/logo\/image\/"},"sameAs":["https:\/\/www.facebook.com\/La-Sentinelle-104059864394773"]},{"@type":"Person","@id":"https:\/\/lasentinelle.dz\/#\/schema\/person\/d865044e22e70a75174ce8bcad3acfb3","name":"La Sentinelle","image":{"@type":"ImageObject","inLanguage":"fr-FR","@id":"https:\/\/secure.gravatar.com\/avatar\/57de8e5d4b15d43fb361a71fbb36338450fe67865b528a43dd10ef7c51a20392?s=96&d=mm&r=g","url":"https:\/\/secure.gravatar.com\/avatar\/57de8e5d4b15d43fb361a71fbb36338450fe67865b528a43dd10ef7c51a20392?s=96&d=mm&r=g","contentUrl":"https:\/\/secure.gravatar.com\/avatar\/57de8e5d4b15d43fb361a71fbb36338450fe67865b528a43dd10ef7c51a20392?s=96&d=mm&r=g","caption":"La Sentinelle"},"sameAs":["http:\/\/www.lasentinelle.dz"],"url":"https:\/\/lasentinelle.dz\/author\/redaction\/"}]}},"_links":{"self":[{"href":"https:\/\/lasentinelle.dz\/index.php\/wp-json\/wp\/v2\/posts\/24135","targetHints":{"allow":["GET"]}}],"collection":[{"href":"https:\/\/lasentinelle.dz\/index.php\/wp-json\/wp\/v2\/posts"}],"about":[{"href":"https:\/\/lasentinelle.dz\/index.php\/wp-json\/wp\/v2\/types\/post"}],"author":[{"embeddable":true,"href":"https:\/\/lasentinelle.dz\/index.php\/wp-json\/wp\/v2\/users\/3"}],"replies":[{"embeddable":true,"href":"https:\/\/lasentinelle.dz\/index.php\/wp-json\/wp\/v2\/comments?post=24135"}],"version-history":[{"count":1,"href":"https:\/\/lasentinelle.dz\/index.php\/wp-json\/wp\/v2\/posts\/24135\/revisions"}],"predecessor-version":[{"id":24140,"href":"https:\/\/lasentinelle.dz\/index.php\/wp-json\/wp\/v2\/posts\/24135\/revisions\/24140"}],"wp:featuredmedia":[{"embeddable":true,"href":"https:\/\/lasentinelle.dz\/index.php\/wp-json\/wp\/v2\/media\/24139"}],"wp:attachment":[{"href":"https:\/\/lasentinelle.dz\/index.php\/wp-json\/wp\/v2\/media?parent=24135"}],"wp:term":[{"taxonomy":"category","embeddable":true,"href":"https:\/\/lasentinelle.dz\/index.php\/wp-json\/wp\/v2\/categories?post=24135"},{"taxonomy":"post_tag","embeddable":true,"href":"https:\/\/lasentinelle.dz\/index.php\/wp-json\/wp\/v2\/tags?post=24135"}],"curies":[{"name":"wp","href":"https:\/\/api.w.org\/{rel}","templated":true}]}}