{"id":24183,"date":"2022-07-17T00:01:00","date_gmt":"2022-07-16T23:01:00","guid":{"rendered":"https:\/\/lasentinelle.dz\/?p=24183"},"modified":"2022-07-16T18:46:25","modified_gmt":"2022-07-16T17:46:25","slug":"grace-presidentielle-et-mesures-dapaisement-qui-est-concerne-et-qui-est-exclu","status":"publish","type":"post","link":"https:\/\/lasentinelle.dz\/index.php\/2022\/07\/17\/grace-presidentielle-et-mesures-dapaisement-qui-est-concerne-et-qui-est-exclu\/","title":{"rendered":"Gr\u00e2ce pr\u00e9sidentielle et mesures d\u2019apaisement\u00a0:\u00a0Qui est concern\u00e9 et qui est exclu"},"content":{"rendered":"\n<p>L\u2019annonce de mesures d\u2019apaisement \u00e0 l\u2019occasion de la c\u00e9l\u00e9bration du soixantenaire de l\u2019ind\u00e9pendance alimente le d\u00e9bat public depuis quelques jours. Les mesures de gr\u00e2ce \u00e9dict\u00e9e et qui seront suivies par une loi d\u2019amnistie \u00ab sp\u00e9cifique \u00bb induit une s\u00e9rie d\u2019interrogations sur l\u2019\u00e9tendue de cette amnistie et sur les personnes que celle-ci pourrait concerner. Une question qui vaut son pesant d\u2019or, d\u2019autant que l\u2019annonce de cette amnistie partielle dans un contexte marqu\u00e9 par l\u2019initiative de rassemblement lanc\u00e9e par le pr\u00e9sident de la R\u00e9publique. Une initiative assise sur la n\u00e9cessit\u00e9 de renforcer le front int\u00e9rieur, de rompre avec l\u2019exclusion et un certain passif politique. Une d\u00e9marche de rassemblement assise sur un \u00ab grand pardon \u00bb, pour peu que les \u00ab lignes rouges \u00bb n\u2019aient pas \u00e9t\u00e9 outrepass\u00e9es<\/p>\n\n\n\n<p>D\u00e8s lors, les d\u00e9bats politiques sont centr\u00e9s sur les personnes que cette amnistie devra toucher. Pourtant, le d\u00e9cret de gr\u00e2ce pr\u00e9sidentielle publi\u00e9 dans la derni\u00e8re livraison du Journal officiel peut apporter certains \u00e9l\u00e9ments de r\u00e9ponse. Si le texte reprend l\u2019essentiel des principes guidant les mesures de gr\u00e2ce et les remises de peine annonc\u00e9es le 4 juillet en cours, il sp\u00e9cifie les cat\u00e9gories exclues des dispositions annonc\u00e9es.&nbsp;<\/p>\n\n\n\n<p>Le d\u00e9cret sign\u00e9 par le pr\u00e9sident de la R\u00e9publique, Abdelmadjid Tebboune, exclut clairement des mesures de gr\u00e2ce d\u00e9cid\u00e9es plusieurs cat\u00e9gories. Et il est clair \u00e0 travers la lecture du texte que les personnes li\u00e9es \u00e0 ce qu\u2019on appelle commun\u00e9ment la Issaba et celles d\u00e9tenues dans le cadre de la Charte pour la paix et la r\u00e9conciliation nationale sont exclues de la d\u00e9marche.&nbsp;<\/p>\n\n\n\n<p>Le d\u00e9cret exclut du b\u00e9n\u00e9fice des mesures de gr\u00e2ce pr\u00e9sidentielle les personnes ayant commis des crimes crapuleux et violents et des crimes li\u00e9s au trafic d\u2019\u00eatres humains et de drogue. Il exclut \u00e9galement les personnes d\u00e9tenues concern\u00e9es par les dispositions de l\u2019ordonnance n\u00b0 06-01 du 27 f\u00e9vrier 2006 portant mise en oeuvre de la Charte pour la paix et la r\u00e9conciliation nationale. Il exclut \u00e9galement&nbsp;&nbsp;les personnes condamn\u00e9es d\u00e9finitivement pour avoir commis ou tent\u00e9 de commettre des infractions pr\u00e9vues et r\u00e9prim\u00e9es par le d\u00e9cret l\u00e9gislatif n\u00b0 92-03 du 30 septembre 1992, modifi\u00e9 et compl\u00e9t\u00e9, relatif \u00e0 la lutte contre la subversion et le terrorisme, ainsi que les personnes condamn\u00e9es pour avoir commis ou tent\u00e9 de commettre des infractions pr\u00e9vues et r\u00e9prim\u00e9es par les articles 87 bis \u00e0 87 bis-12 et 181 du code p\u00e9nal, relatives aux actes de terrorisme et de subversion, sans oublier les personnes condamn\u00e9es d\u00e9finitivement pour avoir commis ou tent\u00e9 de commettre des crimes de trahison, espionnage, massacre, \u00e9vasion, assassinat (\u2026). Le texte \u00e9jecte \u00e9galement des mesures de gr\u00e2ce les personnes condamn\u00e9es d\u00e9finitivement pour avoir commis ou tent\u00e9 de commettre des d\u00e9lits et crimes de dissipation, soustraction, destruction et perte volontaire de deniers publics, concussion, corruption, trafic d\u2019influence, passation de march\u00e9s publics en violation des dispositions l\u00e9gislatives ou r\u00e9glementaires, contrefa\u00e7on, falsification ou alt\u00e9ration de la monnaie, titres, bons ou obligations et blanchiment de capitaux, les personnes condamn\u00e9es d\u00e9finitivement pour avoir commis ou tent\u00e9 de commettre les infractions pr\u00e9vues et r\u00e9prim\u00e9es par la loi relative \u00e0 la pr\u00e9vention et \u00e0 la lutte contre la corruption et les personnes condamn\u00e9es d\u00e9finitivement pour avoir commis ou tent\u00e9 de commettre les infractions relatives \u00e0 la l\u00e9gislation et \u00e0 la r\u00e9glementation des changes et des mouvements de capitaux. Le m\u00eame d\u00e9cret exclut \u00e9galement les personnes condamn\u00e9es d\u00e9finitivement pour avoir commis ou tent\u00e9 de commettre les d\u00e9lits et crimes d\u2019attentats, de complot contre l\u2019autorit\u00e9 de l\u2019Etat, l\u2019int\u00e9grit\u00e9 et l\u2019unit\u00e9 du territoire national et les personnes condamn\u00e9es d\u00e9finitivement pour avoir commis ou tent\u00e9 de commettre les d\u00e9lits et crimes de faux en \u00e9criture publique ou authentique, d\u2019usurpation ou d\u2019usage irr\u00e9gulier de fonctions, de titres ou de noms, entre autres. Le texte recentre le d\u00e9bat sur le b\u00e9n\u00e9fice des mesures de gr\u00e2ce annonc\u00e9es et recadre le contexte dans lequel sera examin\u00e9e la loi sp\u00e9cifique d\u2019amnistie annonc\u00e9e comme un prolongement de la loi sur la Rahma et la concorde civile.&nbsp;<\/p>\n\n\n\n<p><strong>Chokri Hafed<\/strong><\/p>\n","protected":false},"excerpt":{"rendered":"<p>L\u2019annonce de mesures d\u2019apaisement \u00e0 l\u2019occasion de la c\u00e9l\u00e9bration du soixantenaire de l\u2019ind\u00e9pendance alimente le d\u00e9bat public depuis quelques jours.<\/p>\n","protected":false},"author":3,"featured_media":24188,"comment_status":"open","ping_status":"closed","sticky":false,"template":"","format":"standard","meta":{"colormag_page_container_layout":"default_layout","colormag_page_sidebar_layout":"default_layout","om_disable_all_campaigns":false,"_monsterinsights_skip_tracking":false,"_monsterinsights_sitenote_active":false,"_monsterinsights_sitenote_note":"","_monsterinsights_sitenote_category":0,"footnotes":"","_wpscppro_dont_share_socialmedia":false,"_wpscppro_custom_social_share_image":0,"_facebook_share_type":"","_twitter_share_type":"","_linkedin_share_type":"","_pinterest_share_type":"","_linkedin_share_type_page":"","_instagram_share_type":"","_medium_share_type":"","_threads_share_type":"","_google_business_share_type":"","_selected_social_profile":[],"_wpsp_enable_custom_social_template":false,"_wpsp_social_scheduling":{"enabled":false,"datetime":null,"platforms":[],"status":"template_only","dateOption":"today","timeOption":"now","customDays":"","customHours":"","customDate":"","customTime":"","schedulingType":"absolute"},"_wpsp_active_default_template":true},"categories":[27],"tags":[],"class_list":["post-24183","post","type-post","status-publish","format-standard","has-post-thumbnail","hentry","category-actualite"],"aioseo_notices":[],"yoast_head":"<!-- This site is optimized with the Yoast SEO plugin v27.5 - https:\/\/yoast.com\/product\/yoast-seo-wordpress\/ -->\n<title>Gr\u00e2ce pr\u00e9sidentielle et mesures d\u2019apaisement\u00a0:\u00a0Qui est concern\u00e9 et qui est exclu - La Sentinelle<\/title>\n<meta name=\"robots\" content=\"index, follow, max-snippet:-1, max-image-preview:large, max-video-preview:-1\" \/>\n<link rel=\"canonical\" href=\"https:\/\/lasentinelle.dz\/index.php\/2022\/07\/17\/grace-presidentielle-et-mesures-dapaisement-qui-est-concerne-et-qui-est-exclu\/\" \/>\n<meta property=\"og:locale\" content=\"fr_FR\" \/>\n<meta property=\"og:type\" content=\"article\" \/>\n<meta property=\"og:title\" content=\"Gr\u00e2ce pr\u00e9sidentielle et mesures d\u2019apaisement\u00a0:\u00a0Qui est concern\u00e9 et qui est exclu - La Sentinelle\" \/>\n<meta property=\"og:description\" content=\"L\u2019annonce de mesures d\u2019apaisement \u00e0 l\u2019occasion de la c\u00e9l\u00e9bration du soixantenaire de l\u2019ind\u00e9pendance alimente le d\u00e9bat public depuis quelques jours.\" \/>\n<meta property=\"og:url\" content=\"https:\/\/lasentinelle.dz\/index.php\/2022\/07\/17\/grace-presidentielle-et-mesures-dapaisement-qui-est-concerne-et-qui-est-exclu\/\" \/>\n<meta property=\"og:site_name\" content=\"La Sentinelle\" \/>\n<meta property=\"article:publisher\" content=\"https:\/\/www.facebook.com\/La-Sentinelle-104059864394773\" \/>\n<meta property=\"article:published_time\" content=\"2022-07-16T23:01:00+00:00\" \/>\n<meta property=\"og:image\" content=\"https:\/\/lasentinelle.dz\/wp-content\/uploads\/2022\/07\/Tebboune-w.png\" \/>\n\t<meta property=\"og:image:width\" content=\"1427\" \/>\n\t<meta property=\"og:image:height\" content=\"900\" \/>\n\t<meta property=\"og:image:type\" content=\"image\/png\" \/>\n<meta name=\"author\" content=\"La Sentinelle\" \/>\n<meta name=\"twitter:card\" content=\"summary_large_image\" \/>\n<meta name=\"twitter:label1\" content=\"\u00c9crit par\" \/>\n\t<meta name=\"twitter:data1\" content=\"La Sentinelle\" \/>\n\t<meta name=\"twitter:label2\" content=\"Dur\u00e9e de lecture estim\u00e9e\" \/>\n\t<meta name=\"twitter:data2\" content=\"4 minutes\" \/>\n<script type=\"application\/ld+json\" class=\"yoast-schema-graph\">{\"@context\":\"https:\\\/\\\/schema.org\",\"@graph\":[{\"@type\":\"Article\",\"@id\":\"https:\\\/\\\/lasentinelle.dz\\\/index.php\\\/2022\\\/07\\\/17\\\/grace-presidentielle-et-mesures-dapaisement-qui-est-concerne-et-qui-est-exclu\\\/#article\",\"isPartOf\":{\"@id\":\"https:\\\/\\\/lasentinelle.dz\\\/index.php\\\/2022\\\/07\\\/17\\\/grace-presidentielle-et-mesures-dapaisement-qui-est-concerne-et-qui-est-exclu\\\/\"},\"author\":{\"name\":\"La Sentinelle\",\"@id\":\"https:\\\/\\\/lasentinelle.dz\\\/#\\\/schema\\\/person\\\/d865044e22e70a75174ce8bcad3acfb3\"},\"headline\":\"Gr\u00e2ce pr\u00e9sidentielle et mesures d\u2019apaisement\u00a0:\u00a0Qui est concern\u00e9 et qui est exclu\",\"datePublished\":\"2022-07-16T23:01:00+00:00\",\"mainEntityOfPage\":{\"@id\":\"https:\\\/\\\/lasentinelle.dz\\\/index.php\\\/2022\\\/07\\\/17\\\/grace-presidentielle-et-mesures-dapaisement-qui-est-concerne-et-qui-est-exclu\\\/\"},\"wordCount\":774,\"commentCount\":0,\"publisher\":{\"@id\":\"https:\\\/\\\/lasentinelle.dz\\\/#organization\"},\"image\":{\"@id\":\"https:\\\/\\\/lasentinelle.dz\\\/index.php\\\/2022\\\/07\\\/17\\\/grace-presidentielle-et-mesures-dapaisement-qui-est-concerne-et-qui-est-exclu\\\/#primaryimage\"},\"thumbnailUrl\":\"https:\\\/\\\/lasentinelle.dz\\\/wp-content\\\/uploads\\\/2022\\\/07\\\/Tebboune-w.png\",\"articleSection\":[\"Actualit\u00e9\"],\"inLanguage\":\"fr-FR\",\"potentialAction\":[{\"@type\":\"CommentAction\",\"name\":\"Comment\",\"target\":[\"https:\\\/\\\/lasentinelle.dz\\\/index.php\\\/2022\\\/07\\\/17\\\/grace-presidentielle-et-mesures-dapaisement-qui-est-concerne-et-qui-est-exclu\\\/#respond\"]}]},{\"@type\":\"WebPage\",\"@id\":\"https:\\\/\\\/lasentinelle.dz\\\/index.php\\\/2022\\\/07\\\/17\\\/grace-presidentielle-et-mesures-dapaisement-qui-est-concerne-et-qui-est-exclu\\\/\",\"url\":\"https:\\\/\\\/lasentinelle.dz\\\/index.php\\\/2022\\\/07\\\/17\\\/grace-presidentielle-et-mesures-dapaisement-qui-est-concerne-et-qui-est-exclu\\\/\",\"name\":\"Gr\u00e2ce pr\u00e9sidentielle et mesures d\u2019apaisement\u00a0:\u00a0Qui est concern\u00e9 et qui est exclu - La Sentinelle\",\"isPartOf\":{\"@id\":\"https:\\\/\\\/lasentinelle.dz\\\/#website\"},\"primaryImageOfPage\":{\"@id\":\"https:\\\/\\\/lasentinelle.dz\\\/index.php\\\/2022\\\/07\\\/17\\\/grace-presidentielle-et-mesures-dapaisement-qui-est-concerne-et-qui-est-exclu\\\/#primaryimage\"},\"image\":{\"@id\":\"https:\\\/\\\/lasentinelle.dz\\\/index.php\\\/2022\\\/07\\\/17\\\/grace-presidentielle-et-mesures-dapaisement-qui-est-concerne-et-qui-est-exclu\\\/#primaryimage\"},\"thumbnailUrl\":\"https:\\\/\\\/lasentinelle.dz\\\/wp-content\\\/uploads\\\/2022\\\/07\\\/Tebboune-w.png\",\"datePublished\":\"2022-07-16T23:01:00+00:00\",\"breadcrumb\":{\"@id\":\"https:\\\/\\\/lasentinelle.dz\\\/index.php\\\/2022\\\/07\\\/17\\\/grace-presidentielle-et-mesures-dapaisement-qui-est-concerne-et-qui-est-exclu\\\/#breadcrumb\"},\"inLanguage\":\"fr-FR\",\"potentialAction\":[{\"@type\":\"ReadAction\",\"target\":[\"https:\\\/\\\/lasentinelle.dz\\\/index.php\\\/2022\\\/07\\\/17\\\/grace-presidentielle-et-mesures-dapaisement-qui-est-concerne-et-qui-est-exclu\\\/\"]}]},{\"@type\":\"ImageObject\",\"inLanguage\":\"fr-FR\",\"@id\":\"https:\\\/\\\/lasentinelle.dz\\\/index.php\\\/2022\\\/07\\\/17\\\/grace-presidentielle-et-mesures-dapaisement-qui-est-concerne-et-qui-est-exclu\\\/#primaryimage\",\"url\":\"https:\\\/\\\/lasentinelle.dz\\\/wp-content\\\/uploads\\\/2022\\\/07\\\/Tebboune-w.png\",\"contentUrl\":\"https:\\\/\\\/lasentinelle.dz\\\/wp-content\\\/uploads\\\/2022\\\/07\\\/Tebboune-w.png\",\"width\":1427,\"height\":900},{\"@type\":\"BreadcrumbList\",\"@id\":\"https:\\\/\\\/lasentinelle.dz\\\/index.php\\\/2022\\\/07\\\/17\\\/grace-presidentielle-et-mesures-dapaisement-qui-est-concerne-et-qui-est-exclu\\\/#breadcrumb\",\"itemListElement\":[{\"@type\":\"ListItem\",\"position\":1,\"name\":\"Accueil\",\"item\":\"https:\\\/\\\/lasentinelle.dz\\\/\"},{\"@type\":\"ListItem\",\"position\":2,\"name\":\"Gr\u00e2ce pr\u00e9sidentielle et mesures d\u2019apaisement\u00a0:\u00a0Qui est concern\u00e9 et qui est exclu\"}]},{\"@type\":\"WebSite\",\"@id\":\"https:\\\/\\\/lasentinelle.dz\\\/#website\",\"url\":\"https:\\\/\\\/lasentinelle.dz\\\/\",\"name\":\"La Sentinelle\",\"description\":\"Quotidien national d&#039;information\",\"publisher\":{\"@id\":\"https:\\\/\\\/lasentinelle.dz\\\/#organization\"},\"potentialAction\":[{\"@type\":\"SearchAction\",\"target\":{\"@type\":\"EntryPoint\",\"urlTemplate\":\"https:\\\/\\\/lasentinelle.dz\\\/?s={search_term_string}\"},\"query-input\":{\"@type\":\"PropertyValueSpecification\",\"valueRequired\":true,\"valueName\":\"search_term_string\"}}],\"inLanguage\":\"fr-FR\"},{\"@type\":\"Organization\",\"@id\":\"https:\\\/\\\/lasentinelle.dz\\\/#organization\",\"name\":\"Quotidien La Sentinelle\",\"url\":\"https:\\\/\\\/lasentinelle.dz\\\/\",\"logo\":{\"@type\":\"ImageObject\",\"inLanguage\":\"fr-FR\",\"@id\":\"https:\\\/\\\/lasentinelle.dz\\\/#\\\/schema\\\/logo\\\/image\\\/\",\"url\":\"https:\\\/\\\/lasentinelle.dz\\\/wp-content\\\/uploads\\\/2021\\\/09\\\/logo-sentinelleSLOGAN-1.png\",\"contentUrl\":\"https:\\\/\\\/lasentinelle.dz\\\/wp-content\\\/uploads\\\/2021\\\/09\\\/logo-sentinelleSLOGAN-1.png\",\"width\":615,\"height\":142,\"caption\":\"Quotidien La Sentinelle\"},\"image\":{\"@id\":\"https:\\\/\\\/lasentinelle.dz\\\/#\\\/schema\\\/logo\\\/image\\\/\"},\"sameAs\":[\"https:\\\/\\\/www.facebook.com\\\/La-Sentinelle-104059864394773\"]},{\"@type\":\"Person\",\"@id\":\"https:\\\/\\\/lasentinelle.dz\\\/#\\\/schema\\\/person\\\/d865044e22e70a75174ce8bcad3acfb3\",\"name\":\"La Sentinelle\",\"image\":{\"@type\":\"ImageObject\",\"inLanguage\":\"fr-FR\",\"@id\":\"https:\\\/\\\/secure.gravatar.com\\\/avatar\\\/57de8e5d4b15d43fb361a71fbb36338450fe67865b528a43dd10ef7c51a20392?s=96&d=mm&r=g\",\"url\":\"https:\\\/\\\/secure.gravatar.com\\\/avatar\\\/57de8e5d4b15d43fb361a71fbb36338450fe67865b528a43dd10ef7c51a20392?s=96&d=mm&r=g\",\"contentUrl\":\"https:\\\/\\\/secure.gravatar.com\\\/avatar\\\/57de8e5d4b15d43fb361a71fbb36338450fe67865b528a43dd10ef7c51a20392?s=96&d=mm&r=g\",\"caption\":\"La Sentinelle\"},\"sameAs\":[\"http:\\\/\\\/www.lasentinelle.dz\"],\"url\":\"https:\\\/\\\/lasentinelle.dz\\\/author\\\/redaction\\\/\"}]}<\/script>\n<!-- \/ Yoast SEO plugin. -->","yoast_head_json":{"title":"Gr\u00e2ce pr\u00e9sidentielle et mesures d\u2019apaisement\u00a0:\u00a0Qui est concern\u00e9 et qui est exclu - La Sentinelle","robots":{"index":"index","follow":"follow","max-snippet":"max-snippet:-1","max-image-preview":"max-image-preview:large","max-video-preview":"max-video-preview:-1"},"canonical":"https:\/\/lasentinelle.dz\/index.php\/2022\/07\/17\/grace-presidentielle-et-mesures-dapaisement-qui-est-concerne-et-qui-est-exclu\/","og_locale":"fr_FR","og_type":"article","og_title":"Gr\u00e2ce pr\u00e9sidentielle et mesures d\u2019apaisement\u00a0:\u00a0Qui est concern\u00e9 et qui est exclu - La Sentinelle","og_description":"L\u2019annonce de mesures d\u2019apaisement \u00e0 l\u2019occasion de la c\u00e9l\u00e9bration du soixantenaire de l\u2019ind\u00e9pendance alimente le d\u00e9bat public depuis quelques jours.","og_url":"https:\/\/lasentinelle.dz\/index.php\/2022\/07\/17\/grace-presidentielle-et-mesures-dapaisement-qui-est-concerne-et-qui-est-exclu\/","og_site_name":"La Sentinelle","article_publisher":"https:\/\/www.facebook.com\/La-Sentinelle-104059864394773","article_published_time":"2022-07-16T23:01:00+00:00","og_image":[{"width":1427,"height":900,"url":"https:\/\/lasentinelle.dz\/wp-content\/uploads\/2022\/07\/Tebboune-w.png","type":"image\/png"}],"author":"La Sentinelle","twitter_card":"summary_large_image","twitter_misc":{"\u00c9crit par":"La Sentinelle","Dur\u00e9e de lecture estim\u00e9e":"4 minutes"},"schema":{"@context":"https:\/\/schema.org","@graph":[{"@type":"Article","@id":"https:\/\/lasentinelle.dz\/index.php\/2022\/07\/17\/grace-presidentielle-et-mesures-dapaisement-qui-est-concerne-et-qui-est-exclu\/#article","isPartOf":{"@id":"https:\/\/lasentinelle.dz\/index.php\/2022\/07\/17\/grace-presidentielle-et-mesures-dapaisement-qui-est-concerne-et-qui-est-exclu\/"},"author":{"name":"La Sentinelle","@id":"https:\/\/lasentinelle.dz\/#\/schema\/person\/d865044e22e70a75174ce8bcad3acfb3"},"headline":"Gr\u00e2ce pr\u00e9sidentielle et mesures d\u2019apaisement\u00a0:\u00a0Qui est concern\u00e9 et qui est exclu","datePublished":"2022-07-16T23:01:00+00:00","mainEntityOfPage":{"@id":"https:\/\/lasentinelle.dz\/index.php\/2022\/07\/17\/grace-presidentielle-et-mesures-dapaisement-qui-est-concerne-et-qui-est-exclu\/"},"wordCount":774,"commentCount":0,"publisher":{"@id":"https:\/\/lasentinelle.dz\/#organization"},"image":{"@id":"https:\/\/lasentinelle.dz\/index.php\/2022\/07\/17\/grace-presidentielle-et-mesures-dapaisement-qui-est-concerne-et-qui-est-exclu\/#primaryimage"},"thumbnailUrl":"https:\/\/lasentinelle.dz\/wp-content\/uploads\/2022\/07\/Tebboune-w.png","articleSection":["Actualit\u00e9"],"inLanguage":"fr-FR","potentialAction":[{"@type":"CommentAction","name":"Comment","target":["https:\/\/lasentinelle.dz\/index.php\/2022\/07\/17\/grace-presidentielle-et-mesures-dapaisement-qui-est-concerne-et-qui-est-exclu\/#respond"]}]},{"@type":"WebPage","@id":"https:\/\/lasentinelle.dz\/index.php\/2022\/07\/17\/grace-presidentielle-et-mesures-dapaisement-qui-est-concerne-et-qui-est-exclu\/","url":"https:\/\/lasentinelle.dz\/index.php\/2022\/07\/17\/grace-presidentielle-et-mesures-dapaisement-qui-est-concerne-et-qui-est-exclu\/","name":"Gr\u00e2ce pr\u00e9sidentielle et mesures d\u2019apaisement\u00a0:\u00a0Qui est concern\u00e9 et qui est exclu - La Sentinelle","isPartOf":{"@id":"https:\/\/lasentinelle.dz\/#website"},"primaryImageOfPage":{"@id":"https:\/\/lasentinelle.dz\/index.php\/2022\/07\/17\/grace-presidentielle-et-mesures-dapaisement-qui-est-concerne-et-qui-est-exclu\/#primaryimage"},"image":{"@id":"https:\/\/lasentinelle.dz\/index.php\/2022\/07\/17\/grace-presidentielle-et-mesures-dapaisement-qui-est-concerne-et-qui-est-exclu\/#primaryimage"},"thumbnailUrl":"https:\/\/lasentinelle.dz\/wp-content\/uploads\/2022\/07\/Tebboune-w.png","datePublished":"2022-07-16T23:01:00+00:00","breadcrumb":{"@id":"https:\/\/lasentinelle.dz\/index.php\/2022\/07\/17\/grace-presidentielle-et-mesures-dapaisement-qui-est-concerne-et-qui-est-exclu\/#breadcrumb"},"inLanguage":"fr-FR","potentialAction":[{"@type":"ReadAction","target":["https:\/\/lasentinelle.dz\/index.php\/2022\/07\/17\/grace-presidentielle-et-mesures-dapaisement-qui-est-concerne-et-qui-est-exclu\/"]}]},{"@type":"ImageObject","inLanguage":"fr-FR","@id":"https:\/\/lasentinelle.dz\/index.php\/2022\/07\/17\/grace-presidentielle-et-mesures-dapaisement-qui-est-concerne-et-qui-est-exclu\/#primaryimage","url":"https:\/\/lasentinelle.dz\/wp-content\/uploads\/2022\/07\/Tebboune-w.png","contentUrl":"https:\/\/lasentinelle.dz\/wp-content\/uploads\/2022\/07\/Tebboune-w.png","width":1427,"height":900},{"@type":"BreadcrumbList","@id":"https:\/\/lasentinelle.dz\/index.php\/2022\/07\/17\/grace-presidentielle-et-mesures-dapaisement-qui-est-concerne-et-qui-est-exclu\/#breadcrumb","itemListElement":[{"@type":"ListItem","position":1,"name":"Accueil","item":"https:\/\/lasentinelle.dz\/"},{"@type":"ListItem","position":2,"name":"Gr\u00e2ce pr\u00e9sidentielle et mesures d\u2019apaisement\u00a0:\u00a0Qui est concern\u00e9 et qui est exclu"}]},{"@type":"WebSite","@id":"https:\/\/lasentinelle.dz\/#website","url":"https:\/\/lasentinelle.dz\/","name":"La Sentinelle","description":"Quotidien national d&#039;information","publisher":{"@id":"https:\/\/lasentinelle.dz\/#organization"},"potentialAction":[{"@type":"SearchAction","target":{"@type":"EntryPoint","urlTemplate":"https:\/\/lasentinelle.dz\/?s={search_term_string}"},"query-input":{"@type":"PropertyValueSpecification","valueRequired":true,"valueName":"search_term_string"}}],"inLanguage":"fr-FR"},{"@type":"Organization","@id":"https:\/\/lasentinelle.dz\/#organization","name":"Quotidien La Sentinelle","url":"https:\/\/lasentinelle.dz\/","logo":{"@type":"ImageObject","inLanguage":"fr-FR","@id":"https:\/\/lasentinelle.dz\/#\/schema\/logo\/image\/","url":"https:\/\/lasentinelle.dz\/wp-content\/uploads\/2021\/09\/logo-sentinelleSLOGAN-1.png","contentUrl":"https:\/\/lasentinelle.dz\/wp-content\/uploads\/2021\/09\/logo-sentinelleSLOGAN-1.png","width":615,"height":142,"caption":"Quotidien La Sentinelle"},"image":{"@id":"https:\/\/lasentinelle.dz\/#\/schema\/logo\/image\/"},"sameAs":["https:\/\/www.facebook.com\/La-Sentinelle-104059864394773"]},{"@type":"Person","@id":"https:\/\/lasentinelle.dz\/#\/schema\/person\/d865044e22e70a75174ce8bcad3acfb3","name":"La Sentinelle","image":{"@type":"ImageObject","inLanguage":"fr-FR","@id":"https:\/\/secure.gravatar.com\/avatar\/57de8e5d4b15d43fb361a71fbb36338450fe67865b528a43dd10ef7c51a20392?s=96&d=mm&r=g","url":"https:\/\/secure.gravatar.com\/avatar\/57de8e5d4b15d43fb361a71fbb36338450fe67865b528a43dd10ef7c51a20392?s=96&d=mm&r=g","contentUrl":"https:\/\/secure.gravatar.com\/avatar\/57de8e5d4b15d43fb361a71fbb36338450fe67865b528a43dd10ef7c51a20392?s=96&d=mm&r=g","caption":"La Sentinelle"},"sameAs":["http:\/\/www.lasentinelle.dz"],"url":"https:\/\/lasentinelle.dz\/author\/redaction\/"}]}},"_links":{"self":[{"href":"https:\/\/lasentinelle.dz\/index.php\/wp-json\/wp\/v2\/posts\/24183","targetHints":{"allow":["GET"]}}],"collection":[{"href":"https:\/\/lasentinelle.dz\/index.php\/wp-json\/wp\/v2\/posts"}],"about":[{"href":"https:\/\/lasentinelle.dz\/index.php\/wp-json\/wp\/v2\/types\/post"}],"author":[{"embeddable":true,"href":"https:\/\/lasentinelle.dz\/index.php\/wp-json\/wp\/v2\/users\/3"}],"replies":[{"embeddable":true,"href":"https:\/\/lasentinelle.dz\/index.php\/wp-json\/wp\/v2\/comments?post=24183"}],"version-history":[{"count":1,"href":"https:\/\/lasentinelle.dz\/index.php\/wp-json\/wp\/v2\/posts\/24183\/revisions"}],"predecessor-version":[{"id":24191,"href":"https:\/\/lasentinelle.dz\/index.php\/wp-json\/wp\/v2\/posts\/24183\/revisions\/24191"}],"wp:featuredmedia":[{"embeddable":true,"href":"https:\/\/lasentinelle.dz\/index.php\/wp-json\/wp\/v2\/media\/24188"}],"wp:attachment":[{"href":"https:\/\/lasentinelle.dz\/index.php\/wp-json\/wp\/v2\/media?parent=24183"}],"wp:term":[{"taxonomy":"category","embeddable":true,"href":"https:\/\/lasentinelle.dz\/index.php\/wp-json\/wp\/v2\/categories?post=24183"},{"taxonomy":"post_tag","embeddable":true,"href":"https:\/\/lasentinelle.dz\/index.php\/wp-json\/wp\/v2\/tags?post=24183"}],"curies":[{"name":"wp","href":"https:\/\/api.w.org\/{rel}","templated":true}]}}