{"id":24184,"date":"2022-07-17T00:05:00","date_gmt":"2022-07-16T23:05:00","guid":{"rendered":"https:\/\/lasentinelle.dz\/?p=24184"},"modified":"2022-07-16T20:17:00","modified_gmt":"2022-07-16T19:17:00","slug":"annoncee-comme-un-prolongement-de-la-loi-sur-la-rahma-quelle-loi-damnistie","status":"publish","type":"post","link":"https:\/\/lasentinelle.dz\/index.php\/2022\/07\/17\/annoncee-comme-un-prolongement-de-la-loi-sur-la-rahma-quelle-loi-damnistie\/","title":{"rendered":"Annonc\u00e9e comme un prolongement de la loi sur la Rahma\u00a0:\u00a0Quelle loi d\u2019amnistie\u00a0?"},"content":{"rendered":"\n<p>Un avant-projet de loi est en train de se peaufiner dans la perspective de consacrer le principe de l\u2019apaisement politique.&nbsp;&nbsp;Il s\u2019agit d\u2019une mesure qui a \u00e9t\u00e9 d\u00e9battue lors des rencontres de concertation entre le pr\u00e9sident de la R\u00e9publique, Abdelmadjid Tebboune, la classe politique et la dynamique de la soci\u00e9t\u00e9 civile. La rentr\u00e9e sociale sera ponctu\u00e9e par le d\u00e9bat qu\u2019entamera l&rsquo;Ex\u00e9cutif autour de cet avant-projet de loi et son transfert vers les deux chambres du Parlement.<\/p>\n\n\n\n<p>C\u2019est le communiqu\u00e9 de la pr\u00e9sidence de la R\u00e9publique qui fait r\u00e9f\u00e9rence \u00e0 ce volet en l\u2019incorporant dans le sillage de la gr\u00e2ce qui concerne les condamn\u00e9s d\u00e9finitifs dans le cadre de droit commun et la cat\u00e9gorie s\u2019inscrivant dans le cadre de d\u00e9tenus d\u2019opinion. C\u2019est tout le d\u00e9bat qui commence \u00e0 prendre forme et corps. Les observateurs parlent d\u2019une d\u00e9marche dont les vis\u00e9es sont d\u2019ordre humanitaire, c\u2019est-\u00e0-dire une mani\u00e8re de mettre terme \u00e0 une p\u00e9riode qui taraude jusqu\u2019\u00e0 pr\u00e9sent les esprits et qu\u2019il faut en finir avec ses stigmates une fois pour toutes. Une mesure d\u2019amnistie \u00ab en application de ces d\u00e9crets, conform\u00e9ment \u00e0 la Constitution, et en application des dispositions du Code de proc\u00e9dure p\u00e9nale et du Code p\u00e9nal, tels que modifi\u00e9s et compl\u00e9t\u00e9s, et apr\u00e8s avis consultatif du Conseil sup\u00e9rieur de la magistrature \u00bb, concerne 14 914 prisonniers. Parmi les amnisti\u00e9s, il y aura 298 condamn\u00e9s d\u00e9finitivement que le communiqu\u00e9 de la pr\u00e9sidence de la R\u00e9publique souligne \u00e0 leur propos qu\u2019\u00ab une loi sp\u00e9cifique a \u00e9t\u00e9 \u00e9labor\u00e9e, en prolongement des lois sur la Rahma et la concorde civile, au profit de 298 d\u00e9tenus condamn\u00e9s d\u00e9finitivement, \u00e0 soumettre la semaine prochaine \u00e0 la r\u00e9union du Gouvernement, puis en Conseil des ministres pour examen et approbation. Cette loi sera pr\u00e9sent\u00e9e au Parlement dans sa prochaine session \u00bb, atteste le communiqu\u00e9. La lecture politique est en train de s\u2019esquisser autour de cette amnistie qui se veut comme prolongement des lois sur la Rahma et la concorde civile.<\/p>\n\n\n\n<p>Que vise-t-on par cette loi sp\u00e9cifique comme son appellation l\u2019indique ? S\u2019agit-il d\u2019une mesure pour mettre terme \u00e0 la sp\u00e9culation sur la p\u00e9riode des ann\u00e9es 90 et la rente politique que les islamistes cherchaient co\u00fbte que co\u00fbte \u00e0 r\u00e9investir pour s\u2019approprier le terrain politique ou c\u2019est juste un m\u00e9canisme juridique consistant \u00e0 honorer les engagements pris envers la classe politique comme signe et une volont\u00e9 politique de l\u2019Etat d\u2019aller de l\u2019avant. Le pr\u00e9sident Tebboune s\u2019est engag\u00e9 dans une perspective de \u00ab la main tendue \u00bb et du rassemblement de toutes les forces vives de la patrie.<\/p>\n\n\n\n<p>C\u2019est cette volont\u00e9 politique d\u2019aller vers un apaisement politique v\u00e9ritable et vers un rassemblement national qui implique l\u2019ensemble de la classe politique et la dynamique de la soci\u00e9t\u00e9 civile dans la voie de la reconstruction nationale.&nbsp;<\/p>\n\n\n\n<p>Rachid Nassouti<\/p>\n","protected":false},"excerpt":{"rendered":"<p>Un avant-projet de loi est en train de se peaufiner dans la perspective de consacrer le principe de l\u2019apaisement politique.&nbsp;&nbsp;Il<\/p>\n","protected":false},"author":3,"featured_media":24189,"comment_status":"open","ping_status":"closed","sticky":false,"template":"","format":"standard","meta":{"colormag_page_container_layout":"default_layout","colormag_page_sidebar_layout":"default_layout","om_disable_all_campaigns":false,"_monsterinsights_skip_tracking":false,"_monsterinsights_sitenote_active":false,"_monsterinsights_sitenote_note":"","_monsterinsights_sitenote_category":0,"footnotes":"","_wpscppro_dont_share_socialmedia":false,"_wpscppro_custom_social_share_image":0,"_facebook_share_type":"","_twitter_share_type":"","_linkedin_share_type":"","_pinterest_share_type":"","_linkedin_share_type_page":"","_instagram_share_type":"","_medium_share_type":"","_threads_share_type":"","_google_business_share_type":"","_selected_social_profile":[],"_wpsp_enable_custom_social_template":false,"_wpsp_social_scheduling":{"enabled":false,"datetime":null,"platforms":[],"status":"template_only","dateOption":"today","timeOption":"now","customDays":"","customHours":"","customDate":"","customTime":"","schedulingType":"absolute"},"_wpsp_active_default_template":true},"categories":[52,27],"tags":[],"class_list":["post-24184","post","type-post","status-publish","format-standard","has-post-thumbnail","hentry","category-a-la-une","category-actualite"],"aioseo_notices":[],"yoast_head":"<!-- This site is optimized with the Yoast SEO plugin v27.5 - https:\/\/yoast.com\/product\/yoast-seo-wordpress\/ -->\n<title>Annonc\u00e9e comme un prolongement de la loi sur la Rahma\u00a0:\u00a0Quelle loi d\u2019amnistie\u00a0? - La Sentinelle<\/title>\n<meta name=\"robots\" content=\"index, follow, max-snippet:-1, max-image-preview:large, max-video-preview:-1\" \/>\n<link rel=\"canonical\" href=\"https:\/\/lasentinelle.dz\/index.php\/2022\/07\/17\/annoncee-comme-un-prolongement-de-la-loi-sur-la-rahma-quelle-loi-damnistie\/\" \/>\n<meta property=\"og:locale\" content=\"fr_FR\" \/>\n<meta property=\"og:type\" content=\"article\" \/>\n<meta property=\"og:title\" content=\"Annonc\u00e9e comme un prolongement de la loi sur la Rahma\u00a0:\u00a0Quelle loi d\u2019amnistie\u00a0? - La Sentinelle\" \/>\n<meta property=\"og:description\" content=\"Un avant-projet de loi est en train de se peaufiner dans la perspective de consacrer le principe de l\u2019apaisement politique.&nbsp;&nbsp;Il\" \/>\n<meta property=\"og:url\" content=\"https:\/\/lasentinelle.dz\/index.php\/2022\/07\/17\/annoncee-comme-un-prolongement-de-la-loi-sur-la-rahma-quelle-loi-damnistie\/\" \/>\n<meta property=\"og:site_name\" content=\"La Sentinelle\" \/>\n<meta property=\"article:publisher\" content=\"https:\/\/www.facebook.com\/La-Sentinelle-104059864394773\" \/>\n<meta property=\"article:published_time\" content=\"2022-07-16T23:05:00+00:00\" \/>\n<meta property=\"og:image\" content=\"https:\/\/lasentinelle.dz\/wp-content\/uploads\/2022\/07\/presidence.png\" \/>\n\t<meta property=\"og:image:width\" content=\"1350\" \/>\n\t<meta property=\"og:image:height\" content=\"900\" \/>\n\t<meta property=\"og:image:type\" content=\"image\/png\" \/>\n<meta name=\"author\" content=\"La Sentinelle\" \/>\n<meta name=\"twitter:card\" content=\"summary_large_image\" \/>\n<meta name=\"twitter:label1\" content=\"\u00c9crit par\" \/>\n\t<meta name=\"twitter:data1\" content=\"La Sentinelle\" \/>\n\t<meta name=\"twitter:label2\" content=\"Dur\u00e9e de lecture estim\u00e9e\" \/>\n\t<meta name=\"twitter:data2\" content=\"3 minutes\" \/>\n<script type=\"application\/ld+json\" class=\"yoast-schema-graph\">{\"@context\":\"https:\\\/\\\/schema.org\",\"@graph\":[{\"@type\":\"Article\",\"@id\":\"https:\\\/\\\/lasentinelle.dz\\\/index.php\\\/2022\\\/07\\\/17\\\/annoncee-comme-un-prolongement-de-la-loi-sur-la-rahma-quelle-loi-damnistie\\\/#article\",\"isPartOf\":{\"@id\":\"https:\\\/\\\/lasentinelle.dz\\\/index.php\\\/2022\\\/07\\\/17\\\/annoncee-comme-un-prolongement-de-la-loi-sur-la-rahma-quelle-loi-damnistie\\\/\"},\"author\":{\"name\":\"La Sentinelle\",\"@id\":\"https:\\\/\\\/lasentinelle.dz\\\/#\\\/schema\\\/person\\\/d865044e22e70a75174ce8bcad3acfb3\"},\"headline\":\"Annonc\u00e9e comme un prolongement de la loi sur la Rahma\u00a0:\u00a0Quelle loi d\u2019amnistie\u00a0?\",\"datePublished\":\"2022-07-16T23:05:00+00:00\",\"mainEntityOfPage\":{\"@id\":\"https:\\\/\\\/lasentinelle.dz\\\/index.php\\\/2022\\\/07\\\/17\\\/annoncee-comme-un-prolongement-de-la-loi-sur-la-rahma-quelle-loi-damnistie\\\/\"},\"wordCount\":539,\"commentCount\":0,\"publisher\":{\"@id\":\"https:\\\/\\\/lasentinelle.dz\\\/#organization\"},\"image\":{\"@id\":\"https:\\\/\\\/lasentinelle.dz\\\/index.php\\\/2022\\\/07\\\/17\\\/annoncee-comme-un-prolongement-de-la-loi-sur-la-rahma-quelle-loi-damnistie\\\/#primaryimage\"},\"thumbnailUrl\":\"https:\\\/\\\/lasentinelle.dz\\\/wp-content\\\/uploads\\\/2022\\\/07\\\/presidence.png\",\"articleSection\":[\"\u00c0 la Une\",\"Actualit\u00e9\"],\"inLanguage\":\"fr-FR\",\"potentialAction\":[{\"@type\":\"CommentAction\",\"name\":\"Comment\",\"target\":[\"https:\\\/\\\/lasentinelle.dz\\\/index.php\\\/2022\\\/07\\\/17\\\/annoncee-comme-un-prolongement-de-la-loi-sur-la-rahma-quelle-loi-damnistie\\\/#respond\"]}]},{\"@type\":\"WebPage\",\"@id\":\"https:\\\/\\\/lasentinelle.dz\\\/index.php\\\/2022\\\/07\\\/17\\\/annoncee-comme-un-prolongement-de-la-loi-sur-la-rahma-quelle-loi-damnistie\\\/\",\"url\":\"https:\\\/\\\/lasentinelle.dz\\\/index.php\\\/2022\\\/07\\\/17\\\/annoncee-comme-un-prolongement-de-la-loi-sur-la-rahma-quelle-loi-damnistie\\\/\",\"name\":\"Annonc\u00e9e comme un prolongement de la loi sur la Rahma\u00a0:\u00a0Quelle loi d\u2019amnistie\u00a0? - La Sentinelle\",\"isPartOf\":{\"@id\":\"https:\\\/\\\/lasentinelle.dz\\\/#website\"},\"primaryImageOfPage\":{\"@id\":\"https:\\\/\\\/lasentinelle.dz\\\/index.php\\\/2022\\\/07\\\/17\\\/annoncee-comme-un-prolongement-de-la-loi-sur-la-rahma-quelle-loi-damnistie\\\/#primaryimage\"},\"image\":{\"@id\":\"https:\\\/\\\/lasentinelle.dz\\\/index.php\\\/2022\\\/07\\\/17\\\/annoncee-comme-un-prolongement-de-la-loi-sur-la-rahma-quelle-loi-damnistie\\\/#primaryimage\"},\"thumbnailUrl\":\"https:\\\/\\\/lasentinelle.dz\\\/wp-content\\\/uploads\\\/2022\\\/07\\\/presidence.png\",\"datePublished\":\"2022-07-16T23:05:00+00:00\",\"breadcrumb\":{\"@id\":\"https:\\\/\\\/lasentinelle.dz\\\/index.php\\\/2022\\\/07\\\/17\\\/annoncee-comme-un-prolongement-de-la-loi-sur-la-rahma-quelle-loi-damnistie\\\/#breadcrumb\"},\"inLanguage\":\"fr-FR\",\"potentialAction\":[{\"@type\":\"ReadAction\",\"target\":[\"https:\\\/\\\/lasentinelle.dz\\\/index.php\\\/2022\\\/07\\\/17\\\/annoncee-comme-un-prolongement-de-la-loi-sur-la-rahma-quelle-loi-damnistie\\\/\"]}]},{\"@type\":\"ImageObject\",\"inLanguage\":\"fr-FR\",\"@id\":\"https:\\\/\\\/lasentinelle.dz\\\/index.php\\\/2022\\\/07\\\/17\\\/annoncee-comme-un-prolongement-de-la-loi-sur-la-rahma-quelle-loi-damnistie\\\/#primaryimage\",\"url\":\"https:\\\/\\\/lasentinelle.dz\\\/wp-content\\\/uploads\\\/2022\\\/07\\\/presidence.png\",\"contentUrl\":\"https:\\\/\\\/lasentinelle.dz\\\/wp-content\\\/uploads\\\/2022\\\/07\\\/presidence.png\",\"width\":1350,\"height\":900},{\"@type\":\"BreadcrumbList\",\"@id\":\"https:\\\/\\\/lasentinelle.dz\\\/index.php\\\/2022\\\/07\\\/17\\\/annoncee-comme-un-prolongement-de-la-loi-sur-la-rahma-quelle-loi-damnistie\\\/#breadcrumb\",\"itemListElement\":[{\"@type\":\"ListItem\",\"position\":1,\"name\":\"Accueil\",\"item\":\"https:\\\/\\\/lasentinelle.dz\\\/\"},{\"@type\":\"ListItem\",\"position\":2,\"name\":\"Annonc\u00e9e comme un prolongement de la loi sur la Rahma\u00a0:\u00a0Quelle loi d\u2019amnistie\u00a0?\"}]},{\"@type\":\"WebSite\",\"@id\":\"https:\\\/\\\/lasentinelle.dz\\\/#website\",\"url\":\"https:\\\/\\\/lasentinelle.dz\\\/\",\"name\":\"La Sentinelle\",\"description\":\"Quotidien national d&#039;information\",\"publisher\":{\"@id\":\"https:\\\/\\\/lasentinelle.dz\\\/#organization\"},\"potentialAction\":[{\"@type\":\"SearchAction\",\"target\":{\"@type\":\"EntryPoint\",\"urlTemplate\":\"https:\\\/\\\/lasentinelle.dz\\\/?s={search_term_string}\"},\"query-input\":{\"@type\":\"PropertyValueSpecification\",\"valueRequired\":true,\"valueName\":\"search_term_string\"}}],\"inLanguage\":\"fr-FR\"},{\"@type\":\"Organization\",\"@id\":\"https:\\\/\\\/lasentinelle.dz\\\/#organization\",\"name\":\"Quotidien La Sentinelle\",\"url\":\"https:\\\/\\\/lasentinelle.dz\\\/\",\"logo\":{\"@type\":\"ImageObject\",\"inLanguage\":\"fr-FR\",\"@id\":\"https:\\\/\\\/lasentinelle.dz\\\/#\\\/schema\\\/logo\\\/image\\\/\",\"url\":\"https:\\\/\\\/lasentinelle.dz\\\/wp-content\\\/uploads\\\/2021\\\/09\\\/logo-sentinelleSLOGAN-1.png\",\"contentUrl\":\"https:\\\/\\\/lasentinelle.dz\\\/wp-content\\\/uploads\\\/2021\\\/09\\\/logo-sentinelleSLOGAN-1.png\",\"width\":615,\"height\":142,\"caption\":\"Quotidien La Sentinelle\"},\"image\":{\"@id\":\"https:\\\/\\\/lasentinelle.dz\\\/#\\\/schema\\\/logo\\\/image\\\/\"},\"sameAs\":[\"https:\\\/\\\/www.facebook.com\\\/La-Sentinelle-104059864394773\"]},{\"@type\":\"Person\",\"@id\":\"https:\\\/\\\/lasentinelle.dz\\\/#\\\/schema\\\/person\\\/d865044e22e70a75174ce8bcad3acfb3\",\"name\":\"La Sentinelle\",\"image\":{\"@type\":\"ImageObject\",\"inLanguage\":\"fr-FR\",\"@id\":\"https:\\\/\\\/secure.gravatar.com\\\/avatar\\\/57de8e5d4b15d43fb361a71fbb36338450fe67865b528a43dd10ef7c51a20392?s=96&d=mm&r=g\",\"url\":\"https:\\\/\\\/secure.gravatar.com\\\/avatar\\\/57de8e5d4b15d43fb361a71fbb36338450fe67865b528a43dd10ef7c51a20392?s=96&d=mm&r=g\",\"contentUrl\":\"https:\\\/\\\/secure.gravatar.com\\\/avatar\\\/57de8e5d4b15d43fb361a71fbb36338450fe67865b528a43dd10ef7c51a20392?s=96&d=mm&r=g\",\"caption\":\"La Sentinelle\"},\"sameAs\":[\"http:\\\/\\\/www.lasentinelle.dz\"],\"url\":\"https:\\\/\\\/lasentinelle.dz\\\/author\\\/redaction\\\/\"}]}<\/script>\n<!-- \/ Yoast SEO plugin. -->","yoast_head_json":{"title":"Annonc\u00e9e comme un prolongement de la loi sur la Rahma\u00a0:\u00a0Quelle loi d\u2019amnistie\u00a0? - La Sentinelle","robots":{"index":"index","follow":"follow","max-snippet":"max-snippet:-1","max-image-preview":"max-image-preview:large","max-video-preview":"max-video-preview:-1"},"canonical":"https:\/\/lasentinelle.dz\/index.php\/2022\/07\/17\/annoncee-comme-un-prolongement-de-la-loi-sur-la-rahma-quelle-loi-damnistie\/","og_locale":"fr_FR","og_type":"article","og_title":"Annonc\u00e9e comme un prolongement de la loi sur la Rahma\u00a0:\u00a0Quelle loi d\u2019amnistie\u00a0? - La Sentinelle","og_description":"Un avant-projet de loi est en train de se peaufiner dans la perspective de consacrer le principe de l\u2019apaisement politique.&nbsp;&nbsp;Il","og_url":"https:\/\/lasentinelle.dz\/index.php\/2022\/07\/17\/annoncee-comme-un-prolongement-de-la-loi-sur-la-rahma-quelle-loi-damnistie\/","og_site_name":"La Sentinelle","article_publisher":"https:\/\/www.facebook.com\/La-Sentinelle-104059864394773","article_published_time":"2022-07-16T23:05:00+00:00","og_image":[{"width":1350,"height":900,"url":"https:\/\/lasentinelle.dz\/wp-content\/uploads\/2022\/07\/presidence.png","type":"image\/png"}],"author":"La Sentinelle","twitter_card":"summary_large_image","twitter_misc":{"\u00c9crit par":"La Sentinelle","Dur\u00e9e de lecture estim\u00e9e":"3 minutes"},"schema":{"@context":"https:\/\/schema.org","@graph":[{"@type":"Article","@id":"https:\/\/lasentinelle.dz\/index.php\/2022\/07\/17\/annoncee-comme-un-prolongement-de-la-loi-sur-la-rahma-quelle-loi-damnistie\/#article","isPartOf":{"@id":"https:\/\/lasentinelle.dz\/index.php\/2022\/07\/17\/annoncee-comme-un-prolongement-de-la-loi-sur-la-rahma-quelle-loi-damnistie\/"},"author":{"name":"La Sentinelle","@id":"https:\/\/lasentinelle.dz\/#\/schema\/person\/d865044e22e70a75174ce8bcad3acfb3"},"headline":"Annonc\u00e9e comme un prolongement de la loi sur la Rahma\u00a0:\u00a0Quelle loi d\u2019amnistie\u00a0?","datePublished":"2022-07-16T23:05:00+00:00","mainEntityOfPage":{"@id":"https:\/\/lasentinelle.dz\/index.php\/2022\/07\/17\/annoncee-comme-un-prolongement-de-la-loi-sur-la-rahma-quelle-loi-damnistie\/"},"wordCount":539,"commentCount":0,"publisher":{"@id":"https:\/\/lasentinelle.dz\/#organization"},"image":{"@id":"https:\/\/lasentinelle.dz\/index.php\/2022\/07\/17\/annoncee-comme-un-prolongement-de-la-loi-sur-la-rahma-quelle-loi-damnistie\/#primaryimage"},"thumbnailUrl":"https:\/\/lasentinelle.dz\/wp-content\/uploads\/2022\/07\/presidence.png","articleSection":["\u00c0 la Une","Actualit\u00e9"],"inLanguage":"fr-FR","potentialAction":[{"@type":"CommentAction","name":"Comment","target":["https:\/\/lasentinelle.dz\/index.php\/2022\/07\/17\/annoncee-comme-un-prolongement-de-la-loi-sur-la-rahma-quelle-loi-damnistie\/#respond"]}]},{"@type":"WebPage","@id":"https:\/\/lasentinelle.dz\/index.php\/2022\/07\/17\/annoncee-comme-un-prolongement-de-la-loi-sur-la-rahma-quelle-loi-damnistie\/","url":"https:\/\/lasentinelle.dz\/index.php\/2022\/07\/17\/annoncee-comme-un-prolongement-de-la-loi-sur-la-rahma-quelle-loi-damnistie\/","name":"Annonc\u00e9e comme un prolongement de la loi sur la Rahma\u00a0:\u00a0Quelle loi d\u2019amnistie\u00a0? - La Sentinelle","isPartOf":{"@id":"https:\/\/lasentinelle.dz\/#website"},"primaryImageOfPage":{"@id":"https:\/\/lasentinelle.dz\/index.php\/2022\/07\/17\/annoncee-comme-un-prolongement-de-la-loi-sur-la-rahma-quelle-loi-damnistie\/#primaryimage"},"image":{"@id":"https:\/\/lasentinelle.dz\/index.php\/2022\/07\/17\/annoncee-comme-un-prolongement-de-la-loi-sur-la-rahma-quelle-loi-damnistie\/#primaryimage"},"thumbnailUrl":"https:\/\/lasentinelle.dz\/wp-content\/uploads\/2022\/07\/presidence.png","datePublished":"2022-07-16T23:05:00+00:00","breadcrumb":{"@id":"https:\/\/lasentinelle.dz\/index.php\/2022\/07\/17\/annoncee-comme-un-prolongement-de-la-loi-sur-la-rahma-quelle-loi-damnistie\/#breadcrumb"},"inLanguage":"fr-FR","potentialAction":[{"@type":"ReadAction","target":["https:\/\/lasentinelle.dz\/index.php\/2022\/07\/17\/annoncee-comme-un-prolongement-de-la-loi-sur-la-rahma-quelle-loi-damnistie\/"]}]},{"@type":"ImageObject","inLanguage":"fr-FR","@id":"https:\/\/lasentinelle.dz\/index.php\/2022\/07\/17\/annoncee-comme-un-prolongement-de-la-loi-sur-la-rahma-quelle-loi-damnistie\/#primaryimage","url":"https:\/\/lasentinelle.dz\/wp-content\/uploads\/2022\/07\/presidence.png","contentUrl":"https:\/\/lasentinelle.dz\/wp-content\/uploads\/2022\/07\/presidence.png","width":1350,"height":900},{"@type":"BreadcrumbList","@id":"https:\/\/lasentinelle.dz\/index.php\/2022\/07\/17\/annoncee-comme-un-prolongement-de-la-loi-sur-la-rahma-quelle-loi-damnistie\/#breadcrumb","itemListElement":[{"@type":"ListItem","position":1,"name":"Accueil","item":"https:\/\/lasentinelle.dz\/"},{"@type":"ListItem","position":2,"name":"Annonc\u00e9e comme un prolongement de la loi sur la Rahma\u00a0:\u00a0Quelle loi d\u2019amnistie\u00a0?"}]},{"@type":"WebSite","@id":"https:\/\/lasentinelle.dz\/#website","url":"https:\/\/lasentinelle.dz\/","name":"La Sentinelle","description":"Quotidien national d&#039;information","publisher":{"@id":"https:\/\/lasentinelle.dz\/#organization"},"potentialAction":[{"@type":"SearchAction","target":{"@type":"EntryPoint","urlTemplate":"https:\/\/lasentinelle.dz\/?s={search_term_string}"},"query-input":{"@type":"PropertyValueSpecification","valueRequired":true,"valueName":"search_term_string"}}],"inLanguage":"fr-FR"},{"@type":"Organization","@id":"https:\/\/lasentinelle.dz\/#organization","name":"Quotidien La Sentinelle","url":"https:\/\/lasentinelle.dz\/","logo":{"@type":"ImageObject","inLanguage":"fr-FR","@id":"https:\/\/lasentinelle.dz\/#\/schema\/logo\/image\/","url":"https:\/\/lasentinelle.dz\/wp-content\/uploads\/2021\/09\/logo-sentinelleSLOGAN-1.png","contentUrl":"https:\/\/lasentinelle.dz\/wp-content\/uploads\/2021\/09\/logo-sentinelleSLOGAN-1.png","width":615,"height":142,"caption":"Quotidien La Sentinelle"},"image":{"@id":"https:\/\/lasentinelle.dz\/#\/schema\/logo\/image\/"},"sameAs":["https:\/\/www.facebook.com\/La-Sentinelle-104059864394773"]},{"@type":"Person","@id":"https:\/\/lasentinelle.dz\/#\/schema\/person\/d865044e22e70a75174ce8bcad3acfb3","name":"La Sentinelle","image":{"@type":"ImageObject","inLanguage":"fr-FR","@id":"https:\/\/secure.gravatar.com\/avatar\/57de8e5d4b15d43fb361a71fbb36338450fe67865b528a43dd10ef7c51a20392?s=96&d=mm&r=g","url":"https:\/\/secure.gravatar.com\/avatar\/57de8e5d4b15d43fb361a71fbb36338450fe67865b528a43dd10ef7c51a20392?s=96&d=mm&r=g","contentUrl":"https:\/\/secure.gravatar.com\/avatar\/57de8e5d4b15d43fb361a71fbb36338450fe67865b528a43dd10ef7c51a20392?s=96&d=mm&r=g","caption":"La Sentinelle"},"sameAs":["http:\/\/www.lasentinelle.dz"],"url":"https:\/\/lasentinelle.dz\/author\/redaction\/"}]}},"_links":{"self":[{"href":"https:\/\/lasentinelle.dz\/index.php\/wp-json\/wp\/v2\/posts\/24184","targetHints":{"allow":["GET"]}}],"collection":[{"href":"https:\/\/lasentinelle.dz\/index.php\/wp-json\/wp\/v2\/posts"}],"about":[{"href":"https:\/\/lasentinelle.dz\/index.php\/wp-json\/wp\/v2\/types\/post"}],"author":[{"embeddable":true,"href":"https:\/\/lasentinelle.dz\/index.php\/wp-json\/wp\/v2\/users\/3"}],"replies":[{"embeddable":true,"href":"https:\/\/lasentinelle.dz\/index.php\/wp-json\/wp\/v2\/comments?post=24184"}],"version-history":[{"count":1,"href":"https:\/\/lasentinelle.dz\/index.php\/wp-json\/wp\/v2\/posts\/24184\/revisions"}],"predecessor-version":[{"id":24190,"href":"https:\/\/lasentinelle.dz\/index.php\/wp-json\/wp\/v2\/posts\/24184\/revisions\/24190"}],"wp:featuredmedia":[{"embeddable":true,"href":"https:\/\/lasentinelle.dz\/index.php\/wp-json\/wp\/v2\/media\/24189"}],"wp:attachment":[{"href":"https:\/\/lasentinelle.dz\/index.php\/wp-json\/wp\/v2\/media?parent=24184"}],"wp:term":[{"taxonomy":"category","embeddable":true,"href":"https:\/\/lasentinelle.dz\/index.php\/wp-json\/wp\/v2\/categories?post=24184"},{"taxonomy":"post_tag","embeddable":true,"href":"https:\/\/lasentinelle.dz\/index.php\/wp-json\/wp\/v2\/tags?post=24184"}],"curies":[{"name":"wp","href":"https:\/\/api.w.org\/{rel}","templated":true}]}}