{"id":24186,"date":"2022-07-17T00:01:00","date_gmt":"2022-07-16T23:01:00","guid":{"rendered":"https:\/\/lasentinelle.dz\/?p=24186"},"modified":"2022-07-16T18:49:18","modified_gmt":"2022-07-16T17:49:18","slug":"mesures-annoncees-par-le-president-de-la-republique-le-rnd-et-taj-saluent-linitiative","status":"publish","type":"post","link":"https:\/\/lasentinelle.dz\/index.php\/2022\/07\/17\/mesures-annoncees-par-le-president-de-la-republique-le-rnd-et-taj-saluent-linitiative\/","title":{"rendered":"Mesures annonc\u00e9es par le Pr\u00e9sident de la R\u00e9publique\u00a0:\u00a0Le RND et TAJ\u00a0saluent l\u2019initiative"},"content":{"rendered":"\n<p>Le&nbsp;Secr\u00e9taire g\u00e9n\u00e9ral du Rassemblement national d\u00e9mocratique,&nbsp;&nbsp;Tayeb Zitouni a&nbsp;salu\u00e9 hier les mesures&nbsp;d\u2019amnistie et d\u2019apaisement&nbsp;d\u00e9cid\u00e9e&nbsp;par le Pr\u00e9sident&nbsp;de la R\u00e9publique, Abdelmadjid Tebboune, \u00e0 l\u2019occasion du 60e anniversaire de l\u2019Ind\u00e9pendance. Tayeb Zitouni a indiqu\u00e9&nbsp;\u00e0 partir de la wilaya de Mila&nbsp;que \u00ables mesures prises par le Pr\u00e9sident de la R\u00e9publique \u00e0 cet \u00e9gard font partie des efforts de&nbsp;rassemblement&nbsp;renfor\u00e7ant le front int\u00e9rieur et cr\u00e9ant un climat favorable pour renforcer l\u2019unit\u00e9 de la&nbsp;Patrie et pr\u00e9server la stabilit\u00e9 du pays\u00bb. Il a en ce sens&nbsp;appel\u00e9&nbsp;la&nbsp;classe politique, les \u00e9lites et la soci\u00e9t\u00e9 civile \u00e0 \u00abs\u2019engager dans cet effort pour faire face \u00e0 tous&nbsp;ceux qui&nbsp;complotent&nbsp;contre l\u2019Alg\u00e9rie&nbsp;et promouvoir divers aspects du d\u00e9veloppement \u00e9conomique\u00bb. Abordant la comm\u00e9moration du soixanti\u00e8me anniversaire du recouvrement&nbsp;de la souverainet\u00e9 nationale, Zitouni a appel\u00e9 \u00ab\u00e0 l\u2019\u00e9valuation des gains r\u00e9alis\u00e9s au cours des diff\u00e9rentes \u00e9tapes depuis l\u2019ind\u00e9pendance\u00bb, soulignant l\u2019importance de renforcer le lien entre le peuple et les institutions de l\u2019\u00c9tat. De son c\u00f4t\u00e9, la premi\u00e8re responsable du&nbsp;Tadjamoua Amel El Jazair&nbsp;(TAJ), Fatima Zohra Zerouati, a&nbsp;affich\u00e9 sou soutien \u00e0&nbsp;la r\u00e9cente d\u00e9marche d\u2019apaisement&nbsp;entreprise par le Pr\u00e9sident de la R\u00e9publique, Abdelmadjid Tebboune. \u00abCes actions sont une nouvelle occasion de construire et de r\u00e9unir l\u2019Alg\u00e9rie et de maintenir son unit\u00e9 \u00bb, a&nbsp;&nbsp;affirm\u00e9 Fatima Zohra Zerouati, estimant que&nbsp;&nbsp;\u00abla pr\u00e9paration d\u2019une loi sp\u00e9cifique&nbsp;pour traiter des cas similaires \u00e0 la proc\u00e9dure d\u2019amnistie refl\u00e8te la vision efficace de la construction d\u2019un&nbsp;\u00c9tat de v\u00e9rit\u00e9 et de droit\u00bb. Le&nbsp;cheffe de&nbsp;TAJ&nbsp;a affirm\u00e9 que \u00ab&nbsp;le parti&nbsp;\u00e9tait pr\u00eat \u00e0 s\u2019engager et \u00e0 contribuer au succ\u00e8s de l\u2019initiative du Pr\u00e9sident&nbsp;Tebboune&nbsp;\u00bb, et a appel\u00e9 tous les Alg\u00e9riens&nbsp;\u00ab&nbsp;\u00e0 soutenir toutes les initiatives constructives et \u00e0 faire front commun \u00bb.&nbsp;<\/p>\n\n\n\n<p><strong>Amar Malki<\/strong><\/p>\n","protected":false},"excerpt":{"rendered":"<p>Le&nbsp;Secr\u00e9taire g\u00e9n\u00e9ral du Rassemblement national d\u00e9mocratique,&nbsp;&nbsp;Tayeb Zitouni a&nbsp;salu\u00e9 hier les mesures&nbsp;d\u2019amnistie et d\u2019apaisement&nbsp;d\u00e9cid\u00e9e&nbsp;par le Pr\u00e9sident&nbsp;de la R\u00e9publique, Abdelmadjid Tebboune, \u00e0<\/p>\n","protected":false},"author":3,"featured_media":24192,"comment_status":"open","ping_status":"closed","sticky":false,"template":"","format":"standard","meta":{"colormag_page_container_layout":"default_layout","colormag_page_sidebar_layout":"default_layout","om_disable_all_campaigns":false,"_monsterinsights_skip_tracking":false,"_monsterinsights_sitenote_active":false,"_monsterinsights_sitenote_note":"","_monsterinsights_sitenote_category":0,"footnotes":"","_wpscppro_dont_share_socialmedia":false,"_wpscppro_custom_social_share_image":0,"_facebook_share_type":"","_twitter_share_type":"","_linkedin_share_type":"","_pinterest_share_type":"","_linkedin_share_type_page":"","_instagram_share_type":"","_medium_share_type":"","_threads_share_type":"","_google_business_share_type":"","_selected_social_profile":[],"_wpsp_enable_custom_social_template":false,"_wpsp_social_scheduling":{"enabled":false,"datetime":null,"platforms":[],"status":"template_only","dateOption":"today","timeOption":"now","customDays":"","customHours":"","customDate":"","customTime":"","schedulingType":"absolute"},"_wpsp_active_default_template":true},"categories":[27],"tags":[],"class_list":["post-24186","post","type-post","status-publish","format-standard","has-post-thumbnail","hentry","category-actualite"],"aioseo_notices":[],"yoast_head":"<!-- This site is optimized with the Yoast SEO plugin v27.5 - https:\/\/yoast.com\/product\/yoast-seo-wordpress\/ -->\n<title>Mesures annonc\u00e9es par le Pr\u00e9sident de la R\u00e9publique\u00a0:\u00a0Le RND et TAJ\u00a0saluent l\u2019initiative - La Sentinelle<\/title>\n<meta name=\"robots\" content=\"index, follow, max-snippet:-1, max-image-preview:large, max-video-preview:-1\" \/>\n<link rel=\"canonical\" href=\"https:\/\/lasentinelle.dz\/index.php\/2022\/07\/17\/mesures-annoncees-par-le-president-de-la-republique-le-rnd-et-taj-saluent-linitiative\/\" \/>\n<meta property=\"og:locale\" content=\"fr_FR\" \/>\n<meta property=\"og:type\" content=\"article\" \/>\n<meta property=\"og:title\" content=\"Mesures annonc\u00e9es par le Pr\u00e9sident de la R\u00e9publique\u00a0:\u00a0Le RND et TAJ\u00a0saluent l\u2019initiative - La Sentinelle\" \/>\n<meta property=\"og:description\" content=\"Le&nbsp;Secr\u00e9taire g\u00e9n\u00e9ral du Rassemblement national d\u00e9mocratique,&nbsp;&nbsp;Tayeb Zitouni a&nbsp;salu\u00e9 hier les mesures&nbsp;d\u2019amnistie et d\u2019apaisement&nbsp;d\u00e9cid\u00e9e&nbsp;par le Pr\u00e9sident&nbsp;de la R\u00e9publique, Abdelmadjid Tebboune, \u00e0\" \/>\n<meta property=\"og:url\" content=\"https:\/\/lasentinelle.dz\/index.php\/2022\/07\/17\/mesures-annoncees-par-le-president-de-la-republique-le-rnd-et-taj-saluent-linitiative\/\" \/>\n<meta property=\"og:site_name\" content=\"La Sentinelle\" \/>\n<meta property=\"article:publisher\" content=\"https:\/\/www.facebook.com\/La-Sentinelle-104059864394773\" \/>\n<meta property=\"article:published_time\" content=\"2022-07-16T23:01:00+00:00\" \/>\n<meta property=\"og:image\" content=\"https:\/\/lasentinelle.dz\/wp-content\/uploads\/2022\/07\/Tebboune-ssx.png\" \/>\n\t<meta property=\"og:image:width\" content=\"1427\" \/>\n\t<meta property=\"og:image:height\" content=\"900\" \/>\n\t<meta property=\"og:image:type\" content=\"image\/png\" \/>\n<meta name=\"author\" content=\"La Sentinelle\" \/>\n<meta name=\"twitter:card\" content=\"summary_large_image\" \/>\n<meta name=\"twitter:label1\" content=\"\u00c9crit par\" \/>\n\t<meta name=\"twitter:data1\" content=\"La Sentinelle\" \/>\n\t<meta name=\"twitter:label2\" content=\"Dur\u00e9e de lecture estim\u00e9e\" \/>\n\t<meta name=\"twitter:data2\" content=\"2 minutes\" \/>\n<script type=\"application\/ld+json\" class=\"yoast-schema-graph\">{\"@context\":\"https:\\\/\\\/schema.org\",\"@graph\":[{\"@type\":\"Article\",\"@id\":\"https:\\\/\\\/lasentinelle.dz\\\/index.php\\\/2022\\\/07\\\/17\\\/mesures-annoncees-par-le-president-de-la-republique-le-rnd-et-taj-saluent-linitiative\\\/#article\",\"isPartOf\":{\"@id\":\"https:\\\/\\\/lasentinelle.dz\\\/index.php\\\/2022\\\/07\\\/17\\\/mesures-annoncees-par-le-president-de-la-republique-le-rnd-et-taj-saluent-linitiative\\\/\"},\"author\":{\"name\":\"La Sentinelle\",\"@id\":\"https:\\\/\\\/lasentinelle.dz\\\/#\\\/schema\\\/person\\\/d865044e22e70a75174ce8bcad3acfb3\"},\"headline\":\"Mesures annonc\u00e9es par le Pr\u00e9sident de la R\u00e9publique\u00a0:\u00a0Le RND et TAJ\u00a0saluent l\u2019initiative\",\"datePublished\":\"2022-07-16T23:01:00+00:00\",\"mainEntityOfPage\":{\"@id\":\"https:\\\/\\\/lasentinelle.dz\\\/index.php\\\/2022\\\/07\\\/17\\\/mesures-annoncees-par-le-president-de-la-republique-le-rnd-et-taj-saluent-linitiative\\\/\"},\"wordCount\":396,\"commentCount\":0,\"publisher\":{\"@id\":\"https:\\\/\\\/lasentinelle.dz\\\/#organization\"},\"image\":{\"@id\":\"https:\\\/\\\/lasentinelle.dz\\\/index.php\\\/2022\\\/07\\\/17\\\/mesures-annoncees-par-le-president-de-la-republique-le-rnd-et-taj-saluent-linitiative\\\/#primaryimage\"},\"thumbnailUrl\":\"https:\\\/\\\/lasentinelle.dz\\\/wp-content\\\/uploads\\\/2022\\\/07\\\/Tebboune-ssx.png\",\"articleSection\":[\"Actualit\u00e9\"],\"inLanguage\":\"fr-FR\",\"potentialAction\":[{\"@type\":\"CommentAction\",\"name\":\"Comment\",\"target\":[\"https:\\\/\\\/lasentinelle.dz\\\/index.php\\\/2022\\\/07\\\/17\\\/mesures-annoncees-par-le-president-de-la-republique-le-rnd-et-taj-saluent-linitiative\\\/#respond\"]}]},{\"@type\":\"WebPage\",\"@id\":\"https:\\\/\\\/lasentinelle.dz\\\/index.php\\\/2022\\\/07\\\/17\\\/mesures-annoncees-par-le-president-de-la-republique-le-rnd-et-taj-saluent-linitiative\\\/\",\"url\":\"https:\\\/\\\/lasentinelle.dz\\\/index.php\\\/2022\\\/07\\\/17\\\/mesures-annoncees-par-le-president-de-la-republique-le-rnd-et-taj-saluent-linitiative\\\/\",\"name\":\"Mesures annonc\u00e9es par le Pr\u00e9sident de la R\u00e9publique\u00a0:\u00a0Le RND et TAJ\u00a0saluent l\u2019initiative - La Sentinelle\",\"isPartOf\":{\"@id\":\"https:\\\/\\\/lasentinelle.dz\\\/#website\"},\"primaryImageOfPage\":{\"@id\":\"https:\\\/\\\/lasentinelle.dz\\\/index.php\\\/2022\\\/07\\\/17\\\/mesures-annoncees-par-le-president-de-la-republique-le-rnd-et-taj-saluent-linitiative\\\/#primaryimage\"},\"image\":{\"@id\":\"https:\\\/\\\/lasentinelle.dz\\\/index.php\\\/2022\\\/07\\\/17\\\/mesures-annoncees-par-le-president-de-la-republique-le-rnd-et-taj-saluent-linitiative\\\/#primaryimage\"},\"thumbnailUrl\":\"https:\\\/\\\/lasentinelle.dz\\\/wp-content\\\/uploads\\\/2022\\\/07\\\/Tebboune-ssx.png\",\"datePublished\":\"2022-07-16T23:01:00+00:00\",\"breadcrumb\":{\"@id\":\"https:\\\/\\\/lasentinelle.dz\\\/index.php\\\/2022\\\/07\\\/17\\\/mesures-annoncees-par-le-president-de-la-republique-le-rnd-et-taj-saluent-linitiative\\\/#breadcrumb\"},\"inLanguage\":\"fr-FR\",\"potentialAction\":[{\"@type\":\"ReadAction\",\"target\":[\"https:\\\/\\\/lasentinelle.dz\\\/index.php\\\/2022\\\/07\\\/17\\\/mesures-annoncees-par-le-president-de-la-republique-le-rnd-et-taj-saluent-linitiative\\\/\"]}]},{\"@type\":\"ImageObject\",\"inLanguage\":\"fr-FR\",\"@id\":\"https:\\\/\\\/lasentinelle.dz\\\/index.php\\\/2022\\\/07\\\/17\\\/mesures-annoncees-par-le-president-de-la-republique-le-rnd-et-taj-saluent-linitiative\\\/#primaryimage\",\"url\":\"https:\\\/\\\/lasentinelle.dz\\\/wp-content\\\/uploads\\\/2022\\\/07\\\/Tebboune-ssx.png\",\"contentUrl\":\"https:\\\/\\\/lasentinelle.dz\\\/wp-content\\\/uploads\\\/2022\\\/07\\\/Tebboune-ssx.png\",\"width\":1427,\"height\":900},{\"@type\":\"BreadcrumbList\",\"@id\":\"https:\\\/\\\/lasentinelle.dz\\\/index.php\\\/2022\\\/07\\\/17\\\/mesures-annoncees-par-le-president-de-la-republique-le-rnd-et-taj-saluent-linitiative\\\/#breadcrumb\",\"itemListElement\":[{\"@type\":\"ListItem\",\"position\":1,\"name\":\"Accueil\",\"item\":\"https:\\\/\\\/lasentinelle.dz\\\/\"},{\"@type\":\"ListItem\",\"position\":2,\"name\":\"Mesures annonc\u00e9es par le Pr\u00e9sident de la R\u00e9publique\u00a0:\u00a0Le RND et TAJ\u00a0saluent l\u2019initiative\"}]},{\"@type\":\"WebSite\",\"@id\":\"https:\\\/\\\/lasentinelle.dz\\\/#website\",\"url\":\"https:\\\/\\\/lasentinelle.dz\\\/\",\"name\":\"La Sentinelle\",\"description\":\"Quotidien national d&#039;information\",\"publisher\":{\"@id\":\"https:\\\/\\\/lasentinelle.dz\\\/#organization\"},\"potentialAction\":[{\"@type\":\"SearchAction\",\"target\":{\"@type\":\"EntryPoint\",\"urlTemplate\":\"https:\\\/\\\/lasentinelle.dz\\\/?s={search_term_string}\"},\"query-input\":{\"@type\":\"PropertyValueSpecification\",\"valueRequired\":true,\"valueName\":\"search_term_string\"}}],\"inLanguage\":\"fr-FR\"},{\"@type\":\"Organization\",\"@id\":\"https:\\\/\\\/lasentinelle.dz\\\/#organization\",\"name\":\"Quotidien La Sentinelle\",\"url\":\"https:\\\/\\\/lasentinelle.dz\\\/\",\"logo\":{\"@type\":\"ImageObject\",\"inLanguage\":\"fr-FR\",\"@id\":\"https:\\\/\\\/lasentinelle.dz\\\/#\\\/schema\\\/logo\\\/image\\\/\",\"url\":\"https:\\\/\\\/lasentinelle.dz\\\/wp-content\\\/uploads\\\/2021\\\/09\\\/logo-sentinelleSLOGAN-1.png\",\"contentUrl\":\"https:\\\/\\\/lasentinelle.dz\\\/wp-content\\\/uploads\\\/2021\\\/09\\\/logo-sentinelleSLOGAN-1.png\",\"width\":615,\"height\":142,\"caption\":\"Quotidien La Sentinelle\"},\"image\":{\"@id\":\"https:\\\/\\\/lasentinelle.dz\\\/#\\\/schema\\\/logo\\\/image\\\/\"},\"sameAs\":[\"https:\\\/\\\/www.facebook.com\\\/La-Sentinelle-104059864394773\"]},{\"@type\":\"Person\",\"@id\":\"https:\\\/\\\/lasentinelle.dz\\\/#\\\/schema\\\/person\\\/d865044e22e70a75174ce8bcad3acfb3\",\"name\":\"La Sentinelle\",\"image\":{\"@type\":\"ImageObject\",\"inLanguage\":\"fr-FR\",\"@id\":\"https:\\\/\\\/secure.gravatar.com\\\/avatar\\\/57de8e5d4b15d43fb361a71fbb36338450fe67865b528a43dd10ef7c51a20392?s=96&d=mm&r=g\",\"url\":\"https:\\\/\\\/secure.gravatar.com\\\/avatar\\\/57de8e5d4b15d43fb361a71fbb36338450fe67865b528a43dd10ef7c51a20392?s=96&d=mm&r=g\",\"contentUrl\":\"https:\\\/\\\/secure.gravatar.com\\\/avatar\\\/57de8e5d4b15d43fb361a71fbb36338450fe67865b528a43dd10ef7c51a20392?s=96&d=mm&r=g\",\"caption\":\"La Sentinelle\"},\"sameAs\":[\"http:\\\/\\\/www.lasentinelle.dz\"],\"url\":\"https:\\\/\\\/lasentinelle.dz\\\/author\\\/redaction\\\/\"}]}<\/script>\n<!-- \/ Yoast SEO plugin. -->","yoast_head_json":{"title":"Mesures annonc\u00e9es par le Pr\u00e9sident de la R\u00e9publique\u00a0:\u00a0Le RND et TAJ\u00a0saluent l\u2019initiative - La Sentinelle","robots":{"index":"index","follow":"follow","max-snippet":"max-snippet:-1","max-image-preview":"max-image-preview:large","max-video-preview":"max-video-preview:-1"},"canonical":"https:\/\/lasentinelle.dz\/index.php\/2022\/07\/17\/mesures-annoncees-par-le-president-de-la-republique-le-rnd-et-taj-saluent-linitiative\/","og_locale":"fr_FR","og_type":"article","og_title":"Mesures annonc\u00e9es par le Pr\u00e9sident de la R\u00e9publique\u00a0:\u00a0Le RND et TAJ\u00a0saluent l\u2019initiative - La Sentinelle","og_description":"Le&nbsp;Secr\u00e9taire g\u00e9n\u00e9ral du Rassemblement national d\u00e9mocratique,&nbsp;&nbsp;Tayeb Zitouni a&nbsp;salu\u00e9 hier les mesures&nbsp;d\u2019amnistie et d\u2019apaisement&nbsp;d\u00e9cid\u00e9e&nbsp;par le Pr\u00e9sident&nbsp;de la R\u00e9publique, Abdelmadjid Tebboune, \u00e0","og_url":"https:\/\/lasentinelle.dz\/index.php\/2022\/07\/17\/mesures-annoncees-par-le-president-de-la-republique-le-rnd-et-taj-saluent-linitiative\/","og_site_name":"La Sentinelle","article_publisher":"https:\/\/www.facebook.com\/La-Sentinelle-104059864394773","article_published_time":"2022-07-16T23:01:00+00:00","og_image":[{"width":1427,"height":900,"url":"https:\/\/lasentinelle.dz\/wp-content\/uploads\/2022\/07\/Tebboune-ssx.png","type":"image\/png"}],"author":"La Sentinelle","twitter_card":"summary_large_image","twitter_misc":{"\u00c9crit par":"La Sentinelle","Dur\u00e9e de lecture estim\u00e9e":"2 minutes"},"schema":{"@context":"https:\/\/schema.org","@graph":[{"@type":"Article","@id":"https:\/\/lasentinelle.dz\/index.php\/2022\/07\/17\/mesures-annoncees-par-le-president-de-la-republique-le-rnd-et-taj-saluent-linitiative\/#article","isPartOf":{"@id":"https:\/\/lasentinelle.dz\/index.php\/2022\/07\/17\/mesures-annoncees-par-le-president-de-la-republique-le-rnd-et-taj-saluent-linitiative\/"},"author":{"name":"La Sentinelle","@id":"https:\/\/lasentinelle.dz\/#\/schema\/person\/d865044e22e70a75174ce8bcad3acfb3"},"headline":"Mesures annonc\u00e9es par le Pr\u00e9sident de la R\u00e9publique\u00a0:\u00a0Le RND et TAJ\u00a0saluent l\u2019initiative","datePublished":"2022-07-16T23:01:00+00:00","mainEntityOfPage":{"@id":"https:\/\/lasentinelle.dz\/index.php\/2022\/07\/17\/mesures-annoncees-par-le-president-de-la-republique-le-rnd-et-taj-saluent-linitiative\/"},"wordCount":396,"commentCount":0,"publisher":{"@id":"https:\/\/lasentinelle.dz\/#organization"},"image":{"@id":"https:\/\/lasentinelle.dz\/index.php\/2022\/07\/17\/mesures-annoncees-par-le-president-de-la-republique-le-rnd-et-taj-saluent-linitiative\/#primaryimage"},"thumbnailUrl":"https:\/\/lasentinelle.dz\/wp-content\/uploads\/2022\/07\/Tebboune-ssx.png","articleSection":["Actualit\u00e9"],"inLanguage":"fr-FR","potentialAction":[{"@type":"CommentAction","name":"Comment","target":["https:\/\/lasentinelle.dz\/index.php\/2022\/07\/17\/mesures-annoncees-par-le-president-de-la-republique-le-rnd-et-taj-saluent-linitiative\/#respond"]}]},{"@type":"WebPage","@id":"https:\/\/lasentinelle.dz\/index.php\/2022\/07\/17\/mesures-annoncees-par-le-president-de-la-republique-le-rnd-et-taj-saluent-linitiative\/","url":"https:\/\/lasentinelle.dz\/index.php\/2022\/07\/17\/mesures-annoncees-par-le-president-de-la-republique-le-rnd-et-taj-saluent-linitiative\/","name":"Mesures annonc\u00e9es par le Pr\u00e9sident de la R\u00e9publique\u00a0:\u00a0Le RND et TAJ\u00a0saluent l\u2019initiative - La Sentinelle","isPartOf":{"@id":"https:\/\/lasentinelle.dz\/#website"},"primaryImageOfPage":{"@id":"https:\/\/lasentinelle.dz\/index.php\/2022\/07\/17\/mesures-annoncees-par-le-president-de-la-republique-le-rnd-et-taj-saluent-linitiative\/#primaryimage"},"image":{"@id":"https:\/\/lasentinelle.dz\/index.php\/2022\/07\/17\/mesures-annoncees-par-le-president-de-la-republique-le-rnd-et-taj-saluent-linitiative\/#primaryimage"},"thumbnailUrl":"https:\/\/lasentinelle.dz\/wp-content\/uploads\/2022\/07\/Tebboune-ssx.png","datePublished":"2022-07-16T23:01:00+00:00","breadcrumb":{"@id":"https:\/\/lasentinelle.dz\/index.php\/2022\/07\/17\/mesures-annoncees-par-le-president-de-la-republique-le-rnd-et-taj-saluent-linitiative\/#breadcrumb"},"inLanguage":"fr-FR","potentialAction":[{"@type":"ReadAction","target":["https:\/\/lasentinelle.dz\/index.php\/2022\/07\/17\/mesures-annoncees-par-le-president-de-la-republique-le-rnd-et-taj-saluent-linitiative\/"]}]},{"@type":"ImageObject","inLanguage":"fr-FR","@id":"https:\/\/lasentinelle.dz\/index.php\/2022\/07\/17\/mesures-annoncees-par-le-president-de-la-republique-le-rnd-et-taj-saluent-linitiative\/#primaryimage","url":"https:\/\/lasentinelle.dz\/wp-content\/uploads\/2022\/07\/Tebboune-ssx.png","contentUrl":"https:\/\/lasentinelle.dz\/wp-content\/uploads\/2022\/07\/Tebboune-ssx.png","width":1427,"height":900},{"@type":"BreadcrumbList","@id":"https:\/\/lasentinelle.dz\/index.php\/2022\/07\/17\/mesures-annoncees-par-le-president-de-la-republique-le-rnd-et-taj-saluent-linitiative\/#breadcrumb","itemListElement":[{"@type":"ListItem","position":1,"name":"Accueil","item":"https:\/\/lasentinelle.dz\/"},{"@type":"ListItem","position":2,"name":"Mesures annonc\u00e9es par le Pr\u00e9sident de la R\u00e9publique\u00a0:\u00a0Le RND et TAJ\u00a0saluent l\u2019initiative"}]},{"@type":"WebSite","@id":"https:\/\/lasentinelle.dz\/#website","url":"https:\/\/lasentinelle.dz\/","name":"La Sentinelle","description":"Quotidien national d&#039;information","publisher":{"@id":"https:\/\/lasentinelle.dz\/#organization"},"potentialAction":[{"@type":"SearchAction","target":{"@type":"EntryPoint","urlTemplate":"https:\/\/lasentinelle.dz\/?s={search_term_string}"},"query-input":{"@type":"PropertyValueSpecification","valueRequired":true,"valueName":"search_term_string"}}],"inLanguage":"fr-FR"},{"@type":"Organization","@id":"https:\/\/lasentinelle.dz\/#organization","name":"Quotidien La Sentinelle","url":"https:\/\/lasentinelle.dz\/","logo":{"@type":"ImageObject","inLanguage":"fr-FR","@id":"https:\/\/lasentinelle.dz\/#\/schema\/logo\/image\/","url":"https:\/\/lasentinelle.dz\/wp-content\/uploads\/2021\/09\/logo-sentinelleSLOGAN-1.png","contentUrl":"https:\/\/lasentinelle.dz\/wp-content\/uploads\/2021\/09\/logo-sentinelleSLOGAN-1.png","width":615,"height":142,"caption":"Quotidien La Sentinelle"},"image":{"@id":"https:\/\/lasentinelle.dz\/#\/schema\/logo\/image\/"},"sameAs":["https:\/\/www.facebook.com\/La-Sentinelle-104059864394773"]},{"@type":"Person","@id":"https:\/\/lasentinelle.dz\/#\/schema\/person\/d865044e22e70a75174ce8bcad3acfb3","name":"La Sentinelle","image":{"@type":"ImageObject","inLanguage":"fr-FR","@id":"https:\/\/secure.gravatar.com\/avatar\/57de8e5d4b15d43fb361a71fbb36338450fe67865b528a43dd10ef7c51a20392?s=96&d=mm&r=g","url":"https:\/\/secure.gravatar.com\/avatar\/57de8e5d4b15d43fb361a71fbb36338450fe67865b528a43dd10ef7c51a20392?s=96&d=mm&r=g","contentUrl":"https:\/\/secure.gravatar.com\/avatar\/57de8e5d4b15d43fb361a71fbb36338450fe67865b528a43dd10ef7c51a20392?s=96&d=mm&r=g","caption":"La Sentinelle"},"sameAs":["http:\/\/www.lasentinelle.dz"],"url":"https:\/\/lasentinelle.dz\/author\/redaction\/"}]}},"_links":{"self":[{"href":"https:\/\/lasentinelle.dz\/index.php\/wp-json\/wp\/v2\/posts\/24186","targetHints":{"allow":["GET"]}}],"collection":[{"href":"https:\/\/lasentinelle.dz\/index.php\/wp-json\/wp\/v2\/posts"}],"about":[{"href":"https:\/\/lasentinelle.dz\/index.php\/wp-json\/wp\/v2\/types\/post"}],"author":[{"embeddable":true,"href":"https:\/\/lasentinelle.dz\/index.php\/wp-json\/wp\/v2\/users\/3"}],"replies":[{"embeddable":true,"href":"https:\/\/lasentinelle.dz\/index.php\/wp-json\/wp\/v2\/comments?post=24186"}],"version-history":[{"count":1,"href":"https:\/\/lasentinelle.dz\/index.php\/wp-json\/wp\/v2\/posts\/24186\/revisions"}],"predecessor-version":[{"id":24195,"href":"https:\/\/lasentinelle.dz\/index.php\/wp-json\/wp\/v2\/posts\/24186\/revisions\/24195"}],"wp:featuredmedia":[{"embeddable":true,"href":"https:\/\/lasentinelle.dz\/index.php\/wp-json\/wp\/v2\/media\/24192"}],"wp:attachment":[{"href":"https:\/\/lasentinelle.dz\/index.php\/wp-json\/wp\/v2\/media?parent=24186"}],"wp:term":[{"taxonomy":"category","embeddable":true,"href":"https:\/\/lasentinelle.dz\/index.php\/wp-json\/wp\/v2\/categories?post=24186"},{"taxonomy":"post_tag","embeddable":true,"href":"https:\/\/lasentinelle.dz\/index.php\/wp-json\/wp\/v2\/tags?post=24186"}],"curies":[{"name":"wp","href":"https:\/\/api.w.org\/{rel}","templated":true}]}}