{"id":24200,"date":"2022-07-17T00:05:00","date_gmt":"2022-07-16T23:05:00","guid":{"rendered":"https:\/\/lasentinelle.dz\/?p=24200"},"modified":"2022-07-16T20:17:35","modified_gmt":"2022-07-16T19:17:35","slug":"le-rush-sur-la-frontiere-algero-tunisienne-na-pas-eu-lieu-les-vacanciers-se-reorientent-ils-vers-la-destination-algerie","status":"publish","type":"post","link":"https:\/\/lasentinelle.dz\/index.php\/2022\/07\/17\/le-rush-sur-la-frontiere-algero-tunisienne-na-pas-eu-lieu-les-vacanciers-se-reorientent-ils-vers-la-destination-algerie\/","title":{"rendered":"Le rush sur la fronti\u00e8re alg\u00e9ro-tunisienne n\u2019a pas eu lieu\u00a0: Les vacanciers se r\u00e9orientent-ils vers la destination Alg\u00e9rie\u00a0?"},"content":{"rendered":"\n<p>Les fronti\u00e8res terrestres entre l\u2019Alg\u00e9rie et la Tunisie ont \u00e9t\u00e9 rouvertes ce vendredi.&nbsp;Les neuf postes frontaliers des wilayas de l\u2019est du pays,&nbsp;situ\u00e9s \u00e0&nbsp;Souk Ahras, T\u00e9bessa et El Tarf et El Oued,&nbsp;ont rouvert et permettent le passage des voyageurs et&nbsp;des&nbsp;v\u00e9hicules particuliers&nbsp;dans les deux sens.&nbsp;Si cette r\u00e9ouverture \u00e9tait tr\u00e8s attendue, le rush des vacanciers, lui, n\u2019a pas eu lieu.&nbsp;<\/p>\n\n\n\n<p>En effet, depuis l\u2019annonce&nbsp;&nbsp;de la r\u00e9ouverture des fronti\u00e8res entre les deux pays, en application de la d\u00e9cision commune du pr\u00e9sident de la R\u00e9publique, M. Abdelmadjid Tebboune, et de son homologue tunisien, M. Ka\u00efs Sa\u00efed, c\u2019est le branle-bas des deux c\u00f4t\u00e9s de la fronti\u00e8res Alg\u00e9ro-Tunisienne. Toutes les mesures de facilitation, de la bonne organisation et le bon accueil ont \u00e9t\u00e9 retenues&nbsp;des deux c\u00f4t\u00e9s de la fronti\u00e8re.&nbsp;<\/p>\n\n\n\n<p>En effet, toutes les conditions&nbsp;&nbsp;mat\u00e9rielles, logistiques et humaines ont \u00e9t\u00e9 r\u00e9unies par les autorit\u00e9s alg\u00e9riennes pour une meilleure prise en charge des citoyens d\u00e9sirants voyager&nbsp;entre les deux pays.&nbsp;&nbsp;<\/p>\n\n\n\n<p>Les guichets d\u2019entr\u00e9e et sortie des postes frontaliers ont \u00e9t\u00e9 dot\u00e9s des \u00e9quipements n\u00e9cessaires, et mis \u00e0 la disposition de la police des fronti\u00e8res et des agents des&nbsp;Douanes&nbsp;pour un contr\u00f4le rapide et efficace, permettant ainsi au voyageur d\u2019accomplir les formalit\u00e9s de sortie sans quitter son v\u00e9hicule.&nbsp;Rien n&rsquo;a \u00e9t\u00e9 laiss\u00e9 au hasard.\u2008Dans chaque poste frontalier, il a \u00e9t\u00e9 proc\u00e9d\u00e9&nbsp;&nbsp;\u00e0 l\u2019installation d\u2019une commission compos\u00e9e de l\u2019ensemble des services concern\u00e9s, dont la police des fronti\u00e8res, les Douanes, la&nbsp;Protection civile,&nbsp;les directions de&nbsp;la sant\u00e9 et les collectivit\u00e9s locales. Cette commission&nbsp;&nbsp;fait partie des mesures prises pour assurer la fluidit\u00e9 des entr\u00e9es et des sorties et le bien-\u00eatre des voyageurs. Sur les lieux, on peut trouver une agence d&rsquo;assurances et un centre de consultation m\u00e9dicale. Car, convient-il de souligner, le passage des voyageurs entre les deux pays, doit imp\u00e9rativement se soumettre aux mesures sanitaires en vigueur.&nbsp;<\/p>\n\n\n\n<p><strong>Une machine bien huil\u00e9e<\/strong><\/p>\n\n\n\n<p>Pour sortir du territoire national, il faut pr\u00e9senter un pass sanitaire en cours, dont la validit\u00e9 n&rsquo;a pas d\u00e9pass\u00e9 9 mois. Dans le cas contraire, pr\u00e9senter un test PCR de moins de 48h.&nbsp;Il en est de&nbsp;m\u00eame pour les Tunisiens d\u00e9sirant entrer en Alg\u00e9rie. Ils sont oblig\u00e9s de manifester un pass sanitaire en cours, dont la validit\u00e9 n\u2019a pas d\u00e9pass\u00e9&nbsp;les 9&nbsp;mois. A d\u00e9faut, un test PCR de moins de 72h est exig\u00e9. Des tests PCR pourront \u00eatre effectu\u00e9s au niveau des postes frontaliers. Autres mesures de facilitation des op\u00e9rations de passage, l\u2019activation de couloirs verts au niveau de chaque poste frontalier, d\u00e9di\u00e9 aux familles, aux personnes \u00e2g\u00e9es et aux malades, en plus du recours au syst\u00e8me de transit \u00e9lectronique pour assurer une bonne fluidit\u00e9 du passage des voyageurs. Soulignons que dans le cadre des facilitations pour acc\u00e9l\u00e9rer les proc\u00e9dures de circulation \u00e0 la fronti\u00e8re alg\u00e9ro-tunisienne, la direction g\u00e9n\u00e9rale des&nbsp;Douanes, a, dans un communiqu\u00e9 rendu public, fait \u00e9tat&nbsp;&nbsp;d&rsquo;un ensemble de facilitations visant \u00e0 all\u00e9ger et \u00e0 acc\u00e9l\u00e9rer les proc\u00e9dures de traitement et de&nbsp;la&nbsp;circulation des voyageurs, dans l&rsquo;objectif de leur assurer un meilleur accompagnement, soit \u00e0 l&rsquo;entr\u00e9e du territoire national ou \u00e0 la sortie. Dans son communiqu\u00e9,&nbsp;&nbsp;la DGD rappelle la possibilit\u00e9 de souscrire le titre de passage en douane (E-TPD) aupr\u00e8s des douanes pour les v\u00e9hicules transitant par les postes frontaliers terrestres alg\u00e9ro-tunisiens via son site \u00e9lectronique&nbsp;&nbsp;(www.douane.gov.dz) qui permet \u00e9galement l&rsquo;\u00e9ventualit\u00e9 de t\u00e9l\u00e9charger le formulaire de d\u00e9claration de devises et des objets de valeur, d\u00e9poser les dol\u00e9ances et consulter tout ce qui int\u00e9resse le voyageur, \u00e0 travers une rubrique sp\u00e9ciale dans l&rsquo;interface du site. Selon ledit communiqu\u00e9, l&rsquo;acc\u00e9l\u00e9ration des proc\u00e9dures de traitement douanier, accorde la priorit\u00e9 \u00e0 une cat\u00e9gorie donn\u00e9e de voyageurs,&nbsp;&nbsp;les familles, les malades, les personnes \u00e2g\u00e9es et les personnes \u00e0 besoins sp\u00e9cifiques, sans toutefois, explique la m\u00eame source,&nbsp;\u00ab&nbsp;&nbsp;violer les mesures de contr\u00f4le exig\u00e9es dans le cadre de la r\u00e9pression des contraventions commises en violation de la l\u00e9gislation et de la r\u00e9glementation, dont l&rsquo;administration des douanes a la charge l\u00e9galement de les appliquer&nbsp;\u00bb. Cette batterie de mesures et bien d\u2019autres&nbsp;&nbsp;a donn\u00e9 les r\u00e9sultats escompt\u00e9s en mati\u00e8re d\u2019organisation et de fluidit\u00e9 du trafic des personnes et des voitures, notamment au premier jour de l\u2019ouverture des fronti\u00e8res entre les deux pays.<\/p>\n\n\n\n<p><strong>Un flux mod\u00e9r\u00e9, mais toujours le m\u00eame engouement<\/strong><\/p>\n\n\n\n<p>Pourtant, le rush attendu n\u2019a pas eu lieu.&nbsp;Bien que relatif&nbsp;le flux des voyageurs Alg\u00e9riens \u00e0 destination de la Tunisie,&nbsp;il t\u00e9moigne du m\u00eame&nbsp;engouement&nbsp;pour cette destination pris\u00e9e par nos concitoyens.&nbsp;&nbsp;M\u00eame si certains&nbsp;Alg\u00e9riens ont opt\u00e9 pour des vacances&nbsp;\u00ab&nbsp;Made In Bladi&nbsp;\u00bb,&nbsp;&nbsp;la&nbsp;Tunisie reste&nbsp;une&nbsp;destination&nbsp;privil\u00e9gi\u00e9e par les voyageurs alg\u00e9riens,&nbsp;&nbsp;notamment pour les&nbsp;habitu\u00e9s de&nbsp;Hammamet, Sousse ou encore Djerba la douce. La d\u00e9ferlante de v\u00e9hicules&nbsp;&nbsp;sur les neuf postes frontaliers que comptent les wilayas de la zone est du pays, d\u00e9note d\u2019une attente qui n\u2019a que trop durer. Pour la journ\u00e9e du vendredi, des dizaines de centaines&nbsp;&nbsp;de voyageurs et de v\u00e9hicules touristiques immatricul\u00e9s en Alg\u00e9rie ont \u00e9t\u00e9 enregistr\u00e9s, au niveau des deux postes frontaliers de Haddada et El Fouidh dans la commune d\u2019Ouled Moumen (Souk Ahras). Les deux postes frontaliers ont connu d\u00e8s les premi\u00e8res heures de leur r\u00e9ouverture l\u2019entr\u00e9e de nombreux&nbsp;Tunisiens et la sortie de nombreux&nbsp;Alg\u00e9riens sur fond d\u2019une bonne organisation assur\u00e9e par tous les partenaires concern\u00e9s, en pr\u00e9sence de b\u00e9n\u00e9voles de la section de Souk Ahras du Croissant rouge alg\u00e9rien.&nbsp;Il en \u00e9tait de m\u00eame pour la wilaya de T\u00e9bessa, qui compte quatre postes frontaliers o\u00f9, les voyageurs alg\u00e9riens et tunisiens qui ont&nbsp;&nbsp;pris d\u2019assaut&nbsp;&nbsp;les postes frontaliers.&nbsp;&nbsp;Soulignons que le wali de T\u00e9bessa a rencontr\u00e9 son homologue tunisien de Kasserine, avec lequel il s\u2019est entretenu au sujet des dispositions prises pour l\u2019accueil des voyageurs alg\u00e9riens et tunisiens. Aux postes de fronti\u00e8res&nbsp;&nbsp;dans la wilaya d\u2019El Tarf,&nbsp;&nbsp;les services de la police des fronti\u00e8res ont effectu\u00e9 les proc\u00e9dures s\u00e9curitaires pour 760 v\u00e9hicules, dont 250 voitures tunisiennes ont transit\u00e9 par les deux postes frontaliers d\u2019Oum Tboul et Layoun . En outre, les services des&nbsp;Douanes ont enregistr\u00e9 le passage de 1 400 voyageurs en 12 h depuis des deux postes d\u2019El Tarf. Selon nos&nbsp;&nbsp;sources, de nombreux Alg\u00e9riens ont pass\u00e9 la nuit de jeudi \u00e0 vendredi dans les points de passage, en provenance de plusieurs wilayas, dont celles de l&rsquo;Ouest. Ils ont attendu minuit, date d&rsquo;ouverture des fronti\u00e8res. Nos sources ont soulign\u00e9 que le flux des&nbsp;Alg\u00e9riens vers la Tunisie est encore faible, comparativement aux ann\u00e9es pass\u00e9es, surtout pendant les saisons estivales, o\u00f9 les fronti\u00e8res avec la Tunisie \u00e9taient ouvertes avant d&rsquo;\u00eatre ferm\u00e9es en 2020 en raison de la pand\u00e9mie du Coronavirus.&nbsp;<\/p>\n\n\n\n<p><strong>L\u2019ombre de la pand\u00e9mie<\/strong><\/p>\n\n\n\n<p>D\u2019ailleurs, selon notre source, c\u2019est \u00e0 cause de la situation sanitaire qui jette encore son ombre dans diverses villes tunisiennes et avec un grand nombre de personnes infect\u00e9es, que toutes les entr\u00e9es et sorties sont soumises \u00e0 un protocole sanitaire rigoureux. Mais,&nbsp;nous dit-on,&nbsp;&nbsp;cette \u00e9pid\u00e9mie qui s&rsquo;y est propag\u00e9e en Tunisie voisine n&rsquo;a pas dissuad\u00e9 certains Alg\u00e9riens de franchir la fronti\u00e8re afin d&rsquo;y passer leurs vacances.&nbsp;&nbsp;La situation ne diff\u00e8re pas autant \u00e0 l\u2019extr\u00eame sud-est du pays o\u00f9, le poste frontalier&nbsp;&nbsp;Taleb Larbi a, en l\u2019intervalle de 12 h, enregistr\u00e9 235 voyageurs et 135 voitures. Jusqu\u2019\u00e0 la mise sous presse, pas moins de 590 v\u00e9hicules ont fait leur entr\u00e9e en territoire tunisien. Le d\u00e9placement des Alg\u00e9riens et des Tunisiens s\u2019effectue dans le respect le plus strict du&nbsp;protocole&nbsp;sanitaire, mis en place de part et d\u2019autre des fronti\u00e8res, par les autorit\u00e9s des deux pays. S\u2019agissant de la reticence du voyage en Tunisie&nbsp;au&nbsp;premier jour de l&rsquo;ouverture des fronti\u00e8res, celle-ci est&nbsp;due \u00e0 la peur de l\u2019encombrement durant les premiers jours de l&rsquo;ouverture des fronti\u00e8res, tandis que d\u2019autres craignent la pand\u00e9mie, qui se propage fortement&nbsp;&nbsp;en Tunisie. Surtout que&nbsp;&nbsp;les frais de la quarantaine&nbsp;ne sont pas garantis&nbsp;pour les voyageurs, qu&rsquo;ils soient du c\u00f4t\u00e9 alg\u00e9rien ou du c\u00f4t\u00e9 tunisien. Soulignons que&nbsp;&nbsp;les frais de transit du rapport d&rsquo;analyse m\u00e9dicale, assurance automobile et autres n\u00e9cessitent le paiement d&rsquo;environ 20 mille DA&nbsp;&nbsp;par personne, dont 120 dinars tunisiens, soit environ 1400 DA&nbsp;&nbsp;pour l&rsquo;analyse m\u00e9dicale tunisienne lors de l&rsquo;entr\u00e9e sur le territoire national.&nbsp;Toutes ces circonstances ont quelque peu frein\u00e9, la d\u00e9ferlante des Alg\u00e9riens sur la Tunisie, comme ce fut le cas&nbsp;lors&nbsp;des derni\u00e8res saisons estivales.&nbsp;&nbsp;La d\u00e9gradation du pouvoir d\u2019achat&nbsp;y est pour quelque chose.&nbsp;Il y a aussi l\u2019\u00e9volution du taux de change, laquelle calme quelque peu les ardeurs. Sur lemarch\u00e9 parall\u00e8le, le dinar tunisien&nbsp;\u00e9tait c\u00e9d\u00e9 hier&nbsp;c\u00e9d\u00e9 \u00e0 100 dt contre 7000 DA.&nbsp;Et&nbsp;cela ne semble pas int\u00e9resser pour autant les voyageurs d\u00e9sireux se rendre en Tunisie. Certains d\u2019entre eux, ont opt\u00e9 pour la monnaie Europ\u00e9enne.&nbsp;&nbsp;Car,&nbsp;&nbsp;depuis quelques jours, la monnaie europ\u00e9enne enregistre une l\u00e9g\u00e8re baisse face au dinar alg\u00e9rien. Pour ce samedi, un euro s\u2019\u00e9change contre 147,22 dinars \u00e0 l\u2019achat et 147,30 dinars \u00e0 la vente, \u00e0 la banque. Sur le march\u00e9 parall\u00e8le des&nbsp;changes,&nbsp;un euro&nbsp;s\u2019\u00e9change dans les environs de 211 dinars \u00e0 l\u2019achat et \u00e0 213 dinars \u00e0 la vente.&nbsp;Des taux&nbsp;de change&nbsp;qui imposent des frais d\u2019environ 100.000 DA pour 15 jours de vacances pour&nbsp;une&nbsp;&nbsp;famille alg\u00e9rienne de quatre personnes.&nbsp;Un budget qui peut \u00eatre hors de port\u00e9e.&nbsp;<\/p>\n\n\n\n<p><strong>Les JM ont fait red\u00e9couvrir la destination Alg\u00e9rie<\/strong><\/p>\n\n\n\n<p>La crise sanitaire a fortement impact\u00e9 tous les secteurs \u00e9conomiques.&nbsp;Le tourisme a particuli\u00e8rement \u00e9t\u00e9 affect\u00e9. La Tunisie,&nbsp;o\u00f9 l\u2019industrie touristique constitue la principale rente a subi les affres de la pand\u00e9mie. La fermeture des fronti\u00e8res terrestres avec l\u2019Alg\u00e9rie pendant plus de deux ans, en raison de la pand\u00e9mie du coronavirus, lui a fait perdre, plus de 70% des revenus de ce secteur cl\u00e9. Aujourd&rsquo;hui, avec la r\u00e9ouverture des fronti\u00e8res terrestres entre les deux pays, la Tunisie doit user de tous les moyens pour attirer davantage de touristes alg\u00e9riens. Des offres all\u00e9chantes sont propos\u00e9es. Des r\u00e9ductions allant de 5% \u00e0 70% sont propos\u00e9es&nbsp;&nbsp;par les&nbsp;&nbsp;h\u00f4tels, juste pour attirer le touriste alg\u00e9rien. Au-del\u00e0 de ces propositions jamais enregistr\u00e9es dans le secteur du tourisme en Tunisie, c\u2019est l&rsquo;accueil r\u00e9serv\u00e9 aux Alg\u00e9riens au niveau des postes frontaliers&nbsp;tunisiens&nbsp;qui est remarqu\u00e9.&nbsp;&nbsp;M\u00eame le ministre tunisien du tourisme a re\u00e7u, dans la nuit de jeudi \u00e0 vendredi, les premiers arriv\u00e9s alg\u00e9riens en Tunisie. Accompagn\u00e9 d\u2019une d\u00e9l\u00e9gation, le ministretunisien&nbsp;du tourisme Mohamed Mouiz&nbsp;Belhassine s\u2019est rendu au poste frontalier de Melloula \u00e0 Tabarka (gouvernorat de Jendouba) o\u00f9 il a re\u00e7u les premiers touristes alg\u00e9riens arriv\u00e9s \u00e0 minuit. Car, convient-il de le signaler, les autorit\u00e9s Tunisiennes tablent sur un millions de visiteurs alg\u00e9riens, pour cette saison estivale.&nbsp;Un objectif qu\u2019il n\u2019est pas s\u00fbr d\u2019atteindre, puisque les&nbsp;Alg\u00e9riens ont, lors de la pand\u00e9mie de la Covid-19, eu l\u2019occasion de&nbsp;red\u00e9couvrir&nbsp;les merveilles de leurs pays. En somme, le tourisme national semble avoir le dessus&nbsp;les destinations \u00e9trang\u00e8res. En t\u00e9moignent la d\u00e9cision collective des d\u00e9put\u00e9s alg\u00e9riens qui ont opt\u00e9 pour des vacances dans la r\u00e9gion Ouest du pays, Oran, Tlemcen et Ain Temouchent pour les uns, et Jijel, Bejaia et Skikda pour les autres&nbsp;\u00e0 l\u2019est du pays. Ce regain d\u2019int\u00e9r\u00eat pour le tourisme national, on le doit aux&nbsp;Jeux m\u00e9diterran\u00e9ens d\u2019Oran qui sont parvenus \u00e0 montrer le riche potentiel naturel, culturel et surtout humain de cette r\u00e9gion et bien d\u2019autres qui ne demandent qu\u2019\u00e0 \u00eatre explor\u00e9s.<\/p>\n\n\n\n<p><strong>Sofia Chahine<\/strong><\/p>\n","protected":false},"excerpt":{"rendered":"<p>Les fronti\u00e8res terrestres entre l\u2019Alg\u00e9rie et la Tunisie ont \u00e9t\u00e9 rouvertes ce vendredi.&nbsp;Les neuf postes frontaliers des wilayas de l\u2019est<\/p>\n","protected":false},"author":3,"featured_media":24201,"comment_status":"open","ping_status":"closed","sticky":false,"template":"","format":"standard","meta":{"colormag_page_container_layout":"default_layout","colormag_page_sidebar_layout":"default_layout","om_disable_all_campaigns":false,"_monsterinsights_skip_tracking":false,"_monsterinsights_sitenote_active":false,"_monsterinsights_sitenote_note":"","_monsterinsights_sitenote_category":0,"footnotes":"","_wpscppro_dont_share_socialmedia":false,"_wpscppro_custom_social_share_image":0,"_facebook_share_type":"","_twitter_share_type":"","_linkedin_share_type":"","_pinterest_share_type":"","_linkedin_share_type_page":"","_instagram_share_type":"","_medium_share_type":"","_threads_share_type":"","_google_business_share_type":"","_selected_social_profile":[],"_wpsp_enable_custom_social_template":false,"_wpsp_social_scheduling":{"enabled":false,"datetime":null,"platforms":[],"status":"template_only","dateOption":"today","timeOption":"now","customDays":"","customHours":"","customDate":"","customTime":"","schedulingType":"absolute"},"_wpsp_active_default_template":true},"categories":[52,59],"tags":[],"class_list":["post-24200","post","type-post","status-publish","format-standard","has-post-thumbnail","hentry","category-a-la-une","category-reportage"],"aioseo_notices":[],"yoast_head":"<!-- This site is optimized with the Yoast SEO plugin v27.5 - https:\/\/yoast.com\/product\/yoast-seo-wordpress\/ -->\n<title>Le rush sur la fronti\u00e8re alg\u00e9ro-tunisienne n\u2019a pas eu lieu\u00a0: Les vacanciers se r\u00e9orientent-ils vers la destination Alg\u00e9rie\u00a0? - La Sentinelle<\/title>\n<meta name=\"robots\" content=\"index, follow, max-snippet:-1, max-image-preview:large, max-video-preview:-1\" \/>\n<link rel=\"canonical\" href=\"https:\/\/lasentinelle.dz\/index.php\/2022\/07\/17\/le-rush-sur-la-frontiere-algero-tunisienne-na-pas-eu-lieu-les-vacanciers-se-reorientent-ils-vers-la-destination-algerie\/\" \/>\n<meta property=\"og:locale\" content=\"fr_FR\" \/>\n<meta property=\"og:type\" content=\"article\" \/>\n<meta property=\"og:title\" content=\"Le rush sur la fronti\u00e8re alg\u00e9ro-tunisienne n\u2019a pas eu lieu\u00a0: Les vacanciers se r\u00e9orientent-ils vers la destination Alg\u00e9rie\u00a0? - La Sentinelle\" \/>\n<meta property=\"og:description\" content=\"Les fronti\u00e8res terrestres entre l\u2019Alg\u00e9rie et la Tunisie ont \u00e9t\u00e9 rouvertes ce vendredi.&nbsp;Les neuf postes frontaliers des wilayas de l\u2019est\" \/>\n<meta property=\"og:url\" content=\"https:\/\/lasentinelle.dz\/index.php\/2022\/07\/17\/le-rush-sur-la-frontiere-algero-tunisienne-na-pas-eu-lieu-les-vacanciers-se-reorientent-ils-vers-la-destination-algerie\/\" \/>\n<meta property=\"og:site_name\" content=\"La Sentinelle\" \/>\n<meta property=\"article:publisher\" content=\"https:\/\/www.facebook.com\/La-Sentinelle-104059864394773\" \/>\n<meta property=\"article:published_time\" content=\"2022-07-16T23:05:00+00:00\" \/>\n<meta property=\"og:image\" content=\"https:\/\/lasentinelle.dz\/wp-content\/uploads\/2022\/07\/poste-frontalier-1024x576.png\" \/>\n\t<meta property=\"og:image:width\" content=\"1024\" \/>\n\t<meta property=\"og:image:height\" content=\"576\" \/>\n\t<meta property=\"og:image:type\" content=\"image\/png\" \/>\n<meta name=\"author\" content=\"La Sentinelle\" \/>\n<meta name=\"twitter:card\" content=\"summary_large_image\" \/>\n<meta name=\"twitter:label1\" content=\"\u00c9crit par\" \/>\n\t<meta name=\"twitter:data1\" content=\"La Sentinelle\" \/>\n\t<meta name=\"twitter:label2\" content=\"Dur\u00e9e de lecture estim\u00e9e\" \/>\n\t<meta name=\"twitter:data2\" content=\"10 minutes\" \/>\n<script type=\"application\/ld+json\" class=\"yoast-schema-graph\">{\"@context\":\"https:\\\/\\\/schema.org\",\"@graph\":[{\"@type\":\"Article\",\"@id\":\"https:\\\/\\\/lasentinelle.dz\\\/index.php\\\/2022\\\/07\\\/17\\\/le-rush-sur-la-frontiere-algero-tunisienne-na-pas-eu-lieu-les-vacanciers-se-reorientent-ils-vers-la-destination-algerie\\\/#article\",\"isPartOf\":{\"@id\":\"https:\\\/\\\/lasentinelle.dz\\\/index.php\\\/2022\\\/07\\\/17\\\/le-rush-sur-la-frontiere-algero-tunisienne-na-pas-eu-lieu-les-vacanciers-se-reorientent-ils-vers-la-destination-algerie\\\/\"},\"author\":{\"name\":\"La Sentinelle\",\"@id\":\"https:\\\/\\\/lasentinelle.dz\\\/#\\\/schema\\\/person\\\/d865044e22e70a75174ce8bcad3acfb3\"},\"headline\":\"Le rush sur la fronti\u00e8re alg\u00e9ro-tunisienne n\u2019a pas eu lieu\u00a0: Les vacanciers se r\u00e9orientent-ils vers la destination Alg\u00e9rie\u00a0?\",\"datePublished\":\"2022-07-16T23:05:00+00:00\",\"mainEntityOfPage\":{\"@id\":\"https:\\\/\\\/lasentinelle.dz\\\/index.php\\\/2022\\\/07\\\/17\\\/le-rush-sur-la-frontiere-algero-tunisienne-na-pas-eu-lieu-les-vacanciers-se-reorientent-ils-vers-la-destination-algerie\\\/\"},\"wordCount\":2309,\"commentCount\":0,\"publisher\":{\"@id\":\"https:\\\/\\\/lasentinelle.dz\\\/#organization\"},\"image\":{\"@id\":\"https:\\\/\\\/lasentinelle.dz\\\/index.php\\\/2022\\\/07\\\/17\\\/le-rush-sur-la-frontiere-algero-tunisienne-na-pas-eu-lieu-les-vacanciers-se-reorientent-ils-vers-la-destination-algerie\\\/#primaryimage\"},\"thumbnailUrl\":\"https:\\\/\\\/lasentinelle.dz\\\/wp-content\\\/uploads\\\/2022\\\/07\\\/poste-frontalier.png\",\"articleSection\":[\"\u00c0 la Une\",\"Reportage\"],\"inLanguage\":\"fr-FR\",\"potentialAction\":[{\"@type\":\"CommentAction\",\"name\":\"Comment\",\"target\":[\"https:\\\/\\\/lasentinelle.dz\\\/index.php\\\/2022\\\/07\\\/17\\\/le-rush-sur-la-frontiere-algero-tunisienne-na-pas-eu-lieu-les-vacanciers-se-reorientent-ils-vers-la-destination-algerie\\\/#respond\"]}]},{\"@type\":\"WebPage\",\"@id\":\"https:\\\/\\\/lasentinelle.dz\\\/index.php\\\/2022\\\/07\\\/17\\\/le-rush-sur-la-frontiere-algero-tunisienne-na-pas-eu-lieu-les-vacanciers-se-reorientent-ils-vers-la-destination-algerie\\\/\",\"url\":\"https:\\\/\\\/lasentinelle.dz\\\/index.php\\\/2022\\\/07\\\/17\\\/le-rush-sur-la-frontiere-algero-tunisienne-na-pas-eu-lieu-les-vacanciers-se-reorientent-ils-vers-la-destination-algerie\\\/\",\"name\":\"Le rush sur la fronti\u00e8re alg\u00e9ro-tunisienne n\u2019a pas eu lieu\u00a0: Les vacanciers se r\u00e9orientent-ils vers la destination Alg\u00e9rie\u00a0? - La Sentinelle\",\"isPartOf\":{\"@id\":\"https:\\\/\\\/lasentinelle.dz\\\/#website\"},\"primaryImageOfPage\":{\"@id\":\"https:\\\/\\\/lasentinelle.dz\\\/index.php\\\/2022\\\/07\\\/17\\\/le-rush-sur-la-frontiere-algero-tunisienne-na-pas-eu-lieu-les-vacanciers-se-reorientent-ils-vers-la-destination-algerie\\\/#primaryimage\"},\"image\":{\"@id\":\"https:\\\/\\\/lasentinelle.dz\\\/index.php\\\/2022\\\/07\\\/17\\\/le-rush-sur-la-frontiere-algero-tunisienne-na-pas-eu-lieu-les-vacanciers-se-reorientent-ils-vers-la-destination-algerie\\\/#primaryimage\"},\"thumbnailUrl\":\"https:\\\/\\\/lasentinelle.dz\\\/wp-content\\\/uploads\\\/2022\\\/07\\\/poste-frontalier.png\",\"datePublished\":\"2022-07-16T23:05:00+00:00\",\"breadcrumb\":{\"@id\":\"https:\\\/\\\/lasentinelle.dz\\\/index.php\\\/2022\\\/07\\\/17\\\/le-rush-sur-la-frontiere-algero-tunisienne-na-pas-eu-lieu-les-vacanciers-se-reorientent-ils-vers-la-destination-algerie\\\/#breadcrumb\"},\"inLanguage\":\"fr-FR\",\"potentialAction\":[{\"@type\":\"ReadAction\",\"target\":[\"https:\\\/\\\/lasentinelle.dz\\\/index.php\\\/2022\\\/07\\\/17\\\/le-rush-sur-la-frontiere-algero-tunisienne-na-pas-eu-lieu-les-vacanciers-se-reorientent-ils-vers-la-destination-algerie\\\/\"]}]},{\"@type\":\"ImageObject\",\"inLanguage\":\"fr-FR\",\"@id\":\"https:\\\/\\\/lasentinelle.dz\\\/index.php\\\/2022\\\/07\\\/17\\\/le-rush-sur-la-frontiere-algero-tunisienne-na-pas-eu-lieu-les-vacanciers-se-reorientent-ils-vers-la-destination-algerie\\\/#primaryimage\",\"url\":\"https:\\\/\\\/lasentinelle.dz\\\/wp-content\\\/uploads\\\/2022\\\/07\\\/poste-frontalier.png\",\"contentUrl\":\"https:\\\/\\\/lasentinelle.dz\\\/wp-content\\\/uploads\\\/2022\\\/07\\\/poste-frontalier.png\",\"width\":1600,\"height\":900},{\"@type\":\"BreadcrumbList\",\"@id\":\"https:\\\/\\\/lasentinelle.dz\\\/index.php\\\/2022\\\/07\\\/17\\\/le-rush-sur-la-frontiere-algero-tunisienne-na-pas-eu-lieu-les-vacanciers-se-reorientent-ils-vers-la-destination-algerie\\\/#breadcrumb\",\"itemListElement\":[{\"@type\":\"ListItem\",\"position\":1,\"name\":\"Accueil\",\"item\":\"https:\\\/\\\/lasentinelle.dz\\\/\"},{\"@type\":\"ListItem\",\"position\":2,\"name\":\"Le rush sur la fronti\u00e8re alg\u00e9ro-tunisienne n\u2019a pas eu lieu\u00a0: Les vacanciers se r\u00e9orientent-ils vers la destination Alg\u00e9rie\u00a0?\"}]},{\"@type\":\"WebSite\",\"@id\":\"https:\\\/\\\/lasentinelle.dz\\\/#website\",\"url\":\"https:\\\/\\\/lasentinelle.dz\\\/\",\"name\":\"La Sentinelle\",\"description\":\"Quotidien national d&#039;information\",\"publisher\":{\"@id\":\"https:\\\/\\\/lasentinelle.dz\\\/#organization\"},\"potentialAction\":[{\"@type\":\"SearchAction\",\"target\":{\"@type\":\"EntryPoint\",\"urlTemplate\":\"https:\\\/\\\/lasentinelle.dz\\\/?s={search_term_string}\"},\"query-input\":{\"@type\":\"PropertyValueSpecification\",\"valueRequired\":true,\"valueName\":\"search_term_string\"}}],\"inLanguage\":\"fr-FR\"},{\"@type\":\"Organization\",\"@id\":\"https:\\\/\\\/lasentinelle.dz\\\/#organization\",\"name\":\"Quotidien La Sentinelle\",\"url\":\"https:\\\/\\\/lasentinelle.dz\\\/\",\"logo\":{\"@type\":\"ImageObject\",\"inLanguage\":\"fr-FR\",\"@id\":\"https:\\\/\\\/lasentinelle.dz\\\/#\\\/schema\\\/logo\\\/image\\\/\",\"url\":\"https:\\\/\\\/lasentinelle.dz\\\/wp-content\\\/uploads\\\/2021\\\/09\\\/logo-sentinelleSLOGAN-1.png\",\"contentUrl\":\"https:\\\/\\\/lasentinelle.dz\\\/wp-content\\\/uploads\\\/2021\\\/09\\\/logo-sentinelleSLOGAN-1.png\",\"width\":615,\"height\":142,\"caption\":\"Quotidien La Sentinelle\"},\"image\":{\"@id\":\"https:\\\/\\\/lasentinelle.dz\\\/#\\\/schema\\\/logo\\\/image\\\/\"},\"sameAs\":[\"https:\\\/\\\/www.facebook.com\\\/La-Sentinelle-104059864394773\"]},{\"@type\":\"Person\",\"@id\":\"https:\\\/\\\/lasentinelle.dz\\\/#\\\/schema\\\/person\\\/d865044e22e70a75174ce8bcad3acfb3\",\"name\":\"La Sentinelle\",\"image\":{\"@type\":\"ImageObject\",\"inLanguage\":\"fr-FR\",\"@id\":\"https:\\\/\\\/secure.gravatar.com\\\/avatar\\\/57de8e5d4b15d43fb361a71fbb36338450fe67865b528a43dd10ef7c51a20392?s=96&d=mm&r=g\",\"url\":\"https:\\\/\\\/secure.gravatar.com\\\/avatar\\\/57de8e5d4b15d43fb361a71fbb36338450fe67865b528a43dd10ef7c51a20392?s=96&d=mm&r=g\",\"contentUrl\":\"https:\\\/\\\/secure.gravatar.com\\\/avatar\\\/57de8e5d4b15d43fb361a71fbb36338450fe67865b528a43dd10ef7c51a20392?s=96&d=mm&r=g\",\"caption\":\"La Sentinelle\"},\"sameAs\":[\"http:\\\/\\\/www.lasentinelle.dz\"],\"url\":\"https:\\\/\\\/lasentinelle.dz\\\/author\\\/redaction\\\/\"}]}<\/script>\n<!-- \/ Yoast SEO plugin. -->","yoast_head_json":{"title":"Le rush sur la fronti\u00e8re alg\u00e9ro-tunisienne n\u2019a pas eu lieu\u00a0: Les vacanciers se r\u00e9orientent-ils vers la destination Alg\u00e9rie\u00a0? - La Sentinelle","robots":{"index":"index","follow":"follow","max-snippet":"max-snippet:-1","max-image-preview":"max-image-preview:large","max-video-preview":"max-video-preview:-1"},"canonical":"https:\/\/lasentinelle.dz\/index.php\/2022\/07\/17\/le-rush-sur-la-frontiere-algero-tunisienne-na-pas-eu-lieu-les-vacanciers-se-reorientent-ils-vers-la-destination-algerie\/","og_locale":"fr_FR","og_type":"article","og_title":"Le rush sur la fronti\u00e8re alg\u00e9ro-tunisienne n\u2019a pas eu lieu\u00a0: Les vacanciers se r\u00e9orientent-ils vers la destination Alg\u00e9rie\u00a0? - La Sentinelle","og_description":"Les fronti\u00e8res terrestres entre l\u2019Alg\u00e9rie et la Tunisie ont \u00e9t\u00e9 rouvertes ce vendredi.&nbsp;Les neuf postes frontaliers des wilayas de l\u2019est","og_url":"https:\/\/lasentinelle.dz\/index.php\/2022\/07\/17\/le-rush-sur-la-frontiere-algero-tunisienne-na-pas-eu-lieu-les-vacanciers-se-reorientent-ils-vers-la-destination-algerie\/","og_site_name":"La Sentinelle","article_publisher":"https:\/\/www.facebook.com\/La-Sentinelle-104059864394773","article_published_time":"2022-07-16T23:05:00+00:00","og_image":[{"width":1024,"height":576,"url":"https:\/\/lasentinelle.dz\/wp-content\/uploads\/2022\/07\/poste-frontalier-1024x576.png","type":"image\/png"}],"author":"La Sentinelle","twitter_card":"summary_large_image","twitter_misc":{"\u00c9crit par":"La Sentinelle","Dur\u00e9e de lecture estim\u00e9e":"10 minutes"},"schema":{"@context":"https:\/\/schema.org","@graph":[{"@type":"Article","@id":"https:\/\/lasentinelle.dz\/index.php\/2022\/07\/17\/le-rush-sur-la-frontiere-algero-tunisienne-na-pas-eu-lieu-les-vacanciers-se-reorientent-ils-vers-la-destination-algerie\/#article","isPartOf":{"@id":"https:\/\/lasentinelle.dz\/index.php\/2022\/07\/17\/le-rush-sur-la-frontiere-algero-tunisienne-na-pas-eu-lieu-les-vacanciers-se-reorientent-ils-vers-la-destination-algerie\/"},"author":{"name":"La Sentinelle","@id":"https:\/\/lasentinelle.dz\/#\/schema\/person\/d865044e22e70a75174ce8bcad3acfb3"},"headline":"Le rush sur la fronti\u00e8re alg\u00e9ro-tunisienne n\u2019a pas eu lieu\u00a0: Les vacanciers se r\u00e9orientent-ils vers la destination Alg\u00e9rie\u00a0?","datePublished":"2022-07-16T23:05:00+00:00","mainEntityOfPage":{"@id":"https:\/\/lasentinelle.dz\/index.php\/2022\/07\/17\/le-rush-sur-la-frontiere-algero-tunisienne-na-pas-eu-lieu-les-vacanciers-se-reorientent-ils-vers-la-destination-algerie\/"},"wordCount":2309,"commentCount":0,"publisher":{"@id":"https:\/\/lasentinelle.dz\/#organization"},"image":{"@id":"https:\/\/lasentinelle.dz\/index.php\/2022\/07\/17\/le-rush-sur-la-frontiere-algero-tunisienne-na-pas-eu-lieu-les-vacanciers-se-reorientent-ils-vers-la-destination-algerie\/#primaryimage"},"thumbnailUrl":"https:\/\/lasentinelle.dz\/wp-content\/uploads\/2022\/07\/poste-frontalier.png","articleSection":["\u00c0 la Une","Reportage"],"inLanguage":"fr-FR","potentialAction":[{"@type":"CommentAction","name":"Comment","target":["https:\/\/lasentinelle.dz\/index.php\/2022\/07\/17\/le-rush-sur-la-frontiere-algero-tunisienne-na-pas-eu-lieu-les-vacanciers-se-reorientent-ils-vers-la-destination-algerie\/#respond"]}]},{"@type":"WebPage","@id":"https:\/\/lasentinelle.dz\/index.php\/2022\/07\/17\/le-rush-sur-la-frontiere-algero-tunisienne-na-pas-eu-lieu-les-vacanciers-se-reorientent-ils-vers-la-destination-algerie\/","url":"https:\/\/lasentinelle.dz\/index.php\/2022\/07\/17\/le-rush-sur-la-frontiere-algero-tunisienne-na-pas-eu-lieu-les-vacanciers-se-reorientent-ils-vers-la-destination-algerie\/","name":"Le rush sur la fronti\u00e8re alg\u00e9ro-tunisienne n\u2019a pas eu lieu\u00a0: Les vacanciers se r\u00e9orientent-ils vers la destination Alg\u00e9rie\u00a0? - La Sentinelle","isPartOf":{"@id":"https:\/\/lasentinelle.dz\/#website"},"primaryImageOfPage":{"@id":"https:\/\/lasentinelle.dz\/index.php\/2022\/07\/17\/le-rush-sur-la-frontiere-algero-tunisienne-na-pas-eu-lieu-les-vacanciers-se-reorientent-ils-vers-la-destination-algerie\/#primaryimage"},"image":{"@id":"https:\/\/lasentinelle.dz\/index.php\/2022\/07\/17\/le-rush-sur-la-frontiere-algero-tunisienne-na-pas-eu-lieu-les-vacanciers-se-reorientent-ils-vers-la-destination-algerie\/#primaryimage"},"thumbnailUrl":"https:\/\/lasentinelle.dz\/wp-content\/uploads\/2022\/07\/poste-frontalier.png","datePublished":"2022-07-16T23:05:00+00:00","breadcrumb":{"@id":"https:\/\/lasentinelle.dz\/index.php\/2022\/07\/17\/le-rush-sur-la-frontiere-algero-tunisienne-na-pas-eu-lieu-les-vacanciers-se-reorientent-ils-vers-la-destination-algerie\/#breadcrumb"},"inLanguage":"fr-FR","potentialAction":[{"@type":"ReadAction","target":["https:\/\/lasentinelle.dz\/index.php\/2022\/07\/17\/le-rush-sur-la-frontiere-algero-tunisienne-na-pas-eu-lieu-les-vacanciers-se-reorientent-ils-vers-la-destination-algerie\/"]}]},{"@type":"ImageObject","inLanguage":"fr-FR","@id":"https:\/\/lasentinelle.dz\/index.php\/2022\/07\/17\/le-rush-sur-la-frontiere-algero-tunisienne-na-pas-eu-lieu-les-vacanciers-se-reorientent-ils-vers-la-destination-algerie\/#primaryimage","url":"https:\/\/lasentinelle.dz\/wp-content\/uploads\/2022\/07\/poste-frontalier.png","contentUrl":"https:\/\/lasentinelle.dz\/wp-content\/uploads\/2022\/07\/poste-frontalier.png","width":1600,"height":900},{"@type":"BreadcrumbList","@id":"https:\/\/lasentinelle.dz\/index.php\/2022\/07\/17\/le-rush-sur-la-frontiere-algero-tunisienne-na-pas-eu-lieu-les-vacanciers-se-reorientent-ils-vers-la-destination-algerie\/#breadcrumb","itemListElement":[{"@type":"ListItem","position":1,"name":"Accueil","item":"https:\/\/lasentinelle.dz\/"},{"@type":"ListItem","position":2,"name":"Le rush sur la fronti\u00e8re alg\u00e9ro-tunisienne n\u2019a pas eu lieu\u00a0: Les vacanciers se r\u00e9orientent-ils vers la destination Alg\u00e9rie\u00a0?"}]},{"@type":"WebSite","@id":"https:\/\/lasentinelle.dz\/#website","url":"https:\/\/lasentinelle.dz\/","name":"La Sentinelle","description":"Quotidien national d&#039;information","publisher":{"@id":"https:\/\/lasentinelle.dz\/#organization"},"potentialAction":[{"@type":"SearchAction","target":{"@type":"EntryPoint","urlTemplate":"https:\/\/lasentinelle.dz\/?s={search_term_string}"},"query-input":{"@type":"PropertyValueSpecification","valueRequired":true,"valueName":"search_term_string"}}],"inLanguage":"fr-FR"},{"@type":"Organization","@id":"https:\/\/lasentinelle.dz\/#organization","name":"Quotidien La Sentinelle","url":"https:\/\/lasentinelle.dz\/","logo":{"@type":"ImageObject","inLanguage":"fr-FR","@id":"https:\/\/lasentinelle.dz\/#\/schema\/logo\/image\/","url":"https:\/\/lasentinelle.dz\/wp-content\/uploads\/2021\/09\/logo-sentinelleSLOGAN-1.png","contentUrl":"https:\/\/lasentinelle.dz\/wp-content\/uploads\/2021\/09\/logo-sentinelleSLOGAN-1.png","width":615,"height":142,"caption":"Quotidien La Sentinelle"},"image":{"@id":"https:\/\/lasentinelle.dz\/#\/schema\/logo\/image\/"},"sameAs":["https:\/\/www.facebook.com\/La-Sentinelle-104059864394773"]},{"@type":"Person","@id":"https:\/\/lasentinelle.dz\/#\/schema\/person\/d865044e22e70a75174ce8bcad3acfb3","name":"La Sentinelle","image":{"@type":"ImageObject","inLanguage":"fr-FR","@id":"https:\/\/secure.gravatar.com\/avatar\/57de8e5d4b15d43fb361a71fbb36338450fe67865b528a43dd10ef7c51a20392?s=96&d=mm&r=g","url":"https:\/\/secure.gravatar.com\/avatar\/57de8e5d4b15d43fb361a71fbb36338450fe67865b528a43dd10ef7c51a20392?s=96&d=mm&r=g","contentUrl":"https:\/\/secure.gravatar.com\/avatar\/57de8e5d4b15d43fb361a71fbb36338450fe67865b528a43dd10ef7c51a20392?s=96&d=mm&r=g","caption":"La Sentinelle"},"sameAs":["http:\/\/www.lasentinelle.dz"],"url":"https:\/\/lasentinelle.dz\/author\/redaction\/"}]}},"_links":{"self":[{"href":"https:\/\/lasentinelle.dz\/index.php\/wp-json\/wp\/v2\/posts\/24200","targetHints":{"allow":["GET"]}}],"collection":[{"href":"https:\/\/lasentinelle.dz\/index.php\/wp-json\/wp\/v2\/posts"}],"about":[{"href":"https:\/\/lasentinelle.dz\/index.php\/wp-json\/wp\/v2\/types\/post"}],"author":[{"embeddable":true,"href":"https:\/\/lasentinelle.dz\/index.php\/wp-json\/wp\/v2\/users\/3"}],"replies":[{"embeddable":true,"href":"https:\/\/lasentinelle.dz\/index.php\/wp-json\/wp\/v2\/comments?post=24200"}],"version-history":[{"count":2,"href":"https:\/\/lasentinelle.dz\/index.php\/wp-json\/wp\/v2\/posts\/24200\/revisions"}],"predecessor-version":[{"id":24214,"href":"https:\/\/lasentinelle.dz\/index.php\/wp-json\/wp\/v2\/posts\/24200\/revisions\/24214"}],"wp:featuredmedia":[{"embeddable":true,"href":"https:\/\/lasentinelle.dz\/index.php\/wp-json\/wp\/v2\/media\/24201"}],"wp:attachment":[{"href":"https:\/\/lasentinelle.dz\/index.php\/wp-json\/wp\/v2\/media?parent=24200"}],"wp:term":[{"taxonomy":"category","embeddable":true,"href":"https:\/\/lasentinelle.dz\/index.php\/wp-json\/wp\/v2\/categories?post=24200"},{"taxonomy":"post_tag","embeddable":true,"href":"https:\/\/lasentinelle.dz\/index.php\/wp-json\/wp\/v2\/tags?post=24200"}],"curies":[{"name":"wp","href":"https:\/\/api.w.org\/{rel}","templated":true}]}}