{"id":24219,"date":"2022-07-18T00:01:00","date_gmt":"2022-07-17T23:01:00","guid":{"rendered":"https:\/\/lasentinelle.dz\/?p=24219"},"modified":"2022-07-17T17:49:18","modified_gmt":"2022-07-17T16:49:18","slug":"un-decret-a-ete-finalise-creation-dune-ecole-nationale-superieure-des-technologies-et-de-lingenierie","status":"publish","type":"post","link":"https:\/\/lasentinelle.dz\/index.php\/2022\/07\/18\/un-decret-a-ete-finalise-creation-dune-ecole-nationale-superieure-des-technologies-et-de-lingenierie\/","title":{"rendered":"Un d\u00e9cret a \u00e9t\u00e9 finalis\u00e9\u00a0:\u00a0Cr\u00e9ation d&rsquo;une \u00e9cole nationale sup\u00e9rieure des technologies et de l&rsquo;ing\u00e9nierie"},"content":{"rendered":"\n<p>Le ministre de l&rsquo;Enseignement sup\u00e9rieur et de la Recherche scientifique, Abdelbaki Benziane, a confirm\u00e9 qu&rsquo;au niveau de La wilaya d&rsquo;Annaba, un projet de d\u00e9cret a \u00e9t\u00e9 d\u00e9pos\u00e9 pour fusionner l&rsquo;Ecole nationale sup\u00e9rieure des mines et min\u00e9raux et l&rsquo;Ecole sup\u00e9rieure des technologies industrielles pour cr\u00e9er une \u00c9cole Nationale Sup\u00e9rieure des Technologies et de l&rsquo;Ing\u00e9nierie \u00e0 Annaba. Lors de&nbsp;l\u2019ouverture&nbsp;des travaux du symposium national des universit\u00e9s&nbsp;tenu \u00e0 Annaba,&nbsp;le ministre&nbsp;a expliqu\u00e9 que le secteur a entam\u00e9 les pr\u00e9paratifs de la prochaine rentr\u00e9e universitaire dans des conditions acceptables, car plusieurs mesures ont \u00e9t\u00e9 prises pour bien pr\u00e9parer la prochaine rentr\u00e9e universitaire, notamment en mati\u00e8re d&rsquo;orientation et d&rsquo;inscription des nouveaux bacheliers. Dans le&nbsp;m\u00eame&nbsp;sillage, le premier responsable&nbsp;du secteur&nbsp;a soulign\u00e9 que&nbsp;le processus d\u2019orientation pour les nouveaux bacheliers&nbsp;comprend l\u2019\u00e9largissement&nbsp;&nbsp;de la moyenne pour d&rsquo;autres domaines et sp\u00e9cialit\u00e9s, en plus de l&rsquo;introduction de quelques modifications aux conditions p\u00e9dagogiques d&rsquo;admission \u00e0 l&rsquo;inscription dans certaines sp\u00e9cialit\u00e9s, tout en faisant savoir que les r\u00e9formes se poursuivent en m\u00e9decine pour la cinqui\u00e8me ann\u00e9e. Selon le m\u00eame intervenant, un nouveau domaine des sciences de la sant\u00e9 sera ouvert au niveau de la Facult\u00e9 de pharmacie en Alg\u00e9rie, \u00e0 partir de la prochaine rentr\u00e9e. Evoquant le renforcement du secteur de l\u2019enseignement sup\u00e9rieur en Alg\u00e9rie, le ministre&nbsp;&nbsp;a annonc\u00e9 la r\u00e9ception de 13 000 lits sur les 26 170 pr\u00e9vus, soit 48%&nbsp;&nbsp;des programmes attendus, ce qui portera la capacit\u00e9 totale d&rsquo;h\u00e9bergement \u00e0 669 000 lits. En plus de la&nbsp;&nbsp;restauration d&rsquo;un certain nombre de r\u00e9sidences ferm\u00e9es l&rsquo;an dernier. S\u2019agissant de l\u2019\u00e9valuation de l&rsquo;ann\u00e9e universitaire 2021\/2022, le ministre a indiqu\u00e9 que le diagnostic pr\u00e9cis et l&rsquo;\u00e9valuation sectorielle des efforts d\u00e9ploy\u00e9s au cours de cette ann\u00e9e \u2018\u2019nous ont permis de surmonter la plupart des difficult\u00e9s auxquelles certaines institutions universitaires ont \u00e9t\u00e9 confront\u00e9es\u2019\u2019,&nbsp;&nbsp;a-t-il dit.&nbsp;&nbsp;Une&nbsp;&nbsp;\u00e9valuation qui, selon Abdelbaki Benziane, concorde en grande partie avec les \u00e9valuations men\u00e9es par les s\u00e9minaires&nbsp;&nbsp;r\u00e9gionaux&nbsp;&nbsp;des universit\u00e9s, et qui ont trait au domaine de la recherche scientifique et du d\u00e9veloppement technologique. Abdelbaki Benziane a explique par ailleurs qu\u2019au cours de l\u2019ann\u00e9e universitaire \u00e9coul\u00e9e, 28 incubateurs ont \u00e9t\u00e9 cr\u00e9\u00e9s au&nbsp;&nbsp;niveau de plusieurs institutions universitaires, portant ainsi,&nbsp;&nbsp;le nombre d&rsquo;incubateurs \u00e0 42, avec l&rsquo;enregistrement de plusieurs projets d&rsquo;arr\u00eat\u00e9s minist\u00e9riels se trouvant \u00e0 l&rsquo;\u00e9tude en vue d&rsquo;\u00e9tablir d&rsquo;autres incubateurs pour accompagner les porteurs de projets innovants en vue de cr\u00e9er leurs propres entreprises. Le ministre a \u00e9galement r\u00e9v\u00e9l\u00e9 qu&rsquo;au cours de cette ann\u00e9e, 1872 ont \u00e9t\u00e9 promus au grade de professeur de l&rsquo;enseignement sup\u00e9rieur et promus 3012 au grade de professeur charg\u00e9 de cours section \u2018\u2019 A\u2019\u2019. Portant de ce fait, la proportion de professeurs de la cat\u00e9gorie sup\u00e9rieure \u00e0 47% du personnel enseignant. Pour ce qui est des structures p\u00e9dagogiques,&nbsp;&nbsp;le ministre a annonc\u00e9 la r\u00e9ception de 37 000 places p\u00e9dagogiques, ce qui portera les capacit\u00e9s d&rsquo;accueil p\u00e9dagogique \u00e0 un million et 448.000&nbsp;places p\u00e9dagogiques sur l&rsquo;ensemble du r\u00e9seau universitaire. Il a \u00e9galement r\u00e9v\u00e9l\u00e9 la mise en place d&rsquo;un nouveau m\u00e9canisme&nbsp;d&rsquo;\u00e9largissement des horizons professionnels des titulaires de doctorat dans diff\u00e9rents secteurs d&rsquo;activit\u00e9. Un processus qui intervient pour la premi\u00e8re fois en application de l&rsquo;instruction minist\u00e9rielle conjointe n\u00b01 ainsi que de la d\u00e9cision de la Direction G\u00e9n\u00e9rale de la Fonction Publique, qui permet le recrutement&nbsp;&nbsp;\u00e0 cette cat\u00e9gorie d&#8217;emploi au rang le plus \u00e9lev\u00e9 dans les administrations et institutions publiques.<\/p>\n\n\n\n<p><strong>Sofia Chahine<\/strong><\/p>\n","protected":false},"excerpt":{"rendered":"<p>Le ministre de l&rsquo;Enseignement sup\u00e9rieur et de la Recherche scientifique, Abdelbaki Benziane, a confirm\u00e9 qu&rsquo;au niveau de La wilaya d&rsquo;Annaba,<\/p>\n","protected":false},"author":3,"featured_media":23188,"comment_status":"open","ping_status":"closed","sticky":false,"template":"","format":"standard","meta":{"colormag_page_container_layout":"default_layout","colormag_page_sidebar_layout":"default_layout","om_disable_all_campaigns":false,"_monsterinsights_skip_tracking":false,"_monsterinsights_sitenote_active":false,"_monsterinsights_sitenote_note":"","_monsterinsights_sitenote_category":0,"footnotes":"","_wpscppro_dont_share_socialmedia":false,"_wpscppro_custom_social_share_image":0,"_facebook_share_type":"","_twitter_share_type":"","_linkedin_share_type":"","_pinterest_share_type":"","_linkedin_share_type_page":"","_instagram_share_type":"","_medium_share_type":"","_threads_share_type":"","_google_business_share_type":"","_selected_social_profile":[],"_wpsp_enable_custom_social_template":false,"_wpsp_social_scheduling":{"enabled":false,"datetime":null,"platforms":[],"status":"template_only","dateOption":"today","timeOption":"now","customDays":"","customHours":"","customDate":"","customTime":"","schedulingType":"absolute"},"_wpsp_active_default_template":true},"categories":[27],"tags":[],"class_list":["post-24219","post","type-post","status-publish","format-standard","has-post-thumbnail","hentry","category-actualite"],"aioseo_notices":[],"yoast_head":"<!-- This site is optimized with the Yoast SEO plugin v27.5 - https:\/\/yoast.com\/product\/yoast-seo-wordpress\/ -->\n<title>Un d\u00e9cret a \u00e9t\u00e9 finalis\u00e9\u00a0:\u00a0Cr\u00e9ation d&rsquo;une \u00e9cole nationale sup\u00e9rieure des technologies et de l&rsquo;ing\u00e9nierie - La Sentinelle<\/title>\n<meta name=\"robots\" content=\"index, follow, max-snippet:-1, max-image-preview:large, max-video-preview:-1\" \/>\n<link rel=\"canonical\" href=\"https:\/\/lasentinelle.dz\/index.php\/2022\/07\/18\/un-decret-a-ete-finalise-creation-dune-ecole-nationale-superieure-des-technologies-et-de-lingenierie\/\" \/>\n<meta property=\"og:locale\" content=\"fr_FR\" \/>\n<meta property=\"og:type\" content=\"article\" \/>\n<meta property=\"og:title\" content=\"Un d\u00e9cret a \u00e9t\u00e9 finalis\u00e9\u00a0:\u00a0Cr\u00e9ation d&rsquo;une \u00e9cole nationale sup\u00e9rieure des technologies et de l&rsquo;ing\u00e9nierie - La Sentinelle\" \/>\n<meta property=\"og:description\" content=\"Le ministre de l&rsquo;Enseignement sup\u00e9rieur et de la Recherche scientifique, Abdelbaki Benziane, a confirm\u00e9 qu&rsquo;au niveau de La wilaya d&rsquo;Annaba,\" \/>\n<meta property=\"og:url\" content=\"https:\/\/lasentinelle.dz\/index.php\/2022\/07\/18\/un-decret-a-ete-finalise-creation-dune-ecole-nationale-superieure-des-technologies-et-de-lingenierie\/\" \/>\n<meta property=\"og:site_name\" content=\"La Sentinelle\" \/>\n<meta property=\"article:publisher\" content=\"https:\/\/www.facebook.com\/La-Sentinelle-104059864394773\" \/>\n<meta property=\"article:published_time\" content=\"2022-07-17T23:01:00+00:00\" \/>\n<meta property=\"og:image\" content=\"https:\/\/lasentinelle.dz\/wp-content\/uploads\/2022\/06\/Abdelbaki-Benziane.png\" \/>\n\t<meta property=\"og:image:width\" content=\"1427\" \/>\n\t<meta property=\"og:image:height\" content=\"900\" \/>\n\t<meta property=\"og:image:type\" content=\"image\/png\" \/>\n<meta name=\"author\" content=\"La Sentinelle\" \/>\n<meta name=\"twitter:card\" content=\"summary_large_image\" \/>\n<meta name=\"twitter:label1\" content=\"\u00c9crit par\" \/>\n\t<meta name=\"twitter:data1\" content=\"La Sentinelle\" \/>\n\t<meta name=\"twitter:label2\" content=\"Dur\u00e9e de lecture estim\u00e9e\" \/>\n\t<meta name=\"twitter:data2\" content=\"3 minutes\" \/>\n<script type=\"application\/ld+json\" class=\"yoast-schema-graph\">{\"@context\":\"https:\\\/\\\/schema.org\",\"@graph\":[{\"@type\":\"Article\",\"@id\":\"https:\\\/\\\/lasentinelle.dz\\\/index.php\\\/2022\\\/07\\\/18\\\/un-decret-a-ete-finalise-creation-dune-ecole-nationale-superieure-des-technologies-et-de-lingenierie\\\/#article\",\"isPartOf\":{\"@id\":\"https:\\\/\\\/lasentinelle.dz\\\/index.php\\\/2022\\\/07\\\/18\\\/un-decret-a-ete-finalise-creation-dune-ecole-nationale-superieure-des-technologies-et-de-lingenierie\\\/\"},\"author\":{\"name\":\"La Sentinelle\",\"@id\":\"https:\\\/\\\/lasentinelle.dz\\\/#\\\/schema\\\/person\\\/d865044e22e70a75174ce8bcad3acfb3\"},\"headline\":\"Un d\u00e9cret a \u00e9t\u00e9 finalis\u00e9\u00a0:\u00a0Cr\u00e9ation d&rsquo;une \u00e9cole nationale sup\u00e9rieure des technologies et de l&rsquo;ing\u00e9nierie\",\"datePublished\":\"2022-07-17T23:01:00+00:00\",\"mainEntityOfPage\":{\"@id\":\"https:\\\/\\\/lasentinelle.dz\\\/index.php\\\/2022\\\/07\\\/18\\\/un-decret-a-ete-finalise-creation-dune-ecole-nationale-superieure-des-technologies-et-de-lingenierie\\\/\"},\"wordCount\":703,\"commentCount\":0,\"publisher\":{\"@id\":\"https:\\\/\\\/lasentinelle.dz\\\/#organization\"},\"image\":{\"@id\":\"https:\\\/\\\/lasentinelle.dz\\\/index.php\\\/2022\\\/07\\\/18\\\/un-decret-a-ete-finalise-creation-dune-ecole-nationale-superieure-des-technologies-et-de-lingenierie\\\/#primaryimage\"},\"thumbnailUrl\":\"https:\\\/\\\/lasentinelle.dz\\\/wp-content\\\/uploads\\\/2022\\\/06\\\/Abdelbaki-Benziane.png\",\"articleSection\":[\"Actualit\u00e9\"],\"inLanguage\":\"fr-FR\",\"potentialAction\":[{\"@type\":\"CommentAction\",\"name\":\"Comment\",\"target\":[\"https:\\\/\\\/lasentinelle.dz\\\/index.php\\\/2022\\\/07\\\/18\\\/un-decret-a-ete-finalise-creation-dune-ecole-nationale-superieure-des-technologies-et-de-lingenierie\\\/#respond\"]}]},{\"@type\":\"WebPage\",\"@id\":\"https:\\\/\\\/lasentinelle.dz\\\/index.php\\\/2022\\\/07\\\/18\\\/un-decret-a-ete-finalise-creation-dune-ecole-nationale-superieure-des-technologies-et-de-lingenierie\\\/\",\"url\":\"https:\\\/\\\/lasentinelle.dz\\\/index.php\\\/2022\\\/07\\\/18\\\/un-decret-a-ete-finalise-creation-dune-ecole-nationale-superieure-des-technologies-et-de-lingenierie\\\/\",\"name\":\"Un d\u00e9cret a \u00e9t\u00e9 finalis\u00e9\u00a0:\u00a0Cr\u00e9ation d&rsquo;une \u00e9cole nationale sup\u00e9rieure des technologies et de l&rsquo;ing\u00e9nierie - La Sentinelle\",\"isPartOf\":{\"@id\":\"https:\\\/\\\/lasentinelle.dz\\\/#website\"},\"primaryImageOfPage\":{\"@id\":\"https:\\\/\\\/lasentinelle.dz\\\/index.php\\\/2022\\\/07\\\/18\\\/un-decret-a-ete-finalise-creation-dune-ecole-nationale-superieure-des-technologies-et-de-lingenierie\\\/#primaryimage\"},\"image\":{\"@id\":\"https:\\\/\\\/lasentinelle.dz\\\/index.php\\\/2022\\\/07\\\/18\\\/un-decret-a-ete-finalise-creation-dune-ecole-nationale-superieure-des-technologies-et-de-lingenierie\\\/#primaryimage\"},\"thumbnailUrl\":\"https:\\\/\\\/lasentinelle.dz\\\/wp-content\\\/uploads\\\/2022\\\/06\\\/Abdelbaki-Benziane.png\",\"datePublished\":\"2022-07-17T23:01:00+00:00\",\"breadcrumb\":{\"@id\":\"https:\\\/\\\/lasentinelle.dz\\\/index.php\\\/2022\\\/07\\\/18\\\/un-decret-a-ete-finalise-creation-dune-ecole-nationale-superieure-des-technologies-et-de-lingenierie\\\/#breadcrumb\"},\"inLanguage\":\"fr-FR\",\"potentialAction\":[{\"@type\":\"ReadAction\",\"target\":[\"https:\\\/\\\/lasentinelle.dz\\\/index.php\\\/2022\\\/07\\\/18\\\/un-decret-a-ete-finalise-creation-dune-ecole-nationale-superieure-des-technologies-et-de-lingenierie\\\/\"]}]},{\"@type\":\"ImageObject\",\"inLanguage\":\"fr-FR\",\"@id\":\"https:\\\/\\\/lasentinelle.dz\\\/index.php\\\/2022\\\/07\\\/18\\\/un-decret-a-ete-finalise-creation-dune-ecole-nationale-superieure-des-technologies-et-de-lingenierie\\\/#primaryimage\",\"url\":\"https:\\\/\\\/lasentinelle.dz\\\/wp-content\\\/uploads\\\/2022\\\/06\\\/Abdelbaki-Benziane.png\",\"contentUrl\":\"https:\\\/\\\/lasentinelle.dz\\\/wp-content\\\/uploads\\\/2022\\\/06\\\/Abdelbaki-Benziane.png\",\"width\":1427,\"height\":900},{\"@type\":\"BreadcrumbList\",\"@id\":\"https:\\\/\\\/lasentinelle.dz\\\/index.php\\\/2022\\\/07\\\/18\\\/un-decret-a-ete-finalise-creation-dune-ecole-nationale-superieure-des-technologies-et-de-lingenierie\\\/#breadcrumb\",\"itemListElement\":[{\"@type\":\"ListItem\",\"position\":1,\"name\":\"Accueil\",\"item\":\"https:\\\/\\\/lasentinelle.dz\\\/\"},{\"@type\":\"ListItem\",\"position\":2,\"name\":\"Un d\u00e9cret a \u00e9t\u00e9 finalis\u00e9\u00a0:\u00a0Cr\u00e9ation d&rsquo;une \u00e9cole nationale sup\u00e9rieure des technologies et de l&rsquo;ing\u00e9nierie\"}]},{\"@type\":\"WebSite\",\"@id\":\"https:\\\/\\\/lasentinelle.dz\\\/#website\",\"url\":\"https:\\\/\\\/lasentinelle.dz\\\/\",\"name\":\"La Sentinelle\",\"description\":\"Quotidien national d&#039;information\",\"publisher\":{\"@id\":\"https:\\\/\\\/lasentinelle.dz\\\/#organization\"},\"potentialAction\":[{\"@type\":\"SearchAction\",\"target\":{\"@type\":\"EntryPoint\",\"urlTemplate\":\"https:\\\/\\\/lasentinelle.dz\\\/?s={search_term_string}\"},\"query-input\":{\"@type\":\"PropertyValueSpecification\",\"valueRequired\":true,\"valueName\":\"search_term_string\"}}],\"inLanguage\":\"fr-FR\"},{\"@type\":\"Organization\",\"@id\":\"https:\\\/\\\/lasentinelle.dz\\\/#organization\",\"name\":\"Quotidien La Sentinelle\",\"url\":\"https:\\\/\\\/lasentinelle.dz\\\/\",\"logo\":{\"@type\":\"ImageObject\",\"inLanguage\":\"fr-FR\",\"@id\":\"https:\\\/\\\/lasentinelle.dz\\\/#\\\/schema\\\/logo\\\/image\\\/\",\"url\":\"https:\\\/\\\/lasentinelle.dz\\\/wp-content\\\/uploads\\\/2021\\\/09\\\/logo-sentinelleSLOGAN-1.png\",\"contentUrl\":\"https:\\\/\\\/lasentinelle.dz\\\/wp-content\\\/uploads\\\/2021\\\/09\\\/logo-sentinelleSLOGAN-1.png\",\"width\":615,\"height\":142,\"caption\":\"Quotidien La Sentinelle\"},\"image\":{\"@id\":\"https:\\\/\\\/lasentinelle.dz\\\/#\\\/schema\\\/logo\\\/image\\\/\"},\"sameAs\":[\"https:\\\/\\\/www.facebook.com\\\/La-Sentinelle-104059864394773\"]},{\"@type\":\"Person\",\"@id\":\"https:\\\/\\\/lasentinelle.dz\\\/#\\\/schema\\\/person\\\/d865044e22e70a75174ce8bcad3acfb3\",\"name\":\"La Sentinelle\",\"image\":{\"@type\":\"ImageObject\",\"inLanguage\":\"fr-FR\",\"@id\":\"https:\\\/\\\/secure.gravatar.com\\\/avatar\\\/57de8e5d4b15d43fb361a71fbb36338450fe67865b528a43dd10ef7c51a20392?s=96&d=mm&r=g\",\"url\":\"https:\\\/\\\/secure.gravatar.com\\\/avatar\\\/57de8e5d4b15d43fb361a71fbb36338450fe67865b528a43dd10ef7c51a20392?s=96&d=mm&r=g\",\"contentUrl\":\"https:\\\/\\\/secure.gravatar.com\\\/avatar\\\/57de8e5d4b15d43fb361a71fbb36338450fe67865b528a43dd10ef7c51a20392?s=96&d=mm&r=g\",\"caption\":\"La Sentinelle\"},\"sameAs\":[\"http:\\\/\\\/www.lasentinelle.dz\"],\"url\":\"https:\\\/\\\/lasentinelle.dz\\\/author\\\/redaction\\\/\"}]}<\/script>\n<!-- \/ Yoast SEO plugin. -->","yoast_head_json":{"title":"Un d\u00e9cret a \u00e9t\u00e9 finalis\u00e9\u00a0:\u00a0Cr\u00e9ation d&rsquo;une \u00e9cole nationale sup\u00e9rieure des technologies et de l&rsquo;ing\u00e9nierie - La Sentinelle","robots":{"index":"index","follow":"follow","max-snippet":"max-snippet:-1","max-image-preview":"max-image-preview:large","max-video-preview":"max-video-preview:-1"},"canonical":"https:\/\/lasentinelle.dz\/index.php\/2022\/07\/18\/un-decret-a-ete-finalise-creation-dune-ecole-nationale-superieure-des-technologies-et-de-lingenierie\/","og_locale":"fr_FR","og_type":"article","og_title":"Un d\u00e9cret a \u00e9t\u00e9 finalis\u00e9\u00a0:\u00a0Cr\u00e9ation d&rsquo;une \u00e9cole nationale sup\u00e9rieure des technologies et de l&rsquo;ing\u00e9nierie - La Sentinelle","og_description":"Le ministre de l&rsquo;Enseignement sup\u00e9rieur et de la Recherche scientifique, Abdelbaki Benziane, a confirm\u00e9 qu&rsquo;au niveau de La wilaya d&rsquo;Annaba,","og_url":"https:\/\/lasentinelle.dz\/index.php\/2022\/07\/18\/un-decret-a-ete-finalise-creation-dune-ecole-nationale-superieure-des-technologies-et-de-lingenierie\/","og_site_name":"La Sentinelle","article_publisher":"https:\/\/www.facebook.com\/La-Sentinelle-104059864394773","article_published_time":"2022-07-17T23:01:00+00:00","og_image":[{"width":1427,"height":900,"url":"https:\/\/lasentinelle.dz\/wp-content\/uploads\/2022\/06\/Abdelbaki-Benziane.png","type":"image\/png"}],"author":"La Sentinelle","twitter_card":"summary_large_image","twitter_misc":{"\u00c9crit par":"La Sentinelle","Dur\u00e9e de lecture estim\u00e9e":"3 minutes"},"schema":{"@context":"https:\/\/schema.org","@graph":[{"@type":"Article","@id":"https:\/\/lasentinelle.dz\/index.php\/2022\/07\/18\/un-decret-a-ete-finalise-creation-dune-ecole-nationale-superieure-des-technologies-et-de-lingenierie\/#article","isPartOf":{"@id":"https:\/\/lasentinelle.dz\/index.php\/2022\/07\/18\/un-decret-a-ete-finalise-creation-dune-ecole-nationale-superieure-des-technologies-et-de-lingenierie\/"},"author":{"name":"La Sentinelle","@id":"https:\/\/lasentinelle.dz\/#\/schema\/person\/d865044e22e70a75174ce8bcad3acfb3"},"headline":"Un d\u00e9cret a \u00e9t\u00e9 finalis\u00e9\u00a0:\u00a0Cr\u00e9ation d&rsquo;une \u00e9cole nationale sup\u00e9rieure des technologies et de l&rsquo;ing\u00e9nierie","datePublished":"2022-07-17T23:01:00+00:00","mainEntityOfPage":{"@id":"https:\/\/lasentinelle.dz\/index.php\/2022\/07\/18\/un-decret-a-ete-finalise-creation-dune-ecole-nationale-superieure-des-technologies-et-de-lingenierie\/"},"wordCount":703,"commentCount":0,"publisher":{"@id":"https:\/\/lasentinelle.dz\/#organization"},"image":{"@id":"https:\/\/lasentinelle.dz\/index.php\/2022\/07\/18\/un-decret-a-ete-finalise-creation-dune-ecole-nationale-superieure-des-technologies-et-de-lingenierie\/#primaryimage"},"thumbnailUrl":"https:\/\/lasentinelle.dz\/wp-content\/uploads\/2022\/06\/Abdelbaki-Benziane.png","articleSection":["Actualit\u00e9"],"inLanguage":"fr-FR","potentialAction":[{"@type":"CommentAction","name":"Comment","target":["https:\/\/lasentinelle.dz\/index.php\/2022\/07\/18\/un-decret-a-ete-finalise-creation-dune-ecole-nationale-superieure-des-technologies-et-de-lingenierie\/#respond"]}]},{"@type":"WebPage","@id":"https:\/\/lasentinelle.dz\/index.php\/2022\/07\/18\/un-decret-a-ete-finalise-creation-dune-ecole-nationale-superieure-des-technologies-et-de-lingenierie\/","url":"https:\/\/lasentinelle.dz\/index.php\/2022\/07\/18\/un-decret-a-ete-finalise-creation-dune-ecole-nationale-superieure-des-technologies-et-de-lingenierie\/","name":"Un d\u00e9cret a \u00e9t\u00e9 finalis\u00e9\u00a0:\u00a0Cr\u00e9ation d&rsquo;une \u00e9cole nationale sup\u00e9rieure des technologies et de l&rsquo;ing\u00e9nierie - La Sentinelle","isPartOf":{"@id":"https:\/\/lasentinelle.dz\/#website"},"primaryImageOfPage":{"@id":"https:\/\/lasentinelle.dz\/index.php\/2022\/07\/18\/un-decret-a-ete-finalise-creation-dune-ecole-nationale-superieure-des-technologies-et-de-lingenierie\/#primaryimage"},"image":{"@id":"https:\/\/lasentinelle.dz\/index.php\/2022\/07\/18\/un-decret-a-ete-finalise-creation-dune-ecole-nationale-superieure-des-technologies-et-de-lingenierie\/#primaryimage"},"thumbnailUrl":"https:\/\/lasentinelle.dz\/wp-content\/uploads\/2022\/06\/Abdelbaki-Benziane.png","datePublished":"2022-07-17T23:01:00+00:00","breadcrumb":{"@id":"https:\/\/lasentinelle.dz\/index.php\/2022\/07\/18\/un-decret-a-ete-finalise-creation-dune-ecole-nationale-superieure-des-technologies-et-de-lingenierie\/#breadcrumb"},"inLanguage":"fr-FR","potentialAction":[{"@type":"ReadAction","target":["https:\/\/lasentinelle.dz\/index.php\/2022\/07\/18\/un-decret-a-ete-finalise-creation-dune-ecole-nationale-superieure-des-technologies-et-de-lingenierie\/"]}]},{"@type":"ImageObject","inLanguage":"fr-FR","@id":"https:\/\/lasentinelle.dz\/index.php\/2022\/07\/18\/un-decret-a-ete-finalise-creation-dune-ecole-nationale-superieure-des-technologies-et-de-lingenierie\/#primaryimage","url":"https:\/\/lasentinelle.dz\/wp-content\/uploads\/2022\/06\/Abdelbaki-Benziane.png","contentUrl":"https:\/\/lasentinelle.dz\/wp-content\/uploads\/2022\/06\/Abdelbaki-Benziane.png","width":1427,"height":900},{"@type":"BreadcrumbList","@id":"https:\/\/lasentinelle.dz\/index.php\/2022\/07\/18\/un-decret-a-ete-finalise-creation-dune-ecole-nationale-superieure-des-technologies-et-de-lingenierie\/#breadcrumb","itemListElement":[{"@type":"ListItem","position":1,"name":"Accueil","item":"https:\/\/lasentinelle.dz\/"},{"@type":"ListItem","position":2,"name":"Un d\u00e9cret a \u00e9t\u00e9 finalis\u00e9\u00a0:\u00a0Cr\u00e9ation d&rsquo;une \u00e9cole nationale sup\u00e9rieure des technologies et de l&rsquo;ing\u00e9nierie"}]},{"@type":"WebSite","@id":"https:\/\/lasentinelle.dz\/#website","url":"https:\/\/lasentinelle.dz\/","name":"La Sentinelle","description":"Quotidien national d&#039;information","publisher":{"@id":"https:\/\/lasentinelle.dz\/#organization"},"potentialAction":[{"@type":"SearchAction","target":{"@type":"EntryPoint","urlTemplate":"https:\/\/lasentinelle.dz\/?s={search_term_string}"},"query-input":{"@type":"PropertyValueSpecification","valueRequired":true,"valueName":"search_term_string"}}],"inLanguage":"fr-FR"},{"@type":"Organization","@id":"https:\/\/lasentinelle.dz\/#organization","name":"Quotidien La Sentinelle","url":"https:\/\/lasentinelle.dz\/","logo":{"@type":"ImageObject","inLanguage":"fr-FR","@id":"https:\/\/lasentinelle.dz\/#\/schema\/logo\/image\/","url":"https:\/\/lasentinelle.dz\/wp-content\/uploads\/2021\/09\/logo-sentinelleSLOGAN-1.png","contentUrl":"https:\/\/lasentinelle.dz\/wp-content\/uploads\/2021\/09\/logo-sentinelleSLOGAN-1.png","width":615,"height":142,"caption":"Quotidien La Sentinelle"},"image":{"@id":"https:\/\/lasentinelle.dz\/#\/schema\/logo\/image\/"},"sameAs":["https:\/\/www.facebook.com\/La-Sentinelle-104059864394773"]},{"@type":"Person","@id":"https:\/\/lasentinelle.dz\/#\/schema\/person\/d865044e22e70a75174ce8bcad3acfb3","name":"La Sentinelle","image":{"@type":"ImageObject","inLanguage":"fr-FR","@id":"https:\/\/secure.gravatar.com\/avatar\/57de8e5d4b15d43fb361a71fbb36338450fe67865b528a43dd10ef7c51a20392?s=96&d=mm&r=g","url":"https:\/\/secure.gravatar.com\/avatar\/57de8e5d4b15d43fb361a71fbb36338450fe67865b528a43dd10ef7c51a20392?s=96&d=mm&r=g","contentUrl":"https:\/\/secure.gravatar.com\/avatar\/57de8e5d4b15d43fb361a71fbb36338450fe67865b528a43dd10ef7c51a20392?s=96&d=mm&r=g","caption":"La Sentinelle"},"sameAs":["http:\/\/www.lasentinelle.dz"],"url":"https:\/\/lasentinelle.dz\/author\/redaction\/"}]}},"_links":{"self":[{"href":"https:\/\/lasentinelle.dz\/index.php\/wp-json\/wp\/v2\/posts\/24219","targetHints":{"allow":["GET"]}}],"collection":[{"href":"https:\/\/lasentinelle.dz\/index.php\/wp-json\/wp\/v2\/posts"}],"about":[{"href":"https:\/\/lasentinelle.dz\/index.php\/wp-json\/wp\/v2\/types\/post"}],"author":[{"embeddable":true,"href":"https:\/\/lasentinelle.dz\/index.php\/wp-json\/wp\/v2\/users\/3"}],"replies":[{"embeddable":true,"href":"https:\/\/lasentinelle.dz\/index.php\/wp-json\/wp\/v2\/comments?post=24219"}],"version-history":[{"count":1,"href":"https:\/\/lasentinelle.dz\/index.php\/wp-json\/wp\/v2\/posts\/24219\/revisions"}],"predecessor-version":[{"id":24253,"href":"https:\/\/lasentinelle.dz\/index.php\/wp-json\/wp\/v2\/posts\/24219\/revisions\/24253"}],"wp:featuredmedia":[{"embeddable":true,"href":"https:\/\/lasentinelle.dz\/index.php\/wp-json\/wp\/v2\/media\/23188"}],"wp:attachment":[{"href":"https:\/\/lasentinelle.dz\/index.php\/wp-json\/wp\/v2\/media?parent=24219"}],"wp:term":[{"taxonomy":"category","embeddable":true,"href":"https:\/\/lasentinelle.dz\/index.php\/wp-json\/wp\/v2\/categories?post=24219"},{"taxonomy":"post_tag","embeddable":true,"href":"https:\/\/lasentinelle.dz\/index.php\/wp-json\/wp\/v2\/tags?post=24219"}],"curies":[{"name":"wp","href":"https:\/\/api.w.org\/{rel}","templated":true}]}}