{"id":24221,"date":"2022-07-18T00:01:00","date_gmt":"2022-07-17T23:01:00","guid":{"rendered":"https:\/\/lasentinelle.dz\/?p=24221"},"modified":"2022-07-17T17:30:24","modified_gmt":"2022-07-17T16:30:24","slug":"moyen-orient-teheran-accuse-washington-dattiser-les-tensions","status":"publish","type":"post","link":"https:\/\/lasentinelle.dz\/index.php\/2022\/07\/18\/moyen-orient-teheran-accuse-washington-dattiser-les-tensions\/","title":{"rendered":"Moyen-Orient\u00a0:\u00a0T\u00e9h\u00e9ran accuse Washington d&rsquo;attiser les tensions"},"content":{"rendered":"\n<p>L&rsquo;Iran a accus\u00e9 hier les Etats-Unis d&rsquo;attiser les tensions au Moyen-Orient, au lendemain des propos du pr\u00e9sident am\u00e9ricain Joe Biden qui vient d&rsquo;achever une tourn\u00e9e au Moyen-Orient. Dans une allusion transparente \u00e0 T\u00e9h\u00e9ran, Biden a affirm\u00e9 samedi devant un parterre de dirigeants arabes que les Etats-Unis ne \u00ab\u00a0tol\u00e8reraient pas qu&rsquo;un pays essaie d&rsquo;en dominer un autre dans la r\u00e9gion au travers de renforcement militaires, d&rsquo;incursion, et\/ou de menaces.\u00a0\u00bb Washington, \u00ab\u00a0en essayant de cr\u00e9er des tensions dans la r\u00e9gion a une fois de plus recouru \u00e0 la politique de l&rsquo;iranophobie et c&rsquo;est rat\u00e9\u00a0\u00bb, a r\u00e9agi le porte-parole iranien des Affaires \u00e9trang\u00e8res, Nasser Kanani, dans un communiqu\u00e9. \u00ab\u00a0Ces fausses all\u00e9gations sont conformes \u00e0 la politique agitatrice [&#8230;] de Washington dans la r\u00e9gion\u00a0\u00bb, a poursuivi le communiqu\u00e9. A quelques jours du d\u00e9placement du pr\u00e9sident russe Vladimir Poutine \u00e0 T\u00e9h\u00e9ran, Biden a \u00e9galement soulign\u00e9 que son pays \u00ab\u00a0ne se d\u00e9tournerait pas\u00a0\u00bb du Moyen-Orient en laissant \u00ab\u00a0un vide que pourraient remplir la Chine, la Russie ou l&rsquo;Iran\u00a0\u00bb. A l&rsquo;issue de la r\u00e9union \u00e0 Djeddah, des dirigeants arabes et Washington ont appel\u00e9 dans un communiqu\u00e9 \u00e0 renforcer des capacit\u00e9s de dissuasion conjointes \u00ab\u00a0contre la menace croissante\u00a0\u00bb pos\u00e9e par les v\u00e9hicules a\u00e9riens sans pilote, une r\u00e9f\u00e9rence probable \u00e0 T\u00e9h\u00e9ran, qui a d\u00e9voil\u00e9 vendredi des navires capables de transporter des drones. L&rsquo;Iran est accus\u00e9 par les Etats-Unis et Isra\u00ebl, d&rsquo;utiliser des drones et des missiles pour attaquer les forces am\u00e9ricaines et les navires li\u00e9s \u00e0&nbsp;l\u2019entit\u00e9 sioniste&nbsp;dans le Golfe. Joe Biden a sign\u00e9 un partenariat strat\u00e9gique&nbsp;avec l\u2019entit\u00e9 sioniste&nbsp;faisant ainsi front commun contre l&rsquo;Iran. Pour M. Kanani, il s&rsquo;agit d'\u00a0\u00bbun grand signe de la tromperie et de l&rsquo;hypocrisie\u00a0\u00bb des Etats-Unis car \u00ab\u00a0ils ferment les yeux sur le r\u00e9gime sioniste en tant que [&#8230;] le plus grand d\u00e9tenteur de l&rsquo;arsenal d&rsquo;armes nucl\u00e9aires dans la r\u00e9gion\u00a0\u00bb.<\/p>\n\n\n\n<p>R.I. avec&nbsp;AFP<\/p>\n","protected":false},"excerpt":{"rendered":"<p>L&rsquo;Iran a accus\u00e9 hier les Etats-Unis d&rsquo;attiser les tensions au Moyen-Orient, au lendemain des propos du pr\u00e9sident am\u00e9ricain Joe Biden<\/p>\n","protected":false},"author":3,"featured_media":24244,"comment_status":"open","ping_status":"closed","sticky":false,"template":"","format":"standard","meta":{"colormag_page_container_layout":"default_layout","colormag_page_sidebar_layout":"default_layout","om_disable_all_campaigns":false,"_monsterinsights_skip_tracking":false,"_monsterinsights_sitenote_active":false,"_monsterinsights_sitenote_note":"","_monsterinsights_sitenote_category":0,"footnotes":"","_wpscppro_dont_share_socialmedia":false,"_wpscppro_custom_social_share_image":0,"_facebook_share_type":"","_twitter_share_type":"","_linkedin_share_type":"","_pinterest_share_type":"","_linkedin_share_type_page":"","_instagram_share_type":"","_medium_share_type":"","_threads_share_type":"","_google_business_share_type":"","_selected_social_profile":[],"_wpsp_enable_custom_social_template":false,"_wpsp_social_scheduling":{"enabled":false,"datetime":null,"platforms":[],"status":"template_only","dateOption":"today","timeOption":"now","customDays":"","customHours":"","customDate":"","customTime":"","schedulingType":"absolute"},"_wpsp_active_default_template":true},"categories":[37],"tags":[],"class_list":["post-24221","post","type-post","status-publish","format-standard","has-post-thumbnail","hentry","category-monde"],"aioseo_notices":[],"yoast_head":"<!-- This site is optimized with the Yoast SEO plugin v27.5 - https:\/\/yoast.com\/product\/yoast-seo-wordpress\/ -->\n<title>Moyen-Orient\u00a0:\u00a0T\u00e9h\u00e9ran accuse Washington d&rsquo;attiser les tensions - La Sentinelle<\/title>\n<meta name=\"robots\" content=\"index, follow, max-snippet:-1, max-image-preview:large, max-video-preview:-1\" \/>\n<link rel=\"canonical\" href=\"https:\/\/lasentinelle.dz\/index.php\/2022\/07\/18\/moyen-orient-teheran-accuse-washington-dattiser-les-tensions\/\" \/>\n<meta property=\"og:locale\" content=\"fr_FR\" \/>\n<meta property=\"og:type\" content=\"article\" \/>\n<meta property=\"og:title\" content=\"Moyen-Orient\u00a0:\u00a0T\u00e9h\u00e9ran accuse Washington d&rsquo;attiser les tensions - La Sentinelle\" \/>\n<meta property=\"og:description\" content=\"L&rsquo;Iran a accus\u00e9 hier les Etats-Unis d&rsquo;attiser les tensions au Moyen-Orient, au lendemain des propos du pr\u00e9sident am\u00e9ricain Joe Biden\" \/>\n<meta property=\"og:url\" content=\"https:\/\/lasentinelle.dz\/index.php\/2022\/07\/18\/moyen-orient-teheran-accuse-washington-dattiser-les-tensions\/\" \/>\n<meta property=\"og:site_name\" content=\"La Sentinelle\" \/>\n<meta property=\"article:publisher\" content=\"https:\/\/www.facebook.com\/La-Sentinelle-104059864394773\" \/>\n<meta property=\"article:published_time\" content=\"2022-07-17T23:01:00+00:00\" \/>\n<meta property=\"og:image\" content=\"https:\/\/lasentinelle.dz\/wp-content\/uploads\/2022\/07\/053b6bdeb03535eb94a82f504963637b.jpg\" \/>\n\t<meta property=\"og:image:width\" content=\"924\" \/>\n\t<meta property=\"og:image:height\" content=\"616\" \/>\n\t<meta property=\"og:image:type\" content=\"image\/jpeg\" \/>\n<meta name=\"author\" content=\"La Sentinelle\" \/>\n<meta name=\"twitter:card\" content=\"summary_large_image\" \/>\n<meta name=\"twitter:label1\" content=\"\u00c9crit par\" \/>\n\t<meta name=\"twitter:data1\" content=\"La Sentinelle\" \/>\n\t<meta name=\"twitter:label2\" content=\"Dur\u00e9e de lecture estim\u00e9e\" \/>\n\t<meta name=\"twitter:data2\" content=\"2 minutes\" \/>\n<script type=\"application\/ld+json\" class=\"yoast-schema-graph\">{\"@context\":\"https:\\\/\\\/schema.org\",\"@graph\":[{\"@type\":\"Article\",\"@id\":\"https:\\\/\\\/lasentinelle.dz\\\/index.php\\\/2022\\\/07\\\/18\\\/moyen-orient-teheran-accuse-washington-dattiser-les-tensions\\\/#article\",\"isPartOf\":{\"@id\":\"https:\\\/\\\/lasentinelle.dz\\\/index.php\\\/2022\\\/07\\\/18\\\/moyen-orient-teheran-accuse-washington-dattiser-les-tensions\\\/\"},\"author\":{\"name\":\"La Sentinelle\",\"@id\":\"https:\\\/\\\/lasentinelle.dz\\\/#\\\/schema\\\/person\\\/d865044e22e70a75174ce8bcad3acfb3\"},\"headline\":\"Moyen-Orient\u00a0:\u00a0T\u00e9h\u00e9ran accuse Washington d&rsquo;attiser les tensions\",\"datePublished\":\"2022-07-17T23:01:00+00:00\",\"mainEntityOfPage\":{\"@id\":\"https:\\\/\\\/lasentinelle.dz\\\/index.php\\\/2022\\\/07\\\/18\\\/moyen-orient-teheran-accuse-washington-dattiser-les-tensions\\\/\"},\"wordCount\":365,\"commentCount\":0,\"publisher\":{\"@id\":\"https:\\\/\\\/lasentinelle.dz\\\/#organization\"},\"image\":{\"@id\":\"https:\\\/\\\/lasentinelle.dz\\\/index.php\\\/2022\\\/07\\\/18\\\/moyen-orient-teheran-accuse-washington-dattiser-les-tensions\\\/#primaryimage\"},\"thumbnailUrl\":\"https:\\\/\\\/lasentinelle.dz\\\/wp-content\\\/uploads\\\/2022\\\/07\\\/053b6bdeb03535eb94a82f504963637b.jpg\",\"articleSection\":[\"Monde\"],\"inLanguage\":\"fr-FR\",\"potentialAction\":[{\"@type\":\"CommentAction\",\"name\":\"Comment\",\"target\":[\"https:\\\/\\\/lasentinelle.dz\\\/index.php\\\/2022\\\/07\\\/18\\\/moyen-orient-teheran-accuse-washington-dattiser-les-tensions\\\/#respond\"]}]},{\"@type\":\"WebPage\",\"@id\":\"https:\\\/\\\/lasentinelle.dz\\\/index.php\\\/2022\\\/07\\\/18\\\/moyen-orient-teheran-accuse-washington-dattiser-les-tensions\\\/\",\"url\":\"https:\\\/\\\/lasentinelle.dz\\\/index.php\\\/2022\\\/07\\\/18\\\/moyen-orient-teheran-accuse-washington-dattiser-les-tensions\\\/\",\"name\":\"Moyen-Orient\u00a0:\u00a0T\u00e9h\u00e9ran accuse Washington d&rsquo;attiser les tensions - La Sentinelle\",\"isPartOf\":{\"@id\":\"https:\\\/\\\/lasentinelle.dz\\\/#website\"},\"primaryImageOfPage\":{\"@id\":\"https:\\\/\\\/lasentinelle.dz\\\/index.php\\\/2022\\\/07\\\/18\\\/moyen-orient-teheran-accuse-washington-dattiser-les-tensions\\\/#primaryimage\"},\"image\":{\"@id\":\"https:\\\/\\\/lasentinelle.dz\\\/index.php\\\/2022\\\/07\\\/18\\\/moyen-orient-teheran-accuse-washington-dattiser-les-tensions\\\/#primaryimage\"},\"thumbnailUrl\":\"https:\\\/\\\/lasentinelle.dz\\\/wp-content\\\/uploads\\\/2022\\\/07\\\/053b6bdeb03535eb94a82f504963637b.jpg\",\"datePublished\":\"2022-07-17T23:01:00+00:00\",\"breadcrumb\":{\"@id\":\"https:\\\/\\\/lasentinelle.dz\\\/index.php\\\/2022\\\/07\\\/18\\\/moyen-orient-teheran-accuse-washington-dattiser-les-tensions\\\/#breadcrumb\"},\"inLanguage\":\"fr-FR\",\"potentialAction\":[{\"@type\":\"ReadAction\",\"target\":[\"https:\\\/\\\/lasentinelle.dz\\\/index.php\\\/2022\\\/07\\\/18\\\/moyen-orient-teheran-accuse-washington-dattiser-les-tensions\\\/\"]}]},{\"@type\":\"ImageObject\",\"inLanguage\":\"fr-FR\",\"@id\":\"https:\\\/\\\/lasentinelle.dz\\\/index.php\\\/2022\\\/07\\\/18\\\/moyen-orient-teheran-accuse-washington-dattiser-les-tensions\\\/#primaryimage\",\"url\":\"https:\\\/\\\/lasentinelle.dz\\\/wp-content\\\/uploads\\\/2022\\\/07\\\/053b6bdeb03535eb94a82f504963637b.jpg\",\"contentUrl\":\"https:\\\/\\\/lasentinelle.dz\\\/wp-content\\\/uploads\\\/2022\\\/07\\\/053b6bdeb03535eb94a82f504963637b.jpg\",\"width\":924,\"height\":616},{\"@type\":\"BreadcrumbList\",\"@id\":\"https:\\\/\\\/lasentinelle.dz\\\/index.php\\\/2022\\\/07\\\/18\\\/moyen-orient-teheran-accuse-washington-dattiser-les-tensions\\\/#breadcrumb\",\"itemListElement\":[{\"@type\":\"ListItem\",\"position\":1,\"name\":\"Accueil\",\"item\":\"https:\\\/\\\/lasentinelle.dz\\\/\"},{\"@type\":\"ListItem\",\"position\":2,\"name\":\"Moyen-Orient\u00a0:\u00a0T\u00e9h\u00e9ran accuse Washington d&rsquo;attiser les tensions\"}]},{\"@type\":\"WebSite\",\"@id\":\"https:\\\/\\\/lasentinelle.dz\\\/#website\",\"url\":\"https:\\\/\\\/lasentinelle.dz\\\/\",\"name\":\"La Sentinelle\",\"description\":\"Quotidien national d&#039;information\",\"publisher\":{\"@id\":\"https:\\\/\\\/lasentinelle.dz\\\/#organization\"},\"potentialAction\":[{\"@type\":\"SearchAction\",\"target\":{\"@type\":\"EntryPoint\",\"urlTemplate\":\"https:\\\/\\\/lasentinelle.dz\\\/?s={search_term_string}\"},\"query-input\":{\"@type\":\"PropertyValueSpecification\",\"valueRequired\":true,\"valueName\":\"search_term_string\"}}],\"inLanguage\":\"fr-FR\"},{\"@type\":\"Organization\",\"@id\":\"https:\\\/\\\/lasentinelle.dz\\\/#organization\",\"name\":\"Quotidien La Sentinelle\",\"url\":\"https:\\\/\\\/lasentinelle.dz\\\/\",\"logo\":{\"@type\":\"ImageObject\",\"inLanguage\":\"fr-FR\",\"@id\":\"https:\\\/\\\/lasentinelle.dz\\\/#\\\/schema\\\/logo\\\/image\\\/\",\"url\":\"https:\\\/\\\/lasentinelle.dz\\\/wp-content\\\/uploads\\\/2021\\\/09\\\/logo-sentinelleSLOGAN-1.png\",\"contentUrl\":\"https:\\\/\\\/lasentinelle.dz\\\/wp-content\\\/uploads\\\/2021\\\/09\\\/logo-sentinelleSLOGAN-1.png\",\"width\":615,\"height\":142,\"caption\":\"Quotidien La Sentinelle\"},\"image\":{\"@id\":\"https:\\\/\\\/lasentinelle.dz\\\/#\\\/schema\\\/logo\\\/image\\\/\"},\"sameAs\":[\"https:\\\/\\\/www.facebook.com\\\/La-Sentinelle-104059864394773\"]},{\"@type\":\"Person\",\"@id\":\"https:\\\/\\\/lasentinelle.dz\\\/#\\\/schema\\\/person\\\/d865044e22e70a75174ce8bcad3acfb3\",\"name\":\"La Sentinelle\",\"image\":{\"@type\":\"ImageObject\",\"inLanguage\":\"fr-FR\",\"@id\":\"https:\\\/\\\/secure.gravatar.com\\\/avatar\\\/57de8e5d4b15d43fb361a71fbb36338450fe67865b528a43dd10ef7c51a20392?s=96&d=mm&r=g\",\"url\":\"https:\\\/\\\/secure.gravatar.com\\\/avatar\\\/57de8e5d4b15d43fb361a71fbb36338450fe67865b528a43dd10ef7c51a20392?s=96&d=mm&r=g\",\"contentUrl\":\"https:\\\/\\\/secure.gravatar.com\\\/avatar\\\/57de8e5d4b15d43fb361a71fbb36338450fe67865b528a43dd10ef7c51a20392?s=96&d=mm&r=g\",\"caption\":\"La Sentinelle\"},\"sameAs\":[\"http:\\\/\\\/www.lasentinelle.dz\"],\"url\":\"https:\\\/\\\/lasentinelle.dz\\\/author\\\/redaction\\\/\"}]}<\/script>\n<!-- \/ Yoast SEO plugin. -->","yoast_head_json":{"title":"Moyen-Orient\u00a0:\u00a0T\u00e9h\u00e9ran accuse Washington d&rsquo;attiser les tensions - La Sentinelle","robots":{"index":"index","follow":"follow","max-snippet":"max-snippet:-1","max-image-preview":"max-image-preview:large","max-video-preview":"max-video-preview:-1"},"canonical":"https:\/\/lasentinelle.dz\/index.php\/2022\/07\/18\/moyen-orient-teheran-accuse-washington-dattiser-les-tensions\/","og_locale":"fr_FR","og_type":"article","og_title":"Moyen-Orient\u00a0:\u00a0T\u00e9h\u00e9ran accuse Washington d&rsquo;attiser les tensions - La Sentinelle","og_description":"L&rsquo;Iran a accus\u00e9 hier les Etats-Unis d&rsquo;attiser les tensions au Moyen-Orient, au lendemain des propos du pr\u00e9sident am\u00e9ricain Joe Biden","og_url":"https:\/\/lasentinelle.dz\/index.php\/2022\/07\/18\/moyen-orient-teheran-accuse-washington-dattiser-les-tensions\/","og_site_name":"La Sentinelle","article_publisher":"https:\/\/www.facebook.com\/La-Sentinelle-104059864394773","article_published_time":"2022-07-17T23:01:00+00:00","og_image":[{"width":924,"height":616,"url":"https:\/\/lasentinelle.dz\/wp-content\/uploads\/2022\/07\/053b6bdeb03535eb94a82f504963637b.jpg","type":"image\/jpeg"}],"author":"La Sentinelle","twitter_card":"summary_large_image","twitter_misc":{"\u00c9crit par":"La Sentinelle","Dur\u00e9e de lecture estim\u00e9e":"2 minutes"},"schema":{"@context":"https:\/\/schema.org","@graph":[{"@type":"Article","@id":"https:\/\/lasentinelle.dz\/index.php\/2022\/07\/18\/moyen-orient-teheran-accuse-washington-dattiser-les-tensions\/#article","isPartOf":{"@id":"https:\/\/lasentinelle.dz\/index.php\/2022\/07\/18\/moyen-orient-teheran-accuse-washington-dattiser-les-tensions\/"},"author":{"name":"La Sentinelle","@id":"https:\/\/lasentinelle.dz\/#\/schema\/person\/d865044e22e70a75174ce8bcad3acfb3"},"headline":"Moyen-Orient\u00a0:\u00a0T\u00e9h\u00e9ran accuse Washington d&rsquo;attiser les tensions","datePublished":"2022-07-17T23:01:00+00:00","mainEntityOfPage":{"@id":"https:\/\/lasentinelle.dz\/index.php\/2022\/07\/18\/moyen-orient-teheran-accuse-washington-dattiser-les-tensions\/"},"wordCount":365,"commentCount":0,"publisher":{"@id":"https:\/\/lasentinelle.dz\/#organization"},"image":{"@id":"https:\/\/lasentinelle.dz\/index.php\/2022\/07\/18\/moyen-orient-teheran-accuse-washington-dattiser-les-tensions\/#primaryimage"},"thumbnailUrl":"https:\/\/lasentinelle.dz\/wp-content\/uploads\/2022\/07\/053b6bdeb03535eb94a82f504963637b.jpg","articleSection":["Monde"],"inLanguage":"fr-FR","potentialAction":[{"@type":"CommentAction","name":"Comment","target":["https:\/\/lasentinelle.dz\/index.php\/2022\/07\/18\/moyen-orient-teheran-accuse-washington-dattiser-les-tensions\/#respond"]}]},{"@type":"WebPage","@id":"https:\/\/lasentinelle.dz\/index.php\/2022\/07\/18\/moyen-orient-teheran-accuse-washington-dattiser-les-tensions\/","url":"https:\/\/lasentinelle.dz\/index.php\/2022\/07\/18\/moyen-orient-teheran-accuse-washington-dattiser-les-tensions\/","name":"Moyen-Orient\u00a0:\u00a0T\u00e9h\u00e9ran accuse Washington d&rsquo;attiser les tensions - La Sentinelle","isPartOf":{"@id":"https:\/\/lasentinelle.dz\/#website"},"primaryImageOfPage":{"@id":"https:\/\/lasentinelle.dz\/index.php\/2022\/07\/18\/moyen-orient-teheran-accuse-washington-dattiser-les-tensions\/#primaryimage"},"image":{"@id":"https:\/\/lasentinelle.dz\/index.php\/2022\/07\/18\/moyen-orient-teheran-accuse-washington-dattiser-les-tensions\/#primaryimage"},"thumbnailUrl":"https:\/\/lasentinelle.dz\/wp-content\/uploads\/2022\/07\/053b6bdeb03535eb94a82f504963637b.jpg","datePublished":"2022-07-17T23:01:00+00:00","breadcrumb":{"@id":"https:\/\/lasentinelle.dz\/index.php\/2022\/07\/18\/moyen-orient-teheran-accuse-washington-dattiser-les-tensions\/#breadcrumb"},"inLanguage":"fr-FR","potentialAction":[{"@type":"ReadAction","target":["https:\/\/lasentinelle.dz\/index.php\/2022\/07\/18\/moyen-orient-teheran-accuse-washington-dattiser-les-tensions\/"]}]},{"@type":"ImageObject","inLanguage":"fr-FR","@id":"https:\/\/lasentinelle.dz\/index.php\/2022\/07\/18\/moyen-orient-teheran-accuse-washington-dattiser-les-tensions\/#primaryimage","url":"https:\/\/lasentinelle.dz\/wp-content\/uploads\/2022\/07\/053b6bdeb03535eb94a82f504963637b.jpg","contentUrl":"https:\/\/lasentinelle.dz\/wp-content\/uploads\/2022\/07\/053b6bdeb03535eb94a82f504963637b.jpg","width":924,"height":616},{"@type":"BreadcrumbList","@id":"https:\/\/lasentinelle.dz\/index.php\/2022\/07\/18\/moyen-orient-teheran-accuse-washington-dattiser-les-tensions\/#breadcrumb","itemListElement":[{"@type":"ListItem","position":1,"name":"Accueil","item":"https:\/\/lasentinelle.dz\/"},{"@type":"ListItem","position":2,"name":"Moyen-Orient\u00a0:\u00a0T\u00e9h\u00e9ran accuse Washington d&rsquo;attiser les tensions"}]},{"@type":"WebSite","@id":"https:\/\/lasentinelle.dz\/#website","url":"https:\/\/lasentinelle.dz\/","name":"La Sentinelle","description":"Quotidien national d&#039;information","publisher":{"@id":"https:\/\/lasentinelle.dz\/#organization"},"potentialAction":[{"@type":"SearchAction","target":{"@type":"EntryPoint","urlTemplate":"https:\/\/lasentinelle.dz\/?s={search_term_string}"},"query-input":{"@type":"PropertyValueSpecification","valueRequired":true,"valueName":"search_term_string"}}],"inLanguage":"fr-FR"},{"@type":"Organization","@id":"https:\/\/lasentinelle.dz\/#organization","name":"Quotidien La Sentinelle","url":"https:\/\/lasentinelle.dz\/","logo":{"@type":"ImageObject","inLanguage":"fr-FR","@id":"https:\/\/lasentinelle.dz\/#\/schema\/logo\/image\/","url":"https:\/\/lasentinelle.dz\/wp-content\/uploads\/2021\/09\/logo-sentinelleSLOGAN-1.png","contentUrl":"https:\/\/lasentinelle.dz\/wp-content\/uploads\/2021\/09\/logo-sentinelleSLOGAN-1.png","width":615,"height":142,"caption":"Quotidien La Sentinelle"},"image":{"@id":"https:\/\/lasentinelle.dz\/#\/schema\/logo\/image\/"},"sameAs":["https:\/\/www.facebook.com\/La-Sentinelle-104059864394773"]},{"@type":"Person","@id":"https:\/\/lasentinelle.dz\/#\/schema\/person\/d865044e22e70a75174ce8bcad3acfb3","name":"La Sentinelle","image":{"@type":"ImageObject","inLanguage":"fr-FR","@id":"https:\/\/secure.gravatar.com\/avatar\/57de8e5d4b15d43fb361a71fbb36338450fe67865b528a43dd10ef7c51a20392?s=96&d=mm&r=g","url":"https:\/\/secure.gravatar.com\/avatar\/57de8e5d4b15d43fb361a71fbb36338450fe67865b528a43dd10ef7c51a20392?s=96&d=mm&r=g","contentUrl":"https:\/\/secure.gravatar.com\/avatar\/57de8e5d4b15d43fb361a71fbb36338450fe67865b528a43dd10ef7c51a20392?s=96&d=mm&r=g","caption":"La Sentinelle"},"sameAs":["http:\/\/www.lasentinelle.dz"],"url":"https:\/\/lasentinelle.dz\/author\/redaction\/"}]}},"_links":{"self":[{"href":"https:\/\/lasentinelle.dz\/index.php\/wp-json\/wp\/v2\/posts\/24221","targetHints":{"allow":["GET"]}}],"collection":[{"href":"https:\/\/lasentinelle.dz\/index.php\/wp-json\/wp\/v2\/posts"}],"about":[{"href":"https:\/\/lasentinelle.dz\/index.php\/wp-json\/wp\/v2\/types\/post"}],"author":[{"embeddable":true,"href":"https:\/\/lasentinelle.dz\/index.php\/wp-json\/wp\/v2\/users\/3"}],"replies":[{"embeddable":true,"href":"https:\/\/lasentinelle.dz\/index.php\/wp-json\/wp\/v2\/comments?post=24221"}],"version-history":[{"count":2,"href":"https:\/\/lasentinelle.dz\/index.php\/wp-json\/wp\/v2\/posts\/24221\/revisions"}],"predecessor-version":[{"id":24250,"href":"https:\/\/lasentinelle.dz\/index.php\/wp-json\/wp\/v2\/posts\/24221\/revisions\/24250"}],"wp:featuredmedia":[{"embeddable":true,"href":"https:\/\/lasentinelle.dz\/index.php\/wp-json\/wp\/v2\/media\/24244"}],"wp:attachment":[{"href":"https:\/\/lasentinelle.dz\/index.php\/wp-json\/wp\/v2\/media?parent=24221"}],"wp:term":[{"taxonomy":"category","embeddable":true,"href":"https:\/\/lasentinelle.dz\/index.php\/wp-json\/wp\/v2\/categories?post=24221"},{"taxonomy":"post_tag","embeddable":true,"href":"https:\/\/lasentinelle.dz\/index.php\/wp-json\/wp\/v2\/tags?post=24221"}],"curies":[{"name":"wp","href":"https:\/\/api.w.org\/{rel}","templated":true}]}}