{"id":24251,"date":"2022-07-18T00:05:00","date_gmt":"2022-07-17T23:05:00","guid":{"rendered":"https:\/\/lasentinelle.dz\/?p=24251"},"modified":"2022-07-17T19:02:22","modified_gmt":"2022-07-17T18:02:22","slug":"universite-ouverture-des-preinscriptions-jeudi","status":"publish","type":"post","link":"https:\/\/lasentinelle.dz\/index.php\/2022\/07\/18\/universite-ouverture-des-preinscriptions-jeudi\/","title":{"rendered":"Universit\u00e9\u00a0: Ouverture des pr\u00e9inscriptions jeudi"},"content":{"rendered":"\n<p>plateforme num\u00e9rique des pr\u00e9inscriptions sera ouverte pour trois jours entre le 21 et le 24 juillet en cours, a annonc\u00e9 hier le minist\u00e8re de l\u2019Enseignement sup\u00e9rieur et de la Recherche scientifique.&nbsp;<\/p>\n\n\n\n<p>Dans ce sens, le d\u00e9partement d\u2019Abdelbaki Benziane a invit\u00e9 hier les nouveaux laur\u00e9ats du bac \u00e0 se soumettre \u00e0 certaines proc\u00e9dures et suivre les d\u00e9marches \u00e9dict\u00e9es pour assurer leur pr\u00e9inscription.&nbsp;&nbsp;Ils devront ainsi proc\u00e9der d&rsquo;abord, au retrait, au niveau des lyc\u00e9es, de l&rsquo;attestation de succ\u00e8s sur laquelle figure le num\u00e9ro personnel n\u00e9cessaire \u00e0 la pr\u00e9inscription. Le bachelier doit consulter la documentation mise \u00e0 sa disposition, notamment le guide du bachelier et la circulaire minist\u00e9rielle sp\u00e9ciale. Pour ce faire, il peut installer sur son t\u00e9l\u00e9phone ou sa tablette l&rsquo;application TawdjihCom disponible sur le portail du bachelier ou t\u00e9l\u00e9charger les versions interactives ou PDF du guide et des circulaires 1, 3 et 4. Apr\u00e8s une lecture attentive de cette documentation, le bachelier pourra effectuer sa pr\u00e9inscription du 21 au 24 juillet 2022 en remplissant sa fiche de v\u0153ux en ligne \u00e0 l&rsquo;adresse https:\/\/www.orientation-esi.dz. Le bachelier doit remplir sa fiche de v\u0153ux par ordre d\u00e9croissant (entre 6 et 10 choix au maximum) et imprimer la liste des fili\u00e8res auxquelles il ouvre droit, a soulign\u00e9 le minist\u00e8re. Au moins deux parcours de formation de licence \u00e0 inscription locale ou r\u00e9gionale assur\u00e9s par un \u00e9tablissement universitaire doivent y figurer, selon le minist\u00e8re. Une fois ces d\u00e9marches effectu\u00e9es, le bachelier devra valider sa pr\u00e9inscription en ligne du 25 au 26 juillet, avec la possibilit\u00e9 de modifier la pr\u00e9c\u00e9dente fiche de v\u0153ux, a fait savoir le minist\u00e8re pr\u00e9cisant que, dans ce cas, c&rsquo;est la deuxi\u00e8me fiche de v\u0153ux qui sera prise en compte dans l&rsquo;orientation de l&rsquo;\u00e9tudiant. Les r\u00e9sultats d&rsquo;affectation seront mis en ligne le 03 ao\u00fbt 2022 et les tests concernant les candidats affect\u00e9s dans les \u00e9coles sup\u00e9rieures des enseignants se tiendront du 4 au 8 ao\u00fbt 2022, le bachelier devant se pr\u00e9senter \u00e0 l&rsquo;\u00e9tablissement d&rsquo;orientation pour passer le test oral.&nbsp;&nbsp;L&rsquo;inscription d\u00e9finitive au niveau de ces \u00e9coles est soumise \u00e0 la condition d&rsquo;\u00e2ge fix\u00e9 \u00e0 24 ans au maximum au 31 d\u00e9cembre 2022 et au r\u00e9sultat du test oral, selon la m\u00eame source.&nbsp;&nbsp;En cas d&rsquo;\u00e9chec au test, il sera automatiquement orient\u00e9 vers le choix suivant mentionn\u00e9 dans la fiche de v\u0153ux, qui n&rsquo;est pas soumis \u00e0 un test oral et qui remplit la condition de la moyenne minimale d&rsquo;acc\u00e8s \u00e0 ce choix. Pour les bacheliers n&rsquo;ayant obtenu aucun de leurs choix, il leur est propos\u00e9 une deuxi\u00e8me pr\u00e9inscription, du 04 au 06 ao\u00fbt prochain, en remplissant une autre fiche de v\u0153ux par ordre d\u00e9croissant. La fiche doit contenir six choix, dont deux obligatoirement dans les cursus de licence \u00e0 inscription locale ou r\u00e9gionale.&nbsp;&nbsp;La date limite pour effectuer cette op\u00e9ration est fix\u00e9e au 06 ao\u00fbt 2022, sachant que l&rsquo;annonce des r\u00e9sultats se fera le 11 ao\u00fbt au soir.&nbsp;&nbsp;Une fois inform\u00e9 de son orientation, le nouvel \u00e9tudiant doit confirmer son inscription d\u00e9finitive en ligne \u00e0 l&rsquo;adresse&nbsp;: https:\/\/progres.mesrs.dz\/webetu, du 05 au 08 septembre 2022.&nbsp;&nbsp;Une copie originale du relev\u00e9 de notes du baccalaur\u00e9at doit \u00eatre d\u00e9pos\u00e9e ult\u00e9rieurement au niveau de l&rsquo;\u00e9tablissement d&rsquo;orientation.<\/p>\n\n\n\n<p><strong>Multiplier le d\u00e9bit internet par 10<\/strong><\/p>\n\n\n\n<p>Pour ce qui est des cas particuliers, une plate-forme sera ouverte pour \u00e9tudier ces derniers par les \u00e9tablissements d&rsquo;enseignement sup\u00e9rieur d&rsquo;accueil, du 09 au 15 septembre 2022, conform\u00e9ment \u00e0 une circulaire compl\u00e9mentaire fixant les modalit\u00e9s, le calendrier ainsi que les cas o\u00f9 le directeur de l&rsquo;\u00e9tablissement universitaire est autoris\u00e9 \u00e0 proposer une redistribution interne et externe des \u00e9tudiants, en concertation avec les Conf\u00e9rences r\u00e9gionales des universit\u00e9s, notamment pour les fili\u00e8res qui enregistrent une baisse sensible du nombre d&rsquo;\u00e9tudiants.Dans le cas o\u00f9 le nouvel \u00e9tudiant est concern\u00e9 par l&rsquo;h\u00e9bergement dans une cit\u00e9 universitaire, le minist\u00e8re appelle \u00e0 introduire une demande d&rsquo;h\u00e9bergement en ligne, entre le 20 et le 26 ao\u00fbt 2022.<\/p>\n\n\n\n<p>Aussi, afin de mieux se familiariser avec le milieu universitaire et avec ces diff\u00e9rentes proc\u00e9dures, les universit\u00e9s, les \u00e9tablissements, \u00e9coles et les diff\u00e9rents instituts seront ouverts jusqu\u2019\u00e0 mercredi aux bacheliers d\u00e9sirant en apprendre plus sur les conditions d\u2019admission, les formations et fili\u00e8res disponibles, ainsi que sur les proc\u00e9dures d\u2019inscription. C\u2019est du moins ce qu\u2019a indiqu\u00e9 hier&nbsp;&nbsp;Seif Eddine Amara, Directeur de la formation en premier et deuxi\u00e8me cycle au sein du minist\u00e8re de l\u2019Enseignement sup\u00e9rieur et de la Recherche scientifique. Intervenant sur les ondes de la Radio alg\u00e9rienne, le m\u00eame responsable les nouvelles fili\u00e8res ouvertes pour les d\u00e9tenteurs du bac techniques et math\u00e9matiques ouvertes au niveau de l\u2019USTO d\u2019Oran, de l\u2019Universit\u00e9 de S\u00e9tif et celle de Bilda 1, en sus des sp\u00e9cialit\u00e9s d\u2019ing\u00e9nierie ouvertes dans pas moins de 18 universit\u00e9s \u00e0 travers le territoire national.&nbsp;&nbsp;<\/p>\n\n\n\n<p>Rappelons que le ministre de l\u2019Enseignement sup\u00e9rieur et de la Recherche scientifique a indiqu\u00e9 samedi \u00e0 partir d\u2019Annaba que La prochaine ann\u00e9e universitaire sera marqu\u00e9e par le renforcement du processus de num\u00e9risation \u00e0 travers la multiplication par 10 du d\u00e9bit Internet dans les \u00e9tablissements de l&rsquo;enseignement sup\u00e9rieur et de recherche \u00e0 compter de janvier 2023.&nbsp;&nbsp;<\/p>\n\n\n\n<p><strong>Amar Malki<\/strong><\/p>\n","protected":false},"excerpt":{"rendered":"<p>plateforme num\u00e9rique des pr\u00e9inscriptions sera ouverte pour trois jours entre le 21 et le 24 juillet en cours, a annonc\u00e9<\/p>\n","protected":false},"author":3,"featured_media":24252,"comment_status":"open","ping_status":"closed","sticky":false,"template":"","format":"standard","meta":{"colormag_page_container_layout":"default_layout","colormag_page_sidebar_layout":"default_layout","om_disable_all_campaigns":false,"_monsterinsights_skip_tracking":false,"_monsterinsights_sitenote_active":false,"_monsterinsights_sitenote_note":"","_monsterinsights_sitenote_category":0,"footnotes":"","_wpscppro_dont_share_socialmedia":false,"_wpscppro_custom_social_share_image":0,"_facebook_share_type":"","_twitter_share_type":"","_linkedin_share_type":"","_pinterest_share_type":"","_linkedin_share_type_page":"","_instagram_share_type":"","_medium_share_type":"","_threads_share_type":"","_google_business_share_type":"","_selected_social_profile":[],"_wpsp_enable_custom_social_template":false,"_wpsp_social_scheduling":{"enabled":false,"datetime":null,"platforms":[],"status":"template_only","dateOption":"today","timeOption":"now","customDays":"","customHours":"","customDate":"","customTime":"","schedulingType":"absolute"},"_wpsp_active_default_template":true},"categories":[52,27],"tags":[],"class_list":["post-24251","post","type-post","status-publish","format-standard","has-post-thumbnail","hentry","category-a-la-une","category-actualite"],"aioseo_notices":[],"yoast_head":"<!-- This site is optimized with the Yoast SEO plugin v27.5 - https:\/\/yoast.com\/product\/yoast-seo-wordpress\/ -->\n<title>Universit\u00e9\u00a0: Ouverture des pr\u00e9inscriptions jeudi - La Sentinelle<\/title>\n<meta name=\"robots\" content=\"index, follow, max-snippet:-1, max-image-preview:large, max-video-preview:-1\" \/>\n<link rel=\"canonical\" href=\"https:\/\/lasentinelle.dz\/index.php\/2022\/07\/18\/universite-ouverture-des-preinscriptions-jeudi\/\" \/>\n<meta property=\"og:locale\" content=\"fr_FR\" \/>\n<meta property=\"og:type\" content=\"article\" \/>\n<meta property=\"og:title\" content=\"Universit\u00e9\u00a0: Ouverture des pr\u00e9inscriptions jeudi - La Sentinelle\" \/>\n<meta property=\"og:description\" content=\"plateforme num\u00e9rique des pr\u00e9inscriptions sera ouverte pour trois jours entre le 21 et le 24 juillet en cours, a annonc\u00e9\" \/>\n<meta property=\"og:url\" content=\"https:\/\/lasentinelle.dz\/index.php\/2022\/07\/18\/universite-ouverture-des-preinscriptions-jeudi\/\" \/>\n<meta property=\"og:site_name\" content=\"La Sentinelle\" \/>\n<meta property=\"article:publisher\" content=\"https:\/\/www.facebook.com\/La-Sentinelle-104059864394773\" \/>\n<meta property=\"article:published_time\" content=\"2022-07-17T23:05:00+00:00\" \/>\n<meta property=\"og:image\" content=\"https:\/\/lasentinelle.dz\/wp-content\/uploads\/2022\/07\/preinscriptions-universitaires.png\" \/>\n\t<meta property=\"og:image:width\" content=\"1464\" \/>\n\t<meta property=\"og:image:height\" content=\"900\" \/>\n\t<meta property=\"og:image:type\" content=\"image\/png\" \/>\n<meta name=\"author\" content=\"La Sentinelle\" \/>\n<meta name=\"twitter:card\" content=\"summary_large_image\" \/>\n<meta name=\"twitter:label1\" content=\"\u00c9crit par\" \/>\n\t<meta name=\"twitter:data1\" content=\"La Sentinelle\" \/>\n\t<meta name=\"twitter:label2\" content=\"Dur\u00e9e de lecture estim\u00e9e\" \/>\n\t<meta name=\"twitter:data2\" content=\"5 minutes\" \/>\n<script type=\"application\/ld+json\" class=\"yoast-schema-graph\">{\"@context\":\"https:\\\/\\\/schema.org\",\"@graph\":[{\"@type\":\"Article\",\"@id\":\"https:\\\/\\\/lasentinelle.dz\\\/index.php\\\/2022\\\/07\\\/18\\\/universite-ouverture-des-preinscriptions-jeudi\\\/#article\",\"isPartOf\":{\"@id\":\"https:\\\/\\\/lasentinelle.dz\\\/index.php\\\/2022\\\/07\\\/18\\\/universite-ouverture-des-preinscriptions-jeudi\\\/\"},\"author\":{\"name\":\"La Sentinelle\",\"@id\":\"https:\\\/\\\/lasentinelle.dz\\\/#\\\/schema\\\/person\\\/d865044e22e70a75174ce8bcad3acfb3\"},\"headline\":\"Universit\u00e9\u00a0: Ouverture des pr\u00e9inscriptions jeudi\",\"datePublished\":\"2022-07-17T23:05:00+00:00\",\"mainEntityOfPage\":{\"@id\":\"https:\\\/\\\/lasentinelle.dz\\\/index.php\\\/2022\\\/07\\\/18\\\/universite-ouverture-des-preinscriptions-jeudi\\\/\"},\"wordCount\":950,\"commentCount\":0,\"publisher\":{\"@id\":\"https:\\\/\\\/lasentinelle.dz\\\/#organization\"},\"image\":{\"@id\":\"https:\\\/\\\/lasentinelle.dz\\\/index.php\\\/2022\\\/07\\\/18\\\/universite-ouverture-des-preinscriptions-jeudi\\\/#primaryimage\"},\"thumbnailUrl\":\"https:\\\/\\\/lasentinelle.dz\\\/wp-content\\\/uploads\\\/2022\\\/07\\\/preinscriptions-universitaires.png\",\"articleSection\":[\"\u00c0 la Une\",\"Actualit\u00e9\"],\"inLanguage\":\"fr-FR\",\"potentialAction\":[{\"@type\":\"CommentAction\",\"name\":\"Comment\",\"target\":[\"https:\\\/\\\/lasentinelle.dz\\\/index.php\\\/2022\\\/07\\\/18\\\/universite-ouverture-des-preinscriptions-jeudi\\\/#respond\"]}]},{\"@type\":\"WebPage\",\"@id\":\"https:\\\/\\\/lasentinelle.dz\\\/index.php\\\/2022\\\/07\\\/18\\\/universite-ouverture-des-preinscriptions-jeudi\\\/\",\"url\":\"https:\\\/\\\/lasentinelle.dz\\\/index.php\\\/2022\\\/07\\\/18\\\/universite-ouverture-des-preinscriptions-jeudi\\\/\",\"name\":\"Universit\u00e9\u00a0: Ouverture des pr\u00e9inscriptions jeudi - La Sentinelle\",\"isPartOf\":{\"@id\":\"https:\\\/\\\/lasentinelle.dz\\\/#website\"},\"primaryImageOfPage\":{\"@id\":\"https:\\\/\\\/lasentinelle.dz\\\/index.php\\\/2022\\\/07\\\/18\\\/universite-ouverture-des-preinscriptions-jeudi\\\/#primaryimage\"},\"image\":{\"@id\":\"https:\\\/\\\/lasentinelle.dz\\\/index.php\\\/2022\\\/07\\\/18\\\/universite-ouverture-des-preinscriptions-jeudi\\\/#primaryimage\"},\"thumbnailUrl\":\"https:\\\/\\\/lasentinelle.dz\\\/wp-content\\\/uploads\\\/2022\\\/07\\\/preinscriptions-universitaires.png\",\"datePublished\":\"2022-07-17T23:05:00+00:00\",\"breadcrumb\":{\"@id\":\"https:\\\/\\\/lasentinelle.dz\\\/index.php\\\/2022\\\/07\\\/18\\\/universite-ouverture-des-preinscriptions-jeudi\\\/#breadcrumb\"},\"inLanguage\":\"fr-FR\",\"potentialAction\":[{\"@type\":\"ReadAction\",\"target\":[\"https:\\\/\\\/lasentinelle.dz\\\/index.php\\\/2022\\\/07\\\/18\\\/universite-ouverture-des-preinscriptions-jeudi\\\/\"]}]},{\"@type\":\"ImageObject\",\"inLanguage\":\"fr-FR\",\"@id\":\"https:\\\/\\\/lasentinelle.dz\\\/index.php\\\/2022\\\/07\\\/18\\\/universite-ouverture-des-preinscriptions-jeudi\\\/#primaryimage\",\"url\":\"https:\\\/\\\/lasentinelle.dz\\\/wp-content\\\/uploads\\\/2022\\\/07\\\/preinscriptions-universitaires.png\",\"contentUrl\":\"https:\\\/\\\/lasentinelle.dz\\\/wp-content\\\/uploads\\\/2022\\\/07\\\/preinscriptions-universitaires.png\",\"width\":1464,\"height\":900},{\"@type\":\"BreadcrumbList\",\"@id\":\"https:\\\/\\\/lasentinelle.dz\\\/index.php\\\/2022\\\/07\\\/18\\\/universite-ouverture-des-preinscriptions-jeudi\\\/#breadcrumb\",\"itemListElement\":[{\"@type\":\"ListItem\",\"position\":1,\"name\":\"Accueil\",\"item\":\"https:\\\/\\\/lasentinelle.dz\\\/\"},{\"@type\":\"ListItem\",\"position\":2,\"name\":\"Universit\u00e9\u00a0: Ouverture des pr\u00e9inscriptions jeudi\"}]},{\"@type\":\"WebSite\",\"@id\":\"https:\\\/\\\/lasentinelle.dz\\\/#website\",\"url\":\"https:\\\/\\\/lasentinelle.dz\\\/\",\"name\":\"La Sentinelle\",\"description\":\"Quotidien national d&#039;information\",\"publisher\":{\"@id\":\"https:\\\/\\\/lasentinelle.dz\\\/#organization\"},\"potentialAction\":[{\"@type\":\"SearchAction\",\"target\":{\"@type\":\"EntryPoint\",\"urlTemplate\":\"https:\\\/\\\/lasentinelle.dz\\\/?s={search_term_string}\"},\"query-input\":{\"@type\":\"PropertyValueSpecification\",\"valueRequired\":true,\"valueName\":\"search_term_string\"}}],\"inLanguage\":\"fr-FR\"},{\"@type\":\"Organization\",\"@id\":\"https:\\\/\\\/lasentinelle.dz\\\/#organization\",\"name\":\"Quotidien La Sentinelle\",\"url\":\"https:\\\/\\\/lasentinelle.dz\\\/\",\"logo\":{\"@type\":\"ImageObject\",\"inLanguage\":\"fr-FR\",\"@id\":\"https:\\\/\\\/lasentinelle.dz\\\/#\\\/schema\\\/logo\\\/image\\\/\",\"url\":\"https:\\\/\\\/lasentinelle.dz\\\/wp-content\\\/uploads\\\/2021\\\/09\\\/logo-sentinelleSLOGAN-1.png\",\"contentUrl\":\"https:\\\/\\\/lasentinelle.dz\\\/wp-content\\\/uploads\\\/2021\\\/09\\\/logo-sentinelleSLOGAN-1.png\",\"width\":615,\"height\":142,\"caption\":\"Quotidien La Sentinelle\"},\"image\":{\"@id\":\"https:\\\/\\\/lasentinelle.dz\\\/#\\\/schema\\\/logo\\\/image\\\/\"},\"sameAs\":[\"https:\\\/\\\/www.facebook.com\\\/La-Sentinelle-104059864394773\"]},{\"@type\":\"Person\",\"@id\":\"https:\\\/\\\/lasentinelle.dz\\\/#\\\/schema\\\/person\\\/d865044e22e70a75174ce8bcad3acfb3\",\"name\":\"La Sentinelle\",\"image\":{\"@type\":\"ImageObject\",\"inLanguage\":\"fr-FR\",\"@id\":\"https:\\\/\\\/secure.gravatar.com\\\/avatar\\\/57de8e5d4b15d43fb361a71fbb36338450fe67865b528a43dd10ef7c51a20392?s=96&d=mm&r=g\",\"url\":\"https:\\\/\\\/secure.gravatar.com\\\/avatar\\\/57de8e5d4b15d43fb361a71fbb36338450fe67865b528a43dd10ef7c51a20392?s=96&d=mm&r=g\",\"contentUrl\":\"https:\\\/\\\/secure.gravatar.com\\\/avatar\\\/57de8e5d4b15d43fb361a71fbb36338450fe67865b528a43dd10ef7c51a20392?s=96&d=mm&r=g\",\"caption\":\"La Sentinelle\"},\"sameAs\":[\"http:\\\/\\\/www.lasentinelle.dz\"],\"url\":\"https:\\\/\\\/lasentinelle.dz\\\/author\\\/redaction\\\/\"}]}<\/script>\n<!-- \/ Yoast SEO plugin. -->","yoast_head_json":{"title":"Universit\u00e9\u00a0: Ouverture des pr\u00e9inscriptions jeudi - La Sentinelle","robots":{"index":"index","follow":"follow","max-snippet":"max-snippet:-1","max-image-preview":"max-image-preview:large","max-video-preview":"max-video-preview:-1"},"canonical":"https:\/\/lasentinelle.dz\/index.php\/2022\/07\/18\/universite-ouverture-des-preinscriptions-jeudi\/","og_locale":"fr_FR","og_type":"article","og_title":"Universit\u00e9\u00a0: Ouverture des pr\u00e9inscriptions jeudi - La Sentinelle","og_description":"plateforme num\u00e9rique des pr\u00e9inscriptions sera ouverte pour trois jours entre le 21 et le 24 juillet en cours, a annonc\u00e9","og_url":"https:\/\/lasentinelle.dz\/index.php\/2022\/07\/18\/universite-ouverture-des-preinscriptions-jeudi\/","og_site_name":"La Sentinelle","article_publisher":"https:\/\/www.facebook.com\/La-Sentinelle-104059864394773","article_published_time":"2022-07-17T23:05:00+00:00","og_image":[{"width":1464,"height":900,"url":"https:\/\/lasentinelle.dz\/wp-content\/uploads\/2022\/07\/preinscriptions-universitaires.png","type":"image\/png"}],"author":"La Sentinelle","twitter_card":"summary_large_image","twitter_misc":{"\u00c9crit par":"La Sentinelle","Dur\u00e9e de lecture estim\u00e9e":"5 minutes"},"schema":{"@context":"https:\/\/schema.org","@graph":[{"@type":"Article","@id":"https:\/\/lasentinelle.dz\/index.php\/2022\/07\/18\/universite-ouverture-des-preinscriptions-jeudi\/#article","isPartOf":{"@id":"https:\/\/lasentinelle.dz\/index.php\/2022\/07\/18\/universite-ouverture-des-preinscriptions-jeudi\/"},"author":{"name":"La Sentinelle","@id":"https:\/\/lasentinelle.dz\/#\/schema\/person\/d865044e22e70a75174ce8bcad3acfb3"},"headline":"Universit\u00e9\u00a0: Ouverture des pr\u00e9inscriptions jeudi","datePublished":"2022-07-17T23:05:00+00:00","mainEntityOfPage":{"@id":"https:\/\/lasentinelle.dz\/index.php\/2022\/07\/18\/universite-ouverture-des-preinscriptions-jeudi\/"},"wordCount":950,"commentCount":0,"publisher":{"@id":"https:\/\/lasentinelle.dz\/#organization"},"image":{"@id":"https:\/\/lasentinelle.dz\/index.php\/2022\/07\/18\/universite-ouverture-des-preinscriptions-jeudi\/#primaryimage"},"thumbnailUrl":"https:\/\/lasentinelle.dz\/wp-content\/uploads\/2022\/07\/preinscriptions-universitaires.png","articleSection":["\u00c0 la Une","Actualit\u00e9"],"inLanguage":"fr-FR","potentialAction":[{"@type":"CommentAction","name":"Comment","target":["https:\/\/lasentinelle.dz\/index.php\/2022\/07\/18\/universite-ouverture-des-preinscriptions-jeudi\/#respond"]}]},{"@type":"WebPage","@id":"https:\/\/lasentinelle.dz\/index.php\/2022\/07\/18\/universite-ouverture-des-preinscriptions-jeudi\/","url":"https:\/\/lasentinelle.dz\/index.php\/2022\/07\/18\/universite-ouverture-des-preinscriptions-jeudi\/","name":"Universit\u00e9\u00a0: Ouverture des pr\u00e9inscriptions jeudi - La Sentinelle","isPartOf":{"@id":"https:\/\/lasentinelle.dz\/#website"},"primaryImageOfPage":{"@id":"https:\/\/lasentinelle.dz\/index.php\/2022\/07\/18\/universite-ouverture-des-preinscriptions-jeudi\/#primaryimage"},"image":{"@id":"https:\/\/lasentinelle.dz\/index.php\/2022\/07\/18\/universite-ouverture-des-preinscriptions-jeudi\/#primaryimage"},"thumbnailUrl":"https:\/\/lasentinelle.dz\/wp-content\/uploads\/2022\/07\/preinscriptions-universitaires.png","datePublished":"2022-07-17T23:05:00+00:00","breadcrumb":{"@id":"https:\/\/lasentinelle.dz\/index.php\/2022\/07\/18\/universite-ouverture-des-preinscriptions-jeudi\/#breadcrumb"},"inLanguage":"fr-FR","potentialAction":[{"@type":"ReadAction","target":["https:\/\/lasentinelle.dz\/index.php\/2022\/07\/18\/universite-ouverture-des-preinscriptions-jeudi\/"]}]},{"@type":"ImageObject","inLanguage":"fr-FR","@id":"https:\/\/lasentinelle.dz\/index.php\/2022\/07\/18\/universite-ouverture-des-preinscriptions-jeudi\/#primaryimage","url":"https:\/\/lasentinelle.dz\/wp-content\/uploads\/2022\/07\/preinscriptions-universitaires.png","contentUrl":"https:\/\/lasentinelle.dz\/wp-content\/uploads\/2022\/07\/preinscriptions-universitaires.png","width":1464,"height":900},{"@type":"BreadcrumbList","@id":"https:\/\/lasentinelle.dz\/index.php\/2022\/07\/18\/universite-ouverture-des-preinscriptions-jeudi\/#breadcrumb","itemListElement":[{"@type":"ListItem","position":1,"name":"Accueil","item":"https:\/\/lasentinelle.dz\/"},{"@type":"ListItem","position":2,"name":"Universit\u00e9\u00a0: Ouverture des pr\u00e9inscriptions jeudi"}]},{"@type":"WebSite","@id":"https:\/\/lasentinelle.dz\/#website","url":"https:\/\/lasentinelle.dz\/","name":"La Sentinelle","description":"Quotidien national d&#039;information","publisher":{"@id":"https:\/\/lasentinelle.dz\/#organization"},"potentialAction":[{"@type":"SearchAction","target":{"@type":"EntryPoint","urlTemplate":"https:\/\/lasentinelle.dz\/?s={search_term_string}"},"query-input":{"@type":"PropertyValueSpecification","valueRequired":true,"valueName":"search_term_string"}}],"inLanguage":"fr-FR"},{"@type":"Organization","@id":"https:\/\/lasentinelle.dz\/#organization","name":"Quotidien La Sentinelle","url":"https:\/\/lasentinelle.dz\/","logo":{"@type":"ImageObject","inLanguage":"fr-FR","@id":"https:\/\/lasentinelle.dz\/#\/schema\/logo\/image\/","url":"https:\/\/lasentinelle.dz\/wp-content\/uploads\/2021\/09\/logo-sentinelleSLOGAN-1.png","contentUrl":"https:\/\/lasentinelle.dz\/wp-content\/uploads\/2021\/09\/logo-sentinelleSLOGAN-1.png","width":615,"height":142,"caption":"Quotidien La Sentinelle"},"image":{"@id":"https:\/\/lasentinelle.dz\/#\/schema\/logo\/image\/"},"sameAs":["https:\/\/www.facebook.com\/La-Sentinelle-104059864394773"]},{"@type":"Person","@id":"https:\/\/lasentinelle.dz\/#\/schema\/person\/d865044e22e70a75174ce8bcad3acfb3","name":"La Sentinelle","image":{"@type":"ImageObject","inLanguage":"fr-FR","@id":"https:\/\/secure.gravatar.com\/avatar\/57de8e5d4b15d43fb361a71fbb36338450fe67865b528a43dd10ef7c51a20392?s=96&d=mm&r=g","url":"https:\/\/secure.gravatar.com\/avatar\/57de8e5d4b15d43fb361a71fbb36338450fe67865b528a43dd10ef7c51a20392?s=96&d=mm&r=g","contentUrl":"https:\/\/secure.gravatar.com\/avatar\/57de8e5d4b15d43fb361a71fbb36338450fe67865b528a43dd10ef7c51a20392?s=96&d=mm&r=g","caption":"La Sentinelle"},"sameAs":["http:\/\/www.lasentinelle.dz"],"url":"https:\/\/lasentinelle.dz\/author\/redaction\/"}]}},"_links":{"self":[{"href":"https:\/\/lasentinelle.dz\/index.php\/wp-json\/wp\/v2\/posts\/24251","targetHints":{"allow":["GET"]}}],"collection":[{"href":"https:\/\/lasentinelle.dz\/index.php\/wp-json\/wp\/v2\/posts"}],"about":[{"href":"https:\/\/lasentinelle.dz\/index.php\/wp-json\/wp\/v2\/types\/post"}],"author":[{"embeddable":true,"href":"https:\/\/lasentinelle.dz\/index.php\/wp-json\/wp\/v2\/users\/3"}],"replies":[{"embeddable":true,"href":"https:\/\/lasentinelle.dz\/index.php\/wp-json\/wp\/v2\/comments?post=24251"}],"version-history":[{"count":1,"href":"https:\/\/lasentinelle.dz\/index.php\/wp-json\/wp\/v2\/posts\/24251\/revisions"}],"predecessor-version":[{"id":24254,"href":"https:\/\/lasentinelle.dz\/index.php\/wp-json\/wp\/v2\/posts\/24251\/revisions\/24254"}],"wp:featuredmedia":[{"embeddable":true,"href":"https:\/\/lasentinelle.dz\/index.php\/wp-json\/wp\/v2\/media\/24252"}],"wp:attachment":[{"href":"https:\/\/lasentinelle.dz\/index.php\/wp-json\/wp\/v2\/media?parent=24251"}],"wp:term":[{"taxonomy":"category","embeddable":true,"href":"https:\/\/lasentinelle.dz\/index.php\/wp-json\/wp\/v2\/categories?post=24251"},{"taxonomy":"post_tag","embeddable":true,"href":"https:\/\/lasentinelle.dz\/index.php\/wp-json\/wp\/v2\/tags?post=24251"}],"curies":[{"name":"wp","href":"https:\/\/api.w.org\/{rel}","templated":true}]}}