{"id":24277,"date":"2022-07-18T00:05:00","date_gmt":"2022-07-17T23:05:00","guid":{"rendered":"https:\/\/lasentinelle.dz\/?p=24277"},"modified":"2022-07-17T20:46:30","modified_gmt":"2022-07-17T19:46:30","slug":"la-loi-de-finances-complementaires-a-ete-adoptee-en-conseil-des-ministres-quels-equilibres-budgetaires","status":"publish","type":"post","link":"https:\/\/lasentinelle.dz\/index.php\/2022\/07\/18\/la-loi-de-finances-complementaires-a-ete-adoptee-en-conseil-des-ministres-quels-equilibres-budgetaires\/","title":{"rendered":"La loi de finances compl\u00e9mentaire a \u00e9t\u00e9 adopt\u00e9e en Conseil des ministres\u00a0:\u00a0Quels \u00e9quilibres budg\u00e9taires ?"},"content":{"rendered":"\n<p>La loi de finances compl\u00e9mentaire 2022 a \u00e9t\u00e9 adopt\u00e9e, hier, en Conseil des ministres. Le texte qui rectifie la trajectoire budg\u00e9taire de l\u2019\u00c9tat sera promulgu\u00e9 par ordonnance pr\u00e9sidentielle en cette p\u00e9riode de vacances parlementaires.&nbsp;<\/p>\n\n\n\n<p>Selon le communiqu\u00e9 des services de la pr\u00e9sidence de la R\u00e9publique qui a sanctionn\u00e9 les travaux du Conseil des ministres tenu hier, le texte approuv\u00e9 prend en compte les directives du chef de l\u2019\u00c9tat relatives \u00e0 la n\u00e9cessit\u00e9 de \u00ab pr\u00e9server les \u00e9quilibres sociaux et le pouvoir d\u2019achat des m\u00e9nages, ainsi que d\u2019\u00e9viter d&rsquo;imposer de nouvelles taxes ou de nouvelles augmentations \u00bb.<\/p>\n\n\n\n<p>Bien que rien de bien pr\u00e9cis n\u2019ait \u00e9t\u00e9 dit sur le contenu de la LFC 2022, le texte doit principalement rectifier certaines dispositions de la loi de finances primaire et lesquelles ont induits d\u2019importantes hausses des prix des produits alimentaires de base et ont acc\u00e9l\u00e9r\u00e9 l\u2019inflation. Cela a d\u2019ailleurs conduit le pr\u00e9sident de la R\u00e9publique, Abdelmadjid Tebboune, \u00e0 d\u00e9cider au mois de f\u00e9vrier dernier du gel de l\u2019ensemble des nouvelles taxes impos\u00e9es sur les produits de base ainsi que sur les \u00e9quipements num\u00e9riques import\u00e9s via les colis postaux. Le pr\u00e9sident de la R\u00e9publique avait \u00e9galement d\u00e9cid\u00e9 de l\u2019interdiction de l\u2019exportation des produits de base subventionn\u00e9s par l\u2019\u00c9tat, ainsi que des produits issus de la transformation de ces derniers, en sus d\u2019avoir d\u00e9cid\u00e9 de confier le monopole de l\u2019importation des c\u00e9r\u00e9ales \u00e0 l\u2019OAIC au regard des tensions sur les march\u00e9s mondiaux des produits alimentaires de base. La hausse des salaires issues de la r\u00e9vision de la grille indiciaire de la Fonction publique, et l\u2019\u00e9largissement progressif du b\u00e9n\u00e9fice de l\u2019allocation ch\u00f4mage ont \u00e9galement eu un impact budg\u00e9taire certain. Tout autant de mesures qu\u2019il fallait d\u2019ailleurs formaliser dans le cadre d\u2019une nouvelle loi de finances compl\u00e9mentaire, tr\u00e8s attendue depuis. Aussi, si la loi de finances compl\u00e9mentaire ne pr\u00e9voit pas de nouvelles taxes, la question du financement du budget de l\u2019\u00c9tat retient l\u2019attention, d\u2019autant plus que lors de la premi\u00e8re lecture du texte, il y deux semaines, le pr\u00e9sident de la R\u00e9publique avait insist\u00e9 sur la n\u00e9cessit\u00e9 de proposer des solutions pour garantir la p\u00e9rennit\u00e9 des \u00e9quilibres budg\u00e9taire de l\u2019\u00c9tat. Ainsi, et malgr\u00e9 la hausse des cours du p\u00e9trole et du gaz qui offre aujourd\u2019hui une certaine marge budg\u00e9taire, la question se pose avec acuit\u00e9.&nbsp;<\/p>\n\n\n\n<p><strong>Produire du lait maternis\u00e9<\/strong><\/p>\n\n\n\n<p>D\u2019autres questions ont \u00e9t\u00e9 au c\u0153ur de la r\u00e9union pr\u00e9sid\u00e9e hier par le chef de l\u2019\u00c9tat. La consolidation de l\u2019autosuffisance dans certains domaines strat\u00e9giques constitue l\u2019essence des priorit\u00e9s trait\u00e9es \u00e0 l\u2019occasion. Les facteurs susceptibles de garantir la s\u00e9curit\u00e9 alimentaire et consolider l\u2019autosuffisance en c\u00e9r\u00e9ales reviennent r\u00e9guli\u00e8rement en Conseil des ministres. Ainsi, et \u00e0 l\u2019occasion de l\u2019expos\u00e9 sur la pr\u00e9paration du&nbsp;&nbsp;parcours technique de la campagne c\u00e9r\u00e9ali\u00e8re 2022-2023, le Pr\u00e9sident Tebboune a exhort\u00e9 le Gouvernement \u00ab \u00e0 intensifier les efforts pour assurer la s\u00e9curit\u00e9 alimentaire, notamment dans le domaine des c\u00e9r\u00e9ales, \u00e0 la lumi\u00e8re des fluctuations internationales actuelles, un d\u00e9fi qui doit \u00eatre gagn\u00e9 quels que soient les difficult\u00e9s et les obstacles, car les capacit\u00e9s financi\u00e8res et naturelles de l&rsquo;Alg\u00e9rie la qualifient pour atteindre cet objectif strat\u00e9gique \u00bb, note le communiqu\u00e9. Dans ce contexte le pr\u00e9sident de la R\u00e9publique a charg\u00e9 le ministre de l&rsquo;Agriculture de pr\u00e9parer un nouveau plan de r\u00e9organisation du secteur qui \u00e9loigne toute forme de bureaucratie. Il a \u00e9galement ordonn\u00e9 l&rsquo;expansion des surfaces agricoles pour la production de fourrage, tout en adoptant l&rsquo;utilisation de moyens techniques modernes et d&rsquo;engrais pour augmenter les surfaces agricoles et les rendements.<\/p>\n\n\n\n<p>La question de la production locale de lait maternis\u00e9 est \u00e9galement au c\u0153ur des pr\u00e9occupations. Dans ce sens Abdelmadjid Tebboune a donn\u00e9 des instructions pour s&rsquo;appuyer sur une expertise \u00e9trang\u00e8re sp\u00e9cialis\u00e9e, via&nbsp;&nbsp;des partenariats, pour d\u00e9marrer la production de lait maternis\u00e9.<\/p>\n\n\n\n<p>Le pr\u00e9sident de la R\u00e9publique a \u00e9galement saisi l\u2019occasion du Conseil des ministres pour \u00e9voquer certains \u00e9v\u00e8nements marquants ces derniers jours. Il a ainsi \u00e9voqu\u00e9 les c\u00e9l\u00e9brations comm\u00e9morant le 60e anniversaire de l&rsquo;ind\u00e9pendance et a adress\u00e9 ses remerciements \u00e0 tous ceux qui ont contribu\u00e9 \u00e0 la r\u00e9ussite de l&rsquo;\u00e9v\u00e9nement, notamment l&rsquo;Arm\u00e9e Nationale Populaire, et toutes les autres institutions nationales. R\u00e9agissant au succ\u00e8s des Jeux m\u00e9diterran\u00e9ens, Abdelmadjid Tebboune a ordonn\u00e9 la mise \u00e0 disposition de tous les moyens et capacit\u00e9s aux athl\u00e8tes d&rsquo;\u00e9lite dans toutes les disciplines que ce soit pour les m\u00e9daill\u00e9s ou les non-m\u00e9daill\u00e9s dans le but d&rsquo;assurer une pr\u00e9paration optimale pour les prochaines \u00e9ch\u00e9ances sportives internationales, notamment les Jeux Olympiques de 2024.<\/p>\n\n\n\n<p>Enfin, le Pr\u00e9sident de la R\u00e9publique a ordonn\u00e9 au ministre des Transports de mobiliser toutes les capacit\u00e9s de l&rsquo;Etat pour faciliter le retour ou l&rsquo;arriv\u00e9e des Alg\u00e9riens de l&rsquo;\u00e9tranger et a ordonn\u00e9 la cr\u00e9ation d&rsquo;un num\u00e9ro vert et d&rsquo;une cellule de veille et d&rsquo;\u00e9coute au niveau du cabinet du ministre des Transports dans le but de r\u00e9pondre aux pr\u00e9occupations des citoyens et de r\u00e9soudre les probl\u00e8mes et obstacles qui se dressent lors des dessertes a\u00e9riennes et maritimes vers l&rsquo;Alg\u00e9rie.&nbsp;<\/p>\n\n\n\n<p><strong>Chokri Hafed<\/strong><\/p>\n","protected":false},"excerpt":{"rendered":"<p>La loi de finances compl\u00e9mentaire 2022 a \u00e9t\u00e9 adopt\u00e9e, hier, en Conseil des ministres. Le texte qui rectifie la trajectoire<\/p>\n","protected":false},"author":3,"featured_media":14732,"comment_status":"open","ping_status":"closed","sticky":false,"template":"","format":"standard","meta":{"colormag_page_container_layout":"default_layout","colormag_page_sidebar_layout":"default_layout","om_disable_all_campaigns":false,"_monsterinsights_skip_tracking":false,"_monsterinsights_sitenote_active":false,"_monsterinsights_sitenote_note":"","_monsterinsights_sitenote_category":0,"footnotes":"","_wpscppro_dont_share_socialmedia":false,"_wpscppro_custom_social_share_image":0,"_facebook_share_type":"","_twitter_share_type":"","_linkedin_share_type":"","_pinterest_share_type":"","_linkedin_share_type_page":"","_instagram_share_type":"","_medium_share_type":"","_threads_share_type":"","_google_business_share_type":"","_selected_social_profile":[],"_wpsp_enable_custom_social_template":false,"_wpsp_social_scheduling":{"enabled":false,"datetime":null,"platforms":[],"status":"template_only","dateOption":"today","timeOption":"now","customDays":"","customHours":"","customDate":"","customTime":"","schedulingType":"absolute"},"_wpsp_active_default_template":true},"categories":[52,27],"tags":[],"class_list":["post-24277","post","type-post","status-publish","format-standard","has-post-thumbnail","hentry","category-a-la-une","category-actualite"],"aioseo_notices":[],"yoast_head":"<!-- This site is optimized with the Yoast SEO plugin v27.5 - https:\/\/yoast.com\/product\/yoast-seo-wordpress\/ -->\n<title>La loi de finances compl\u00e9mentaire a \u00e9t\u00e9 adopt\u00e9e en Conseil des ministres\u00a0:\u00a0Quels \u00e9quilibres budg\u00e9taires ? - La Sentinelle<\/title>\n<meta name=\"robots\" content=\"index, follow, max-snippet:-1, max-image-preview:large, max-video-preview:-1\" \/>\n<link rel=\"canonical\" href=\"https:\/\/lasentinelle.dz\/index.php\/2022\/07\/18\/la-loi-de-finances-complementaires-a-ete-adoptee-en-conseil-des-ministres-quels-equilibres-budgetaires\/\" \/>\n<meta property=\"og:locale\" content=\"fr_FR\" \/>\n<meta property=\"og:type\" content=\"article\" \/>\n<meta property=\"og:title\" content=\"La loi de finances compl\u00e9mentaire a \u00e9t\u00e9 adopt\u00e9e en Conseil des ministres\u00a0:\u00a0Quels \u00e9quilibres budg\u00e9taires ? - La Sentinelle\" \/>\n<meta property=\"og:description\" content=\"La loi de finances compl\u00e9mentaire 2022 a \u00e9t\u00e9 adopt\u00e9e, hier, en Conseil des ministres. Le texte qui rectifie la trajectoire\" \/>\n<meta property=\"og:url\" content=\"https:\/\/lasentinelle.dz\/index.php\/2022\/07\/18\/la-loi-de-finances-complementaires-a-ete-adoptee-en-conseil-des-ministres-quels-equilibres-budgetaires\/\" \/>\n<meta property=\"og:site_name\" content=\"La Sentinelle\" \/>\n<meta property=\"article:publisher\" content=\"https:\/\/www.facebook.com\/La-Sentinelle-104059864394773\" \/>\n<meta property=\"article:published_time\" content=\"2022-07-17T23:05:00+00:00\" \/>\n<meta property=\"og:image\" content=\"https:\/\/lasentinelle.dz\/wp-content\/uploads\/2021\/12\/tebboune-conseil.png\" \/>\n\t<meta property=\"og:image:width\" content=\"1351\" \/>\n\t<meta property=\"og:image:height\" content=\"900\" \/>\n\t<meta property=\"og:image:type\" content=\"image\/png\" \/>\n<meta name=\"author\" content=\"La Sentinelle\" \/>\n<meta name=\"twitter:card\" content=\"summary_large_image\" \/>\n<meta name=\"twitter:label1\" content=\"\u00c9crit par\" \/>\n\t<meta name=\"twitter:data1\" content=\"La Sentinelle\" \/>\n\t<meta name=\"twitter:label2\" content=\"Dur\u00e9e de lecture estim\u00e9e\" \/>\n\t<meta name=\"twitter:data2\" content=\"5 minutes\" \/>\n<script type=\"application\/ld+json\" class=\"yoast-schema-graph\">{\"@context\":\"https:\\\/\\\/schema.org\",\"@graph\":[{\"@type\":\"Article\",\"@id\":\"https:\\\/\\\/lasentinelle.dz\\\/index.php\\\/2022\\\/07\\\/18\\\/la-loi-de-finances-complementaires-a-ete-adoptee-en-conseil-des-ministres-quels-equilibres-budgetaires\\\/#article\",\"isPartOf\":{\"@id\":\"https:\\\/\\\/lasentinelle.dz\\\/index.php\\\/2022\\\/07\\\/18\\\/la-loi-de-finances-complementaires-a-ete-adoptee-en-conseil-des-ministres-quels-equilibres-budgetaires\\\/\"},\"author\":{\"name\":\"La Sentinelle\",\"@id\":\"https:\\\/\\\/lasentinelle.dz\\\/#\\\/schema\\\/person\\\/d865044e22e70a75174ce8bcad3acfb3\"},\"headline\":\"La loi de finances compl\u00e9mentaire a \u00e9t\u00e9 adopt\u00e9e en Conseil des ministres\u00a0:\u00a0Quels \u00e9quilibres budg\u00e9taires ?\",\"datePublished\":\"2022-07-17T23:05:00+00:00\",\"mainEntityOfPage\":{\"@id\":\"https:\\\/\\\/lasentinelle.dz\\\/index.php\\\/2022\\\/07\\\/18\\\/la-loi-de-finances-complementaires-a-ete-adoptee-en-conseil-des-ministres-quels-equilibres-budgetaires\\\/\"},\"wordCount\":985,\"commentCount\":0,\"publisher\":{\"@id\":\"https:\\\/\\\/lasentinelle.dz\\\/#organization\"},\"image\":{\"@id\":\"https:\\\/\\\/lasentinelle.dz\\\/index.php\\\/2022\\\/07\\\/18\\\/la-loi-de-finances-complementaires-a-ete-adoptee-en-conseil-des-ministres-quels-equilibres-budgetaires\\\/#primaryimage\"},\"thumbnailUrl\":\"https:\\\/\\\/lasentinelle.dz\\\/wp-content\\\/uploads\\\/2021\\\/12\\\/tebboune-conseil.png\",\"articleSection\":[\"\u00c0 la Une\",\"Actualit\u00e9\"],\"inLanguage\":\"fr-FR\",\"potentialAction\":[{\"@type\":\"CommentAction\",\"name\":\"Comment\",\"target\":[\"https:\\\/\\\/lasentinelle.dz\\\/index.php\\\/2022\\\/07\\\/18\\\/la-loi-de-finances-complementaires-a-ete-adoptee-en-conseil-des-ministres-quels-equilibres-budgetaires\\\/#respond\"]}]},{\"@type\":\"WebPage\",\"@id\":\"https:\\\/\\\/lasentinelle.dz\\\/index.php\\\/2022\\\/07\\\/18\\\/la-loi-de-finances-complementaires-a-ete-adoptee-en-conseil-des-ministres-quels-equilibres-budgetaires\\\/\",\"url\":\"https:\\\/\\\/lasentinelle.dz\\\/index.php\\\/2022\\\/07\\\/18\\\/la-loi-de-finances-complementaires-a-ete-adoptee-en-conseil-des-ministres-quels-equilibres-budgetaires\\\/\",\"name\":\"La loi de finances compl\u00e9mentaire a \u00e9t\u00e9 adopt\u00e9e en Conseil des ministres\u00a0:\u00a0Quels \u00e9quilibres budg\u00e9taires ? - La Sentinelle\",\"isPartOf\":{\"@id\":\"https:\\\/\\\/lasentinelle.dz\\\/#website\"},\"primaryImageOfPage\":{\"@id\":\"https:\\\/\\\/lasentinelle.dz\\\/index.php\\\/2022\\\/07\\\/18\\\/la-loi-de-finances-complementaires-a-ete-adoptee-en-conseil-des-ministres-quels-equilibres-budgetaires\\\/#primaryimage\"},\"image\":{\"@id\":\"https:\\\/\\\/lasentinelle.dz\\\/index.php\\\/2022\\\/07\\\/18\\\/la-loi-de-finances-complementaires-a-ete-adoptee-en-conseil-des-ministres-quels-equilibres-budgetaires\\\/#primaryimage\"},\"thumbnailUrl\":\"https:\\\/\\\/lasentinelle.dz\\\/wp-content\\\/uploads\\\/2021\\\/12\\\/tebboune-conseil.png\",\"datePublished\":\"2022-07-17T23:05:00+00:00\",\"breadcrumb\":{\"@id\":\"https:\\\/\\\/lasentinelle.dz\\\/index.php\\\/2022\\\/07\\\/18\\\/la-loi-de-finances-complementaires-a-ete-adoptee-en-conseil-des-ministres-quels-equilibres-budgetaires\\\/#breadcrumb\"},\"inLanguage\":\"fr-FR\",\"potentialAction\":[{\"@type\":\"ReadAction\",\"target\":[\"https:\\\/\\\/lasentinelle.dz\\\/index.php\\\/2022\\\/07\\\/18\\\/la-loi-de-finances-complementaires-a-ete-adoptee-en-conseil-des-ministres-quels-equilibres-budgetaires\\\/\"]}]},{\"@type\":\"ImageObject\",\"inLanguage\":\"fr-FR\",\"@id\":\"https:\\\/\\\/lasentinelle.dz\\\/index.php\\\/2022\\\/07\\\/18\\\/la-loi-de-finances-complementaires-a-ete-adoptee-en-conseil-des-ministres-quels-equilibres-budgetaires\\\/#primaryimage\",\"url\":\"https:\\\/\\\/lasentinelle.dz\\\/wp-content\\\/uploads\\\/2021\\\/12\\\/tebboune-conseil.png\",\"contentUrl\":\"https:\\\/\\\/lasentinelle.dz\\\/wp-content\\\/uploads\\\/2021\\\/12\\\/tebboune-conseil.png\",\"width\":1351,\"height\":900},{\"@type\":\"BreadcrumbList\",\"@id\":\"https:\\\/\\\/lasentinelle.dz\\\/index.php\\\/2022\\\/07\\\/18\\\/la-loi-de-finances-complementaires-a-ete-adoptee-en-conseil-des-ministres-quels-equilibres-budgetaires\\\/#breadcrumb\",\"itemListElement\":[{\"@type\":\"ListItem\",\"position\":1,\"name\":\"Accueil\",\"item\":\"https:\\\/\\\/lasentinelle.dz\\\/\"},{\"@type\":\"ListItem\",\"position\":2,\"name\":\"La loi de finances compl\u00e9mentaire a \u00e9t\u00e9 adopt\u00e9e en Conseil des ministres\u00a0:\u00a0Quels \u00e9quilibres budg\u00e9taires ?\"}]},{\"@type\":\"WebSite\",\"@id\":\"https:\\\/\\\/lasentinelle.dz\\\/#website\",\"url\":\"https:\\\/\\\/lasentinelle.dz\\\/\",\"name\":\"La Sentinelle\",\"description\":\"Quotidien national d&#039;information\",\"publisher\":{\"@id\":\"https:\\\/\\\/lasentinelle.dz\\\/#organization\"},\"potentialAction\":[{\"@type\":\"SearchAction\",\"target\":{\"@type\":\"EntryPoint\",\"urlTemplate\":\"https:\\\/\\\/lasentinelle.dz\\\/?s={search_term_string}\"},\"query-input\":{\"@type\":\"PropertyValueSpecification\",\"valueRequired\":true,\"valueName\":\"search_term_string\"}}],\"inLanguage\":\"fr-FR\"},{\"@type\":\"Organization\",\"@id\":\"https:\\\/\\\/lasentinelle.dz\\\/#organization\",\"name\":\"Quotidien La Sentinelle\",\"url\":\"https:\\\/\\\/lasentinelle.dz\\\/\",\"logo\":{\"@type\":\"ImageObject\",\"inLanguage\":\"fr-FR\",\"@id\":\"https:\\\/\\\/lasentinelle.dz\\\/#\\\/schema\\\/logo\\\/image\\\/\",\"url\":\"https:\\\/\\\/lasentinelle.dz\\\/wp-content\\\/uploads\\\/2021\\\/09\\\/logo-sentinelleSLOGAN-1.png\",\"contentUrl\":\"https:\\\/\\\/lasentinelle.dz\\\/wp-content\\\/uploads\\\/2021\\\/09\\\/logo-sentinelleSLOGAN-1.png\",\"width\":615,\"height\":142,\"caption\":\"Quotidien La Sentinelle\"},\"image\":{\"@id\":\"https:\\\/\\\/lasentinelle.dz\\\/#\\\/schema\\\/logo\\\/image\\\/\"},\"sameAs\":[\"https:\\\/\\\/www.facebook.com\\\/La-Sentinelle-104059864394773\"]},{\"@type\":\"Person\",\"@id\":\"https:\\\/\\\/lasentinelle.dz\\\/#\\\/schema\\\/person\\\/d865044e22e70a75174ce8bcad3acfb3\",\"name\":\"La Sentinelle\",\"image\":{\"@type\":\"ImageObject\",\"inLanguage\":\"fr-FR\",\"@id\":\"https:\\\/\\\/secure.gravatar.com\\\/avatar\\\/57de8e5d4b15d43fb361a71fbb36338450fe67865b528a43dd10ef7c51a20392?s=96&d=mm&r=g\",\"url\":\"https:\\\/\\\/secure.gravatar.com\\\/avatar\\\/57de8e5d4b15d43fb361a71fbb36338450fe67865b528a43dd10ef7c51a20392?s=96&d=mm&r=g\",\"contentUrl\":\"https:\\\/\\\/secure.gravatar.com\\\/avatar\\\/57de8e5d4b15d43fb361a71fbb36338450fe67865b528a43dd10ef7c51a20392?s=96&d=mm&r=g\",\"caption\":\"La Sentinelle\"},\"sameAs\":[\"http:\\\/\\\/www.lasentinelle.dz\"],\"url\":\"https:\\\/\\\/lasentinelle.dz\\\/author\\\/redaction\\\/\"}]}<\/script>\n<!-- \/ Yoast SEO plugin. -->","yoast_head_json":{"title":"La loi de finances compl\u00e9mentaire a \u00e9t\u00e9 adopt\u00e9e en Conseil des ministres\u00a0:\u00a0Quels \u00e9quilibres budg\u00e9taires ? - La Sentinelle","robots":{"index":"index","follow":"follow","max-snippet":"max-snippet:-1","max-image-preview":"max-image-preview:large","max-video-preview":"max-video-preview:-1"},"canonical":"https:\/\/lasentinelle.dz\/index.php\/2022\/07\/18\/la-loi-de-finances-complementaires-a-ete-adoptee-en-conseil-des-ministres-quels-equilibres-budgetaires\/","og_locale":"fr_FR","og_type":"article","og_title":"La loi de finances compl\u00e9mentaire a \u00e9t\u00e9 adopt\u00e9e en Conseil des ministres\u00a0:\u00a0Quels \u00e9quilibres budg\u00e9taires ? - La Sentinelle","og_description":"La loi de finances compl\u00e9mentaire 2022 a \u00e9t\u00e9 adopt\u00e9e, hier, en Conseil des ministres. Le texte qui rectifie la trajectoire","og_url":"https:\/\/lasentinelle.dz\/index.php\/2022\/07\/18\/la-loi-de-finances-complementaires-a-ete-adoptee-en-conseil-des-ministres-quels-equilibres-budgetaires\/","og_site_name":"La Sentinelle","article_publisher":"https:\/\/www.facebook.com\/La-Sentinelle-104059864394773","article_published_time":"2022-07-17T23:05:00+00:00","og_image":[{"width":1351,"height":900,"url":"https:\/\/lasentinelle.dz\/wp-content\/uploads\/2021\/12\/tebboune-conseil.png","type":"image\/png"}],"author":"La Sentinelle","twitter_card":"summary_large_image","twitter_misc":{"\u00c9crit par":"La Sentinelle","Dur\u00e9e de lecture estim\u00e9e":"5 minutes"},"schema":{"@context":"https:\/\/schema.org","@graph":[{"@type":"Article","@id":"https:\/\/lasentinelle.dz\/index.php\/2022\/07\/18\/la-loi-de-finances-complementaires-a-ete-adoptee-en-conseil-des-ministres-quels-equilibres-budgetaires\/#article","isPartOf":{"@id":"https:\/\/lasentinelle.dz\/index.php\/2022\/07\/18\/la-loi-de-finances-complementaires-a-ete-adoptee-en-conseil-des-ministres-quels-equilibres-budgetaires\/"},"author":{"name":"La Sentinelle","@id":"https:\/\/lasentinelle.dz\/#\/schema\/person\/d865044e22e70a75174ce8bcad3acfb3"},"headline":"La loi de finances compl\u00e9mentaire a \u00e9t\u00e9 adopt\u00e9e en Conseil des ministres\u00a0:\u00a0Quels \u00e9quilibres budg\u00e9taires ?","datePublished":"2022-07-17T23:05:00+00:00","mainEntityOfPage":{"@id":"https:\/\/lasentinelle.dz\/index.php\/2022\/07\/18\/la-loi-de-finances-complementaires-a-ete-adoptee-en-conseil-des-ministres-quels-equilibres-budgetaires\/"},"wordCount":985,"commentCount":0,"publisher":{"@id":"https:\/\/lasentinelle.dz\/#organization"},"image":{"@id":"https:\/\/lasentinelle.dz\/index.php\/2022\/07\/18\/la-loi-de-finances-complementaires-a-ete-adoptee-en-conseil-des-ministres-quels-equilibres-budgetaires\/#primaryimage"},"thumbnailUrl":"https:\/\/lasentinelle.dz\/wp-content\/uploads\/2021\/12\/tebboune-conseil.png","articleSection":["\u00c0 la Une","Actualit\u00e9"],"inLanguage":"fr-FR","potentialAction":[{"@type":"CommentAction","name":"Comment","target":["https:\/\/lasentinelle.dz\/index.php\/2022\/07\/18\/la-loi-de-finances-complementaires-a-ete-adoptee-en-conseil-des-ministres-quels-equilibres-budgetaires\/#respond"]}]},{"@type":"WebPage","@id":"https:\/\/lasentinelle.dz\/index.php\/2022\/07\/18\/la-loi-de-finances-complementaires-a-ete-adoptee-en-conseil-des-ministres-quels-equilibres-budgetaires\/","url":"https:\/\/lasentinelle.dz\/index.php\/2022\/07\/18\/la-loi-de-finances-complementaires-a-ete-adoptee-en-conseil-des-ministres-quels-equilibres-budgetaires\/","name":"La loi de finances compl\u00e9mentaire a \u00e9t\u00e9 adopt\u00e9e en Conseil des ministres\u00a0:\u00a0Quels \u00e9quilibres budg\u00e9taires ? - La Sentinelle","isPartOf":{"@id":"https:\/\/lasentinelle.dz\/#website"},"primaryImageOfPage":{"@id":"https:\/\/lasentinelle.dz\/index.php\/2022\/07\/18\/la-loi-de-finances-complementaires-a-ete-adoptee-en-conseil-des-ministres-quels-equilibres-budgetaires\/#primaryimage"},"image":{"@id":"https:\/\/lasentinelle.dz\/index.php\/2022\/07\/18\/la-loi-de-finances-complementaires-a-ete-adoptee-en-conseil-des-ministres-quels-equilibres-budgetaires\/#primaryimage"},"thumbnailUrl":"https:\/\/lasentinelle.dz\/wp-content\/uploads\/2021\/12\/tebboune-conseil.png","datePublished":"2022-07-17T23:05:00+00:00","breadcrumb":{"@id":"https:\/\/lasentinelle.dz\/index.php\/2022\/07\/18\/la-loi-de-finances-complementaires-a-ete-adoptee-en-conseil-des-ministres-quels-equilibres-budgetaires\/#breadcrumb"},"inLanguage":"fr-FR","potentialAction":[{"@type":"ReadAction","target":["https:\/\/lasentinelle.dz\/index.php\/2022\/07\/18\/la-loi-de-finances-complementaires-a-ete-adoptee-en-conseil-des-ministres-quels-equilibres-budgetaires\/"]}]},{"@type":"ImageObject","inLanguage":"fr-FR","@id":"https:\/\/lasentinelle.dz\/index.php\/2022\/07\/18\/la-loi-de-finances-complementaires-a-ete-adoptee-en-conseil-des-ministres-quels-equilibres-budgetaires\/#primaryimage","url":"https:\/\/lasentinelle.dz\/wp-content\/uploads\/2021\/12\/tebboune-conseil.png","contentUrl":"https:\/\/lasentinelle.dz\/wp-content\/uploads\/2021\/12\/tebboune-conseil.png","width":1351,"height":900},{"@type":"BreadcrumbList","@id":"https:\/\/lasentinelle.dz\/index.php\/2022\/07\/18\/la-loi-de-finances-complementaires-a-ete-adoptee-en-conseil-des-ministres-quels-equilibres-budgetaires\/#breadcrumb","itemListElement":[{"@type":"ListItem","position":1,"name":"Accueil","item":"https:\/\/lasentinelle.dz\/"},{"@type":"ListItem","position":2,"name":"La loi de finances compl\u00e9mentaire a \u00e9t\u00e9 adopt\u00e9e en Conseil des ministres\u00a0:\u00a0Quels \u00e9quilibres budg\u00e9taires ?"}]},{"@type":"WebSite","@id":"https:\/\/lasentinelle.dz\/#website","url":"https:\/\/lasentinelle.dz\/","name":"La Sentinelle","description":"Quotidien national d&#039;information","publisher":{"@id":"https:\/\/lasentinelle.dz\/#organization"},"potentialAction":[{"@type":"SearchAction","target":{"@type":"EntryPoint","urlTemplate":"https:\/\/lasentinelle.dz\/?s={search_term_string}"},"query-input":{"@type":"PropertyValueSpecification","valueRequired":true,"valueName":"search_term_string"}}],"inLanguage":"fr-FR"},{"@type":"Organization","@id":"https:\/\/lasentinelle.dz\/#organization","name":"Quotidien La Sentinelle","url":"https:\/\/lasentinelle.dz\/","logo":{"@type":"ImageObject","inLanguage":"fr-FR","@id":"https:\/\/lasentinelle.dz\/#\/schema\/logo\/image\/","url":"https:\/\/lasentinelle.dz\/wp-content\/uploads\/2021\/09\/logo-sentinelleSLOGAN-1.png","contentUrl":"https:\/\/lasentinelle.dz\/wp-content\/uploads\/2021\/09\/logo-sentinelleSLOGAN-1.png","width":615,"height":142,"caption":"Quotidien La Sentinelle"},"image":{"@id":"https:\/\/lasentinelle.dz\/#\/schema\/logo\/image\/"},"sameAs":["https:\/\/www.facebook.com\/La-Sentinelle-104059864394773"]},{"@type":"Person","@id":"https:\/\/lasentinelle.dz\/#\/schema\/person\/d865044e22e70a75174ce8bcad3acfb3","name":"La Sentinelle","image":{"@type":"ImageObject","inLanguage":"fr-FR","@id":"https:\/\/secure.gravatar.com\/avatar\/57de8e5d4b15d43fb361a71fbb36338450fe67865b528a43dd10ef7c51a20392?s=96&d=mm&r=g","url":"https:\/\/secure.gravatar.com\/avatar\/57de8e5d4b15d43fb361a71fbb36338450fe67865b528a43dd10ef7c51a20392?s=96&d=mm&r=g","contentUrl":"https:\/\/secure.gravatar.com\/avatar\/57de8e5d4b15d43fb361a71fbb36338450fe67865b528a43dd10ef7c51a20392?s=96&d=mm&r=g","caption":"La Sentinelle"},"sameAs":["http:\/\/www.lasentinelle.dz"],"url":"https:\/\/lasentinelle.dz\/author\/redaction\/"}]}},"_links":{"self":[{"href":"https:\/\/lasentinelle.dz\/index.php\/wp-json\/wp\/v2\/posts\/24277","targetHints":{"allow":["GET"]}}],"collection":[{"href":"https:\/\/lasentinelle.dz\/index.php\/wp-json\/wp\/v2\/posts"}],"about":[{"href":"https:\/\/lasentinelle.dz\/index.php\/wp-json\/wp\/v2\/types\/post"}],"author":[{"embeddable":true,"href":"https:\/\/lasentinelle.dz\/index.php\/wp-json\/wp\/v2\/users\/3"}],"replies":[{"embeddable":true,"href":"https:\/\/lasentinelle.dz\/index.php\/wp-json\/wp\/v2\/comments?post=24277"}],"version-history":[{"count":2,"href":"https:\/\/lasentinelle.dz\/index.php\/wp-json\/wp\/v2\/posts\/24277\/revisions"}],"predecessor-version":[{"id":24286,"href":"https:\/\/lasentinelle.dz\/index.php\/wp-json\/wp\/v2\/posts\/24277\/revisions\/24286"}],"wp:featuredmedia":[{"embeddable":true,"href":"https:\/\/lasentinelle.dz\/index.php\/wp-json\/wp\/v2\/media\/14732"}],"wp:attachment":[{"href":"https:\/\/lasentinelle.dz\/index.php\/wp-json\/wp\/v2\/media?parent=24277"}],"wp:term":[{"taxonomy":"category","embeddable":true,"href":"https:\/\/lasentinelle.dz\/index.php\/wp-json\/wp\/v2\/categories?post=24277"},{"taxonomy":"post_tag","embeddable":true,"href":"https:\/\/lasentinelle.dz\/index.php\/wp-json\/wp\/v2\/tags?post=24277"}],"curies":[{"name":"wp","href":"https:\/\/api.w.org\/{rel}","templated":true}]}}