{"id":24334,"date":"2022-07-19T00:05:00","date_gmt":"2022-07-18T23:05:00","guid":{"rendered":"https:\/\/lasentinelle.dz\/?p=24334"},"modified":"2022-07-18T19:39:26","modified_gmt":"2022-07-18T18:39:26","slug":"une-note-de-linstitut-pasteur-donne-lalerte-un-nouveau-sous-variant-domicron-se-propage-en-algerie","status":"publish","type":"post","link":"https:\/\/lasentinelle.dz\/index.php\/2022\/07\/19\/une-note-de-linstitut-pasteur-donne-lalerte-un-nouveau-sous-variant-domicron-se-propage-en-algerie\/","title":{"rendered":"Une note de l\u2019Institut Pasteur donne l\u2019alerte\u00a0: Un nouveau sous-variant d\u2019Omicron se propage en Alg\u00e9rie"},"content":{"rendered":"\n<p>Le nombre de contaminations au covid-19 est reparti \u00e0 la hausse ces derniers jours. M\u00eame si la situation sanitaire reste stable et ma\u00eetris\u00e9e, cela n\u2019emp\u00eache pas les experts de s\u2019inqui\u00e9ter. Dans ce contexte, l\u2019Institut Pasteur d\u2019Alg\u00e9rie a alert\u00e9 dimanche soir quant \u00e0 la propagation d\u2019un nouveau sous-variant d\u2019Omicron en Alg\u00e9rie.&nbsp;<\/p>\n\n\n\n<p>Le r\u00e9seau de s\u00e9quen\u00e7age Seq Alg\u00a0\u00bb de l\u2019Institut Pasteur d\u2019Alg\u00e9rie&nbsp;a annonc\u00e9 dans un communiqu\u00e9&nbsp;\u00abla d\u00e9tection,&nbsp;&nbsp;depuis le mois juin, d\u2019un nouveau sous-variant d\u2019Omicron, le BA5, dans certaines wilayas\u00bb. \u00abIl a progressivement remplac\u00e9 le sous-variant BA2 qui circulait jusque-l\u00e0 \u00bb, indiqu\u00e9 la m\u00eame source, rappelant qu\u2019\u00e0&nbsp;la suite de la vague du mois de janvier dernier, due \u00e0 la circulation du variant Omicron et notamment le sous-variant BA1 puis le sous-variant BA2, un d\u00e9clin de l\u2019activit\u00e9 virale a \u00e9t\u00e9 enregistr\u00e9, ce qui a engendr\u00e9 une accalmie notable au niveau des structures de sant\u00e9 \u00e0 travers le pays \u00bb. L\u2019IPA met, toutefois, en avant&nbsp;\u00abl\u2019augmentation de l\u2019intensit\u00e9 de circulation du BA5 \u00e0 partir de la semaine du 03 juillet&nbsp;laquelle&nbsp;a \u00e9t\u00e9 corr\u00e9l\u00e9e \u00e0 une l\u00e9g\u00e8re hausse des cas de Covid-19, au cours de ce mois tel qu\u2019observ\u00e9 dans les pays o\u00f9 la circulation de ce sous-variant est en cours\u00bb. \u00abIl n\u2019est pas surprenant de constater une augmentation des cas dans les prochains jours, cela fait partie du cycle d\u2019\u00e9volution des virus \u00bb,&nbsp;explique l\u2019IPA qui pr\u00e9cise&nbsp;que \u00able BA5 est un sous-variant issu de mutations du variant Omicron, qui semble \u00e9voluer plus par un m\u00e9canisme d\u2019\u00e9chappement immunitaire \u00bb. Et&nbsp;d\u2019ajouter&nbsp;que sous variant \u00abpr\u00e9sente un taux de transmission plus \u00e9lev\u00e9 que ses pr\u00e9d\u00e9cesseurs\u00bb. Les signes cliniques les plus fr\u00e9quents \u00e9voqu\u00e9s en cas d&rsquo;infection par ce sous-variant sont la fatigue, la toux, la fi\u00e8vre et les maux de gorge et de t\u00eate avec une dur\u00e9e des sympt\u00f4mes plus longue, qui peuvent mettre de 7 jusqu\u2019\u00e0 10 jours pour dispara\u00eetre, explique t-on.&nbsp;<\/p>\n\n\n\n<p><strong>La pand\u00e9mie est loin d\u2019\u00eatre termin\u00e9e<\/strong><\/p>\n\n\n\n<p>L\u2019Institut Pasteur&nbsp;d\u2019Alg\u00e9rie&nbsp;indique que les personnes infect\u00e9es par les pr\u00e9c\u00e9dents sous-variants d\u2019Omicron (BA1 et BA2) peuvent \u00eatre contamin\u00e9es une deuxi\u00e8me fois par le sous-variant BA5.&nbsp;Il&nbsp;rappelle que \u00abla pand\u00e9mie est loin d\u2019\u00eatre termin\u00e9e comme on peut le constater par l\u2019apparition d\u2019autres sous-variants, sous \u00e9troite surveillance (comme avec le BA.2.75, un descendant du BA2 en Inde). Appelant pour \u00abla n\u00e9cessit\u00e9 de rester vigilants et d\u2019observer les mesures du protocole sanitaire adopt\u00e9 depuis le d\u00e9but de la pand\u00e9mie Covid-19 \u00bb, l\u2019Institut Pasteur annonce que \u00abdes informations scientifiques suppl\u00e9mentaires seront communiqu\u00e9es sur ce sous-variant au cours des semaines \u00e0 venir\u00bb.<\/p>\n\n\n\n<p>De son c\u00f4t\u00e9&nbsp;le Pr.&nbsp;Riad Mahyaoui, membre du Comit\u00e9 scientifique de suivi de la pand\u00e9mie&nbsp;a&nbsp;&nbsp;&nbsp;&nbsp;pr\u00e9venu que \u00abla pand\u00e9mie du Covid 19 n&rsquo;est s\u00fbrement pas finie, comme l\u2019a affirm\u00e9 d\u2019ailleurs l\u2019organisation mondiale de la sant\u00e9 (OMS)\u00bb. \u00abActuellement, la situation sanitaire est sous control \u00bb, a-t-il expliqu\u00e9,&nbsp;dimanche sur les ondes de la deuxi\u00e8me cha\u00eene de la Radio alg\u00e9rienne. S\u2019il rappelle&nbsp;qu\u2019\u00abon est donc tr\u00e8s \u00e0 l\u2019aise, malgr\u00e9 une l\u00e9g\u00e8re hausse des cas ces derniers jours\u00bb, il souligne qu\u2019\u00abil&nbsp;faut rester prudent\u00bb. \u00abMalgr\u00e9 la baisse des cas depuis janvier dernier,&nbsp;le Comit\u00e9 scientifique charg\u00e9 du suivi et de l\u2019\u00e9volution de l\u2019\u00e9pid\u00e9mie Covid 19 n\u2019a jamais cess\u00e9 de travailler et d\u2019\u00e9tablir le bilan des contaminations dans les 58 wilayas&nbsp;du pays&nbsp;\u00bb rappelle-t-il,&nbsp;en pr\u00e9cisant que&nbsp;\u00ab&nbsp;l&rsquo;Alg\u00e9rie aura globalement bien g\u00e9r\u00e9&nbsp;la pand\u00e9mie\u00bb.<\/p>\n\n\n\n<p><strong>Salim Abdenour<\/strong><\/p>\n","protected":false},"excerpt":{"rendered":"<p>Le nombre de contaminations au covid-19 est reparti \u00e0 la hausse ces derniers jours. M\u00eame si la situation sanitaire reste<\/p>\n","protected":false},"author":3,"featured_media":15504,"comment_status":"open","ping_status":"closed","sticky":false,"template":"","format":"standard","meta":{"colormag_page_container_layout":"default_layout","colormag_page_sidebar_layout":"default_layout","om_disable_all_campaigns":false,"_monsterinsights_skip_tracking":false,"_monsterinsights_sitenote_active":false,"_monsterinsights_sitenote_note":"","_monsterinsights_sitenote_category":0,"footnotes":"","_wpscppro_dont_share_socialmedia":false,"_wpscppro_custom_social_share_image":0,"_facebook_share_type":"","_twitter_share_type":"","_linkedin_share_type":"","_pinterest_share_type":"","_linkedin_share_type_page":"","_instagram_share_type":"","_medium_share_type":"","_threads_share_type":"","_google_business_share_type":"","_selected_social_profile":[],"_wpsp_enable_custom_social_template":false,"_wpsp_social_scheduling":{"enabled":false,"datetime":null,"platforms":[],"status":"template_only","dateOption":"today","timeOption":"now","customDays":"","customHours":"","customDate":"","customTime":"","schedulingType":"absolute"},"_wpsp_active_default_template":true},"categories":[52,27],"tags":[],"class_list":["post-24334","post","type-post","status-publish","format-standard","has-post-thumbnail","hentry","category-a-la-une","category-actualite"],"aioseo_notices":[],"yoast_head":"<!-- This site is optimized with the Yoast SEO plugin v27.5 - https:\/\/yoast.com\/product\/yoast-seo-wordpress\/ -->\n<title>Une note de l\u2019Institut Pasteur donne l\u2019alerte\u00a0: Un nouveau sous-variant d\u2019Omicron se propage en Alg\u00e9rie - La Sentinelle<\/title>\n<meta name=\"robots\" content=\"index, follow, max-snippet:-1, max-image-preview:large, max-video-preview:-1\" \/>\n<link rel=\"canonical\" href=\"https:\/\/lasentinelle.dz\/index.php\/2022\/07\/19\/une-note-de-linstitut-pasteur-donne-lalerte-un-nouveau-sous-variant-domicron-se-propage-en-algerie\/\" \/>\n<meta property=\"og:locale\" content=\"fr_FR\" \/>\n<meta property=\"og:type\" content=\"article\" \/>\n<meta property=\"og:title\" content=\"Une note de l\u2019Institut Pasteur donne l\u2019alerte\u00a0: Un nouveau sous-variant d\u2019Omicron se propage en Alg\u00e9rie - La Sentinelle\" \/>\n<meta property=\"og:description\" content=\"Le nombre de contaminations au covid-19 est reparti \u00e0 la hausse ces derniers jours. M\u00eame si la situation sanitaire reste\" \/>\n<meta property=\"og:url\" content=\"https:\/\/lasentinelle.dz\/index.php\/2022\/07\/19\/une-note-de-linstitut-pasteur-donne-lalerte-un-nouveau-sous-variant-domicron-se-propage-en-algerie\/\" \/>\n<meta property=\"og:site_name\" content=\"La Sentinelle\" \/>\n<meta property=\"article:publisher\" content=\"https:\/\/www.facebook.com\/La-Sentinelle-104059864394773\" \/>\n<meta property=\"article:published_time\" content=\"2022-07-18T23:05:00+00:00\" \/>\n<meta property=\"og:image\" content=\"https:\/\/lasentinelle.dz\/wp-content\/uploads\/2021\/12\/institut-pasteur-dalgerie.png\" \/>\n\t<meta property=\"og:image:width\" content=\"1491\" \/>\n\t<meta property=\"og:image:height\" content=\"900\" \/>\n\t<meta property=\"og:image:type\" content=\"image\/png\" \/>\n<meta name=\"author\" content=\"La Sentinelle\" \/>\n<meta name=\"twitter:card\" content=\"summary_large_image\" \/>\n<meta name=\"twitter:label1\" content=\"\u00c9crit par\" \/>\n\t<meta name=\"twitter:data1\" content=\"La Sentinelle\" \/>\n\t<meta name=\"twitter:label2\" content=\"Dur\u00e9e de lecture estim\u00e9e\" \/>\n\t<meta name=\"twitter:data2\" content=\"3 minutes\" \/>\n<script type=\"application\/ld+json\" class=\"yoast-schema-graph\">{\"@context\":\"https:\\\/\\\/schema.org\",\"@graph\":[{\"@type\":\"Article\",\"@id\":\"https:\\\/\\\/lasentinelle.dz\\\/index.php\\\/2022\\\/07\\\/19\\\/une-note-de-linstitut-pasteur-donne-lalerte-un-nouveau-sous-variant-domicron-se-propage-en-algerie\\\/#article\",\"isPartOf\":{\"@id\":\"https:\\\/\\\/lasentinelle.dz\\\/index.php\\\/2022\\\/07\\\/19\\\/une-note-de-linstitut-pasteur-donne-lalerte-un-nouveau-sous-variant-domicron-se-propage-en-algerie\\\/\"},\"author\":{\"name\":\"La Sentinelle\",\"@id\":\"https:\\\/\\\/lasentinelle.dz\\\/#\\\/schema\\\/person\\\/d865044e22e70a75174ce8bcad3acfb3\"},\"headline\":\"Une note de l\u2019Institut Pasteur donne l\u2019alerte\u00a0: Un nouveau sous-variant d\u2019Omicron se propage en Alg\u00e9rie\",\"datePublished\":\"2022-07-18T23:05:00+00:00\",\"mainEntityOfPage\":{\"@id\":\"https:\\\/\\\/lasentinelle.dz\\\/index.php\\\/2022\\\/07\\\/19\\\/une-note-de-linstitut-pasteur-donne-lalerte-un-nouveau-sous-variant-domicron-se-propage-en-algerie\\\/\"},\"wordCount\":688,\"commentCount\":0,\"publisher\":{\"@id\":\"https:\\\/\\\/lasentinelle.dz\\\/#organization\"},\"image\":{\"@id\":\"https:\\\/\\\/lasentinelle.dz\\\/index.php\\\/2022\\\/07\\\/19\\\/une-note-de-linstitut-pasteur-donne-lalerte-un-nouveau-sous-variant-domicron-se-propage-en-algerie\\\/#primaryimage\"},\"thumbnailUrl\":\"https:\\\/\\\/lasentinelle.dz\\\/wp-content\\\/uploads\\\/2021\\\/12\\\/institut-pasteur-dalgerie.png\",\"articleSection\":[\"\u00c0 la Une\",\"Actualit\u00e9\"],\"inLanguage\":\"fr-FR\",\"potentialAction\":[{\"@type\":\"CommentAction\",\"name\":\"Comment\",\"target\":[\"https:\\\/\\\/lasentinelle.dz\\\/index.php\\\/2022\\\/07\\\/19\\\/une-note-de-linstitut-pasteur-donne-lalerte-un-nouveau-sous-variant-domicron-se-propage-en-algerie\\\/#respond\"]}]},{\"@type\":\"WebPage\",\"@id\":\"https:\\\/\\\/lasentinelle.dz\\\/index.php\\\/2022\\\/07\\\/19\\\/une-note-de-linstitut-pasteur-donne-lalerte-un-nouveau-sous-variant-domicron-se-propage-en-algerie\\\/\",\"url\":\"https:\\\/\\\/lasentinelle.dz\\\/index.php\\\/2022\\\/07\\\/19\\\/une-note-de-linstitut-pasteur-donne-lalerte-un-nouveau-sous-variant-domicron-se-propage-en-algerie\\\/\",\"name\":\"Une note de l\u2019Institut Pasteur donne l\u2019alerte\u00a0: Un nouveau sous-variant d\u2019Omicron se propage en Alg\u00e9rie - La Sentinelle\",\"isPartOf\":{\"@id\":\"https:\\\/\\\/lasentinelle.dz\\\/#website\"},\"primaryImageOfPage\":{\"@id\":\"https:\\\/\\\/lasentinelle.dz\\\/index.php\\\/2022\\\/07\\\/19\\\/une-note-de-linstitut-pasteur-donne-lalerte-un-nouveau-sous-variant-domicron-se-propage-en-algerie\\\/#primaryimage\"},\"image\":{\"@id\":\"https:\\\/\\\/lasentinelle.dz\\\/index.php\\\/2022\\\/07\\\/19\\\/une-note-de-linstitut-pasteur-donne-lalerte-un-nouveau-sous-variant-domicron-se-propage-en-algerie\\\/#primaryimage\"},\"thumbnailUrl\":\"https:\\\/\\\/lasentinelle.dz\\\/wp-content\\\/uploads\\\/2021\\\/12\\\/institut-pasteur-dalgerie.png\",\"datePublished\":\"2022-07-18T23:05:00+00:00\",\"breadcrumb\":{\"@id\":\"https:\\\/\\\/lasentinelle.dz\\\/index.php\\\/2022\\\/07\\\/19\\\/une-note-de-linstitut-pasteur-donne-lalerte-un-nouveau-sous-variant-domicron-se-propage-en-algerie\\\/#breadcrumb\"},\"inLanguage\":\"fr-FR\",\"potentialAction\":[{\"@type\":\"ReadAction\",\"target\":[\"https:\\\/\\\/lasentinelle.dz\\\/index.php\\\/2022\\\/07\\\/19\\\/une-note-de-linstitut-pasteur-donne-lalerte-un-nouveau-sous-variant-domicron-se-propage-en-algerie\\\/\"]}]},{\"@type\":\"ImageObject\",\"inLanguage\":\"fr-FR\",\"@id\":\"https:\\\/\\\/lasentinelle.dz\\\/index.php\\\/2022\\\/07\\\/19\\\/une-note-de-linstitut-pasteur-donne-lalerte-un-nouveau-sous-variant-domicron-se-propage-en-algerie\\\/#primaryimage\",\"url\":\"https:\\\/\\\/lasentinelle.dz\\\/wp-content\\\/uploads\\\/2021\\\/12\\\/institut-pasteur-dalgerie.png\",\"contentUrl\":\"https:\\\/\\\/lasentinelle.dz\\\/wp-content\\\/uploads\\\/2021\\\/12\\\/institut-pasteur-dalgerie.png\",\"width\":1491,\"height\":900},{\"@type\":\"BreadcrumbList\",\"@id\":\"https:\\\/\\\/lasentinelle.dz\\\/index.php\\\/2022\\\/07\\\/19\\\/une-note-de-linstitut-pasteur-donne-lalerte-un-nouveau-sous-variant-domicron-se-propage-en-algerie\\\/#breadcrumb\",\"itemListElement\":[{\"@type\":\"ListItem\",\"position\":1,\"name\":\"Accueil\",\"item\":\"https:\\\/\\\/lasentinelle.dz\\\/\"},{\"@type\":\"ListItem\",\"position\":2,\"name\":\"Une note de l\u2019Institut Pasteur donne l\u2019alerte\u00a0: Un nouveau sous-variant d\u2019Omicron se propage en Alg\u00e9rie\"}]},{\"@type\":\"WebSite\",\"@id\":\"https:\\\/\\\/lasentinelle.dz\\\/#website\",\"url\":\"https:\\\/\\\/lasentinelle.dz\\\/\",\"name\":\"La Sentinelle\",\"description\":\"Quotidien national d&#039;information\",\"publisher\":{\"@id\":\"https:\\\/\\\/lasentinelle.dz\\\/#organization\"},\"potentialAction\":[{\"@type\":\"SearchAction\",\"target\":{\"@type\":\"EntryPoint\",\"urlTemplate\":\"https:\\\/\\\/lasentinelle.dz\\\/?s={search_term_string}\"},\"query-input\":{\"@type\":\"PropertyValueSpecification\",\"valueRequired\":true,\"valueName\":\"search_term_string\"}}],\"inLanguage\":\"fr-FR\"},{\"@type\":\"Organization\",\"@id\":\"https:\\\/\\\/lasentinelle.dz\\\/#organization\",\"name\":\"Quotidien La Sentinelle\",\"url\":\"https:\\\/\\\/lasentinelle.dz\\\/\",\"logo\":{\"@type\":\"ImageObject\",\"inLanguage\":\"fr-FR\",\"@id\":\"https:\\\/\\\/lasentinelle.dz\\\/#\\\/schema\\\/logo\\\/image\\\/\",\"url\":\"https:\\\/\\\/lasentinelle.dz\\\/wp-content\\\/uploads\\\/2021\\\/09\\\/logo-sentinelleSLOGAN-1.png\",\"contentUrl\":\"https:\\\/\\\/lasentinelle.dz\\\/wp-content\\\/uploads\\\/2021\\\/09\\\/logo-sentinelleSLOGAN-1.png\",\"width\":615,\"height\":142,\"caption\":\"Quotidien La Sentinelle\"},\"image\":{\"@id\":\"https:\\\/\\\/lasentinelle.dz\\\/#\\\/schema\\\/logo\\\/image\\\/\"},\"sameAs\":[\"https:\\\/\\\/www.facebook.com\\\/La-Sentinelle-104059864394773\"]},{\"@type\":\"Person\",\"@id\":\"https:\\\/\\\/lasentinelle.dz\\\/#\\\/schema\\\/person\\\/d865044e22e70a75174ce8bcad3acfb3\",\"name\":\"La Sentinelle\",\"image\":{\"@type\":\"ImageObject\",\"inLanguage\":\"fr-FR\",\"@id\":\"https:\\\/\\\/secure.gravatar.com\\\/avatar\\\/57de8e5d4b15d43fb361a71fbb36338450fe67865b528a43dd10ef7c51a20392?s=96&d=mm&r=g\",\"url\":\"https:\\\/\\\/secure.gravatar.com\\\/avatar\\\/57de8e5d4b15d43fb361a71fbb36338450fe67865b528a43dd10ef7c51a20392?s=96&d=mm&r=g\",\"contentUrl\":\"https:\\\/\\\/secure.gravatar.com\\\/avatar\\\/57de8e5d4b15d43fb361a71fbb36338450fe67865b528a43dd10ef7c51a20392?s=96&d=mm&r=g\",\"caption\":\"La Sentinelle\"},\"sameAs\":[\"http:\\\/\\\/www.lasentinelle.dz\"],\"url\":\"https:\\\/\\\/lasentinelle.dz\\\/author\\\/redaction\\\/\"}]}<\/script>\n<!-- \/ Yoast SEO plugin. -->","yoast_head_json":{"title":"Une note de l\u2019Institut Pasteur donne l\u2019alerte\u00a0: Un nouveau sous-variant d\u2019Omicron se propage en Alg\u00e9rie - La Sentinelle","robots":{"index":"index","follow":"follow","max-snippet":"max-snippet:-1","max-image-preview":"max-image-preview:large","max-video-preview":"max-video-preview:-1"},"canonical":"https:\/\/lasentinelle.dz\/index.php\/2022\/07\/19\/une-note-de-linstitut-pasteur-donne-lalerte-un-nouveau-sous-variant-domicron-se-propage-en-algerie\/","og_locale":"fr_FR","og_type":"article","og_title":"Une note de l\u2019Institut Pasteur donne l\u2019alerte\u00a0: Un nouveau sous-variant d\u2019Omicron se propage en Alg\u00e9rie - La Sentinelle","og_description":"Le nombre de contaminations au covid-19 est reparti \u00e0 la hausse ces derniers jours. M\u00eame si la situation sanitaire reste","og_url":"https:\/\/lasentinelle.dz\/index.php\/2022\/07\/19\/une-note-de-linstitut-pasteur-donne-lalerte-un-nouveau-sous-variant-domicron-se-propage-en-algerie\/","og_site_name":"La Sentinelle","article_publisher":"https:\/\/www.facebook.com\/La-Sentinelle-104059864394773","article_published_time":"2022-07-18T23:05:00+00:00","og_image":[{"width":1491,"height":900,"url":"https:\/\/lasentinelle.dz\/wp-content\/uploads\/2021\/12\/institut-pasteur-dalgerie.png","type":"image\/png"}],"author":"La Sentinelle","twitter_card":"summary_large_image","twitter_misc":{"\u00c9crit par":"La Sentinelle","Dur\u00e9e de lecture estim\u00e9e":"3 minutes"},"schema":{"@context":"https:\/\/schema.org","@graph":[{"@type":"Article","@id":"https:\/\/lasentinelle.dz\/index.php\/2022\/07\/19\/une-note-de-linstitut-pasteur-donne-lalerte-un-nouveau-sous-variant-domicron-se-propage-en-algerie\/#article","isPartOf":{"@id":"https:\/\/lasentinelle.dz\/index.php\/2022\/07\/19\/une-note-de-linstitut-pasteur-donne-lalerte-un-nouveau-sous-variant-domicron-se-propage-en-algerie\/"},"author":{"name":"La Sentinelle","@id":"https:\/\/lasentinelle.dz\/#\/schema\/person\/d865044e22e70a75174ce8bcad3acfb3"},"headline":"Une note de l\u2019Institut Pasteur donne l\u2019alerte\u00a0: Un nouveau sous-variant d\u2019Omicron se propage en Alg\u00e9rie","datePublished":"2022-07-18T23:05:00+00:00","mainEntityOfPage":{"@id":"https:\/\/lasentinelle.dz\/index.php\/2022\/07\/19\/une-note-de-linstitut-pasteur-donne-lalerte-un-nouveau-sous-variant-domicron-se-propage-en-algerie\/"},"wordCount":688,"commentCount":0,"publisher":{"@id":"https:\/\/lasentinelle.dz\/#organization"},"image":{"@id":"https:\/\/lasentinelle.dz\/index.php\/2022\/07\/19\/une-note-de-linstitut-pasteur-donne-lalerte-un-nouveau-sous-variant-domicron-se-propage-en-algerie\/#primaryimage"},"thumbnailUrl":"https:\/\/lasentinelle.dz\/wp-content\/uploads\/2021\/12\/institut-pasteur-dalgerie.png","articleSection":["\u00c0 la Une","Actualit\u00e9"],"inLanguage":"fr-FR","potentialAction":[{"@type":"CommentAction","name":"Comment","target":["https:\/\/lasentinelle.dz\/index.php\/2022\/07\/19\/une-note-de-linstitut-pasteur-donne-lalerte-un-nouveau-sous-variant-domicron-se-propage-en-algerie\/#respond"]}]},{"@type":"WebPage","@id":"https:\/\/lasentinelle.dz\/index.php\/2022\/07\/19\/une-note-de-linstitut-pasteur-donne-lalerte-un-nouveau-sous-variant-domicron-se-propage-en-algerie\/","url":"https:\/\/lasentinelle.dz\/index.php\/2022\/07\/19\/une-note-de-linstitut-pasteur-donne-lalerte-un-nouveau-sous-variant-domicron-se-propage-en-algerie\/","name":"Une note de l\u2019Institut Pasteur donne l\u2019alerte\u00a0: Un nouveau sous-variant d\u2019Omicron se propage en Alg\u00e9rie - La Sentinelle","isPartOf":{"@id":"https:\/\/lasentinelle.dz\/#website"},"primaryImageOfPage":{"@id":"https:\/\/lasentinelle.dz\/index.php\/2022\/07\/19\/une-note-de-linstitut-pasteur-donne-lalerte-un-nouveau-sous-variant-domicron-se-propage-en-algerie\/#primaryimage"},"image":{"@id":"https:\/\/lasentinelle.dz\/index.php\/2022\/07\/19\/une-note-de-linstitut-pasteur-donne-lalerte-un-nouveau-sous-variant-domicron-se-propage-en-algerie\/#primaryimage"},"thumbnailUrl":"https:\/\/lasentinelle.dz\/wp-content\/uploads\/2021\/12\/institut-pasteur-dalgerie.png","datePublished":"2022-07-18T23:05:00+00:00","breadcrumb":{"@id":"https:\/\/lasentinelle.dz\/index.php\/2022\/07\/19\/une-note-de-linstitut-pasteur-donne-lalerte-un-nouveau-sous-variant-domicron-se-propage-en-algerie\/#breadcrumb"},"inLanguage":"fr-FR","potentialAction":[{"@type":"ReadAction","target":["https:\/\/lasentinelle.dz\/index.php\/2022\/07\/19\/une-note-de-linstitut-pasteur-donne-lalerte-un-nouveau-sous-variant-domicron-se-propage-en-algerie\/"]}]},{"@type":"ImageObject","inLanguage":"fr-FR","@id":"https:\/\/lasentinelle.dz\/index.php\/2022\/07\/19\/une-note-de-linstitut-pasteur-donne-lalerte-un-nouveau-sous-variant-domicron-se-propage-en-algerie\/#primaryimage","url":"https:\/\/lasentinelle.dz\/wp-content\/uploads\/2021\/12\/institut-pasteur-dalgerie.png","contentUrl":"https:\/\/lasentinelle.dz\/wp-content\/uploads\/2021\/12\/institut-pasteur-dalgerie.png","width":1491,"height":900},{"@type":"BreadcrumbList","@id":"https:\/\/lasentinelle.dz\/index.php\/2022\/07\/19\/une-note-de-linstitut-pasteur-donne-lalerte-un-nouveau-sous-variant-domicron-se-propage-en-algerie\/#breadcrumb","itemListElement":[{"@type":"ListItem","position":1,"name":"Accueil","item":"https:\/\/lasentinelle.dz\/"},{"@type":"ListItem","position":2,"name":"Une note de l\u2019Institut Pasteur donne l\u2019alerte\u00a0: Un nouveau sous-variant d\u2019Omicron se propage en Alg\u00e9rie"}]},{"@type":"WebSite","@id":"https:\/\/lasentinelle.dz\/#website","url":"https:\/\/lasentinelle.dz\/","name":"La Sentinelle","description":"Quotidien national d&#039;information","publisher":{"@id":"https:\/\/lasentinelle.dz\/#organization"},"potentialAction":[{"@type":"SearchAction","target":{"@type":"EntryPoint","urlTemplate":"https:\/\/lasentinelle.dz\/?s={search_term_string}"},"query-input":{"@type":"PropertyValueSpecification","valueRequired":true,"valueName":"search_term_string"}}],"inLanguage":"fr-FR"},{"@type":"Organization","@id":"https:\/\/lasentinelle.dz\/#organization","name":"Quotidien La Sentinelle","url":"https:\/\/lasentinelle.dz\/","logo":{"@type":"ImageObject","inLanguage":"fr-FR","@id":"https:\/\/lasentinelle.dz\/#\/schema\/logo\/image\/","url":"https:\/\/lasentinelle.dz\/wp-content\/uploads\/2021\/09\/logo-sentinelleSLOGAN-1.png","contentUrl":"https:\/\/lasentinelle.dz\/wp-content\/uploads\/2021\/09\/logo-sentinelleSLOGAN-1.png","width":615,"height":142,"caption":"Quotidien La Sentinelle"},"image":{"@id":"https:\/\/lasentinelle.dz\/#\/schema\/logo\/image\/"},"sameAs":["https:\/\/www.facebook.com\/La-Sentinelle-104059864394773"]},{"@type":"Person","@id":"https:\/\/lasentinelle.dz\/#\/schema\/person\/d865044e22e70a75174ce8bcad3acfb3","name":"La Sentinelle","image":{"@type":"ImageObject","inLanguage":"fr-FR","@id":"https:\/\/secure.gravatar.com\/avatar\/57de8e5d4b15d43fb361a71fbb36338450fe67865b528a43dd10ef7c51a20392?s=96&d=mm&r=g","url":"https:\/\/secure.gravatar.com\/avatar\/57de8e5d4b15d43fb361a71fbb36338450fe67865b528a43dd10ef7c51a20392?s=96&d=mm&r=g","contentUrl":"https:\/\/secure.gravatar.com\/avatar\/57de8e5d4b15d43fb361a71fbb36338450fe67865b528a43dd10ef7c51a20392?s=96&d=mm&r=g","caption":"La Sentinelle"},"sameAs":["http:\/\/www.lasentinelle.dz"],"url":"https:\/\/lasentinelle.dz\/author\/redaction\/"}]}},"_links":{"self":[{"href":"https:\/\/lasentinelle.dz\/index.php\/wp-json\/wp\/v2\/posts\/24334","targetHints":{"allow":["GET"]}}],"collection":[{"href":"https:\/\/lasentinelle.dz\/index.php\/wp-json\/wp\/v2\/posts"}],"about":[{"href":"https:\/\/lasentinelle.dz\/index.php\/wp-json\/wp\/v2\/types\/post"}],"author":[{"embeddable":true,"href":"https:\/\/lasentinelle.dz\/index.php\/wp-json\/wp\/v2\/users\/3"}],"replies":[{"embeddable":true,"href":"https:\/\/lasentinelle.dz\/index.php\/wp-json\/wp\/v2\/comments?post=24334"}],"version-history":[{"count":1,"href":"https:\/\/lasentinelle.dz\/index.php\/wp-json\/wp\/v2\/posts\/24334\/revisions"}],"predecessor-version":[{"id":24335,"href":"https:\/\/lasentinelle.dz\/index.php\/wp-json\/wp\/v2\/posts\/24334\/revisions\/24335"}],"wp:featuredmedia":[{"embeddable":true,"href":"https:\/\/lasentinelle.dz\/index.php\/wp-json\/wp\/v2\/media\/15504"}],"wp:attachment":[{"href":"https:\/\/lasentinelle.dz\/index.php\/wp-json\/wp\/v2\/media?parent=24334"}],"wp:term":[{"taxonomy":"category","embeddable":true,"href":"https:\/\/lasentinelle.dz\/index.php\/wp-json\/wp\/v2\/categories?post=24334"},{"taxonomy":"post_tag","embeddable":true,"href":"https:\/\/lasentinelle.dz\/index.php\/wp-json\/wp\/v2\/tags?post=24334"}],"curies":[{"name":"wp","href":"https:\/\/api.w.org\/{rel}","templated":true}]}}