{"id":24357,"date":"2022-07-19T00:01:00","date_gmt":"2022-07-18T23:01:00","guid":{"rendered":"https:\/\/lasentinelle.dz\/?p=24357"},"modified":"2022-07-18T20:59:02","modified_gmt":"2022-07-18T19:59:02","slug":"reglement-des-crises-en-libye-au-mali-et-au-sahara-occidental-tebboune-et-draghi-daccord-sur-lessentiel","status":"publish","type":"post","link":"https:\/\/lasentinelle.dz\/index.php\/2022\/07\/19\/reglement-des-crises-en-libye-au-mali-et-au-sahara-occidental-tebboune-et-draghi-daccord-sur-lessentiel\/","title":{"rendered":"R\u00e8glement des crises en Libye, au Mali et au Sahara Occidental\u00a0:\u00a0Tebboune et Draghi d\u2019accord sur l\u2019essentiel"},"content":{"rendered":"\n<p>Concernant la Libye, le&nbsp;Pr\u00e9sident Tebboune a expliqu\u00e9 que le r\u00e8glement de la crise passe par la construction d\u2019institutions l\u00e9gitimes qui seront le reflet de la volont\u00e9 du peuple libyen.<\/p>\n\n\n\n<p>Lors des discussions, hier \u00e0 Alger, entre le&nbsp;Pr\u00e9sident&nbsp;de la R\u00e9publique,&nbsp;Abdelmadjid Tebboune,&nbsp;et le pr\u00e9sident du Conseil des ministres italien, Mario Draghi, il n\u2019a pas \u00e9t\u00e9 question uniquement de gaz, de coop\u00e9ration industrielle et de business. Comme il fallait s\u2019y attendre, les deux responsables ont longuement fait le point sur la situation s\u00e9curitaire en M\u00e9diterran\u00e9e et au Sahel. L\u2019occasion a ainsi \u00e9t\u00e9 donn\u00e9e au&nbsp;Pr\u00e9sident Abdelmadjid Tebboune de r\u00e9it\u00e9rer la position de l\u2019Alg\u00e9rie vis-\u00e0-vis de la crise libyenne, de la situation au Mali et du conflit du Sahara Occidental. Le&nbsp;Pr\u00e9sident de la R\u00e9publique&nbsp;s\u2019est d\u2019abord f\u00e9licit\u00e9, au cours d\u2019une conf\u00e9rence de presse conjointe anim\u00e9e avec Mario Draghi, de la grande similitude qui existe entre les positions de l\u2019Alg\u00e9rie et de l\u2019Italie vis-\u00e0-vis de ces dossiers.<\/p>\n\n\n\n<p>Concernant la Libye, le&nbsp;Pr\u00e9sident Tebboune a expliqu\u00e9 que \u00ab le r\u00e8glement de la crise passe par la construction d\u2019institutions l\u00e9gitimes qui seront le reflet de la volont\u00e9 du peuple libyen \u00bb. Pour y parvenir, il a soulign\u00e9 la n\u00e9cessit\u00e9 que se tiennent \u00ab des \u00e9lections l\u00e9gislatives et pr\u00e9sidentielle libres et transparentes \u00bb. Le chef de l\u2019Etat a, en outre, attir\u00e9 l\u2019attention sur le danger que repr\u00e9sentent les ing\u00e9rences \u00e9trang\u00e8res pour la stabilit\u00e9 de la Libye, du Maghreb et plus largement de la M\u00e9diterran\u00e9e. Mario Draghi s\u2019est,&nbsp;quant \u00e0 lui,&nbsp;dit rejoindre le point de vue du&nbsp;Pr\u00e9sident Tebboune et lou\u00e9 le r\u00f4le que joue l\u2019Alg\u00e9rie pour la stabilit\u00e9 en M\u00e9diterran\u00e9e et au Sahel. Il a assur\u00e9 que son pays \u00e9tait dispos\u00e9 \u00e0 multiplier les efforts pour stabiliser durablement la situation en Libye et en Tunisie.<\/p>\n\n\n\n<p>La Libye est, rappelle-t-on, en proie \u00e0 une crise politique majeure depuis le renversement puis l\u2019assassinat par les Occidentaux de Mouammar El Gueddafi, en 2011. Min\u00e9e depuis par les divisions entre la Tripolitaine, la Cyr\u00e9na\u00efque et le Fezan, le pays peine \u00e0 sortir de la guerre. Un double scrutin pr\u00e9sidentiel et l\u00e9gislatif, initialement pr\u00e9vu en d\u00e9cembre dernier et sur lequel la communaut\u00e9 internationale fondait de grands espoirs pour enfin stabiliser le pays a \u00e9t\u00e9 report\u00e9 sine die, en raison de profondes divergences sur la base juridique des \u00e9lections et les crit\u00e8res de s\u00e9lection des&nbsp;&nbsp;&nbsp;candidats. Les m\u00e9diations pour la stabilisation de la Libye sont nombreuses. Elles n\u2019aboutissent cependant&nbsp;&nbsp;que rarement \u00e0 une solution en raison aussi de multiples ing\u00e9rences \u00e9trang\u00e8res dont fait&nbsp;&nbsp;l\u2019objet la Libye.<\/p>\n\n\n\n<p>S\u2019agissant du Mali, le&nbsp;Chef de l\u2019Etat a \u00e9t\u00e9, l\u00e0 aussi, tr\u00e8s clair. Pour lui, la solution \u00e0 la crise r\u00e9side&nbsp;&nbsp;dans&nbsp;&nbsp;l\u2019application de l\u2019accord inter-malien&nbsp;&nbsp;issu du processus d\u2019Alger. M. Tebboune a r\u00e9it\u00e9r\u00e9, \u00e0 l\u2019occasion, le soutien de l\u2019Alg\u00e9rie \u00e0 la Minusma (Mission de l\u2019ONU pour la stabilisation du Mali). L&rsquo;accord d&rsquo;Alger, officiellement d\u00e9nomm\u00e9 Accord pour la paix et la r\u00e9conciliation au Mali, est un accord visant \u00e0 mettre fin \u00e0 la Guerre du Mali, sign\u00e9 le 15 mai et 20 juin 2015 \u00e0 Bamako &#8211; apr\u00e8s des n\u00e9gociations men\u00e9es \u00e0 Alger &#8211; entre la R\u00e9publique du Mali et la Coordination des mouvements de l&rsquo;Azawad (CMA). Sa mise en \u0153uvre est aujourd\u2019hui bloqu\u00e9e. A ce propos, la CMA a une nouvelle fois indiqu\u00e9, dimanche, avoir not\u00e9 avec \u00ab inqui\u00e9tude l&rsquo;abandon \u00bb de la mise en \u0153uvre de l&rsquo;Accord pour la Paix et la R\u00e9conciliation issu du Processus d&rsquo;Alger depuis l&rsquo;av\u00e8nement de la transition. La Coordination a soulign\u00e9, en outre, qu&rsquo;elle se r\u00e9serve \u00ab le droit d&rsquo;en tirer toutes les cons\u00e9quences \u00bb.<\/p>\n\n\n\n<p>Pour ce qui du conflit du Sahara Occidental, le Pr\u00e9sident Tebboune a exprim\u00e9 son plein appui \u00e0&nbsp;&nbsp;l\u2019envoy\u00e9 personnel du Secr\u00e9taire g\u00e9n\u00e9ral de l\u2019ONU pour le Sahara occidental, Staffan de Mistura. Il a tenu, par ailleurs, \u00e0 rappeler le \u00abr\u00f4le important \u00bb que joue la&nbsp;&nbsp;Mission des Nations unies pour l&rsquo;organisation d&rsquo;un r\u00e9f\u00e9rendum au Sahara occidental (Minurso) pour le r\u00e8glement de ce conflit qui, a-t-il dit, n\u2019a que trop dur\u00e9.<\/p>\n\n\n\n<p><strong>Khider Larbi<\/strong><\/p>\n","protected":false},"excerpt":{"rendered":"<p>Concernant la Libye, le&nbsp;Pr\u00e9sident Tebboune a expliqu\u00e9 que le r\u00e8glement de la crise passe par la construction d\u2019institutions l\u00e9gitimes qui<\/p>\n","protected":false},"author":3,"featured_media":24363,"comment_status":"open","ping_status":"closed","sticky":false,"template":"","format":"standard","meta":{"colormag_page_container_layout":"default_layout","colormag_page_sidebar_layout":"default_layout","om_disable_all_campaigns":false,"_monsterinsights_skip_tracking":false,"_monsterinsights_sitenote_active":false,"_monsterinsights_sitenote_note":"","_monsterinsights_sitenote_category":0,"footnotes":"","_wpscppro_dont_share_socialmedia":false,"_wpscppro_custom_social_share_image":0,"_facebook_share_type":"","_twitter_share_type":"","_linkedin_share_type":"","_pinterest_share_type":"","_linkedin_share_type_page":"","_instagram_share_type":"","_medium_share_type":"","_threads_share_type":"","_google_business_share_type":"","_selected_social_profile":[],"_wpsp_enable_custom_social_template":false,"_wpsp_social_scheduling":{"enabled":false,"datetime":null,"platforms":[],"status":"template_only","dateOption":"today","timeOption":"now","customDays":"","customHours":"","customDate":"","customTime":"","schedulingType":"absolute"},"_wpsp_active_default_template":true},"categories":[27],"tags":[],"class_list":["post-24357","post","type-post","status-publish","format-standard","has-post-thumbnail","hentry","category-actualite"],"aioseo_notices":[],"yoast_head":"<!-- This site is optimized with the Yoast SEO plugin v27.5 - https:\/\/yoast.com\/product\/yoast-seo-wordpress\/ -->\n<title>R\u00e8glement des crises en Libye, au Mali et au Sahara Occidental\u00a0:\u00a0Tebboune et Draghi d\u2019accord sur l\u2019essentiel - La Sentinelle<\/title>\n<meta name=\"robots\" content=\"index, follow, max-snippet:-1, max-image-preview:large, max-video-preview:-1\" \/>\n<link rel=\"canonical\" href=\"https:\/\/lasentinelle.dz\/index.php\/2022\/07\/19\/reglement-des-crises-en-libye-au-mali-et-au-sahara-occidental-tebboune-et-draghi-daccord-sur-lessentiel\/\" \/>\n<meta property=\"og:locale\" content=\"fr_FR\" \/>\n<meta property=\"og:type\" content=\"article\" \/>\n<meta property=\"og:title\" content=\"R\u00e8glement des crises en Libye, au Mali et au Sahara Occidental\u00a0:\u00a0Tebboune et Draghi d\u2019accord sur l\u2019essentiel - La Sentinelle\" \/>\n<meta property=\"og:description\" content=\"Concernant la Libye, le&nbsp;Pr\u00e9sident Tebboune a expliqu\u00e9 que le r\u00e8glement de la crise passe par la construction d\u2019institutions l\u00e9gitimes qui\" \/>\n<meta property=\"og:url\" content=\"https:\/\/lasentinelle.dz\/index.php\/2022\/07\/19\/reglement-des-crises-en-libye-au-mali-et-au-sahara-occidental-tebboune-et-draghi-daccord-sur-lessentiel\/\" \/>\n<meta property=\"og:site_name\" content=\"La Sentinelle\" \/>\n<meta property=\"article:publisher\" content=\"https:\/\/www.facebook.com\/La-Sentinelle-104059864394773\" \/>\n<meta property=\"article:published_time\" content=\"2022-07-18T23:01:00+00:00\" \/>\n<meta property=\"og:image\" content=\"https:\/\/lasentinelle.dz\/wp-content\/uploads\/2022\/07\/tebboune-Italie-1024x576.png\" \/>\n\t<meta property=\"og:image:width\" content=\"1024\" \/>\n\t<meta property=\"og:image:height\" content=\"576\" \/>\n\t<meta property=\"og:image:type\" content=\"image\/png\" \/>\n<meta name=\"author\" content=\"La Sentinelle\" \/>\n<meta name=\"twitter:card\" content=\"summary_large_image\" \/>\n<meta name=\"twitter:label1\" content=\"\u00c9crit par\" \/>\n\t<meta name=\"twitter:data1\" content=\"La Sentinelle\" \/>\n\t<meta name=\"twitter:label2\" content=\"Dur\u00e9e de lecture estim\u00e9e\" \/>\n\t<meta name=\"twitter:data2\" content=\"4 minutes\" \/>\n<script type=\"application\/ld+json\" class=\"yoast-schema-graph\">{\"@context\":\"https:\\\/\\\/schema.org\",\"@graph\":[{\"@type\":\"Article\",\"@id\":\"https:\\\/\\\/lasentinelle.dz\\\/index.php\\\/2022\\\/07\\\/19\\\/reglement-des-crises-en-libye-au-mali-et-au-sahara-occidental-tebboune-et-draghi-daccord-sur-lessentiel\\\/#article\",\"isPartOf\":{\"@id\":\"https:\\\/\\\/lasentinelle.dz\\\/index.php\\\/2022\\\/07\\\/19\\\/reglement-des-crises-en-libye-au-mali-et-au-sahara-occidental-tebboune-et-draghi-daccord-sur-lessentiel\\\/\"},\"author\":{\"name\":\"La Sentinelle\",\"@id\":\"https:\\\/\\\/lasentinelle.dz\\\/#\\\/schema\\\/person\\\/d865044e22e70a75174ce8bcad3acfb3\"},\"headline\":\"R\u00e8glement des crises en Libye, au Mali et au Sahara Occidental\u00a0:\u00a0Tebboune et Draghi d\u2019accord sur l\u2019essentiel\",\"datePublished\":\"2022-07-18T23:01:00+00:00\",\"mainEntityOfPage\":{\"@id\":\"https:\\\/\\\/lasentinelle.dz\\\/index.php\\\/2022\\\/07\\\/19\\\/reglement-des-crises-en-libye-au-mali-et-au-sahara-occidental-tebboune-et-draghi-daccord-sur-lessentiel\\\/\"},\"wordCount\":802,\"commentCount\":0,\"publisher\":{\"@id\":\"https:\\\/\\\/lasentinelle.dz\\\/#organization\"},\"image\":{\"@id\":\"https:\\\/\\\/lasentinelle.dz\\\/index.php\\\/2022\\\/07\\\/19\\\/reglement-des-crises-en-libye-au-mali-et-au-sahara-occidental-tebboune-et-draghi-daccord-sur-lessentiel\\\/#primaryimage\"},\"thumbnailUrl\":\"https:\\\/\\\/lasentinelle.dz\\\/wp-content\\\/uploads\\\/2022\\\/07\\\/tebboune-Italie.png\",\"articleSection\":[\"Actualit\u00e9\"],\"inLanguage\":\"fr-FR\",\"potentialAction\":[{\"@type\":\"CommentAction\",\"name\":\"Comment\",\"target\":[\"https:\\\/\\\/lasentinelle.dz\\\/index.php\\\/2022\\\/07\\\/19\\\/reglement-des-crises-en-libye-au-mali-et-au-sahara-occidental-tebboune-et-draghi-daccord-sur-lessentiel\\\/#respond\"]}]},{\"@type\":\"WebPage\",\"@id\":\"https:\\\/\\\/lasentinelle.dz\\\/index.php\\\/2022\\\/07\\\/19\\\/reglement-des-crises-en-libye-au-mali-et-au-sahara-occidental-tebboune-et-draghi-daccord-sur-lessentiel\\\/\",\"url\":\"https:\\\/\\\/lasentinelle.dz\\\/index.php\\\/2022\\\/07\\\/19\\\/reglement-des-crises-en-libye-au-mali-et-au-sahara-occidental-tebboune-et-draghi-daccord-sur-lessentiel\\\/\",\"name\":\"R\u00e8glement des crises en Libye, au Mali et au Sahara Occidental\u00a0:\u00a0Tebboune et Draghi d\u2019accord sur l\u2019essentiel - La Sentinelle\",\"isPartOf\":{\"@id\":\"https:\\\/\\\/lasentinelle.dz\\\/#website\"},\"primaryImageOfPage\":{\"@id\":\"https:\\\/\\\/lasentinelle.dz\\\/index.php\\\/2022\\\/07\\\/19\\\/reglement-des-crises-en-libye-au-mali-et-au-sahara-occidental-tebboune-et-draghi-daccord-sur-lessentiel\\\/#primaryimage\"},\"image\":{\"@id\":\"https:\\\/\\\/lasentinelle.dz\\\/index.php\\\/2022\\\/07\\\/19\\\/reglement-des-crises-en-libye-au-mali-et-au-sahara-occidental-tebboune-et-draghi-daccord-sur-lessentiel\\\/#primaryimage\"},\"thumbnailUrl\":\"https:\\\/\\\/lasentinelle.dz\\\/wp-content\\\/uploads\\\/2022\\\/07\\\/tebboune-Italie.png\",\"datePublished\":\"2022-07-18T23:01:00+00:00\",\"breadcrumb\":{\"@id\":\"https:\\\/\\\/lasentinelle.dz\\\/index.php\\\/2022\\\/07\\\/19\\\/reglement-des-crises-en-libye-au-mali-et-au-sahara-occidental-tebboune-et-draghi-daccord-sur-lessentiel\\\/#breadcrumb\"},\"inLanguage\":\"fr-FR\",\"potentialAction\":[{\"@type\":\"ReadAction\",\"target\":[\"https:\\\/\\\/lasentinelle.dz\\\/index.php\\\/2022\\\/07\\\/19\\\/reglement-des-crises-en-libye-au-mali-et-au-sahara-occidental-tebboune-et-draghi-daccord-sur-lessentiel\\\/\"]}]},{\"@type\":\"ImageObject\",\"inLanguage\":\"fr-FR\",\"@id\":\"https:\\\/\\\/lasentinelle.dz\\\/index.php\\\/2022\\\/07\\\/19\\\/reglement-des-crises-en-libye-au-mali-et-au-sahara-occidental-tebboune-et-draghi-daccord-sur-lessentiel\\\/#primaryimage\",\"url\":\"https:\\\/\\\/lasentinelle.dz\\\/wp-content\\\/uploads\\\/2022\\\/07\\\/tebboune-Italie.png\",\"contentUrl\":\"https:\\\/\\\/lasentinelle.dz\\\/wp-content\\\/uploads\\\/2022\\\/07\\\/tebboune-Italie.png\",\"width\":1600,\"height\":900},{\"@type\":\"BreadcrumbList\",\"@id\":\"https:\\\/\\\/lasentinelle.dz\\\/index.php\\\/2022\\\/07\\\/19\\\/reglement-des-crises-en-libye-au-mali-et-au-sahara-occidental-tebboune-et-draghi-daccord-sur-lessentiel\\\/#breadcrumb\",\"itemListElement\":[{\"@type\":\"ListItem\",\"position\":1,\"name\":\"Accueil\",\"item\":\"https:\\\/\\\/lasentinelle.dz\\\/\"},{\"@type\":\"ListItem\",\"position\":2,\"name\":\"R\u00e8glement des crises en Libye, au Mali et au Sahara Occidental\u00a0:\u00a0Tebboune et Draghi d\u2019accord sur l\u2019essentiel\"}]},{\"@type\":\"WebSite\",\"@id\":\"https:\\\/\\\/lasentinelle.dz\\\/#website\",\"url\":\"https:\\\/\\\/lasentinelle.dz\\\/\",\"name\":\"La Sentinelle\",\"description\":\"Quotidien national d&#039;information\",\"publisher\":{\"@id\":\"https:\\\/\\\/lasentinelle.dz\\\/#organization\"},\"potentialAction\":[{\"@type\":\"SearchAction\",\"target\":{\"@type\":\"EntryPoint\",\"urlTemplate\":\"https:\\\/\\\/lasentinelle.dz\\\/?s={search_term_string}\"},\"query-input\":{\"@type\":\"PropertyValueSpecification\",\"valueRequired\":true,\"valueName\":\"search_term_string\"}}],\"inLanguage\":\"fr-FR\"},{\"@type\":\"Organization\",\"@id\":\"https:\\\/\\\/lasentinelle.dz\\\/#organization\",\"name\":\"Quotidien La Sentinelle\",\"url\":\"https:\\\/\\\/lasentinelle.dz\\\/\",\"logo\":{\"@type\":\"ImageObject\",\"inLanguage\":\"fr-FR\",\"@id\":\"https:\\\/\\\/lasentinelle.dz\\\/#\\\/schema\\\/logo\\\/image\\\/\",\"url\":\"https:\\\/\\\/lasentinelle.dz\\\/wp-content\\\/uploads\\\/2021\\\/09\\\/logo-sentinelleSLOGAN-1.png\",\"contentUrl\":\"https:\\\/\\\/lasentinelle.dz\\\/wp-content\\\/uploads\\\/2021\\\/09\\\/logo-sentinelleSLOGAN-1.png\",\"width\":615,\"height\":142,\"caption\":\"Quotidien La Sentinelle\"},\"image\":{\"@id\":\"https:\\\/\\\/lasentinelle.dz\\\/#\\\/schema\\\/logo\\\/image\\\/\"},\"sameAs\":[\"https:\\\/\\\/www.facebook.com\\\/La-Sentinelle-104059864394773\"]},{\"@type\":\"Person\",\"@id\":\"https:\\\/\\\/lasentinelle.dz\\\/#\\\/schema\\\/person\\\/d865044e22e70a75174ce8bcad3acfb3\",\"name\":\"La Sentinelle\",\"image\":{\"@type\":\"ImageObject\",\"inLanguage\":\"fr-FR\",\"@id\":\"https:\\\/\\\/secure.gravatar.com\\\/avatar\\\/57de8e5d4b15d43fb361a71fbb36338450fe67865b528a43dd10ef7c51a20392?s=96&d=mm&r=g\",\"url\":\"https:\\\/\\\/secure.gravatar.com\\\/avatar\\\/57de8e5d4b15d43fb361a71fbb36338450fe67865b528a43dd10ef7c51a20392?s=96&d=mm&r=g\",\"contentUrl\":\"https:\\\/\\\/secure.gravatar.com\\\/avatar\\\/57de8e5d4b15d43fb361a71fbb36338450fe67865b528a43dd10ef7c51a20392?s=96&d=mm&r=g\",\"caption\":\"La Sentinelle\"},\"sameAs\":[\"http:\\\/\\\/www.lasentinelle.dz\"],\"url\":\"https:\\\/\\\/lasentinelle.dz\\\/author\\\/redaction\\\/\"}]}<\/script>\n<!-- \/ Yoast SEO plugin. -->","yoast_head_json":{"title":"R\u00e8glement des crises en Libye, au Mali et au Sahara Occidental\u00a0:\u00a0Tebboune et Draghi d\u2019accord sur l\u2019essentiel - La Sentinelle","robots":{"index":"index","follow":"follow","max-snippet":"max-snippet:-1","max-image-preview":"max-image-preview:large","max-video-preview":"max-video-preview:-1"},"canonical":"https:\/\/lasentinelle.dz\/index.php\/2022\/07\/19\/reglement-des-crises-en-libye-au-mali-et-au-sahara-occidental-tebboune-et-draghi-daccord-sur-lessentiel\/","og_locale":"fr_FR","og_type":"article","og_title":"R\u00e8glement des crises en Libye, au Mali et au Sahara Occidental\u00a0:\u00a0Tebboune et Draghi d\u2019accord sur l\u2019essentiel - La Sentinelle","og_description":"Concernant la Libye, le&nbsp;Pr\u00e9sident Tebboune a expliqu\u00e9 que le r\u00e8glement de la crise passe par la construction d\u2019institutions l\u00e9gitimes qui","og_url":"https:\/\/lasentinelle.dz\/index.php\/2022\/07\/19\/reglement-des-crises-en-libye-au-mali-et-au-sahara-occidental-tebboune-et-draghi-daccord-sur-lessentiel\/","og_site_name":"La Sentinelle","article_publisher":"https:\/\/www.facebook.com\/La-Sentinelle-104059864394773","article_published_time":"2022-07-18T23:01:00+00:00","og_image":[{"width":1024,"height":576,"url":"https:\/\/lasentinelle.dz\/wp-content\/uploads\/2022\/07\/tebboune-Italie-1024x576.png","type":"image\/png"}],"author":"La Sentinelle","twitter_card":"summary_large_image","twitter_misc":{"\u00c9crit par":"La Sentinelle","Dur\u00e9e de lecture estim\u00e9e":"4 minutes"},"schema":{"@context":"https:\/\/schema.org","@graph":[{"@type":"Article","@id":"https:\/\/lasentinelle.dz\/index.php\/2022\/07\/19\/reglement-des-crises-en-libye-au-mali-et-au-sahara-occidental-tebboune-et-draghi-daccord-sur-lessentiel\/#article","isPartOf":{"@id":"https:\/\/lasentinelle.dz\/index.php\/2022\/07\/19\/reglement-des-crises-en-libye-au-mali-et-au-sahara-occidental-tebboune-et-draghi-daccord-sur-lessentiel\/"},"author":{"name":"La Sentinelle","@id":"https:\/\/lasentinelle.dz\/#\/schema\/person\/d865044e22e70a75174ce8bcad3acfb3"},"headline":"R\u00e8glement des crises en Libye, au Mali et au Sahara Occidental\u00a0:\u00a0Tebboune et Draghi d\u2019accord sur l\u2019essentiel","datePublished":"2022-07-18T23:01:00+00:00","mainEntityOfPage":{"@id":"https:\/\/lasentinelle.dz\/index.php\/2022\/07\/19\/reglement-des-crises-en-libye-au-mali-et-au-sahara-occidental-tebboune-et-draghi-daccord-sur-lessentiel\/"},"wordCount":802,"commentCount":0,"publisher":{"@id":"https:\/\/lasentinelle.dz\/#organization"},"image":{"@id":"https:\/\/lasentinelle.dz\/index.php\/2022\/07\/19\/reglement-des-crises-en-libye-au-mali-et-au-sahara-occidental-tebboune-et-draghi-daccord-sur-lessentiel\/#primaryimage"},"thumbnailUrl":"https:\/\/lasentinelle.dz\/wp-content\/uploads\/2022\/07\/tebboune-Italie.png","articleSection":["Actualit\u00e9"],"inLanguage":"fr-FR","potentialAction":[{"@type":"CommentAction","name":"Comment","target":["https:\/\/lasentinelle.dz\/index.php\/2022\/07\/19\/reglement-des-crises-en-libye-au-mali-et-au-sahara-occidental-tebboune-et-draghi-daccord-sur-lessentiel\/#respond"]}]},{"@type":"WebPage","@id":"https:\/\/lasentinelle.dz\/index.php\/2022\/07\/19\/reglement-des-crises-en-libye-au-mali-et-au-sahara-occidental-tebboune-et-draghi-daccord-sur-lessentiel\/","url":"https:\/\/lasentinelle.dz\/index.php\/2022\/07\/19\/reglement-des-crises-en-libye-au-mali-et-au-sahara-occidental-tebboune-et-draghi-daccord-sur-lessentiel\/","name":"R\u00e8glement des crises en Libye, au Mali et au Sahara Occidental\u00a0:\u00a0Tebboune et Draghi d\u2019accord sur l\u2019essentiel - La Sentinelle","isPartOf":{"@id":"https:\/\/lasentinelle.dz\/#website"},"primaryImageOfPage":{"@id":"https:\/\/lasentinelle.dz\/index.php\/2022\/07\/19\/reglement-des-crises-en-libye-au-mali-et-au-sahara-occidental-tebboune-et-draghi-daccord-sur-lessentiel\/#primaryimage"},"image":{"@id":"https:\/\/lasentinelle.dz\/index.php\/2022\/07\/19\/reglement-des-crises-en-libye-au-mali-et-au-sahara-occidental-tebboune-et-draghi-daccord-sur-lessentiel\/#primaryimage"},"thumbnailUrl":"https:\/\/lasentinelle.dz\/wp-content\/uploads\/2022\/07\/tebboune-Italie.png","datePublished":"2022-07-18T23:01:00+00:00","breadcrumb":{"@id":"https:\/\/lasentinelle.dz\/index.php\/2022\/07\/19\/reglement-des-crises-en-libye-au-mali-et-au-sahara-occidental-tebboune-et-draghi-daccord-sur-lessentiel\/#breadcrumb"},"inLanguage":"fr-FR","potentialAction":[{"@type":"ReadAction","target":["https:\/\/lasentinelle.dz\/index.php\/2022\/07\/19\/reglement-des-crises-en-libye-au-mali-et-au-sahara-occidental-tebboune-et-draghi-daccord-sur-lessentiel\/"]}]},{"@type":"ImageObject","inLanguage":"fr-FR","@id":"https:\/\/lasentinelle.dz\/index.php\/2022\/07\/19\/reglement-des-crises-en-libye-au-mali-et-au-sahara-occidental-tebboune-et-draghi-daccord-sur-lessentiel\/#primaryimage","url":"https:\/\/lasentinelle.dz\/wp-content\/uploads\/2022\/07\/tebboune-Italie.png","contentUrl":"https:\/\/lasentinelle.dz\/wp-content\/uploads\/2022\/07\/tebboune-Italie.png","width":1600,"height":900},{"@type":"BreadcrumbList","@id":"https:\/\/lasentinelle.dz\/index.php\/2022\/07\/19\/reglement-des-crises-en-libye-au-mali-et-au-sahara-occidental-tebboune-et-draghi-daccord-sur-lessentiel\/#breadcrumb","itemListElement":[{"@type":"ListItem","position":1,"name":"Accueil","item":"https:\/\/lasentinelle.dz\/"},{"@type":"ListItem","position":2,"name":"R\u00e8glement des crises en Libye, au Mali et au Sahara Occidental\u00a0:\u00a0Tebboune et Draghi d\u2019accord sur l\u2019essentiel"}]},{"@type":"WebSite","@id":"https:\/\/lasentinelle.dz\/#website","url":"https:\/\/lasentinelle.dz\/","name":"La Sentinelle","description":"Quotidien national d&#039;information","publisher":{"@id":"https:\/\/lasentinelle.dz\/#organization"},"potentialAction":[{"@type":"SearchAction","target":{"@type":"EntryPoint","urlTemplate":"https:\/\/lasentinelle.dz\/?s={search_term_string}"},"query-input":{"@type":"PropertyValueSpecification","valueRequired":true,"valueName":"search_term_string"}}],"inLanguage":"fr-FR"},{"@type":"Organization","@id":"https:\/\/lasentinelle.dz\/#organization","name":"Quotidien La Sentinelle","url":"https:\/\/lasentinelle.dz\/","logo":{"@type":"ImageObject","inLanguage":"fr-FR","@id":"https:\/\/lasentinelle.dz\/#\/schema\/logo\/image\/","url":"https:\/\/lasentinelle.dz\/wp-content\/uploads\/2021\/09\/logo-sentinelleSLOGAN-1.png","contentUrl":"https:\/\/lasentinelle.dz\/wp-content\/uploads\/2021\/09\/logo-sentinelleSLOGAN-1.png","width":615,"height":142,"caption":"Quotidien La Sentinelle"},"image":{"@id":"https:\/\/lasentinelle.dz\/#\/schema\/logo\/image\/"},"sameAs":["https:\/\/www.facebook.com\/La-Sentinelle-104059864394773"]},{"@type":"Person","@id":"https:\/\/lasentinelle.dz\/#\/schema\/person\/d865044e22e70a75174ce8bcad3acfb3","name":"La Sentinelle","image":{"@type":"ImageObject","inLanguage":"fr-FR","@id":"https:\/\/secure.gravatar.com\/avatar\/57de8e5d4b15d43fb361a71fbb36338450fe67865b528a43dd10ef7c51a20392?s=96&d=mm&r=g","url":"https:\/\/secure.gravatar.com\/avatar\/57de8e5d4b15d43fb361a71fbb36338450fe67865b528a43dd10ef7c51a20392?s=96&d=mm&r=g","contentUrl":"https:\/\/secure.gravatar.com\/avatar\/57de8e5d4b15d43fb361a71fbb36338450fe67865b528a43dd10ef7c51a20392?s=96&d=mm&r=g","caption":"La Sentinelle"},"sameAs":["http:\/\/www.lasentinelle.dz"],"url":"https:\/\/lasentinelle.dz\/author\/redaction\/"}]}},"_links":{"self":[{"href":"https:\/\/lasentinelle.dz\/index.php\/wp-json\/wp\/v2\/posts\/24357","targetHints":{"allow":["GET"]}}],"collection":[{"href":"https:\/\/lasentinelle.dz\/index.php\/wp-json\/wp\/v2\/posts"}],"about":[{"href":"https:\/\/lasentinelle.dz\/index.php\/wp-json\/wp\/v2\/types\/post"}],"author":[{"embeddable":true,"href":"https:\/\/lasentinelle.dz\/index.php\/wp-json\/wp\/v2\/users\/3"}],"replies":[{"embeddable":true,"href":"https:\/\/lasentinelle.dz\/index.php\/wp-json\/wp\/v2\/comments?post=24357"}],"version-history":[{"count":1,"href":"https:\/\/lasentinelle.dz\/index.php\/wp-json\/wp\/v2\/posts\/24357\/revisions"}],"predecessor-version":[{"id":24359,"href":"https:\/\/lasentinelle.dz\/index.php\/wp-json\/wp\/v2\/posts\/24357\/revisions\/24359"}],"wp:featuredmedia":[{"embeddable":true,"href":"https:\/\/lasentinelle.dz\/index.php\/wp-json\/wp\/v2\/media\/24363"}],"wp:attachment":[{"href":"https:\/\/lasentinelle.dz\/index.php\/wp-json\/wp\/v2\/media?parent=24357"}],"wp:term":[{"taxonomy":"category","embeddable":true,"href":"https:\/\/lasentinelle.dz\/index.php\/wp-json\/wp\/v2\/categories?post=24357"},{"taxonomy":"post_tag","embeddable":true,"href":"https:\/\/lasentinelle.dz\/index.php\/wp-json\/wp\/v2\/tags?post=24357"}],"curies":[{"name":"wp","href":"https:\/\/api.w.org\/{rel}","templated":true}]}}