{"id":24381,"date":"2022-07-20T00:05:00","date_gmt":"2022-07-19T23:05:00","guid":{"rendered":"https:\/\/lasentinelle.dz\/?p=24381"},"modified":"2022-07-19T20:37:38","modified_gmt":"2022-07-19T19:37:38","slug":"migrants-africains-tues-par-la-police-marocaine-74-organisations-denoncent-le-makhzen","status":"publish","type":"post","link":"https:\/\/lasentinelle.dz\/index.php\/2022\/07\/20\/migrants-africains-tues-par-la-police-marocaine-74-organisations-denoncent-le-makhzen\/","title":{"rendered":"Migrants africains tu\u00e9s par la police marocaine\u00a0:\u00a074 organisations d\u00e9noncent le Makhzen"},"content":{"rendered":"\n<p>Le 24 juin au poste-fronti\u00e8re de Melilla, au moins 37 migrants subsahariens (23 seulement selon les autorit\u00e9s marocaines) ont \u00e9t\u00e9 brutalement tu\u00e9s par la police marocaine, qui tentait de les emp\u00eacher d&rsquo;entrer dans l&rsquo;enclave espagnole.<\/p>\n\n\n\n<p>Quelque&nbsp;74&nbsp;organisations ont adress\u00e9 une lettre \u00e0 l&rsquo;ONU pour d\u00e9noncer \u00ab\u00a0les violations des droits\u00a0\u00bb, suite \u00e0 la trag\u00e9die ayant conduit \u00e0 la mort de dizaines de migrants d&rsquo;origine africaine, brutalement tu\u00e9s par la police marocaine alors qu&rsquo;ils tentaient d&rsquo;entrer dans l&rsquo;enclave espagnole de Melilla depuis la ville de Nador, a rapport\u00e9 l&rsquo;agence \u00ab\u00a0EuropaPress\u00a0\u00bb. Dans la lettre destin\u00e9e aux rapporteurs des Nations unies sur les droits de l&rsquo;homme des migrants et sur les ex\u00e9cutions extrajudiciaires, sommaires ou arbitraires, les organisations signataires, parmi lesquelles la Commission espagnole d&rsquo;aide aux r\u00e9fugi\u00e9s (CEAR), M\u00e9decins du Monde et Save the Children, demandent que les faits soient \u00ab\u00a0examin\u00e9s et jug\u00e9s\u00a0\u00bb.&nbsp;<\/p>\n\n\n\n<p>\u00ab\u00a0La r\u00e9ponse disproportionn\u00e9e \u00e0 travers l&rsquo;usage excessif de la force par des agents de l&rsquo;Etat a caus\u00e9 la mort d&rsquo;au moins 37 personnes, des centaines de bless\u00e9s, des expulsions sommaires, des d\u00e9portations, des d\u00e9tentions arbitraires et m\u00eame l&rsquo;entr\u00e9e sur le territoire espagnol des agents de l&rsquo;Etat marocain, pour ex\u00e9cuter les expulsions, a \u00e9t\u00e9 enregistr\u00e9e\u00a0\u00bb, soulignent-ils selon l\u2019APS qui reprend l\u2019 information. Les ONG assurent que ces \u00e9v\u00e9nements r\u00e9pondent \u00e0 \u00ab\u00a0l&rsquo;externalisation des fronti\u00e8res\u00a0\u00bb qui \u00ab\u00a0met la vie des gens en danger\u00a0\u00bb.&nbsp;<\/p>\n\n\n\n<p>C&rsquo;est pourquoi elles ont demand\u00e9 une communication officielle \u00e0 l&rsquo;Espagne et au Maroc pour qu&rsquo;ils enqu\u00eatent et engagent des poursuites, tant sur les cas de privation de la vie et les blessures inflig\u00e9es aux migrants que sur les pratiques d&rsquo;extradition, d&rsquo;expulsion ou de transfert forc\u00e9 des personnes arr\u00eat\u00e9es. En outre, elles ont demand\u00e9 une visite conjointe de ces rapporteurs sur les lieux des \u00e9v\u00e9nements afin de s&rsquo;int\u00e9resser \u00e0 ce qui s&rsquo;est pass\u00e9 et d&rsquo;encourager un dialogue avec les deux gouvernements pour que les mesures n\u00e9cessaires soient prises \u00e0 m\u00eame d&rsquo;\u00e9viter une autre trag\u00e9die.&nbsp;<\/p>\n\n\n\n<p>Le 24 juin au poste-fronti\u00e8re de Melilla, au moins 37 migrants subsahariens (23 seulement selon les autorit\u00e9s marocaines) ont \u00e9t\u00e9 brutalement tu\u00e9s par la police marocaine, qui tentait de les emp\u00eacher d&rsquo;entrer dans l&rsquo;enclave espagnole. De nombreuses vid\u00e9os et images ont circul\u00e9 sur les r\u00e9seaux sociaux montrant des dizaines de migrants au sol, quasiment inertes. Certaines montraient \u00e9galement les forces de s\u00e9curit\u00e9 marocaines en train de tabasser des migrants. Des s\u00e9quences vid\u00e9o prises par l&rsquo;Association marocaine des droits de l&rsquo;Homme (AMDH) montrent un agent de s\u00e9curit\u00e9 marocain frappant au sol des hommes visiblement bless\u00e9s et un autre agent jetant un corps inerte sur plusieurs personnes. Selon des organisations de d\u00e9fense des droits humains au Maroc et ailleurs, le nombre de victimes lors de la r\u00e9pression sanglante d&rsquo;environ 2000 migrants africains le 24 juin dernier d\u00e9passe de loin les 23 morts annonc\u00e9s par les autorit\u00e9s marocaines. De nombreux pays et organisations internationales ont exig\u00e9 l&rsquo;ouverture d&rsquo;une enqu\u00eate internationale ind\u00e9pendante, afin de faire la lumi\u00e8re sur ce qui s&rsquo;est r\u00e9ellement pass\u00e9 et sanctionner les auteurs.&nbsp;<\/p>\n\n\n\n<p>K.L.<\/p>\n","protected":false},"excerpt":{"rendered":"<p>Le 24 juin au poste-fronti\u00e8re de Melilla, au moins 37 migrants subsahariens (23 seulement selon les autorit\u00e9s marocaines) ont \u00e9t\u00e9<\/p>\n","protected":false},"author":3,"featured_media":24389,"comment_status":"open","ping_status":"closed","sticky":false,"template":"","format":"standard","meta":{"colormag_page_container_layout":"default_layout","colormag_page_sidebar_layout":"default_layout","om_disable_all_campaigns":false,"_monsterinsights_skip_tracking":false,"_monsterinsights_sitenote_active":false,"_monsterinsights_sitenote_note":"","_monsterinsights_sitenote_category":0,"footnotes":"","_wpscppro_dont_share_socialmedia":false,"_wpscppro_custom_social_share_image":0,"_facebook_share_type":"","_twitter_share_type":"","_linkedin_share_type":"","_pinterest_share_type":"","_linkedin_share_type_page":"","_instagram_share_type":"","_medium_share_type":"","_threads_share_type":"","_google_business_share_type":"","_selected_social_profile":[],"_wpsp_enable_custom_social_template":false,"_wpsp_social_scheduling":{"enabled":false,"datetime":null,"platforms":[],"status":"template_only","dateOption":"today","timeOption":"now","customDays":"","customHours":"","customDate":"","customTime":"","schedulingType":"absolute"},"_wpsp_active_default_template":true},"categories":[52,37],"tags":[],"class_list":["post-24381","post","type-post","status-publish","format-standard","has-post-thumbnail","hentry","category-a-la-une","category-monde"],"aioseo_notices":[],"yoast_head":"<!-- This site is optimized with the Yoast SEO plugin v27.5 - https:\/\/yoast.com\/product\/yoast-seo-wordpress\/ -->\n<title>Migrants africains tu\u00e9s par la police marocaine\u00a0:\u00a074 organisations d\u00e9noncent le Makhzen - La Sentinelle<\/title>\n<meta name=\"robots\" content=\"index, follow, max-snippet:-1, max-image-preview:large, max-video-preview:-1\" \/>\n<link rel=\"canonical\" href=\"https:\/\/lasentinelle.dz\/index.php\/2022\/07\/20\/migrants-africains-tues-par-la-police-marocaine-74-organisations-denoncent-le-makhzen\/\" \/>\n<meta property=\"og:locale\" content=\"fr_FR\" \/>\n<meta property=\"og:type\" content=\"article\" \/>\n<meta property=\"og:title\" content=\"Migrants africains tu\u00e9s par la police marocaine\u00a0:\u00a074 organisations d\u00e9noncent le Makhzen - La Sentinelle\" \/>\n<meta property=\"og:description\" content=\"Le 24 juin au poste-fronti\u00e8re de Melilla, au moins 37 migrants subsahariens (23 seulement selon les autorit\u00e9s marocaines) ont \u00e9t\u00e9\" \/>\n<meta property=\"og:url\" content=\"https:\/\/lasentinelle.dz\/index.php\/2022\/07\/20\/migrants-africains-tues-par-la-police-marocaine-74-organisations-denoncent-le-makhzen\/\" \/>\n<meta property=\"og:site_name\" content=\"La Sentinelle\" \/>\n<meta property=\"article:publisher\" content=\"https:\/\/www.facebook.com\/La-Sentinelle-104059864394773\" \/>\n<meta property=\"article:published_time\" content=\"2022-07-19T23:05:00+00:00\" \/>\n<meta property=\"og:image\" content=\"https:\/\/lasentinelle.dz\/wp-content\/uploads\/2022\/07\/melilla.png\" \/>\n\t<meta property=\"og:image:width\" content=\"1491\" \/>\n\t<meta property=\"og:image:height\" content=\"900\" \/>\n\t<meta property=\"og:image:type\" content=\"image\/png\" \/>\n<meta name=\"author\" content=\"La Sentinelle\" \/>\n<meta name=\"twitter:card\" content=\"summary_large_image\" \/>\n<meta name=\"twitter:label1\" content=\"\u00c9crit par\" \/>\n\t<meta name=\"twitter:data1\" content=\"La Sentinelle\" \/>\n\t<meta name=\"twitter:label2\" content=\"Dur\u00e9e de lecture estim\u00e9e\" \/>\n\t<meta name=\"twitter:data2\" content=\"3 minutes\" \/>\n<script type=\"application\/ld+json\" class=\"yoast-schema-graph\">{\"@context\":\"https:\\\/\\\/schema.org\",\"@graph\":[{\"@type\":\"Article\",\"@id\":\"https:\\\/\\\/lasentinelle.dz\\\/index.php\\\/2022\\\/07\\\/20\\\/migrants-africains-tues-par-la-police-marocaine-74-organisations-denoncent-le-makhzen\\\/#article\",\"isPartOf\":{\"@id\":\"https:\\\/\\\/lasentinelle.dz\\\/index.php\\\/2022\\\/07\\\/20\\\/migrants-africains-tues-par-la-police-marocaine-74-organisations-denoncent-le-makhzen\\\/\"},\"author\":{\"name\":\"La Sentinelle\",\"@id\":\"https:\\\/\\\/lasentinelle.dz\\\/#\\\/schema\\\/person\\\/d865044e22e70a75174ce8bcad3acfb3\"},\"headline\":\"Migrants africains tu\u00e9s par la police marocaine\u00a0:\u00a074 organisations d\u00e9noncent le Makhzen\",\"datePublished\":\"2022-07-19T23:05:00+00:00\",\"mainEntityOfPage\":{\"@id\":\"https:\\\/\\\/lasentinelle.dz\\\/index.php\\\/2022\\\/07\\\/20\\\/migrants-africains-tues-par-la-police-marocaine-74-organisations-denoncent-le-makhzen\\\/\"},\"wordCount\":577,\"commentCount\":0,\"publisher\":{\"@id\":\"https:\\\/\\\/lasentinelle.dz\\\/#organization\"},\"image\":{\"@id\":\"https:\\\/\\\/lasentinelle.dz\\\/index.php\\\/2022\\\/07\\\/20\\\/migrants-africains-tues-par-la-police-marocaine-74-organisations-denoncent-le-makhzen\\\/#primaryimage\"},\"thumbnailUrl\":\"https:\\\/\\\/lasentinelle.dz\\\/wp-content\\\/uploads\\\/2022\\\/07\\\/melilla.png\",\"articleSection\":[\"\u00c0 la Une\",\"Monde\"],\"inLanguage\":\"fr-FR\",\"potentialAction\":[{\"@type\":\"CommentAction\",\"name\":\"Comment\",\"target\":[\"https:\\\/\\\/lasentinelle.dz\\\/index.php\\\/2022\\\/07\\\/20\\\/migrants-africains-tues-par-la-police-marocaine-74-organisations-denoncent-le-makhzen\\\/#respond\"]}]},{\"@type\":\"WebPage\",\"@id\":\"https:\\\/\\\/lasentinelle.dz\\\/index.php\\\/2022\\\/07\\\/20\\\/migrants-africains-tues-par-la-police-marocaine-74-organisations-denoncent-le-makhzen\\\/\",\"url\":\"https:\\\/\\\/lasentinelle.dz\\\/index.php\\\/2022\\\/07\\\/20\\\/migrants-africains-tues-par-la-police-marocaine-74-organisations-denoncent-le-makhzen\\\/\",\"name\":\"Migrants africains tu\u00e9s par la police marocaine\u00a0:\u00a074 organisations d\u00e9noncent le Makhzen - La Sentinelle\",\"isPartOf\":{\"@id\":\"https:\\\/\\\/lasentinelle.dz\\\/#website\"},\"primaryImageOfPage\":{\"@id\":\"https:\\\/\\\/lasentinelle.dz\\\/index.php\\\/2022\\\/07\\\/20\\\/migrants-africains-tues-par-la-police-marocaine-74-organisations-denoncent-le-makhzen\\\/#primaryimage\"},\"image\":{\"@id\":\"https:\\\/\\\/lasentinelle.dz\\\/index.php\\\/2022\\\/07\\\/20\\\/migrants-africains-tues-par-la-police-marocaine-74-organisations-denoncent-le-makhzen\\\/#primaryimage\"},\"thumbnailUrl\":\"https:\\\/\\\/lasentinelle.dz\\\/wp-content\\\/uploads\\\/2022\\\/07\\\/melilla.png\",\"datePublished\":\"2022-07-19T23:05:00+00:00\",\"breadcrumb\":{\"@id\":\"https:\\\/\\\/lasentinelle.dz\\\/index.php\\\/2022\\\/07\\\/20\\\/migrants-africains-tues-par-la-police-marocaine-74-organisations-denoncent-le-makhzen\\\/#breadcrumb\"},\"inLanguage\":\"fr-FR\",\"potentialAction\":[{\"@type\":\"ReadAction\",\"target\":[\"https:\\\/\\\/lasentinelle.dz\\\/index.php\\\/2022\\\/07\\\/20\\\/migrants-africains-tues-par-la-police-marocaine-74-organisations-denoncent-le-makhzen\\\/\"]}]},{\"@type\":\"ImageObject\",\"inLanguage\":\"fr-FR\",\"@id\":\"https:\\\/\\\/lasentinelle.dz\\\/index.php\\\/2022\\\/07\\\/20\\\/migrants-africains-tues-par-la-police-marocaine-74-organisations-denoncent-le-makhzen\\\/#primaryimage\",\"url\":\"https:\\\/\\\/lasentinelle.dz\\\/wp-content\\\/uploads\\\/2022\\\/07\\\/melilla.png\",\"contentUrl\":\"https:\\\/\\\/lasentinelle.dz\\\/wp-content\\\/uploads\\\/2022\\\/07\\\/melilla.png\",\"width\":1491,\"height\":900},{\"@type\":\"BreadcrumbList\",\"@id\":\"https:\\\/\\\/lasentinelle.dz\\\/index.php\\\/2022\\\/07\\\/20\\\/migrants-africains-tues-par-la-police-marocaine-74-organisations-denoncent-le-makhzen\\\/#breadcrumb\",\"itemListElement\":[{\"@type\":\"ListItem\",\"position\":1,\"name\":\"Accueil\",\"item\":\"https:\\\/\\\/lasentinelle.dz\\\/\"},{\"@type\":\"ListItem\",\"position\":2,\"name\":\"Migrants africains tu\u00e9s par la police marocaine\u00a0:\u00a074 organisations d\u00e9noncent le Makhzen\"}]},{\"@type\":\"WebSite\",\"@id\":\"https:\\\/\\\/lasentinelle.dz\\\/#website\",\"url\":\"https:\\\/\\\/lasentinelle.dz\\\/\",\"name\":\"La Sentinelle\",\"description\":\"Quotidien national d&#039;information\",\"publisher\":{\"@id\":\"https:\\\/\\\/lasentinelle.dz\\\/#organization\"},\"potentialAction\":[{\"@type\":\"SearchAction\",\"target\":{\"@type\":\"EntryPoint\",\"urlTemplate\":\"https:\\\/\\\/lasentinelle.dz\\\/?s={search_term_string}\"},\"query-input\":{\"@type\":\"PropertyValueSpecification\",\"valueRequired\":true,\"valueName\":\"search_term_string\"}}],\"inLanguage\":\"fr-FR\"},{\"@type\":\"Organization\",\"@id\":\"https:\\\/\\\/lasentinelle.dz\\\/#organization\",\"name\":\"Quotidien La Sentinelle\",\"url\":\"https:\\\/\\\/lasentinelle.dz\\\/\",\"logo\":{\"@type\":\"ImageObject\",\"inLanguage\":\"fr-FR\",\"@id\":\"https:\\\/\\\/lasentinelle.dz\\\/#\\\/schema\\\/logo\\\/image\\\/\",\"url\":\"https:\\\/\\\/lasentinelle.dz\\\/wp-content\\\/uploads\\\/2021\\\/09\\\/logo-sentinelleSLOGAN-1.png\",\"contentUrl\":\"https:\\\/\\\/lasentinelle.dz\\\/wp-content\\\/uploads\\\/2021\\\/09\\\/logo-sentinelleSLOGAN-1.png\",\"width\":615,\"height\":142,\"caption\":\"Quotidien La Sentinelle\"},\"image\":{\"@id\":\"https:\\\/\\\/lasentinelle.dz\\\/#\\\/schema\\\/logo\\\/image\\\/\"},\"sameAs\":[\"https:\\\/\\\/www.facebook.com\\\/La-Sentinelle-104059864394773\"]},{\"@type\":\"Person\",\"@id\":\"https:\\\/\\\/lasentinelle.dz\\\/#\\\/schema\\\/person\\\/d865044e22e70a75174ce8bcad3acfb3\",\"name\":\"La Sentinelle\",\"image\":{\"@type\":\"ImageObject\",\"inLanguage\":\"fr-FR\",\"@id\":\"https:\\\/\\\/secure.gravatar.com\\\/avatar\\\/57de8e5d4b15d43fb361a71fbb36338450fe67865b528a43dd10ef7c51a20392?s=96&d=mm&r=g\",\"url\":\"https:\\\/\\\/secure.gravatar.com\\\/avatar\\\/57de8e5d4b15d43fb361a71fbb36338450fe67865b528a43dd10ef7c51a20392?s=96&d=mm&r=g\",\"contentUrl\":\"https:\\\/\\\/secure.gravatar.com\\\/avatar\\\/57de8e5d4b15d43fb361a71fbb36338450fe67865b528a43dd10ef7c51a20392?s=96&d=mm&r=g\",\"caption\":\"La Sentinelle\"},\"sameAs\":[\"http:\\\/\\\/www.lasentinelle.dz\"],\"url\":\"https:\\\/\\\/lasentinelle.dz\\\/author\\\/redaction\\\/\"}]}<\/script>\n<!-- \/ Yoast SEO plugin. -->","yoast_head_json":{"title":"Migrants africains tu\u00e9s par la police marocaine\u00a0:\u00a074 organisations d\u00e9noncent le Makhzen - La Sentinelle","robots":{"index":"index","follow":"follow","max-snippet":"max-snippet:-1","max-image-preview":"max-image-preview:large","max-video-preview":"max-video-preview:-1"},"canonical":"https:\/\/lasentinelle.dz\/index.php\/2022\/07\/20\/migrants-africains-tues-par-la-police-marocaine-74-organisations-denoncent-le-makhzen\/","og_locale":"fr_FR","og_type":"article","og_title":"Migrants africains tu\u00e9s par la police marocaine\u00a0:\u00a074 organisations d\u00e9noncent le Makhzen - La Sentinelle","og_description":"Le 24 juin au poste-fronti\u00e8re de Melilla, au moins 37 migrants subsahariens (23 seulement selon les autorit\u00e9s marocaines) ont \u00e9t\u00e9","og_url":"https:\/\/lasentinelle.dz\/index.php\/2022\/07\/20\/migrants-africains-tues-par-la-police-marocaine-74-organisations-denoncent-le-makhzen\/","og_site_name":"La Sentinelle","article_publisher":"https:\/\/www.facebook.com\/La-Sentinelle-104059864394773","article_published_time":"2022-07-19T23:05:00+00:00","og_image":[{"width":1491,"height":900,"url":"https:\/\/lasentinelle.dz\/wp-content\/uploads\/2022\/07\/melilla.png","type":"image\/png"}],"author":"La Sentinelle","twitter_card":"summary_large_image","twitter_misc":{"\u00c9crit par":"La Sentinelle","Dur\u00e9e de lecture estim\u00e9e":"3 minutes"},"schema":{"@context":"https:\/\/schema.org","@graph":[{"@type":"Article","@id":"https:\/\/lasentinelle.dz\/index.php\/2022\/07\/20\/migrants-africains-tues-par-la-police-marocaine-74-organisations-denoncent-le-makhzen\/#article","isPartOf":{"@id":"https:\/\/lasentinelle.dz\/index.php\/2022\/07\/20\/migrants-africains-tues-par-la-police-marocaine-74-organisations-denoncent-le-makhzen\/"},"author":{"name":"La Sentinelle","@id":"https:\/\/lasentinelle.dz\/#\/schema\/person\/d865044e22e70a75174ce8bcad3acfb3"},"headline":"Migrants africains tu\u00e9s par la police marocaine\u00a0:\u00a074 organisations d\u00e9noncent le Makhzen","datePublished":"2022-07-19T23:05:00+00:00","mainEntityOfPage":{"@id":"https:\/\/lasentinelle.dz\/index.php\/2022\/07\/20\/migrants-africains-tues-par-la-police-marocaine-74-organisations-denoncent-le-makhzen\/"},"wordCount":577,"commentCount":0,"publisher":{"@id":"https:\/\/lasentinelle.dz\/#organization"},"image":{"@id":"https:\/\/lasentinelle.dz\/index.php\/2022\/07\/20\/migrants-africains-tues-par-la-police-marocaine-74-organisations-denoncent-le-makhzen\/#primaryimage"},"thumbnailUrl":"https:\/\/lasentinelle.dz\/wp-content\/uploads\/2022\/07\/melilla.png","articleSection":["\u00c0 la Une","Monde"],"inLanguage":"fr-FR","potentialAction":[{"@type":"CommentAction","name":"Comment","target":["https:\/\/lasentinelle.dz\/index.php\/2022\/07\/20\/migrants-africains-tues-par-la-police-marocaine-74-organisations-denoncent-le-makhzen\/#respond"]}]},{"@type":"WebPage","@id":"https:\/\/lasentinelle.dz\/index.php\/2022\/07\/20\/migrants-africains-tues-par-la-police-marocaine-74-organisations-denoncent-le-makhzen\/","url":"https:\/\/lasentinelle.dz\/index.php\/2022\/07\/20\/migrants-africains-tues-par-la-police-marocaine-74-organisations-denoncent-le-makhzen\/","name":"Migrants africains tu\u00e9s par la police marocaine\u00a0:\u00a074 organisations d\u00e9noncent le Makhzen - La Sentinelle","isPartOf":{"@id":"https:\/\/lasentinelle.dz\/#website"},"primaryImageOfPage":{"@id":"https:\/\/lasentinelle.dz\/index.php\/2022\/07\/20\/migrants-africains-tues-par-la-police-marocaine-74-organisations-denoncent-le-makhzen\/#primaryimage"},"image":{"@id":"https:\/\/lasentinelle.dz\/index.php\/2022\/07\/20\/migrants-africains-tues-par-la-police-marocaine-74-organisations-denoncent-le-makhzen\/#primaryimage"},"thumbnailUrl":"https:\/\/lasentinelle.dz\/wp-content\/uploads\/2022\/07\/melilla.png","datePublished":"2022-07-19T23:05:00+00:00","breadcrumb":{"@id":"https:\/\/lasentinelle.dz\/index.php\/2022\/07\/20\/migrants-africains-tues-par-la-police-marocaine-74-organisations-denoncent-le-makhzen\/#breadcrumb"},"inLanguage":"fr-FR","potentialAction":[{"@type":"ReadAction","target":["https:\/\/lasentinelle.dz\/index.php\/2022\/07\/20\/migrants-africains-tues-par-la-police-marocaine-74-organisations-denoncent-le-makhzen\/"]}]},{"@type":"ImageObject","inLanguage":"fr-FR","@id":"https:\/\/lasentinelle.dz\/index.php\/2022\/07\/20\/migrants-africains-tues-par-la-police-marocaine-74-organisations-denoncent-le-makhzen\/#primaryimage","url":"https:\/\/lasentinelle.dz\/wp-content\/uploads\/2022\/07\/melilla.png","contentUrl":"https:\/\/lasentinelle.dz\/wp-content\/uploads\/2022\/07\/melilla.png","width":1491,"height":900},{"@type":"BreadcrumbList","@id":"https:\/\/lasentinelle.dz\/index.php\/2022\/07\/20\/migrants-africains-tues-par-la-police-marocaine-74-organisations-denoncent-le-makhzen\/#breadcrumb","itemListElement":[{"@type":"ListItem","position":1,"name":"Accueil","item":"https:\/\/lasentinelle.dz\/"},{"@type":"ListItem","position":2,"name":"Migrants africains tu\u00e9s par la police marocaine\u00a0:\u00a074 organisations d\u00e9noncent le Makhzen"}]},{"@type":"WebSite","@id":"https:\/\/lasentinelle.dz\/#website","url":"https:\/\/lasentinelle.dz\/","name":"La Sentinelle","description":"Quotidien national d&#039;information","publisher":{"@id":"https:\/\/lasentinelle.dz\/#organization"},"potentialAction":[{"@type":"SearchAction","target":{"@type":"EntryPoint","urlTemplate":"https:\/\/lasentinelle.dz\/?s={search_term_string}"},"query-input":{"@type":"PropertyValueSpecification","valueRequired":true,"valueName":"search_term_string"}}],"inLanguage":"fr-FR"},{"@type":"Organization","@id":"https:\/\/lasentinelle.dz\/#organization","name":"Quotidien La Sentinelle","url":"https:\/\/lasentinelle.dz\/","logo":{"@type":"ImageObject","inLanguage":"fr-FR","@id":"https:\/\/lasentinelle.dz\/#\/schema\/logo\/image\/","url":"https:\/\/lasentinelle.dz\/wp-content\/uploads\/2021\/09\/logo-sentinelleSLOGAN-1.png","contentUrl":"https:\/\/lasentinelle.dz\/wp-content\/uploads\/2021\/09\/logo-sentinelleSLOGAN-1.png","width":615,"height":142,"caption":"Quotidien La Sentinelle"},"image":{"@id":"https:\/\/lasentinelle.dz\/#\/schema\/logo\/image\/"},"sameAs":["https:\/\/www.facebook.com\/La-Sentinelle-104059864394773"]},{"@type":"Person","@id":"https:\/\/lasentinelle.dz\/#\/schema\/person\/d865044e22e70a75174ce8bcad3acfb3","name":"La Sentinelle","image":{"@type":"ImageObject","inLanguage":"fr-FR","@id":"https:\/\/secure.gravatar.com\/avatar\/57de8e5d4b15d43fb361a71fbb36338450fe67865b528a43dd10ef7c51a20392?s=96&d=mm&r=g","url":"https:\/\/secure.gravatar.com\/avatar\/57de8e5d4b15d43fb361a71fbb36338450fe67865b528a43dd10ef7c51a20392?s=96&d=mm&r=g","contentUrl":"https:\/\/secure.gravatar.com\/avatar\/57de8e5d4b15d43fb361a71fbb36338450fe67865b528a43dd10ef7c51a20392?s=96&d=mm&r=g","caption":"La Sentinelle"},"sameAs":["http:\/\/www.lasentinelle.dz"],"url":"https:\/\/lasentinelle.dz\/author\/redaction\/"}]}},"_links":{"self":[{"href":"https:\/\/lasentinelle.dz\/index.php\/wp-json\/wp\/v2\/posts\/24381","targetHints":{"allow":["GET"]}}],"collection":[{"href":"https:\/\/lasentinelle.dz\/index.php\/wp-json\/wp\/v2\/posts"}],"about":[{"href":"https:\/\/lasentinelle.dz\/index.php\/wp-json\/wp\/v2\/types\/post"}],"author":[{"embeddable":true,"href":"https:\/\/lasentinelle.dz\/index.php\/wp-json\/wp\/v2\/users\/3"}],"replies":[{"embeddable":true,"href":"https:\/\/lasentinelle.dz\/index.php\/wp-json\/wp\/v2\/comments?post=24381"}],"version-history":[{"count":1,"href":"https:\/\/lasentinelle.dz\/index.php\/wp-json\/wp\/v2\/posts\/24381\/revisions"}],"predecessor-version":[{"id":24391,"href":"https:\/\/lasentinelle.dz\/index.php\/wp-json\/wp\/v2\/posts\/24381\/revisions\/24391"}],"wp:featuredmedia":[{"embeddable":true,"href":"https:\/\/lasentinelle.dz\/index.php\/wp-json\/wp\/v2\/media\/24389"}],"wp:attachment":[{"href":"https:\/\/lasentinelle.dz\/index.php\/wp-json\/wp\/v2\/media?parent=24381"}],"wp:term":[{"taxonomy":"category","embeddable":true,"href":"https:\/\/lasentinelle.dz\/index.php\/wp-json\/wp\/v2\/categories?post=24381"},{"taxonomy":"post_tag","embeddable":true,"href":"https:\/\/lasentinelle.dz\/index.php\/wp-json\/wp\/v2\/tags?post=24381"}],"curies":[{"name":"wp","href":"https:\/\/api.w.org\/{rel}","templated":true}]}}