{"id":24383,"date":"2022-07-20T00:01:00","date_gmt":"2022-07-19T23:01:00","guid":{"rendered":"https:\/\/lasentinelle.dz\/?p=24383"},"modified":"2022-07-19T17:10:49","modified_gmt":"2022-07-19T16:10:49","slug":"souk-ahras-le-jardin-de-dar-el-hakem-rase","status":"publish","type":"post","link":"https:\/\/lasentinelle.dz\/index.php\/2022\/07\/20\/souk-ahras-le-jardin-de-dar-el-hakem-rase\/","title":{"rendered":"Souk-Ahras\u00a0:\u00a0Le jardin de\u00a0\u00ab\u00a0Dar El-Hakem\u00a0\u00bb\u00a0ras\u00e9"},"content":{"rendered":"\n<p>Le jardin de&nbsp;\u00ab&nbsp;Dar El-Hakem&nbsp;\u00bb&nbsp;de Mechrouha&nbsp;sera ras\u00e9 suite \u00e0 une d\u00e9cision de l\u2019Assembl\u00e9e populaire communale.<\/p>\n\n\n\n<p>Une d\u00e9lib\u00e9ration de l&rsquo;Assembl\u00e9e Populaire Communale&nbsp;de Mechoura a&nbsp;d\u00e9sign\u00e9 le site&nbsp;du jardin&nbsp;pour la r\u00e9alisation d\u2019un centre commercial \u00e0 \u00e9tages sous pr\u00e9texte que&nbsp;le chef-lieu de da\u00efra ne dispose pas d&rsquo;un \u00e9quipement commercial de ce type. Soulignons que&nbsp;\u00ab&nbsp;Mechrouha&nbsp;\u00bb&nbsp;a \u00e9t\u00e9 dot\u00e9e de tous les \u00e9quipements publics n\u00e9cessaires et suffisants pour qu\u2019elle puisse pr\u00e9tendre \u00e0 un espace de commerce !&nbsp;<\/p>\n\n\n\n<p>En effet, tout ce qu&rsquo;il y avait de plantes d&rsquo;ornement abrit\u00e9es dans cet espace vert a disparu sous l&rsquo;effet du terrassement sauf un palmier qui a \u00e9t\u00e9 curieusement \u00e9pargn\u00e9 mais qui risque toutefois de chuter vu le d\u00e9nuement visible de ses racines. Le terrain avait \u00e9t\u00e9 d\u00e9sign\u00e9 pour contenir ce projet en 2010&nbsp;&nbsp;mais, sous la pression de la soci\u00e9t\u00e9 civile men\u00e9e par certains leaders connus sur la place publique,&nbsp;&nbsp;le projet a \u00e9t\u00e9 annul\u00e9.&nbsp;&nbsp;Mais voil\u00e0 qu&rsquo;aujourd&rsquo;hui il est d\u00e9terr\u00e9 au grand \u00e9tonnement des citoyens de cette commune. Ceux-ci se disent r\u00e9solus \u00e0 s&rsquo;opposer \u00e0 sa r\u00e9alisation pour la simple raison qu&rsquo;ils ont des doutes sur&nbsp;les motifs de&nbsp;la r\u00e9cup\u00e9ration du site qui serait destin\u00e9 \u00e0 accueillir un tout autre projet.&nbsp;&nbsp;La semaine derni\u00e8re&nbsp;&nbsp;un attroupement de jeunes&nbsp;a \u00e9t\u00e9 organis\u00e9 pour&nbsp;protester contre cette op\u00e9ration, laquelle a \u00e9t\u00e9 apparemment suspendue dans l&rsquo;attente d&rsquo;une suite \u00e0 donner. Les habitants&nbsp;&nbsp;&nbsp;de la commune de Mechrouha connaissent la valeur historique et environnementale du site qui est plus que centenaire avec ses fr\u00eanes et ses platanes d&rsquo;importation, ses rosiers luxuriants et ses tulipes g\u00e9antes. Ainsi, les citoyens constern\u00e9s se sont dit d\u00e9termin\u00e9s \u00e0 ne&nbsp;&nbsp;pas laisser faire comme&nbsp;ce fut le cas&nbsp;&nbsp;il y\u2019a une quinzaine d&rsquo;ann\u00e9es&nbsp;lorsque&nbsp;l&rsquo;APC de l&rsquo;\u00e9poque avait \u00e9chou\u00e9&nbsp;\u00e0 faire aboutir le projet en raison de la d\u00e9termination desopposants soutenus par la majorit\u00e9 des citoyens. Ces derniers souhaitent l&rsquo;intervention du wali pour mettre fin \u00e0 ce qu&rsquo;ils consid\u00e8rent comme \u00ab&nbsp;un&nbsp;d\u00e9tournement d&rsquo;un bien communal&nbsp;\u00bb&nbsp;d&rsquo;autant plus que celui-ci est attenant \u00e0 la vieille mairie qui compte avec l&rsquo;h\u00f4tel&nbsp;\u00ab&nbsp;Beau s\u00e9jour&nbsp;\u00bb&nbsp;parmi les \u00e9difices les plus pittoresques de l&rsquo;agglom\u00e9ration.<\/p>\n\n\n\n<p><strong>Sofia Chahine<\/strong><\/p>\n","protected":false},"excerpt":{"rendered":"<p>Le jardin de&nbsp;\u00ab&nbsp;Dar El-Hakem&nbsp;\u00bb&nbsp;de Mechrouha&nbsp;sera ras\u00e9 suite \u00e0 une d\u00e9cision de l\u2019Assembl\u00e9e populaire communale. Une d\u00e9lib\u00e9ration de l&rsquo;Assembl\u00e9e Populaire Communale&nbsp;de<\/p>\n","protected":false},"author":3,"featured_media":24386,"comment_status":"open","ping_status":"closed","sticky":false,"template":"","format":"standard","meta":{"colormag_page_container_layout":"default_layout","colormag_page_sidebar_layout":"default_layout","om_disable_all_campaigns":false,"_monsterinsights_skip_tracking":false,"_monsterinsights_sitenote_active":false,"_monsterinsights_sitenote_note":"","_monsterinsights_sitenote_category":0,"footnotes":"","_wpscppro_dont_share_socialmedia":false,"_wpscppro_custom_social_share_image":0,"_facebook_share_type":"","_twitter_share_type":"","_linkedin_share_type":"","_pinterest_share_type":"","_linkedin_share_type_page":"","_instagram_share_type":"","_medium_share_type":"","_threads_share_type":"","_google_business_share_type":"","_selected_social_profile":[],"_wpsp_enable_custom_social_template":false,"_wpsp_social_scheduling":{"enabled":false,"datetime":null,"platforms":[],"status":"template_only","dateOption":"today","timeOption":"now","customDays":"","customHours":"","customDate":"","customTime":"","schedulingType":"absolute"},"_wpsp_active_default_template":true},"categories":[31],"tags":[],"class_list":["post-24383","post","type-post","status-publish","format-standard","has-post-thumbnail","hentry","category-regions"],"aioseo_notices":[],"yoast_head":"<!-- This site is optimized with the Yoast SEO plugin v27.5 - https:\/\/yoast.com\/product\/yoast-seo-wordpress\/ -->\n<title>Souk-Ahras\u00a0:\u00a0Le jardin de\u00a0\u00ab\u00a0Dar El-Hakem\u00a0\u00bb\u00a0ras\u00e9 - La Sentinelle<\/title>\n<meta name=\"robots\" content=\"index, follow, max-snippet:-1, max-image-preview:large, max-video-preview:-1\" \/>\n<link rel=\"canonical\" href=\"https:\/\/lasentinelle.dz\/index.php\/2022\/07\/20\/souk-ahras-le-jardin-de-dar-el-hakem-rase\/\" \/>\n<meta property=\"og:locale\" content=\"fr_FR\" \/>\n<meta property=\"og:type\" content=\"article\" \/>\n<meta property=\"og:title\" content=\"Souk-Ahras\u00a0:\u00a0Le jardin de\u00a0\u00ab\u00a0Dar El-Hakem\u00a0\u00bb\u00a0ras\u00e9 - La Sentinelle\" \/>\n<meta property=\"og:description\" content=\"Le jardin de&nbsp;\u00ab&nbsp;Dar El-Hakem&nbsp;\u00bb&nbsp;de Mechrouha&nbsp;sera ras\u00e9 suite \u00e0 une d\u00e9cision de l\u2019Assembl\u00e9e populaire communale. Une d\u00e9lib\u00e9ration de l&rsquo;Assembl\u00e9e Populaire Communale&nbsp;de\" \/>\n<meta property=\"og:url\" content=\"https:\/\/lasentinelle.dz\/index.php\/2022\/07\/20\/souk-ahras-le-jardin-de-dar-el-hakem-rase\/\" \/>\n<meta property=\"og:site_name\" content=\"La Sentinelle\" \/>\n<meta property=\"article:publisher\" content=\"https:\/\/www.facebook.com\/La-Sentinelle-104059864394773\" \/>\n<meta property=\"article:published_time\" content=\"2022-07-19T23:01:00+00:00\" \/>\n<meta property=\"og:image\" content=\"https:\/\/lasentinelle.dz\/wp-content\/uploads\/2022\/07\/mechrouha.png\" \/>\n\t<meta property=\"og:image:width\" content=\"944\" \/>\n\t<meta property=\"og:image:height\" content=\"900\" \/>\n\t<meta property=\"og:image:type\" content=\"image\/png\" \/>\n<meta name=\"author\" content=\"La Sentinelle\" \/>\n<meta name=\"twitter:card\" content=\"summary_large_image\" \/>\n<meta name=\"twitter:label1\" content=\"\u00c9crit par\" \/>\n\t<meta name=\"twitter:data1\" content=\"La Sentinelle\" \/>\n\t<meta name=\"twitter:label2\" content=\"Dur\u00e9e de lecture estim\u00e9e\" \/>\n\t<meta name=\"twitter:data2\" content=\"2 minutes\" \/>\n<script type=\"application\/ld+json\" class=\"yoast-schema-graph\">{\"@context\":\"https:\\\/\\\/schema.org\",\"@graph\":[{\"@type\":\"Article\",\"@id\":\"https:\\\/\\\/lasentinelle.dz\\\/index.php\\\/2022\\\/07\\\/20\\\/souk-ahras-le-jardin-de-dar-el-hakem-rase\\\/#article\",\"isPartOf\":{\"@id\":\"https:\\\/\\\/lasentinelle.dz\\\/index.php\\\/2022\\\/07\\\/20\\\/souk-ahras-le-jardin-de-dar-el-hakem-rase\\\/\"},\"author\":{\"name\":\"La Sentinelle\",\"@id\":\"https:\\\/\\\/lasentinelle.dz\\\/#\\\/schema\\\/person\\\/d865044e22e70a75174ce8bcad3acfb3\"},\"headline\":\"Souk-Ahras\u00a0:\u00a0Le jardin de\u00a0\u00ab\u00a0Dar El-Hakem\u00a0\u00bb\u00a0ras\u00e9\",\"datePublished\":\"2022-07-19T23:01:00+00:00\",\"mainEntityOfPage\":{\"@id\":\"https:\\\/\\\/lasentinelle.dz\\\/index.php\\\/2022\\\/07\\\/20\\\/souk-ahras-le-jardin-de-dar-el-hakem-rase\\\/\"},\"wordCount\":456,\"commentCount\":0,\"publisher\":{\"@id\":\"https:\\\/\\\/lasentinelle.dz\\\/#organization\"},\"image\":{\"@id\":\"https:\\\/\\\/lasentinelle.dz\\\/index.php\\\/2022\\\/07\\\/20\\\/souk-ahras-le-jardin-de-dar-el-hakem-rase\\\/#primaryimage\"},\"thumbnailUrl\":\"https:\\\/\\\/lasentinelle.dz\\\/wp-content\\\/uploads\\\/2022\\\/07\\\/mechrouha.png\",\"articleSection\":[\"R\u00e9gions\"],\"inLanguage\":\"fr-FR\",\"potentialAction\":[{\"@type\":\"CommentAction\",\"name\":\"Comment\",\"target\":[\"https:\\\/\\\/lasentinelle.dz\\\/index.php\\\/2022\\\/07\\\/20\\\/souk-ahras-le-jardin-de-dar-el-hakem-rase\\\/#respond\"]}]},{\"@type\":\"WebPage\",\"@id\":\"https:\\\/\\\/lasentinelle.dz\\\/index.php\\\/2022\\\/07\\\/20\\\/souk-ahras-le-jardin-de-dar-el-hakem-rase\\\/\",\"url\":\"https:\\\/\\\/lasentinelle.dz\\\/index.php\\\/2022\\\/07\\\/20\\\/souk-ahras-le-jardin-de-dar-el-hakem-rase\\\/\",\"name\":\"Souk-Ahras\u00a0:\u00a0Le jardin de\u00a0\u00ab\u00a0Dar El-Hakem\u00a0\u00bb\u00a0ras\u00e9 - La Sentinelle\",\"isPartOf\":{\"@id\":\"https:\\\/\\\/lasentinelle.dz\\\/#website\"},\"primaryImageOfPage\":{\"@id\":\"https:\\\/\\\/lasentinelle.dz\\\/index.php\\\/2022\\\/07\\\/20\\\/souk-ahras-le-jardin-de-dar-el-hakem-rase\\\/#primaryimage\"},\"image\":{\"@id\":\"https:\\\/\\\/lasentinelle.dz\\\/index.php\\\/2022\\\/07\\\/20\\\/souk-ahras-le-jardin-de-dar-el-hakem-rase\\\/#primaryimage\"},\"thumbnailUrl\":\"https:\\\/\\\/lasentinelle.dz\\\/wp-content\\\/uploads\\\/2022\\\/07\\\/mechrouha.png\",\"datePublished\":\"2022-07-19T23:01:00+00:00\",\"breadcrumb\":{\"@id\":\"https:\\\/\\\/lasentinelle.dz\\\/index.php\\\/2022\\\/07\\\/20\\\/souk-ahras-le-jardin-de-dar-el-hakem-rase\\\/#breadcrumb\"},\"inLanguage\":\"fr-FR\",\"potentialAction\":[{\"@type\":\"ReadAction\",\"target\":[\"https:\\\/\\\/lasentinelle.dz\\\/index.php\\\/2022\\\/07\\\/20\\\/souk-ahras-le-jardin-de-dar-el-hakem-rase\\\/\"]}]},{\"@type\":\"ImageObject\",\"inLanguage\":\"fr-FR\",\"@id\":\"https:\\\/\\\/lasentinelle.dz\\\/index.php\\\/2022\\\/07\\\/20\\\/souk-ahras-le-jardin-de-dar-el-hakem-rase\\\/#primaryimage\",\"url\":\"https:\\\/\\\/lasentinelle.dz\\\/wp-content\\\/uploads\\\/2022\\\/07\\\/mechrouha.png\",\"contentUrl\":\"https:\\\/\\\/lasentinelle.dz\\\/wp-content\\\/uploads\\\/2022\\\/07\\\/mechrouha.png\",\"width\":944,\"height\":900},{\"@type\":\"BreadcrumbList\",\"@id\":\"https:\\\/\\\/lasentinelle.dz\\\/index.php\\\/2022\\\/07\\\/20\\\/souk-ahras-le-jardin-de-dar-el-hakem-rase\\\/#breadcrumb\",\"itemListElement\":[{\"@type\":\"ListItem\",\"position\":1,\"name\":\"Accueil\",\"item\":\"https:\\\/\\\/lasentinelle.dz\\\/\"},{\"@type\":\"ListItem\",\"position\":2,\"name\":\"Souk-Ahras\u00a0:\u00a0Le jardin de\u00a0\u00ab\u00a0Dar El-Hakem\u00a0\u00bb\u00a0ras\u00e9\"}]},{\"@type\":\"WebSite\",\"@id\":\"https:\\\/\\\/lasentinelle.dz\\\/#website\",\"url\":\"https:\\\/\\\/lasentinelle.dz\\\/\",\"name\":\"La Sentinelle\",\"description\":\"Quotidien national d&#039;information\",\"publisher\":{\"@id\":\"https:\\\/\\\/lasentinelle.dz\\\/#organization\"},\"potentialAction\":[{\"@type\":\"SearchAction\",\"target\":{\"@type\":\"EntryPoint\",\"urlTemplate\":\"https:\\\/\\\/lasentinelle.dz\\\/?s={search_term_string}\"},\"query-input\":{\"@type\":\"PropertyValueSpecification\",\"valueRequired\":true,\"valueName\":\"search_term_string\"}}],\"inLanguage\":\"fr-FR\"},{\"@type\":\"Organization\",\"@id\":\"https:\\\/\\\/lasentinelle.dz\\\/#organization\",\"name\":\"Quotidien La Sentinelle\",\"url\":\"https:\\\/\\\/lasentinelle.dz\\\/\",\"logo\":{\"@type\":\"ImageObject\",\"inLanguage\":\"fr-FR\",\"@id\":\"https:\\\/\\\/lasentinelle.dz\\\/#\\\/schema\\\/logo\\\/image\\\/\",\"url\":\"https:\\\/\\\/lasentinelle.dz\\\/wp-content\\\/uploads\\\/2021\\\/09\\\/logo-sentinelleSLOGAN-1.png\",\"contentUrl\":\"https:\\\/\\\/lasentinelle.dz\\\/wp-content\\\/uploads\\\/2021\\\/09\\\/logo-sentinelleSLOGAN-1.png\",\"width\":615,\"height\":142,\"caption\":\"Quotidien La Sentinelle\"},\"image\":{\"@id\":\"https:\\\/\\\/lasentinelle.dz\\\/#\\\/schema\\\/logo\\\/image\\\/\"},\"sameAs\":[\"https:\\\/\\\/www.facebook.com\\\/La-Sentinelle-104059864394773\"]},{\"@type\":\"Person\",\"@id\":\"https:\\\/\\\/lasentinelle.dz\\\/#\\\/schema\\\/person\\\/d865044e22e70a75174ce8bcad3acfb3\",\"name\":\"La Sentinelle\",\"image\":{\"@type\":\"ImageObject\",\"inLanguage\":\"fr-FR\",\"@id\":\"https:\\\/\\\/secure.gravatar.com\\\/avatar\\\/57de8e5d4b15d43fb361a71fbb36338450fe67865b528a43dd10ef7c51a20392?s=96&d=mm&r=g\",\"url\":\"https:\\\/\\\/secure.gravatar.com\\\/avatar\\\/57de8e5d4b15d43fb361a71fbb36338450fe67865b528a43dd10ef7c51a20392?s=96&d=mm&r=g\",\"contentUrl\":\"https:\\\/\\\/secure.gravatar.com\\\/avatar\\\/57de8e5d4b15d43fb361a71fbb36338450fe67865b528a43dd10ef7c51a20392?s=96&d=mm&r=g\",\"caption\":\"La Sentinelle\"},\"sameAs\":[\"http:\\\/\\\/www.lasentinelle.dz\"],\"url\":\"https:\\\/\\\/lasentinelle.dz\\\/author\\\/redaction\\\/\"}]}<\/script>\n<!-- \/ Yoast SEO plugin. -->","yoast_head_json":{"title":"Souk-Ahras\u00a0:\u00a0Le jardin de\u00a0\u00ab\u00a0Dar El-Hakem\u00a0\u00bb\u00a0ras\u00e9 - La Sentinelle","robots":{"index":"index","follow":"follow","max-snippet":"max-snippet:-1","max-image-preview":"max-image-preview:large","max-video-preview":"max-video-preview:-1"},"canonical":"https:\/\/lasentinelle.dz\/index.php\/2022\/07\/20\/souk-ahras-le-jardin-de-dar-el-hakem-rase\/","og_locale":"fr_FR","og_type":"article","og_title":"Souk-Ahras\u00a0:\u00a0Le jardin de\u00a0\u00ab\u00a0Dar El-Hakem\u00a0\u00bb\u00a0ras\u00e9 - La Sentinelle","og_description":"Le jardin de&nbsp;\u00ab&nbsp;Dar El-Hakem&nbsp;\u00bb&nbsp;de Mechrouha&nbsp;sera ras\u00e9 suite \u00e0 une d\u00e9cision de l\u2019Assembl\u00e9e populaire communale. Une d\u00e9lib\u00e9ration de l&rsquo;Assembl\u00e9e Populaire Communale&nbsp;de","og_url":"https:\/\/lasentinelle.dz\/index.php\/2022\/07\/20\/souk-ahras-le-jardin-de-dar-el-hakem-rase\/","og_site_name":"La Sentinelle","article_publisher":"https:\/\/www.facebook.com\/La-Sentinelle-104059864394773","article_published_time":"2022-07-19T23:01:00+00:00","og_image":[{"width":944,"height":900,"url":"https:\/\/lasentinelle.dz\/wp-content\/uploads\/2022\/07\/mechrouha.png","type":"image\/png"}],"author":"La Sentinelle","twitter_card":"summary_large_image","twitter_misc":{"\u00c9crit par":"La Sentinelle","Dur\u00e9e de lecture estim\u00e9e":"2 minutes"},"schema":{"@context":"https:\/\/schema.org","@graph":[{"@type":"Article","@id":"https:\/\/lasentinelle.dz\/index.php\/2022\/07\/20\/souk-ahras-le-jardin-de-dar-el-hakem-rase\/#article","isPartOf":{"@id":"https:\/\/lasentinelle.dz\/index.php\/2022\/07\/20\/souk-ahras-le-jardin-de-dar-el-hakem-rase\/"},"author":{"name":"La Sentinelle","@id":"https:\/\/lasentinelle.dz\/#\/schema\/person\/d865044e22e70a75174ce8bcad3acfb3"},"headline":"Souk-Ahras\u00a0:\u00a0Le jardin de\u00a0\u00ab\u00a0Dar El-Hakem\u00a0\u00bb\u00a0ras\u00e9","datePublished":"2022-07-19T23:01:00+00:00","mainEntityOfPage":{"@id":"https:\/\/lasentinelle.dz\/index.php\/2022\/07\/20\/souk-ahras-le-jardin-de-dar-el-hakem-rase\/"},"wordCount":456,"commentCount":0,"publisher":{"@id":"https:\/\/lasentinelle.dz\/#organization"},"image":{"@id":"https:\/\/lasentinelle.dz\/index.php\/2022\/07\/20\/souk-ahras-le-jardin-de-dar-el-hakem-rase\/#primaryimage"},"thumbnailUrl":"https:\/\/lasentinelle.dz\/wp-content\/uploads\/2022\/07\/mechrouha.png","articleSection":["R\u00e9gions"],"inLanguage":"fr-FR","potentialAction":[{"@type":"CommentAction","name":"Comment","target":["https:\/\/lasentinelle.dz\/index.php\/2022\/07\/20\/souk-ahras-le-jardin-de-dar-el-hakem-rase\/#respond"]}]},{"@type":"WebPage","@id":"https:\/\/lasentinelle.dz\/index.php\/2022\/07\/20\/souk-ahras-le-jardin-de-dar-el-hakem-rase\/","url":"https:\/\/lasentinelle.dz\/index.php\/2022\/07\/20\/souk-ahras-le-jardin-de-dar-el-hakem-rase\/","name":"Souk-Ahras\u00a0:\u00a0Le jardin de\u00a0\u00ab\u00a0Dar El-Hakem\u00a0\u00bb\u00a0ras\u00e9 - La Sentinelle","isPartOf":{"@id":"https:\/\/lasentinelle.dz\/#website"},"primaryImageOfPage":{"@id":"https:\/\/lasentinelle.dz\/index.php\/2022\/07\/20\/souk-ahras-le-jardin-de-dar-el-hakem-rase\/#primaryimage"},"image":{"@id":"https:\/\/lasentinelle.dz\/index.php\/2022\/07\/20\/souk-ahras-le-jardin-de-dar-el-hakem-rase\/#primaryimage"},"thumbnailUrl":"https:\/\/lasentinelle.dz\/wp-content\/uploads\/2022\/07\/mechrouha.png","datePublished":"2022-07-19T23:01:00+00:00","breadcrumb":{"@id":"https:\/\/lasentinelle.dz\/index.php\/2022\/07\/20\/souk-ahras-le-jardin-de-dar-el-hakem-rase\/#breadcrumb"},"inLanguage":"fr-FR","potentialAction":[{"@type":"ReadAction","target":["https:\/\/lasentinelle.dz\/index.php\/2022\/07\/20\/souk-ahras-le-jardin-de-dar-el-hakem-rase\/"]}]},{"@type":"ImageObject","inLanguage":"fr-FR","@id":"https:\/\/lasentinelle.dz\/index.php\/2022\/07\/20\/souk-ahras-le-jardin-de-dar-el-hakem-rase\/#primaryimage","url":"https:\/\/lasentinelle.dz\/wp-content\/uploads\/2022\/07\/mechrouha.png","contentUrl":"https:\/\/lasentinelle.dz\/wp-content\/uploads\/2022\/07\/mechrouha.png","width":944,"height":900},{"@type":"BreadcrumbList","@id":"https:\/\/lasentinelle.dz\/index.php\/2022\/07\/20\/souk-ahras-le-jardin-de-dar-el-hakem-rase\/#breadcrumb","itemListElement":[{"@type":"ListItem","position":1,"name":"Accueil","item":"https:\/\/lasentinelle.dz\/"},{"@type":"ListItem","position":2,"name":"Souk-Ahras\u00a0:\u00a0Le jardin de\u00a0\u00ab\u00a0Dar El-Hakem\u00a0\u00bb\u00a0ras\u00e9"}]},{"@type":"WebSite","@id":"https:\/\/lasentinelle.dz\/#website","url":"https:\/\/lasentinelle.dz\/","name":"La Sentinelle","description":"Quotidien national d&#039;information","publisher":{"@id":"https:\/\/lasentinelle.dz\/#organization"},"potentialAction":[{"@type":"SearchAction","target":{"@type":"EntryPoint","urlTemplate":"https:\/\/lasentinelle.dz\/?s={search_term_string}"},"query-input":{"@type":"PropertyValueSpecification","valueRequired":true,"valueName":"search_term_string"}}],"inLanguage":"fr-FR"},{"@type":"Organization","@id":"https:\/\/lasentinelle.dz\/#organization","name":"Quotidien La Sentinelle","url":"https:\/\/lasentinelle.dz\/","logo":{"@type":"ImageObject","inLanguage":"fr-FR","@id":"https:\/\/lasentinelle.dz\/#\/schema\/logo\/image\/","url":"https:\/\/lasentinelle.dz\/wp-content\/uploads\/2021\/09\/logo-sentinelleSLOGAN-1.png","contentUrl":"https:\/\/lasentinelle.dz\/wp-content\/uploads\/2021\/09\/logo-sentinelleSLOGAN-1.png","width":615,"height":142,"caption":"Quotidien La Sentinelle"},"image":{"@id":"https:\/\/lasentinelle.dz\/#\/schema\/logo\/image\/"},"sameAs":["https:\/\/www.facebook.com\/La-Sentinelle-104059864394773"]},{"@type":"Person","@id":"https:\/\/lasentinelle.dz\/#\/schema\/person\/d865044e22e70a75174ce8bcad3acfb3","name":"La Sentinelle","image":{"@type":"ImageObject","inLanguage":"fr-FR","@id":"https:\/\/secure.gravatar.com\/avatar\/57de8e5d4b15d43fb361a71fbb36338450fe67865b528a43dd10ef7c51a20392?s=96&d=mm&r=g","url":"https:\/\/secure.gravatar.com\/avatar\/57de8e5d4b15d43fb361a71fbb36338450fe67865b528a43dd10ef7c51a20392?s=96&d=mm&r=g","contentUrl":"https:\/\/secure.gravatar.com\/avatar\/57de8e5d4b15d43fb361a71fbb36338450fe67865b528a43dd10ef7c51a20392?s=96&d=mm&r=g","caption":"La Sentinelle"},"sameAs":["http:\/\/www.lasentinelle.dz"],"url":"https:\/\/lasentinelle.dz\/author\/redaction\/"}]}},"_links":{"self":[{"href":"https:\/\/lasentinelle.dz\/index.php\/wp-json\/wp\/v2\/posts\/24383","targetHints":{"allow":["GET"]}}],"collection":[{"href":"https:\/\/lasentinelle.dz\/index.php\/wp-json\/wp\/v2\/posts"}],"about":[{"href":"https:\/\/lasentinelle.dz\/index.php\/wp-json\/wp\/v2\/types\/post"}],"author":[{"embeddable":true,"href":"https:\/\/lasentinelle.dz\/index.php\/wp-json\/wp\/v2\/users\/3"}],"replies":[{"embeddable":true,"href":"https:\/\/lasentinelle.dz\/index.php\/wp-json\/wp\/v2\/comments?post=24383"}],"version-history":[{"count":1,"href":"https:\/\/lasentinelle.dz\/index.php\/wp-json\/wp\/v2\/posts\/24383\/revisions"}],"predecessor-version":[{"id":24387,"href":"https:\/\/lasentinelle.dz\/index.php\/wp-json\/wp\/v2\/posts\/24383\/revisions\/24387"}],"wp:featuredmedia":[{"embeddable":true,"href":"https:\/\/lasentinelle.dz\/index.php\/wp-json\/wp\/v2\/media\/24386"}],"wp:attachment":[{"href":"https:\/\/lasentinelle.dz\/index.php\/wp-json\/wp\/v2\/media?parent=24383"}],"wp:term":[{"taxonomy":"category","embeddable":true,"href":"https:\/\/lasentinelle.dz\/index.php\/wp-json\/wp\/v2\/categories?post=24383"},{"taxonomy":"post_tag","embeddable":true,"href":"https:\/\/lasentinelle.dz\/index.php\/wp-json\/wp\/v2\/tags?post=24383"}],"curies":[{"name":"wp","href":"https:\/\/api.w.org\/{rel}","templated":true}]}}