{"id":24406,"date":"2022-07-20T00:05:00","date_gmt":"2022-07-19T23:05:00","guid":{"rendered":"https:\/\/lasentinelle.dz\/?p=24406"},"modified":"2022-07-20T20:31:16","modified_gmt":"2022-07-20T19:31:16","slug":"assassinat-du-jeune-djamel-bensmail-le-proces-reporte-a-la-prochaine-session-criminelle","status":"publish","type":"post","link":"https:\/\/lasentinelle.dz\/index.php\/2022\/07\/20\/assassinat-du-jeune-djamel-bensmail-le-proces-reporte-a-la-prochaine-session-criminelle\/","title":{"rendered":"Assassinat du jeune\u00a0Djamel Bensmail\u00a0: Le proc\u00e8s report\u00e9 \u00e0 la prochaine session criminelle"},"content":{"rendered":"\n<p>Le Tribunal&nbsp;criminel&nbsp;de Dar El-Beida&nbsp;a report\u00e9&nbsp;&nbsp;hier,&nbsp;\u00e0 la prochaine s\u00e9ance criminelle,&nbsp;&nbsp;le proc\u00e8s qui devait s\u2019ouvrir hier&nbsp;dans l\u2019affaire de l\u2019assassinat du&nbsp;jeune Djamel Bensmail,perp\u00e9tr\u00e9 l\u2019\u00e9t\u00e9 dernier \u00e0 la Labra\u00e2 Nath Irath\u00e8ne dans la wilaya de Tizi-Ouzou. Ce report a fait suite \u00e0 la requ\u00eate formul\u00e9e&nbsp;les avocats&nbsp;de la famille de la victime r\u00e9clamant la mise en place des \u00e9quipements audiovisuels dans la salle d\u2019audience, et ce pour permettre la rediffusion des s\u00e9quences du crime. Cette affaire cite 102 accus\u00e9s, parmi lesquels la plupart ont \u00e9t\u00e9 arr\u00eat\u00e9s et poursuivis dans 24 chefs d\u2019inculpations li\u00e9s \u00e0&nbsp;l\u2019atteinte \u00e0 la s\u00fbret\u00e9 de l\u2019\u00c9tat et&nbsp;\u00e0&nbsp;l\u2019unit\u00e9 nationale, atteinte \u00e0 la stabilit\u00e9 institutionnelle, crime, terrorisme et actes subversifs contre la s\u00e9curit\u00e9 de l\u2019\u00c9tat, cr\u00e9ation d\u2019un climat d\u2019ins\u00e9curit\u00e9 par la violence morale et physique \u00e0 l\u2019\u00e9gard des personnes en mettant leur vie et leur s\u00e9curit\u00e9 ainsi que celles des autres en danger, homicide volontaire et pr\u00e9m\u00e9dit\u00e9, complot dont le but de commettre un crime en vertu de l\u2019article 77 du Code p\u00e9nal, agression, sabotage, torture, incitation \u00e0 la torture, d\u00e9lit de rassemblement&nbsp;ill\u00e9gal, outrage aux membres de la force publique dans l\u2019exercice de&nbsp;leurs fonctions, atteinte aux biens d\u2019autrui, d\u00e9lit de discrimination et discours haineux.&nbsp;Avant la prononciation du report, le p\u00e8re de Djamel Bensmail a assist\u00e9 d\u00e9but du proc\u00e8s. Il a d\u00fb changer de place pour \u00e9viter de croiser le regard des accus\u00e9s. Le drame est survenu&nbsp;&nbsp;au&nbsp;mois d\u2019ao\u00fbt de l\u2019ann\u00e9e pass\u00e9e, dans la localit\u00e9 de Larbaa Nath Irathen dans la wilaya de Tizi Ouzou. 102 accus\u00e9s sont cit\u00e9s dans cette affaire, dont&nbsp;&nbsp;99 individus ont \u00e9t\u00e9 incarc\u00e9r\u00e9s \u00e0 la maison d\u2019arr\u00eat de Kol\u00e9a et 7 autres&nbsp;ont \u00e9t\u00e9 mis&nbsp;sous contr\u00f4le judiciaire. Le tribunal a convoqu\u00e9 des dizaines de t\u00e9moins et de parties civiles, dont la famille de la victime et autres victimes des&nbsp;&nbsp;incendies.<\/p>\n\n\n\n<p><strong>Salim A.<\/strong><\/p>\n","protected":false},"excerpt":{"rendered":"<p>Le Tribunal&nbsp;criminel&nbsp;de Dar El-Beida&nbsp;a report\u00e9&nbsp;&nbsp;hier,&nbsp;\u00e0 la prochaine s\u00e9ance criminelle,&nbsp;&nbsp;le proc\u00e8s qui devait s\u2019ouvrir hier&nbsp;dans l\u2019affaire de l\u2019assassinat du&nbsp;jeune Djamel Bensmail,perp\u00e9tr\u00e9<\/p>\n","protected":false},"author":3,"featured_media":24413,"comment_status":"open","ping_status":"closed","sticky":false,"template":"","format":"standard","meta":{"colormag_page_container_layout":"default_layout","colormag_page_sidebar_layout":"default_layout","om_disable_all_campaigns":false,"_monsterinsights_skip_tracking":false,"_monsterinsights_sitenote_active":false,"_monsterinsights_sitenote_note":"","_monsterinsights_sitenote_category":0,"footnotes":"","_wpscppro_dont_share_socialmedia":false,"_wpscppro_custom_social_share_image":0,"_facebook_share_type":"","_twitter_share_type":"","_linkedin_share_type":"","_pinterest_share_type":"","_linkedin_share_type_page":"","_instagram_share_type":"","_medium_share_type":"","_threads_share_type":"","_google_business_share_type":"","_selected_social_profile":[],"_wpsp_enable_custom_social_template":false,"_wpsp_social_scheduling":{"enabled":false,"datetime":null,"platforms":[],"status":"template_only","dateOption":"today","timeOption":"now","customDays":"","customHours":"","customDate":"","customTime":"","schedulingType":"absolute"},"_wpsp_active_default_template":true},"categories":[52,27],"tags":[],"class_list":["post-24406","post","type-post","status-publish","format-standard","has-post-thumbnail","hentry","category-a-la-une","category-actualite"],"aioseo_notices":[],"yoast_head":"<!-- This site is optimized with the Yoast SEO plugin v27.5 - https:\/\/yoast.com\/product\/yoast-seo-wordpress\/ -->\n<title>Assassinat du jeune\u00a0Djamel Bensmail\u00a0: Le proc\u00e8s report\u00e9 \u00e0 la prochaine session criminelle - La Sentinelle<\/title>\n<meta name=\"robots\" content=\"index, follow, max-snippet:-1, max-image-preview:large, max-video-preview:-1\" \/>\n<link rel=\"canonical\" href=\"https:\/\/lasentinelle.dz\/index.php\/2022\/07\/20\/assassinat-du-jeune-djamel-bensmail-le-proces-reporte-a-la-prochaine-session-criminelle\/\" \/>\n<meta property=\"og:locale\" content=\"fr_FR\" \/>\n<meta property=\"og:type\" content=\"article\" \/>\n<meta property=\"og:title\" content=\"Assassinat du jeune\u00a0Djamel Bensmail\u00a0: Le proc\u00e8s report\u00e9 \u00e0 la prochaine session criminelle - La Sentinelle\" \/>\n<meta property=\"og:description\" content=\"Le Tribunal&nbsp;criminel&nbsp;de Dar El-Beida&nbsp;a report\u00e9&nbsp;&nbsp;hier,&nbsp;\u00e0 la prochaine s\u00e9ance criminelle,&nbsp;&nbsp;le proc\u00e8s qui devait s\u2019ouvrir hier&nbsp;dans l\u2019affaire de l\u2019assassinat du&nbsp;jeune Djamel Bensmail,perp\u00e9tr\u00e9\" \/>\n<meta property=\"og:url\" content=\"https:\/\/lasentinelle.dz\/index.php\/2022\/07\/20\/assassinat-du-jeune-djamel-bensmail-le-proces-reporte-a-la-prochaine-session-criminelle\/\" \/>\n<meta property=\"og:site_name\" content=\"La Sentinelle\" \/>\n<meta property=\"article:publisher\" content=\"https:\/\/www.facebook.com\/La-Sentinelle-104059864394773\" \/>\n<meta property=\"article:published_time\" content=\"2022-07-19T23:05:00+00:00\" \/>\n<meta property=\"article:modified_time\" content=\"2022-07-20T19:31:16+00:00\" \/>\n<meta property=\"og:image\" content=\"https:\/\/lasentinelle.dz\/wp-content\/uploads\/2022\/07\/Djamel-ben-ismail.png\" \/>\n\t<meta property=\"og:image:width\" content=\"1427\" \/>\n\t<meta property=\"og:image:height\" content=\"900\" \/>\n\t<meta property=\"og:image:type\" content=\"image\/png\" \/>\n<meta name=\"author\" content=\"La Sentinelle\" \/>\n<meta name=\"twitter:card\" content=\"summary_large_image\" \/>\n<meta name=\"twitter:label1\" content=\"\u00c9crit par\" \/>\n\t<meta name=\"twitter:data1\" content=\"La Sentinelle\" \/>\n\t<meta name=\"twitter:label2\" content=\"Dur\u00e9e de lecture estim\u00e9e\" \/>\n\t<meta name=\"twitter:data2\" content=\"2 minutes\" \/>\n<script type=\"application\/ld+json\" class=\"yoast-schema-graph\">{\"@context\":\"https:\\\/\\\/schema.org\",\"@graph\":[{\"@type\":\"Article\",\"@id\":\"https:\\\/\\\/lasentinelle.dz\\\/index.php\\\/2022\\\/07\\\/20\\\/assassinat-du-jeune-djamel-bensmail-le-proces-reporte-a-la-prochaine-session-criminelle\\\/#article\",\"isPartOf\":{\"@id\":\"https:\\\/\\\/lasentinelle.dz\\\/index.php\\\/2022\\\/07\\\/20\\\/assassinat-du-jeune-djamel-bensmail-le-proces-reporte-a-la-prochaine-session-criminelle\\\/\"},\"author\":{\"name\":\"La Sentinelle\",\"@id\":\"https:\\\/\\\/lasentinelle.dz\\\/#\\\/schema\\\/person\\\/d865044e22e70a75174ce8bcad3acfb3\"},\"headline\":\"Assassinat du jeune\u00a0Djamel Bensmail\u00a0: Le proc\u00e8s report\u00e9 \u00e0 la prochaine session criminelle\",\"datePublished\":\"2022-07-19T23:05:00+00:00\",\"dateModified\":\"2022-07-20T19:31:16+00:00\",\"mainEntityOfPage\":{\"@id\":\"https:\\\/\\\/lasentinelle.dz\\\/index.php\\\/2022\\\/07\\\/20\\\/assassinat-du-jeune-djamel-bensmail-le-proces-reporte-a-la-prochaine-session-criminelle\\\/\"},\"wordCount\":392,\"commentCount\":0,\"publisher\":{\"@id\":\"https:\\\/\\\/lasentinelle.dz\\\/#organization\"},\"image\":{\"@id\":\"https:\\\/\\\/lasentinelle.dz\\\/index.php\\\/2022\\\/07\\\/20\\\/assassinat-du-jeune-djamel-bensmail-le-proces-reporte-a-la-prochaine-session-criminelle\\\/#primaryimage\"},\"thumbnailUrl\":\"https:\\\/\\\/lasentinelle.dz\\\/wp-content\\\/uploads\\\/2022\\\/07\\\/Djamel-ben-ismail.png\",\"articleSection\":[\"\u00c0 la Une\",\"Actualit\u00e9\"],\"inLanguage\":\"fr-FR\",\"potentialAction\":[{\"@type\":\"CommentAction\",\"name\":\"Comment\",\"target\":[\"https:\\\/\\\/lasentinelle.dz\\\/index.php\\\/2022\\\/07\\\/20\\\/assassinat-du-jeune-djamel-bensmail-le-proces-reporte-a-la-prochaine-session-criminelle\\\/#respond\"]}]},{\"@type\":\"WebPage\",\"@id\":\"https:\\\/\\\/lasentinelle.dz\\\/index.php\\\/2022\\\/07\\\/20\\\/assassinat-du-jeune-djamel-bensmail-le-proces-reporte-a-la-prochaine-session-criminelle\\\/\",\"url\":\"https:\\\/\\\/lasentinelle.dz\\\/index.php\\\/2022\\\/07\\\/20\\\/assassinat-du-jeune-djamel-bensmail-le-proces-reporte-a-la-prochaine-session-criminelle\\\/\",\"name\":\"Assassinat du jeune\u00a0Djamel Bensmail\u00a0: Le proc\u00e8s report\u00e9 \u00e0 la prochaine session criminelle - La Sentinelle\",\"isPartOf\":{\"@id\":\"https:\\\/\\\/lasentinelle.dz\\\/#website\"},\"primaryImageOfPage\":{\"@id\":\"https:\\\/\\\/lasentinelle.dz\\\/index.php\\\/2022\\\/07\\\/20\\\/assassinat-du-jeune-djamel-bensmail-le-proces-reporte-a-la-prochaine-session-criminelle\\\/#primaryimage\"},\"image\":{\"@id\":\"https:\\\/\\\/lasentinelle.dz\\\/index.php\\\/2022\\\/07\\\/20\\\/assassinat-du-jeune-djamel-bensmail-le-proces-reporte-a-la-prochaine-session-criminelle\\\/#primaryimage\"},\"thumbnailUrl\":\"https:\\\/\\\/lasentinelle.dz\\\/wp-content\\\/uploads\\\/2022\\\/07\\\/Djamel-ben-ismail.png\",\"datePublished\":\"2022-07-19T23:05:00+00:00\",\"dateModified\":\"2022-07-20T19:31:16+00:00\",\"breadcrumb\":{\"@id\":\"https:\\\/\\\/lasentinelle.dz\\\/index.php\\\/2022\\\/07\\\/20\\\/assassinat-du-jeune-djamel-bensmail-le-proces-reporte-a-la-prochaine-session-criminelle\\\/#breadcrumb\"},\"inLanguage\":\"fr-FR\",\"potentialAction\":[{\"@type\":\"ReadAction\",\"target\":[\"https:\\\/\\\/lasentinelle.dz\\\/index.php\\\/2022\\\/07\\\/20\\\/assassinat-du-jeune-djamel-bensmail-le-proces-reporte-a-la-prochaine-session-criminelle\\\/\"]}]},{\"@type\":\"ImageObject\",\"inLanguage\":\"fr-FR\",\"@id\":\"https:\\\/\\\/lasentinelle.dz\\\/index.php\\\/2022\\\/07\\\/20\\\/assassinat-du-jeune-djamel-bensmail-le-proces-reporte-a-la-prochaine-session-criminelle\\\/#primaryimage\",\"url\":\"https:\\\/\\\/lasentinelle.dz\\\/wp-content\\\/uploads\\\/2022\\\/07\\\/Djamel-ben-ismail.png\",\"contentUrl\":\"https:\\\/\\\/lasentinelle.dz\\\/wp-content\\\/uploads\\\/2022\\\/07\\\/Djamel-ben-ismail.png\",\"width\":1427,\"height\":900},{\"@type\":\"BreadcrumbList\",\"@id\":\"https:\\\/\\\/lasentinelle.dz\\\/index.php\\\/2022\\\/07\\\/20\\\/assassinat-du-jeune-djamel-bensmail-le-proces-reporte-a-la-prochaine-session-criminelle\\\/#breadcrumb\",\"itemListElement\":[{\"@type\":\"ListItem\",\"position\":1,\"name\":\"Accueil\",\"item\":\"https:\\\/\\\/lasentinelle.dz\\\/\"},{\"@type\":\"ListItem\",\"position\":2,\"name\":\"Assassinat du jeune\u00a0Djamel Bensmail\u00a0: Le proc\u00e8s report\u00e9 \u00e0 la prochaine session criminelle\"}]},{\"@type\":\"WebSite\",\"@id\":\"https:\\\/\\\/lasentinelle.dz\\\/#website\",\"url\":\"https:\\\/\\\/lasentinelle.dz\\\/\",\"name\":\"La Sentinelle\",\"description\":\"Quotidien national d&#039;information\",\"publisher\":{\"@id\":\"https:\\\/\\\/lasentinelle.dz\\\/#organization\"},\"potentialAction\":[{\"@type\":\"SearchAction\",\"target\":{\"@type\":\"EntryPoint\",\"urlTemplate\":\"https:\\\/\\\/lasentinelle.dz\\\/?s={search_term_string}\"},\"query-input\":{\"@type\":\"PropertyValueSpecification\",\"valueRequired\":true,\"valueName\":\"search_term_string\"}}],\"inLanguage\":\"fr-FR\"},{\"@type\":\"Organization\",\"@id\":\"https:\\\/\\\/lasentinelle.dz\\\/#organization\",\"name\":\"Quotidien La Sentinelle\",\"url\":\"https:\\\/\\\/lasentinelle.dz\\\/\",\"logo\":{\"@type\":\"ImageObject\",\"inLanguage\":\"fr-FR\",\"@id\":\"https:\\\/\\\/lasentinelle.dz\\\/#\\\/schema\\\/logo\\\/image\\\/\",\"url\":\"https:\\\/\\\/lasentinelle.dz\\\/wp-content\\\/uploads\\\/2021\\\/09\\\/logo-sentinelleSLOGAN-1.png\",\"contentUrl\":\"https:\\\/\\\/lasentinelle.dz\\\/wp-content\\\/uploads\\\/2021\\\/09\\\/logo-sentinelleSLOGAN-1.png\",\"width\":615,\"height\":142,\"caption\":\"Quotidien La Sentinelle\"},\"image\":{\"@id\":\"https:\\\/\\\/lasentinelle.dz\\\/#\\\/schema\\\/logo\\\/image\\\/\"},\"sameAs\":[\"https:\\\/\\\/www.facebook.com\\\/La-Sentinelle-104059864394773\"]},{\"@type\":\"Person\",\"@id\":\"https:\\\/\\\/lasentinelle.dz\\\/#\\\/schema\\\/person\\\/d865044e22e70a75174ce8bcad3acfb3\",\"name\":\"La Sentinelle\",\"image\":{\"@type\":\"ImageObject\",\"inLanguage\":\"fr-FR\",\"@id\":\"https:\\\/\\\/secure.gravatar.com\\\/avatar\\\/57de8e5d4b15d43fb361a71fbb36338450fe67865b528a43dd10ef7c51a20392?s=96&d=mm&r=g\",\"url\":\"https:\\\/\\\/secure.gravatar.com\\\/avatar\\\/57de8e5d4b15d43fb361a71fbb36338450fe67865b528a43dd10ef7c51a20392?s=96&d=mm&r=g\",\"contentUrl\":\"https:\\\/\\\/secure.gravatar.com\\\/avatar\\\/57de8e5d4b15d43fb361a71fbb36338450fe67865b528a43dd10ef7c51a20392?s=96&d=mm&r=g\",\"caption\":\"La Sentinelle\"},\"sameAs\":[\"http:\\\/\\\/www.lasentinelle.dz\"],\"url\":\"https:\\\/\\\/lasentinelle.dz\\\/author\\\/redaction\\\/\"}]}<\/script>\n<!-- \/ Yoast SEO plugin. -->","yoast_head_json":{"title":"Assassinat du jeune\u00a0Djamel Bensmail\u00a0: Le proc\u00e8s report\u00e9 \u00e0 la prochaine session criminelle - La Sentinelle","robots":{"index":"index","follow":"follow","max-snippet":"max-snippet:-1","max-image-preview":"max-image-preview:large","max-video-preview":"max-video-preview:-1"},"canonical":"https:\/\/lasentinelle.dz\/index.php\/2022\/07\/20\/assassinat-du-jeune-djamel-bensmail-le-proces-reporte-a-la-prochaine-session-criminelle\/","og_locale":"fr_FR","og_type":"article","og_title":"Assassinat du jeune\u00a0Djamel Bensmail\u00a0: Le proc\u00e8s report\u00e9 \u00e0 la prochaine session criminelle - La Sentinelle","og_description":"Le Tribunal&nbsp;criminel&nbsp;de Dar El-Beida&nbsp;a report\u00e9&nbsp;&nbsp;hier,&nbsp;\u00e0 la prochaine s\u00e9ance criminelle,&nbsp;&nbsp;le proc\u00e8s qui devait s\u2019ouvrir hier&nbsp;dans l\u2019affaire de l\u2019assassinat du&nbsp;jeune Djamel Bensmail,perp\u00e9tr\u00e9","og_url":"https:\/\/lasentinelle.dz\/index.php\/2022\/07\/20\/assassinat-du-jeune-djamel-bensmail-le-proces-reporte-a-la-prochaine-session-criminelle\/","og_site_name":"La Sentinelle","article_publisher":"https:\/\/www.facebook.com\/La-Sentinelle-104059864394773","article_published_time":"2022-07-19T23:05:00+00:00","article_modified_time":"2022-07-20T19:31:16+00:00","og_image":[{"width":1427,"height":900,"url":"https:\/\/lasentinelle.dz\/wp-content\/uploads\/2022\/07\/Djamel-ben-ismail.png","type":"image\/png"}],"author":"La Sentinelle","twitter_card":"summary_large_image","twitter_misc":{"\u00c9crit par":"La Sentinelle","Dur\u00e9e de lecture estim\u00e9e":"2 minutes"},"schema":{"@context":"https:\/\/schema.org","@graph":[{"@type":"Article","@id":"https:\/\/lasentinelle.dz\/index.php\/2022\/07\/20\/assassinat-du-jeune-djamel-bensmail-le-proces-reporte-a-la-prochaine-session-criminelle\/#article","isPartOf":{"@id":"https:\/\/lasentinelle.dz\/index.php\/2022\/07\/20\/assassinat-du-jeune-djamel-bensmail-le-proces-reporte-a-la-prochaine-session-criminelle\/"},"author":{"name":"La Sentinelle","@id":"https:\/\/lasentinelle.dz\/#\/schema\/person\/d865044e22e70a75174ce8bcad3acfb3"},"headline":"Assassinat du jeune\u00a0Djamel Bensmail\u00a0: Le proc\u00e8s report\u00e9 \u00e0 la prochaine session criminelle","datePublished":"2022-07-19T23:05:00+00:00","dateModified":"2022-07-20T19:31:16+00:00","mainEntityOfPage":{"@id":"https:\/\/lasentinelle.dz\/index.php\/2022\/07\/20\/assassinat-du-jeune-djamel-bensmail-le-proces-reporte-a-la-prochaine-session-criminelle\/"},"wordCount":392,"commentCount":0,"publisher":{"@id":"https:\/\/lasentinelle.dz\/#organization"},"image":{"@id":"https:\/\/lasentinelle.dz\/index.php\/2022\/07\/20\/assassinat-du-jeune-djamel-bensmail-le-proces-reporte-a-la-prochaine-session-criminelle\/#primaryimage"},"thumbnailUrl":"https:\/\/lasentinelle.dz\/wp-content\/uploads\/2022\/07\/Djamel-ben-ismail.png","articleSection":["\u00c0 la Une","Actualit\u00e9"],"inLanguage":"fr-FR","potentialAction":[{"@type":"CommentAction","name":"Comment","target":["https:\/\/lasentinelle.dz\/index.php\/2022\/07\/20\/assassinat-du-jeune-djamel-bensmail-le-proces-reporte-a-la-prochaine-session-criminelle\/#respond"]}]},{"@type":"WebPage","@id":"https:\/\/lasentinelle.dz\/index.php\/2022\/07\/20\/assassinat-du-jeune-djamel-bensmail-le-proces-reporte-a-la-prochaine-session-criminelle\/","url":"https:\/\/lasentinelle.dz\/index.php\/2022\/07\/20\/assassinat-du-jeune-djamel-bensmail-le-proces-reporte-a-la-prochaine-session-criminelle\/","name":"Assassinat du jeune\u00a0Djamel Bensmail\u00a0: Le proc\u00e8s report\u00e9 \u00e0 la prochaine session criminelle - La Sentinelle","isPartOf":{"@id":"https:\/\/lasentinelle.dz\/#website"},"primaryImageOfPage":{"@id":"https:\/\/lasentinelle.dz\/index.php\/2022\/07\/20\/assassinat-du-jeune-djamel-bensmail-le-proces-reporte-a-la-prochaine-session-criminelle\/#primaryimage"},"image":{"@id":"https:\/\/lasentinelle.dz\/index.php\/2022\/07\/20\/assassinat-du-jeune-djamel-bensmail-le-proces-reporte-a-la-prochaine-session-criminelle\/#primaryimage"},"thumbnailUrl":"https:\/\/lasentinelle.dz\/wp-content\/uploads\/2022\/07\/Djamel-ben-ismail.png","datePublished":"2022-07-19T23:05:00+00:00","dateModified":"2022-07-20T19:31:16+00:00","breadcrumb":{"@id":"https:\/\/lasentinelle.dz\/index.php\/2022\/07\/20\/assassinat-du-jeune-djamel-bensmail-le-proces-reporte-a-la-prochaine-session-criminelle\/#breadcrumb"},"inLanguage":"fr-FR","potentialAction":[{"@type":"ReadAction","target":["https:\/\/lasentinelle.dz\/index.php\/2022\/07\/20\/assassinat-du-jeune-djamel-bensmail-le-proces-reporte-a-la-prochaine-session-criminelle\/"]}]},{"@type":"ImageObject","inLanguage":"fr-FR","@id":"https:\/\/lasentinelle.dz\/index.php\/2022\/07\/20\/assassinat-du-jeune-djamel-bensmail-le-proces-reporte-a-la-prochaine-session-criminelle\/#primaryimage","url":"https:\/\/lasentinelle.dz\/wp-content\/uploads\/2022\/07\/Djamel-ben-ismail.png","contentUrl":"https:\/\/lasentinelle.dz\/wp-content\/uploads\/2022\/07\/Djamel-ben-ismail.png","width":1427,"height":900},{"@type":"BreadcrumbList","@id":"https:\/\/lasentinelle.dz\/index.php\/2022\/07\/20\/assassinat-du-jeune-djamel-bensmail-le-proces-reporte-a-la-prochaine-session-criminelle\/#breadcrumb","itemListElement":[{"@type":"ListItem","position":1,"name":"Accueil","item":"https:\/\/lasentinelle.dz\/"},{"@type":"ListItem","position":2,"name":"Assassinat du jeune\u00a0Djamel Bensmail\u00a0: Le proc\u00e8s report\u00e9 \u00e0 la prochaine session criminelle"}]},{"@type":"WebSite","@id":"https:\/\/lasentinelle.dz\/#website","url":"https:\/\/lasentinelle.dz\/","name":"La Sentinelle","description":"Quotidien national d&#039;information","publisher":{"@id":"https:\/\/lasentinelle.dz\/#organization"},"potentialAction":[{"@type":"SearchAction","target":{"@type":"EntryPoint","urlTemplate":"https:\/\/lasentinelle.dz\/?s={search_term_string}"},"query-input":{"@type":"PropertyValueSpecification","valueRequired":true,"valueName":"search_term_string"}}],"inLanguage":"fr-FR"},{"@type":"Organization","@id":"https:\/\/lasentinelle.dz\/#organization","name":"Quotidien La Sentinelle","url":"https:\/\/lasentinelle.dz\/","logo":{"@type":"ImageObject","inLanguage":"fr-FR","@id":"https:\/\/lasentinelle.dz\/#\/schema\/logo\/image\/","url":"https:\/\/lasentinelle.dz\/wp-content\/uploads\/2021\/09\/logo-sentinelleSLOGAN-1.png","contentUrl":"https:\/\/lasentinelle.dz\/wp-content\/uploads\/2021\/09\/logo-sentinelleSLOGAN-1.png","width":615,"height":142,"caption":"Quotidien La Sentinelle"},"image":{"@id":"https:\/\/lasentinelle.dz\/#\/schema\/logo\/image\/"},"sameAs":["https:\/\/www.facebook.com\/La-Sentinelle-104059864394773"]},{"@type":"Person","@id":"https:\/\/lasentinelle.dz\/#\/schema\/person\/d865044e22e70a75174ce8bcad3acfb3","name":"La Sentinelle","image":{"@type":"ImageObject","inLanguage":"fr-FR","@id":"https:\/\/secure.gravatar.com\/avatar\/57de8e5d4b15d43fb361a71fbb36338450fe67865b528a43dd10ef7c51a20392?s=96&d=mm&r=g","url":"https:\/\/secure.gravatar.com\/avatar\/57de8e5d4b15d43fb361a71fbb36338450fe67865b528a43dd10ef7c51a20392?s=96&d=mm&r=g","contentUrl":"https:\/\/secure.gravatar.com\/avatar\/57de8e5d4b15d43fb361a71fbb36338450fe67865b528a43dd10ef7c51a20392?s=96&d=mm&r=g","caption":"La Sentinelle"},"sameAs":["http:\/\/www.lasentinelle.dz"],"url":"https:\/\/lasentinelle.dz\/author\/redaction\/"}]}},"_links":{"self":[{"href":"https:\/\/lasentinelle.dz\/index.php\/wp-json\/wp\/v2\/posts\/24406","targetHints":{"allow":["GET"]}}],"collection":[{"href":"https:\/\/lasentinelle.dz\/index.php\/wp-json\/wp\/v2\/posts"}],"about":[{"href":"https:\/\/lasentinelle.dz\/index.php\/wp-json\/wp\/v2\/types\/post"}],"author":[{"embeddable":true,"href":"https:\/\/lasentinelle.dz\/index.php\/wp-json\/wp\/v2\/users\/3"}],"replies":[{"embeddable":true,"href":"https:\/\/lasentinelle.dz\/index.php\/wp-json\/wp\/v2\/comments?post=24406"}],"version-history":[{"count":1,"href":"https:\/\/lasentinelle.dz\/index.php\/wp-json\/wp\/v2\/posts\/24406\/revisions"}],"predecessor-version":[{"id":24414,"href":"https:\/\/lasentinelle.dz\/index.php\/wp-json\/wp\/v2\/posts\/24406\/revisions\/24414"}],"wp:featuredmedia":[{"embeddable":true,"href":"https:\/\/lasentinelle.dz\/index.php\/wp-json\/wp\/v2\/media\/24413"}],"wp:attachment":[{"href":"https:\/\/lasentinelle.dz\/index.php\/wp-json\/wp\/v2\/media?parent=24406"}],"wp:term":[{"taxonomy":"category","embeddable":true,"href":"https:\/\/lasentinelle.dz\/index.php\/wp-json\/wp\/v2\/categories?post=24406"},{"taxonomy":"post_tag","embeddable":true,"href":"https:\/\/lasentinelle.dz\/index.php\/wp-json\/wp\/v2\/tags?post=24406"}],"curies":[{"name":"wp","href":"https:\/\/api.w.org\/{rel}","templated":true}]}}