{"id":24420,"date":"2022-07-20T00:01:00","date_gmt":"2022-07-19T23:01:00","guid":{"rendered":"https:\/\/lasentinelle.dz\/?p=24420"},"modified":"2022-07-19T21:03:20","modified_gmt":"2022-07-19T20:03:20","slug":"cooperation-algero-italienne-la-pme-lautre-axe-strategique","status":"publish","type":"post","link":"https:\/\/lasentinelle.dz\/index.php\/2022\/07\/20\/cooperation-algero-italienne-la-pme-lautre-axe-strategique\/","title":{"rendered":"Coop\u00e9ration alg\u00e9ro-italienne\u00a0: La PME, l\u2019autre axe strat\u00e9gique"},"content":{"rendered":"\n<p>Le Directeur g\u00e9n\u00e9ral par int\u00e9rim de l\u2019Agence nationale&nbsp;d\u2019appui au&nbsp;d\u00e9veloppement de l\u2019entrepreneuriat&nbsp;(ANADE), Mohamed Cherif Bouziane, a indiqu\u00e9&nbsp;hier&nbsp;que \u00able protocole d\u2019accord sign\u00e9 avec la conf\u00e9d\u00e9ration italienne des petites et moyennes industries priv\u00e9es dans le domaine des micro-entreprises constitue un acquis important pour l\u2019Algerie\u00bb. S\u2019exprimant hier&nbsp;sur les ondes&nbsp;&nbsp;de la chaine 1 de la radio nationale,&nbsp;le m\u00eame responsable a expliqu\u00e9&nbsp;&nbsp;que \u00ab le&nbsp;m\u00e9morandum vise \u00e0 renforcer la coop\u00e9ration \u00e9conomique, commerciale et technique entre les deux parties et de profiter \u00e9galement de l\u2019exp\u00e9rience de pointe de l\u2019Italie dans le domaine des micro-entreprises\u00bb, pr\u00e9cisant que \u00abl\u2019Italie est devenue parmi les premiers partenaires privil\u00e9gi\u00e9s par l\u2019Algerie de par son mod\u00e8le \u00e9conomique similaire \u00e0 celui de l\u2019\u00e9conomie nationale\u00bb. L\u2019Invit\u00e9 de la Radio a soulign\u00e9 que \u00ables micro-entreprises sont les piliers de l\u2019\u00e9conomie nationale et b\u00e9n\u00e9ficieront amplement de cet accord, qui leur permettra de s\u2019ouvrir aux march\u00e9s \u00e9trangers, au marketing num\u00e9rique et d\u2019am\u00e9liorer la qualit\u00e9 de leurs produits au niveau du march\u00e9 national\u00bb. Bouziane a \u00e9galement affirm\u00e9 que \u00abcet&nbsp;accord&nbsp;apportera une valeur ajout\u00e9e \u00e0 l\u2019\u00e9conomie nationale, d\u2019autant plus que&nbsp;l\u2019objectif&nbsp;des autorit\u00e9s est d\u2019assurer l\u2019autosuffisance, la s\u00e9curit\u00e9 alimentaire et la promotion d\u2019un espace concurrentiel du produit alg\u00e9rien\u00bb. Evoquant les secteurs cibles,&nbsp;le responsable de l\u2019ANADE&nbsp;a not\u00e9 que \u00ables industries alimentaires, les huiles, le cuir de laine et les zones de production d\u2019\u00e9quipements industriels seront les principaux b\u00e9n\u00e9ficiaires de ce m\u00e9morandum\u00bb.&nbsp;Il&nbsp;a&nbsp;\u00e9galementsoulign\u00e9 que \u00ables PME constituent 97% du tissu industriel&nbsp;en&nbsp;Alg\u00e9rie pour lesquelles&nbsp;il est imp\u00e9ratif d\u2019accorder&nbsp;&nbsp;une attention particuli\u00e8re \u00bb. Selon Cherif Bouziane l\u2019Algerie compte plus 1.4 million micro-entreprises cr\u00e9\u00e9es dans le cadre des trois organes de soutien \u00e0 l\u2019emploi, \u00e0 savoir l\u2019Anade, la Cnac, et l\u2019Angem, ces entreprises ont cr\u00e9\u00e9 plus de 2.5&nbsp;&nbsp;millions d\u2019emplois.<\/p>\n\n\n\n<p>Pour rappel, l\u2019ANADE&nbsp;a sign\u00e9, lundi \u00e0 Alger, un m\u00e9morandum d&rsquo;entente avec la Conf\u00e9d\u00e9ration italienne des petites et moyennes industries priv\u00e9es (CONFAPI), dans le domaine des micro-entreprises et de l&rsquo;entrepreneuriat.&nbsp;Ce m\u00e9morandum vise \u00e0 renforcer la coop\u00e9ration \u00e9conomique, commerciale et technique entre l&rsquo;ANADE et la CONFAPI, notamment en ce qui concerne l&rsquo;am\u00e9lioration de la comp\u00e9titivit\u00e9 des entreprises sur les march\u00e9s mondiaux, a indiqu\u00e9 un communiqu\u00e9 des services du minist\u00e8re d\u00e9l\u00e9gu\u00e9 charg\u00e9 de la Micro-Entreprise.&nbsp;Il vise \u00e9galement \u00e0 encourager les entreprises italiennes activant dans les domaines de la production des \u00e9quipements industriels adapt\u00e9s aux besoins des micro-entreprises, \u00e0 s&rsquo;installer en Alg\u00e9rie, et \u00e0 d\u00e9velopper les capacit\u00e9s de l&rsquo;ANADE, notamment en termes de qualit\u00e9, et \u00e0 s&rsquo;ouvrir sur les march\u00e9s \u00e9trangers et le marketing num\u00e9rique.&nbsp;Le m\u00e9morandum pr\u00e9voit \u00e9galement une assistance technique pour d\u00e9velopper des outils d&rsquo;\u00e9valuation des projets \u00e0 travers le syst\u00e8me d&rsquo;enregistrement au profit de l&rsquo;ANADE et une assistance technique pour d\u00e9velopper l&rsquo;innovation ouverte au sein des entreprises alg\u00e9riennes, y compris les micro entreprises, conclut le communiqu\u00e9.<\/p>\n\n\n\n<p><strong>Amar Malki<\/strong><\/p>\n","protected":false},"excerpt":{"rendered":"<p>Le Directeur g\u00e9n\u00e9ral par int\u00e9rim de l\u2019Agence nationale&nbsp;d\u2019appui au&nbsp;d\u00e9veloppement de l\u2019entrepreneuriat&nbsp;(ANADE), Mohamed Cherif Bouziane, a indiqu\u00e9&nbsp;hier&nbsp;que \u00able protocole d\u2019accord sign\u00e9<\/p>\n","protected":false},"author":3,"featured_media":24436,"comment_status":"open","ping_status":"closed","sticky":false,"template":"","format":"standard","meta":{"colormag_page_container_layout":"default_layout","colormag_page_sidebar_layout":"default_layout","om_disable_all_campaigns":false,"_monsterinsights_skip_tracking":false,"_monsterinsights_sitenote_active":false,"_monsterinsights_sitenote_note":"","_monsterinsights_sitenote_category":0,"footnotes":"","_wpscppro_dont_share_socialmedia":false,"_wpscppro_custom_social_share_image":0,"_facebook_share_type":"","_twitter_share_type":"","_linkedin_share_type":"","_pinterest_share_type":"","_linkedin_share_type_page":"","_instagram_share_type":"","_medium_share_type":"","_threads_share_type":"","_google_business_share_type":"","_selected_social_profile":[],"_wpsp_enable_custom_social_template":false,"_wpsp_social_scheduling":{"enabled":false,"datetime":null,"platforms":[],"status":"template_only","dateOption":"today","timeOption":"now","customDays":"","customHours":"","customDate":"","customTime":"","schedulingType":"absolute"},"_wpsp_active_default_template":true},"categories":[29],"tags":[],"class_list":["post-24420","post","type-post","status-publish","format-standard","has-post-thumbnail","hentry","category-economie"],"aioseo_notices":[],"yoast_head":"<!-- This site is optimized with the Yoast SEO plugin v27.5 - https:\/\/yoast.com\/product\/yoast-seo-wordpress\/ -->\n<title>Coop\u00e9ration alg\u00e9ro-italienne\u00a0: La PME, l\u2019autre axe strat\u00e9gique - La Sentinelle<\/title>\n<meta name=\"robots\" content=\"index, follow, max-snippet:-1, max-image-preview:large, max-video-preview:-1\" \/>\n<link rel=\"canonical\" href=\"https:\/\/lasentinelle.dz\/index.php\/2022\/07\/20\/cooperation-algero-italienne-la-pme-lautre-axe-strategique\/\" \/>\n<meta property=\"og:locale\" content=\"fr_FR\" \/>\n<meta property=\"og:type\" content=\"article\" \/>\n<meta property=\"og:title\" content=\"Coop\u00e9ration alg\u00e9ro-italienne\u00a0: La PME, l\u2019autre axe strat\u00e9gique - La Sentinelle\" \/>\n<meta property=\"og:description\" content=\"Le Directeur g\u00e9n\u00e9ral par int\u00e9rim de l\u2019Agence nationale&nbsp;d\u2019appui au&nbsp;d\u00e9veloppement de l\u2019entrepreneuriat&nbsp;(ANADE), Mohamed Cherif Bouziane, a indiqu\u00e9&nbsp;hier&nbsp;que \u00able protocole d\u2019accord sign\u00e9\" \/>\n<meta property=\"og:url\" content=\"https:\/\/lasentinelle.dz\/index.php\/2022\/07\/20\/cooperation-algero-italienne-la-pme-lautre-axe-strategique\/\" \/>\n<meta property=\"og:site_name\" content=\"La Sentinelle\" \/>\n<meta property=\"article:publisher\" content=\"https:\/\/www.facebook.com\/La-Sentinelle-104059864394773\" \/>\n<meta property=\"article:published_time\" content=\"2022-07-19T23:01:00+00:00\" \/>\n<meta property=\"og:image\" content=\"https:\/\/lasentinelle.dz\/wp-content\/uploads\/2022\/07\/dba5bcf26003f2ea225c03b8001748c0.jpg\" \/>\n\t<meta property=\"og:image:width\" content=\"745\" \/>\n\t<meta property=\"og:image:height\" content=\"470\" \/>\n\t<meta property=\"og:image:type\" content=\"image\/jpeg\" \/>\n<meta name=\"author\" content=\"La Sentinelle\" \/>\n<meta name=\"twitter:card\" content=\"summary_large_image\" \/>\n<meta name=\"twitter:label1\" content=\"\u00c9crit par\" \/>\n\t<meta name=\"twitter:data1\" content=\"La Sentinelle\" \/>\n\t<meta name=\"twitter:label2\" content=\"Dur\u00e9e de lecture estim\u00e9e\" \/>\n\t<meta name=\"twitter:data2\" content=\"3 minutes\" \/>\n<script type=\"application\/ld+json\" class=\"yoast-schema-graph\">{\"@context\":\"https:\\\/\\\/schema.org\",\"@graph\":[{\"@type\":\"Article\",\"@id\":\"https:\\\/\\\/lasentinelle.dz\\\/index.php\\\/2022\\\/07\\\/20\\\/cooperation-algero-italienne-la-pme-lautre-axe-strategique\\\/#article\",\"isPartOf\":{\"@id\":\"https:\\\/\\\/lasentinelle.dz\\\/index.php\\\/2022\\\/07\\\/20\\\/cooperation-algero-italienne-la-pme-lautre-axe-strategique\\\/\"},\"author\":{\"name\":\"La Sentinelle\",\"@id\":\"https:\\\/\\\/lasentinelle.dz\\\/#\\\/schema\\\/person\\\/d865044e22e70a75174ce8bcad3acfb3\"},\"headline\":\"Coop\u00e9ration alg\u00e9ro-italienne\u00a0: La PME, l\u2019autre axe strat\u00e9gique\",\"datePublished\":\"2022-07-19T23:01:00+00:00\",\"mainEntityOfPage\":{\"@id\":\"https:\\\/\\\/lasentinelle.dz\\\/index.php\\\/2022\\\/07\\\/20\\\/cooperation-algero-italienne-la-pme-lautre-axe-strategique\\\/\"},\"wordCount\":582,\"commentCount\":0,\"publisher\":{\"@id\":\"https:\\\/\\\/lasentinelle.dz\\\/#organization\"},\"image\":{\"@id\":\"https:\\\/\\\/lasentinelle.dz\\\/index.php\\\/2022\\\/07\\\/20\\\/cooperation-algero-italienne-la-pme-lautre-axe-strategique\\\/#primaryimage\"},\"thumbnailUrl\":\"https:\\\/\\\/lasentinelle.dz\\\/wp-content\\\/uploads\\\/2022\\\/07\\\/dba5bcf26003f2ea225c03b8001748c0.jpg\",\"articleSection\":[\"\u00c9conomie\"],\"inLanguage\":\"fr-FR\",\"potentialAction\":[{\"@type\":\"CommentAction\",\"name\":\"Comment\",\"target\":[\"https:\\\/\\\/lasentinelle.dz\\\/index.php\\\/2022\\\/07\\\/20\\\/cooperation-algero-italienne-la-pme-lautre-axe-strategique\\\/#respond\"]}]},{\"@type\":\"WebPage\",\"@id\":\"https:\\\/\\\/lasentinelle.dz\\\/index.php\\\/2022\\\/07\\\/20\\\/cooperation-algero-italienne-la-pme-lautre-axe-strategique\\\/\",\"url\":\"https:\\\/\\\/lasentinelle.dz\\\/index.php\\\/2022\\\/07\\\/20\\\/cooperation-algero-italienne-la-pme-lautre-axe-strategique\\\/\",\"name\":\"Coop\u00e9ration alg\u00e9ro-italienne\u00a0: La PME, l\u2019autre axe strat\u00e9gique - La Sentinelle\",\"isPartOf\":{\"@id\":\"https:\\\/\\\/lasentinelle.dz\\\/#website\"},\"primaryImageOfPage\":{\"@id\":\"https:\\\/\\\/lasentinelle.dz\\\/index.php\\\/2022\\\/07\\\/20\\\/cooperation-algero-italienne-la-pme-lautre-axe-strategique\\\/#primaryimage\"},\"image\":{\"@id\":\"https:\\\/\\\/lasentinelle.dz\\\/index.php\\\/2022\\\/07\\\/20\\\/cooperation-algero-italienne-la-pme-lautre-axe-strategique\\\/#primaryimage\"},\"thumbnailUrl\":\"https:\\\/\\\/lasentinelle.dz\\\/wp-content\\\/uploads\\\/2022\\\/07\\\/dba5bcf26003f2ea225c03b8001748c0.jpg\",\"datePublished\":\"2022-07-19T23:01:00+00:00\",\"breadcrumb\":{\"@id\":\"https:\\\/\\\/lasentinelle.dz\\\/index.php\\\/2022\\\/07\\\/20\\\/cooperation-algero-italienne-la-pme-lautre-axe-strategique\\\/#breadcrumb\"},\"inLanguage\":\"fr-FR\",\"potentialAction\":[{\"@type\":\"ReadAction\",\"target\":[\"https:\\\/\\\/lasentinelle.dz\\\/index.php\\\/2022\\\/07\\\/20\\\/cooperation-algero-italienne-la-pme-lautre-axe-strategique\\\/\"]}]},{\"@type\":\"ImageObject\",\"inLanguage\":\"fr-FR\",\"@id\":\"https:\\\/\\\/lasentinelle.dz\\\/index.php\\\/2022\\\/07\\\/20\\\/cooperation-algero-italienne-la-pme-lautre-axe-strategique\\\/#primaryimage\",\"url\":\"https:\\\/\\\/lasentinelle.dz\\\/wp-content\\\/uploads\\\/2022\\\/07\\\/dba5bcf26003f2ea225c03b8001748c0.jpg\",\"contentUrl\":\"https:\\\/\\\/lasentinelle.dz\\\/wp-content\\\/uploads\\\/2022\\\/07\\\/dba5bcf26003f2ea225c03b8001748c0.jpg\",\"width\":745,\"height\":470},{\"@type\":\"BreadcrumbList\",\"@id\":\"https:\\\/\\\/lasentinelle.dz\\\/index.php\\\/2022\\\/07\\\/20\\\/cooperation-algero-italienne-la-pme-lautre-axe-strategique\\\/#breadcrumb\",\"itemListElement\":[{\"@type\":\"ListItem\",\"position\":1,\"name\":\"Accueil\",\"item\":\"https:\\\/\\\/lasentinelle.dz\\\/\"},{\"@type\":\"ListItem\",\"position\":2,\"name\":\"Coop\u00e9ration alg\u00e9ro-italienne\u00a0: La PME, l\u2019autre axe strat\u00e9gique\"}]},{\"@type\":\"WebSite\",\"@id\":\"https:\\\/\\\/lasentinelle.dz\\\/#website\",\"url\":\"https:\\\/\\\/lasentinelle.dz\\\/\",\"name\":\"La Sentinelle\",\"description\":\"Quotidien national d&#039;information\",\"publisher\":{\"@id\":\"https:\\\/\\\/lasentinelle.dz\\\/#organization\"},\"potentialAction\":[{\"@type\":\"SearchAction\",\"target\":{\"@type\":\"EntryPoint\",\"urlTemplate\":\"https:\\\/\\\/lasentinelle.dz\\\/?s={search_term_string}\"},\"query-input\":{\"@type\":\"PropertyValueSpecification\",\"valueRequired\":true,\"valueName\":\"search_term_string\"}}],\"inLanguage\":\"fr-FR\"},{\"@type\":\"Organization\",\"@id\":\"https:\\\/\\\/lasentinelle.dz\\\/#organization\",\"name\":\"Quotidien La Sentinelle\",\"url\":\"https:\\\/\\\/lasentinelle.dz\\\/\",\"logo\":{\"@type\":\"ImageObject\",\"inLanguage\":\"fr-FR\",\"@id\":\"https:\\\/\\\/lasentinelle.dz\\\/#\\\/schema\\\/logo\\\/image\\\/\",\"url\":\"https:\\\/\\\/lasentinelle.dz\\\/wp-content\\\/uploads\\\/2021\\\/09\\\/logo-sentinelleSLOGAN-1.png\",\"contentUrl\":\"https:\\\/\\\/lasentinelle.dz\\\/wp-content\\\/uploads\\\/2021\\\/09\\\/logo-sentinelleSLOGAN-1.png\",\"width\":615,\"height\":142,\"caption\":\"Quotidien La Sentinelle\"},\"image\":{\"@id\":\"https:\\\/\\\/lasentinelle.dz\\\/#\\\/schema\\\/logo\\\/image\\\/\"},\"sameAs\":[\"https:\\\/\\\/www.facebook.com\\\/La-Sentinelle-104059864394773\"]},{\"@type\":\"Person\",\"@id\":\"https:\\\/\\\/lasentinelle.dz\\\/#\\\/schema\\\/person\\\/d865044e22e70a75174ce8bcad3acfb3\",\"name\":\"La Sentinelle\",\"image\":{\"@type\":\"ImageObject\",\"inLanguage\":\"fr-FR\",\"@id\":\"https:\\\/\\\/secure.gravatar.com\\\/avatar\\\/57de8e5d4b15d43fb361a71fbb36338450fe67865b528a43dd10ef7c51a20392?s=96&d=mm&r=g\",\"url\":\"https:\\\/\\\/secure.gravatar.com\\\/avatar\\\/57de8e5d4b15d43fb361a71fbb36338450fe67865b528a43dd10ef7c51a20392?s=96&d=mm&r=g\",\"contentUrl\":\"https:\\\/\\\/secure.gravatar.com\\\/avatar\\\/57de8e5d4b15d43fb361a71fbb36338450fe67865b528a43dd10ef7c51a20392?s=96&d=mm&r=g\",\"caption\":\"La Sentinelle\"},\"sameAs\":[\"http:\\\/\\\/www.lasentinelle.dz\"],\"url\":\"https:\\\/\\\/lasentinelle.dz\\\/author\\\/redaction\\\/\"}]}<\/script>\n<!-- \/ Yoast SEO plugin. -->","yoast_head_json":{"title":"Coop\u00e9ration alg\u00e9ro-italienne\u00a0: La PME, l\u2019autre axe strat\u00e9gique - La Sentinelle","robots":{"index":"index","follow":"follow","max-snippet":"max-snippet:-1","max-image-preview":"max-image-preview:large","max-video-preview":"max-video-preview:-1"},"canonical":"https:\/\/lasentinelle.dz\/index.php\/2022\/07\/20\/cooperation-algero-italienne-la-pme-lautre-axe-strategique\/","og_locale":"fr_FR","og_type":"article","og_title":"Coop\u00e9ration alg\u00e9ro-italienne\u00a0: La PME, l\u2019autre axe strat\u00e9gique - La Sentinelle","og_description":"Le Directeur g\u00e9n\u00e9ral par int\u00e9rim de l\u2019Agence nationale&nbsp;d\u2019appui au&nbsp;d\u00e9veloppement de l\u2019entrepreneuriat&nbsp;(ANADE), Mohamed Cherif Bouziane, a indiqu\u00e9&nbsp;hier&nbsp;que \u00able protocole d\u2019accord sign\u00e9","og_url":"https:\/\/lasentinelle.dz\/index.php\/2022\/07\/20\/cooperation-algero-italienne-la-pme-lautre-axe-strategique\/","og_site_name":"La Sentinelle","article_publisher":"https:\/\/www.facebook.com\/La-Sentinelle-104059864394773","article_published_time":"2022-07-19T23:01:00+00:00","og_image":[{"width":745,"height":470,"url":"https:\/\/lasentinelle.dz\/wp-content\/uploads\/2022\/07\/dba5bcf26003f2ea225c03b8001748c0.jpg","type":"image\/jpeg"}],"author":"La Sentinelle","twitter_card":"summary_large_image","twitter_misc":{"\u00c9crit par":"La Sentinelle","Dur\u00e9e de lecture estim\u00e9e":"3 minutes"},"schema":{"@context":"https:\/\/schema.org","@graph":[{"@type":"Article","@id":"https:\/\/lasentinelle.dz\/index.php\/2022\/07\/20\/cooperation-algero-italienne-la-pme-lautre-axe-strategique\/#article","isPartOf":{"@id":"https:\/\/lasentinelle.dz\/index.php\/2022\/07\/20\/cooperation-algero-italienne-la-pme-lautre-axe-strategique\/"},"author":{"name":"La Sentinelle","@id":"https:\/\/lasentinelle.dz\/#\/schema\/person\/d865044e22e70a75174ce8bcad3acfb3"},"headline":"Coop\u00e9ration alg\u00e9ro-italienne\u00a0: La PME, l\u2019autre axe strat\u00e9gique","datePublished":"2022-07-19T23:01:00+00:00","mainEntityOfPage":{"@id":"https:\/\/lasentinelle.dz\/index.php\/2022\/07\/20\/cooperation-algero-italienne-la-pme-lautre-axe-strategique\/"},"wordCount":582,"commentCount":0,"publisher":{"@id":"https:\/\/lasentinelle.dz\/#organization"},"image":{"@id":"https:\/\/lasentinelle.dz\/index.php\/2022\/07\/20\/cooperation-algero-italienne-la-pme-lautre-axe-strategique\/#primaryimage"},"thumbnailUrl":"https:\/\/lasentinelle.dz\/wp-content\/uploads\/2022\/07\/dba5bcf26003f2ea225c03b8001748c0.jpg","articleSection":["\u00c9conomie"],"inLanguage":"fr-FR","potentialAction":[{"@type":"CommentAction","name":"Comment","target":["https:\/\/lasentinelle.dz\/index.php\/2022\/07\/20\/cooperation-algero-italienne-la-pme-lautre-axe-strategique\/#respond"]}]},{"@type":"WebPage","@id":"https:\/\/lasentinelle.dz\/index.php\/2022\/07\/20\/cooperation-algero-italienne-la-pme-lautre-axe-strategique\/","url":"https:\/\/lasentinelle.dz\/index.php\/2022\/07\/20\/cooperation-algero-italienne-la-pme-lautre-axe-strategique\/","name":"Coop\u00e9ration alg\u00e9ro-italienne\u00a0: La PME, l\u2019autre axe strat\u00e9gique - La Sentinelle","isPartOf":{"@id":"https:\/\/lasentinelle.dz\/#website"},"primaryImageOfPage":{"@id":"https:\/\/lasentinelle.dz\/index.php\/2022\/07\/20\/cooperation-algero-italienne-la-pme-lautre-axe-strategique\/#primaryimage"},"image":{"@id":"https:\/\/lasentinelle.dz\/index.php\/2022\/07\/20\/cooperation-algero-italienne-la-pme-lautre-axe-strategique\/#primaryimage"},"thumbnailUrl":"https:\/\/lasentinelle.dz\/wp-content\/uploads\/2022\/07\/dba5bcf26003f2ea225c03b8001748c0.jpg","datePublished":"2022-07-19T23:01:00+00:00","breadcrumb":{"@id":"https:\/\/lasentinelle.dz\/index.php\/2022\/07\/20\/cooperation-algero-italienne-la-pme-lautre-axe-strategique\/#breadcrumb"},"inLanguage":"fr-FR","potentialAction":[{"@type":"ReadAction","target":["https:\/\/lasentinelle.dz\/index.php\/2022\/07\/20\/cooperation-algero-italienne-la-pme-lautre-axe-strategique\/"]}]},{"@type":"ImageObject","inLanguage":"fr-FR","@id":"https:\/\/lasentinelle.dz\/index.php\/2022\/07\/20\/cooperation-algero-italienne-la-pme-lautre-axe-strategique\/#primaryimage","url":"https:\/\/lasentinelle.dz\/wp-content\/uploads\/2022\/07\/dba5bcf26003f2ea225c03b8001748c0.jpg","contentUrl":"https:\/\/lasentinelle.dz\/wp-content\/uploads\/2022\/07\/dba5bcf26003f2ea225c03b8001748c0.jpg","width":745,"height":470},{"@type":"BreadcrumbList","@id":"https:\/\/lasentinelle.dz\/index.php\/2022\/07\/20\/cooperation-algero-italienne-la-pme-lautre-axe-strategique\/#breadcrumb","itemListElement":[{"@type":"ListItem","position":1,"name":"Accueil","item":"https:\/\/lasentinelle.dz\/"},{"@type":"ListItem","position":2,"name":"Coop\u00e9ration alg\u00e9ro-italienne\u00a0: La PME, l\u2019autre axe strat\u00e9gique"}]},{"@type":"WebSite","@id":"https:\/\/lasentinelle.dz\/#website","url":"https:\/\/lasentinelle.dz\/","name":"La Sentinelle","description":"Quotidien national d&#039;information","publisher":{"@id":"https:\/\/lasentinelle.dz\/#organization"},"potentialAction":[{"@type":"SearchAction","target":{"@type":"EntryPoint","urlTemplate":"https:\/\/lasentinelle.dz\/?s={search_term_string}"},"query-input":{"@type":"PropertyValueSpecification","valueRequired":true,"valueName":"search_term_string"}}],"inLanguage":"fr-FR"},{"@type":"Organization","@id":"https:\/\/lasentinelle.dz\/#organization","name":"Quotidien La Sentinelle","url":"https:\/\/lasentinelle.dz\/","logo":{"@type":"ImageObject","inLanguage":"fr-FR","@id":"https:\/\/lasentinelle.dz\/#\/schema\/logo\/image\/","url":"https:\/\/lasentinelle.dz\/wp-content\/uploads\/2021\/09\/logo-sentinelleSLOGAN-1.png","contentUrl":"https:\/\/lasentinelle.dz\/wp-content\/uploads\/2021\/09\/logo-sentinelleSLOGAN-1.png","width":615,"height":142,"caption":"Quotidien La Sentinelle"},"image":{"@id":"https:\/\/lasentinelle.dz\/#\/schema\/logo\/image\/"},"sameAs":["https:\/\/www.facebook.com\/La-Sentinelle-104059864394773"]},{"@type":"Person","@id":"https:\/\/lasentinelle.dz\/#\/schema\/person\/d865044e22e70a75174ce8bcad3acfb3","name":"La Sentinelle","image":{"@type":"ImageObject","inLanguage":"fr-FR","@id":"https:\/\/secure.gravatar.com\/avatar\/57de8e5d4b15d43fb361a71fbb36338450fe67865b528a43dd10ef7c51a20392?s=96&d=mm&r=g","url":"https:\/\/secure.gravatar.com\/avatar\/57de8e5d4b15d43fb361a71fbb36338450fe67865b528a43dd10ef7c51a20392?s=96&d=mm&r=g","contentUrl":"https:\/\/secure.gravatar.com\/avatar\/57de8e5d4b15d43fb361a71fbb36338450fe67865b528a43dd10ef7c51a20392?s=96&d=mm&r=g","caption":"La Sentinelle"},"sameAs":["http:\/\/www.lasentinelle.dz"],"url":"https:\/\/lasentinelle.dz\/author\/redaction\/"}]}},"_links":{"self":[{"href":"https:\/\/lasentinelle.dz\/index.php\/wp-json\/wp\/v2\/posts\/24420","targetHints":{"allow":["GET"]}}],"collection":[{"href":"https:\/\/lasentinelle.dz\/index.php\/wp-json\/wp\/v2\/posts"}],"about":[{"href":"https:\/\/lasentinelle.dz\/index.php\/wp-json\/wp\/v2\/types\/post"}],"author":[{"embeddable":true,"href":"https:\/\/lasentinelle.dz\/index.php\/wp-json\/wp\/v2\/users\/3"}],"replies":[{"embeddable":true,"href":"https:\/\/lasentinelle.dz\/index.php\/wp-json\/wp\/v2\/comments?post=24420"}],"version-history":[{"count":1,"href":"https:\/\/lasentinelle.dz\/index.php\/wp-json\/wp\/v2\/posts\/24420\/revisions"}],"predecessor-version":[{"id":24437,"href":"https:\/\/lasentinelle.dz\/index.php\/wp-json\/wp\/v2\/posts\/24420\/revisions\/24437"}],"wp:featuredmedia":[{"embeddable":true,"href":"https:\/\/lasentinelle.dz\/index.php\/wp-json\/wp\/v2\/media\/24436"}],"wp:attachment":[{"href":"https:\/\/lasentinelle.dz\/index.php\/wp-json\/wp\/v2\/media?parent=24420"}],"wp:term":[{"taxonomy":"category","embeddable":true,"href":"https:\/\/lasentinelle.dz\/index.php\/wp-json\/wp\/v2\/categories?post=24420"},{"taxonomy":"post_tag","embeddable":true,"href":"https:\/\/lasentinelle.dz\/index.php\/wp-json\/wp\/v2\/tags?post=24420"}],"curies":[{"name":"wp","href":"https:\/\/api.w.org\/{rel}","templated":true}]}}