{"id":24458,"date":"2022-07-21T00:01:00","date_gmt":"2022-07-20T23:01:00","guid":{"rendered":"https:\/\/lasentinelle.dz\/?p=24458"},"modified":"2022-07-20T16:42:21","modified_gmt":"2022-07-20T15:42:21","slug":"annaba-134-millions-de-da-pour-la-zone-dactivite-de-treat","status":"publish","type":"post","link":"https:\/\/lasentinelle.dz\/index.php\/2022\/07\/21\/annaba-134-millions-de-da-pour-la-zone-dactivite-de-treat\/","title":{"rendered":"Annaba\u00a0:\u00a0134 millions de DA pour la zone d\u2019activit\u00e9\u00a0de\u00a0Tr\u00e9at"},"content":{"rendered":"\n<p>Les autorit\u00e9s locales de la wilaya d\u2019Annaba&nbsp;multiplient les efforts&nbsp;pour booster le d\u00e9veloppement \u00e9conomique.<\/p>\n\n\n\n<p>Les zones d\u2019activit\u00e9s commerciales sont le levier&nbsp;du&nbsp;d\u00e9veloppement qui peine \u00e0 se concr\u00e9tiser.&nbsp;Dans le but de&nbsp;lever les obstacles et mettre en avant les moyens susceptibles de garantir,&nbsp;de d\u00e9velopper et de promouvoir les investissements dans les domaines industriels et touristiques, conform\u00e9ment aux recommandations des hautes autorit\u00e9s, le wali d\u2019Annaba, Djamel-Eddine Berimi, vient de d\u00e9gager une enveloppe financi\u00e8re de 134 millions de dinars, au profit de la zone d\u2019activit\u00e9 de la commune de Tr\u00e9at, dans la da\u00efra de Berrahal. Un montant de 94 millions&nbsp;de DA&nbsp;a \u00e9t\u00e9 allou\u00e9 \u00e0 l\u2019assainissement total et surtout la protection d\u00e9finitive de cette ZAC des inondations et des eaux pluviales, point noir qui entrave l\u2019activit\u00e9 commerciale dont souffre cette zone,&nbsp;pr\u00e9cise un communiqu\u00e9 de la cellule de communication de la wilaya d\u2019Annaba.&nbsp;\u00c0 cela, il faut ajouter, en mati\u00e8re de raccordement de la r\u00e9gion \u00e0 l&rsquo;\u00e9lectricit\u00e9 et au gaz, un montant de 40 millions de dinars, dont 32 millions de dinars a \u00e9t\u00e9 allou\u00e9 pour le raccordement&nbsp;au r\u00e9seau d&rsquo;\u00e9lectricit\u00e9 et 8 millions de dinars pour le raccordement au gaz de ville. L\u2019attribution de ces sommes est intervenue \u00e0 la suite d\u2019une rencontre,&nbsp;qui fait partie de&nbsp;73 r\u00e9unions cons\u00e9cutives de la cellule d\u2019\u00e9coute que pr\u00e9side, chaque lundi, le wali d\u2019Annaba avec les op\u00e9rateurs \u00e9conomiques, \u00e0 l\u2019effet de trouver des solutions ad\u00e9quates aux projets d&rsquo;investissement en souffrance, dans cette commune, qui est l\u2019une des plus d\u00e9sh\u00e9rit\u00e9es de la wilaya, en raison&nbsp;de trois d\u00e9cennies&nbsp;d\u2019une gestion catastrophique, qui a caract\u00e9ris\u00e9 ladite municipalit\u00e9.<\/p>\n\n\n\n<p><strong>Sofia Chahine<\/strong><\/p>\n","protected":false},"excerpt":{"rendered":"<p>Les autorit\u00e9s locales de la wilaya d\u2019Annaba&nbsp;multiplient les efforts&nbsp;pour booster le d\u00e9veloppement \u00e9conomique. Les zones d\u2019activit\u00e9s commerciales sont le levier&nbsp;du&nbsp;d\u00e9veloppement<\/p>\n","protected":false},"author":3,"featured_media":24466,"comment_status":"open","ping_status":"closed","sticky":false,"template":"","format":"standard","meta":{"colormag_page_container_layout":"default_layout","colormag_page_sidebar_layout":"default_layout","om_disable_all_campaigns":false,"_monsterinsights_skip_tracking":false,"_monsterinsights_sitenote_active":false,"_monsterinsights_sitenote_note":"","_monsterinsights_sitenote_category":0,"footnotes":"","_wpscppro_dont_share_socialmedia":false,"_wpscppro_custom_social_share_image":0,"_facebook_share_type":"","_twitter_share_type":"","_linkedin_share_type":"","_pinterest_share_type":"","_linkedin_share_type_page":"","_instagram_share_type":"","_medium_share_type":"","_threads_share_type":"","_google_business_share_type":"","_selected_social_profile":[],"_wpsp_enable_custom_social_template":false,"_wpsp_social_scheduling":{"enabled":false,"datetime":null,"platforms":[],"status":"template_only","dateOption":"today","timeOption":"now","customDays":"","customHours":"","customDate":"","customTime":"","schedulingType":"absolute"},"_wpsp_active_default_template":true},"categories":[31],"tags":[],"class_list":["post-24458","post","type-post","status-publish","format-standard","has-post-thumbnail","hentry","category-regions"],"aioseo_notices":[],"yoast_head":"<!-- This site is optimized with the Yoast SEO plugin v27.5 - https:\/\/yoast.com\/product\/yoast-seo-wordpress\/ -->\n<title>Annaba\u00a0:\u00a0134 millions de DA pour la zone d\u2019activit\u00e9\u00a0de\u00a0Tr\u00e9at - La Sentinelle<\/title>\n<meta name=\"robots\" content=\"index, follow, max-snippet:-1, max-image-preview:large, max-video-preview:-1\" \/>\n<link rel=\"canonical\" href=\"https:\/\/lasentinelle.dz\/index.php\/2022\/07\/21\/annaba-134-millions-de-da-pour-la-zone-dactivite-de-treat\/\" \/>\n<meta property=\"og:locale\" content=\"fr_FR\" \/>\n<meta property=\"og:type\" content=\"article\" \/>\n<meta property=\"og:title\" content=\"Annaba\u00a0:\u00a0134 millions de DA pour la zone d\u2019activit\u00e9\u00a0de\u00a0Tr\u00e9at - La Sentinelle\" \/>\n<meta property=\"og:description\" content=\"Les autorit\u00e9s locales de la wilaya d\u2019Annaba&nbsp;multiplient les efforts&nbsp;pour booster le d\u00e9veloppement \u00e9conomique. Les zones d\u2019activit\u00e9s commerciales sont le levier&nbsp;du&nbsp;d\u00e9veloppement\" \/>\n<meta property=\"og:url\" content=\"https:\/\/lasentinelle.dz\/index.php\/2022\/07\/21\/annaba-134-millions-de-da-pour-la-zone-dactivite-de-treat\/\" \/>\n<meta property=\"og:site_name\" content=\"La Sentinelle\" \/>\n<meta property=\"article:publisher\" content=\"https:\/\/www.facebook.com\/La-Sentinelle-104059864394773\" \/>\n<meta property=\"article:published_time\" content=\"2022-07-20T23:01:00+00:00\" \/>\n<meta property=\"og:image\" content=\"https:\/\/lasentinelle.dz\/wp-content\/uploads\/2022\/07\/zone-dactivite.png\" \/>\n\t<meta property=\"og:image:width\" content=\"1200\" \/>\n\t<meta property=\"og:image:height\" content=\"900\" \/>\n\t<meta property=\"og:image:type\" content=\"image\/png\" \/>\n<meta name=\"author\" content=\"La Sentinelle\" \/>\n<meta name=\"twitter:card\" content=\"summary_large_image\" \/>\n<meta name=\"twitter:label1\" content=\"\u00c9crit par\" \/>\n\t<meta name=\"twitter:data1\" content=\"La Sentinelle\" \/>\n\t<meta name=\"twitter:label2\" content=\"Dur\u00e9e de lecture estim\u00e9e\" \/>\n\t<meta name=\"twitter:data2\" content=\"2 minutes\" \/>\n<script type=\"application\/ld+json\" class=\"yoast-schema-graph\">{\"@context\":\"https:\\\/\\\/schema.org\",\"@graph\":[{\"@type\":\"Article\",\"@id\":\"https:\\\/\\\/lasentinelle.dz\\\/index.php\\\/2022\\\/07\\\/21\\\/annaba-134-millions-de-da-pour-la-zone-dactivite-de-treat\\\/#article\",\"isPartOf\":{\"@id\":\"https:\\\/\\\/lasentinelle.dz\\\/index.php\\\/2022\\\/07\\\/21\\\/annaba-134-millions-de-da-pour-la-zone-dactivite-de-treat\\\/\"},\"author\":{\"name\":\"La Sentinelle\",\"@id\":\"https:\\\/\\\/lasentinelle.dz\\\/#\\\/schema\\\/person\\\/d865044e22e70a75174ce8bcad3acfb3\"},\"headline\":\"Annaba\u00a0:\u00a0134 millions de DA pour la zone d\u2019activit\u00e9\u00a0de\u00a0Tr\u00e9at\",\"datePublished\":\"2022-07-20T23:01:00+00:00\",\"mainEntityOfPage\":{\"@id\":\"https:\\\/\\\/lasentinelle.dz\\\/index.php\\\/2022\\\/07\\\/21\\\/annaba-134-millions-de-da-pour-la-zone-dactivite-de-treat\\\/\"},\"wordCount\":327,\"commentCount\":0,\"publisher\":{\"@id\":\"https:\\\/\\\/lasentinelle.dz\\\/#organization\"},\"image\":{\"@id\":\"https:\\\/\\\/lasentinelle.dz\\\/index.php\\\/2022\\\/07\\\/21\\\/annaba-134-millions-de-da-pour-la-zone-dactivite-de-treat\\\/#primaryimage\"},\"thumbnailUrl\":\"https:\\\/\\\/lasentinelle.dz\\\/wp-content\\\/uploads\\\/2022\\\/07\\\/zone-dactivite.png\",\"articleSection\":[\"R\u00e9gions\"],\"inLanguage\":\"fr-FR\",\"potentialAction\":[{\"@type\":\"CommentAction\",\"name\":\"Comment\",\"target\":[\"https:\\\/\\\/lasentinelle.dz\\\/index.php\\\/2022\\\/07\\\/21\\\/annaba-134-millions-de-da-pour-la-zone-dactivite-de-treat\\\/#respond\"]}]},{\"@type\":\"WebPage\",\"@id\":\"https:\\\/\\\/lasentinelle.dz\\\/index.php\\\/2022\\\/07\\\/21\\\/annaba-134-millions-de-da-pour-la-zone-dactivite-de-treat\\\/\",\"url\":\"https:\\\/\\\/lasentinelle.dz\\\/index.php\\\/2022\\\/07\\\/21\\\/annaba-134-millions-de-da-pour-la-zone-dactivite-de-treat\\\/\",\"name\":\"Annaba\u00a0:\u00a0134 millions de DA pour la zone d\u2019activit\u00e9\u00a0de\u00a0Tr\u00e9at - La Sentinelle\",\"isPartOf\":{\"@id\":\"https:\\\/\\\/lasentinelle.dz\\\/#website\"},\"primaryImageOfPage\":{\"@id\":\"https:\\\/\\\/lasentinelle.dz\\\/index.php\\\/2022\\\/07\\\/21\\\/annaba-134-millions-de-da-pour-la-zone-dactivite-de-treat\\\/#primaryimage\"},\"image\":{\"@id\":\"https:\\\/\\\/lasentinelle.dz\\\/index.php\\\/2022\\\/07\\\/21\\\/annaba-134-millions-de-da-pour-la-zone-dactivite-de-treat\\\/#primaryimage\"},\"thumbnailUrl\":\"https:\\\/\\\/lasentinelle.dz\\\/wp-content\\\/uploads\\\/2022\\\/07\\\/zone-dactivite.png\",\"datePublished\":\"2022-07-20T23:01:00+00:00\",\"breadcrumb\":{\"@id\":\"https:\\\/\\\/lasentinelle.dz\\\/index.php\\\/2022\\\/07\\\/21\\\/annaba-134-millions-de-da-pour-la-zone-dactivite-de-treat\\\/#breadcrumb\"},\"inLanguage\":\"fr-FR\",\"potentialAction\":[{\"@type\":\"ReadAction\",\"target\":[\"https:\\\/\\\/lasentinelle.dz\\\/index.php\\\/2022\\\/07\\\/21\\\/annaba-134-millions-de-da-pour-la-zone-dactivite-de-treat\\\/\"]}]},{\"@type\":\"ImageObject\",\"inLanguage\":\"fr-FR\",\"@id\":\"https:\\\/\\\/lasentinelle.dz\\\/index.php\\\/2022\\\/07\\\/21\\\/annaba-134-millions-de-da-pour-la-zone-dactivite-de-treat\\\/#primaryimage\",\"url\":\"https:\\\/\\\/lasentinelle.dz\\\/wp-content\\\/uploads\\\/2022\\\/07\\\/zone-dactivite.png\",\"contentUrl\":\"https:\\\/\\\/lasentinelle.dz\\\/wp-content\\\/uploads\\\/2022\\\/07\\\/zone-dactivite.png\",\"width\":1200,\"height\":900},{\"@type\":\"BreadcrumbList\",\"@id\":\"https:\\\/\\\/lasentinelle.dz\\\/index.php\\\/2022\\\/07\\\/21\\\/annaba-134-millions-de-da-pour-la-zone-dactivite-de-treat\\\/#breadcrumb\",\"itemListElement\":[{\"@type\":\"ListItem\",\"position\":1,\"name\":\"Accueil\",\"item\":\"https:\\\/\\\/lasentinelle.dz\\\/\"},{\"@type\":\"ListItem\",\"position\":2,\"name\":\"Annaba\u00a0:\u00a0134 millions de DA pour la zone d\u2019activit\u00e9\u00a0de\u00a0Tr\u00e9at\"}]},{\"@type\":\"WebSite\",\"@id\":\"https:\\\/\\\/lasentinelle.dz\\\/#website\",\"url\":\"https:\\\/\\\/lasentinelle.dz\\\/\",\"name\":\"La Sentinelle\",\"description\":\"Quotidien national d&#039;information\",\"publisher\":{\"@id\":\"https:\\\/\\\/lasentinelle.dz\\\/#organization\"},\"potentialAction\":[{\"@type\":\"SearchAction\",\"target\":{\"@type\":\"EntryPoint\",\"urlTemplate\":\"https:\\\/\\\/lasentinelle.dz\\\/?s={search_term_string}\"},\"query-input\":{\"@type\":\"PropertyValueSpecification\",\"valueRequired\":true,\"valueName\":\"search_term_string\"}}],\"inLanguage\":\"fr-FR\"},{\"@type\":\"Organization\",\"@id\":\"https:\\\/\\\/lasentinelle.dz\\\/#organization\",\"name\":\"Quotidien La Sentinelle\",\"url\":\"https:\\\/\\\/lasentinelle.dz\\\/\",\"logo\":{\"@type\":\"ImageObject\",\"inLanguage\":\"fr-FR\",\"@id\":\"https:\\\/\\\/lasentinelle.dz\\\/#\\\/schema\\\/logo\\\/image\\\/\",\"url\":\"https:\\\/\\\/lasentinelle.dz\\\/wp-content\\\/uploads\\\/2021\\\/09\\\/logo-sentinelleSLOGAN-1.png\",\"contentUrl\":\"https:\\\/\\\/lasentinelle.dz\\\/wp-content\\\/uploads\\\/2021\\\/09\\\/logo-sentinelleSLOGAN-1.png\",\"width\":615,\"height\":142,\"caption\":\"Quotidien La Sentinelle\"},\"image\":{\"@id\":\"https:\\\/\\\/lasentinelle.dz\\\/#\\\/schema\\\/logo\\\/image\\\/\"},\"sameAs\":[\"https:\\\/\\\/www.facebook.com\\\/La-Sentinelle-104059864394773\"]},{\"@type\":\"Person\",\"@id\":\"https:\\\/\\\/lasentinelle.dz\\\/#\\\/schema\\\/person\\\/d865044e22e70a75174ce8bcad3acfb3\",\"name\":\"La Sentinelle\",\"image\":{\"@type\":\"ImageObject\",\"inLanguage\":\"fr-FR\",\"@id\":\"https:\\\/\\\/secure.gravatar.com\\\/avatar\\\/57de8e5d4b15d43fb361a71fbb36338450fe67865b528a43dd10ef7c51a20392?s=96&d=mm&r=g\",\"url\":\"https:\\\/\\\/secure.gravatar.com\\\/avatar\\\/57de8e5d4b15d43fb361a71fbb36338450fe67865b528a43dd10ef7c51a20392?s=96&d=mm&r=g\",\"contentUrl\":\"https:\\\/\\\/secure.gravatar.com\\\/avatar\\\/57de8e5d4b15d43fb361a71fbb36338450fe67865b528a43dd10ef7c51a20392?s=96&d=mm&r=g\",\"caption\":\"La Sentinelle\"},\"sameAs\":[\"http:\\\/\\\/www.lasentinelle.dz\"],\"url\":\"https:\\\/\\\/lasentinelle.dz\\\/author\\\/redaction\\\/\"}]}<\/script>\n<!-- \/ Yoast SEO plugin. -->","yoast_head_json":{"title":"Annaba\u00a0:\u00a0134 millions de DA pour la zone d\u2019activit\u00e9\u00a0de\u00a0Tr\u00e9at - La Sentinelle","robots":{"index":"index","follow":"follow","max-snippet":"max-snippet:-1","max-image-preview":"max-image-preview:large","max-video-preview":"max-video-preview:-1"},"canonical":"https:\/\/lasentinelle.dz\/index.php\/2022\/07\/21\/annaba-134-millions-de-da-pour-la-zone-dactivite-de-treat\/","og_locale":"fr_FR","og_type":"article","og_title":"Annaba\u00a0:\u00a0134 millions de DA pour la zone d\u2019activit\u00e9\u00a0de\u00a0Tr\u00e9at - La Sentinelle","og_description":"Les autorit\u00e9s locales de la wilaya d\u2019Annaba&nbsp;multiplient les efforts&nbsp;pour booster le d\u00e9veloppement \u00e9conomique. Les zones d\u2019activit\u00e9s commerciales sont le levier&nbsp;du&nbsp;d\u00e9veloppement","og_url":"https:\/\/lasentinelle.dz\/index.php\/2022\/07\/21\/annaba-134-millions-de-da-pour-la-zone-dactivite-de-treat\/","og_site_name":"La Sentinelle","article_publisher":"https:\/\/www.facebook.com\/La-Sentinelle-104059864394773","article_published_time":"2022-07-20T23:01:00+00:00","og_image":[{"width":1200,"height":900,"url":"https:\/\/lasentinelle.dz\/wp-content\/uploads\/2022\/07\/zone-dactivite.png","type":"image\/png"}],"author":"La Sentinelle","twitter_card":"summary_large_image","twitter_misc":{"\u00c9crit par":"La Sentinelle","Dur\u00e9e de lecture estim\u00e9e":"2 minutes"},"schema":{"@context":"https:\/\/schema.org","@graph":[{"@type":"Article","@id":"https:\/\/lasentinelle.dz\/index.php\/2022\/07\/21\/annaba-134-millions-de-da-pour-la-zone-dactivite-de-treat\/#article","isPartOf":{"@id":"https:\/\/lasentinelle.dz\/index.php\/2022\/07\/21\/annaba-134-millions-de-da-pour-la-zone-dactivite-de-treat\/"},"author":{"name":"La Sentinelle","@id":"https:\/\/lasentinelle.dz\/#\/schema\/person\/d865044e22e70a75174ce8bcad3acfb3"},"headline":"Annaba\u00a0:\u00a0134 millions de DA pour la zone d\u2019activit\u00e9\u00a0de\u00a0Tr\u00e9at","datePublished":"2022-07-20T23:01:00+00:00","mainEntityOfPage":{"@id":"https:\/\/lasentinelle.dz\/index.php\/2022\/07\/21\/annaba-134-millions-de-da-pour-la-zone-dactivite-de-treat\/"},"wordCount":327,"commentCount":0,"publisher":{"@id":"https:\/\/lasentinelle.dz\/#organization"},"image":{"@id":"https:\/\/lasentinelle.dz\/index.php\/2022\/07\/21\/annaba-134-millions-de-da-pour-la-zone-dactivite-de-treat\/#primaryimage"},"thumbnailUrl":"https:\/\/lasentinelle.dz\/wp-content\/uploads\/2022\/07\/zone-dactivite.png","articleSection":["R\u00e9gions"],"inLanguage":"fr-FR","potentialAction":[{"@type":"CommentAction","name":"Comment","target":["https:\/\/lasentinelle.dz\/index.php\/2022\/07\/21\/annaba-134-millions-de-da-pour-la-zone-dactivite-de-treat\/#respond"]}]},{"@type":"WebPage","@id":"https:\/\/lasentinelle.dz\/index.php\/2022\/07\/21\/annaba-134-millions-de-da-pour-la-zone-dactivite-de-treat\/","url":"https:\/\/lasentinelle.dz\/index.php\/2022\/07\/21\/annaba-134-millions-de-da-pour-la-zone-dactivite-de-treat\/","name":"Annaba\u00a0:\u00a0134 millions de DA pour la zone d\u2019activit\u00e9\u00a0de\u00a0Tr\u00e9at - La Sentinelle","isPartOf":{"@id":"https:\/\/lasentinelle.dz\/#website"},"primaryImageOfPage":{"@id":"https:\/\/lasentinelle.dz\/index.php\/2022\/07\/21\/annaba-134-millions-de-da-pour-la-zone-dactivite-de-treat\/#primaryimage"},"image":{"@id":"https:\/\/lasentinelle.dz\/index.php\/2022\/07\/21\/annaba-134-millions-de-da-pour-la-zone-dactivite-de-treat\/#primaryimage"},"thumbnailUrl":"https:\/\/lasentinelle.dz\/wp-content\/uploads\/2022\/07\/zone-dactivite.png","datePublished":"2022-07-20T23:01:00+00:00","breadcrumb":{"@id":"https:\/\/lasentinelle.dz\/index.php\/2022\/07\/21\/annaba-134-millions-de-da-pour-la-zone-dactivite-de-treat\/#breadcrumb"},"inLanguage":"fr-FR","potentialAction":[{"@type":"ReadAction","target":["https:\/\/lasentinelle.dz\/index.php\/2022\/07\/21\/annaba-134-millions-de-da-pour-la-zone-dactivite-de-treat\/"]}]},{"@type":"ImageObject","inLanguage":"fr-FR","@id":"https:\/\/lasentinelle.dz\/index.php\/2022\/07\/21\/annaba-134-millions-de-da-pour-la-zone-dactivite-de-treat\/#primaryimage","url":"https:\/\/lasentinelle.dz\/wp-content\/uploads\/2022\/07\/zone-dactivite.png","contentUrl":"https:\/\/lasentinelle.dz\/wp-content\/uploads\/2022\/07\/zone-dactivite.png","width":1200,"height":900},{"@type":"BreadcrumbList","@id":"https:\/\/lasentinelle.dz\/index.php\/2022\/07\/21\/annaba-134-millions-de-da-pour-la-zone-dactivite-de-treat\/#breadcrumb","itemListElement":[{"@type":"ListItem","position":1,"name":"Accueil","item":"https:\/\/lasentinelle.dz\/"},{"@type":"ListItem","position":2,"name":"Annaba\u00a0:\u00a0134 millions de DA pour la zone d\u2019activit\u00e9\u00a0de\u00a0Tr\u00e9at"}]},{"@type":"WebSite","@id":"https:\/\/lasentinelle.dz\/#website","url":"https:\/\/lasentinelle.dz\/","name":"La Sentinelle","description":"Quotidien national d&#039;information","publisher":{"@id":"https:\/\/lasentinelle.dz\/#organization"},"potentialAction":[{"@type":"SearchAction","target":{"@type":"EntryPoint","urlTemplate":"https:\/\/lasentinelle.dz\/?s={search_term_string}"},"query-input":{"@type":"PropertyValueSpecification","valueRequired":true,"valueName":"search_term_string"}}],"inLanguage":"fr-FR"},{"@type":"Organization","@id":"https:\/\/lasentinelle.dz\/#organization","name":"Quotidien La Sentinelle","url":"https:\/\/lasentinelle.dz\/","logo":{"@type":"ImageObject","inLanguage":"fr-FR","@id":"https:\/\/lasentinelle.dz\/#\/schema\/logo\/image\/","url":"https:\/\/lasentinelle.dz\/wp-content\/uploads\/2021\/09\/logo-sentinelleSLOGAN-1.png","contentUrl":"https:\/\/lasentinelle.dz\/wp-content\/uploads\/2021\/09\/logo-sentinelleSLOGAN-1.png","width":615,"height":142,"caption":"Quotidien La Sentinelle"},"image":{"@id":"https:\/\/lasentinelle.dz\/#\/schema\/logo\/image\/"},"sameAs":["https:\/\/www.facebook.com\/La-Sentinelle-104059864394773"]},{"@type":"Person","@id":"https:\/\/lasentinelle.dz\/#\/schema\/person\/d865044e22e70a75174ce8bcad3acfb3","name":"La Sentinelle","image":{"@type":"ImageObject","inLanguage":"fr-FR","@id":"https:\/\/secure.gravatar.com\/avatar\/57de8e5d4b15d43fb361a71fbb36338450fe67865b528a43dd10ef7c51a20392?s=96&d=mm&r=g","url":"https:\/\/secure.gravatar.com\/avatar\/57de8e5d4b15d43fb361a71fbb36338450fe67865b528a43dd10ef7c51a20392?s=96&d=mm&r=g","contentUrl":"https:\/\/secure.gravatar.com\/avatar\/57de8e5d4b15d43fb361a71fbb36338450fe67865b528a43dd10ef7c51a20392?s=96&d=mm&r=g","caption":"La Sentinelle"},"sameAs":["http:\/\/www.lasentinelle.dz"],"url":"https:\/\/lasentinelle.dz\/author\/redaction\/"}]}},"_links":{"self":[{"href":"https:\/\/lasentinelle.dz\/index.php\/wp-json\/wp\/v2\/posts\/24458","targetHints":{"allow":["GET"]}}],"collection":[{"href":"https:\/\/lasentinelle.dz\/index.php\/wp-json\/wp\/v2\/posts"}],"about":[{"href":"https:\/\/lasentinelle.dz\/index.php\/wp-json\/wp\/v2\/types\/post"}],"author":[{"embeddable":true,"href":"https:\/\/lasentinelle.dz\/index.php\/wp-json\/wp\/v2\/users\/3"}],"replies":[{"embeddable":true,"href":"https:\/\/lasentinelle.dz\/index.php\/wp-json\/wp\/v2\/comments?post=24458"}],"version-history":[{"count":1,"href":"https:\/\/lasentinelle.dz\/index.php\/wp-json\/wp\/v2\/posts\/24458\/revisions"}],"predecessor-version":[{"id":24470,"href":"https:\/\/lasentinelle.dz\/index.php\/wp-json\/wp\/v2\/posts\/24458\/revisions\/24470"}],"wp:featuredmedia":[{"embeddable":true,"href":"https:\/\/lasentinelle.dz\/index.php\/wp-json\/wp\/v2\/media\/24466"}],"wp:attachment":[{"href":"https:\/\/lasentinelle.dz\/index.php\/wp-json\/wp\/v2\/media?parent=24458"}],"wp:term":[{"taxonomy":"category","embeddable":true,"href":"https:\/\/lasentinelle.dz\/index.php\/wp-json\/wp\/v2\/categories?post=24458"},{"taxonomy":"post_tag","embeddable":true,"href":"https:\/\/lasentinelle.dz\/index.php\/wp-json\/wp\/v2\/tags?post=24458"}],"curies":[{"name":"wp","href":"https:\/\/api.w.org\/{rel}","templated":true}]}}