{"id":24476,"date":"2022-07-21T00:01:00","date_gmt":"2022-07-20T23:01:00","guid":{"rendered":"https:\/\/lasentinelle.dz\/?p=24476"},"modified":"2022-07-20T17:25:43","modified_gmt":"2022-07-20T16:25:43","slug":"prise-en-charge-du-cancer-de-la-sclerose-en-plaque-et-de-lhemophilie-les-commissions-dorientation-installees","status":"publish","type":"post","link":"https:\/\/lasentinelle.dz\/index.php\/2022\/07\/21\/prise-en-charge-du-cancer-de-la-sclerose-en-plaque-et-de-lhemophilie-les-commissions-dorientation-installees\/","title":{"rendered":"Prise en charge du cancer, de la scl\u00e9rose en plaque et de l&rsquo;h\u00e9mophilie\u00a0: Les commissions d&rsquo;orientation install\u00e9es"},"content":{"rendered":"\n<p>C\u2019est en pr\u00e9sence des sp\u00e9cialistes des \u00e9tablissements hospitaliers concern\u00e9s que le minist\u00e8re de la Sant\u00e9 et le laboratoire suisse Roche ont install\u00e9, mardi, les commissions ex\u00e9cutives et d&rsquo;orientation pour&nbsp;&nbsp;la prise en charge du cancer, de la&nbsp;&nbsp;scl\u00e9rose en plaque et de l&rsquo;h\u00e9mophilie. Les trois commissions install\u00e9es \u00e9laboreront une feuille de route \u00e0 soumettre \u00e0 la Commission d&rsquo;orientation en vue de son adoption.&nbsp;&nbsp;\u00abElles sont mises en place dans le cadre de l\u2019am\u00e9lioration de la prise en charge des malades, le traitement th\u00e9rapeutique conventionnel et la formation, en plus de la coordination entre les services concern\u00e9s pour l&rsquo;appui des soins \u00e0 domicile au profit des h\u00e9mophiles\u00bb, a expliqu\u00e9 le Dr. Laila Benbernou, directrice des programmes de soins, de l&rsquo;\u00e9thique et de la d\u00e9ontologie m\u00e9dicale. Abordant certains&nbsp;&nbsp;services de canc\u00e9rologie, Mme Benbernou a affirm\u00e9 que \u00abdes services pilotes seront choisis pour la prise en charge des canc\u00e9reux \u00bb. Il s\u2019agit, ajoute la directrice, d\u2019une \u00abexp\u00e9rience qui sera g\u00e9n\u00e9ralis\u00e9e \u00e0 travers le territoire national, notamment dans les Hauts-plateaux et le Sud o\u00f9 les patients sont dans l&rsquo;incapacit\u00e9 de se d\u00e9placer pour leurs soins\u00bb, ajoutant que \u00abla prise en charge se fera \u00e0 distance ou \u00e0 domicile pour permettre au malade de rester dans son entourage familial\u00bb. Le directeur g\u00e9n\u00e9ral du laboratoire Roche Alg\u00e9rie, le Dr.&nbsp;&nbsp;Khalil Kadaoui a fait savoir que \u00abcertaines prestations sanitaires, qui seront fournies par le laboratoire aux malades, permettront de d\u00e9sengorger et de r\u00e9duire la pression sur les h\u00f4pitaux\u00bb. Et d\u2019assurer que \u00abnotre laboratoire met son exp\u00e9rience \u00e0 la disposition des services concern\u00e9s pour la prise en charge du cancer, de la scl\u00e9rose en plaque et de l&rsquo;h\u00e9mophilie\u00bb.<\/p>\n\n\n\n<p><strong>Salim Abdenour<\/strong><\/p>\n","protected":false},"excerpt":{"rendered":"<p>C\u2019est en pr\u00e9sence des sp\u00e9cialistes des \u00e9tablissements hospitaliers concern\u00e9s que le minist\u00e8re de la Sant\u00e9 et le laboratoire suisse Roche<\/p>\n","protected":false},"author":3,"featured_media":24482,"comment_status":"open","ping_status":"closed","sticky":false,"template":"","format":"standard","meta":{"colormag_page_container_layout":"default_layout","colormag_page_sidebar_layout":"default_layout","om_disable_all_campaigns":false,"_monsterinsights_skip_tracking":false,"_monsterinsights_sitenote_active":false,"_monsterinsights_sitenote_note":"","_monsterinsights_sitenote_category":0,"footnotes":"","_wpscppro_dont_share_socialmedia":false,"_wpscppro_custom_social_share_image":0,"_facebook_share_type":"","_twitter_share_type":"","_linkedin_share_type":"","_pinterest_share_type":"","_linkedin_share_type_page":"","_instagram_share_type":"","_medium_share_type":"","_threads_share_type":"","_google_business_share_type":"","_selected_social_profile":[],"_wpsp_enable_custom_social_template":false,"_wpsp_social_scheduling":{"enabled":false,"datetime":null,"platforms":[],"status":"template_only","dateOption":"today","timeOption":"now","customDays":"","customHours":"","customDate":"","customTime":"","schedulingType":"absolute"},"_wpsp_active_default_template":true},"categories":[27],"tags":[],"class_list":["post-24476","post","type-post","status-publish","format-standard","has-post-thumbnail","hentry","category-actualite"],"aioseo_notices":[],"yoast_head":"<!-- This site is optimized with the Yoast SEO plugin v27.5 - https:\/\/yoast.com\/product\/yoast-seo-wordpress\/ -->\n<title>Prise en charge du cancer, de la scl\u00e9rose en plaque et de l&rsquo;h\u00e9mophilie\u00a0: Les commissions d&rsquo;orientation install\u00e9es - La Sentinelle<\/title>\n<meta name=\"robots\" content=\"index, follow, max-snippet:-1, max-image-preview:large, max-video-preview:-1\" \/>\n<link rel=\"canonical\" href=\"https:\/\/lasentinelle.dz\/index.php\/2022\/07\/21\/prise-en-charge-du-cancer-de-la-sclerose-en-plaque-et-de-lhemophilie-les-commissions-dorientation-installees\/\" \/>\n<meta property=\"og:locale\" content=\"fr_FR\" \/>\n<meta property=\"og:type\" content=\"article\" \/>\n<meta property=\"og:title\" content=\"Prise en charge du cancer, de la scl\u00e9rose en plaque et de l&rsquo;h\u00e9mophilie\u00a0: Les commissions d&rsquo;orientation install\u00e9es - La Sentinelle\" \/>\n<meta property=\"og:description\" content=\"C\u2019est en pr\u00e9sence des sp\u00e9cialistes des \u00e9tablissements hospitaliers concern\u00e9s que le minist\u00e8re de la Sant\u00e9 et le laboratoire suisse Roche\" \/>\n<meta property=\"og:url\" content=\"https:\/\/lasentinelle.dz\/index.php\/2022\/07\/21\/prise-en-charge-du-cancer-de-la-sclerose-en-plaque-et-de-lhemophilie-les-commissions-dorientation-installees\/\" \/>\n<meta property=\"og:site_name\" content=\"La Sentinelle\" \/>\n<meta property=\"article:publisher\" content=\"https:\/\/www.facebook.com\/La-Sentinelle-104059864394773\" \/>\n<meta property=\"article:published_time\" content=\"2022-07-20T23:01:00+00:00\" \/>\n<meta property=\"og:image\" content=\"https:\/\/lasentinelle.dz\/wp-content\/uploads\/2022\/07\/Ministere-de-la-Sante.png\" \/>\n\t<meta property=\"og:image:width\" content=\"1599\" \/>\n\t<meta property=\"og:image:height\" content=\"900\" \/>\n\t<meta property=\"og:image:type\" content=\"image\/png\" \/>\n<meta name=\"author\" content=\"La Sentinelle\" \/>\n<meta name=\"twitter:card\" content=\"summary_large_image\" \/>\n<meta name=\"twitter:label1\" content=\"\u00c9crit par\" \/>\n\t<meta name=\"twitter:data1\" content=\"La Sentinelle\" \/>\n\t<meta name=\"twitter:label2\" content=\"Dur\u00e9e de lecture estim\u00e9e\" \/>\n\t<meta name=\"twitter:data2\" content=\"2 minutes\" \/>\n<script type=\"application\/ld+json\" class=\"yoast-schema-graph\">{\"@context\":\"https:\\\/\\\/schema.org\",\"@graph\":[{\"@type\":\"Article\",\"@id\":\"https:\\\/\\\/lasentinelle.dz\\\/index.php\\\/2022\\\/07\\\/21\\\/prise-en-charge-du-cancer-de-la-sclerose-en-plaque-et-de-lhemophilie-les-commissions-dorientation-installees\\\/#article\",\"isPartOf\":{\"@id\":\"https:\\\/\\\/lasentinelle.dz\\\/index.php\\\/2022\\\/07\\\/21\\\/prise-en-charge-du-cancer-de-la-sclerose-en-plaque-et-de-lhemophilie-les-commissions-dorientation-installees\\\/\"},\"author\":{\"name\":\"La Sentinelle\",\"@id\":\"https:\\\/\\\/lasentinelle.dz\\\/#\\\/schema\\\/person\\\/d865044e22e70a75174ce8bcad3acfb3\"},\"headline\":\"Prise en charge du cancer, de la scl\u00e9rose en plaque et de l&rsquo;h\u00e9mophilie\u00a0: Les commissions d&rsquo;orientation install\u00e9es\",\"datePublished\":\"2022-07-20T23:01:00+00:00\",\"mainEntityOfPage\":{\"@id\":\"https:\\\/\\\/lasentinelle.dz\\\/index.php\\\/2022\\\/07\\\/21\\\/prise-en-charge-du-cancer-de-la-sclerose-en-plaque-et-de-lhemophilie-les-commissions-dorientation-installees\\\/\"},\"wordCount\":341,\"commentCount\":0,\"publisher\":{\"@id\":\"https:\\\/\\\/lasentinelle.dz\\\/#organization\"},\"image\":{\"@id\":\"https:\\\/\\\/lasentinelle.dz\\\/index.php\\\/2022\\\/07\\\/21\\\/prise-en-charge-du-cancer-de-la-sclerose-en-plaque-et-de-lhemophilie-les-commissions-dorientation-installees\\\/#primaryimage\"},\"thumbnailUrl\":\"https:\\\/\\\/lasentinelle.dz\\\/wp-content\\\/uploads\\\/2022\\\/07\\\/Ministere-de-la-Sante.png\",\"articleSection\":[\"Actualit\u00e9\"],\"inLanguage\":\"fr-FR\",\"potentialAction\":[{\"@type\":\"CommentAction\",\"name\":\"Comment\",\"target\":[\"https:\\\/\\\/lasentinelle.dz\\\/index.php\\\/2022\\\/07\\\/21\\\/prise-en-charge-du-cancer-de-la-sclerose-en-plaque-et-de-lhemophilie-les-commissions-dorientation-installees\\\/#respond\"]}]},{\"@type\":\"WebPage\",\"@id\":\"https:\\\/\\\/lasentinelle.dz\\\/index.php\\\/2022\\\/07\\\/21\\\/prise-en-charge-du-cancer-de-la-sclerose-en-plaque-et-de-lhemophilie-les-commissions-dorientation-installees\\\/\",\"url\":\"https:\\\/\\\/lasentinelle.dz\\\/index.php\\\/2022\\\/07\\\/21\\\/prise-en-charge-du-cancer-de-la-sclerose-en-plaque-et-de-lhemophilie-les-commissions-dorientation-installees\\\/\",\"name\":\"Prise en charge du cancer, de la scl\u00e9rose en plaque et de l&rsquo;h\u00e9mophilie\u00a0: Les commissions d&rsquo;orientation install\u00e9es - La Sentinelle\",\"isPartOf\":{\"@id\":\"https:\\\/\\\/lasentinelle.dz\\\/#website\"},\"primaryImageOfPage\":{\"@id\":\"https:\\\/\\\/lasentinelle.dz\\\/index.php\\\/2022\\\/07\\\/21\\\/prise-en-charge-du-cancer-de-la-sclerose-en-plaque-et-de-lhemophilie-les-commissions-dorientation-installees\\\/#primaryimage\"},\"image\":{\"@id\":\"https:\\\/\\\/lasentinelle.dz\\\/index.php\\\/2022\\\/07\\\/21\\\/prise-en-charge-du-cancer-de-la-sclerose-en-plaque-et-de-lhemophilie-les-commissions-dorientation-installees\\\/#primaryimage\"},\"thumbnailUrl\":\"https:\\\/\\\/lasentinelle.dz\\\/wp-content\\\/uploads\\\/2022\\\/07\\\/Ministere-de-la-Sante.png\",\"datePublished\":\"2022-07-20T23:01:00+00:00\",\"breadcrumb\":{\"@id\":\"https:\\\/\\\/lasentinelle.dz\\\/index.php\\\/2022\\\/07\\\/21\\\/prise-en-charge-du-cancer-de-la-sclerose-en-plaque-et-de-lhemophilie-les-commissions-dorientation-installees\\\/#breadcrumb\"},\"inLanguage\":\"fr-FR\",\"potentialAction\":[{\"@type\":\"ReadAction\",\"target\":[\"https:\\\/\\\/lasentinelle.dz\\\/index.php\\\/2022\\\/07\\\/21\\\/prise-en-charge-du-cancer-de-la-sclerose-en-plaque-et-de-lhemophilie-les-commissions-dorientation-installees\\\/\"]}]},{\"@type\":\"ImageObject\",\"inLanguage\":\"fr-FR\",\"@id\":\"https:\\\/\\\/lasentinelle.dz\\\/index.php\\\/2022\\\/07\\\/21\\\/prise-en-charge-du-cancer-de-la-sclerose-en-plaque-et-de-lhemophilie-les-commissions-dorientation-installees\\\/#primaryimage\",\"url\":\"https:\\\/\\\/lasentinelle.dz\\\/wp-content\\\/uploads\\\/2022\\\/07\\\/Ministere-de-la-Sante.png\",\"contentUrl\":\"https:\\\/\\\/lasentinelle.dz\\\/wp-content\\\/uploads\\\/2022\\\/07\\\/Ministere-de-la-Sante.png\",\"width\":1599,\"height\":900},{\"@type\":\"BreadcrumbList\",\"@id\":\"https:\\\/\\\/lasentinelle.dz\\\/index.php\\\/2022\\\/07\\\/21\\\/prise-en-charge-du-cancer-de-la-sclerose-en-plaque-et-de-lhemophilie-les-commissions-dorientation-installees\\\/#breadcrumb\",\"itemListElement\":[{\"@type\":\"ListItem\",\"position\":1,\"name\":\"Accueil\",\"item\":\"https:\\\/\\\/lasentinelle.dz\\\/\"},{\"@type\":\"ListItem\",\"position\":2,\"name\":\"Prise en charge du cancer, de la scl\u00e9rose en plaque et de l&rsquo;h\u00e9mophilie\u00a0: Les commissions d&rsquo;orientation install\u00e9es\"}]},{\"@type\":\"WebSite\",\"@id\":\"https:\\\/\\\/lasentinelle.dz\\\/#website\",\"url\":\"https:\\\/\\\/lasentinelle.dz\\\/\",\"name\":\"La Sentinelle\",\"description\":\"Quotidien national d&#039;information\",\"publisher\":{\"@id\":\"https:\\\/\\\/lasentinelle.dz\\\/#organization\"},\"potentialAction\":[{\"@type\":\"SearchAction\",\"target\":{\"@type\":\"EntryPoint\",\"urlTemplate\":\"https:\\\/\\\/lasentinelle.dz\\\/?s={search_term_string}\"},\"query-input\":{\"@type\":\"PropertyValueSpecification\",\"valueRequired\":true,\"valueName\":\"search_term_string\"}}],\"inLanguage\":\"fr-FR\"},{\"@type\":\"Organization\",\"@id\":\"https:\\\/\\\/lasentinelle.dz\\\/#organization\",\"name\":\"Quotidien La Sentinelle\",\"url\":\"https:\\\/\\\/lasentinelle.dz\\\/\",\"logo\":{\"@type\":\"ImageObject\",\"inLanguage\":\"fr-FR\",\"@id\":\"https:\\\/\\\/lasentinelle.dz\\\/#\\\/schema\\\/logo\\\/image\\\/\",\"url\":\"https:\\\/\\\/lasentinelle.dz\\\/wp-content\\\/uploads\\\/2021\\\/09\\\/logo-sentinelleSLOGAN-1.png\",\"contentUrl\":\"https:\\\/\\\/lasentinelle.dz\\\/wp-content\\\/uploads\\\/2021\\\/09\\\/logo-sentinelleSLOGAN-1.png\",\"width\":615,\"height\":142,\"caption\":\"Quotidien La Sentinelle\"},\"image\":{\"@id\":\"https:\\\/\\\/lasentinelle.dz\\\/#\\\/schema\\\/logo\\\/image\\\/\"},\"sameAs\":[\"https:\\\/\\\/www.facebook.com\\\/La-Sentinelle-104059864394773\"]},{\"@type\":\"Person\",\"@id\":\"https:\\\/\\\/lasentinelle.dz\\\/#\\\/schema\\\/person\\\/d865044e22e70a75174ce8bcad3acfb3\",\"name\":\"La Sentinelle\",\"image\":{\"@type\":\"ImageObject\",\"inLanguage\":\"fr-FR\",\"@id\":\"https:\\\/\\\/secure.gravatar.com\\\/avatar\\\/57de8e5d4b15d43fb361a71fbb36338450fe67865b528a43dd10ef7c51a20392?s=96&d=mm&r=g\",\"url\":\"https:\\\/\\\/secure.gravatar.com\\\/avatar\\\/57de8e5d4b15d43fb361a71fbb36338450fe67865b528a43dd10ef7c51a20392?s=96&d=mm&r=g\",\"contentUrl\":\"https:\\\/\\\/secure.gravatar.com\\\/avatar\\\/57de8e5d4b15d43fb361a71fbb36338450fe67865b528a43dd10ef7c51a20392?s=96&d=mm&r=g\",\"caption\":\"La Sentinelle\"},\"sameAs\":[\"http:\\\/\\\/www.lasentinelle.dz\"],\"url\":\"https:\\\/\\\/lasentinelle.dz\\\/author\\\/redaction\\\/\"}]}<\/script>\n<!-- \/ Yoast SEO plugin. -->","yoast_head_json":{"title":"Prise en charge du cancer, de la scl\u00e9rose en plaque et de l&rsquo;h\u00e9mophilie\u00a0: Les commissions d&rsquo;orientation install\u00e9es - La Sentinelle","robots":{"index":"index","follow":"follow","max-snippet":"max-snippet:-1","max-image-preview":"max-image-preview:large","max-video-preview":"max-video-preview:-1"},"canonical":"https:\/\/lasentinelle.dz\/index.php\/2022\/07\/21\/prise-en-charge-du-cancer-de-la-sclerose-en-plaque-et-de-lhemophilie-les-commissions-dorientation-installees\/","og_locale":"fr_FR","og_type":"article","og_title":"Prise en charge du cancer, de la scl\u00e9rose en plaque et de l&rsquo;h\u00e9mophilie\u00a0: Les commissions d&rsquo;orientation install\u00e9es - La Sentinelle","og_description":"C\u2019est en pr\u00e9sence des sp\u00e9cialistes des \u00e9tablissements hospitaliers concern\u00e9s que le minist\u00e8re de la Sant\u00e9 et le laboratoire suisse Roche","og_url":"https:\/\/lasentinelle.dz\/index.php\/2022\/07\/21\/prise-en-charge-du-cancer-de-la-sclerose-en-plaque-et-de-lhemophilie-les-commissions-dorientation-installees\/","og_site_name":"La Sentinelle","article_publisher":"https:\/\/www.facebook.com\/La-Sentinelle-104059864394773","article_published_time":"2022-07-20T23:01:00+00:00","og_image":[{"width":1599,"height":900,"url":"https:\/\/lasentinelle.dz\/wp-content\/uploads\/2022\/07\/Ministere-de-la-Sante.png","type":"image\/png"}],"author":"La Sentinelle","twitter_card":"summary_large_image","twitter_misc":{"\u00c9crit par":"La Sentinelle","Dur\u00e9e de lecture estim\u00e9e":"2 minutes"},"schema":{"@context":"https:\/\/schema.org","@graph":[{"@type":"Article","@id":"https:\/\/lasentinelle.dz\/index.php\/2022\/07\/21\/prise-en-charge-du-cancer-de-la-sclerose-en-plaque-et-de-lhemophilie-les-commissions-dorientation-installees\/#article","isPartOf":{"@id":"https:\/\/lasentinelle.dz\/index.php\/2022\/07\/21\/prise-en-charge-du-cancer-de-la-sclerose-en-plaque-et-de-lhemophilie-les-commissions-dorientation-installees\/"},"author":{"name":"La Sentinelle","@id":"https:\/\/lasentinelle.dz\/#\/schema\/person\/d865044e22e70a75174ce8bcad3acfb3"},"headline":"Prise en charge du cancer, de la scl\u00e9rose en plaque et de l&rsquo;h\u00e9mophilie\u00a0: Les commissions d&rsquo;orientation install\u00e9es","datePublished":"2022-07-20T23:01:00+00:00","mainEntityOfPage":{"@id":"https:\/\/lasentinelle.dz\/index.php\/2022\/07\/21\/prise-en-charge-du-cancer-de-la-sclerose-en-plaque-et-de-lhemophilie-les-commissions-dorientation-installees\/"},"wordCount":341,"commentCount":0,"publisher":{"@id":"https:\/\/lasentinelle.dz\/#organization"},"image":{"@id":"https:\/\/lasentinelle.dz\/index.php\/2022\/07\/21\/prise-en-charge-du-cancer-de-la-sclerose-en-plaque-et-de-lhemophilie-les-commissions-dorientation-installees\/#primaryimage"},"thumbnailUrl":"https:\/\/lasentinelle.dz\/wp-content\/uploads\/2022\/07\/Ministere-de-la-Sante.png","articleSection":["Actualit\u00e9"],"inLanguage":"fr-FR","potentialAction":[{"@type":"CommentAction","name":"Comment","target":["https:\/\/lasentinelle.dz\/index.php\/2022\/07\/21\/prise-en-charge-du-cancer-de-la-sclerose-en-plaque-et-de-lhemophilie-les-commissions-dorientation-installees\/#respond"]}]},{"@type":"WebPage","@id":"https:\/\/lasentinelle.dz\/index.php\/2022\/07\/21\/prise-en-charge-du-cancer-de-la-sclerose-en-plaque-et-de-lhemophilie-les-commissions-dorientation-installees\/","url":"https:\/\/lasentinelle.dz\/index.php\/2022\/07\/21\/prise-en-charge-du-cancer-de-la-sclerose-en-plaque-et-de-lhemophilie-les-commissions-dorientation-installees\/","name":"Prise en charge du cancer, de la scl\u00e9rose en plaque et de l&rsquo;h\u00e9mophilie\u00a0: Les commissions d&rsquo;orientation install\u00e9es - La Sentinelle","isPartOf":{"@id":"https:\/\/lasentinelle.dz\/#website"},"primaryImageOfPage":{"@id":"https:\/\/lasentinelle.dz\/index.php\/2022\/07\/21\/prise-en-charge-du-cancer-de-la-sclerose-en-plaque-et-de-lhemophilie-les-commissions-dorientation-installees\/#primaryimage"},"image":{"@id":"https:\/\/lasentinelle.dz\/index.php\/2022\/07\/21\/prise-en-charge-du-cancer-de-la-sclerose-en-plaque-et-de-lhemophilie-les-commissions-dorientation-installees\/#primaryimage"},"thumbnailUrl":"https:\/\/lasentinelle.dz\/wp-content\/uploads\/2022\/07\/Ministere-de-la-Sante.png","datePublished":"2022-07-20T23:01:00+00:00","breadcrumb":{"@id":"https:\/\/lasentinelle.dz\/index.php\/2022\/07\/21\/prise-en-charge-du-cancer-de-la-sclerose-en-plaque-et-de-lhemophilie-les-commissions-dorientation-installees\/#breadcrumb"},"inLanguage":"fr-FR","potentialAction":[{"@type":"ReadAction","target":["https:\/\/lasentinelle.dz\/index.php\/2022\/07\/21\/prise-en-charge-du-cancer-de-la-sclerose-en-plaque-et-de-lhemophilie-les-commissions-dorientation-installees\/"]}]},{"@type":"ImageObject","inLanguage":"fr-FR","@id":"https:\/\/lasentinelle.dz\/index.php\/2022\/07\/21\/prise-en-charge-du-cancer-de-la-sclerose-en-plaque-et-de-lhemophilie-les-commissions-dorientation-installees\/#primaryimage","url":"https:\/\/lasentinelle.dz\/wp-content\/uploads\/2022\/07\/Ministere-de-la-Sante.png","contentUrl":"https:\/\/lasentinelle.dz\/wp-content\/uploads\/2022\/07\/Ministere-de-la-Sante.png","width":1599,"height":900},{"@type":"BreadcrumbList","@id":"https:\/\/lasentinelle.dz\/index.php\/2022\/07\/21\/prise-en-charge-du-cancer-de-la-sclerose-en-plaque-et-de-lhemophilie-les-commissions-dorientation-installees\/#breadcrumb","itemListElement":[{"@type":"ListItem","position":1,"name":"Accueil","item":"https:\/\/lasentinelle.dz\/"},{"@type":"ListItem","position":2,"name":"Prise en charge du cancer, de la scl\u00e9rose en plaque et de l&rsquo;h\u00e9mophilie\u00a0: Les commissions d&rsquo;orientation install\u00e9es"}]},{"@type":"WebSite","@id":"https:\/\/lasentinelle.dz\/#website","url":"https:\/\/lasentinelle.dz\/","name":"La Sentinelle","description":"Quotidien national d&#039;information","publisher":{"@id":"https:\/\/lasentinelle.dz\/#organization"},"potentialAction":[{"@type":"SearchAction","target":{"@type":"EntryPoint","urlTemplate":"https:\/\/lasentinelle.dz\/?s={search_term_string}"},"query-input":{"@type":"PropertyValueSpecification","valueRequired":true,"valueName":"search_term_string"}}],"inLanguage":"fr-FR"},{"@type":"Organization","@id":"https:\/\/lasentinelle.dz\/#organization","name":"Quotidien La Sentinelle","url":"https:\/\/lasentinelle.dz\/","logo":{"@type":"ImageObject","inLanguage":"fr-FR","@id":"https:\/\/lasentinelle.dz\/#\/schema\/logo\/image\/","url":"https:\/\/lasentinelle.dz\/wp-content\/uploads\/2021\/09\/logo-sentinelleSLOGAN-1.png","contentUrl":"https:\/\/lasentinelle.dz\/wp-content\/uploads\/2021\/09\/logo-sentinelleSLOGAN-1.png","width":615,"height":142,"caption":"Quotidien La Sentinelle"},"image":{"@id":"https:\/\/lasentinelle.dz\/#\/schema\/logo\/image\/"},"sameAs":["https:\/\/www.facebook.com\/La-Sentinelle-104059864394773"]},{"@type":"Person","@id":"https:\/\/lasentinelle.dz\/#\/schema\/person\/d865044e22e70a75174ce8bcad3acfb3","name":"La Sentinelle","image":{"@type":"ImageObject","inLanguage":"fr-FR","@id":"https:\/\/secure.gravatar.com\/avatar\/57de8e5d4b15d43fb361a71fbb36338450fe67865b528a43dd10ef7c51a20392?s=96&d=mm&r=g","url":"https:\/\/secure.gravatar.com\/avatar\/57de8e5d4b15d43fb361a71fbb36338450fe67865b528a43dd10ef7c51a20392?s=96&d=mm&r=g","contentUrl":"https:\/\/secure.gravatar.com\/avatar\/57de8e5d4b15d43fb361a71fbb36338450fe67865b528a43dd10ef7c51a20392?s=96&d=mm&r=g","caption":"La Sentinelle"},"sameAs":["http:\/\/www.lasentinelle.dz"],"url":"https:\/\/lasentinelle.dz\/author\/redaction\/"}]}},"_links":{"self":[{"href":"https:\/\/lasentinelle.dz\/index.php\/wp-json\/wp\/v2\/posts\/24476","targetHints":{"allow":["GET"]}}],"collection":[{"href":"https:\/\/lasentinelle.dz\/index.php\/wp-json\/wp\/v2\/posts"}],"about":[{"href":"https:\/\/lasentinelle.dz\/index.php\/wp-json\/wp\/v2\/types\/post"}],"author":[{"embeddable":true,"href":"https:\/\/lasentinelle.dz\/index.php\/wp-json\/wp\/v2\/users\/3"}],"replies":[{"embeddable":true,"href":"https:\/\/lasentinelle.dz\/index.php\/wp-json\/wp\/v2\/comments?post=24476"}],"version-history":[{"count":1,"href":"https:\/\/lasentinelle.dz\/index.php\/wp-json\/wp\/v2\/posts\/24476\/revisions"}],"predecessor-version":[{"id":24483,"href":"https:\/\/lasentinelle.dz\/index.php\/wp-json\/wp\/v2\/posts\/24476\/revisions\/24483"}],"wp:featuredmedia":[{"embeddable":true,"href":"https:\/\/lasentinelle.dz\/index.php\/wp-json\/wp\/v2\/media\/24482"}],"wp:attachment":[{"href":"https:\/\/lasentinelle.dz\/index.php\/wp-json\/wp\/v2\/media?parent=24476"}],"wp:term":[{"taxonomy":"category","embeddable":true,"href":"https:\/\/lasentinelle.dz\/index.php\/wp-json\/wp\/v2\/categories?post=24476"},{"taxonomy":"post_tag","embeddable":true,"href":"https:\/\/lasentinelle.dz\/index.php\/wp-json\/wp\/v2\/tags?post=24476"}],"curies":[{"name":"wp","href":"https:\/\/api.w.org\/{rel}","templated":true}]}}