{"id":24528,"date":"2022-07-24T00:05:00","date_gmt":"2022-07-23T23:05:00","guid":{"rendered":"https:\/\/lasentinelle.dz\/?p=24528"},"modified":"2022-07-23T20:40:04","modified_gmt":"2022-07-23T19:40:04","slug":"accord-russo-ukrainien-sur-les-cereales-les-premiers-ecueils","status":"publish","type":"post","link":"https:\/\/lasentinelle.dz\/index.php\/2022\/07\/24\/accord-russo-ukrainien-sur-les-cereales-les-premiers-ecueils\/","title":{"rendered":"Accord russo-ukrainien sur les c\u00e9r\u00e9ales\u00a0: Les premiers \u00e9cueils"},"content":{"rendered":"\n<p>Moscou et Kiev ont finalement trouv\u00e9 un accord sur l\u2019exportation des c\u00e9r\u00e9ales ukrainiennes via la Mer noire au prix d\u2019intenses n\u00e9gociations et d\u2019une m\u00e9diation turque. Une annonce qui a vite \u00e9t\u00e9 suivie d\u2019une baisse des prix des mati\u00e8res premi\u00e8res. Cependant, l\u2019accord fait face aux premiers \u00e9cueils. Au moment o\u00f9 Moscou a d\u00e9nonc\u00e9 les tentatives de Kiev de torpiller l\u2019accord, le bombardement, hier, du port d\u2019Odessa ouvre la voie \u00e0 de nouvelles difficult\u00e9s.&nbsp;<\/p>\n\n\n\n<p>De nombreux pays, notamment africains, ont pouss\u00e9 un grand ouf de soulagement vendredi apr\u00e8s l\u2019annonce d\u2019un accord entre la Russie et l\u2019Ukraine pour l\u2019exportation des c\u00e9r\u00e9ales stock\u00e9es au niveau du port d\u2019Odessa via la Mer noire. Un accord qui a \u00e9t\u00e9 sign\u00e9 par chacun des bellig\u00e9rants s\u00e9par\u00e9ment avec la Turquie et les&nbsp;Nations unies. Un accord qui va permettre de 25 millions de tonnes de c\u00e9r\u00e9ales ukrainiennes via les ports d\u2019Odessa, Pivdenny et Tchornomorsk, sur 120 jours. Un accord qui a \u00e9t\u00e9 possible apr\u00e8s la lev\u00e9e des sanctions am\u00e9ricaines et europ\u00e9ennes sur les exportations russes de c\u00e9r\u00e9ales et d\u2019engrais, tandis qu\u2019Ankara s\u2019est engag\u00e9e \u00e0 contribuer au d\u00e9minage de la Mer noire.<\/p>\n\n\n\n<p>L\u2019accord sign\u00e9 sous l\u2019\u00e9gide de l\u2019ONU, avec une m\u00e9diation turque, a \u00e9t\u00e9 tr\u00e8s bien accueillis y compris par les march\u00e9s, avec une baisse des prix des c\u00e9r\u00e9ales.&nbsp;Sur Euronext, la tonne de bl\u00e9 livrable en septembre a termin\u00e9,&nbsp;la semaine de cotation vendredi&nbsp;, \u00e0 325 euros, perdant 25 euros en une seule s\u00e9ance. Compar\u00e9 au plus-haut historique, \u00e0 438 euros la tonne, atteint mi-mai, le recul est de pr\u00e8s d\u2019un quart du prix total. M\u00eame tendance \u00e0 Chicago, o\u00f9 le boisseau de bl\u00e9 se n\u00e9gociait \u00e0 7,70 dollars (environ 7,50 euros), en repli de plus de 40 % par rapport \u00e0 son pic de mars.&nbsp;\u00ab Les stocks de bl\u00e9 de la moisson 2021 sont estim\u00e9s entre 6 et 6,5 millions de tonnes en Ukraine et le double en Russie \u00bb, pr\u00e9cise Nathan Cordier, du cabinet Agritel. A cela va s\u2019ajouter le fruit des moissons en cours. \u00ab La r\u00e9colte a bien d\u00e9but\u00e9 en Ukraine, elle pourrait \u00eatre comprise entre 20 et 22 millions de tonnes \u00bb, pronostique-t-il. La Russie&nbsp;de son c\u00f4t\u00e9 pourrait&nbsp;engranger cet \u00e9t\u00e9 entre 88 et 91 millions de tonnes de bl\u00e9.<\/p>\n\n\n\n<p>Une bonne nouvelle pour de nombreux pays qui sont sous la menace d\u2019une crise alimentaire, particuli\u00e8rement en Afrique. Ainsi, le pr\u00e9sident de l&rsquo;Union africaine s&rsquo;est f\u00e9licit\u00e9 de l&rsquo;accord.&nbsp;&nbsp;L&rsquo;ONG International Rescue Commitee (IRC) a&nbsp;\u00e9galement&nbsp;salu\u00e9 une \u00abpremi\u00e8re \u00e9tape vers l&rsquo;att\u00e9nuation de la crise alimentaire mondiale\u00bb.&nbsp;M\u00eame son de cloche du c\u00f4t\u00e9 de l\u2019UE qui a \u00e9galement \u00e9voqu\u00e9 la possibilit\u00e9 \u00ab&nbsp;d\u2019aider&nbsp;\u00bb au transport des c\u00e9r\u00e9ales ukrainiennes.<\/p>\n\n\n\n<p>Cependant, la probl\u00e9matique demeure enti\u00e8re. Car rien n\u2019est encore jou\u00e9 et l\u2019accord reste soumis au respect par les deux parties de leurs engagements. Ainsi, le ministre russe des affaires \u00e9trang\u00e8res Sergue\u00ef Lavrov s&rsquo;est insurg\u00e9 contre ce qu&rsquo;il consid\u00e8re \u00eatre des \u00ab tentatives de Kiev \u00bb afin de tuer dans l&rsquo;\u0153uf l&rsquo;accord c\u00e9r\u00e9alier. Or, c\u2019est le bombardement du Port d\u2019Odessa qui refl\u00e8te au mieux les \u00e9cueils que l\u2019accord devra d\u00e9passer.&nbsp;<\/p>\n\n\n\n<p>En effet, des missiles ont vis\u00e9&nbsp;hier&nbsp;le port d&rsquo;Odessa, sur la mer Noire.&nbsp;Kiev a imm\u00e9diatement accus\u00e9 Moscou d\u2019avoir vis\u00e9&nbsp;une usine de traitement de c\u00e9r\u00e9ales, sur le port d&rsquo;Odessa.&nbsp;Pour sa part, la Russie&nbsp;a ni\u00e9 aupr\u00e8s d&rsquo;Ankara toute implication dans ces frappes : \u00ab Les Russes nous ont dit qu&rsquo;ils n&rsquo;avaient absolument rien \u00e0 voir avec cette attaque et qu&rsquo;ils examinaient la question de tr\u00e8s pr\u00e8s \u00bb, a affirm\u00e9 Hulusi Akar, le ministre turc de la D\u00e9fense.<\/p>\n\n\n\n<p>Aux tensions g\u00e9opolitiques persistantes, les march\u00e9s des produits alimentaires demeureront sous la pression de la s\u00e9cheresse qui affecte les r\u00e9coltes aussi bien en Europe, en Inde qu\u2019en Am\u00e9rique du Nord, mais aussi aux pressions inflationnistes aliment\u00e9es par les perturbations des chaines logistiques et du d\u00e9couplage de l\u2019\u00e9conomie mondiale.&nbsp;<\/p>\n\n\n\n<p>Chokri Hafed<\/p>\n","protected":false},"excerpt":{"rendered":"<p>Moscou et Kiev ont finalement trouv\u00e9 un accord sur l\u2019exportation des c\u00e9r\u00e9ales ukrainiennes via la Mer noire au prix d\u2019intenses<\/p>\n","protected":false},"author":3,"featured_media":24551,"comment_status":"open","ping_status":"closed","sticky":false,"template":"","format":"standard","meta":{"colormag_page_container_layout":"default_layout","colormag_page_sidebar_layout":"default_layout","om_disable_all_campaigns":false,"_monsterinsights_skip_tracking":false,"_monsterinsights_sitenote_active":false,"_monsterinsights_sitenote_note":"","_monsterinsights_sitenote_category":0,"footnotes":"","_wpscppro_dont_share_socialmedia":false,"_wpscppro_custom_social_share_image":0,"_facebook_share_type":"","_twitter_share_type":"","_linkedin_share_type":"","_pinterest_share_type":"","_linkedin_share_type_page":"","_instagram_share_type":"","_medium_share_type":"","_threads_share_type":"","_google_business_share_type":"","_selected_social_profile":[],"_wpsp_enable_custom_social_template":false,"_wpsp_social_scheduling":{"enabled":false,"datetime":null,"platforms":[],"status":"template_only","dateOption":"today","timeOption":"now","customDays":"","customHours":"","customDate":"","customTime":"","schedulingType":"absolute"},"_wpsp_active_default_template":true},"categories":[52,29],"tags":[],"class_list":["post-24528","post","type-post","status-publish","format-standard","has-post-thumbnail","hentry","category-a-la-une","category-economie"],"aioseo_notices":[],"yoast_head":"<!-- This site is optimized with the Yoast SEO plugin v27.5 - https:\/\/yoast.com\/product\/yoast-seo-wordpress\/ -->\n<title>Accord russo-ukrainien sur les c\u00e9r\u00e9ales\u00a0: Les premiers \u00e9cueils - La Sentinelle<\/title>\n<meta name=\"robots\" content=\"index, follow, max-snippet:-1, max-image-preview:large, max-video-preview:-1\" \/>\n<link rel=\"canonical\" href=\"https:\/\/lasentinelle.dz\/index.php\/2022\/07\/24\/accord-russo-ukrainien-sur-les-cereales-les-premiers-ecueils\/\" \/>\n<meta property=\"og:locale\" content=\"fr_FR\" \/>\n<meta property=\"og:type\" content=\"article\" \/>\n<meta property=\"og:title\" content=\"Accord russo-ukrainien sur les c\u00e9r\u00e9ales\u00a0: Les premiers \u00e9cueils - La Sentinelle\" \/>\n<meta property=\"og:description\" content=\"Moscou et Kiev ont finalement trouv\u00e9 un accord sur l\u2019exportation des c\u00e9r\u00e9ales ukrainiennes via la Mer noire au prix d\u2019intenses\" \/>\n<meta property=\"og:url\" content=\"https:\/\/lasentinelle.dz\/index.php\/2022\/07\/24\/accord-russo-ukrainien-sur-les-cereales-les-premiers-ecueils\/\" \/>\n<meta property=\"og:site_name\" content=\"La Sentinelle\" \/>\n<meta property=\"article:publisher\" content=\"https:\/\/www.facebook.com\/La-Sentinelle-104059864394773\" \/>\n<meta property=\"article:published_time\" content=\"2022-07-23T23:05:00+00:00\" \/>\n<meta property=\"og:image\" content=\"https:\/\/lasentinelle.dz\/wp-content\/uploads\/2022\/07\/cereales-ukraine.png\" \/>\n\t<meta property=\"og:image:width\" content=\"1355\" \/>\n\t<meta property=\"og:image:height\" content=\"900\" \/>\n\t<meta property=\"og:image:type\" content=\"image\/png\" \/>\n<meta name=\"author\" content=\"La Sentinelle\" \/>\n<meta name=\"twitter:card\" content=\"summary_large_image\" \/>\n<meta name=\"twitter:label1\" content=\"\u00c9crit par\" \/>\n\t<meta name=\"twitter:data1\" content=\"La Sentinelle\" \/>\n\t<meta name=\"twitter:label2\" content=\"Dur\u00e9e de lecture estim\u00e9e\" \/>\n\t<meta name=\"twitter:data2\" content=\"4 minutes\" \/>\n<script type=\"application\/ld+json\" class=\"yoast-schema-graph\">{\"@context\":\"https:\\\/\\\/schema.org\",\"@graph\":[{\"@type\":\"Article\",\"@id\":\"https:\\\/\\\/lasentinelle.dz\\\/index.php\\\/2022\\\/07\\\/24\\\/accord-russo-ukrainien-sur-les-cereales-les-premiers-ecueils\\\/#article\",\"isPartOf\":{\"@id\":\"https:\\\/\\\/lasentinelle.dz\\\/index.php\\\/2022\\\/07\\\/24\\\/accord-russo-ukrainien-sur-les-cereales-les-premiers-ecueils\\\/\"},\"author\":{\"name\":\"La Sentinelle\",\"@id\":\"https:\\\/\\\/lasentinelle.dz\\\/#\\\/schema\\\/person\\\/d865044e22e70a75174ce8bcad3acfb3\"},\"headline\":\"Accord russo-ukrainien sur les c\u00e9r\u00e9ales\u00a0: Les premiers \u00e9cueils\",\"datePublished\":\"2022-07-23T23:05:00+00:00\",\"mainEntityOfPage\":{\"@id\":\"https:\\\/\\\/lasentinelle.dz\\\/index.php\\\/2022\\\/07\\\/24\\\/accord-russo-ukrainien-sur-les-cereales-les-premiers-ecueils\\\/\"},\"wordCount\":751,\"commentCount\":0,\"publisher\":{\"@id\":\"https:\\\/\\\/lasentinelle.dz\\\/#organization\"},\"image\":{\"@id\":\"https:\\\/\\\/lasentinelle.dz\\\/index.php\\\/2022\\\/07\\\/24\\\/accord-russo-ukrainien-sur-les-cereales-les-premiers-ecueils\\\/#primaryimage\"},\"thumbnailUrl\":\"https:\\\/\\\/lasentinelle.dz\\\/wp-content\\\/uploads\\\/2022\\\/07\\\/cereales-ukraine.png\",\"articleSection\":[\"\u00c0 la Une\",\"\u00c9conomie\"],\"inLanguage\":\"fr-FR\",\"potentialAction\":[{\"@type\":\"CommentAction\",\"name\":\"Comment\",\"target\":[\"https:\\\/\\\/lasentinelle.dz\\\/index.php\\\/2022\\\/07\\\/24\\\/accord-russo-ukrainien-sur-les-cereales-les-premiers-ecueils\\\/#respond\"]}]},{\"@type\":\"WebPage\",\"@id\":\"https:\\\/\\\/lasentinelle.dz\\\/index.php\\\/2022\\\/07\\\/24\\\/accord-russo-ukrainien-sur-les-cereales-les-premiers-ecueils\\\/\",\"url\":\"https:\\\/\\\/lasentinelle.dz\\\/index.php\\\/2022\\\/07\\\/24\\\/accord-russo-ukrainien-sur-les-cereales-les-premiers-ecueils\\\/\",\"name\":\"Accord russo-ukrainien sur les c\u00e9r\u00e9ales\u00a0: Les premiers \u00e9cueils - La Sentinelle\",\"isPartOf\":{\"@id\":\"https:\\\/\\\/lasentinelle.dz\\\/#website\"},\"primaryImageOfPage\":{\"@id\":\"https:\\\/\\\/lasentinelle.dz\\\/index.php\\\/2022\\\/07\\\/24\\\/accord-russo-ukrainien-sur-les-cereales-les-premiers-ecueils\\\/#primaryimage\"},\"image\":{\"@id\":\"https:\\\/\\\/lasentinelle.dz\\\/index.php\\\/2022\\\/07\\\/24\\\/accord-russo-ukrainien-sur-les-cereales-les-premiers-ecueils\\\/#primaryimage\"},\"thumbnailUrl\":\"https:\\\/\\\/lasentinelle.dz\\\/wp-content\\\/uploads\\\/2022\\\/07\\\/cereales-ukraine.png\",\"datePublished\":\"2022-07-23T23:05:00+00:00\",\"breadcrumb\":{\"@id\":\"https:\\\/\\\/lasentinelle.dz\\\/index.php\\\/2022\\\/07\\\/24\\\/accord-russo-ukrainien-sur-les-cereales-les-premiers-ecueils\\\/#breadcrumb\"},\"inLanguage\":\"fr-FR\",\"potentialAction\":[{\"@type\":\"ReadAction\",\"target\":[\"https:\\\/\\\/lasentinelle.dz\\\/index.php\\\/2022\\\/07\\\/24\\\/accord-russo-ukrainien-sur-les-cereales-les-premiers-ecueils\\\/\"]}]},{\"@type\":\"ImageObject\",\"inLanguage\":\"fr-FR\",\"@id\":\"https:\\\/\\\/lasentinelle.dz\\\/index.php\\\/2022\\\/07\\\/24\\\/accord-russo-ukrainien-sur-les-cereales-les-premiers-ecueils\\\/#primaryimage\",\"url\":\"https:\\\/\\\/lasentinelle.dz\\\/wp-content\\\/uploads\\\/2022\\\/07\\\/cereales-ukraine.png\",\"contentUrl\":\"https:\\\/\\\/lasentinelle.dz\\\/wp-content\\\/uploads\\\/2022\\\/07\\\/cereales-ukraine.png\",\"width\":1355,\"height\":900},{\"@type\":\"BreadcrumbList\",\"@id\":\"https:\\\/\\\/lasentinelle.dz\\\/index.php\\\/2022\\\/07\\\/24\\\/accord-russo-ukrainien-sur-les-cereales-les-premiers-ecueils\\\/#breadcrumb\",\"itemListElement\":[{\"@type\":\"ListItem\",\"position\":1,\"name\":\"Accueil\",\"item\":\"https:\\\/\\\/lasentinelle.dz\\\/\"},{\"@type\":\"ListItem\",\"position\":2,\"name\":\"Accord russo-ukrainien sur les c\u00e9r\u00e9ales\u00a0: Les premiers \u00e9cueils\"}]},{\"@type\":\"WebSite\",\"@id\":\"https:\\\/\\\/lasentinelle.dz\\\/#website\",\"url\":\"https:\\\/\\\/lasentinelle.dz\\\/\",\"name\":\"La Sentinelle\",\"description\":\"Quotidien national d&#039;information\",\"publisher\":{\"@id\":\"https:\\\/\\\/lasentinelle.dz\\\/#organization\"},\"potentialAction\":[{\"@type\":\"SearchAction\",\"target\":{\"@type\":\"EntryPoint\",\"urlTemplate\":\"https:\\\/\\\/lasentinelle.dz\\\/?s={search_term_string}\"},\"query-input\":{\"@type\":\"PropertyValueSpecification\",\"valueRequired\":true,\"valueName\":\"search_term_string\"}}],\"inLanguage\":\"fr-FR\"},{\"@type\":\"Organization\",\"@id\":\"https:\\\/\\\/lasentinelle.dz\\\/#organization\",\"name\":\"Quotidien La Sentinelle\",\"url\":\"https:\\\/\\\/lasentinelle.dz\\\/\",\"logo\":{\"@type\":\"ImageObject\",\"inLanguage\":\"fr-FR\",\"@id\":\"https:\\\/\\\/lasentinelle.dz\\\/#\\\/schema\\\/logo\\\/image\\\/\",\"url\":\"https:\\\/\\\/lasentinelle.dz\\\/wp-content\\\/uploads\\\/2021\\\/09\\\/logo-sentinelleSLOGAN-1.png\",\"contentUrl\":\"https:\\\/\\\/lasentinelle.dz\\\/wp-content\\\/uploads\\\/2021\\\/09\\\/logo-sentinelleSLOGAN-1.png\",\"width\":615,\"height\":142,\"caption\":\"Quotidien La Sentinelle\"},\"image\":{\"@id\":\"https:\\\/\\\/lasentinelle.dz\\\/#\\\/schema\\\/logo\\\/image\\\/\"},\"sameAs\":[\"https:\\\/\\\/www.facebook.com\\\/La-Sentinelle-104059864394773\"]},{\"@type\":\"Person\",\"@id\":\"https:\\\/\\\/lasentinelle.dz\\\/#\\\/schema\\\/person\\\/d865044e22e70a75174ce8bcad3acfb3\",\"name\":\"La Sentinelle\",\"image\":{\"@type\":\"ImageObject\",\"inLanguage\":\"fr-FR\",\"@id\":\"https:\\\/\\\/secure.gravatar.com\\\/avatar\\\/57de8e5d4b15d43fb361a71fbb36338450fe67865b528a43dd10ef7c51a20392?s=96&d=mm&r=g\",\"url\":\"https:\\\/\\\/secure.gravatar.com\\\/avatar\\\/57de8e5d4b15d43fb361a71fbb36338450fe67865b528a43dd10ef7c51a20392?s=96&d=mm&r=g\",\"contentUrl\":\"https:\\\/\\\/secure.gravatar.com\\\/avatar\\\/57de8e5d4b15d43fb361a71fbb36338450fe67865b528a43dd10ef7c51a20392?s=96&d=mm&r=g\",\"caption\":\"La Sentinelle\"},\"sameAs\":[\"http:\\\/\\\/www.lasentinelle.dz\"],\"url\":\"https:\\\/\\\/lasentinelle.dz\\\/author\\\/redaction\\\/\"}]}<\/script>\n<!-- \/ Yoast SEO plugin. -->","yoast_head_json":{"title":"Accord russo-ukrainien sur les c\u00e9r\u00e9ales\u00a0: Les premiers \u00e9cueils - La Sentinelle","robots":{"index":"index","follow":"follow","max-snippet":"max-snippet:-1","max-image-preview":"max-image-preview:large","max-video-preview":"max-video-preview:-1"},"canonical":"https:\/\/lasentinelle.dz\/index.php\/2022\/07\/24\/accord-russo-ukrainien-sur-les-cereales-les-premiers-ecueils\/","og_locale":"fr_FR","og_type":"article","og_title":"Accord russo-ukrainien sur les c\u00e9r\u00e9ales\u00a0: Les premiers \u00e9cueils - La Sentinelle","og_description":"Moscou et Kiev ont finalement trouv\u00e9 un accord sur l\u2019exportation des c\u00e9r\u00e9ales ukrainiennes via la Mer noire au prix d\u2019intenses","og_url":"https:\/\/lasentinelle.dz\/index.php\/2022\/07\/24\/accord-russo-ukrainien-sur-les-cereales-les-premiers-ecueils\/","og_site_name":"La Sentinelle","article_publisher":"https:\/\/www.facebook.com\/La-Sentinelle-104059864394773","article_published_time":"2022-07-23T23:05:00+00:00","og_image":[{"width":1355,"height":900,"url":"https:\/\/lasentinelle.dz\/wp-content\/uploads\/2022\/07\/cereales-ukraine.png","type":"image\/png"}],"author":"La Sentinelle","twitter_card":"summary_large_image","twitter_misc":{"\u00c9crit par":"La Sentinelle","Dur\u00e9e de lecture estim\u00e9e":"4 minutes"},"schema":{"@context":"https:\/\/schema.org","@graph":[{"@type":"Article","@id":"https:\/\/lasentinelle.dz\/index.php\/2022\/07\/24\/accord-russo-ukrainien-sur-les-cereales-les-premiers-ecueils\/#article","isPartOf":{"@id":"https:\/\/lasentinelle.dz\/index.php\/2022\/07\/24\/accord-russo-ukrainien-sur-les-cereales-les-premiers-ecueils\/"},"author":{"name":"La Sentinelle","@id":"https:\/\/lasentinelle.dz\/#\/schema\/person\/d865044e22e70a75174ce8bcad3acfb3"},"headline":"Accord russo-ukrainien sur les c\u00e9r\u00e9ales\u00a0: Les premiers \u00e9cueils","datePublished":"2022-07-23T23:05:00+00:00","mainEntityOfPage":{"@id":"https:\/\/lasentinelle.dz\/index.php\/2022\/07\/24\/accord-russo-ukrainien-sur-les-cereales-les-premiers-ecueils\/"},"wordCount":751,"commentCount":0,"publisher":{"@id":"https:\/\/lasentinelle.dz\/#organization"},"image":{"@id":"https:\/\/lasentinelle.dz\/index.php\/2022\/07\/24\/accord-russo-ukrainien-sur-les-cereales-les-premiers-ecueils\/#primaryimage"},"thumbnailUrl":"https:\/\/lasentinelle.dz\/wp-content\/uploads\/2022\/07\/cereales-ukraine.png","articleSection":["\u00c0 la Une","\u00c9conomie"],"inLanguage":"fr-FR","potentialAction":[{"@type":"CommentAction","name":"Comment","target":["https:\/\/lasentinelle.dz\/index.php\/2022\/07\/24\/accord-russo-ukrainien-sur-les-cereales-les-premiers-ecueils\/#respond"]}]},{"@type":"WebPage","@id":"https:\/\/lasentinelle.dz\/index.php\/2022\/07\/24\/accord-russo-ukrainien-sur-les-cereales-les-premiers-ecueils\/","url":"https:\/\/lasentinelle.dz\/index.php\/2022\/07\/24\/accord-russo-ukrainien-sur-les-cereales-les-premiers-ecueils\/","name":"Accord russo-ukrainien sur les c\u00e9r\u00e9ales\u00a0: Les premiers \u00e9cueils - La Sentinelle","isPartOf":{"@id":"https:\/\/lasentinelle.dz\/#website"},"primaryImageOfPage":{"@id":"https:\/\/lasentinelle.dz\/index.php\/2022\/07\/24\/accord-russo-ukrainien-sur-les-cereales-les-premiers-ecueils\/#primaryimage"},"image":{"@id":"https:\/\/lasentinelle.dz\/index.php\/2022\/07\/24\/accord-russo-ukrainien-sur-les-cereales-les-premiers-ecueils\/#primaryimage"},"thumbnailUrl":"https:\/\/lasentinelle.dz\/wp-content\/uploads\/2022\/07\/cereales-ukraine.png","datePublished":"2022-07-23T23:05:00+00:00","breadcrumb":{"@id":"https:\/\/lasentinelle.dz\/index.php\/2022\/07\/24\/accord-russo-ukrainien-sur-les-cereales-les-premiers-ecueils\/#breadcrumb"},"inLanguage":"fr-FR","potentialAction":[{"@type":"ReadAction","target":["https:\/\/lasentinelle.dz\/index.php\/2022\/07\/24\/accord-russo-ukrainien-sur-les-cereales-les-premiers-ecueils\/"]}]},{"@type":"ImageObject","inLanguage":"fr-FR","@id":"https:\/\/lasentinelle.dz\/index.php\/2022\/07\/24\/accord-russo-ukrainien-sur-les-cereales-les-premiers-ecueils\/#primaryimage","url":"https:\/\/lasentinelle.dz\/wp-content\/uploads\/2022\/07\/cereales-ukraine.png","contentUrl":"https:\/\/lasentinelle.dz\/wp-content\/uploads\/2022\/07\/cereales-ukraine.png","width":1355,"height":900},{"@type":"BreadcrumbList","@id":"https:\/\/lasentinelle.dz\/index.php\/2022\/07\/24\/accord-russo-ukrainien-sur-les-cereales-les-premiers-ecueils\/#breadcrumb","itemListElement":[{"@type":"ListItem","position":1,"name":"Accueil","item":"https:\/\/lasentinelle.dz\/"},{"@type":"ListItem","position":2,"name":"Accord russo-ukrainien sur les c\u00e9r\u00e9ales\u00a0: Les premiers \u00e9cueils"}]},{"@type":"WebSite","@id":"https:\/\/lasentinelle.dz\/#website","url":"https:\/\/lasentinelle.dz\/","name":"La Sentinelle","description":"Quotidien national d&#039;information","publisher":{"@id":"https:\/\/lasentinelle.dz\/#organization"},"potentialAction":[{"@type":"SearchAction","target":{"@type":"EntryPoint","urlTemplate":"https:\/\/lasentinelle.dz\/?s={search_term_string}"},"query-input":{"@type":"PropertyValueSpecification","valueRequired":true,"valueName":"search_term_string"}}],"inLanguage":"fr-FR"},{"@type":"Organization","@id":"https:\/\/lasentinelle.dz\/#organization","name":"Quotidien La Sentinelle","url":"https:\/\/lasentinelle.dz\/","logo":{"@type":"ImageObject","inLanguage":"fr-FR","@id":"https:\/\/lasentinelle.dz\/#\/schema\/logo\/image\/","url":"https:\/\/lasentinelle.dz\/wp-content\/uploads\/2021\/09\/logo-sentinelleSLOGAN-1.png","contentUrl":"https:\/\/lasentinelle.dz\/wp-content\/uploads\/2021\/09\/logo-sentinelleSLOGAN-1.png","width":615,"height":142,"caption":"Quotidien La Sentinelle"},"image":{"@id":"https:\/\/lasentinelle.dz\/#\/schema\/logo\/image\/"},"sameAs":["https:\/\/www.facebook.com\/La-Sentinelle-104059864394773"]},{"@type":"Person","@id":"https:\/\/lasentinelle.dz\/#\/schema\/person\/d865044e22e70a75174ce8bcad3acfb3","name":"La Sentinelle","image":{"@type":"ImageObject","inLanguage":"fr-FR","@id":"https:\/\/secure.gravatar.com\/avatar\/57de8e5d4b15d43fb361a71fbb36338450fe67865b528a43dd10ef7c51a20392?s=96&d=mm&r=g","url":"https:\/\/secure.gravatar.com\/avatar\/57de8e5d4b15d43fb361a71fbb36338450fe67865b528a43dd10ef7c51a20392?s=96&d=mm&r=g","contentUrl":"https:\/\/secure.gravatar.com\/avatar\/57de8e5d4b15d43fb361a71fbb36338450fe67865b528a43dd10ef7c51a20392?s=96&d=mm&r=g","caption":"La Sentinelle"},"sameAs":["http:\/\/www.lasentinelle.dz"],"url":"https:\/\/lasentinelle.dz\/author\/redaction\/"}]}},"_links":{"self":[{"href":"https:\/\/lasentinelle.dz\/index.php\/wp-json\/wp\/v2\/posts\/24528","targetHints":{"allow":["GET"]}}],"collection":[{"href":"https:\/\/lasentinelle.dz\/index.php\/wp-json\/wp\/v2\/posts"}],"about":[{"href":"https:\/\/lasentinelle.dz\/index.php\/wp-json\/wp\/v2\/types\/post"}],"author":[{"embeddable":true,"href":"https:\/\/lasentinelle.dz\/index.php\/wp-json\/wp\/v2\/users\/3"}],"replies":[{"embeddable":true,"href":"https:\/\/lasentinelle.dz\/index.php\/wp-json\/wp\/v2\/comments?post=24528"}],"version-history":[{"count":1,"href":"https:\/\/lasentinelle.dz\/index.php\/wp-json\/wp\/v2\/posts\/24528\/revisions"}],"predecessor-version":[{"id":24553,"href":"https:\/\/lasentinelle.dz\/index.php\/wp-json\/wp\/v2\/posts\/24528\/revisions\/24553"}],"wp:featuredmedia":[{"embeddable":true,"href":"https:\/\/lasentinelle.dz\/index.php\/wp-json\/wp\/v2\/media\/24551"}],"wp:attachment":[{"href":"https:\/\/lasentinelle.dz\/index.php\/wp-json\/wp\/v2\/media?parent=24528"}],"wp:term":[{"taxonomy":"category","embeddable":true,"href":"https:\/\/lasentinelle.dz\/index.php\/wp-json\/wp\/v2\/categories?post=24528"},{"taxonomy":"post_tag","embeddable":true,"href":"https:\/\/lasentinelle.dz\/index.php\/wp-json\/wp\/v2\/tags?post=24528"}],"curies":[{"name":"wp","href":"https:\/\/api.w.org\/{rel}","templated":true}]}}