{"id":24549,"date":"2022-07-24T00:01:00","date_gmt":"2022-07-23T23:01:00","guid":{"rendered":"https:\/\/lasentinelle.dz\/?p=24549"},"modified":"2022-07-23T18:09:19","modified_gmt":"2022-07-23T17:09:19","slug":"crise-libyenne-des-affrontements-entre-milices-a-tripoli-font-16-morts","status":"publish","type":"post","link":"https:\/\/lasentinelle.dz\/index.php\/2022\/07\/24\/crise-libyenne-des-affrontements-entre-milices-a-tripoli-font-16-morts\/","title":{"rendered":"Crise libyenne\u00a0:\u00a0Des affrontements entre milices \u00e0 Tripoli font 16 morts"},"content":{"rendered":"\n<p>Des affrontements vendredi dans la capitale libyenne Tripoli ont fait 16 morts et une cinquantaine de bless\u00e9s, selon un nouveau bilan publi\u00e9 hier par le minist\u00e8re&nbsp;libyen&nbsp;de la Sant\u00e9. Seize personnes ont \u00e9t\u00e9 tu\u00e9es et 52 bless\u00e9es, a indiqu\u00e9 le minist\u00e8re dans un communiqu\u00e9. \u00ab\u00a0Tous les bless\u00e9s re\u00e7oivent des soins m\u00e9dicaux dans les h\u00f4pitaux\u00a0\u00bb de la ville, a-t-il ajout\u00e9, sans pr\u00e9ciser le nombre de civils parmi les morts et les bless\u00e9s. Le Service des ambulances et de secours \u00e0 Tripoli avait fait \u00e9tat vendredi de trois civils tu\u00e9s. Les combats se sont d\u00e9roul\u00e9s dans la nuit de jeudi \u00e0 vendredi et n&rsquo;ont cess\u00e9 qu&rsquo;en fin d&rsquo;apr\u00e8s-midi vendredi. Ils ont oppos\u00e9 deux groupes arm\u00e9s : la Force al-Radaa (dissuasion) et la Brigade des R\u00e9volutionnaires de Tripoli, tous deux rattach\u00e9es au pouvoir ex\u00e9cutif. Selon des sources locales, la d\u00e9tention par un groupe arm\u00e9 d&rsquo;un combattant appartenant \u00e0 l&rsquo;autre camp serait l&rsquo;\u00e9l\u00e9ment d\u00e9clencheur des affrontements qui ont touch\u00e9 plusieurs quartiers de la ville. A la suite de ces incidents, le Premier ministre, Abdelhamid Dbeibah, a suspendu le ministre de l&rsquo;Int\u00e9rieur, Khaled Mazen, et charg\u00e9 Bader Eddine al-Toumi, ministre de la Gouvernance locale, d&rsquo;assurer l&rsquo;int\u00e9rim \u00ab\u00a0jusqu&rsquo;\u00e0 nouvel ordre\u00a0\u00bb.&nbsp;<\/p>\n\n\n\n<p>Ces affrontements sont symptomatiques du chaos dans lequel est plong\u00e9e la Libye depuis le renversement par l\u2019OTAN du r\u00e9gime de Mouammar El Gueddafi en 2011 et dont elle ne parvient pas \u00e0 s&rsquo;extirper. Deux gouvernements&nbsp;parall\u00e8les&nbsp;se disputent par ailleurs le pouvoir depuis mars. Celui de Tripoli, mis sur orbite d\u00e9but 2021 sous l&rsquo;\u00e9gide de l&rsquo;ONU pour mener la transition jusqu&rsquo;\u00e0 des \u00e9lections qui n&rsquo;ont pas encore eu lieu, et un gouvernement form\u00e9 en mars et soutenu par le Parlement, qui a \u00e9lu provisoirement domicile \u00e0 Syrte (centre.&nbsp;<\/p>\n\n\n\n<p>Ce n\u2019est pas tout. Coupures d&rsquo;\u00e9lectricit\u00e9 incessantes, inflation, ins\u00e9curit\u00e9&#8230; les Libyens subissent de plein fouet le chaos qui frappe leur pays depuis la chute en 2011 du r\u00e9gime de Mouammar&nbsp;El Gueddafi. Les infrastructures sont d\u00e9ficientes, l&rsquo;\u00e9conomie \u00e0 terre, les services d\u00e9faillants. Le secteur n\u00e9vralgique de l&rsquo;\u00e9nergie a p\u00e2ti de la guerre: p\u00e9trole dilapid\u00e9, infrastructures endommag\u00e9es ou non entretenues, blocus.&nbsp;<\/p>\n\n\n\n<p>D\u00e9but juillet, des manifestations ont \u00e9t\u00e9 organis\u00e9es \u00e0 travers le pays contre la d\u00e9gradation des conditions de vie et le chaos politique. A Tobrouk (est), des manifestants ont forc\u00e9 l&rsquo;entr\u00e9e du Parlement avant d&rsquo;y mettre le feu. Cette institution est l&rsquo;un des symboles de la division du pays entre un camp bas\u00e9 en Cyr\u00e9na\u00efque (est), dont le chef de file est le mar\u00e9chal Khalifa Haftar, et un gouvernement bas\u00e9 \u00e0 Tripoli dirig\u00e9 par le Premier ministre Abdelhamid Dbeibah.&nbsp;<\/p>\n\n\n\n<p><strong>K.L. et agences<\/strong><\/p>\n","protected":false},"excerpt":{"rendered":"<p>Des affrontements vendredi dans la capitale libyenne Tripoli ont fait 16 morts et une cinquantaine de bless\u00e9s, selon un nouveau<\/p>\n","protected":false},"author":3,"featured_media":24561,"comment_status":"open","ping_status":"closed","sticky":false,"template":"","format":"standard","meta":{"colormag_page_container_layout":"default_layout","colormag_page_sidebar_layout":"default_layout","om_disable_all_campaigns":false,"_monsterinsights_skip_tracking":false,"_monsterinsights_sitenote_active":false,"_monsterinsights_sitenote_note":"","_monsterinsights_sitenote_category":0,"footnotes":"","_wpscppro_dont_share_socialmedia":false,"_wpscppro_custom_social_share_image":0,"_facebook_share_type":"","_twitter_share_type":"","_linkedin_share_type":"","_pinterest_share_type":"","_linkedin_share_type_page":"","_instagram_share_type":"","_medium_share_type":"","_threads_share_type":"","_google_business_share_type":"","_selected_social_profile":[],"_wpsp_enable_custom_social_template":false,"_wpsp_social_scheduling":{"enabled":false,"datetime":null,"platforms":[],"status":"template_only","dateOption":"today","timeOption":"now","customDays":"","customHours":"","customDate":"","customTime":"","schedulingType":"absolute"},"_wpsp_active_default_template":true},"categories":[37],"tags":[],"class_list":["post-24549","post","type-post","status-publish","format-standard","has-post-thumbnail","hentry","category-monde"],"aioseo_notices":[],"yoast_head":"<!-- This site is optimized with the Yoast SEO plugin v27.5 - https:\/\/yoast.com\/product\/yoast-seo-wordpress\/ -->\n<title>Crise libyenne\u00a0:\u00a0Des affrontements entre milices \u00e0 Tripoli font 16 morts - La Sentinelle<\/title>\n<meta name=\"robots\" content=\"index, follow, max-snippet:-1, max-image-preview:large, max-video-preview:-1\" \/>\n<link rel=\"canonical\" href=\"https:\/\/lasentinelle.dz\/index.php\/2022\/07\/24\/crise-libyenne-des-affrontements-entre-milices-a-tripoli-font-16-morts\/\" \/>\n<meta property=\"og:locale\" content=\"fr_FR\" \/>\n<meta property=\"og:type\" content=\"article\" \/>\n<meta property=\"og:title\" content=\"Crise libyenne\u00a0:\u00a0Des affrontements entre milices \u00e0 Tripoli font 16 morts - La Sentinelle\" \/>\n<meta property=\"og:description\" content=\"Des affrontements vendredi dans la capitale libyenne Tripoli ont fait 16 morts et une cinquantaine de bless\u00e9s, selon un nouveau\" \/>\n<meta property=\"og:url\" content=\"https:\/\/lasentinelle.dz\/index.php\/2022\/07\/24\/crise-libyenne-des-affrontements-entre-milices-a-tripoli-font-16-morts\/\" \/>\n<meta property=\"og:site_name\" content=\"La Sentinelle\" \/>\n<meta property=\"article:publisher\" content=\"https:\/\/www.facebook.com\/La-Sentinelle-104059864394773\" \/>\n<meta property=\"article:published_time\" content=\"2022-07-23T23:01:00+00:00\" \/>\n<meta property=\"og:image\" content=\"https:\/\/lasentinelle.dz\/wp-content\/uploads\/2022\/07\/20220723111327.jpg\" \/>\n\t<meta property=\"og:image:width\" content=\"1024\" \/>\n\t<meta property=\"og:image:height\" content=\"576\" \/>\n\t<meta property=\"og:image:type\" content=\"image\/jpeg\" \/>\n<meta name=\"author\" content=\"La Sentinelle\" \/>\n<meta name=\"twitter:card\" content=\"summary_large_image\" \/>\n<meta name=\"twitter:label1\" content=\"\u00c9crit par\" \/>\n\t<meta name=\"twitter:data1\" content=\"La Sentinelle\" \/>\n\t<meta name=\"twitter:label2\" content=\"Dur\u00e9e de lecture estim\u00e9e\" \/>\n\t<meta name=\"twitter:data2\" content=\"3 minutes\" \/>\n<script type=\"application\/ld+json\" class=\"yoast-schema-graph\">{\"@context\":\"https:\\\/\\\/schema.org\",\"@graph\":[{\"@type\":\"Article\",\"@id\":\"https:\\\/\\\/lasentinelle.dz\\\/index.php\\\/2022\\\/07\\\/24\\\/crise-libyenne-des-affrontements-entre-milices-a-tripoli-font-16-morts\\\/#article\",\"isPartOf\":{\"@id\":\"https:\\\/\\\/lasentinelle.dz\\\/index.php\\\/2022\\\/07\\\/24\\\/crise-libyenne-des-affrontements-entre-milices-a-tripoli-font-16-morts\\\/\"},\"author\":{\"name\":\"La Sentinelle\",\"@id\":\"https:\\\/\\\/lasentinelle.dz\\\/#\\\/schema\\\/person\\\/d865044e22e70a75174ce8bcad3acfb3\"},\"headline\":\"Crise libyenne\u00a0:\u00a0Des affrontements entre milices \u00e0 Tripoli font 16 morts\",\"datePublished\":\"2022-07-23T23:01:00+00:00\",\"mainEntityOfPage\":{\"@id\":\"https:\\\/\\\/lasentinelle.dz\\\/index.php\\\/2022\\\/07\\\/24\\\/crise-libyenne-des-affrontements-entre-milices-a-tripoli-font-16-morts\\\/\"},\"wordCount\":493,\"commentCount\":0,\"publisher\":{\"@id\":\"https:\\\/\\\/lasentinelle.dz\\\/#organization\"},\"image\":{\"@id\":\"https:\\\/\\\/lasentinelle.dz\\\/index.php\\\/2022\\\/07\\\/24\\\/crise-libyenne-des-affrontements-entre-milices-a-tripoli-font-16-morts\\\/#primaryimage\"},\"thumbnailUrl\":\"https:\\\/\\\/lasentinelle.dz\\\/wp-content\\\/uploads\\\/2022\\\/07\\\/20220723111327.jpg\",\"articleSection\":[\"Monde\"],\"inLanguage\":\"fr-FR\",\"potentialAction\":[{\"@type\":\"CommentAction\",\"name\":\"Comment\",\"target\":[\"https:\\\/\\\/lasentinelle.dz\\\/index.php\\\/2022\\\/07\\\/24\\\/crise-libyenne-des-affrontements-entre-milices-a-tripoli-font-16-morts\\\/#respond\"]}]},{\"@type\":\"WebPage\",\"@id\":\"https:\\\/\\\/lasentinelle.dz\\\/index.php\\\/2022\\\/07\\\/24\\\/crise-libyenne-des-affrontements-entre-milices-a-tripoli-font-16-morts\\\/\",\"url\":\"https:\\\/\\\/lasentinelle.dz\\\/index.php\\\/2022\\\/07\\\/24\\\/crise-libyenne-des-affrontements-entre-milices-a-tripoli-font-16-morts\\\/\",\"name\":\"Crise libyenne\u00a0:\u00a0Des affrontements entre milices \u00e0 Tripoli font 16 morts - La Sentinelle\",\"isPartOf\":{\"@id\":\"https:\\\/\\\/lasentinelle.dz\\\/#website\"},\"primaryImageOfPage\":{\"@id\":\"https:\\\/\\\/lasentinelle.dz\\\/index.php\\\/2022\\\/07\\\/24\\\/crise-libyenne-des-affrontements-entre-milices-a-tripoli-font-16-morts\\\/#primaryimage\"},\"image\":{\"@id\":\"https:\\\/\\\/lasentinelle.dz\\\/index.php\\\/2022\\\/07\\\/24\\\/crise-libyenne-des-affrontements-entre-milices-a-tripoli-font-16-morts\\\/#primaryimage\"},\"thumbnailUrl\":\"https:\\\/\\\/lasentinelle.dz\\\/wp-content\\\/uploads\\\/2022\\\/07\\\/20220723111327.jpg\",\"datePublished\":\"2022-07-23T23:01:00+00:00\",\"breadcrumb\":{\"@id\":\"https:\\\/\\\/lasentinelle.dz\\\/index.php\\\/2022\\\/07\\\/24\\\/crise-libyenne-des-affrontements-entre-milices-a-tripoli-font-16-morts\\\/#breadcrumb\"},\"inLanguage\":\"fr-FR\",\"potentialAction\":[{\"@type\":\"ReadAction\",\"target\":[\"https:\\\/\\\/lasentinelle.dz\\\/index.php\\\/2022\\\/07\\\/24\\\/crise-libyenne-des-affrontements-entre-milices-a-tripoli-font-16-morts\\\/\"]}]},{\"@type\":\"ImageObject\",\"inLanguage\":\"fr-FR\",\"@id\":\"https:\\\/\\\/lasentinelle.dz\\\/index.php\\\/2022\\\/07\\\/24\\\/crise-libyenne-des-affrontements-entre-milices-a-tripoli-font-16-morts\\\/#primaryimage\",\"url\":\"https:\\\/\\\/lasentinelle.dz\\\/wp-content\\\/uploads\\\/2022\\\/07\\\/20220723111327.jpg\",\"contentUrl\":\"https:\\\/\\\/lasentinelle.dz\\\/wp-content\\\/uploads\\\/2022\\\/07\\\/20220723111327.jpg\",\"width\":1024,\"height\":576},{\"@type\":\"BreadcrumbList\",\"@id\":\"https:\\\/\\\/lasentinelle.dz\\\/index.php\\\/2022\\\/07\\\/24\\\/crise-libyenne-des-affrontements-entre-milices-a-tripoli-font-16-morts\\\/#breadcrumb\",\"itemListElement\":[{\"@type\":\"ListItem\",\"position\":1,\"name\":\"Accueil\",\"item\":\"https:\\\/\\\/lasentinelle.dz\\\/\"},{\"@type\":\"ListItem\",\"position\":2,\"name\":\"Crise libyenne\u00a0:\u00a0Des affrontements entre milices \u00e0 Tripoli font 16 morts\"}]},{\"@type\":\"WebSite\",\"@id\":\"https:\\\/\\\/lasentinelle.dz\\\/#website\",\"url\":\"https:\\\/\\\/lasentinelle.dz\\\/\",\"name\":\"La Sentinelle\",\"description\":\"Quotidien national d&#039;information\",\"publisher\":{\"@id\":\"https:\\\/\\\/lasentinelle.dz\\\/#organization\"},\"potentialAction\":[{\"@type\":\"SearchAction\",\"target\":{\"@type\":\"EntryPoint\",\"urlTemplate\":\"https:\\\/\\\/lasentinelle.dz\\\/?s={search_term_string}\"},\"query-input\":{\"@type\":\"PropertyValueSpecification\",\"valueRequired\":true,\"valueName\":\"search_term_string\"}}],\"inLanguage\":\"fr-FR\"},{\"@type\":\"Organization\",\"@id\":\"https:\\\/\\\/lasentinelle.dz\\\/#organization\",\"name\":\"Quotidien La Sentinelle\",\"url\":\"https:\\\/\\\/lasentinelle.dz\\\/\",\"logo\":{\"@type\":\"ImageObject\",\"inLanguage\":\"fr-FR\",\"@id\":\"https:\\\/\\\/lasentinelle.dz\\\/#\\\/schema\\\/logo\\\/image\\\/\",\"url\":\"https:\\\/\\\/lasentinelle.dz\\\/wp-content\\\/uploads\\\/2021\\\/09\\\/logo-sentinelleSLOGAN-1.png\",\"contentUrl\":\"https:\\\/\\\/lasentinelle.dz\\\/wp-content\\\/uploads\\\/2021\\\/09\\\/logo-sentinelleSLOGAN-1.png\",\"width\":615,\"height\":142,\"caption\":\"Quotidien La Sentinelle\"},\"image\":{\"@id\":\"https:\\\/\\\/lasentinelle.dz\\\/#\\\/schema\\\/logo\\\/image\\\/\"},\"sameAs\":[\"https:\\\/\\\/www.facebook.com\\\/La-Sentinelle-104059864394773\"]},{\"@type\":\"Person\",\"@id\":\"https:\\\/\\\/lasentinelle.dz\\\/#\\\/schema\\\/person\\\/d865044e22e70a75174ce8bcad3acfb3\",\"name\":\"La Sentinelle\",\"image\":{\"@type\":\"ImageObject\",\"inLanguage\":\"fr-FR\",\"@id\":\"https:\\\/\\\/secure.gravatar.com\\\/avatar\\\/57de8e5d4b15d43fb361a71fbb36338450fe67865b528a43dd10ef7c51a20392?s=96&d=mm&r=g\",\"url\":\"https:\\\/\\\/secure.gravatar.com\\\/avatar\\\/57de8e5d4b15d43fb361a71fbb36338450fe67865b528a43dd10ef7c51a20392?s=96&d=mm&r=g\",\"contentUrl\":\"https:\\\/\\\/secure.gravatar.com\\\/avatar\\\/57de8e5d4b15d43fb361a71fbb36338450fe67865b528a43dd10ef7c51a20392?s=96&d=mm&r=g\",\"caption\":\"La Sentinelle\"},\"sameAs\":[\"http:\\\/\\\/www.lasentinelle.dz\"],\"url\":\"https:\\\/\\\/lasentinelle.dz\\\/author\\\/redaction\\\/\"}]}<\/script>\n<!-- \/ Yoast SEO plugin. -->","yoast_head_json":{"title":"Crise libyenne\u00a0:\u00a0Des affrontements entre milices \u00e0 Tripoli font 16 morts - La Sentinelle","robots":{"index":"index","follow":"follow","max-snippet":"max-snippet:-1","max-image-preview":"max-image-preview:large","max-video-preview":"max-video-preview:-1"},"canonical":"https:\/\/lasentinelle.dz\/index.php\/2022\/07\/24\/crise-libyenne-des-affrontements-entre-milices-a-tripoli-font-16-morts\/","og_locale":"fr_FR","og_type":"article","og_title":"Crise libyenne\u00a0:\u00a0Des affrontements entre milices \u00e0 Tripoli font 16 morts - La Sentinelle","og_description":"Des affrontements vendredi dans la capitale libyenne Tripoli ont fait 16 morts et une cinquantaine de bless\u00e9s, selon un nouveau","og_url":"https:\/\/lasentinelle.dz\/index.php\/2022\/07\/24\/crise-libyenne-des-affrontements-entre-milices-a-tripoli-font-16-morts\/","og_site_name":"La Sentinelle","article_publisher":"https:\/\/www.facebook.com\/La-Sentinelle-104059864394773","article_published_time":"2022-07-23T23:01:00+00:00","og_image":[{"width":1024,"height":576,"url":"https:\/\/lasentinelle.dz\/wp-content\/uploads\/2022\/07\/20220723111327.jpg","type":"image\/jpeg"}],"author":"La Sentinelle","twitter_card":"summary_large_image","twitter_misc":{"\u00c9crit par":"La Sentinelle","Dur\u00e9e de lecture estim\u00e9e":"3 minutes"},"schema":{"@context":"https:\/\/schema.org","@graph":[{"@type":"Article","@id":"https:\/\/lasentinelle.dz\/index.php\/2022\/07\/24\/crise-libyenne-des-affrontements-entre-milices-a-tripoli-font-16-morts\/#article","isPartOf":{"@id":"https:\/\/lasentinelle.dz\/index.php\/2022\/07\/24\/crise-libyenne-des-affrontements-entre-milices-a-tripoli-font-16-morts\/"},"author":{"name":"La Sentinelle","@id":"https:\/\/lasentinelle.dz\/#\/schema\/person\/d865044e22e70a75174ce8bcad3acfb3"},"headline":"Crise libyenne\u00a0:\u00a0Des affrontements entre milices \u00e0 Tripoli font 16 morts","datePublished":"2022-07-23T23:01:00+00:00","mainEntityOfPage":{"@id":"https:\/\/lasentinelle.dz\/index.php\/2022\/07\/24\/crise-libyenne-des-affrontements-entre-milices-a-tripoli-font-16-morts\/"},"wordCount":493,"commentCount":0,"publisher":{"@id":"https:\/\/lasentinelle.dz\/#organization"},"image":{"@id":"https:\/\/lasentinelle.dz\/index.php\/2022\/07\/24\/crise-libyenne-des-affrontements-entre-milices-a-tripoli-font-16-morts\/#primaryimage"},"thumbnailUrl":"https:\/\/lasentinelle.dz\/wp-content\/uploads\/2022\/07\/20220723111327.jpg","articleSection":["Monde"],"inLanguage":"fr-FR","potentialAction":[{"@type":"CommentAction","name":"Comment","target":["https:\/\/lasentinelle.dz\/index.php\/2022\/07\/24\/crise-libyenne-des-affrontements-entre-milices-a-tripoli-font-16-morts\/#respond"]}]},{"@type":"WebPage","@id":"https:\/\/lasentinelle.dz\/index.php\/2022\/07\/24\/crise-libyenne-des-affrontements-entre-milices-a-tripoli-font-16-morts\/","url":"https:\/\/lasentinelle.dz\/index.php\/2022\/07\/24\/crise-libyenne-des-affrontements-entre-milices-a-tripoli-font-16-morts\/","name":"Crise libyenne\u00a0:\u00a0Des affrontements entre milices \u00e0 Tripoli font 16 morts - La Sentinelle","isPartOf":{"@id":"https:\/\/lasentinelle.dz\/#website"},"primaryImageOfPage":{"@id":"https:\/\/lasentinelle.dz\/index.php\/2022\/07\/24\/crise-libyenne-des-affrontements-entre-milices-a-tripoli-font-16-morts\/#primaryimage"},"image":{"@id":"https:\/\/lasentinelle.dz\/index.php\/2022\/07\/24\/crise-libyenne-des-affrontements-entre-milices-a-tripoli-font-16-morts\/#primaryimage"},"thumbnailUrl":"https:\/\/lasentinelle.dz\/wp-content\/uploads\/2022\/07\/20220723111327.jpg","datePublished":"2022-07-23T23:01:00+00:00","breadcrumb":{"@id":"https:\/\/lasentinelle.dz\/index.php\/2022\/07\/24\/crise-libyenne-des-affrontements-entre-milices-a-tripoli-font-16-morts\/#breadcrumb"},"inLanguage":"fr-FR","potentialAction":[{"@type":"ReadAction","target":["https:\/\/lasentinelle.dz\/index.php\/2022\/07\/24\/crise-libyenne-des-affrontements-entre-milices-a-tripoli-font-16-morts\/"]}]},{"@type":"ImageObject","inLanguage":"fr-FR","@id":"https:\/\/lasentinelle.dz\/index.php\/2022\/07\/24\/crise-libyenne-des-affrontements-entre-milices-a-tripoli-font-16-morts\/#primaryimage","url":"https:\/\/lasentinelle.dz\/wp-content\/uploads\/2022\/07\/20220723111327.jpg","contentUrl":"https:\/\/lasentinelle.dz\/wp-content\/uploads\/2022\/07\/20220723111327.jpg","width":1024,"height":576},{"@type":"BreadcrumbList","@id":"https:\/\/lasentinelle.dz\/index.php\/2022\/07\/24\/crise-libyenne-des-affrontements-entre-milices-a-tripoli-font-16-morts\/#breadcrumb","itemListElement":[{"@type":"ListItem","position":1,"name":"Accueil","item":"https:\/\/lasentinelle.dz\/"},{"@type":"ListItem","position":2,"name":"Crise libyenne\u00a0:\u00a0Des affrontements entre milices \u00e0 Tripoli font 16 morts"}]},{"@type":"WebSite","@id":"https:\/\/lasentinelle.dz\/#website","url":"https:\/\/lasentinelle.dz\/","name":"La Sentinelle","description":"Quotidien national d&#039;information","publisher":{"@id":"https:\/\/lasentinelle.dz\/#organization"},"potentialAction":[{"@type":"SearchAction","target":{"@type":"EntryPoint","urlTemplate":"https:\/\/lasentinelle.dz\/?s={search_term_string}"},"query-input":{"@type":"PropertyValueSpecification","valueRequired":true,"valueName":"search_term_string"}}],"inLanguage":"fr-FR"},{"@type":"Organization","@id":"https:\/\/lasentinelle.dz\/#organization","name":"Quotidien La Sentinelle","url":"https:\/\/lasentinelle.dz\/","logo":{"@type":"ImageObject","inLanguage":"fr-FR","@id":"https:\/\/lasentinelle.dz\/#\/schema\/logo\/image\/","url":"https:\/\/lasentinelle.dz\/wp-content\/uploads\/2021\/09\/logo-sentinelleSLOGAN-1.png","contentUrl":"https:\/\/lasentinelle.dz\/wp-content\/uploads\/2021\/09\/logo-sentinelleSLOGAN-1.png","width":615,"height":142,"caption":"Quotidien La Sentinelle"},"image":{"@id":"https:\/\/lasentinelle.dz\/#\/schema\/logo\/image\/"},"sameAs":["https:\/\/www.facebook.com\/La-Sentinelle-104059864394773"]},{"@type":"Person","@id":"https:\/\/lasentinelle.dz\/#\/schema\/person\/d865044e22e70a75174ce8bcad3acfb3","name":"La Sentinelle","image":{"@type":"ImageObject","inLanguage":"fr-FR","@id":"https:\/\/secure.gravatar.com\/avatar\/57de8e5d4b15d43fb361a71fbb36338450fe67865b528a43dd10ef7c51a20392?s=96&d=mm&r=g","url":"https:\/\/secure.gravatar.com\/avatar\/57de8e5d4b15d43fb361a71fbb36338450fe67865b528a43dd10ef7c51a20392?s=96&d=mm&r=g","contentUrl":"https:\/\/secure.gravatar.com\/avatar\/57de8e5d4b15d43fb361a71fbb36338450fe67865b528a43dd10ef7c51a20392?s=96&d=mm&r=g","caption":"La Sentinelle"},"sameAs":["http:\/\/www.lasentinelle.dz"],"url":"https:\/\/lasentinelle.dz\/author\/redaction\/"}]}},"_links":{"self":[{"href":"https:\/\/lasentinelle.dz\/index.php\/wp-json\/wp\/v2\/posts\/24549","targetHints":{"allow":["GET"]}}],"collection":[{"href":"https:\/\/lasentinelle.dz\/index.php\/wp-json\/wp\/v2\/posts"}],"about":[{"href":"https:\/\/lasentinelle.dz\/index.php\/wp-json\/wp\/v2\/types\/post"}],"author":[{"embeddable":true,"href":"https:\/\/lasentinelle.dz\/index.php\/wp-json\/wp\/v2\/users\/3"}],"replies":[{"embeddable":true,"href":"https:\/\/lasentinelle.dz\/index.php\/wp-json\/wp\/v2\/comments?post=24549"}],"version-history":[{"count":1,"href":"https:\/\/lasentinelle.dz\/index.php\/wp-json\/wp\/v2\/posts\/24549\/revisions"}],"predecessor-version":[{"id":24562,"href":"https:\/\/lasentinelle.dz\/index.php\/wp-json\/wp\/v2\/posts\/24549\/revisions\/24562"}],"wp:featuredmedia":[{"embeddable":true,"href":"https:\/\/lasentinelle.dz\/index.php\/wp-json\/wp\/v2\/media\/24561"}],"wp:attachment":[{"href":"https:\/\/lasentinelle.dz\/index.php\/wp-json\/wp\/v2\/media?parent=24549"}],"wp:term":[{"taxonomy":"category","embeddable":true,"href":"https:\/\/lasentinelle.dz\/index.php\/wp-json\/wp\/v2\/categories?post=24549"},{"taxonomy":"post_tag","embeddable":true,"href":"https:\/\/lasentinelle.dz\/index.php\/wp-json\/wp\/v2\/tags?post=24549"}],"curies":[{"name":"wp","href":"https:\/\/api.w.org\/{rel}","templated":true}]}}