{"id":24583,"date":"2022-07-24T00:05:00","date_gmt":"2022-07-23T23:05:00","guid":{"rendered":"https:\/\/lasentinelle.dz\/?p=24583"},"modified":"2022-07-23T20:37:41","modified_gmt":"2022-07-23T19:37:41","slug":"annulation-de-la-fete-du-trone-absence-prolongee-de-mohamed-vi-et-guerre-de-succession-maroc-crise-politique-au-sommet","status":"publish","type":"post","link":"https:\/\/lasentinelle.dz\/index.php\/2022\/07\/24\/annulation-de-la-fete-du-trone-absence-prolongee-de-mohamed-vi-et-guerre-de-succession-maroc-crise-politique-au-sommet\/","title":{"rendered":"Annulation de la f\u00eate du tr\u00f4ne, absence prolong\u00e9e de Mohamed VI et guerre de succession \/ Maroc : crise politique au sommet"},"content":{"rendered":"\n<p>L\u2019annulation, vendredi, de la f\u00eate du tr\u00f4ne pr\u00e9vue pour le 30 juillet de chaque ann\u00e9e s\u2019inscrit dans un contexte politique, \u00e9conomique et social caract\u00e9ris\u00e9 par les risques d\u2019une implosion.&nbsp;<\/p>\n\n\n\n<p>Le Palais royal marocain a annonc\u00e9 l\u2019annulation des festivit\u00e9s de la f\u00eate du tr\u00f4ne qui devaient avoir lieu samedi prochain. Un report que la chancellerie a tent\u00e9 de justifier par des \u00ab mesures pr\u00e9ventives impos\u00e9es par l\u2019\u00e9volution de la situation sanitaire due \u00e0 la pand\u00e9mie de Covid-19 \u00bb. Un argument qui peine \u00e0 convaincre d\u2019autant que cette annulation intervient au moment o\u00f9 l\u2019absence prolong\u00e9e du roi de la sph\u00e8re publique suscite beaucoup d\u2019interrogations et a du mal \u00e0 dissimuler les tiraillements en coulisses sur fond de guerre de succession qui affecte le Makhzen.<\/p>\n\n\n\n<p>Le dernier communiqu\u00e9 du palais royal, largement relay\u00e9 par les m\u00e9dias marocains, illustre d\u2019ailleurs la faillite qui affecte aujourd\u2019hui le r\u00e9gime marocain. Une banqueroute qui se traduit par un embarras sur le plan communicationnel.&nbsp;<\/p>\n\n\n\n<p>La vid\u00e9o du protocole de la c\u00e9l\u00e9bration de l\u2019A\u00efd el Adha colport\u00e9e par les r\u00e9seaux du r\u00e9gime du Makhzen pour pr\u00e9senter une image d\u2019un roi en bonne sant\u00e9 avait d\u00e9j\u00e0 de quoi titiller l\u2019amour-propre des Marocains. La publication de fake et d\u2019informations sans aucune v\u00e9racit\u00e9 ni fondement qui s\u2019en suivirent, ainsi que cette derni\u00e8re entourloupe communicationnelle ont fini par exc\u00e9der les sujets de sa Majest\u00e9.&nbsp;&nbsp;D\u2019ailleurs, la faiblesse de l\u2019argutie pr\u00e9sent\u00e9e par les thurif\u00e9raires du Palais royal n\u2019a pas r\u00e9ussi \u00e0 convaincre grand monde, car il est ais\u00e9 de se rem\u00e9morer que l\u2019ann\u00e9e pr\u00e9c\u00e9dente le Palais royal c\u00e9l\u00e9brait la f\u00eate de tr\u00f4ne en d\u00e9pit de la crise pand\u00e9mique qui faisait rage au Maroc enregistrant une importante propagation et des contaminations record par rapport \u00e0 cette ann\u00e9e. Le royaume ch\u00e9rifien qui \u00e9tait en 2021 en urgence sanitaire avait enregistr\u00e9 quelque 11000 cas quotidiens du variant Delta de covid-19 durant l\u2019\u00e9t\u00e9 dernier. Une situation qui met en d\u00e9fi une communication mal-assur\u00e9e qui peine \u00e0 dissimuler la r\u00e9alit\u00e9 politique du Palais royal et la guerre f\u00e9brile qui s\u2019est d\u00e9clench\u00e9e entre les partisans du prince Moulay Rachid et ceux qui pr\u00eatent all\u00e9geance au prince h\u00e9ritier Moulay Hassan \u00e0 propos de la succession au tr\u00f4ne. Un embarras qui a compl\u00e8tement discr\u00e9dit\u00e9 la communication des m\u00e9dias officiels du r\u00e9gime du Makhzen \u00e0 propos de l\u2019\u00e9tat de sant\u00e9 du roi Mohamed VI. Face au blackout, les Marocains s\u2019interrogent d\u2019ailleurs \u00e0 propos de leur monarque : qu\u2019est-il advenu du roi et que lui est-il arriv\u00e9 ? Certaines informations parlent m\u00eame du d\u00e9c\u00e8s de Mohamed VI et justifient ce silence par l\u2019importance de l\u2019enjeu de la succession qui n\u2019a pas \u00e9t\u00e9 tranch\u00e9e et les divergences qui impactent la d\u00e9marche dans un climat d\u00e9l\u00e9t\u00e8re qui imprime les institutions du Makhzen o\u00f9 les rivalit\u00e9s et la course pour le tr\u00f4ne ont divis\u00e9 les hauts responsables des forces arm\u00e9es royales, celui des services de renseignements et le conseiller personnel du roi, Andr\u00e9 Azoulay.<\/p>\n\n\n\n<p>Cette situation a pouss\u00e9 les concern\u00e9s par la guerre de succession \u00e0 r\u00e9fl\u00e9chir \u00e0 un \u00ab compromis \u00bb qui \u00e9vitera au moins au Makhzen de se disloquer. Le souci n\u2019est pas en rapport avec l\u2019\u00e9tat de sant\u00e9 du roi Mohamed VI, bien au contraire, les responsables du s\u00e9rail ont surtout peur d\u2019une r\u00e9volution qui risque d\u2019emporter la monarchie \u00e0 cause des derni\u00e8res d\u00e9cisions qui ont enflamm\u00e9 la rue marocaine, \u00e0 savoir la normalisation avec l\u2019entit\u00e9 sioniste et la derni\u00e8re visite de chef de l\u2019arm\u00e9e sioniste \u00e0 Rabat, en sus de l\u2019aggravation de la situation \u00e9conomique et sociale, ainsi que la corruption assum\u00e9e par les pontes du r\u00e9gime.<\/p>\n\n\n\n<p><strong>Paup\u00e9risation continue<\/strong><\/p>\n\n\n\n<p>Malgr\u00e9 les chiffres enjoliv\u00e9s et pr\u00e9sent\u00e9s par le Makhzen, la gestion hasardeuse du covid-19, l\u2019impact de la s\u00e9cheresse sur les rendements agricoles et les cons\u00e9quences de la guerre en Ukraine ont lourdement affect\u00e9 l\u2019\u00e9conomie marocaine avec une croissance \u00e0 la baisse et une inflation qui monte crescendo et qui mettent \u00e0 mal un pays qui affiche un endettement public de plus de 90 milliards de dollars et un d\u00e9ficit commercial qui d\u00e9passe les 11 milliards de dollars pour les 5 premiers mois de l\u2019ann\u00e9e. Une situation qui alourdit le fardeau sur une population d\u00e9j\u00e0 affect\u00e9e par une paup\u00e9risation continue et des taux de ch\u00f4mage qui continuent de grimper, ainsi que des conditions sociales en constante d\u00e9gradation. Ainsi, une interpr\u00e9tation des chiffres officiels sur les b\u00e9n\u00e9ficiaires de l\u2019aide aux m\u00e9nages vuln\u00e9rables conc\u00e9d\u00e9e lors de la pand\u00e9mie permet de conclure que 20 % de la population est dans la pauvret\u00e9 absolue, 40 % dans la pauvret\u00e9 relative et 60 % est dans la pr\u00e9carit\u00e9. Le taux de ch\u00f4mage est \u00e9galement insupportable. Ainsi, sur une population de 36 millions de personnes, seul un peu plus d\u2019un million sont des salari\u00e9s du secteur priv\u00e9 formel, selon les chiffres du Haut-Commissariat marocain au plan. Un autre million est employ\u00e9 par le secteur public, dont la moiti\u00e9 dans l\u2019arm\u00e9e et les services de police ou assimil\u00e9s. Le reste de la population active est dans l\u2019informel ou travaille en tant que vendeurs \u00e0 la sauvette. Pire encore, l\u2019\u00e9conomie marocaine n\u2019est capable de g\u00e9n\u00e9rer annuellement que moins de 100 000 emplois additionnels alors que la population active croit d\u2019environ 400 000 chaque ann\u00e9e. La situation dans les secteurs de l\u2019\u00e9ducation et de la sant\u00e9 est d\u00e9plorable. Le Maroc compte parmi les 5 derniers pays dans le classement des \u00e9valuations TIMSS3. Et au classement PISA (Programme international pour le suivi des acquis des \u00e9l\u00e8ves) men\u00e9 par l\u2019OCDE et qui \u00e9value la compr\u00e9hension de l\u2019\u00e9crit, la culture math\u00e9matique et la culture scientifique, le Maroc se classe aussi parmi les 5 derniers pays, soit 75e sur 79. Le syst\u00e8me de sant\u00e9 marocain est class\u00e9 au 133e rang sur 195 pays \u00e9valu\u00e9s par une \u00e9tude de The Lancet. Les in\u00e9galit\u00e9s ne font que cro\u00eetre au Maroc lequel s\u2019illustre en ce sens. L\u2019in\u00e9galit\u00e9 du revenu, estim\u00e9e par l\u2019indice de Gini est de 46,4 %, d\u00e9passant le seuil socialement tol\u00e9rable de 42 %. Ce qui constitue le terreau de la contestation sociale. Le Makhzen est assi\u00e9g\u00e9 par le peuple marocain \u00e0 cause des mesures antipopulaires et antisociales qui ont appauvri la majorit\u00e9 de la population et la situation \u00e9conomique et financi\u00e8re qui a mis le royaume dans la posture d\u2019un pays en faillite. L\u2019annulation, vendredi, de la f\u00eate du tr\u00f4ne pr\u00e9vue pour le 30 juillet de chaque ann\u00e9e s\u2019inscrit dans un contexte politique, \u00e9conomique et social caract\u00e9ris\u00e9 par les risques d\u2019une implosion. Le Maroc fait face \u00e0 une situation in\u00e9dite dans son histoire.&nbsp;&nbsp;La guerre de succession n\u2019est que la partie \u00e9merg\u00e9e de l\u2019iceberg, mais l\u2019enjeu qui fait peur au r\u00e9gime du makhzen c\u2019est bien les contestations et les manifestations qui ne faiblissent pas et qui montent crescendo contre les mesures \u00e9conomiques et sociales adopt\u00e9es par les tenants du r\u00e9gime marocain via son gouvernement qui symbolise la corruption, la rapine et le client\u00e9lisme. Une corruption que le gouvernement, dirig\u00e9 par un oligarque qui a largement profit\u00e9 de la fermeture de la raffinerie Samir et de la lib\u00e9ralisation des prix du carburant, cristallise parfaitement. Crise \u00e9conomique, augmentation du ch\u00f4mage et appauvrissement de la population qui s\u2019ajoutent \u00e0 une politique de normalisation agressive avec l\u2019entit\u00e9 sioniste et porte atteinte \u00e0 la dignit\u00e9 des Marocains alimentent une col\u00e8re qui grandit chaque jour. La r\u00e9pression qui se traduit par l\u2019espionnage massif des Marocains par le logiciel Pegasus et la multiplication des proc\u00e8s \u00e0 l\u2019encontre des militants des droits des libert\u00e9s et des droits de l\u2019Homme sont la facette des tentatives vaines du r\u00e9gime marocain de mettre fin \u00e0 la protesta. Une protesta qui ne fait que grandir depuis le mois d\u2019octobre dernier et ouvre la voie \u00e0 une nouvelle structuration politique. Selon le pr\u00e9sident de l\u2019ONG Al-Amana, Fouad Abdelmoumni, \u00ab les pr\u00e9mices d\u2019un \u00e9veil des consciences sont perceptibles, avec la multiplication des mouvements contestataires autonomes et la mise en place d\u2019un front social regroupant les principales organisations syndicales et les forces politiques alli\u00e9es, ainsi que le renforcement des espaces critiques dans les r\u00e9seaux sociaux. Une perc\u00e9e particuli\u00e8rement importante est \u00e0 attendre du rapprochement en cours entre, par-del\u00e0 leurs diff\u00e9rences id\u00e9ologiques, des forces contestataires aux r\u00e9f\u00e9rents divers \u00bb. La revendication sociale se mue en protestation politique, avec pour seul cr\u00e9do le d\u00e9part d\u2019un r\u00e9gime qui aura d\u00e9montr\u00e9 sa faillite.&nbsp;<\/p>\n\n\n\n<p>Rachid Nassouti<\/p>\n","protected":false},"excerpt":{"rendered":"<p>L\u2019annulation, vendredi, de la f\u00eate du tr\u00f4ne pr\u00e9vue pour le 30 juillet de chaque ann\u00e9e s\u2019inscrit dans un contexte politique,<\/p>\n","protected":false},"author":3,"featured_media":24587,"comment_status":"open","ping_status":"closed","sticky":false,"template":"","format":"standard","meta":{"colormag_page_container_layout":"default_layout","colormag_page_sidebar_layout":"default_layout","om_disable_all_campaigns":false,"_monsterinsights_skip_tracking":false,"_monsterinsights_sitenote_active":false,"_monsterinsights_sitenote_note":"","_monsterinsights_sitenote_category":0,"footnotes":"","_wpscppro_dont_share_socialmedia":false,"_wpscppro_custom_social_share_image":0,"_facebook_share_type":"","_twitter_share_type":"","_linkedin_share_type":"","_pinterest_share_type":"","_linkedin_share_type_page":"","_instagram_share_type":"","_medium_share_type":"","_threads_share_type":"","_google_business_share_type":"","_selected_social_profile":[],"_wpsp_enable_custom_social_template":false,"_wpsp_social_scheduling":{"enabled":false,"datetime":null,"platforms":[],"status":"template_only","dateOption":"today","timeOption":"now","customDays":"","customHours":"","customDate":"","customTime":"","schedulingType":"absolute"},"_wpsp_active_default_template":true},"categories":[52,27],"tags":[],"class_list":["post-24583","post","type-post","status-publish","format-standard","has-post-thumbnail","hentry","category-a-la-une","category-actualite"],"aioseo_notices":[],"yoast_head":"<!-- This site is optimized with the Yoast SEO plugin v27.5 - https:\/\/yoast.com\/product\/yoast-seo-wordpress\/ -->\n<title>Annulation de la f\u00eate du tr\u00f4ne, absence prolong\u00e9e de Mohamed VI et guerre de succession \/ Maroc : crise politique au sommet - La Sentinelle<\/title>\n<meta name=\"robots\" content=\"index, follow, max-snippet:-1, max-image-preview:large, max-video-preview:-1\" \/>\n<link rel=\"canonical\" href=\"https:\/\/lasentinelle.dz\/index.php\/2022\/07\/24\/annulation-de-la-fete-du-trone-absence-prolongee-de-mohamed-vi-et-guerre-de-succession-maroc-crise-politique-au-sommet\/\" \/>\n<meta property=\"og:locale\" content=\"fr_FR\" \/>\n<meta property=\"og:type\" content=\"article\" \/>\n<meta property=\"og:title\" content=\"Annulation de la f\u00eate du tr\u00f4ne, absence prolong\u00e9e de Mohamed VI et guerre de succession \/ Maroc : crise politique au sommet - La Sentinelle\" \/>\n<meta property=\"og:description\" content=\"L\u2019annulation, vendredi, de la f\u00eate du tr\u00f4ne pr\u00e9vue pour le 30 juillet de chaque ann\u00e9e s\u2019inscrit dans un contexte politique,\" \/>\n<meta property=\"og:url\" content=\"https:\/\/lasentinelle.dz\/index.php\/2022\/07\/24\/annulation-de-la-fete-du-trone-absence-prolongee-de-mohamed-vi-et-guerre-de-succession-maroc-crise-politique-au-sommet\/\" \/>\n<meta property=\"og:site_name\" content=\"La Sentinelle\" \/>\n<meta property=\"article:publisher\" content=\"https:\/\/www.facebook.com\/La-Sentinelle-104059864394773\" \/>\n<meta property=\"article:published_time\" content=\"2022-07-23T23:05:00+00:00\" \/>\n<meta property=\"og:image\" content=\"https:\/\/lasentinelle.dz\/wp-content\/uploads\/2022\/07\/M6-une.png\" \/>\n\t<meta property=\"og:image:width\" content=\"1175\" \/>\n\t<meta property=\"og:image:height\" content=\"900\" \/>\n\t<meta property=\"og:image:type\" content=\"image\/png\" \/>\n<meta name=\"author\" content=\"La Sentinelle\" \/>\n<meta name=\"twitter:card\" content=\"summary_large_image\" \/>\n<meta name=\"twitter:label1\" content=\"\u00c9crit par\" \/>\n\t<meta name=\"twitter:data1\" content=\"La Sentinelle\" \/>\n\t<meta name=\"twitter:label2\" content=\"Dur\u00e9e de lecture estim\u00e9e\" \/>\n\t<meta name=\"twitter:data2\" content=\"7 minutes\" \/>\n<script type=\"application\/ld+json\" class=\"yoast-schema-graph\">{\"@context\":\"https:\\\/\\\/schema.org\",\"@graph\":[{\"@type\":\"Article\",\"@id\":\"https:\\\/\\\/lasentinelle.dz\\\/index.php\\\/2022\\\/07\\\/24\\\/annulation-de-la-fete-du-trone-absence-prolongee-de-mohamed-vi-et-guerre-de-succession-maroc-crise-politique-au-sommet\\\/#article\",\"isPartOf\":{\"@id\":\"https:\\\/\\\/lasentinelle.dz\\\/index.php\\\/2022\\\/07\\\/24\\\/annulation-de-la-fete-du-trone-absence-prolongee-de-mohamed-vi-et-guerre-de-succession-maroc-crise-politique-au-sommet\\\/\"},\"author\":{\"name\":\"La Sentinelle\",\"@id\":\"https:\\\/\\\/lasentinelle.dz\\\/#\\\/schema\\\/person\\\/d865044e22e70a75174ce8bcad3acfb3\"},\"headline\":\"Annulation de la f\u00eate du tr\u00f4ne, absence prolong\u00e9e de Mohamed VI et guerre de succession \\\/ Maroc : crise politique au sommet\",\"datePublished\":\"2022-07-23T23:05:00+00:00\",\"mainEntityOfPage\":{\"@id\":\"https:\\\/\\\/lasentinelle.dz\\\/index.php\\\/2022\\\/07\\\/24\\\/annulation-de-la-fete-du-trone-absence-prolongee-de-mohamed-vi-et-guerre-de-succession-maroc-crise-politique-au-sommet\\\/\"},\"wordCount\":1554,\"commentCount\":0,\"publisher\":{\"@id\":\"https:\\\/\\\/lasentinelle.dz\\\/#organization\"},\"image\":{\"@id\":\"https:\\\/\\\/lasentinelle.dz\\\/index.php\\\/2022\\\/07\\\/24\\\/annulation-de-la-fete-du-trone-absence-prolongee-de-mohamed-vi-et-guerre-de-succession-maroc-crise-politique-au-sommet\\\/#primaryimage\"},\"thumbnailUrl\":\"https:\\\/\\\/lasentinelle.dz\\\/wp-content\\\/uploads\\\/2022\\\/07\\\/M6-une.png\",\"articleSection\":[\"\u00c0 la Une\",\"Actualit\u00e9\"],\"inLanguage\":\"fr-FR\",\"potentialAction\":[{\"@type\":\"CommentAction\",\"name\":\"Comment\",\"target\":[\"https:\\\/\\\/lasentinelle.dz\\\/index.php\\\/2022\\\/07\\\/24\\\/annulation-de-la-fete-du-trone-absence-prolongee-de-mohamed-vi-et-guerre-de-succession-maroc-crise-politique-au-sommet\\\/#respond\"]}]},{\"@type\":\"WebPage\",\"@id\":\"https:\\\/\\\/lasentinelle.dz\\\/index.php\\\/2022\\\/07\\\/24\\\/annulation-de-la-fete-du-trone-absence-prolongee-de-mohamed-vi-et-guerre-de-succession-maroc-crise-politique-au-sommet\\\/\",\"url\":\"https:\\\/\\\/lasentinelle.dz\\\/index.php\\\/2022\\\/07\\\/24\\\/annulation-de-la-fete-du-trone-absence-prolongee-de-mohamed-vi-et-guerre-de-succession-maroc-crise-politique-au-sommet\\\/\",\"name\":\"Annulation de la f\u00eate du tr\u00f4ne, absence prolong\u00e9e de Mohamed VI et guerre de succession \\\/ Maroc : crise politique au sommet - La Sentinelle\",\"isPartOf\":{\"@id\":\"https:\\\/\\\/lasentinelle.dz\\\/#website\"},\"primaryImageOfPage\":{\"@id\":\"https:\\\/\\\/lasentinelle.dz\\\/index.php\\\/2022\\\/07\\\/24\\\/annulation-de-la-fete-du-trone-absence-prolongee-de-mohamed-vi-et-guerre-de-succession-maroc-crise-politique-au-sommet\\\/#primaryimage\"},\"image\":{\"@id\":\"https:\\\/\\\/lasentinelle.dz\\\/index.php\\\/2022\\\/07\\\/24\\\/annulation-de-la-fete-du-trone-absence-prolongee-de-mohamed-vi-et-guerre-de-succession-maroc-crise-politique-au-sommet\\\/#primaryimage\"},\"thumbnailUrl\":\"https:\\\/\\\/lasentinelle.dz\\\/wp-content\\\/uploads\\\/2022\\\/07\\\/M6-une.png\",\"datePublished\":\"2022-07-23T23:05:00+00:00\",\"breadcrumb\":{\"@id\":\"https:\\\/\\\/lasentinelle.dz\\\/index.php\\\/2022\\\/07\\\/24\\\/annulation-de-la-fete-du-trone-absence-prolongee-de-mohamed-vi-et-guerre-de-succession-maroc-crise-politique-au-sommet\\\/#breadcrumb\"},\"inLanguage\":\"fr-FR\",\"potentialAction\":[{\"@type\":\"ReadAction\",\"target\":[\"https:\\\/\\\/lasentinelle.dz\\\/index.php\\\/2022\\\/07\\\/24\\\/annulation-de-la-fete-du-trone-absence-prolongee-de-mohamed-vi-et-guerre-de-succession-maroc-crise-politique-au-sommet\\\/\"]}]},{\"@type\":\"ImageObject\",\"inLanguage\":\"fr-FR\",\"@id\":\"https:\\\/\\\/lasentinelle.dz\\\/index.php\\\/2022\\\/07\\\/24\\\/annulation-de-la-fete-du-trone-absence-prolongee-de-mohamed-vi-et-guerre-de-succession-maroc-crise-politique-au-sommet\\\/#primaryimage\",\"url\":\"https:\\\/\\\/lasentinelle.dz\\\/wp-content\\\/uploads\\\/2022\\\/07\\\/M6-une.png\",\"contentUrl\":\"https:\\\/\\\/lasentinelle.dz\\\/wp-content\\\/uploads\\\/2022\\\/07\\\/M6-une.png\",\"width\":1175,\"height\":900},{\"@type\":\"BreadcrumbList\",\"@id\":\"https:\\\/\\\/lasentinelle.dz\\\/index.php\\\/2022\\\/07\\\/24\\\/annulation-de-la-fete-du-trone-absence-prolongee-de-mohamed-vi-et-guerre-de-succession-maroc-crise-politique-au-sommet\\\/#breadcrumb\",\"itemListElement\":[{\"@type\":\"ListItem\",\"position\":1,\"name\":\"Accueil\",\"item\":\"https:\\\/\\\/lasentinelle.dz\\\/\"},{\"@type\":\"ListItem\",\"position\":2,\"name\":\"Annulation de la f\u00eate du tr\u00f4ne, absence prolong\u00e9e de Mohamed VI et guerre de succession \\\/ Maroc : crise politique au sommet\"}]},{\"@type\":\"WebSite\",\"@id\":\"https:\\\/\\\/lasentinelle.dz\\\/#website\",\"url\":\"https:\\\/\\\/lasentinelle.dz\\\/\",\"name\":\"La Sentinelle\",\"description\":\"Quotidien national d&#039;information\",\"publisher\":{\"@id\":\"https:\\\/\\\/lasentinelle.dz\\\/#organization\"},\"potentialAction\":[{\"@type\":\"SearchAction\",\"target\":{\"@type\":\"EntryPoint\",\"urlTemplate\":\"https:\\\/\\\/lasentinelle.dz\\\/?s={search_term_string}\"},\"query-input\":{\"@type\":\"PropertyValueSpecification\",\"valueRequired\":true,\"valueName\":\"search_term_string\"}}],\"inLanguage\":\"fr-FR\"},{\"@type\":\"Organization\",\"@id\":\"https:\\\/\\\/lasentinelle.dz\\\/#organization\",\"name\":\"Quotidien La Sentinelle\",\"url\":\"https:\\\/\\\/lasentinelle.dz\\\/\",\"logo\":{\"@type\":\"ImageObject\",\"inLanguage\":\"fr-FR\",\"@id\":\"https:\\\/\\\/lasentinelle.dz\\\/#\\\/schema\\\/logo\\\/image\\\/\",\"url\":\"https:\\\/\\\/lasentinelle.dz\\\/wp-content\\\/uploads\\\/2021\\\/09\\\/logo-sentinelleSLOGAN-1.png\",\"contentUrl\":\"https:\\\/\\\/lasentinelle.dz\\\/wp-content\\\/uploads\\\/2021\\\/09\\\/logo-sentinelleSLOGAN-1.png\",\"width\":615,\"height\":142,\"caption\":\"Quotidien La Sentinelle\"},\"image\":{\"@id\":\"https:\\\/\\\/lasentinelle.dz\\\/#\\\/schema\\\/logo\\\/image\\\/\"},\"sameAs\":[\"https:\\\/\\\/www.facebook.com\\\/La-Sentinelle-104059864394773\"]},{\"@type\":\"Person\",\"@id\":\"https:\\\/\\\/lasentinelle.dz\\\/#\\\/schema\\\/person\\\/d865044e22e70a75174ce8bcad3acfb3\",\"name\":\"La Sentinelle\",\"image\":{\"@type\":\"ImageObject\",\"inLanguage\":\"fr-FR\",\"@id\":\"https:\\\/\\\/secure.gravatar.com\\\/avatar\\\/57de8e5d4b15d43fb361a71fbb36338450fe67865b528a43dd10ef7c51a20392?s=96&d=mm&r=g\",\"url\":\"https:\\\/\\\/secure.gravatar.com\\\/avatar\\\/57de8e5d4b15d43fb361a71fbb36338450fe67865b528a43dd10ef7c51a20392?s=96&d=mm&r=g\",\"contentUrl\":\"https:\\\/\\\/secure.gravatar.com\\\/avatar\\\/57de8e5d4b15d43fb361a71fbb36338450fe67865b528a43dd10ef7c51a20392?s=96&d=mm&r=g\",\"caption\":\"La Sentinelle\"},\"sameAs\":[\"http:\\\/\\\/www.lasentinelle.dz\"],\"url\":\"https:\\\/\\\/lasentinelle.dz\\\/author\\\/redaction\\\/\"}]}<\/script>\n<!-- \/ Yoast SEO plugin. -->","yoast_head_json":{"title":"Annulation de la f\u00eate du tr\u00f4ne, absence prolong\u00e9e de Mohamed VI et guerre de succession \/ Maroc : crise politique au sommet - La Sentinelle","robots":{"index":"index","follow":"follow","max-snippet":"max-snippet:-1","max-image-preview":"max-image-preview:large","max-video-preview":"max-video-preview:-1"},"canonical":"https:\/\/lasentinelle.dz\/index.php\/2022\/07\/24\/annulation-de-la-fete-du-trone-absence-prolongee-de-mohamed-vi-et-guerre-de-succession-maroc-crise-politique-au-sommet\/","og_locale":"fr_FR","og_type":"article","og_title":"Annulation de la f\u00eate du tr\u00f4ne, absence prolong\u00e9e de Mohamed VI et guerre de succession \/ Maroc : crise politique au sommet - La Sentinelle","og_description":"L\u2019annulation, vendredi, de la f\u00eate du tr\u00f4ne pr\u00e9vue pour le 30 juillet de chaque ann\u00e9e s\u2019inscrit dans un contexte politique,","og_url":"https:\/\/lasentinelle.dz\/index.php\/2022\/07\/24\/annulation-de-la-fete-du-trone-absence-prolongee-de-mohamed-vi-et-guerre-de-succession-maroc-crise-politique-au-sommet\/","og_site_name":"La Sentinelle","article_publisher":"https:\/\/www.facebook.com\/La-Sentinelle-104059864394773","article_published_time":"2022-07-23T23:05:00+00:00","og_image":[{"width":1175,"height":900,"url":"https:\/\/lasentinelle.dz\/wp-content\/uploads\/2022\/07\/M6-une.png","type":"image\/png"}],"author":"La Sentinelle","twitter_card":"summary_large_image","twitter_misc":{"\u00c9crit par":"La Sentinelle","Dur\u00e9e de lecture estim\u00e9e":"7 minutes"},"schema":{"@context":"https:\/\/schema.org","@graph":[{"@type":"Article","@id":"https:\/\/lasentinelle.dz\/index.php\/2022\/07\/24\/annulation-de-la-fete-du-trone-absence-prolongee-de-mohamed-vi-et-guerre-de-succession-maroc-crise-politique-au-sommet\/#article","isPartOf":{"@id":"https:\/\/lasentinelle.dz\/index.php\/2022\/07\/24\/annulation-de-la-fete-du-trone-absence-prolongee-de-mohamed-vi-et-guerre-de-succession-maroc-crise-politique-au-sommet\/"},"author":{"name":"La Sentinelle","@id":"https:\/\/lasentinelle.dz\/#\/schema\/person\/d865044e22e70a75174ce8bcad3acfb3"},"headline":"Annulation de la f\u00eate du tr\u00f4ne, absence prolong\u00e9e de Mohamed VI et guerre de succession \/ Maroc : crise politique au sommet","datePublished":"2022-07-23T23:05:00+00:00","mainEntityOfPage":{"@id":"https:\/\/lasentinelle.dz\/index.php\/2022\/07\/24\/annulation-de-la-fete-du-trone-absence-prolongee-de-mohamed-vi-et-guerre-de-succession-maroc-crise-politique-au-sommet\/"},"wordCount":1554,"commentCount":0,"publisher":{"@id":"https:\/\/lasentinelle.dz\/#organization"},"image":{"@id":"https:\/\/lasentinelle.dz\/index.php\/2022\/07\/24\/annulation-de-la-fete-du-trone-absence-prolongee-de-mohamed-vi-et-guerre-de-succession-maroc-crise-politique-au-sommet\/#primaryimage"},"thumbnailUrl":"https:\/\/lasentinelle.dz\/wp-content\/uploads\/2022\/07\/M6-une.png","articleSection":["\u00c0 la Une","Actualit\u00e9"],"inLanguage":"fr-FR","potentialAction":[{"@type":"CommentAction","name":"Comment","target":["https:\/\/lasentinelle.dz\/index.php\/2022\/07\/24\/annulation-de-la-fete-du-trone-absence-prolongee-de-mohamed-vi-et-guerre-de-succession-maroc-crise-politique-au-sommet\/#respond"]}]},{"@type":"WebPage","@id":"https:\/\/lasentinelle.dz\/index.php\/2022\/07\/24\/annulation-de-la-fete-du-trone-absence-prolongee-de-mohamed-vi-et-guerre-de-succession-maroc-crise-politique-au-sommet\/","url":"https:\/\/lasentinelle.dz\/index.php\/2022\/07\/24\/annulation-de-la-fete-du-trone-absence-prolongee-de-mohamed-vi-et-guerre-de-succession-maroc-crise-politique-au-sommet\/","name":"Annulation de la f\u00eate du tr\u00f4ne, absence prolong\u00e9e de Mohamed VI et guerre de succession \/ Maroc : crise politique au sommet - La Sentinelle","isPartOf":{"@id":"https:\/\/lasentinelle.dz\/#website"},"primaryImageOfPage":{"@id":"https:\/\/lasentinelle.dz\/index.php\/2022\/07\/24\/annulation-de-la-fete-du-trone-absence-prolongee-de-mohamed-vi-et-guerre-de-succession-maroc-crise-politique-au-sommet\/#primaryimage"},"image":{"@id":"https:\/\/lasentinelle.dz\/index.php\/2022\/07\/24\/annulation-de-la-fete-du-trone-absence-prolongee-de-mohamed-vi-et-guerre-de-succession-maroc-crise-politique-au-sommet\/#primaryimage"},"thumbnailUrl":"https:\/\/lasentinelle.dz\/wp-content\/uploads\/2022\/07\/M6-une.png","datePublished":"2022-07-23T23:05:00+00:00","breadcrumb":{"@id":"https:\/\/lasentinelle.dz\/index.php\/2022\/07\/24\/annulation-de-la-fete-du-trone-absence-prolongee-de-mohamed-vi-et-guerre-de-succession-maroc-crise-politique-au-sommet\/#breadcrumb"},"inLanguage":"fr-FR","potentialAction":[{"@type":"ReadAction","target":["https:\/\/lasentinelle.dz\/index.php\/2022\/07\/24\/annulation-de-la-fete-du-trone-absence-prolongee-de-mohamed-vi-et-guerre-de-succession-maroc-crise-politique-au-sommet\/"]}]},{"@type":"ImageObject","inLanguage":"fr-FR","@id":"https:\/\/lasentinelle.dz\/index.php\/2022\/07\/24\/annulation-de-la-fete-du-trone-absence-prolongee-de-mohamed-vi-et-guerre-de-succession-maroc-crise-politique-au-sommet\/#primaryimage","url":"https:\/\/lasentinelle.dz\/wp-content\/uploads\/2022\/07\/M6-une.png","contentUrl":"https:\/\/lasentinelle.dz\/wp-content\/uploads\/2022\/07\/M6-une.png","width":1175,"height":900},{"@type":"BreadcrumbList","@id":"https:\/\/lasentinelle.dz\/index.php\/2022\/07\/24\/annulation-de-la-fete-du-trone-absence-prolongee-de-mohamed-vi-et-guerre-de-succession-maroc-crise-politique-au-sommet\/#breadcrumb","itemListElement":[{"@type":"ListItem","position":1,"name":"Accueil","item":"https:\/\/lasentinelle.dz\/"},{"@type":"ListItem","position":2,"name":"Annulation de la f\u00eate du tr\u00f4ne, absence prolong\u00e9e de Mohamed VI et guerre de succession \/ Maroc : crise politique au sommet"}]},{"@type":"WebSite","@id":"https:\/\/lasentinelle.dz\/#website","url":"https:\/\/lasentinelle.dz\/","name":"La Sentinelle","description":"Quotidien national d&#039;information","publisher":{"@id":"https:\/\/lasentinelle.dz\/#organization"},"potentialAction":[{"@type":"SearchAction","target":{"@type":"EntryPoint","urlTemplate":"https:\/\/lasentinelle.dz\/?s={search_term_string}"},"query-input":{"@type":"PropertyValueSpecification","valueRequired":true,"valueName":"search_term_string"}}],"inLanguage":"fr-FR"},{"@type":"Organization","@id":"https:\/\/lasentinelle.dz\/#organization","name":"Quotidien La Sentinelle","url":"https:\/\/lasentinelle.dz\/","logo":{"@type":"ImageObject","inLanguage":"fr-FR","@id":"https:\/\/lasentinelle.dz\/#\/schema\/logo\/image\/","url":"https:\/\/lasentinelle.dz\/wp-content\/uploads\/2021\/09\/logo-sentinelleSLOGAN-1.png","contentUrl":"https:\/\/lasentinelle.dz\/wp-content\/uploads\/2021\/09\/logo-sentinelleSLOGAN-1.png","width":615,"height":142,"caption":"Quotidien La Sentinelle"},"image":{"@id":"https:\/\/lasentinelle.dz\/#\/schema\/logo\/image\/"},"sameAs":["https:\/\/www.facebook.com\/La-Sentinelle-104059864394773"]},{"@type":"Person","@id":"https:\/\/lasentinelle.dz\/#\/schema\/person\/d865044e22e70a75174ce8bcad3acfb3","name":"La Sentinelle","image":{"@type":"ImageObject","inLanguage":"fr-FR","@id":"https:\/\/secure.gravatar.com\/avatar\/57de8e5d4b15d43fb361a71fbb36338450fe67865b528a43dd10ef7c51a20392?s=96&d=mm&r=g","url":"https:\/\/secure.gravatar.com\/avatar\/57de8e5d4b15d43fb361a71fbb36338450fe67865b528a43dd10ef7c51a20392?s=96&d=mm&r=g","contentUrl":"https:\/\/secure.gravatar.com\/avatar\/57de8e5d4b15d43fb361a71fbb36338450fe67865b528a43dd10ef7c51a20392?s=96&d=mm&r=g","caption":"La Sentinelle"},"sameAs":["http:\/\/www.lasentinelle.dz"],"url":"https:\/\/lasentinelle.dz\/author\/redaction\/"}]}},"_links":{"self":[{"href":"https:\/\/lasentinelle.dz\/index.php\/wp-json\/wp\/v2\/posts\/24583","targetHints":{"allow":["GET"]}}],"collection":[{"href":"https:\/\/lasentinelle.dz\/index.php\/wp-json\/wp\/v2\/posts"}],"about":[{"href":"https:\/\/lasentinelle.dz\/index.php\/wp-json\/wp\/v2\/types\/post"}],"author":[{"embeddable":true,"href":"https:\/\/lasentinelle.dz\/index.php\/wp-json\/wp\/v2\/users\/3"}],"replies":[{"embeddable":true,"href":"https:\/\/lasentinelle.dz\/index.php\/wp-json\/wp\/v2\/comments?post=24583"}],"version-history":[{"count":1,"href":"https:\/\/lasentinelle.dz\/index.php\/wp-json\/wp\/v2\/posts\/24583\/revisions"}],"predecessor-version":[{"id":24588,"href":"https:\/\/lasentinelle.dz\/index.php\/wp-json\/wp\/v2\/posts\/24583\/revisions\/24588"}],"wp:featuredmedia":[{"embeddable":true,"href":"https:\/\/lasentinelle.dz\/index.php\/wp-json\/wp\/v2\/media\/24587"}],"wp:attachment":[{"href":"https:\/\/lasentinelle.dz\/index.php\/wp-json\/wp\/v2\/media?parent=24583"}],"wp:term":[{"taxonomy":"category","embeddable":true,"href":"https:\/\/lasentinelle.dz\/index.php\/wp-json\/wp\/v2\/categories?post=24583"},{"taxonomy":"post_tag","embeddable":true,"href":"https:\/\/lasentinelle.dz\/index.php\/wp-json\/wp\/v2\/tags?post=24583"}],"curies":[{"name":"wp","href":"https:\/\/api.w.org\/{rel}","templated":true}]}}