{"id":24584,"date":"2022-07-24T00:01:00","date_gmt":"2022-07-23T23:01:00","guid":{"rendered":"https:\/\/lasentinelle.dz\/?p=24584"},"modified":"2022-07-23T20:39:34","modified_gmt":"2022-07-23T19:39:34","slug":"mali-les-raisons-de-la-flambee-terroriste","status":"publish","type":"post","link":"https:\/\/lasentinelle.dz\/index.php\/2022\/07\/24\/mali-les-raisons-de-la-flambee-terroriste\/","title":{"rendered":"Mali\u00a0:\u00a0Les raisons de la\u00a0flamb\u00e9e terroriste"},"content":{"rendered":"\n<p>Vendredi matin, des terroristes affili\u00e9s au r\u00e9seau Al-Qa\u00efda ont men\u00e9 deux attentats au v\u00e9hicule pi\u00e9g\u00e9 contre un site de la Direction du mat\u00e9riel, des hydrocarbures et des transports des arm\u00e9es (DMHTA) pr\u00e8s de Bamako. Cette attaque s&rsquo;est sold\u00e9e par la mort d&rsquo;un soldat et de sept terroristes, ainsi que six bless\u00e9s (cinq militaires et un civil) et huit assaillants interpell\u00e9s, selon un bilan de l&rsquo;arm\u00e9e&nbsp;malienne. La veille, trois soldats et sept terroristes avaient \u00e9t\u00e9 tu\u00e9s dans des attaques perp\u00e9tr\u00e9es dans le centre et l&rsquo;ouest du pays.<\/p>\n\n\n\n<p>Malgr\u00e9 les efforts d\u00e9ploy\u00e9s ces derniers mois par les autorit\u00e9s maliennes pour renforcer leurs capacit\u00e9s en mati\u00e8re de lutte contre le terrorisme, force est de constater qu\u2019il leur reste beaucoup de chemin \u00e0 parcourir avant d\u2019avoir une maitrise s\u00e9curitaire suffisante de leur territoire. Le constat est \u00e9videmment valable pour l\u2019essentiel du nord et du centre du pays o\u00f9 l\u2019Etat malien est absent, ce qui fait l\u2019affaire des nombreux groupes terroristes qui y activent. Dans le sud, la situation est beaucoup moins volatile. Du moins jusqu\u2019\u00e0 vendredi, date de l\u2019attaque terroriste contre la ville garnison de Kati o\u00f9 r\u00e9side le pr\u00e9sident malien de transition le colonel Assimi Go\u00efta. Ce qui est justement inqui\u00e9tant est qu\u2019aujourd\u2019hui les raids terroristes se rapprochent de la capitale malienne.&nbsp;&nbsp;Bamako ne semble b\u00e9n\u00e9ficier que d\u2019une bulle s\u00e9curitaire de quelques dizaines de kilom\u00e8tres.&nbsp;&nbsp;&nbsp;&nbsp;<\/p>\n\n\n\n<p>Comment expliquer cette progression vers le sud des groupes terroristes ? Il peut y avoir plusieurs r\u00e9ponses \u00e0 cela. La premi\u00e8re r\u00e9side certainement dans le fait que les autorit\u00e9s maliennes mettront un minimum du temps \u00e0 combler le vide s\u00e9curitaire laiss\u00e9 par le d\u00e9part du gros des contingents de la force fran\u00e7aise Barkhane. La situation peut trouver par ailleurs son explication dans la faible implication de la Mission des Nations unies pour la stabilisation du Mali (Minusma) dans la lutte contre le terrorisme, son mandat \u00e9tant extr\u00eamement limit\u00e9 malgr\u00e9 qu\u2019elle soit dot\u00e9e d\u2019importants moyens humains et mat\u00e9riels. Les effectifs de la Minusma avoisinent en effet les 16.000 hommes. De nombreux observateurs et de gouvernement militent d\u2019ailleurs actuellement en faveur de l\u2019octroi \u00e0 la Minusma d\u2019un \u00abmandat plus robuste\u00bb afin qu\u2019elle \u00e9paule plus efficacement le gouvernement malien dans sa lutte contre le terrorisme. Par mandat plus robuste il faut comprendre bien entendu la r\u00e9vision, entre autres, des r\u00e8gles d\u2019engagement.<\/p>\n\n\n\n<p><strong>La n\u00e9cessaire stabilisation<\/strong><\/p>\n\n\n\n<p>L\u2019autre facteur pouvant expliquer la flamb\u00e9e de terrorisme que traverse le Mali est en rapport incontestablement avec l\u2019instabilit\u00e9 que vit l\u2019Etat malien lui-m\u00eame. La lutte contre le terrorisme ne saurait porter ses fruits sans la mise en place d\u2019institutions fortes et sans la construction d\u2019une paix durable dans le pays. Or concernant ces aspects, les autorit\u00e9s maliennes ont failli de bout en bout. La faute incombe avant tout au d\u00e9funt Ibrahim Boubacar Keita (IBK). L\u2019ancien pr\u00e9sident malien n\u2019a pas mis \u00e0 profit la popularit\u00e9 dont il jouissait au sein de la population et le fort soutien de la communaut\u00e9 internationale pour mener les r\u00e9formes n\u00e9cessaires pour reconstruire sur des bases solides l\u2019Etat malien. C\u2019est presque le contraire qui s\u2019est produit. Sous son r\u00e8gne la corruption s\u2019est aggrav\u00e9e. Et&nbsp;&nbsp;cette d\u00e9liquescence de l\u2019Etat qui est \u00e0 l\u2019origine de l\u2019instabilit\u00e9 politique que conna\u00eet aujourd\u2019hui le Mali.&nbsp;Le pouvoir malien a \u00e9galement tra\u00een\u00e9 les pieds dans l\u2019application sur le terrain de l\u2019accord d\u2019Alger destin\u00e9 \u00e0 mettre fin durablement \u00e0 la crise n\u00e9e du soul\u00e8vement des tribus touar\u00e8gues dans le septentrion malien. Pr\u00e8s de 7 ann\u00e9es apr\u00e8s sa signature, presque aucune des grandes lignes de cet accord qui plaident pour refondation intentionnelle et la mise en place d\u2019une nouvelle gouvernance des diff\u00e9rentes r\u00e9gions maliennes n\u2019a \u00e9t\u00e9 appliqu\u00e9e. Situation dont se plaint d\u2019ailleurs la coordination des mouvements de l\u2019Azawad (CMA), partie prenante de l\u2019accord.<\/p>\n\n\n\n<p>Certes, les ing\u00e9rences \u00e9trang\u00e8res ont beaucoup pes\u00e9 sur le pays. La communaut\u00e9 internationale n\u2019a \u00e9galement pas tenu sa promesse d\u2019apporter les financements n\u00e9cessaires au redressement \u00e9conomique du Mali, condition sine qua non pour r\u00e9duire les niveaux de violence dans le pays. Cependant, les autorit\u00e9s maliennes doivent comprendre que le salut du Mali r\u00e9side avant tout dans la construction d\u2019un \u00e9tat fort et le renforcement du front interne. Un front qui doit inclure tous les maliens.<\/p>\n\n\n\n<p><strong>Khider Larbi<\/strong><\/p>\n\n\n\n<p><strong>Encadr\u00e9<\/strong><\/p>\n\n\n\n<p><strong>L&rsquo;Alg\u00e9rie exprime sa vive pr\u00e9occupation face aux attentats qui ont eu lieu \u00e0 Bamako<\/strong><\/p>\n\n\n\n<p>L&rsquo;Alg\u00e9rie a exprim\u00e9 sa vive pr\u00e9occupation face aux attentats qui viennent d\u2019avoir lieu dans la capitale malienne Bamako, r\u00e9affirmant la n\u00e9cessit\u00e9 d\u2019une mobilisation accrue de toute la communaut\u00e9 internationale pour la pr\u00e9vention et l\u2019\u00e9limination du terrorisme, a indiqu\u00e9 vendredi le minist\u00e8re des Affaires \u00e9trang\u00e8res et de la Communaut\u00e9 nationale \u00e0 l&rsquo;\u00e9tranger dans un communiqu\u00e9.&nbsp;\u00ab\u00a0L\u2019Alg\u00e9rie, qui condamne le terrorisme en tous lieux et en toutes circonstances, exprime sa vive pr\u00e9occupation face aux attentats qui viennent d\u2019avoir lieu \u00e0 Bamako\u00a0\u00bb, a affirm\u00e9 le minist\u00e8re.&nbsp;Il a ajout\u00e9 que \u00ab\u00a0ce d\u00e9veloppement souligne une fois de plus la n\u00e9cessit\u00e9 d\u2019une mobilisation accrue de toute la communaut\u00e9 internationale pour la pr\u00e9vention et l\u2019\u00e9limination du terrorisme\u00a0\u00bb.&nbsp;\u00ab\u00a0L\u2019Alg\u00e9rie tient \u00e0 mettre en \u00e9vidence l\u2019importance strat\u00e9gie de la mise en \u0153uvre effective et diligente de l\u2019Accord de paix et de r\u00e9conciliation au Mali issu du processus d\u2019Alger dans toutes ses composantes. Elle appelle les parties signataires \u00e0 renouveler leur engagement \u00e0 cet \u00e9gard et \u00e0 rester unies pour relever ensemble tous les d\u00e9fis\u00a0\u00bb, conclut le communiqu\u00e9.<\/p>\n\n\n\n<p>APS<\/p>\n","protected":false},"excerpt":{"rendered":"<p>Vendredi matin, des terroristes affili\u00e9s au r\u00e9seau Al-Qa\u00efda ont men\u00e9 deux attentats au v\u00e9hicule pi\u00e9g\u00e9 contre un site de la<\/p>\n","protected":false},"author":3,"featured_media":24589,"comment_status":"open","ping_status":"closed","sticky":false,"template":"","format":"standard","meta":{"colormag_page_container_layout":"default_layout","colormag_page_sidebar_layout":"default_layout","om_disable_all_campaigns":false,"_monsterinsights_skip_tracking":false,"_monsterinsights_sitenote_active":false,"_monsterinsights_sitenote_note":"","_monsterinsights_sitenote_category":0,"footnotes":"","_wpscppro_dont_share_socialmedia":false,"_wpscppro_custom_social_share_image":0,"_facebook_share_type":"","_twitter_share_type":"","_linkedin_share_type":"","_pinterest_share_type":"","_linkedin_share_type_page":"","_instagram_share_type":"","_medium_share_type":"","_threads_share_type":"","_google_business_share_type":"","_selected_social_profile":[],"_wpsp_enable_custom_social_template":false,"_wpsp_social_scheduling":{"enabled":false,"datetime":null,"platforms":[],"status":"template_only","dateOption":"today","timeOption":"now","customDays":"","customHours":"","customDate":"","customTime":"","schedulingType":"absolute"},"_wpsp_active_default_template":true},"categories":[52,27],"tags":[],"class_list":["post-24584","post","type-post","status-publish","format-standard","has-post-thumbnail","hentry","category-a-la-une","category-actualite"],"aioseo_notices":[],"yoast_head":"<!-- This site is optimized with the Yoast SEO plugin v27.5 - https:\/\/yoast.com\/product\/yoast-seo-wordpress\/ -->\n<title>Mali\u00a0:\u00a0Les raisons de la\u00a0flamb\u00e9e terroriste - La Sentinelle<\/title>\n<meta name=\"robots\" content=\"index, follow, max-snippet:-1, max-image-preview:large, max-video-preview:-1\" \/>\n<link rel=\"canonical\" href=\"https:\/\/lasentinelle.dz\/index.php\/2022\/07\/24\/mali-les-raisons-de-la-flambee-terroriste\/\" \/>\n<meta property=\"og:locale\" content=\"fr_FR\" \/>\n<meta property=\"og:type\" content=\"article\" \/>\n<meta property=\"og:title\" content=\"Mali\u00a0:\u00a0Les raisons de la\u00a0flamb\u00e9e terroriste - La Sentinelle\" \/>\n<meta property=\"og:description\" content=\"Vendredi matin, des terroristes affili\u00e9s au r\u00e9seau Al-Qa\u00efda ont men\u00e9 deux attentats au v\u00e9hicule pi\u00e9g\u00e9 contre un site de la\" \/>\n<meta property=\"og:url\" content=\"https:\/\/lasentinelle.dz\/index.php\/2022\/07\/24\/mali-les-raisons-de-la-flambee-terroriste\/\" \/>\n<meta property=\"og:site_name\" content=\"La Sentinelle\" \/>\n<meta property=\"article:publisher\" content=\"https:\/\/www.facebook.com\/La-Sentinelle-104059864394773\" \/>\n<meta property=\"article:published_time\" content=\"2022-07-23T23:01:00+00:00\" \/>\n<meta property=\"og:image\" content=\"https:\/\/lasentinelle.dz\/wp-content\/uploads\/2022\/07\/arton2921.png\" \/>\n\t<meta property=\"og:image:width\" content=\"1392\" \/>\n\t<meta property=\"og:image:height\" content=\"900\" \/>\n\t<meta property=\"og:image:type\" content=\"image\/png\" \/>\n<meta name=\"author\" content=\"La Sentinelle\" \/>\n<meta name=\"twitter:card\" content=\"summary_large_image\" \/>\n<meta name=\"twitter:label1\" content=\"\u00c9crit par\" \/>\n\t<meta name=\"twitter:data1\" content=\"La Sentinelle\" \/>\n\t<meta name=\"twitter:label2\" content=\"Dur\u00e9e de lecture estim\u00e9e\" \/>\n\t<meta name=\"twitter:data2\" content=\"5 minutes\" \/>\n<script type=\"application\/ld+json\" class=\"yoast-schema-graph\">{\"@context\":\"https:\\\/\\\/schema.org\",\"@graph\":[{\"@type\":\"Article\",\"@id\":\"https:\\\/\\\/lasentinelle.dz\\\/index.php\\\/2022\\\/07\\\/24\\\/mali-les-raisons-de-la-flambee-terroriste\\\/#article\",\"isPartOf\":{\"@id\":\"https:\\\/\\\/lasentinelle.dz\\\/index.php\\\/2022\\\/07\\\/24\\\/mali-les-raisons-de-la-flambee-terroriste\\\/\"},\"author\":{\"name\":\"La Sentinelle\",\"@id\":\"https:\\\/\\\/lasentinelle.dz\\\/#\\\/schema\\\/person\\\/d865044e22e70a75174ce8bcad3acfb3\"},\"headline\":\"Mali\u00a0:\u00a0Les raisons de la\u00a0flamb\u00e9e terroriste\",\"datePublished\":\"2022-07-23T23:01:00+00:00\",\"mainEntityOfPage\":{\"@id\":\"https:\\\/\\\/lasentinelle.dz\\\/index.php\\\/2022\\\/07\\\/24\\\/mali-les-raisons-de-la-flambee-terroriste\\\/\"},\"wordCount\":1026,\"commentCount\":0,\"publisher\":{\"@id\":\"https:\\\/\\\/lasentinelle.dz\\\/#organization\"},\"image\":{\"@id\":\"https:\\\/\\\/lasentinelle.dz\\\/index.php\\\/2022\\\/07\\\/24\\\/mali-les-raisons-de-la-flambee-terroriste\\\/#primaryimage\"},\"thumbnailUrl\":\"https:\\\/\\\/lasentinelle.dz\\\/wp-content\\\/uploads\\\/2022\\\/07\\\/arton2921.png\",\"articleSection\":[\"\u00c0 la Une\",\"Actualit\u00e9\"],\"inLanguage\":\"fr-FR\",\"potentialAction\":[{\"@type\":\"CommentAction\",\"name\":\"Comment\",\"target\":[\"https:\\\/\\\/lasentinelle.dz\\\/index.php\\\/2022\\\/07\\\/24\\\/mali-les-raisons-de-la-flambee-terroriste\\\/#respond\"]}]},{\"@type\":\"WebPage\",\"@id\":\"https:\\\/\\\/lasentinelle.dz\\\/index.php\\\/2022\\\/07\\\/24\\\/mali-les-raisons-de-la-flambee-terroriste\\\/\",\"url\":\"https:\\\/\\\/lasentinelle.dz\\\/index.php\\\/2022\\\/07\\\/24\\\/mali-les-raisons-de-la-flambee-terroriste\\\/\",\"name\":\"Mali\u00a0:\u00a0Les raisons de la\u00a0flamb\u00e9e terroriste - La Sentinelle\",\"isPartOf\":{\"@id\":\"https:\\\/\\\/lasentinelle.dz\\\/#website\"},\"primaryImageOfPage\":{\"@id\":\"https:\\\/\\\/lasentinelle.dz\\\/index.php\\\/2022\\\/07\\\/24\\\/mali-les-raisons-de-la-flambee-terroriste\\\/#primaryimage\"},\"image\":{\"@id\":\"https:\\\/\\\/lasentinelle.dz\\\/index.php\\\/2022\\\/07\\\/24\\\/mali-les-raisons-de-la-flambee-terroriste\\\/#primaryimage\"},\"thumbnailUrl\":\"https:\\\/\\\/lasentinelle.dz\\\/wp-content\\\/uploads\\\/2022\\\/07\\\/arton2921.png\",\"datePublished\":\"2022-07-23T23:01:00+00:00\",\"breadcrumb\":{\"@id\":\"https:\\\/\\\/lasentinelle.dz\\\/index.php\\\/2022\\\/07\\\/24\\\/mali-les-raisons-de-la-flambee-terroriste\\\/#breadcrumb\"},\"inLanguage\":\"fr-FR\",\"potentialAction\":[{\"@type\":\"ReadAction\",\"target\":[\"https:\\\/\\\/lasentinelle.dz\\\/index.php\\\/2022\\\/07\\\/24\\\/mali-les-raisons-de-la-flambee-terroriste\\\/\"]}]},{\"@type\":\"ImageObject\",\"inLanguage\":\"fr-FR\",\"@id\":\"https:\\\/\\\/lasentinelle.dz\\\/index.php\\\/2022\\\/07\\\/24\\\/mali-les-raisons-de-la-flambee-terroriste\\\/#primaryimage\",\"url\":\"https:\\\/\\\/lasentinelle.dz\\\/wp-content\\\/uploads\\\/2022\\\/07\\\/arton2921.png\",\"contentUrl\":\"https:\\\/\\\/lasentinelle.dz\\\/wp-content\\\/uploads\\\/2022\\\/07\\\/arton2921.png\",\"width\":1392,\"height\":900},{\"@type\":\"BreadcrumbList\",\"@id\":\"https:\\\/\\\/lasentinelle.dz\\\/index.php\\\/2022\\\/07\\\/24\\\/mali-les-raisons-de-la-flambee-terroriste\\\/#breadcrumb\",\"itemListElement\":[{\"@type\":\"ListItem\",\"position\":1,\"name\":\"Accueil\",\"item\":\"https:\\\/\\\/lasentinelle.dz\\\/\"},{\"@type\":\"ListItem\",\"position\":2,\"name\":\"Mali\u00a0:\u00a0Les raisons de la\u00a0flamb\u00e9e terroriste\"}]},{\"@type\":\"WebSite\",\"@id\":\"https:\\\/\\\/lasentinelle.dz\\\/#website\",\"url\":\"https:\\\/\\\/lasentinelle.dz\\\/\",\"name\":\"La Sentinelle\",\"description\":\"Quotidien national d&#039;information\",\"publisher\":{\"@id\":\"https:\\\/\\\/lasentinelle.dz\\\/#organization\"},\"potentialAction\":[{\"@type\":\"SearchAction\",\"target\":{\"@type\":\"EntryPoint\",\"urlTemplate\":\"https:\\\/\\\/lasentinelle.dz\\\/?s={search_term_string}\"},\"query-input\":{\"@type\":\"PropertyValueSpecification\",\"valueRequired\":true,\"valueName\":\"search_term_string\"}}],\"inLanguage\":\"fr-FR\"},{\"@type\":\"Organization\",\"@id\":\"https:\\\/\\\/lasentinelle.dz\\\/#organization\",\"name\":\"Quotidien La Sentinelle\",\"url\":\"https:\\\/\\\/lasentinelle.dz\\\/\",\"logo\":{\"@type\":\"ImageObject\",\"inLanguage\":\"fr-FR\",\"@id\":\"https:\\\/\\\/lasentinelle.dz\\\/#\\\/schema\\\/logo\\\/image\\\/\",\"url\":\"https:\\\/\\\/lasentinelle.dz\\\/wp-content\\\/uploads\\\/2021\\\/09\\\/logo-sentinelleSLOGAN-1.png\",\"contentUrl\":\"https:\\\/\\\/lasentinelle.dz\\\/wp-content\\\/uploads\\\/2021\\\/09\\\/logo-sentinelleSLOGAN-1.png\",\"width\":615,\"height\":142,\"caption\":\"Quotidien La Sentinelle\"},\"image\":{\"@id\":\"https:\\\/\\\/lasentinelle.dz\\\/#\\\/schema\\\/logo\\\/image\\\/\"},\"sameAs\":[\"https:\\\/\\\/www.facebook.com\\\/La-Sentinelle-104059864394773\"]},{\"@type\":\"Person\",\"@id\":\"https:\\\/\\\/lasentinelle.dz\\\/#\\\/schema\\\/person\\\/d865044e22e70a75174ce8bcad3acfb3\",\"name\":\"La Sentinelle\",\"image\":{\"@type\":\"ImageObject\",\"inLanguage\":\"fr-FR\",\"@id\":\"https:\\\/\\\/secure.gravatar.com\\\/avatar\\\/57de8e5d4b15d43fb361a71fbb36338450fe67865b528a43dd10ef7c51a20392?s=96&d=mm&r=g\",\"url\":\"https:\\\/\\\/secure.gravatar.com\\\/avatar\\\/57de8e5d4b15d43fb361a71fbb36338450fe67865b528a43dd10ef7c51a20392?s=96&d=mm&r=g\",\"contentUrl\":\"https:\\\/\\\/secure.gravatar.com\\\/avatar\\\/57de8e5d4b15d43fb361a71fbb36338450fe67865b528a43dd10ef7c51a20392?s=96&d=mm&r=g\",\"caption\":\"La Sentinelle\"},\"sameAs\":[\"http:\\\/\\\/www.lasentinelle.dz\"],\"url\":\"https:\\\/\\\/lasentinelle.dz\\\/author\\\/redaction\\\/\"}]}<\/script>\n<!-- \/ Yoast SEO plugin. -->","yoast_head_json":{"title":"Mali\u00a0:\u00a0Les raisons de la\u00a0flamb\u00e9e terroriste - La Sentinelle","robots":{"index":"index","follow":"follow","max-snippet":"max-snippet:-1","max-image-preview":"max-image-preview:large","max-video-preview":"max-video-preview:-1"},"canonical":"https:\/\/lasentinelle.dz\/index.php\/2022\/07\/24\/mali-les-raisons-de-la-flambee-terroriste\/","og_locale":"fr_FR","og_type":"article","og_title":"Mali\u00a0:\u00a0Les raisons de la\u00a0flamb\u00e9e terroriste - La Sentinelle","og_description":"Vendredi matin, des terroristes affili\u00e9s au r\u00e9seau Al-Qa\u00efda ont men\u00e9 deux attentats au v\u00e9hicule pi\u00e9g\u00e9 contre un site de la","og_url":"https:\/\/lasentinelle.dz\/index.php\/2022\/07\/24\/mali-les-raisons-de-la-flambee-terroriste\/","og_site_name":"La Sentinelle","article_publisher":"https:\/\/www.facebook.com\/La-Sentinelle-104059864394773","article_published_time":"2022-07-23T23:01:00+00:00","og_image":[{"width":1392,"height":900,"url":"https:\/\/lasentinelle.dz\/wp-content\/uploads\/2022\/07\/arton2921.png","type":"image\/png"}],"author":"La Sentinelle","twitter_card":"summary_large_image","twitter_misc":{"\u00c9crit par":"La Sentinelle","Dur\u00e9e de lecture estim\u00e9e":"5 minutes"},"schema":{"@context":"https:\/\/schema.org","@graph":[{"@type":"Article","@id":"https:\/\/lasentinelle.dz\/index.php\/2022\/07\/24\/mali-les-raisons-de-la-flambee-terroriste\/#article","isPartOf":{"@id":"https:\/\/lasentinelle.dz\/index.php\/2022\/07\/24\/mali-les-raisons-de-la-flambee-terroriste\/"},"author":{"name":"La Sentinelle","@id":"https:\/\/lasentinelle.dz\/#\/schema\/person\/d865044e22e70a75174ce8bcad3acfb3"},"headline":"Mali\u00a0:\u00a0Les raisons de la\u00a0flamb\u00e9e terroriste","datePublished":"2022-07-23T23:01:00+00:00","mainEntityOfPage":{"@id":"https:\/\/lasentinelle.dz\/index.php\/2022\/07\/24\/mali-les-raisons-de-la-flambee-terroriste\/"},"wordCount":1026,"commentCount":0,"publisher":{"@id":"https:\/\/lasentinelle.dz\/#organization"},"image":{"@id":"https:\/\/lasentinelle.dz\/index.php\/2022\/07\/24\/mali-les-raisons-de-la-flambee-terroriste\/#primaryimage"},"thumbnailUrl":"https:\/\/lasentinelle.dz\/wp-content\/uploads\/2022\/07\/arton2921.png","articleSection":["\u00c0 la Une","Actualit\u00e9"],"inLanguage":"fr-FR","potentialAction":[{"@type":"CommentAction","name":"Comment","target":["https:\/\/lasentinelle.dz\/index.php\/2022\/07\/24\/mali-les-raisons-de-la-flambee-terroriste\/#respond"]}]},{"@type":"WebPage","@id":"https:\/\/lasentinelle.dz\/index.php\/2022\/07\/24\/mali-les-raisons-de-la-flambee-terroriste\/","url":"https:\/\/lasentinelle.dz\/index.php\/2022\/07\/24\/mali-les-raisons-de-la-flambee-terroriste\/","name":"Mali\u00a0:\u00a0Les raisons de la\u00a0flamb\u00e9e terroriste - La Sentinelle","isPartOf":{"@id":"https:\/\/lasentinelle.dz\/#website"},"primaryImageOfPage":{"@id":"https:\/\/lasentinelle.dz\/index.php\/2022\/07\/24\/mali-les-raisons-de-la-flambee-terroriste\/#primaryimage"},"image":{"@id":"https:\/\/lasentinelle.dz\/index.php\/2022\/07\/24\/mali-les-raisons-de-la-flambee-terroriste\/#primaryimage"},"thumbnailUrl":"https:\/\/lasentinelle.dz\/wp-content\/uploads\/2022\/07\/arton2921.png","datePublished":"2022-07-23T23:01:00+00:00","breadcrumb":{"@id":"https:\/\/lasentinelle.dz\/index.php\/2022\/07\/24\/mali-les-raisons-de-la-flambee-terroriste\/#breadcrumb"},"inLanguage":"fr-FR","potentialAction":[{"@type":"ReadAction","target":["https:\/\/lasentinelle.dz\/index.php\/2022\/07\/24\/mali-les-raisons-de-la-flambee-terroriste\/"]}]},{"@type":"ImageObject","inLanguage":"fr-FR","@id":"https:\/\/lasentinelle.dz\/index.php\/2022\/07\/24\/mali-les-raisons-de-la-flambee-terroriste\/#primaryimage","url":"https:\/\/lasentinelle.dz\/wp-content\/uploads\/2022\/07\/arton2921.png","contentUrl":"https:\/\/lasentinelle.dz\/wp-content\/uploads\/2022\/07\/arton2921.png","width":1392,"height":900},{"@type":"BreadcrumbList","@id":"https:\/\/lasentinelle.dz\/index.php\/2022\/07\/24\/mali-les-raisons-de-la-flambee-terroriste\/#breadcrumb","itemListElement":[{"@type":"ListItem","position":1,"name":"Accueil","item":"https:\/\/lasentinelle.dz\/"},{"@type":"ListItem","position":2,"name":"Mali\u00a0:\u00a0Les raisons de la\u00a0flamb\u00e9e terroriste"}]},{"@type":"WebSite","@id":"https:\/\/lasentinelle.dz\/#website","url":"https:\/\/lasentinelle.dz\/","name":"La Sentinelle","description":"Quotidien national d&#039;information","publisher":{"@id":"https:\/\/lasentinelle.dz\/#organization"},"potentialAction":[{"@type":"SearchAction","target":{"@type":"EntryPoint","urlTemplate":"https:\/\/lasentinelle.dz\/?s={search_term_string}"},"query-input":{"@type":"PropertyValueSpecification","valueRequired":true,"valueName":"search_term_string"}}],"inLanguage":"fr-FR"},{"@type":"Organization","@id":"https:\/\/lasentinelle.dz\/#organization","name":"Quotidien La Sentinelle","url":"https:\/\/lasentinelle.dz\/","logo":{"@type":"ImageObject","inLanguage":"fr-FR","@id":"https:\/\/lasentinelle.dz\/#\/schema\/logo\/image\/","url":"https:\/\/lasentinelle.dz\/wp-content\/uploads\/2021\/09\/logo-sentinelleSLOGAN-1.png","contentUrl":"https:\/\/lasentinelle.dz\/wp-content\/uploads\/2021\/09\/logo-sentinelleSLOGAN-1.png","width":615,"height":142,"caption":"Quotidien La Sentinelle"},"image":{"@id":"https:\/\/lasentinelle.dz\/#\/schema\/logo\/image\/"},"sameAs":["https:\/\/www.facebook.com\/La-Sentinelle-104059864394773"]},{"@type":"Person","@id":"https:\/\/lasentinelle.dz\/#\/schema\/person\/d865044e22e70a75174ce8bcad3acfb3","name":"La Sentinelle","image":{"@type":"ImageObject","inLanguage":"fr-FR","@id":"https:\/\/secure.gravatar.com\/avatar\/57de8e5d4b15d43fb361a71fbb36338450fe67865b528a43dd10ef7c51a20392?s=96&d=mm&r=g","url":"https:\/\/secure.gravatar.com\/avatar\/57de8e5d4b15d43fb361a71fbb36338450fe67865b528a43dd10ef7c51a20392?s=96&d=mm&r=g","contentUrl":"https:\/\/secure.gravatar.com\/avatar\/57de8e5d4b15d43fb361a71fbb36338450fe67865b528a43dd10ef7c51a20392?s=96&d=mm&r=g","caption":"La Sentinelle"},"sameAs":["http:\/\/www.lasentinelle.dz"],"url":"https:\/\/lasentinelle.dz\/author\/redaction\/"}]}},"_links":{"self":[{"href":"https:\/\/lasentinelle.dz\/index.php\/wp-json\/wp\/v2\/posts\/24584","targetHints":{"allow":["GET"]}}],"collection":[{"href":"https:\/\/lasentinelle.dz\/index.php\/wp-json\/wp\/v2\/posts"}],"about":[{"href":"https:\/\/lasentinelle.dz\/index.php\/wp-json\/wp\/v2\/types\/post"}],"author":[{"embeddable":true,"href":"https:\/\/lasentinelle.dz\/index.php\/wp-json\/wp\/v2\/users\/3"}],"replies":[{"embeddable":true,"href":"https:\/\/lasentinelle.dz\/index.php\/wp-json\/wp\/v2\/comments?post=24584"}],"version-history":[{"count":1,"href":"https:\/\/lasentinelle.dz\/index.php\/wp-json\/wp\/v2\/posts\/24584\/revisions"}],"predecessor-version":[{"id":24590,"href":"https:\/\/lasentinelle.dz\/index.php\/wp-json\/wp\/v2\/posts\/24584\/revisions\/24590"}],"wp:featuredmedia":[{"embeddable":true,"href":"https:\/\/lasentinelle.dz\/index.php\/wp-json\/wp\/v2\/media\/24589"}],"wp:attachment":[{"href":"https:\/\/lasentinelle.dz\/index.php\/wp-json\/wp\/v2\/media?parent=24584"}],"wp:term":[{"taxonomy":"category","embeddable":true,"href":"https:\/\/lasentinelle.dz\/index.php\/wp-json\/wp\/v2\/categories?post=24584"},{"taxonomy":"post_tag","embeddable":true,"href":"https:\/\/lasentinelle.dz\/index.php\/wp-json\/wp\/v2\/tags?post=24584"}],"curies":[{"name":"wp","href":"https:\/\/api.w.org\/{rel}","templated":true}]}}