{"id":24603,"date":"2022-07-25T00:01:00","date_gmt":"2022-07-24T23:01:00","guid":{"rendered":"https:\/\/lasentinelle.dz\/?p=24603"},"modified":"2022-07-24T19:44:48","modified_gmt":"2022-07-24T18:44:48","slug":"mc-alger-stages-en-tunisie-et-en-turquie","status":"publish","type":"post","link":"https:\/\/lasentinelle.dz\/index.php\/2022\/07\/25\/mc-alger-stages-en-tunisie-et-en-turquie\/","title":{"rendered":"MC Alger\u00a0: Stages en Tunisie et en Turquie"},"content":{"rendered":"\n<p>Sur le plan de recrutement, l&rsquo;op\u00e9ration n&rsquo;est pas encore termin\u00e9e, puisque d\u2019autres joueurs arriveront, alors que le MCA s&rsquo;est montr\u00e9 le plus actif dans le march\u00e9 des transferts en engageant jusque-l\u00e0 11 \u00e9l\u00e9ments.<\/p>\n\n\n\n<p>Le MC Alger effectuera deux stages : en Tunisie et en Turquie, pour pr\u00e9parer la saison 2022-2023, dont le coup d&rsquo;envoi sera donn\u00e9 le week-end du 26-27 ao\u00fbt prochain, a annonc\u00e9 le nouvel entra\u00eeneur franco-bosnien Faruk Hadzibegic. \u00ab\u00a0Nous avons programm\u00e9 deux stages, le premier en Tunisie qui s&rsquo;\u00e9talera jusqu&rsquo;au 4 ao\u00fbt, avant de s&rsquo;envoler en Turquie pour cl\u00f4turer nos pr\u00e9paratifs en vue du nouvel exercice\u00a0\u00bb, a affirm\u00e9 le coach du \u00ab\u00a0Doyen\u00a0\u00bb lors d&rsquo;une conf\u00e9rence de presse tenue au Centre de presse du stade olympique du 5-juillet. Hadzibegic (64 ans), pass\u00e9 notamment par le Dijon FCO (2007-2009), le FC Valenciennes (2016-2017),&nbsp; ou encore la s\u00e9lection du Mont\u00e9n\u00e9gro (2019-2020), remplace sur le banc du MCA le Tunisien Khaled Benyahia, dont le contrat n&rsquo;a pas \u00e9t\u00e9 prolong\u00e9. \u00ab\u00a0Je suis ici pour gagner et rien d&rsquo;autre. Je l&rsquo;ai dit clairement aux joueurs : il faut batailler pour d\u00e9crocher le titre. Nous avons besoin du soutien de nos supporters pour former une seule famille et r\u00e9aliser de bons r\u00e9sultats\u00a0\u00bb. Appel\u00e9 \u00e0 expliquer sa m\u00e9thode de travail, Hadz ibegic a soulign\u00e9 \u00eatre partisan de \u00ab\u00a0la rigueur et la discipline\u00a0\u00bb, essentielles pour r\u00e9aliser un bon travail. Je suis l\u00e0 pour imposer ces deux vertus aux joueurs. J&rsquo;ai parl\u00e9 \u00e0 mes \u00e9l\u00e9ments, et je leur ai expliqu\u00e9 ma m\u00e9thode de travail, celui qui ne va pas adh\u00e9rer, nous n&rsquo;avons pas besoin de lui \u00ab\u00a0, a-t-il pr\u00e9venu. Concernant la domiciliation, le MCA a choisi le stade Salem-Mebrouki de Rouiba pour recevoir ses adversaires, en raison de la fermeture du stade olympique du 5-juillet, qui fera l&rsquo;objet de travaux de r\u00e9habilitation, en vue du 7e championnat d&rsquo;Afrique des joueurs CHAN-2022 (report\u00e9 \u00e0 2023, ndlr) r\u00e9serv\u00e9 aux joueurs locaux, pr\u00e9vu en Alg\u00e9rie du 8 au 31 janvier. \u00ab\u00a0J&rsquo;ai visit\u00e9 le stade de Rouiba, pour moi ce n&rsquo;est pas la meilleure option, mais on n&rsquo;a pas le choix, nous devons faire face \u00e0 toutes les situations. Nous aurions aim\u00e9 jouer au 5-juillet, mais cela nous d\u00e9passe\u00a0\u00bb. Enfin, sur le plan de recrutement, selon le coach du Mouloudia, l&rsquo;op\u00e9ration n&rsquo;est pas encore termin\u00e9e, lui qui s&rsquo;attend \u00e0 l&rsquo;arriv\u00e9e d&rsquo;autres joueurs, alors que le MCA s&rsquo;est montr\u00e9 le plus actif dans le march\u00e9 des transferts en engageant jusque-l\u00e0 11 \u00e9l\u00e9ments. \u00ab\u00a0L&rsquo;op\u00e9ration recrutement n&rsquo;est pas termin\u00e9e pour nous. Il reste quelques petits d\u00e9tails pour clore le dossier des transferts\u00a0\u00bb, a-t-il conclu. Le MCA a termin\u00e9 la saison 2021-2022 \u00e0 la 8e place avec 51 points, ratant l&rsquo;objectif principal du club, \u00e0 savoir participer \u00e0 une comp\u00e9tition continentale la saison prochaine. Le \u00ab\u00a0Doyen\u00a0\u00bb entamera la saison 2022-2023 en d\u00e9placement face \u00e0 la JS Saoura, \u00e0 l&rsquo;occasion de la 1re journ\u00e9e du championnat pr\u00e9vue le week-end du 26-27 ao\u00fbt prochain.&nbsp;<\/p>\n\n\n\n<p>R. S.<\/p>\n","protected":false},"excerpt":{"rendered":"<p>Sur le plan de recrutement, l&rsquo;op\u00e9ration n&rsquo;est pas encore termin\u00e9e, puisque d\u2019autres joueurs arriveront, alors que le MCA s&rsquo;est montr\u00e9<\/p>\n","protected":false},"author":3,"featured_media":24609,"comment_status":"open","ping_status":"closed","sticky":false,"template":"","format":"standard","meta":{"colormag_page_container_layout":"default_layout","colormag_page_sidebar_layout":"default_layout","om_disable_all_campaigns":false,"_monsterinsights_skip_tracking":false,"_monsterinsights_sitenote_active":false,"_monsterinsights_sitenote_note":"","_monsterinsights_sitenote_category":0,"footnotes":"","_wpscppro_dont_share_socialmedia":false,"_wpscppro_custom_social_share_image":0,"_facebook_share_type":"","_twitter_share_type":"","_linkedin_share_type":"","_pinterest_share_type":"","_linkedin_share_type_page":"","_instagram_share_type":"","_medium_share_type":"","_threads_share_type":"","_google_business_share_type":"","_selected_social_profile":[],"_wpsp_enable_custom_social_template":false,"_wpsp_social_scheduling":{"enabled":false,"datetime":null,"platforms":[],"status":"template_only","dateOption":"today","timeOption":"now","customDays":"","customHours":"","customDate":"","customTime":"","schedulingType":"absolute"},"_wpsp_active_default_template":true},"categories":[33],"tags":[],"class_list":["post-24603","post","type-post","status-publish","format-standard","has-post-thumbnail","hentry","category-sports"],"aioseo_notices":[],"yoast_head":"<!-- This site is optimized with the Yoast SEO plugin v27.5 - https:\/\/yoast.com\/product\/yoast-seo-wordpress\/ -->\n<title>MC Alger\u00a0: Stages en Tunisie et en Turquie - La Sentinelle<\/title>\n<meta name=\"robots\" content=\"index, follow, max-snippet:-1, max-image-preview:large, max-video-preview:-1\" \/>\n<link rel=\"canonical\" href=\"https:\/\/lasentinelle.dz\/index.php\/2022\/07\/25\/mc-alger-stages-en-tunisie-et-en-turquie\/\" \/>\n<meta property=\"og:locale\" content=\"fr_FR\" \/>\n<meta property=\"og:type\" content=\"article\" \/>\n<meta property=\"og:title\" content=\"MC Alger\u00a0: Stages en Tunisie et en Turquie - La Sentinelle\" \/>\n<meta property=\"og:description\" content=\"Sur le plan de recrutement, l&rsquo;op\u00e9ration n&rsquo;est pas encore termin\u00e9e, puisque d\u2019autres joueurs arriveront, alors que le MCA s&rsquo;est montr\u00e9\" \/>\n<meta property=\"og:url\" content=\"https:\/\/lasentinelle.dz\/index.php\/2022\/07\/25\/mc-alger-stages-en-tunisie-et-en-turquie\/\" \/>\n<meta property=\"og:site_name\" content=\"La Sentinelle\" \/>\n<meta property=\"article:publisher\" content=\"https:\/\/www.facebook.com\/La-Sentinelle-104059864394773\" \/>\n<meta property=\"article:published_time\" content=\"2022-07-24T23:01:00+00:00\" \/>\n<meta property=\"og:image\" content=\"https:\/\/lasentinelle.dz\/wp-content\/uploads\/2022\/07\/mca-1.jpg\" \/>\n\t<meta property=\"og:image:width\" content=\"2048\" \/>\n\t<meta property=\"og:image:height\" content=\"1561\" \/>\n\t<meta property=\"og:image:type\" content=\"image\/jpeg\" \/>\n<meta name=\"author\" content=\"La Sentinelle\" \/>\n<meta name=\"twitter:card\" content=\"summary_large_image\" \/>\n<meta name=\"twitter:label1\" content=\"\u00c9crit par\" \/>\n\t<meta name=\"twitter:data1\" content=\"La Sentinelle\" \/>\n\t<meta name=\"twitter:label2\" content=\"Dur\u00e9e de lecture estim\u00e9e\" \/>\n\t<meta name=\"twitter:data2\" content=\"3 minutes\" \/>\n<script type=\"application\/ld+json\" class=\"yoast-schema-graph\">{\"@context\":\"https:\\\/\\\/schema.org\",\"@graph\":[{\"@type\":\"Article\",\"@id\":\"https:\\\/\\\/lasentinelle.dz\\\/index.php\\\/2022\\\/07\\\/25\\\/mc-alger-stages-en-tunisie-et-en-turquie\\\/#article\",\"isPartOf\":{\"@id\":\"https:\\\/\\\/lasentinelle.dz\\\/index.php\\\/2022\\\/07\\\/25\\\/mc-alger-stages-en-tunisie-et-en-turquie\\\/\"},\"author\":{\"name\":\"La Sentinelle\",\"@id\":\"https:\\\/\\\/lasentinelle.dz\\\/#\\\/schema\\\/person\\\/d865044e22e70a75174ce8bcad3acfb3\"},\"headline\":\"MC Alger\u00a0: Stages en Tunisie et en Turquie\",\"datePublished\":\"2022-07-24T23:01:00+00:00\",\"mainEntityOfPage\":{\"@id\":\"https:\\\/\\\/lasentinelle.dz\\\/index.php\\\/2022\\\/07\\\/25\\\/mc-alger-stages-en-tunisie-et-en-turquie\\\/\"},\"wordCount\":535,\"commentCount\":0,\"publisher\":{\"@id\":\"https:\\\/\\\/lasentinelle.dz\\\/#organization\"},\"image\":{\"@id\":\"https:\\\/\\\/lasentinelle.dz\\\/index.php\\\/2022\\\/07\\\/25\\\/mc-alger-stages-en-tunisie-et-en-turquie\\\/#primaryimage\"},\"thumbnailUrl\":\"https:\\\/\\\/lasentinelle.dz\\\/wp-content\\\/uploads\\\/2022\\\/07\\\/mca-1.jpg\",\"articleSection\":[\"Sports\"],\"inLanguage\":\"fr-FR\",\"potentialAction\":[{\"@type\":\"CommentAction\",\"name\":\"Comment\",\"target\":[\"https:\\\/\\\/lasentinelle.dz\\\/index.php\\\/2022\\\/07\\\/25\\\/mc-alger-stages-en-tunisie-et-en-turquie\\\/#respond\"]}]},{\"@type\":\"WebPage\",\"@id\":\"https:\\\/\\\/lasentinelle.dz\\\/index.php\\\/2022\\\/07\\\/25\\\/mc-alger-stages-en-tunisie-et-en-turquie\\\/\",\"url\":\"https:\\\/\\\/lasentinelle.dz\\\/index.php\\\/2022\\\/07\\\/25\\\/mc-alger-stages-en-tunisie-et-en-turquie\\\/\",\"name\":\"MC Alger\u00a0: Stages en Tunisie et en Turquie - La Sentinelle\",\"isPartOf\":{\"@id\":\"https:\\\/\\\/lasentinelle.dz\\\/#website\"},\"primaryImageOfPage\":{\"@id\":\"https:\\\/\\\/lasentinelle.dz\\\/index.php\\\/2022\\\/07\\\/25\\\/mc-alger-stages-en-tunisie-et-en-turquie\\\/#primaryimage\"},\"image\":{\"@id\":\"https:\\\/\\\/lasentinelle.dz\\\/index.php\\\/2022\\\/07\\\/25\\\/mc-alger-stages-en-tunisie-et-en-turquie\\\/#primaryimage\"},\"thumbnailUrl\":\"https:\\\/\\\/lasentinelle.dz\\\/wp-content\\\/uploads\\\/2022\\\/07\\\/mca-1.jpg\",\"datePublished\":\"2022-07-24T23:01:00+00:00\",\"breadcrumb\":{\"@id\":\"https:\\\/\\\/lasentinelle.dz\\\/index.php\\\/2022\\\/07\\\/25\\\/mc-alger-stages-en-tunisie-et-en-turquie\\\/#breadcrumb\"},\"inLanguage\":\"fr-FR\",\"potentialAction\":[{\"@type\":\"ReadAction\",\"target\":[\"https:\\\/\\\/lasentinelle.dz\\\/index.php\\\/2022\\\/07\\\/25\\\/mc-alger-stages-en-tunisie-et-en-turquie\\\/\"]}]},{\"@type\":\"ImageObject\",\"inLanguage\":\"fr-FR\",\"@id\":\"https:\\\/\\\/lasentinelle.dz\\\/index.php\\\/2022\\\/07\\\/25\\\/mc-alger-stages-en-tunisie-et-en-turquie\\\/#primaryimage\",\"url\":\"https:\\\/\\\/lasentinelle.dz\\\/wp-content\\\/uploads\\\/2022\\\/07\\\/mca-1.jpg\",\"contentUrl\":\"https:\\\/\\\/lasentinelle.dz\\\/wp-content\\\/uploads\\\/2022\\\/07\\\/mca-1.jpg\",\"width\":2048,\"height\":1561},{\"@type\":\"BreadcrumbList\",\"@id\":\"https:\\\/\\\/lasentinelle.dz\\\/index.php\\\/2022\\\/07\\\/25\\\/mc-alger-stages-en-tunisie-et-en-turquie\\\/#breadcrumb\",\"itemListElement\":[{\"@type\":\"ListItem\",\"position\":1,\"name\":\"Accueil\",\"item\":\"https:\\\/\\\/lasentinelle.dz\\\/\"},{\"@type\":\"ListItem\",\"position\":2,\"name\":\"MC Alger\u00a0: Stages en Tunisie et en Turquie\"}]},{\"@type\":\"WebSite\",\"@id\":\"https:\\\/\\\/lasentinelle.dz\\\/#website\",\"url\":\"https:\\\/\\\/lasentinelle.dz\\\/\",\"name\":\"La Sentinelle\",\"description\":\"Quotidien national d&#039;information\",\"publisher\":{\"@id\":\"https:\\\/\\\/lasentinelle.dz\\\/#organization\"},\"potentialAction\":[{\"@type\":\"SearchAction\",\"target\":{\"@type\":\"EntryPoint\",\"urlTemplate\":\"https:\\\/\\\/lasentinelle.dz\\\/?s={search_term_string}\"},\"query-input\":{\"@type\":\"PropertyValueSpecification\",\"valueRequired\":true,\"valueName\":\"search_term_string\"}}],\"inLanguage\":\"fr-FR\"},{\"@type\":\"Organization\",\"@id\":\"https:\\\/\\\/lasentinelle.dz\\\/#organization\",\"name\":\"Quotidien La Sentinelle\",\"url\":\"https:\\\/\\\/lasentinelle.dz\\\/\",\"logo\":{\"@type\":\"ImageObject\",\"inLanguage\":\"fr-FR\",\"@id\":\"https:\\\/\\\/lasentinelle.dz\\\/#\\\/schema\\\/logo\\\/image\\\/\",\"url\":\"https:\\\/\\\/lasentinelle.dz\\\/wp-content\\\/uploads\\\/2021\\\/09\\\/logo-sentinelleSLOGAN-1.png\",\"contentUrl\":\"https:\\\/\\\/lasentinelle.dz\\\/wp-content\\\/uploads\\\/2021\\\/09\\\/logo-sentinelleSLOGAN-1.png\",\"width\":615,\"height\":142,\"caption\":\"Quotidien La Sentinelle\"},\"image\":{\"@id\":\"https:\\\/\\\/lasentinelle.dz\\\/#\\\/schema\\\/logo\\\/image\\\/\"},\"sameAs\":[\"https:\\\/\\\/www.facebook.com\\\/La-Sentinelle-104059864394773\"]},{\"@type\":\"Person\",\"@id\":\"https:\\\/\\\/lasentinelle.dz\\\/#\\\/schema\\\/person\\\/d865044e22e70a75174ce8bcad3acfb3\",\"name\":\"La Sentinelle\",\"image\":{\"@type\":\"ImageObject\",\"inLanguage\":\"fr-FR\",\"@id\":\"https:\\\/\\\/secure.gravatar.com\\\/avatar\\\/57de8e5d4b15d43fb361a71fbb36338450fe67865b528a43dd10ef7c51a20392?s=96&d=mm&r=g\",\"url\":\"https:\\\/\\\/secure.gravatar.com\\\/avatar\\\/57de8e5d4b15d43fb361a71fbb36338450fe67865b528a43dd10ef7c51a20392?s=96&d=mm&r=g\",\"contentUrl\":\"https:\\\/\\\/secure.gravatar.com\\\/avatar\\\/57de8e5d4b15d43fb361a71fbb36338450fe67865b528a43dd10ef7c51a20392?s=96&d=mm&r=g\",\"caption\":\"La Sentinelle\"},\"sameAs\":[\"http:\\\/\\\/www.lasentinelle.dz\"],\"url\":\"https:\\\/\\\/lasentinelle.dz\\\/author\\\/redaction\\\/\"}]}<\/script>\n<!-- \/ Yoast SEO plugin. -->","yoast_head_json":{"title":"MC Alger\u00a0: Stages en Tunisie et en Turquie - La Sentinelle","robots":{"index":"index","follow":"follow","max-snippet":"max-snippet:-1","max-image-preview":"max-image-preview:large","max-video-preview":"max-video-preview:-1"},"canonical":"https:\/\/lasentinelle.dz\/index.php\/2022\/07\/25\/mc-alger-stages-en-tunisie-et-en-turquie\/","og_locale":"fr_FR","og_type":"article","og_title":"MC Alger\u00a0: Stages en Tunisie et en Turquie - La Sentinelle","og_description":"Sur le plan de recrutement, l&rsquo;op\u00e9ration n&rsquo;est pas encore termin\u00e9e, puisque d\u2019autres joueurs arriveront, alors que le MCA s&rsquo;est montr\u00e9","og_url":"https:\/\/lasentinelle.dz\/index.php\/2022\/07\/25\/mc-alger-stages-en-tunisie-et-en-turquie\/","og_site_name":"La Sentinelle","article_publisher":"https:\/\/www.facebook.com\/La-Sentinelle-104059864394773","article_published_time":"2022-07-24T23:01:00+00:00","og_image":[{"width":2048,"height":1561,"url":"https:\/\/lasentinelle.dz\/wp-content\/uploads\/2022\/07\/mca-1.jpg","type":"image\/jpeg"}],"author":"La Sentinelle","twitter_card":"summary_large_image","twitter_misc":{"\u00c9crit par":"La Sentinelle","Dur\u00e9e de lecture estim\u00e9e":"3 minutes"},"schema":{"@context":"https:\/\/schema.org","@graph":[{"@type":"Article","@id":"https:\/\/lasentinelle.dz\/index.php\/2022\/07\/25\/mc-alger-stages-en-tunisie-et-en-turquie\/#article","isPartOf":{"@id":"https:\/\/lasentinelle.dz\/index.php\/2022\/07\/25\/mc-alger-stages-en-tunisie-et-en-turquie\/"},"author":{"name":"La Sentinelle","@id":"https:\/\/lasentinelle.dz\/#\/schema\/person\/d865044e22e70a75174ce8bcad3acfb3"},"headline":"MC Alger\u00a0: Stages en Tunisie et en Turquie","datePublished":"2022-07-24T23:01:00+00:00","mainEntityOfPage":{"@id":"https:\/\/lasentinelle.dz\/index.php\/2022\/07\/25\/mc-alger-stages-en-tunisie-et-en-turquie\/"},"wordCount":535,"commentCount":0,"publisher":{"@id":"https:\/\/lasentinelle.dz\/#organization"},"image":{"@id":"https:\/\/lasentinelle.dz\/index.php\/2022\/07\/25\/mc-alger-stages-en-tunisie-et-en-turquie\/#primaryimage"},"thumbnailUrl":"https:\/\/lasentinelle.dz\/wp-content\/uploads\/2022\/07\/mca-1.jpg","articleSection":["Sports"],"inLanguage":"fr-FR","potentialAction":[{"@type":"CommentAction","name":"Comment","target":["https:\/\/lasentinelle.dz\/index.php\/2022\/07\/25\/mc-alger-stages-en-tunisie-et-en-turquie\/#respond"]}]},{"@type":"WebPage","@id":"https:\/\/lasentinelle.dz\/index.php\/2022\/07\/25\/mc-alger-stages-en-tunisie-et-en-turquie\/","url":"https:\/\/lasentinelle.dz\/index.php\/2022\/07\/25\/mc-alger-stages-en-tunisie-et-en-turquie\/","name":"MC Alger\u00a0: Stages en Tunisie et en Turquie - La Sentinelle","isPartOf":{"@id":"https:\/\/lasentinelle.dz\/#website"},"primaryImageOfPage":{"@id":"https:\/\/lasentinelle.dz\/index.php\/2022\/07\/25\/mc-alger-stages-en-tunisie-et-en-turquie\/#primaryimage"},"image":{"@id":"https:\/\/lasentinelle.dz\/index.php\/2022\/07\/25\/mc-alger-stages-en-tunisie-et-en-turquie\/#primaryimage"},"thumbnailUrl":"https:\/\/lasentinelle.dz\/wp-content\/uploads\/2022\/07\/mca-1.jpg","datePublished":"2022-07-24T23:01:00+00:00","breadcrumb":{"@id":"https:\/\/lasentinelle.dz\/index.php\/2022\/07\/25\/mc-alger-stages-en-tunisie-et-en-turquie\/#breadcrumb"},"inLanguage":"fr-FR","potentialAction":[{"@type":"ReadAction","target":["https:\/\/lasentinelle.dz\/index.php\/2022\/07\/25\/mc-alger-stages-en-tunisie-et-en-turquie\/"]}]},{"@type":"ImageObject","inLanguage":"fr-FR","@id":"https:\/\/lasentinelle.dz\/index.php\/2022\/07\/25\/mc-alger-stages-en-tunisie-et-en-turquie\/#primaryimage","url":"https:\/\/lasentinelle.dz\/wp-content\/uploads\/2022\/07\/mca-1.jpg","contentUrl":"https:\/\/lasentinelle.dz\/wp-content\/uploads\/2022\/07\/mca-1.jpg","width":2048,"height":1561},{"@type":"BreadcrumbList","@id":"https:\/\/lasentinelle.dz\/index.php\/2022\/07\/25\/mc-alger-stages-en-tunisie-et-en-turquie\/#breadcrumb","itemListElement":[{"@type":"ListItem","position":1,"name":"Accueil","item":"https:\/\/lasentinelle.dz\/"},{"@type":"ListItem","position":2,"name":"MC Alger\u00a0: Stages en Tunisie et en Turquie"}]},{"@type":"WebSite","@id":"https:\/\/lasentinelle.dz\/#website","url":"https:\/\/lasentinelle.dz\/","name":"La Sentinelle","description":"Quotidien national d&#039;information","publisher":{"@id":"https:\/\/lasentinelle.dz\/#organization"},"potentialAction":[{"@type":"SearchAction","target":{"@type":"EntryPoint","urlTemplate":"https:\/\/lasentinelle.dz\/?s={search_term_string}"},"query-input":{"@type":"PropertyValueSpecification","valueRequired":true,"valueName":"search_term_string"}}],"inLanguage":"fr-FR"},{"@type":"Organization","@id":"https:\/\/lasentinelle.dz\/#organization","name":"Quotidien La Sentinelle","url":"https:\/\/lasentinelle.dz\/","logo":{"@type":"ImageObject","inLanguage":"fr-FR","@id":"https:\/\/lasentinelle.dz\/#\/schema\/logo\/image\/","url":"https:\/\/lasentinelle.dz\/wp-content\/uploads\/2021\/09\/logo-sentinelleSLOGAN-1.png","contentUrl":"https:\/\/lasentinelle.dz\/wp-content\/uploads\/2021\/09\/logo-sentinelleSLOGAN-1.png","width":615,"height":142,"caption":"Quotidien La Sentinelle"},"image":{"@id":"https:\/\/lasentinelle.dz\/#\/schema\/logo\/image\/"},"sameAs":["https:\/\/www.facebook.com\/La-Sentinelle-104059864394773"]},{"@type":"Person","@id":"https:\/\/lasentinelle.dz\/#\/schema\/person\/d865044e22e70a75174ce8bcad3acfb3","name":"La Sentinelle","image":{"@type":"ImageObject","inLanguage":"fr-FR","@id":"https:\/\/secure.gravatar.com\/avatar\/57de8e5d4b15d43fb361a71fbb36338450fe67865b528a43dd10ef7c51a20392?s=96&d=mm&r=g","url":"https:\/\/secure.gravatar.com\/avatar\/57de8e5d4b15d43fb361a71fbb36338450fe67865b528a43dd10ef7c51a20392?s=96&d=mm&r=g","contentUrl":"https:\/\/secure.gravatar.com\/avatar\/57de8e5d4b15d43fb361a71fbb36338450fe67865b528a43dd10ef7c51a20392?s=96&d=mm&r=g","caption":"La Sentinelle"},"sameAs":["http:\/\/www.lasentinelle.dz"],"url":"https:\/\/lasentinelle.dz\/author\/redaction\/"}]}},"_links":{"self":[{"href":"https:\/\/lasentinelle.dz\/index.php\/wp-json\/wp\/v2\/posts\/24603","targetHints":{"allow":["GET"]}}],"collection":[{"href":"https:\/\/lasentinelle.dz\/index.php\/wp-json\/wp\/v2\/posts"}],"about":[{"href":"https:\/\/lasentinelle.dz\/index.php\/wp-json\/wp\/v2\/types\/post"}],"author":[{"embeddable":true,"href":"https:\/\/lasentinelle.dz\/index.php\/wp-json\/wp\/v2\/users\/3"}],"replies":[{"embeddable":true,"href":"https:\/\/lasentinelle.dz\/index.php\/wp-json\/wp\/v2\/comments?post=24603"}],"version-history":[{"count":1,"href":"https:\/\/lasentinelle.dz\/index.php\/wp-json\/wp\/v2\/posts\/24603\/revisions"}],"predecessor-version":[{"id":24610,"href":"https:\/\/lasentinelle.dz\/index.php\/wp-json\/wp\/v2\/posts\/24603\/revisions\/24610"}],"wp:featuredmedia":[{"embeddable":true,"href":"https:\/\/lasentinelle.dz\/index.php\/wp-json\/wp\/v2\/media\/24609"}],"wp:attachment":[{"href":"https:\/\/lasentinelle.dz\/index.php\/wp-json\/wp\/v2\/media?parent=24603"}],"wp:term":[{"taxonomy":"category","embeddable":true,"href":"https:\/\/lasentinelle.dz\/index.php\/wp-json\/wp\/v2\/categories?post=24603"},{"taxonomy":"post_tag","embeddable":true,"href":"https:\/\/lasentinelle.dz\/index.php\/wp-json\/wp\/v2\/tags?post=24603"}],"curies":[{"name":"wp","href":"https:\/\/api.w.org\/{rel}","templated":true}]}}