{"id":24604,"date":"2022-07-25T00:01:00","date_gmt":"2022-07-24T23:01:00","guid":{"rendered":"https:\/\/lasentinelle.dz\/?p=24604"},"modified":"2022-07-24T19:45:35","modified_gmt":"2022-07-24T18:45:35","slug":"championnat-arabe-de-natation-oran-2022-la-selection-nationale-termine-a-la-2e-place","status":"publish","type":"post","link":"https:\/\/lasentinelle.dz\/index.php\/2022\/07\/25\/championnat-arabe-de-natation-oran-2022-la-selection-nationale-termine-a-la-2e-place\/","title":{"rendered":"Championnat arabe de natation \u00ab\u00a0Oran-2022\u00a0\u00bb\u00a0: La s\u00e9lection nationale termine \u00e0 la 2e place"},"content":{"rendered":"\n<p>Dans ce rendez-vous, l\u2019Alg\u00e9rie a glan\u00e9 14 m\u00e9dailles en or, 18 en argent et 13 en bronze.<\/p>\n\n\n\n<p>La s\u00e9lection alg\u00e9rienne de natation (hommes) a r\u00e9ussi une bonne moisson lors de la quatri\u00e8me et derni\u00e8re journ\u00e9e du championnat arabe cl\u00f4tur\u00e9 samedi soir \u00e0 Oran, en s\u2019adjugeant 11 m\u00e9dailles dont quatre en or, mais elle termine l\u2019\u00e9preuve \u00e0 la deuxi\u00e8me place derri\u00e8re l\u2019Egypte au classement g\u00e9n\u00e9ral. Pour le quatri\u00e8me jour de suite, le Centre nautique du complexe Miloud-Hadefi a \u00e9t\u00e9 le th\u00e9\u00e2tre d\u2019une nouvelle bataille entre Alg\u00e9riens et Egyptiens, notamment chez les hommes o\u00f9 les \u00e9l\u00e9ments de la s\u00e9lection nationale gardaient encore espoir de refaire leur retard sur leurs h\u00f4tes. A l\u2019arriv\u00e9e, la derni\u00e8re course d\u00e9di\u00e9e au relais 4X100 m nage libre a \u00e9t\u00e9 d\u00e9terminant dans la victoire des nageurs \u00e9gyptiens, vainqueurs de pas moins de 10 m\u00e9dailles d\u2019or contre 9 pour les Alg\u00e9riens, qui n\u2019ont pu ainsi passer \u00e0 la premi\u00e8re place malgr\u00e9 leurs trois m\u00e9dailles d\u2019or r\u00e9colt\u00e9es lors de cette derni\u00e8re journ\u00e9e. En revanche, la domination de l\u2019\u00e9quipe \u00e9gyptienne chez les dames \u00e9tait presque copieuse. Elle s\u2019est m\u00eame poursuivie au cours de cette derni\u00e8re journ\u00e9e, pendant laquelle elle a port\u00e9 \u00e0 13 le total de ses m\u00e9dailles en vermeil contre 5 pour l\u2019Alg\u00e9rie. Au classement g\u00e9n\u00e9ral, c\u2019est encore l\u2019Egypte qui a eu le dernier mot avec 23 m\u00e9dailles en or, 14 en argent et 9 en bronze. L\u2019Alg\u00e9rie, quant \u00e0 elle, a glan\u00e9 14 m\u00e9dailles en or, 18 en argent et 13 en bronze. La troisi\u00e8me place est revenue \u00e0 la Tunisie avec 1 en or, 5 en argent et 4 en bronze. Le pr\u00e9sident de la F\u00e9d\u00e9ration alg\u00e9rienne de natation, Abdelhakim Boughadou, a qualifi\u00e9, dans une d\u00e9claration \u00e0 l&rsquo;APS, de \u00ab\u00a0franc succ\u00e8s\u00a0\u00bb cette cinqui\u00e8me \u00e9dition du championnat arabe que l\u2019Alg\u00e9rie a abrit\u00e9 pour la premi\u00e8re fois de son histoire, mettant en avant l\u2019\u00e9mergence de plusieurs des jeunes de la s\u00e9lection alg\u00e9rienne auxquels il a pr\u00e9dit un avenir radieux \u00a0\u00bbs\u2019ils continuaient \u00e0 travailler dur pour progresser\u00a0\u00bb. \u00ab\u00a0Cette comp\u00e9tition a prouv\u00e9 qu\u2019on a de jeunes talents qui peuvent r\u00e9ussir \u00e0 l\u2019avenir. D\u2019ailleurs, plusieurs d\u2019entre eux appartiennent toujours aux cat\u00e9gories jeunes et sont concern\u00e9s par le championnat arabe des jeunes en septembre prochain en Egypte\u00a0\u00bb, a-t-il encore dit. Il a, en outre, estim\u00e9 que ce rendez-vous arabe est une aubaine pour les nageurs alg\u00e9riens pour pr\u00e9parer le prochain championnat d\u2019Afrique Open en Tunisie d\u00e8s le mois d\u2019ao\u00fbt \u00e0 venir, tout en saluant notamment les performances de la vedette de la natation alg\u00e9rienne, Jaou ad Syoud, vainqueur de quatre m\u00e9dailles d\u2019or dans ce championnat, et avec lequel la F\u00e9d\u00e9ration alg\u00e9rienne de natation entend r\u00e9aliser un \u00ab\u00a0projet ambitieux\u00a0\u00bb, selon ses dires.&nbsp;<\/p>\n\n\n\n<p>R. S.<\/p>\n","protected":false},"excerpt":{"rendered":"<p>Dans ce rendez-vous, l\u2019Alg\u00e9rie a glan\u00e9 14 m\u00e9dailles en or, 18 en argent et 13 en bronze. La s\u00e9lection alg\u00e9rienne<\/p>\n","protected":false},"author":3,"featured_media":24613,"comment_status":"open","ping_status":"closed","sticky":false,"template":"","format":"standard","meta":{"colormag_page_container_layout":"default_layout","colormag_page_sidebar_layout":"default_layout","om_disable_all_campaigns":false,"_monsterinsights_skip_tracking":false,"_monsterinsights_sitenote_active":false,"_monsterinsights_sitenote_note":"","_monsterinsights_sitenote_category":0,"footnotes":"","_wpscppro_dont_share_socialmedia":false,"_wpscppro_custom_social_share_image":0,"_facebook_share_type":"","_twitter_share_type":"","_linkedin_share_type":"","_pinterest_share_type":"","_linkedin_share_type_page":"","_instagram_share_type":"","_medium_share_type":"","_threads_share_type":"","_google_business_share_type":"","_selected_social_profile":[],"_wpsp_enable_custom_social_template":false,"_wpsp_social_scheduling":{"enabled":false,"datetime":null,"platforms":[],"status":"template_only","dateOption":"today","timeOption":"now","customDays":"","customHours":"","customDate":"","customTime":"","schedulingType":"absolute"},"_wpsp_active_default_template":true},"categories":[33],"tags":[],"class_list":["post-24604","post","type-post","status-publish","format-standard","has-post-thumbnail","hentry","category-sports"],"aioseo_notices":[],"yoast_head":"<!-- This site is optimized with the Yoast SEO plugin v27.5 - https:\/\/yoast.com\/product\/yoast-seo-wordpress\/ -->\n<title>Championnat arabe de natation \u00ab\u00a0Oran-2022\u00a0\u00bb\u00a0: La s\u00e9lection nationale termine \u00e0 la 2e place - La Sentinelle<\/title>\n<meta name=\"robots\" content=\"index, follow, max-snippet:-1, max-image-preview:large, max-video-preview:-1\" \/>\n<link rel=\"canonical\" href=\"https:\/\/lasentinelle.dz\/index.php\/2022\/07\/25\/championnat-arabe-de-natation-oran-2022-la-selection-nationale-termine-a-la-2e-place\/\" \/>\n<meta property=\"og:locale\" content=\"fr_FR\" \/>\n<meta property=\"og:type\" content=\"article\" \/>\n<meta property=\"og:title\" content=\"Championnat arabe de natation \u00ab\u00a0Oran-2022\u00a0\u00bb\u00a0: La s\u00e9lection nationale termine \u00e0 la 2e place - La Sentinelle\" \/>\n<meta property=\"og:description\" content=\"Dans ce rendez-vous, l\u2019Alg\u00e9rie a glan\u00e9 14 m\u00e9dailles en or, 18 en argent et 13 en bronze. La s\u00e9lection alg\u00e9rienne\" \/>\n<meta property=\"og:url\" content=\"https:\/\/lasentinelle.dz\/index.php\/2022\/07\/25\/championnat-arabe-de-natation-oran-2022-la-selection-nationale-termine-a-la-2e-place\/\" \/>\n<meta property=\"og:site_name\" content=\"La Sentinelle\" \/>\n<meta property=\"article:publisher\" content=\"https:\/\/www.facebook.com\/La-Sentinelle-104059864394773\" \/>\n<meta property=\"article:published_time\" content=\"2022-07-24T23:01:00+00:00\" \/>\n<meta property=\"og:image\" content=\"https:\/\/lasentinelle.dz\/wp-content\/uploads\/2022\/07\/natation-1.jpg\" \/>\n\t<meta property=\"og:image:width\" content=\"2048\" \/>\n\t<meta property=\"og:image:height\" content=\"1360\" \/>\n\t<meta property=\"og:image:type\" content=\"image\/jpeg\" \/>\n<meta name=\"author\" content=\"La Sentinelle\" \/>\n<meta name=\"twitter:card\" content=\"summary_large_image\" \/>\n<meta name=\"twitter:label1\" content=\"\u00c9crit par\" \/>\n\t<meta name=\"twitter:data1\" content=\"La Sentinelle\" \/>\n\t<meta name=\"twitter:label2\" content=\"Dur\u00e9e de lecture estim\u00e9e\" \/>\n\t<meta name=\"twitter:data2\" content=\"3 minutes\" \/>\n<script type=\"application\/ld+json\" class=\"yoast-schema-graph\">{\"@context\":\"https:\\\/\\\/schema.org\",\"@graph\":[{\"@type\":\"Article\",\"@id\":\"https:\\\/\\\/lasentinelle.dz\\\/index.php\\\/2022\\\/07\\\/25\\\/championnat-arabe-de-natation-oran-2022-la-selection-nationale-termine-a-la-2e-place\\\/#article\",\"isPartOf\":{\"@id\":\"https:\\\/\\\/lasentinelle.dz\\\/index.php\\\/2022\\\/07\\\/25\\\/championnat-arabe-de-natation-oran-2022-la-selection-nationale-termine-a-la-2e-place\\\/\"},\"author\":{\"name\":\"La Sentinelle\",\"@id\":\"https:\\\/\\\/lasentinelle.dz\\\/#\\\/schema\\\/person\\\/d865044e22e70a75174ce8bcad3acfb3\"},\"headline\":\"Championnat arabe de natation \u00ab\u00a0Oran-2022\u00a0\u00bb\u00a0: La s\u00e9lection nationale termine \u00e0 la 2e place\",\"datePublished\":\"2022-07-24T23:01:00+00:00\",\"mainEntityOfPage\":{\"@id\":\"https:\\\/\\\/lasentinelle.dz\\\/index.php\\\/2022\\\/07\\\/25\\\/championnat-arabe-de-natation-oran-2022-la-selection-nationale-termine-a-la-2e-place\\\/\"},\"wordCount\":522,\"commentCount\":0,\"publisher\":{\"@id\":\"https:\\\/\\\/lasentinelle.dz\\\/#organization\"},\"image\":{\"@id\":\"https:\\\/\\\/lasentinelle.dz\\\/index.php\\\/2022\\\/07\\\/25\\\/championnat-arabe-de-natation-oran-2022-la-selection-nationale-termine-a-la-2e-place\\\/#primaryimage\"},\"thumbnailUrl\":\"https:\\\/\\\/lasentinelle.dz\\\/wp-content\\\/uploads\\\/2022\\\/07\\\/natation-1.jpg\",\"articleSection\":[\"Sports\"],\"inLanguage\":\"fr-FR\",\"potentialAction\":[{\"@type\":\"CommentAction\",\"name\":\"Comment\",\"target\":[\"https:\\\/\\\/lasentinelle.dz\\\/index.php\\\/2022\\\/07\\\/25\\\/championnat-arabe-de-natation-oran-2022-la-selection-nationale-termine-a-la-2e-place\\\/#respond\"]}]},{\"@type\":\"WebPage\",\"@id\":\"https:\\\/\\\/lasentinelle.dz\\\/index.php\\\/2022\\\/07\\\/25\\\/championnat-arabe-de-natation-oran-2022-la-selection-nationale-termine-a-la-2e-place\\\/\",\"url\":\"https:\\\/\\\/lasentinelle.dz\\\/index.php\\\/2022\\\/07\\\/25\\\/championnat-arabe-de-natation-oran-2022-la-selection-nationale-termine-a-la-2e-place\\\/\",\"name\":\"Championnat arabe de natation \u00ab\u00a0Oran-2022\u00a0\u00bb\u00a0: La s\u00e9lection nationale termine \u00e0 la 2e place - La Sentinelle\",\"isPartOf\":{\"@id\":\"https:\\\/\\\/lasentinelle.dz\\\/#website\"},\"primaryImageOfPage\":{\"@id\":\"https:\\\/\\\/lasentinelle.dz\\\/index.php\\\/2022\\\/07\\\/25\\\/championnat-arabe-de-natation-oran-2022-la-selection-nationale-termine-a-la-2e-place\\\/#primaryimage\"},\"image\":{\"@id\":\"https:\\\/\\\/lasentinelle.dz\\\/index.php\\\/2022\\\/07\\\/25\\\/championnat-arabe-de-natation-oran-2022-la-selection-nationale-termine-a-la-2e-place\\\/#primaryimage\"},\"thumbnailUrl\":\"https:\\\/\\\/lasentinelle.dz\\\/wp-content\\\/uploads\\\/2022\\\/07\\\/natation-1.jpg\",\"datePublished\":\"2022-07-24T23:01:00+00:00\",\"breadcrumb\":{\"@id\":\"https:\\\/\\\/lasentinelle.dz\\\/index.php\\\/2022\\\/07\\\/25\\\/championnat-arabe-de-natation-oran-2022-la-selection-nationale-termine-a-la-2e-place\\\/#breadcrumb\"},\"inLanguage\":\"fr-FR\",\"potentialAction\":[{\"@type\":\"ReadAction\",\"target\":[\"https:\\\/\\\/lasentinelle.dz\\\/index.php\\\/2022\\\/07\\\/25\\\/championnat-arabe-de-natation-oran-2022-la-selection-nationale-termine-a-la-2e-place\\\/\"]}]},{\"@type\":\"ImageObject\",\"inLanguage\":\"fr-FR\",\"@id\":\"https:\\\/\\\/lasentinelle.dz\\\/index.php\\\/2022\\\/07\\\/25\\\/championnat-arabe-de-natation-oran-2022-la-selection-nationale-termine-a-la-2e-place\\\/#primaryimage\",\"url\":\"https:\\\/\\\/lasentinelle.dz\\\/wp-content\\\/uploads\\\/2022\\\/07\\\/natation-1.jpg\",\"contentUrl\":\"https:\\\/\\\/lasentinelle.dz\\\/wp-content\\\/uploads\\\/2022\\\/07\\\/natation-1.jpg\",\"width\":2048,\"height\":1360},{\"@type\":\"BreadcrumbList\",\"@id\":\"https:\\\/\\\/lasentinelle.dz\\\/index.php\\\/2022\\\/07\\\/25\\\/championnat-arabe-de-natation-oran-2022-la-selection-nationale-termine-a-la-2e-place\\\/#breadcrumb\",\"itemListElement\":[{\"@type\":\"ListItem\",\"position\":1,\"name\":\"Accueil\",\"item\":\"https:\\\/\\\/lasentinelle.dz\\\/\"},{\"@type\":\"ListItem\",\"position\":2,\"name\":\"Championnat arabe de natation \u00ab\u00a0Oran-2022\u00a0\u00bb\u00a0: La s\u00e9lection nationale termine \u00e0 la 2e place\"}]},{\"@type\":\"WebSite\",\"@id\":\"https:\\\/\\\/lasentinelle.dz\\\/#website\",\"url\":\"https:\\\/\\\/lasentinelle.dz\\\/\",\"name\":\"La Sentinelle\",\"description\":\"Quotidien national d&#039;information\",\"publisher\":{\"@id\":\"https:\\\/\\\/lasentinelle.dz\\\/#organization\"},\"potentialAction\":[{\"@type\":\"SearchAction\",\"target\":{\"@type\":\"EntryPoint\",\"urlTemplate\":\"https:\\\/\\\/lasentinelle.dz\\\/?s={search_term_string}\"},\"query-input\":{\"@type\":\"PropertyValueSpecification\",\"valueRequired\":true,\"valueName\":\"search_term_string\"}}],\"inLanguage\":\"fr-FR\"},{\"@type\":\"Organization\",\"@id\":\"https:\\\/\\\/lasentinelle.dz\\\/#organization\",\"name\":\"Quotidien La Sentinelle\",\"url\":\"https:\\\/\\\/lasentinelle.dz\\\/\",\"logo\":{\"@type\":\"ImageObject\",\"inLanguage\":\"fr-FR\",\"@id\":\"https:\\\/\\\/lasentinelle.dz\\\/#\\\/schema\\\/logo\\\/image\\\/\",\"url\":\"https:\\\/\\\/lasentinelle.dz\\\/wp-content\\\/uploads\\\/2021\\\/09\\\/logo-sentinelleSLOGAN-1.png\",\"contentUrl\":\"https:\\\/\\\/lasentinelle.dz\\\/wp-content\\\/uploads\\\/2021\\\/09\\\/logo-sentinelleSLOGAN-1.png\",\"width\":615,\"height\":142,\"caption\":\"Quotidien La Sentinelle\"},\"image\":{\"@id\":\"https:\\\/\\\/lasentinelle.dz\\\/#\\\/schema\\\/logo\\\/image\\\/\"},\"sameAs\":[\"https:\\\/\\\/www.facebook.com\\\/La-Sentinelle-104059864394773\"]},{\"@type\":\"Person\",\"@id\":\"https:\\\/\\\/lasentinelle.dz\\\/#\\\/schema\\\/person\\\/d865044e22e70a75174ce8bcad3acfb3\",\"name\":\"La Sentinelle\",\"image\":{\"@type\":\"ImageObject\",\"inLanguage\":\"fr-FR\",\"@id\":\"https:\\\/\\\/secure.gravatar.com\\\/avatar\\\/57de8e5d4b15d43fb361a71fbb36338450fe67865b528a43dd10ef7c51a20392?s=96&d=mm&r=g\",\"url\":\"https:\\\/\\\/secure.gravatar.com\\\/avatar\\\/57de8e5d4b15d43fb361a71fbb36338450fe67865b528a43dd10ef7c51a20392?s=96&d=mm&r=g\",\"contentUrl\":\"https:\\\/\\\/secure.gravatar.com\\\/avatar\\\/57de8e5d4b15d43fb361a71fbb36338450fe67865b528a43dd10ef7c51a20392?s=96&d=mm&r=g\",\"caption\":\"La Sentinelle\"},\"sameAs\":[\"http:\\\/\\\/www.lasentinelle.dz\"],\"url\":\"https:\\\/\\\/lasentinelle.dz\\\/author\\\/redaction\\\/\"}]}<\/script>\n<!-- \/ Yoast SEO plugin. -->","yoast_head_json":{"title":"Championnat arabe de natation \u00ab\u00a0Oran-2022\u00a0\u00bb\u00a0: La s\u00e9lection nationale termine \u00e0 la 2e place - La Sentinelle","robots":{"index":"index","follow":"follow","max-snippet":"max-snippet:-1","max-image-preview":"max-image-preview:large","max-video-preview":"max-video-preview:-1"},"canonical":"https:\/\/lasentinelle.dz\/index.php\/2022\/07\/25\/championnat-arabe-de-natation-oran-2022-la-selection-nationale-termine-a-la-2e-place\/","og_locale":"fr_FR","og_type":"article","og_title":"Championnat arabe de natation \u00ab\u00a0Oran-2022\u00a0\u00bb\u00a0: La s\u00e9lection nationale termine \u00e0 la 2e place - La Sentinelle","og_description":"Dans ce rendez-vous, l\u2019Alg\u00e9rie a glan\u00e9 14 m\u00e9dailles en or, 18 en argent et 13 en bronze. La s\u00e9lection alg\u00e9rienne","og_url":"https:\/\/lasentinelle.dz\/index.php\/2022\/07\/25\/championnat-arabe-de-natation-oran-2022-la-selection-nationale-termine-a-la-2e-place\/","og_site_name":"La Sentinelle","article_publisher":"https:\/\/www.facebook.com\/La-Sentinelle-104059864394773","article_published_time":"2022-07-24T23:01:00+00:00","og_image":[{"width":2048,"height":1360,"url":"https:\/\/lasentinelle.dz\/wp-content\/uploads\/2022\/07\/natation-1.jpg","type":"image\/jpeg"}],"author":"La Sentinelle","twitter_card":"summary_large_image","twitter_misc":{"\u00c9crit par":"La Sentinelle","Dur\u00e9e de lecture estim\u00e9e":"3 minutes"},"schema":{"@context":"https:\/\/schema.org","@graph":[{"@type":"Article","@id":"https:\/\/lasentinelle.dz\/index.php\/2022\/07\/25\/championnat-arabe-de-natation-oran-2022-la-selection-nationale-termine-a-la-2e-place\/#article","isPartOf":{"@id":"https:\/\/lasentinelle.dz\/index.php\/2022\/07\/25\/championnat-arabe-de-natation-oran-2022-la-selection-nationale-termine-a-la-2e-place\/"},"author":{"name":"La Sentinelle","@id":"https:\/\/lasentinelle.dz\/#\/schema\/person\/d865044e22e70a75174ce8bcad3acfb3"},"headline":"Championnat arabe de natation \u00ab\u00a0Oran-2022\u00a0\u00bb\u00a0: La s\u00e9lection nationale termine \u00e0 la 2e place","datePublished":"2022-07-24T23:01:00+00:00","mainEntityOfPage":{"@id":"https:\/\/lasentinelle.dz\/index.php\/2022\/07\/25\/championnat-arabe-de-natation-oran-2022-la-selection-nationale-termine-a-la-2e-place\/"},"wordCount":522,"commentCount":0,"publisher":{"@id":"https:\/\/lasentinelle.dz\/#organization"},"image":{"@id":"https:\/\/lasentinelle.dz\/index.php\/2022\/07\/25\/championnat-arabe-de-natation-oran-2022-la-selection-nationale-termine-a-la-2e-place\/#primaryimage"},"thumbnailUrl":"https:\/\/lasentinelle.dz\/wp-content\/uploads\/2022\/07\/natation-1.jpg","articleSection":["Sports"],"inLanguage":"fr-FR","potentialAction":[{"@type":"CommentAction","name":"Comment","target":["https:\/\/lasentinelle.dz\/index.php\/2022\/07\/25\/championnat-arabe-de-natation-oran-2022-la-selection-nationale-termine-a-la-2e-place\/#respond"]}]},{"@type":"WebPage","@id":"https:\/\/lasentinelle.dz\/index.php\/2022\/07\/25\/championnat-arabe-de-natation-oran-2022-la-selection-nationale-termine-a-la-2e-place\/","url":"https:\/\/lasentinelle.dz\/index.php\/2022\/07\/25\/championnat-arabe-de-natation-oran-2022-la-selection-nationale-termine-a-la-2e-place\/","name":"Championnat arabe de natation \u00ab\u00a0Oran-2022\u00a0\u00bb\u00a0: La s\u00e9lection nationale termine \u00e0 la 2e place - La Sentinelle","isPartOf":{"@id":"https:\/\/lasentinelle.dz\/#website"},"primaryImageOfPage":{"@id":"https:\/\/lasentinelle.dz\/index.php\/2022\/07\/25\/championnat-arabe-de-natation-oran-2022-la-selection-nationale-termine-a-la-2e-place\/#primaryimage"},"image":{"@id":"https:\/\/lasentinelle.dz\/index.php\/2022\/07\/25\/championnat-arabe-de-natation-oran-2022-la-selection-nationale-termine-a-la-2e-place\/#primaryimage"},"thumbnailUrl":"https:\/\/lasentinelle.dz\/wp-content\/uploads\/2022\/07\/natation-1.jpg","datePublished":"2022-07-24T23:01:00+00:00","breadcrumb":{"@id":"https:\/\/lasentinelle.dz\/index.php\/2022\/07\/25\/championnat-arabe-de-natation-oran-2022-la-selection-nationale-termine-a-la-2e-place\/#breadcrumb"},"inLanguage":"fr-FR","potentialAction":[{"@type":"ReadAction","target":["https:\/\/lasentinelle.dz\/index.php\/2022\/07\/25\/championnat-arabe-de-natation-oran-2022-la-selection-nationale-termine-a-la-2e-place\/"]}]},{"@type":"ImageObject","inLanguage":"fr-FR","@id":"https:\/\/lasentinelle.dz\/index.php\/2022\/07\/25\/championnat-arabe-de-natation-oran-2022-la-selection-nationale-termine-a-la-2e-place\/#primaryimage","url":"https:\/\/lasentinelle.dz\/wp-content\/uploads\/2022\/07\/natation-1.jpg","contentUrl":"https:\/\/lasentinelle.dz\/wp-content\/uploads\/2022\/07\/natation-1.jpg","width":2048,"height":1360},{"@type":"BreadcrumbList","@id":"https:\/\/lasentinelle.dz\/index.php\/2022\/07\/25\/championnat-arabe-de-natation-oran-2022-la-selection-nationale-termine-a-la-2e-place\/#breadcrumb","itemListElement":[{"@type":"ListItem","position":1,"name":"Accueil","item":"https:\/\/lasentinelle.dz\/"},{"@type":"ListItem","position":2,"name":"Championnat arabe de natation \u00ab\u00a0Oran-2022\u00a0\u00bb\u00a0: La s\u00e9lection nationale termine \u00e0 la 2e place"}]},{"@type":"WebSite","@id":"https:\/\/lasentinelle.dz\/#website","url":"https:\/\/lasentinelle.dz\/","name":"La Sentinelle","description":"Quotidien national d&#039;information","publisher":{"@id":"https:\/\/lasentinelle.dz\/#organization"},"potentialAction":[{"@type":"SearchAction","target":{"@type":"EntryPoint","urlTemplate":"https:\/\/lasentinelle.dz\/?s={search_term_string}"},"query-input":{"@type":"PropertyValueSpecification","valueRequired":true,"valueName":"search_term_string"}}],"inLanguage":"fr-FR"},{"@type":"Organization","@id":"https:\/\/lasentinelle.dz\/#organization","name":"Quotidien La Sentinelle","url":"https:\/\/lasentinelle.dz\/","logo":{"@type":"ImageObject","inLanguage":"fr-FR","@id":"https:\/\/lasentinelle.dz\/#\/schema\/logo\/image\/","url":"https:\/\/lasentinelle.dz\/wp-content\/uploads\/2021\/09\/logo-sentinelleSLOGAN-1.png","contentUrl":"https:\/\/lasentinelle.dz\/wp-content\/uploads\/2021\/09\/logo-sentinelleSLOGAN-1.png","width":615,"height":142,"caption":"Quotidien La Sentinelle"},"image":{"@id":"https:\/\/lasentinelle.dz\/#\/schema\/logo\/image\/"},"sameAs":["https:\/\/www.facebook.com\/La-Sentinelle-104059864394773"]},{"@type":"Person","@id":"https:\/\/lasentinelle.dz\/#\/schema\/person\/d865044e22e70a75174ce8bcad3acfb3","name":"La Sentinelle","image":{"@type":"ImageObject","inLanguage":"fr-FR","@id":"https:\/\/secure.gravatar.com\/avatar\/57de8e5d4b15d43fb361a71fbb36338450fe67865b528a43dd10ef7c51a20392?s=96&d=mm&r=g","url":"https:\/\/secure.gravatar.com\/avatar\/57de8e5d4b15d43fb361a71fbb36338450fe67865b528a43dd10ef7c51a20392?s=96&d=mm&r=g","contentUrl":"https:\/\/secure.gravatar.com\/avatar\/57de8e5d4b15d43fb361a71fbb36338450fe67865b528a43dd10ef7c51a20392?s=96&d=mm&r=g","caption":"La Sentinelle"},"sameAs":["http:\/\/www.lasentinelle.dz"],"url":"https:\/\/lasentinelle.dz\/author\/redaction\/"}]}},"_links":{"self":[{"href":"https:\/\/lasentinelle.dz\/index.php\/wp-json\/wp\/v2\/posts\/24604","targetHints":{"allow":["GET"]}}],"collection":[{"href":"https:\/\/lasentinelle.dz\/index.php\/wp-json\/wp\/v2\/posts"}],"about":[{"href":"https:\/\/lasentinelle.dz\/index.php\/wp-json\/wp\/v2\/types\/post"}],"author":[{"embeddable":true,"href":"https:\/\/lasentinelle.dz\/index.php\/wp-json\/wp\/v2\/users\/3"}],"replies":[{"embeddable":true,"href":"https:\/\/lasentinelle.dz\/index.php\/wp-json\/wp\/v2\/comments?post=24604"}],"version-history":[{"count":1,"href":"https:\/\/lasentinelle.dz\/index.php\/wp-json\/wp\/v2\/posts\/24604\/revisions"}],"predecessor-version":[{"id":24614,"href":"https:\/\/lasentinelle.dz\/index.php\/wp-json\/wp\/v2\/posts\/24604\/revisions\/24614"}],"wp:featuredmedia":[{"embeddable":true,"href":"https:\/\/lasentinelle.dz\/index.php\/wp-json\/wp\/v2\/media\/24613"}],"wp:attachment":[{"href":"https:\/\/lasentinelle.dz\/index.php\/wp-json\/wp\/v2\/media?parent=24604"}],"wp:term":[{"taxonomy":"category","embeddable":true,"href":"https:\/\/lasentinelle.dz\/index.php\/wp-json\/wp\/v2\/categories?post=24604"},{"taxonomy":"post_tag","embeddable":true,"href":"https:\/\/lasentinelle.dz\/index.php\/wp-json\/wp\/v2\/tags?post=24604"}],"curies":[{"name":"wp","href":"https:\/\/api.w.org\/{rel}","templated":true}]}}