{"id":24618,"date":"2022-07-25T00:01:00","date_gmt":"2022-07-24T23:01:00","guid":{"rendered":"https:\/\/lasentinelle.dz\/?p=24618"},"modified":"2022-07-24T19:51:42","modified_gmt":"2022-07-24T18:51:42","slug":"lutte-contre-les-incendies-les-techniques-spatiales-a-la-rescousse","status":"publish","type":"post","link":"https:\/\/lasentinelle.dz\/index.php\/2022\/07\/25\/lutte-contre-les-incendies-les-techniques-spatiales-a-la-rescousse\/","title":{"rendered":"Lutte contre les incendies\u00a0: Les techniques spatiales \u00e0 la rescousse"},"content":{"rendered":"\n<p>\u00abLes conservations des for\u00eats&nbsp; au niveau des 40 wilayas ont mobilis\u00e9 tous les moyens pour la lutte contre les incendies\u00bb, a affirm\u00e9 le Directeur g\u00e9n\u00e9ral des For\u00eats, Djamel Touahria. S\u2019exprimant sur les ondes de la cha\u00eene 1 de la Radio nationale, M. Touahria a indiqu\u00e9 que \u00ables r\u00e9ponses et les interventions des services des for\u00eats au moindre incendie seront \u00e0 la fois&nbsp; importants et tr\u00e8s imm\u00e9diates\u00bb, expliquant que \u00abnous avons tir\u00e9 d\u2019importants enseignements lors de nos pr\u00e9c\u00e9dentes exp\u00e9riences&nbsp; lesquelles nous ont appris que plus l\u2019intervention est rapide plus les d\u00e9g\u00e2ts sont limit\u00e9\u00bb. \u00abLa c\u00e9l\u00e9rit\u00e9 observ\u00e9e dans les interventions nous \u00e9vite les catastrophes\u00bb, a-t-il expliqu\u00e9. Abordant la question li\u00e9e l\u2019utilisation des techniques num\u00e9riques dans la lutte contre les incendies, notamment en ce qui concerne l\u2019\u00e9change rapide des informations, l\u2019invit\u00e9 de la Radio a indiqu\u00e9 que \u00abnous travaillons avec l\u2019Agence spatiale Alg\u00e9rienne. Celle-cidoit nous exposer, ce mercredi, les nouveaux outils techniques nous permettant de conna\u00eetre, avec exactitude et \u00e0 l\u2019aide du satellite, les lieux dans lesquels nous pouvons intervenir \u00bb. Il rappelle aussi que \u00ables moyens dont nous disposons actuellement nous permettent de d\u00e9velopper l\u2019ensemble des solutions et les m\u00e9canismes entrant dans le cadre de la lutte contre les incendies\u00bb. Le Directeur g\u00e9n\u00e9ral des for\u00eats a, par ailleurs, annonc\u00e9 \u00ab la lev\u00e9e du gel pour l\u2019acquisition des certains outils que nous allons acqu\u00e9rir le mois prochain\u00bb. De ce fait, a-t-il ajout\u00e9 \u00abnous allons \u00e9quiper les conservations des for\u00eats\u00bb. Il indique que \u00abla lutte contre les incendies sera scientifiquement accompagn\u00e9e, \u00e0 commencer par la localisation des foyers des incendies, les endroits ou l\u2019on peut intervenir, les sources d\u2019eau pour l\u2019extinction, en plus de mettre en place des moyens permettant les interventions des agents de la Protection civile\u00bb. \u00abTout est organis\u00e9 au niveau local, en plus de la disponibilit\u00e9 des moyens au niveau des conservations des wilayas en charge des for\u00eats et au niveau de la Protection civile\u00bb, a-t-il expliqu\u00e9, soulignant \u00abl\u2019importance de l\u2019intervention au temps z\u00e9ro ou encore lors du d\u00e9part du foyer d\u2019incendie, en plus de la transmission du renseignement du niveau local au niveau central et vis versa, d\u2019o\u00f9 l\u2019efficacit\u00e9 dans l\u2019intervention\u00bb. Le Directeur g\u00e9n\u00e9ral de forets est revenu sur le nouveau programme de lutte contre les incendies de for\u00eats, int\u00e9grant plusieurs secteurs. Ce dernier implique, selon l\u2019invit\u00e9 de la radio,&nbsp; plusieurs institutions comme la Gendarmerie nationale et la Protection civile et ce, dans le cadre d\u2019une commission mise en place&nbsp; pour &nbsp;la protection des for\u00eats. \u00abLes membres de cette commission ont entre autres \u00e9t\u00e9 form\u00e9s pour conna\u00eetre les v\u00e9ritables raisons ayant provoqu\u00e9 le d\u00e9part des incendies \u00bb, a fait remarquer le Directeur g\u00e9n\u00e9ral des for\u00eats, rappelant que \u00ab la commission nationale de protection des for\u00eats et de lutte contre les incendies associe 13 secteurs. Fra\u00eechement mise en place, elle est pr\u00e9sid\u00e9e par le ministre de l\u2019Agriculture et de D\u00e9veloppement rural\u00bb. Le Barrage vert, qui couvre une surface bois\u00e9e de 3 millions hectares, soit 18% de sa superficie globalea \u00e9galement \u00e9t\u00e9 \u00e9voqu\u00e9. \u00abLe nouveau programme pr\u00e9voit son extension de l\u2019ordre d\u2019un million hectares, le but \u00e9tant de stopper l\u2019avanc\u00e9e du d\u00e9sert\u00bb, a d\u00e9clar\u00e9 Djamel Touahria. \u00ab&nbsp;Dans la nouvelle strat\u00e9gie, nous avons d\u00e9ploy\u00e9 13 cadres au niveau des wilayas travers\u00e9es par le barrage vert, qui ont \u00e9labor\u00e9 un point sur la situation actuelle dudit barrage et pris en compte tous les programmes ayant cibl\u00e9 ce projet (le barrage Vert) depuis son lancement \u00e0 ce jour\u00bb, a-t-il expliqu\u00e9. \u00abNous avons identifier les types d\u2019arbres qui peuvent \u00eatre plant\u00e9s, lesquels peuvent \u00eatre b\u00e9n\u00e9fiques pour les habitants, en plus de leur rendement \u00e9conomique\u00bb, a-t- il indiqu\u00e9.<\/p>\n\n\n\n<p><strong>Amar malki<\/strong><\/p>\n","protected":false},"excerpt":{"rendered":"<p>\u00abLes conservations des for\u00eats&nbsp; au niveau des 40 wilayas ont mobilis\u00e9 tous les moyens pour la lutte contre les incendies\u00bb,<\/p>\n","protected":false},"author":3,"featured_media":24622,"comment_status":"open","ping_status":"closed","sticky":false,"template":"","format":"standard","meta":{"colormag_page_container_layout":"default_layout","colormag_page_sidebar_layout":"default_layout","om_disable_all_campaigns":false,"_monsterinsights_skip_tracking":false,"_monsterinsights_sitenote_active":false,"_monsterinsights_sitenote_note":"","_monsterinsights_sitenote_category":0,"footnotes":"","_wpscppro_dont_share_socialmedia":false,"_wpscppro_custom_social_share_image":0,"_facebook_share_type":"","_twitter_share_type":"","_linkedin_share_type":"","_pinterest_share_type":"","_linkedin_share_type_page":"","_instagram_share_type":"","_medium_share_type":"","_threads_share_type":"","_google_business_share_type":"","_selected_social_profile":[],"_wpsp_enable_custom_social_template":false,"_wpsp_social_scheduling":{"enabled":false,"datetime":null,"platforms":[],"status":"template_only","dateOption":"today","timeOption":"now","customDays":"","customHours":"","customDate":"","customTime":"","schedulingType":"absolute"},"_wpsp_active_default_template":true},"categories":[27],"tags":[],"class_list":["post-24618","post","type-post","status-publish","format-standard","has-post-thumbnail","hentry","category-actualite"],"aioseo_notices":[],"yoast_head":"<!-- This site is optimized with the Yoast SEO plugin v27.5 - https:\/\/yoast.com\/product\/yoast-seo-wordpress\/ -->\n<title>Lutte contre les incendies\u00a0: Les techniques spatiales \u00e0 la rescousse - La Sentinelle<\/title>\n<meta name=\"robots\" content=\"index, follow, max-snippet:-1, max-image-preview:large, max-video-preview:-1\" \/>\n<link rel=\"canonical\" href=\"https:\/\/lasentinelle.dz\/index.php\/2022\/07\/25\/lutte-contre-les-incendies-les-techniques-spatiales-a-la-rescousse\/\" \/>\n<meta property=\"og:locale\" content=\"fr_FR\" \/>\n<meta property=\"og:type\" content=\"article\" \/>\n<meta property=\"og:title\" content=\"Lutte contre les incendies\u00a0: Les techniques spatiales \u00e0 la rescousse - La Sentinelle\" \/>\n<meta property=\"og:description\" content=\"\u00abLes conservations des for\u00eats&nbsp; au niveau des 40 wilayas ont mobilis\u00e9 tous les moyens pour la lutte contre les incendies\u00bb,\" \/>\n<meta property=\"og:url\" content=\"https:\/\/lasentinelle.dz\/index.php\/2022\/07\/25\/lutte-contre-les-incendies-les-techniques-spatiales-a-la-rescousse\/\" \/>\n<meta property=\"og:site_name\" content=\"La Sentinelle\" \/>\n<meta property=\"article:publisher\" content=\"https:\/\/www.facebook.com\/La-Sentinelle-104059864394773\" \/>\n<meta property=\"article:published_time\" content=\"2022-07-24T23:01:00+00:00\" \/>\n<meta property=\"og:image\" content=\"https:\/\/lasentinelle.dz\/wp-content\/uploads\/2022\/07\/php7nnBIx.png\" \/>\n\t<meta property=\"og:image:width\" content=\"1600\" \/>\n\t<meta property=\"og:image:height\" content=\"900\" \/>\n\t<meta property=\"og:image:type\" content=\"image\/png\" \/>\n<meta name=\"author\" content=\"La Sentinelle\" \/>\n<meta name=\"twitter:card\" content=\"summary_large_image\" \/>\n<meta name=\"twitter:label1\" content=\"\u00c9crit par\" \/>\n\t<meta name=\"twitter:data1\" content=\"La Sentinelle\" \/>\n\t<meta name=\"twitter:label2\" content=\"Dur\u00e9e de lecture estim\u00e9e\" \/>\n\t<meta name=\"twitter:data2\" content=\"4 minutes\" \/>\n<script type=\"application\/ld+json\" class=\"yoast-schema-graph\">{\"@context\":\"https:\\\/\\\/schema.org\",\"@graph\":[{\"@type\":\"Article\",\"@id\":\"https:\\\/\\\/lasentinelle.dz\\\/index.php\\\/2022\\\/07\\\/25\\\/lutte-contre-les-incendies-les-techniques-spatiales-a-la-rescousse\\\/#article\",\"isPartOf\":{\"@id\":\"https:\\\/\\\/lasentinelle.dz\\\/index.php\\\/2022\\\/07\\\/25\\\/lutte-contre-les-incendies-les-techniques-spatiales-a-la-rescousse\\\/\"},\"author\":{\"name\":\"La Sentinelle\",\"@id\":\"https:\\\/\\\/lasentinelle.dz\\\/#\\\/schema\\\/person\\\/d865044e22e70a75174ce8bcad3acfb3\"},\"headline\":\"Lutte contre les incendies\u00a0: Les techniques spatiales \u00e0 la rescousse\",\"datePublished\":\"2022-07-24T23:01:00+00:00\",\"mainEntityOfPage\":{\"@id\":\"https:\\\/\\\/lasentinelle.dz\\\/index.php\\\/2022\\\/07\\\/25\\\/lutte-contre-les-incendies-les-techniques-spatiales-a-la-rescousse\\\/\"},\"wordCount\":682,\"commentCount\":0,\"publisher\":{\"@id\":\"https:\\\/\\\/lasentinelle.dz\\\/#organization\"},\"image\":{\"@id\":\"https:\\\/\\\/lasentinelle.dz\\\/index.php\\\/2022\\\/07\\\/25\\\/lutte-contre-les-incendies-les-techniques-spatiales-a-la-rescousse\\\/#primaryimage\"},\"thumbnailUrl\":\"https:\\\/\\\/lasentinelle.dz\\\/wp-content\\\/uploads\\\/2022\\\/07\\\/php7nnBIx.png\",\"articleSection\":[\"Actualit\u00e9\"],\"inLanguage\":\"fr-FR\",\"potentialAction\":[{\"@type\":\"CommentAction\",\"name\":\"Comment\",\"target\":[\"https:\\\/\\\/lasentinelle.dz\\\/index.php\\\/2022\\\/07\\\/25\\\/lutte-contre-les-incendies-les-techniques-spatiales-a-la-rescousse\\\/#respond\"]}]},{\"@type\":\"WebPage\",\"@id\":\"https:\\\/\\\/lasentinelle.dz\\\/index.php\\\/2022\\\/07\\\/25\\\/lutte-contre-les-incendies-les-techniques-spatiales-a-la-rescousse\\\/\",\"url\":\"https:\\\/\\\/lasentinelle.dz\\\/index.php\\\/2022\\\/07\\\/25\\\/lutte-contre-les-incendies-les-techniques-spatiales-a-la-rescousse\\\/\",\"name\":\"Lutte contre les incendies\u00a0: Les techniques spatiales \u00e0 la rescousse - La Sentinelle\",\"isPartOf\":{\"@id\":\"https:\\\/\\\/lasentinelle.dz\\\/#website\"},\"primaryImageOfPage\":{\"@id\":\"https:\\\/\\\/lasentinelle.dz\\\/index.php\\\/2022\\\/07\\\/25\\\/lutte-contre-les-incendies-les-techniques-spatiales-a-la-rescousse\\\/#primaryimage\"},\"image\":{\"@id\":\"https:\\\/\\\/lasentinelle.dz\\\/index.php\\\/2022\\\/07\\\/25\\\/lutte-contre-les-incendies-les-techniques-spatiales-a-la-rescousse\\\/#primaryimage\"},\"thumbnailUrl\":\"https:\\\/\\\/lasentinelle.dz\\\/wp-content\\\/uploads\\\/2022\\\/07\\\/php7nnBIx.png\",\"datePublished\":\"2022-07-24T23:01:00+00:00\",\"breadcrumb\":{\"@id\":\"https:\\\/\\\/lasentinelle.dz\\\/index.php\\\/2022\\\/07\\\/25\\\/lutte-contre-les-incendies-les-techniques-spatiales-a-la-rescousse\\\/#breadcrumb\"},\"inLanguage\":\"fr-FR\",\"potentialAction\":[{\"@type\":\"ReadAction\",\"target\":[\"https:\\\/\\\/lasentinelle.dz\\\/index.php\\\/2022\\\/07\\\/25\\\/lutte-contre-les-incendies-les-techniques-spatiales-a-la-rescousse\\\/\"]}]},{\"@type\":\"ImageObject\",\"inLanguage\":\"fr-FR\",\"@id\":\"https:\\\/\\\/lasentinelle.dz\\\/index.php\\\/2022\\\/07\\\/25\\\/lutte-contre-les-incendies-les-techniques-spatiales-a-la-rescousse\\\/#primaryimage\",\"url\":\"https:\\\/\\\/lasentinelle.dz\\\/wp-content\\\/uploads\\\/2022\\\/07\\\/php7nnBIx.png\",\"contentUrl\":\"https:\\\/\\\/lasentinelle.dz\\\/wp-content\\\/uploads\\\/2022\\\/07\\\/php7nnBIx.png\",\"width\":1600,\"height\":900},{\"@type\":\"BreadcrumbList\",\"@id\":\"https:\\\/\\\/lasentinelle.dz\\\/index.php\\\/2022\\\/07\\\/25\\\/lutte-contre-les-incendies-les-techniques-spatiales-a-la-rescousse\\\/#breadcrumb\",\"itemListElement\":[{\"@type\":\"ListItem\",\"position\":1,\"name\":\"Accueil\",\"item\":\"https:\\\/\\\/lasentinelle.dz\\\/\"},{\"@type\":\"ListItem\",\"position\":2,\"name\":\"Lutte contre les incendies\u00a0: Les techniques spatiales \u00e0 la rescousse\"}]},{\"@type\":\"WebSite\",\"@id\":\"https:\\\/\\\/lasentinelle.dz\\\/#website\",\"url\":\"https:\\\/\\\/lasentinelle.dz\\\/\",\"name\":\"La Sentinelle\",\"description\":\"Quotidien national d&#039;information\",\"publisher\":{\"@id\":\"https:\\\/\\\/lasentinelle.dz\\\/#organization\"},\"potentialAction\":[{\"@type\":\"SearchAction\",\"target\":{\"@type\":\"EntryPoint\",\"urlTemplate\":\"https:\\\/\\\/lasentinelle.dz\\\/?s={search_term_string}\"},\"query-input\":{\"@type\":\"PropertyValueSpecification\",\"valueRequired\":true,\"valueName\":\"search_term_string\"}}],\"inLanguage\":\"fr-FR\"},{\"@type\":\"Organization\",\"@id\":\"https:\\\/\\\/lasentinelle.dz\\\/#organization\",\"name\":\"Quotidien La Sentinelle\",\"url\":\"https:\\\/\\\/lasentinelle.dz\\\/\",\"logo\":{\"@type\":\"ImageObject\",\"inLanguage\":\"fr-FR\",\"@id\":\"https:\\\/\\\/lasentinelle.dz\\\/#\\\/schema\\\/logo\\\/image\\\/\",\"url\":\"https:\\\/\\\/lasentinelle.dz\\\/wp-content\\\/uploads\\\/2021\\\/09\\\/logo-sentinelleSLOGAN-1.png\",\"contentUrl\":\"https:\\\/\\\/lasentinelle.dz\\\/wp-content\\\/uploads\\\/2021\\\/09\\\/logo-sentinelleSLOGAN-1.png\",\"width\":615,\"height\":142,\"caption\":\"Quotidien La Sentinelle\"},\"image\":{\"@id\":\"https:\\\/\\\/lasentinelle.dz\\\/#\\\/schema\\\/logo\\\/image\\\/\"},\"sameAs\":[\"https:\\\/\\\/www.facebook.com\\\/La-Sentinelle-104059864394773\"]},{\"@type\":\"Person\",\"@id\":\"https:\\\/\\\/lasentinelle.dz\\\/#\\\/schema\\\/person\\\/d865044e22e70a75174ce8bcad3acfb3\",\"name\":\"La Sentinelle\",\"image\":{\"@type\":\"ImageObject\",\"inLanguage\":\"fr-FR\",\"@id\":\"https:\\\/\\\/secure.gravatar.com\\\/avatar\\\/57de8e5d4b15d43fb361a71fbb36338450fe67865b528a43dd10ef7c51a20392?s=96&d=mm&r=g\",\"url\":\"https:\\\/\\\/secure.gravatar.com\\\/avatar\\\/57de8e5d4b15d43fb361a71fbb36338450fe67865b528a43dd10ef7c51a20392?s=96&d=mm&r=g\",\"contentUrl\":\"https:\\\/\\\/secure.gravatar.com\\\/avatar\\\/57de8e5d4b15d43fb361a71fbb36338450fe67865b528a43dd10ef7c51a20392?s=96&d=mm&r=g\",\"caption\":\"La Sentinelle\"},\"sameAs\":[\"http:\\\/\\\/www.lasentinelle.dz\"],\"url\":\"https:\\\/\\\/lasentinelle.dz\\\/author\\\/redaction\\\/\"}]}<\/script>\n<!-- \/ Yoast SEO plugin. -->","yoast_head_json":{"title":"Lutte contre les incendies\u00a0: Les techniques spatiales \u00e0 la rescousse - La Sentinelle","robots":{"index":"index","follow":"follow","max-snippet":"max-snippet:-1","max-image-preview":"max-image-preview:large","max-video-preview":"max-video-preview:-1"},"canonical":"https:\/\/lasentinelle.dz\/index.php\/2022\/07\/25\/lutte-contre-les-incendies-les-techniques-spatiales-a-la-rescousse\/","og_locale":"fr_FR","og_type":"article","og_title":"Lutte contre les incendies\u00a0: Les techniques spatiales \u00e0 la rescousse - La Sentinelle","og_description":"\u00abLes conservations des for\u00eats&nbsp; au niveau des 40 wilayas ont mobilis\u00e9 tous les moyens pour la lutte contre les incendies\u00bb,","og_url":"https:\/\/lasentinelle.dz\/index.php\/2022\/07\/25\/lutte-contre-les-incendies-les-techniques-spatiales-a-la-rescousse\/","og_site_name":"La Sentinelle","article_publisher":"https:\/\/www.facebook.com\/La-Sentinelle-104059864394773","article_published_time":"2022-07-24T23:01:00+00:00","og_image":[{"width":1600,"height":900,"url":"https:\/\/lasentinelle.dz\/wp-content\/uploads\/2022\/07\/php7nnBIx.png","type":"image\/png"}],"author":"La Sentinelle","twitter_card":"summary_large_image","twitter_misc":{"\u00c9crit par":"La Sentinelle","Dur\u00e9e de lecture estim\u00e9e":"4 minutes"},"schema":{"@context":"https:\/\/schema.org","@graph":[{"@type":"Article","@id":"https:\/\/lasentinelle.dz\/index.php\/2022\/07\/25\/lutte-contre-les-incendies-les-techniques-spatiales-a-la-rescousse\/#article","isPartOf":{"@id":"https:\/\/lasentinelle.dz\/index.php\/2022\/07\/25\/lutte-contre-les-incendies-les-techniques-spatiales-a-la-rescousse\/"},"author":{"name":"La Sentinelle","@id":"https:\/\/lasentinelle.dz\/#\/schema\/person\/d865044e22e70a75174ce8bcad3acfb3"},"headline":"Lutte contre les incendies\u00a0: Les techniques spatiales \u00e0 la rescousse","datePublished":"2022-07-24T23:01:00+00:00","mainEntityOfPage":{"@id":"https:\/\/lasentinelle.dz\/index.php\/2022\/07\/25\/lutte-contre-les-incendies-les-techniques-spatiales-a-la-rescousse\/"},"wordCount":682,"commentCount":0,"publisher":{"@id":"https:\/\/lasentinelle.dz\/#organization"},"image":{"@id":"https:\/\/lasentinelle.dz\/index.php\/2022\/07\/25\/lutte-contre-les-incendies-les-techniques-spatiales-a-la-rescousse\/#primaryimage"},"thumbnailUrl":"https:\/\/lasentinelle.dz\/wp-content\/uploads\/2022\/07\/php7nnBIx.png","articleSection":["Actualit\u00e9"],"inLanguage":"fr-FR","potentialAction":[{"@type":"CommentAction","name":"Comment","target":["https:\/\/lasentinelle.dz\/index.php\/2022\/07\/25\/lutte-contre-les-incendies-les-techniques-spatiales-a-la-rescousse\/#respond"]}]},{"@type":"WebPage","@id":"https:\/\/lasentinelle.dz\/index.php\/2022\/07\/25\/lutte-contre-les-incendies-les-techniques-spatiales-a-la-rescousse\/","url":"https:\/\/lasentinelle.dz\/index.php\/2022\/07\/25\/lutte-contre-les-incendies-les-techniques-spatiales-a-la-rescousse\/","name":"Lutte contre les incendies\u00a0: Les techniques spatiales \u00e0 la rescousse - La Sentinelle","isPartOf":{"@id":"https:\/\/lasentinelle.dz\/#website"},"primaryImageOfPage":{"@id":"https:\/\/lasentinelle.dz\/index.php\/2022\/07\/25\/lutte-contre-les-incendies-les-techniques-spatiales-a-la-rescousse\/#primaryimage"},"image":{"@id":"https:\/\/lasentinelle.dz\/index.php\/2022\/07\/25\/lutte-contre-les-incendies-les-techniques-spatiales-a-la-rescousse\/#primaryimage"},"thumbnailUrl":"https:\/\/lasentinelle.dz\/wp-content\/uploads\/2022\/07\/php7nnBIx.png","datePublished":"2022-07-24T23:01:00+00:00","breadcrumb":{"@id":"https:\/\/lasentinelle.dz\/index.php\/2022\/07\/25\/lutte-contre-les-incendies-les-techniques-spatiales-a-la-rescousse\/#breadcrumb"},"inLanguage":"fr-FR","potentialAction":[{"@type":"ReadAction","target":["https:\/\/lasentinelle.dz\/index.php\/2022\/07\/25\/lutte-contre-les-incendies-les-techniques-spatiales-a-la-rescousse\/"]}]},{"@type":"ImageObject","inLanguage":"fr-FR","@id":"https:\/\/lasentinelle.dz\/index.php\/2022\/07\/25\/lutte-contre-les-incendies-les-techniques-spatiales-a-la-rescousse\/#primaryimage","url":"https:\/\/lasentinelle.dz\/wp-content\/uploads\/2022\/07\/php7nnBIx.png","contentUrl":"https:\/\/lasentinelle.dz\/wp-content\/uploads\/2022\/07\/php7nnBIx.png","width":1600,"height":900},{"@type":"BreadcrumbList","@id":"https:\/\/lasentinelle.dz\/index.php\/2022\/07\/25\/lutte-contre-les-incendies-les-techniques-spatiales-a-la-rescousse\/#breadcrumb","itemListElement":[{"@type":"ListItem","position":1,"name":"Accueil","item":"https:\/\/lasentinelle.dz\/"},{"@type":"ListItem","position":2,"name":"Lutte contre les incendies\u00a0: Les techniques spatiales \u00e0 la rescousse"}]},{"@type":"WebSite","@id":"https:\/\/lasentinelle.dz\/#website","url":"https:\/\/lasentinelle.dz\/","name":"La Sentinelle","description":"Quotidien national d&#039;information","publisher":{"@id":"https:\/\/lasentinelle.dz\/#organization"},"potentialAction":[{"@type":"SearchAction","target":{"@type":"EntryPoint","urlTemplate":"https:\/\/lasentinelle.dz\/?s={search_term_string}"},"query-input":{"@type":"PropertyValueSpecification","valueRequired":true,"valueName":"search_term_string"}}],"inLanguage":"fr-FR"},{"@type":"Organization","@id":"https:\/\/lasentinelle.dz\/#organization","name":"Quotidien La Sentinelle","url":"https:\/\/lasentinelle.dz\/","logo":{"@type":"ImageObject","inLanguage":"fr-FR","@id":"https:\/\/lasentinelle.dz\/#\/schema\/logo\/image\/","url":"https:\/\/lasentinelle.dz\/wp-content\/uploads\/2021\/09\/logo-sentinelleSLOGAN-1.png","contentUrl":"https:\/\/lasentinelle.dz\/wp-content\/uploads\/2021\/09\/logo-sentinelleSLOGAN-1.png","width":615,"height":142,"caption":"Quotidien La Sentinelle"},"image":{"@id":"https:\/\/lasentinelle.dz\/#\/schema\/logo\/image\/"},"sameAs":["https:\/\/www.facebook.com\/La-Sentinelle-104059864394773"]},{"@type":"Person","@id":"https:\/\/lasentinelle.dz\/#\/schema\/person\/d865044e22e70a75174ce8bcad3acfb3","name":"La Sentinelle","image":{"@type":"ImageObject","inLanguage":"fr-FR","@id":"https:\/\/secure.gravatar.com\/avatar\/57de8e5d4b15d43fb361a71fbb36338450fe67865b528a43dd10ef7c51a20392?s=96&d=mm&r=g","url":"https:\/\/secure.gravatar.com\/avatar\/57de8e5d4b15d43fb361a71fbb36338450fe67865b528a43dd10ef7c51a20392?s=96&d=mm&r=g","contentUrl":"https:\/\/secure.gravatar.com\/avatar\/57de8e5d4b15d43fb361a71fbb36338450fe67865b528a43dd10ef7c51a20392?s=96&d=mm&r=g","caption":"La Sentinelle"},"sameAs":["http:\/\/www.lasentinelle.dz"],"url":"https:\/\/lasentinelle.dz\/author\/redaction\/"}]}},"_links":{"self":[{"href":"https:\/\/lasentinelle.dz\/index.php\/wp-json\/wp\/v2\/posts\/24618","targetHints":{"allow":["GET"]}}],"collection":[{"href":"https:\/\/lasentinelle.dz\/index.php\/wp-json\/wp\/v2\/posts"}],"about":[{"href":"https:\/\/lasentinelle.dz\/index.php\/wp-json\/wp\/v2\/types\/post"}],"author":[{"embeddable":true,"href":"https:\/\/lasentinelle.dz\/index.php\/wp-json\/wp\/v2\/users\/3"}],"replies":[{"embeddable":true,"href":"https:\/\/lasentinelle.dz\/index.php\/wp-json\/wp\/v2\/comments?post=24618"}],"version-history":[{"count":1,"href":"https:\/\/lasentinelle.dz\/index.php\/wp-json\/wp\/v2\/posts\/24618\/revisions"}],"predecessor-version":[{"id":24625,"href":"https:\/\/lasentinelle.dz\/index.php\/wp-json\/wp\/v2\/posts\/24618\/revisions\/24625"}],"wp:featuredmedia":[{"embeddable":true,"href":"https:\/\/lasentinelle.dz\/index.php\/wp-json\/wp\/v2\/media\/24622"}],"wp:attachment":[{"href":"https:\/\/lasentinelle.dz\/index.php\/wp-json\/wp\/v2\/media?parent=24618"}],"wp:term":[{"taxonomy":"category","embeddable":true,"href":"https:\/\/lasentinelle.dz\/index.php\/wp-json\/wp\/v2\/categories?post=24618"},{"taxonomy":"post_tag","embeddable":true,"href":"https:\/\/lasentinelle.dz\/index.php\/wp-json\/wp\/v2\/tags?post=24618"}],"curies":[{"name":"wp","href":"https:\/\/api.w.org\/{rel}","templated":true}]}}