{"id":24626,"date":"2022-07-25T00:05:00","date_gmt":"2022-07-24T23:05:00","guid":{"rendered":"https:\/\/lasentinelle.dz\/?p=24626"},"modified":"2022-07-24T19:56:34","modified_gmt":"2022-07-24T18:56:34","slug":"maroc-le-roi-mort-vive-la-republique","status":"publish","type":"post","link":"https:\/\/lasentinelle.dz\/index.php\/2022\/07\/25\/maroc-le-roi-mort-vive-la-republique\/","title":{"rendered":"Maroc\u00a0: Le roi mort, vive la R\u00e9publique"},"content":{"rendered":"\n<p>Souffrant et absent depuis quelque temps, le sort du roi Mohamed VI semble \u00eatre scell\u00e9 et avec lui celui du r\u00e9gime monarchique qu\u2019il risque d\u2019emporter avec lui.<\/p>\n\n\n\n<p>Mohamed VI risquerait d\u2019\u00eatre le dernier roi du Maroc. D\u2019ailleurs et si l\u2019id\u00e9e de sa succession ne fait plus l\u2019unanimit\u00e9 au sein d\u2019une large frange de la population marocaine et d\u2019une bonne partie de la classe politique, il est d\u00e9sormais plus question d\u2019une p\u00e9riode de transition qui serait aur\u00e9ol\u00e9e par une constituante qui assurera la transition vers une r\u00e9publique. Certes, les manifestants ne r\u00e9clament pas encore ouvertement un changement de r\u00e9gime et l\u2019abolition de la couronne, mais la question d\u2019une monarchie ne fait plus d\u00e9bat. L\u2019id\u00e9e d\u2019un passage d\u00e9mocratique vers une r\u00e9publique est&nbsp; timidement cultiv\u00e9e en d\u00e9pit du fait qu\u2019elle remonte \u00e0 tr\u00e8s loin, du temps m\u00eame de Mohammed ben Abdelkrim Al-Khattabi devenu pr\u00e9sident de la R\u00e9publique du Rif de 1921 \u00e0 1926. Et ce m\u00eame Rif est rest\u00e9 rebelle et r\u00e9fractaire au r\u00e9gime du Makhzen. En 2017 d\u00e9j\u00e0, les autorit\u00e9s marocaines ont d\u00fb interdire l&rsquo;organisation de manifestations dans les rues d&rsquo;Al-Hoceima \u00e0 l&rsquo;occasion du premier anniversaire du mouvement de contestation \u00ab\u00a0Hirak\u00a0\u00bb dans la r\u00e9gion du Rif. Depuis la r\u00e9gion n\u2019a de cesse de protester contre le palais royal. Une contestation qui s\u2019est \u00e9largie ces derniers mois notamment pour exiger plus de libert\u00e9, une vie meilleure et faire d\u00e9guerpir le gouvernement d\u2019Akhanouche comme ils l\u2019ont fait avec celui d\u2019El Othmani en marque de d\u00e9fi au palais royal. Le Maroc vit d\u00e9sormais une instabilit\u00e9 r\u00e9currente. La normalisation avec l\u2019entit\u00e9 sioniste et l\u2019ouverture du royaume \u00e0 Isra\u00ebl a finit par exc\u00e9der les populations dont l\u2019ancrage musulman les a incit\u00e9 \u00e0 s\u2019\u00e9lever contre cette liaison incestueuse. Tous les ingr\u00e9dients d\u2019une fin de la monarchie semblent pr\u00e9sents pour r\u00e9pondre aux aspirations du peuple marocain.<\/p>\n\n\n\n<p>Et cette id\u00e9e fait d\u00e9bat au sein du royaume ch\u00e9rifien qui semble vivre ses derniers moments. L\u2019apr\u00e8s Mohamed VI commence \u00e0 se dessiner particuli\u00e8rement depuis la maladie du monarque qui a eu \u00e0 subir deux op\u00e9rations sur le c\u0153ur et le fragilisent au point de ne plus pouvoir faire face au moindre soucis de sant\u00e9. Sa r\u00e9cente contamination au covid-19 contract\u00e9 lors de son voyage \u00e0 Paris a n\u00e9cessit\u00e9 son hospitalisation et son retrait de la sc\u00e8ne politique. Des sources affirment que l\u2019entourage imm\u00e9diat du roi, sa famille notamment a du se rendre en extr\u00eame urgence \u00e0 Paris o\u00f9 se trouve le monarque qui aurait m\u00eame succomb\u00e9 \u00e0 sa maladie. Vraie ou fausse information, les r\u00e9seaux sociaux s\u2019enflamment en tout les cas d\u00e9j\u00e0 au point que les internautes entament un d\u00e9bat d\u00e9mocratique aux tendances r\u00e9publicaines en guise d\u2019oraison fun\u00e8bre. L\u2019id\u00e9e d\u2019une R\u00e9publique commence \u00e0 faire son chemin. Une premi\u00e8re dans les annales de l\u2019histoire du Maroc, depuis El Emir Khettabi. Les Marocains semblent quant \u00e0 eux adh\u00e9rer \u00e0 ce projet&nbsp; et n\u2019h\u00e9sitent plus \u00e0 balayer d\u2019un revers de main toute id\u00e9e d\u2019une succession et de s\u2019offrir au jeune et col\u00e9rique prince h\u00e9ritier dont on doute de ses capacit\u00e9s \u00e0 r\u00e9gner sereinement sur le Maroc. L\u2019option d\u2019une constituante tient la route et l\u2019id\u00e9e d\u2019une phase de transition pour pr\u00e9parer l\u2019av\u00e8nement de la 1<sup>re<\/sup> R\u00e9publique du Maroc fait son chemin.<\/p>\n\n\n\n<p><strong>Azzedine Belferag<\/strong><\/p>\n","protected":false},"excerpt":{"rendered":"<p>Souffrant et absent depuis quelque temps, le sort du roi Mohamed VI semble \u00eatre scell\u00e9 et avec lui celui du<\/p>\n","protected":false},"author":2,"featured_media":24631,"comment_status":"open","ping_status":"closed","sticky":false,"template":"","format":"standard","meta":{"colormag_page_container_layout":"default_layout","colormag_page_sidebar_layout":"default_layout","om_disable_all_campaigns":false,"_monsterinsights_skip_tracking":false,"_monsterinsights_sitenote_active":false,"_monsterinsights_sitenote_note":"","_monsterinsights_sitenote_category":0,"footnotes":"","_wpscppro_dont_share_socialmedia":false,"_wpscppro_custom_social_share_image":0,"_facebook_share_type":"","_twitter_share_type":"","_linkedin_share_type":"","_pinterest_share_type":"","_linkedin_share_type_page":"","_instagram_share_type":"","_medium_share_type":"","_threads_share_type":"","_google_business_share_type":"","_selected_social_profile":[],"_wpsp_enable_custom_social_template":false,"_wpsp_social_scheduling":{"enabled":false,"datetime":null,"platforms":[],"status":"template_only","dateOption":"today","timeOption":"now","customDays":"","customHours":"","customDate":"","customTime":"","schedulingType":"absolute"},"_wpsp_active_default_template":true},"categories":[52,27],"tags":[],"class_list":["post-24626","post","type-post","status-publish","format-standard","has-post-thumbnail","hentry","category-a-la-une","category-actualite"],"aioseo_notices":[],"yoast_head":"<!-- This site is optimized with the Yoast SEO plugin v27.5 - https:\/\/yoast.com\/product\/yoast-seo-wordpress\/ -->\n<title>Maroc\u00a0: Le roi mort, vive la R\u00e9publique - La Sentinelle<\/title>\n<meta name=\"robots\" content=\"index, follow, max-snippet:-1, max-image-preview:large, max-video-preview:-1\" \/>\n<link rel=\"canonical\" href=\"https:\/\/lasentinelle.dz\/index.php\/2022\/07\/25\/maroc-le-roi-mort-vive-la-republique\/\" \/>\n<meta property=\"og:locale\" content=\"fr_FR\" \/>\n<meta property=\"og:type\" content=\"article\" \/>\n<meta property=\"og:title\" content=\"Maroc\u00a0: Le roi mort, vive la R\u00e9publique - La Sentinelle\" \/>\n<meta property=\"og:description\" content=\"Souffrant et absent depuis quelque temps, le sort du roi Mohamed VI semble \u00eatre scell\u00e9 et avec lui celui du\" \/>\n<meta property=\"og:url\" content=\"https:\/\/lasentinelle.dz\/index.php\/2022\/07\/25\/maroc-le-roi-mort-vive-la-republique\/\" \/>\n<meta property=\"og:site_name\" content=\"La Sentinelle\" \/>\n<meta property=\"article:publisher\" content=\"https:\/\/www.facebook.com\/La-Sentinelle-104059864394773\" \/>\n<meta property=\"article:published_time\" content=\"2022-07-24T23:05:00+00:00\" \/>\n<meta property=\"og:image\" content=\"https:\/\/lasentinelle.dz\/wp-content\/uploads\/2022\/07\/M6.png\" \/>\n\t<meta property=\"og:image:width\" content=\"1351\" \/>\n\t<meta property=\"og:image:height\" content=\"900\" \/>\n\t<meta property=\"og:image:type\" content=\"image\/png\" \/>\n<meta name=\"author\" content=\"Azzedine Belferag\" \/>\n<meta name=\"twitter:card\" content=\"summary_large_image\" \/>\n<meta name=\"twitter:label1\" content=\"\u00c9crit par\" \/>\n\t<meta name=\"twitter:data1\" content=\"Azzedine Belferag\" \/>\n\t<meta name=\"twitter:label2\" content=\"Dur\u00e9e de lecture estim\u00e9e\" \/>\n\t<meta name=\"twitter:data2\" content=\"3 minutes\" \/>\n<script type=\"application\/ld+json\" class=\"yoast-schema-graph\">{\"@context\":\"https:\\\/\\\/schema.org\",\"@graph\":[{\"@type\":\"Article\",\"@id\":\"https:\\\/\\\/lasentinelle.dz\\\/index.php\\\/2022\\\/07\\\/25\\\/maroc-le-roi-mort-vive-la-republique\\\/#article\",\"isPartOf\":{\"@id\":\"https:\\\/\\\/lasentinelle.dz\\\/index.php\\\/2022\\\/07\\\/25\\\/maroc-le-roi-mort-vive-la-republique\\\/\"},\"author\":{\"name\":\"Azzedine Belferag\",\"@id\":\"https:\\\/\\\/lasentinelle.dz\\\/#\\\/schema\\\/person\\\/e22c868643946ece5f328ac9d185b29f\"},\"headline\":\"Maroc\u00a0: Le roi mort, vive la R\u00e9publique\",\"datePublished\":\"2022-07-24T23:05:00+00:00\",\"mainEntityOfPage\":{\"@id\":\"https:\\\/\\\/lasentinelle.dz\\\/index.php\\\/2022\\\/07\\\/25\\\/maroc-le-roi-mort-vive-la-republique\\\/\"},\"wordCount\":630,\"commentCount\":0,\"publisher\":{\"@id\":\"https:\\\/\\\/lasentinelle.dz\\\/#organization\"},\"image\":{\"@id\":\"https:\\\/\\\/lasentinelle.dz\\\/index.php\\\/2022\\\/07\\\/25\\\/maroc-le-roi-mort-vive-la-republique\\\/#primaryimage\"},\"thumbnailUrl\":\"https:\\\/\\\/lasentinelle.dz\\\/wp-content\\\/uploads\\\/2022\\\/07\\\/M6.png\",\"articleSection\":[\"\u00c0 la Une\",\"Actualit\u00e9\"],\"inLanguage\":\"fr-FR\",\"potentialAction\":[{\"@type\":\"CommentAction\",\"name\":\"Comment\",\"target\":[\"https:\\\/\\\/lasentinelle.dz\\\/index.php\\\/2022\\\/07\\\/25\\\/maroc-le-roi-mort-vive-la-republique\\\/#respond\"]}]},{\"@type\":\"WebPage\",\"@id\":\"https:\\\/\\\/lasentinelle.dz\\\/index.php\\\/2022\\\/07\\\/25\\\/maroc-le-roi-mort-vive-la-republique\\\/\",\"url\":\"https:\\\/\\\/lasentinelle.dz\\\/index.php\\\/2022\\\/07\\\/25\\\/maroc-le-roi-mort-vive-la-republique\\\/\",\"name\":\"Maroc\u00a0: Le roi mort, vive la R\u00e9publique - La Sentinelle\",\"isPartOf\":{\"@id\":\"https:\\\/\\\/lasentinelle.dz\\\/#website\"},\"primaryImageOfPage\":{\"@id\":\"https:\\\/\\\/lasentinelle.dz\\\/index.php\\\/2022\\\/07\\\/25\\\/maroc-le-roi-mort-vive-la-republique\\\/#primaryimage\"},\"image\":{\"@id\":\"https:\\\/\\\/lasentinelle.dz\\\/index.php\\\/2022\\\/07\\\/25\\\/maroc-le-roi-mort-vive-la-republique\\\/#primaryimage\"},\"thumbnailUrl\":\"https:\\\/\\\/lasentinelle.dz\\\/wp-content\\\/uploads\\\/2022\\\/07\\\/M6.png\",\"datePublished\":\"2022-07-24T23:05:00+00:00\",\"breadcrumb\":{\"@id\":\"https:\\\/\\\/lasentinelle.dz\\\/index.php\\\/2022\\\/07\\\/25\\\/maroc-le-roi-mort-vive-la-republique\\\/#breadcrumb\"},\"inLanguage\":\"fr-FR\",\"potentialAction\":[{\"@type\":\"ReadAction\",\"target\":[\"https:\\\/\\\/lasentinelle.dz\\\/index.php\\\/2022\\\/07\\\/25\\\/maroc-le-roi-mort-vive-la-republique\\\/\"]}]},{\"@type\":\"ImageObject\",\"inLanguage\":\"fr-FR\",\"@id\":\"https:\\\/\\\/lasentinelle.dz\\\/index.php\\\/2022\\\/07\\\/25\\\/maroc-le-roi-mort-vive-la-republique\\\/#primaryimage\",\"url\":\"https:\\\/\\\/lasentinelle.dz\\\/wp-content\\\/uploads\\\/2022\\\/07\\\/M6.png\",\"contentUrl\":\"https:\\\/\\\/lasentinelle.dz\\\/wp-content\\\/uploads\\\/2022\\\/07\\\/M6.png\",\"width\":1351,\"height\":900},{\"@type\":\"BreadcrumbList\",\"@id\":\"https:\\\/\\\/lasentinelle.dz\\\/index.php\\\/2022\\\/07\\\/25\\\/maroc-le-roi-mort-vive-la-republique\\\/#breadcrumb\",\"itemListElement\":[{\"@type\":\"ListItem\",\"position\":1,\"name\":\"Accueil\",\"item\":\"https:\\\/\\\/lasentinelle.dz\\\/\"},{\"@type\":\"ListItem\",\"position\":2,\"name\":\"Maroc\u00a0: Le roi mort, vive la R\u00e9publique\"}]},{\"@type\":\"WebSite\",\"@id\":\"https:\\\/\\\/lasentinelle.dz\\\/#website\",\"url\":\"https:\\\/\\\/lasentinelle.dz\\\/\",\"name\":\"La Sentinelle\",\"description\":\"Quotidien national d&#039;information\",\"publisher\":{\"@id\":\"https:\\\/\\\/lasentinelle.dz\\\/#organization\"},\"potentialAction\":[{\"@type\":\"SearchAction\",\"target\":{\"@type\":\"EntryPoint\",\"urlTemplate\":\"https:\\\/\\\/lasentinelle.dz\\\/?s={search_term_string}\"},\"query-input\":{\"@type\":\"PropertyValueSpecification\",\"valueRequired\":true,\"valueName\":\"search_term_string\"}}],\"inLanguage\":\"fr-FR\"},{\"@type\":\"Organization\",\"@id\":\"https:\\\/\\\/lasentinelle.dz\\\/#organization\",\"name\":\"Quotidien La Sentinelle\",\"url\":\"https:\\\/\\\/lasentinelle.dz\\\/\",\"logo\":{\"@type\":\"ImageObject\",\"inLanguage\":\"fr-FR\",\"@id\":\"https:\\\/\\\/lasentinelle.dz\\\/#\\\/schema\\\/logo\\\/image\\\/\",\"url\":\"https:\\\/\\\/lasentinelle.dz\\\/wp-content\\\/uploads\\\/2021\\\/09\\\/logo-sentinelleSLOGAN-1.png\",\"contentUrl\":\"https:\\\/\\\/lasentinelle.dz\\\/wp-content\\\/uploads\\\/2021\\\/09\\\/logo-sentinelleSLOGAN-1.png\",\"width\":615,\"height\":142,\"caption\":\"Quotidien La Sentinelle\"},\"image\":{\"@id\":\"https:\\\/\\\/lasentinelle.dz\\\/#\\\/schema\\\/logo\\\/image\\\/\"},\"sameAs\":[\"https:\\\/\\\/www.facebook.com\\\/La-Sentinelle-104059864394773\"]},{\"@type\":\"Person\",\"@id\":\"https:\\\/\\\/lasentinelle.dz\\\/#\\\/schema\\\/person\\\/e22c868643946ece5f328ac9d185b29f\",\"name\":\"Azzedine Belferag\",\"image\":{\"@type\":\"ImageObject\",\"inLanguage\":\"fr-FR\",\"@id\":\"https:\\\/\\\/secure.gravatar.com\\\/avatar\\\/767ecc3bfcf23cd6d0dae1705f124feb13a88fded1daa56498e4fb3aa3fc36a1?s=96&d=mm&r=g\",\"url\":\"https:\\\/\\\/secure.gravatar.com\\\/avatar\\\/767ecc3bfcf23cd6d0dae1705f124feb13a88fded1daa56498e4fb3aa3fc36a1?s=96&d=mm&r=g\",\"contentUrl\":\"https:\\\/\\\/secure.gravatar.com\\\/avatar\\\/767ecc3bfcf23cd6d0dae1705f124feb13a88fded1daa56498e4fb3aa3fc36a1?s=96&d=mm&r=g\",\"caption\":\"Azzedine Belferag\"},\"sameAs\":[\"http:\\\/\\\/www.lasentinelle.dz\"],\"url\":\"https:\\\/\\\/lasentinelle.dz\\\/author\\\/belferag\\\/\"}]}<\/script>\n<!-- \/ Yoast SEO plugin. -->","yoast_head_json":{"title":"Maroc\u00a0: Le roi mort, vive la R\u00e9publique - La Sentinelle","robots":{"index":"index","follow":"follow","max-snippet":"max-snippet:-1","max-image-preview":"max-image-preview:large","max-video-preview":"max-video-preview:-1"},"canonical":"https:\/\/lasentinelle.dz\/index.php\/2022\/07\/25\/maroc-le-roi-mort-vive-la-republique\/","og_locale":"fr_FR","og_type":"article","og_title":"Maroc\u00a0: Le roi mort, vive la R\u00e9publique - La Sentinelle","og_description":"Souffrant et absent depuis quelque temps, le sort du roi Mohamed VI semble \u00eatre scell\u00e9 et avec lui celui du","og_url":"https:\/\/lasentinelle.dz\/index.php\/2022\/07\/25\/maroc-le-roi-mort-vive-la-republique\/","og_site_name":"La Sentinelle","article_publisher":"https:\/\/www.facebook.com\/La-Sentinelle-104059864394773","article_published_time":"2022-07-24T23:05:00+00:00","og_image":[{"width":1351,"height":900,"url":"https:\/\/lasentinelle.dz\/wp-content\/uploads\/2022\/07\/M6.png","type":"image\/png"}],"author":"Azzedine Belferag","twitter_card":"summary_large_image","twitter_misc":{"\u00c9crit par":"Azzedine Belferag","Dur\u00e9e de lecture estim\u00e9e":"3 minutes"},"schema":{"@context":"https:\/\/schema.org","@graph":[{"@type":"Article","@id":"https:\/\/lasentinelle.dz\/index.php\/2022\/07\/25\/maroc-le-roi-mort-vive-la-republique\/#article","isPartOf":{"@id":"https:\/\/lasentinelle.dz\/index.php\/2022\/07\/25\/maroc-le-roi-mort-vive-la-republique\/"},"author":{"name":"Azzedine Belferag","@id":"https:\/\/lasentinelle.dz\/#\/schema\/person\/e22c868643946ece5f328ac9d185b29f"},"headline":"Maroc\u00a0: Le roi mort, vive la R\u00e9publique","datePublished":"2022-07-24T23:05:00+00:00","mainEntityOfPage":{"@id":"https:\/\/lasentinelle.dz\/index.php\/2022\/07\/25\/maroc-le-roi-mort-vive-la-republique\/"},"wordCount":630,"commentCount":0,"publisher":{"@id":"https:\/\/lasentinelle.dz\/#organization"},"image":{"@id":"https:\/\/lasentinelle.dz\/index.php\/2022\/07\/25\/maroc-le-roi-mort-vive-la-republique\/#primaryimage"},"thumbnailUrl":"https:\/\/lasentinelle.dz\/wp-content\/uploads\/2022\/07\/M6.png","articleSection":["\u00c0 la Une","Actualit\u00e9"],"inLanguage":"fr-FR","potentialAction":[{"@type":"CommentAction","name":"Comment","target":["https:\/\/lasentinelle.dz\/index.php\/2022\/07\/25\/maroc-le-roi-mort-vive-la-republique\/#respond"]}]},{"@type":"WebPage","@id":"https:\/\/lasentinelle.dz\/index.php\/2022\/07\/25\/maroc-le-roi-mort-vive-la-republique\/","url":"https:\/\/lasentinelle.dz\/index.php\/2022\/07\/25\/maroc-le-roi-mort-vive-la-republique\/","name":"Maroc\u00a0: Le roi mort, vive la R\u00e9publique - La Sentinelle","isPartOf":{"@id":"https:\/\/lasentinelle.dz\/#website"},"primaryImageOfPage":{"@id":"https:\/\/lasentinelle.dz\/index.php\/2022\/07\/25\/maroc-le-roi-mort-vive-la-republique\/#primaryimage"},"image":{"@id":"https:\/\/lasentinelle.dz\/index.php\/2022\/07\/25\/maroc-le-roi-mort-vive-la-republique\/#primaryimage"},"thumbnailUrl":"https:\/\/lasentinelle.dz\/wp-content\/uploads\/2022\/07\/M6.png","datePublished":"2022-07-24T23:05:00+00:00","breadcrumb":{"@id":"https:\/\/lasentinelle.dz\/index.php\/2022\/07\/25\/maroc-le-roi-mort-vive-la-republique\/#breadcrumb"},"inLanguage":"fr-FR","potentialAction":[{"@type":"ReadAction","target":["https:\/\/lasentinelle.dz\/index.php\/2022\/07\/25\/maroc-le-roi-mort-vive-la-republique\/"]}]},{"@type":"ImageObject","inLanguage":"fr-FR","@id":"https:\/\/lasentinelle.dz\/index.php\/2022\/07\/25\/maroc-le-roi-mort-vive-la-republique\/#primaryimage","url":"https:\/\/lasentinelle.dz\/wp-content\/uploads\/2022\/07\/M6.png","contentUrl":"https:\/\/lasentinelle.dz\/wp-content\/uploads\/2022\/07\/M6.png","width":1351,"height":900},{"@type":"BreadcrumbList","@id":"https:\/\/lasentinelle.dz\/index.php\/2022\/07\/25\/maroc-le-roi-mort-vive-la-republique\/#breadcrumb","itemListElement":[{"@type":"ListItem","position":1,"name":"Accueil","item":"https:\/\/lasentinelle.dz\/"},{"@type":"ListItem","position":2,"name":"Maroc\u00a0: Le roi mort, vive la R\u00e9publique"}]},{"@type":"WebSite","@id":"https:\/\/lasentinelle.dz\/#website","url":"https:\/\/lasentinelle.dz\/","name":"La Sentinelle","description":"Quotidien national d&#039;information","publisher":{"@id":"https:\/\/lasentinelle.dz\/#organization"},"potentialAction":[{"@type":"SearchAction","target":{"@type":"EntryPoint","urlTemplate":"https:\/\/lasentinelle.dz\/?s={search_term_string}"},"query-input":{"@type":"PropertyValueSpecification","valueRequired":true,"valueName":"search_term_string"}}],"inLanguage":"fr-FR"},{"@type":"Organization","@id":"https:\/\/lasentinelle.dz\/#organization","name":"Quotidien La Sentinelle","url":"https:\/\/lasentinelle.dz\/","logo":{"@type":"ImageObject","inLanguage":"fr-FR","@id":"https:\/\/lasentinelle.dz\/#\/schema\/logo\/image\/","url":"https:\/\/lasentinelle.dz\/wp-content\/uploads\/2021\/09\/logo-sentinelleSLOGAN-1.png","contentUrl":"https:\/\/lasentinelle.dz\/wp-content\/uploads\/2021\/09\/logo-sentinelleSLOGAN-1.png","width":615,"height":142,"caption":"Quotidien La Sentinelle"},"image":{"@id":"https:\/\/lasentinelle.dz\/#\/schema\/logo\/image\/"},"sameAs":["https:\/\/www.facebook.com\/La-Sentinelle-104059864394773"]},{"@type":"Person","@id":"https:\/\/lasentinelle.dz\/#\/schema\/person\/e22c868643946ece5f328ac9d185b29f","name":"Azzedine Belferag","image":{"@type":"ImageObject","inLanguage":"fr-FR","@id":"https:\/\/secure.gravatar.com\/avatar\/767ecc3bfcf23cd6d0dae1705f124feb13a88fded1daa56498e4fb3aa3fc36a1?s=96&d=mm&r=g","url":"https:\/\/secure.gravatar.com\/avatar\/767ecc3bfcf23cd6d0dae1705f124feb13a88fded1daa56498e4fb3aa3fc36a1?s=96&d=mm&r=g","contentUrl":"https:\/\/secure.gravatar.com\/avatar\/767ecc3bfcf23cd6d0dae1705f124feb13a88fded1daa56498e4fb3aa3fc36a1?s=96&d=mm&r=g","caption":"Azzedine Belferag"},"sameAs":["http:\/\/www.lasentinelle.dz"],"url":"https:\/\/lasentinelle.dz\/author\/belferag\/"}]}},"_links":{"self":[{"href":"https:\/\/lasentinelle.dz\/index.php\/wp-json\/wp\/v2\/posts\/24626","targetHints":{"allow":["GET"]}}],"collection":[{"href":"https:\/\/lasentinelle.dz\/index.php\/wp-json\/wp\/v2\/posts"}],"about":[{"href":"https:\/\/lasentinelle.dz\/index.php\/wp-json\/wp\/v2\/types\/post"}],"author":[{"embeddable":true,"href":"https:\/\/lasentinelle.dz\/index.php\/wp-json\/wp\/v2\/users\/2"}],"replies":[{"embeddable":true,"href":"https:\/\/lasentinelle.dz\/index.php\/wp-json\/wp\/v2\/comments?post=24626"}],"version-history":[{"count":1,"href":"https:\/\/lasentinelle.dz\/index.php\/wp-json\/wp\/v2\/posts\/24626\/revisions"}],"predecessor-version":[{"id":24637,"href":"https:\/\/lasentinelle.dz\/index.php\/wp-json\/wp\/v2\/posts\/24626\/revisions\/24637"}],"wp:featuredmedia":[{"embeddable":true,"href":"https:\/\/lasentinelle.dz\/index.php\/wp-json\/wp\/v2\/media\/24631"}],"wp:attachment":[{"href":"https:\/\/lasentinelle.dz\/index.php\/wp-json\/wp\/v2\/media?parent=24626"}],"wp:term":[{"taxonomy":"category","embeddable":true,"href":"https:\/\/lasentinelle.dz\/index.php\/wp-json\/wp\/v2\/categories?post=24626"},{"taxonomy":"post_tag","embeddable":true,"href":"https:\/\/lasentinelle.dz\/index.php\/wp-json\/wp\/v2\/tags?post=24626"}],"curies":[{"name":"wp","href":"https:\/\/api.w.org\/{rel}","templated":true}]}}