{"id":24651,"date":"2022-07-25T00:05:00","date_gmt":"2022-07-24T23:05:00","guid":{"rendered":"https:\/\/lasentinelle.dz\/?p=24651"},"modified":"2022-07-24T20:21:45","modified_gmt":"2022-07-24T19:21:45","slug":"lalgerie-acheve-sa-part-dans-le-projet-de-fibre-optique-concretiser-la-route-transsaharienne-de-linformation","status":"publish","type":"post","link":"https:\/\/lasentinelle.dz\/index.php\/2022\/07\/25\/lalgerie-acheve-sa-part-dans-le-projet-de-fibre-optique-concretiser-la-route-transsaharienne-de-linformation\/","title":{"rendered":"L\u2019Alg\u00e9rie ach\u00e8ve sa part dans le projet de fibre optique\u00a0: Concr\u00e9tiser la route transsaharienne de l\u2019information"},"content":{"rendered":"\n<p>Engagement est pris pour l\u2019acc\u00e9l\u00e9ration de la r\u00e9alisation du projet de fibre optique transsaharienne. En ce sus de l\u2019objectif d\u2019am\u00e9liorer la connectivit\u00e9, le projet est l\u2019une des dorsales des corridors devant booster le d\u00e9velopper \u00e9conomique au Sahel et en Afrique subsaharienne aux c\u00f4t\u00e9s de la route transsahrienne et du gazoduc transsaharien. Un projet pour lequel l\u2019Alg\u00e9rie a achev\u00e9 sa part.<\/p>\n\n\n\n<p>Le ministre de la Poste et des T\u00e9l\u00e9communications, Karim Bibi-Triki, a annonc\u00e9 hierl&rsquo;ach\u00e8vement des travaux de la partie alg\u00e9rienne du projet de liaison transsaharienne en fibre optique. Il a ainsi indiqu\u00e9 que 2.548 km de fibres optiques reliant la capitale et Ain Guezzam, ville de la fronti\u00e8re alg\u00e9ro-nig\u00e9rienne, ont d\u00e9j\u00e0 \u00e9t\u00e9 r\u00e9alis\u00e9s en plus d\u2019une extension vers la wilaya de Tindouf, qui permet de relier les fronti\u00e8res alg\u00e9ro-mauritaniennes. Pr\u00e9sidant les travaux de la premi\u00e8re session du Comit\u00e9 de liaison de la dorsale transsaharienne \u00e0 fibre optique, Bibi-Triki a expliqu\u00e9 que \u00abl&rsquo;Alg\u00e9rie a doubl\u00e9 ses capacit\u00e9s dans le domaine de la bande passante internationale durant les deux derni\u00e8res ann\u00e9es avec la mise en service d&rsquo;un nouveau c\u00e2ble sous-marin\u00bb. Il a rappel\u00e9 que \u00abla dorsale transsaharienne \u00e0 fibre optiqueest un projet parall\u00e8le \u00e0 la route transsaharienne reliant aux r\u00e9seau internet&nbsp; les zones qu&rsquo;elle traverse \u00bb. Il s\u2019agit, selon le ministre \u00abdes zones recul\u00e9es \u00bb, ajoutant que \u00able projet r\u00e9duira les d\u00e9s\u00e9quilibres de d\u00e9veloppement dans la r\u00e9gion, et permettra la rentabilit\u00e9 \u00e9conomique, en plus de l&rsquo;\u00e9mergence d&rsquo;une \u00e9conomie num\u00e9rique au niveau des pays concern\u00e9s ainsi que le d\u00e9veloppement des \u00e9changes d&rsquo;e-gouvernement et permettra de lancer les bases de donn\u00e9es de l&rsquo;e-gouvernement\u00bb. Le ministre a soulign\u00e9 que ce comit\u00e9, qui a \u00e9t\u00e9 officiellement install\u00e9 en Alg\u00e9rie, en f\u00e9vrier 2017, comprend des ministres des pays signataires du statut du comit\u00e9 et des repr\u00e9sentants des institutions financi\u00e8res internationales. Il \u0153uvrera \u00e0 approfondir la coordination sur les moyens d&rsquo;acc\u00e9l\u00e9rer le projet et de concr\u00e9tiser d&rsquo;une mani\u00e8re qui en fait un atout de base pr\u00e9cieux soutenant les initiatives d&rsquo;int\u00e9gration entre les \u00e9conomies des pays de la r\u00e9gion et la construction d&rsquo;un espace de d\u00e9veloppement.<\/p>\n\n\n\n<p>Notons que les pays membres du Comit\u00e9 de liaison de la dorsale transsaharienne \u00e0 fibre optique se sont engag\u00e9s \u00e0 acc\u00e9l\u00e9rer la r\u00e9alisation de ce projet strat\u00e9gique Alger-Abuja, visant le d\u00e9veloppement de l\u2019\u00e9conomie num\u00e9rique r\u00e9gionale. Ainsi, le ministre tchadien de la Poste et de l\u2019Economie num\u00e9rique, Idriss Saleh Bachar, a affirm\u00e9 que la dorsale transsaharienne en fibre optique permettra d\u2019interconnecter l\u2019Afrique centrale \u00e0 l\u2019Afrique de l\u2019Ouest via la M\u00e9diterran\u00e9e \u00e0 travers l\u2019Alg\u00e9rie, pr\u00e9cisant que son pays s&rsquo;engage \u00e0 mettre les \u00ab\u00a0moyens n\u00e9cessaires\u00a0\u00bb pour la r\u00e9alisation de ce projet.Le ministre mauritanien du secteur, Cheikh El Kebir Ould Moulay Taher, a, lui aussi, mis l\u2019accent sur le r\u00f4le strat\u00e9gique que joue l\u2019Alg\u00e9rie dans le d\u00e9veloppement num\u00e9rique et technologique de la r\u00e9gion, ajoutant que son pays \u00ab\u00a0ne m\u00e9nage aucun effort pour que le projet de la dorsale transsaharienne se concr\u00e9tise\u00a0\u00bb.Pour sa part, le ministre nig\u00e9rien de la Poste et des Nouvelles technologies de l\u2019information, Hassan Baraz Moussa, a mis en avant l\u2019engagement de son pays \u00e0 acc\u00e9l\u00e9rer la r\u00e9alisation de ce projet, affirmant que les travaux \u00ab\u00a0ont \u00e9t\u00e9 d\u00e9j\u00e0 lanc\u00e9s\u00a0\u00bb.Abondant dans le m\u00eame sens, le ministre des T\u00e9l\u00e9communications du Nigeria, Isa Ali Ibrahim Pantami a indiqu\u00e9 que le projet de r\u00e9alisation de la dorsale transsaharienne en fibre optique contribuera au d\u00e9veloppement des \u00e9conomies locales, pr\u00e9cisant que le gouvernement de son pays \u00ab\u00a0apporte tout son soutien\u00a0\u00bb \u00e0 la r\u00e9alisation de ce projet strat\u00e9gique.<\/p>\n\n\n\n<p>L&rsquo;objectif de cette session est de coordonner et de concerter les pays membres afin d&rsquo;acc\u00e9l\u00e9rer la mise en \u0153uvre de ce m\u00e9ga projet lanc\u00e9 dans le cadre du Nouveau Partenariat pour le D\u00e9veloppement de l&rsquo;Afrique (NEPAD) de l&rsquo;Union Africaine devant aboutir \u00e0 r\u00e9aliser l&rsquo;int\u00e9gration africaine et d\u00e9velopper l&rsquo;\u00e9conomie num\u00e9rique de la r\u00e9gion gr\u00e2ce \u00e0 cette liaison qui relie Alger \u00e0 Abuja, en passant par la r\u00e9gion de Zinder, qui bifurque \u00e0 l&rsquo;ouest vers Bamako et Nouakchott et \u00e0 l&rsquo;est vers N\u2019Djamena.<\/p>\n\n\n\n<p><strong>Amar Malki<\/strong><\/p>\n","protected":false},"excerpt":{"rendered":"<p>Engagement est pris pour l\u2019acc\u00e9l\u00e9ration de la r\u00e9alisation du projet de fibre optique transsaharienne. En ce sus de l\u2019objectif d\u2019am\u00e9liorer<\/p>\n","protected":false},"author":3,"featured_media":24656,"comment_status":"open","ping_status":"closed","sticky":false,"template":"","format":"standard","meta":{"colormag_page_container_layout":"default_layout","colormag_page_sidebar_layout":"default_layout","om_disable_all_campaigns":false,"_monsterinsights_skip_tracking":false,"_monsterinsights_sitenote_active":false,"_monsterinsights_sitenote_note":"","_monsterinsights_sitenote_category":0,"footnotes":"","_wpscppro_dont_share_socialmedia":false,"_wpscppro_custom_social_share_image":0,"_facebook_share_type":"","_twitter_share_type":"","_linkedin_share_type":"","_pinterest_share_type":"","_linkedin_share_type_page":"","_instagram_share_type":"","_medium_share_type":"","_threads_share_type":"","_google_business_share_type":"","_selected_social_profile":[],"_wpsp_enable_custom_social_template":false,"_wpsp_social_scheduling":{"enabled":false,"datetime":null,"platforms":[],"status":"template_only","dateOption":"today","timeOption":"now","customDays":"","customHours":"","customDate":"","customTime":"","schedulingType":"absolute"},"_wpsp_active_default_template":true},"categories":[52,27],"tags":[],"class_list":["post-24651","post","type-post","status-publish","format-standard","has-post-thumbnail","hentry","category-a-la-une","category-actualite"],"aioseo_notices":[],"yoast_head":"<!-- This site is optimized with the Yoast SEO plugin v27.5 - https:\/\/yoast.com\/product\/yoast-seo-wordpress\/ -->\n<title>L\u2019Alg\u00e9rie ach\u00e8ve sa part dans le projet de fibre optique\u00a0: Concr\u00e9tiser la route transsaharienne de l\u2019information - La Sentinelle<\/title>\n<meta name=\"robots\" content=\"index, follow, max-snippet:-1, max-image-preview:large, max-video-preview:-1\" \/>\n<link rel=\"canonical\" href=\"https:\/\/lasentinelle.dz\/index.php\/2022\/07\/25\/lalgerie-acheve-sa-part-dans-le-projet-de-fibre-optique-concretiser-la-route-transsaharienne-de-linformation\/\" \/>\n<meta property=\"og:locale\" content=\"fr_FR\" \/>\n<meta property=\"og:type\" content=\"article\" \/>\n<meta property=\"og:title\" content=\"L\u2019Alg\u00e9rie ach\u00e8ve sa part dans le projet de fibre optique\u00a0: Concr\u00e9tiser la route transsaharienne de l\u2019information - La Sentinelle\" \/>\n<meta property=\"og:description\" content=\"Engagement est pris pour l\u2019acc\u00e9l\u00e9ration de la r\u00e9alisation du projet de fibre optique transsaharienne. En ce sus de l\u2019objectif d\u2019am\u00e9liorer\" \/>\n<meta property=\"og:url\" content=\"https:\/\/lasentinelle.dz\/index.php\/2022\/07\/25\/lalgerie-acheve-sa-part-dans-le-projet-de-fibre-optique-concretiser-la-route-transsaharienne-de-linformation\/\" \/>\n<meta property=\"og:site_name\" content=\"La Sentinelle\" \/>\n<meta property=\"article:publisher\" content=\"https:\/\/www.facebook.com\/La-Sentinelle-104059864394773\" \/>\n<meta property=\"article:published_time\" content=\"2022-07-24T23:05:00+00:00\" \/>\n<meta property=\"og:image\" content=\"https:\/\/lasentinelle.dz\/wp-content\/uploads\/2022\/07\/telecoms-2.png\" \/>\n\t<meta property=\"og:image:width\" content=\"1200\" \/>\n\t<meta property=\"og:image:height\" content=\"900\" \/>\n\t<meta property=\"og:image:type\" content=\"image\/png\" \/>\n<meta name=\"author\" content=\"La Sentinelle\" \/>\n<meta name=\"twitter:card\" content=\"summary_large_image\" \/>\n<meta name=\"twitter:label1\" content=\"\u00c9crit par\" \/>\n\t<meta name=\"twitter:data1\" content=\"La Sentinelle\" \/>\n\t<meta name=\"twitter:label2\" content=\"Dur\u00e9e de lecture estim\u00e9e\" \/>\n\t<meta name=\"twitter:data2\" content=\"4 minutes\" \/>\n<script type=\"application\/ld+json\" class=\"yoast-schema-graph\">{\"@context\":\"https:\\\/\\\/schema.org\",\"@graph\":[{\"@type\":\"Article\",\"@id\":\"https:\\\/\\\/lasentinelle.dz\\\/index.php\\\/2022\\\/07\\\/25\\\/lalgerie-acheve-sa-part-dans-le-projet-de-fibre-optique-concretiser-la-route-transsaharienne-de-linformation\\\/#article\",\"isPartOf\":{\"@id\":\"https:\\\/\\\/lasentinelle.dz\\\/index.php\\\/2022\\\/07\\\/25\\\/lalgerie-acheve-sa-part-dans-le-projet-de-fibre-optique-concretiser-la-route-transsaharienne-de-linformation\\\/\"},\"author\":{\"name\":\"La Sentinelle\",\"@id\":\"https:\\\/\\\/lasentinelle.dz\\\/#\\\/schema\\\/person\\\/d865044e22e70a75174ce8bcad3acfb3\"},\"headline\":\"L\u2019Alg\u00e9rie ach\u00e8ve sa part dans le projet de fibre optique\u00a0: Concr\u00e9tiser la route transsaharienne de l\u2019information\",\"datePublished\":\"2022-07-24T23:05:00+00:00\",\"mainEntityOfPage\":{\"@id\":\"https:\\\/\\\/lasentinelle.dz\\\/index.php\\\/2022\\\/07\\\/25\\\/lalgerie-acheve-sa-part-dans-le-projet-de-fibre-optique-concretiser-la-route-transsaharienne-de-linformation\\\/\"},\"wordCount\":792,\"commentCount\":0,\"publisher\":{\"@id\":\"https:\\\/\\\/lasentinelle.dz\\\/#organization\"},\"image\":{\"@id\":\"https:\\\/\\\/lasentinelle.dz\\\/index.php\\\/2022\\\/07\\\/25\\\/lalgerie-acheve-sa-part-dans-le-projet-de-fibre-optique-concretiser-la-route-transsaharienne-de-linformation\\\/#primaryimage\"},\"thumbnailUrl\":\"https:\\\/\\\/lasentinelle.dz\\\/wp-content\\\/uploads\\\/2022\\\/07\\\/telecoms-2.png\",\"articleSection\":[\"\u00c0 la Une\",\"Actualit\u00e9\"],\"inLanguage\":\"fr-FR\",\"potentialAction\":[{\"@type\":\"CommentAction\",\"name\":\"Comment\",\"target\":[\"https:\\\/\\\/lasentinelle.dz\\\/index.php\\\/2022\\\/07\\\/25\\\/lalgerie-acheve-sa-part-dans-le-projet-de-fibre-optique-concretiser-la-route-transsaharienne-de-linformation\\\/#respond\"]}]},{\"@type\":\"WebPage\",\"@id\":\"https:\\\/\\\/lasentinelle.dz\\\/index.php\\\/2022\\\/07\\\/25\\\/lalgerie-acheve-sa-part-dans-le-projet-de-fibre-optique-concretiser-la-route-transsaharienne-de-linformation\\\/\",\"url\":\"https:\\\/\\\/lasentinelle.dz\\\/index.php\\\/2022\\\/07\\\/25\\\/lalgerie-acheve-sa-part-dans-le-projet-de-fibre-optique-concretiser-la-route-transsaharienne-de-linformation\\\/\",\"name\":\"L\u2019Alg\u00e9rie ach\u00e8ve sa part dans le projet de fibre optique\u00a0: Concr\u00e9tiser la route transsaharienne de l\u2019information - La Sentinelle\",\"isPartOf\":{\"@id\":\"https:\\\/\\\/lasentinelle.dz\\\/#website\"},\"primaryImageOfPage\":{\"@id\":\"https:\\\/\\\/lasentinelle.dz\\\/index.php\\\/2022\\\/07\\\/25\\\/lalgerie-acheve-sa-part-dans-le-projet-de-fibre-optique-concretiser-la-route-transsaharienne-de-linformation\\\/#primaryimage\"},\"image\":{\"@id\":\"https:\\\/\\\/lasentinelle.dz\\\/index.php\\\/2022\\\/07\\\/25\\\/lalgerie-acheve-sa-part-dans-le-projet-de-fibre-optique-concretiser-la-route-transsaharienne-de-linformation\\\/#primaryimage\"},\"thumbnailUrl\":\"https:\\\/\\\/lasentinelle.dz\\\/wp-content\\\/uploads\\\/2022\\\/07\\\/telecoms-2.png\",\"datePublished\":\"2022-07-24T23:05:00+00:00\",\"breadcrumb\":{\"@id\":\"https:\\\/\\\/lasentinelle.dz\\\/index.php\\\/2022\\\/07\\\/25\\\/lalgerie-acheve-sa-part-dans-le-projet-de-fibre-optique-concretiser-la-route-transsaharienne-de-linformation\\\/#breadcrumb\"},\"inLanguage\":\"fr-FR\",\"potentialAction\":[{\"@type\":\"ReadAction\",\"target\":[\"https:\\\/\\\/lasentinelle.dz\\\/index.php\\\/2022\\\/07\\\/25\\\/lalgerie-acheve-sa-part-dans-le-projet-de-fibre-optique-concretiser-la-route-transsaharienne-de-linformation\\\/\"]}]},{\"@type\":\"ImageObject\",\"inLanguage\":\"fr-FR\",\"@id\":\"https:\\\/\\\/lasentinelle.dz\\\/index.php\\\/2022\\\/07\\\/25\\\/lalgerie-acheve-sa-part-dans-le-projet-de-fibre-optique-concretiser-la-route-transsaharienne-de-linformation\\\/#primaryimage\",\"url\":\"https:\\\/\\\/lasentinelle.dz\\\/wp-content\\\/uploads\\\/2022\\\/07\\\/telecoms-2.png\",\"contentUrl\":\"https:\\\/\\\/lasentinelle.dz\\\/wp-content\\\/uploads\\\/2022\\\/07\\\/telecoms-2.png\",\"width\":1200,\"height\":900},{\"@type\":\"BreadcrumbList\",\"@id\":\"https:\\\/\\\/lasentinelle.dz\\\/index.php\\\/2022\\\/07\\\/25\\\/lalgerie-acheve-sa-part-dans-le-projet-de-fibre-optique-concretiser-la-route-transsaharienne-de-linformation\\\/#breadcrumb\",\"itemListElement\":[{\"@type\":\"ListItem\",\"position\":1,\"name\":\"Accueil\",\"item\":\"https:\\\/\\\/lasentinelle.dz\\\/\"},{\"@type\":\"ListItem\",\"position\":2,\"name\":\"L\u2019Alg\u00e9rie ach\u00e8ve sa part dans le projet de fibre optique\u00a0: Concr\u00e9tiser la route transsaharienne de l\u2019information\"}]},{\"@type\":\"WebSite\",\"@id\":\"https:\\\/\\\/lasentinelle.dz\\\/#website\",\"url\":\"https:\\\/\\\/lasentinelle.dz\\\/\",\"name\":\"La Sentinelle\",\"description\":\"Quotidien national d&#039;information\",\"publisher\":{\"@id\":\"https:\\\/\\\/lasentinelle.dz\\\/#organization\"},\"potentialAction\":[{\"@type\":\"SearchAction\",\"target\":{\"@type\":\"EntryPoint\",\"urlTemplate\":\"https:\\\/\\\/lasentinelle.dz\\\/?s={search_term_string}\"},\"query-input\":{\"@type\":\"PropertyValueSpecification\",\"valueRequired\":true,\"valueName\":\"search_term_string\"}}],\"inLanguage\":\"fr-FR\"},{\"@type\":\"Organization\",\"@id\":\"https:\\\/\\\/lasentinelle.dz\\\/#organization\",\"name\":\"Quotidien La Sentinelle\",\"url\":\"https:\\\/\\\/lasentinelle.dz\\\/\",\"logo\":{\"@type\":\"ImageObject\",\"inLanguage\":\"fr-FR\",\"@id\":\"https:\\\/\\\/lasentinelle.dz\\\/#\\\/schema\\\/logo\\\/image\\\/\",\"url\":\"https:\\\/\\\/lasentinelle.dz\\\/wp-content\\\/uploads\\\/2021\\\/09\\\/logo-sentinelleSLOGAN-1.png\",\"contentUrl\":\"https:\\\/\\\/lasentinelle.dz\\\/wp-content\\\/uploads\\\/2021\\\/09\\\/logo-sentinelleSLOGAN-1.png\",\"width\":615,\"height\":142,\"caption\":\"Quotidien La Sentinelle\"},\"image\":{\"@id\":\"https:\\\/\\\/lasentinelle.dz\\\/#\\\/schema\\\/logo\\\/image\\\/\"},\"sameAs\":[\"https:\\\/\\\/www.facebook.com\\\/La-Sentinelle-104059864394773\"]},{\"@type\":\"Person\",\"@id\":\"https:\\\/\\\/lasentinelle.dz\\\/#\\\/schema\\\/person\\\/d865044e22e70a75174ce8bcad3acfb3\",\"name\":\"La Sentinelle\",\"image\":{\"@type\":\"ImageObject\",\"inLanguage\":\"fr-FR\",\"@id\":\"https:\\\/\\\/secure.gravatar.com\\\/avatar\\\/57de8e5d4b15d43fb361a71fbb36338450fe67865b528a43dd10ef7c51a20392?s=96&d=mm&r=g\",\"url\":\"https:\\\/\\\/secure.gravatar.com\\\/avatar\\\/57de8e5d4b15d43fb361a71fbb36338450fe67865b528a43dd10ef7c51a20392?s=96&d=mm&r=g\",\"contentUrl\":\"https:\\\/\\\/secure.gravatar.com\\\/avatar\\\/57de8e5d4b15d43fb361a71fbb36338450fe67865b528a43dd10ef7c51a20392?s=96&d=mm&r=g\",\"caption\":\"La Sentinelle\"},\"sameAs\":[\"http:\\\/\\\/www.lasentinelle.dz\"],\"url\":\"https:\\\/\\\/lasentinelle.dz\\\/author\\\/redaction\\\/\"}]}<\/script>\n<!-- \/ Yoast SEO plugin. -->","yoast_head_json":{"title":"L\u2019Alg\u00e9rie ach\u00e8ve sa part dans le projet de fibre optique\u00a0: Concr\u00e9tiser la route transsaharienne de l\u2019information - La Sentinelle","robots":{"index":"index","follow":"follow","max-snippet":"max-snippet:-1","max-image-preview":"max-image-preview:large","max-video-preview":"max-video-preview:-1"},"canonical":"https:\/\/lasentinelle.dz\/index.php\/2022\/07\/25\/lalgerie-acheve-sa-part-dans-le-projet-de-fibre-optique-concretiser-la-route-transsaharienne-de-linformation\/","og_locale":"fr_FR","og_type":"article","og_title":"L\u2019Alg\u00e9rie ach\u00e8ve sa part dans le projet de fibre optique\u00a0: Concr\u00e9tiser la route transsaharienne de l\u2019information - La Sentinelle","og_description":"Engagement est pris pour l\u2019acc\u00e9l\u00e9ration de la r\u00e9alisation du projet de fibre optique transsaharienne. En ce sus de l\u2019objectif d\u2019am\u00e9liorer","og_url":"https:\/\/lasentinelle.dz\/index.php\/2022\/07\/25\/lalgerie-acheve-sa-part-dans-le-projet-de-fibre-optique-concretiser-la-route-transsaharienne-de-linformation\/","og_site_name":"La Sentinelle","article_publisher":"https:\/\/www.facebook.com\/La-Sentinelle-104059864394773","article_published_time":"2022-07-24T23:05:00+00:00","og_image":[{"width":1200,"height":900,"url":"https:\/\/lasentinelle.dz\/wp-content\/uploads\/2022\/07\/telecoms-2.png","type":"image\/png"}],"author":"La Sentinelle","twitter_card":"summary_large_image","twitter_misc":{"\u00c9crit par":"La Sentinelle","Dur\u00e9e de lecture estim\u00e9e":"4 minutes"},"schema":{"@context":"https:\/\/schema.org","@graph":[{"@type":"Article","@id":"https:\/\/lasentinelle.dz\/index.php\/2022\/07\/25\/lalgerie-acheve-sa-part-dans-le-projet-de-fibre-optique-concretiser-la-route-transsaharienne-de-linformation\/#article","isPartOf":{"@id":"https:\/\/lasentinelle.dz\/index.php\/2022\/07\/25\/lalgerie-acheve-sa-part-dans-le-projet-de-fibre-optique-concretiser-la-route-transsaharienne-de-linformation\/"},"author":{"name":"La Sentinelle","@id":"https:\/\/lasentinelle.dz\/#\/schema\/person\/d865044e22e70a75174ce8bcad3acfb3"},"headline":"L\u2019Alg\u00e9rie ach\u00e8ve sa part dans le projet de fibre optique\u00a0: Concr\u00e9tiser la route transsaharienne de l\u2019information","datePublished":"2022-07-24T23:05:00+00:00","mainEntityOfPage":{"@id":"https:\/\/lasentinelle.dz\/index.php\/2022\/07\/25\/lalgerie-acheve-sa-part-dans-le-projet-de-fibre-optique-concretiser-la-route-transsaharienne-de-linformation\/"},"wordCount":792,"commentCount":0,"publisher":{"@id":"https:\/\/lasentinelle.dz\/#organization"},"image":{"@id":"https:\/\/lasentinelle.dz\/index.php\/2022\/07\/25\/lalgerie-acheve-sa-part-dans-le-projet-de-fibre-optique-concretiser-la-route-transsaharienne-de-linformation\/#primaryimage"},"thumbnailUrl":"https:\/\/lasentinelle.dz\/wp-content\/uploads\/2022\/07\/telecoms-2.png","articleSection":["\u00c0 la Une","Actualit\u00e9"],"inLanguage":"fr-FR","potentialAction":[{"@type":"CommentAction","name":"Comment","target":["https:\/\/lasentinelle.dz\/index.php\/2022\/07\/25\/lalgerie-acheve-sa-part-dans-le-projet-de-fibre-optique-concretiser-la-route-transsaharienne-de-linformation\/#respond"]}]},{"@type":"WebPage","@id":"https:\/\/lasentinelle.dz\/index.php\/2022\/07\/25\/lalgerie-acheve-sa-part-dans-le-projet-de-fibre-optique-concretiser-la-route-transsaharienne-de-linformation\/","url":"https:\/\/lasentinelle.dz\/index.php\/2022\/07\/25\/lalgerie-acheve-sa-part-dans-le-projet-de-fibre-optique-concretiser-la-route-transsaharienne-de-linformation\/","name":"L\u2019Alg\u00e9rie ach\u00e8ve sa part dans le projet de fibre optique\u00a0: Concr\u00e9tiser la route transsaharienne de l\u2019information - La Sentinelle","isPartOf":{"@id":"https:\/\/lasentinelle.dz\/#website"},"primaryImageOfPage":{"@id":"https:\/\/lasentinelle.dz\/index.php\/2022\/07\/25\/lalgerie-acheve-sa-part-dans-le-projet-de-fibre-optique-concretiser-la-route-transsaharienne-de-linformation\/#primaryimage"},"image":{"@id":"https:\/\/lasentinelle.dz\/index.php\/2022\/07\/25\/lalgerie-acheve-sa-part-dans-le-projet-de-fibre-optique-concretiser-la-route-transsaharienne-de-linformation\/#primaryimage"},"thumbnailUrl":"https:\/\/lasentinelle.dz\/wp-content\/uploads\/2022\/07\/telecoms-2.png","datePublished":"2022-07-24T23:05:00+00:00","breadcrumb":{"@id":"https:\/\/lasentinelle.dz\/index.php\/2022\/07\/25\/lalgerie-acheve-sa-part-dans-le-projet-de-fibre-optique-concretiser-la-route-transsaharienne-de-linformation\/#breadcrumb"},"inLanguage":"fr-FR","potentialAction":[{"@type":"ReadAction","target":["https:\/\/lasentinelle.dz\/index.php\/2022\/07\/25\/lalgerie-acheve-sa-part-dans-le-projet-de-fibre-optique-concretiser-la-route-transsaharienne-de-linformation\/"]}]},{"@type":"ImageObject","inLanguage":"fr-FR","@id":"https:\/\/lasentinelle.dz\/index.php\/2022\/07\/25\/lalgerie-acheve-sa-part-dans-le-projet-de-fibre-optique-concretiser-la-route-transsaharienne-de-linformation\/#primaryimage","url":"https:\/\/lasentinelle.dz\/wp-content\/uploads\/2022\/07\/telecoms-2.png","contentUrl":"https:\/\/lasentinelle.dz\/wp-content\/uploads\/2022\/07\/telecoms-2.png","width":1200,"height":900},{"@type":"BreadcrumbList","@id":"https:\/\/lasentinelle.dz\/index.php\/2022\/07\/25\/lalgerie-acheve-sa-part-dans-le-projet-de-fibre-optique-concretiser-la-route-transsaharienne-de-linformation\/#breadcrumb","itemListElement":[{"@type":"ListItem","position":1,"name":"Accueil","item":"https:\/\/lasentinelle.dz\/"},{"@type":"ListItem","position":2,"name":"L\u2019Alg\u00e9rie ach\u00e8ve sa part dans le projet de fibre optique\u00a0: Concr\u00e9tiser la route transsaharienne de l\u2019information"}]},{"@type":"WebSite","@id":"https:\/\/lasentinelle.dz\/#website","url":"https:\/\/lasentinelle.dz\/","name":"La Sentinelle","description":"Quotidien national d&#039;information","publisher":{"@id":"https:\/\/lasentinelle.dz\/#organization"},"potentialAction":[{"@type":"SearchAction","target":{"@type":"EntryPoint","urlTemplate":"https:\/\/lasentinelle.dz\/?s={search_term_string}"},"query-input":{"@type":"PropertyValueSpecification","valueRequired":true,"valueName":"search_term_string"}}],"inLanguage":"fr-FR"},{"@type":"Organization","@id":"https:\/\/lasentinelle.dz\/#organization","name":"Quotidien La Sentinelle","url":"https:\/\/lasentinelle.dz\/","logo":{"@type":"ImageObject","inLanguage":"fr-FR","@id":"https:\/\/lasentinelle.dz\/#\/schema\/logo\/image\/","url":"https:\/\/lasentinelle.dz\/wp-content\/uploads\/2021\/09\/logo-sentinelleSLOGAN-1.png","contentUrl":"https:\/\/lasentinelle.dz\/wp-content\/uploads\/2021\/09\/logo-sentinelleSLOGAN-1.png","width":615,"height":142,"caption":"Quotidien La Sentinelle"},"image":{"@id":"https:\/\/lasentinelle.dz\/#\/schema\/logo\/image\/"},"sameAs":["https:\/\/www.facebook.com\/La-Sentinelle-104059864394773"]},{"@type":"Person","@id":"https:\/\/lasentinelle.dz\/#\/schema\/person\/d865044e22e70a75174ce8bcad3acfb3","name":"La Sentinelle","image":{"@type":"ImageObject","inLanguage":"fr-FR","@id":"https:\/\/secure.gravatar.com\/avatar\/57de8e5d4b15d43fb361a71fbb36338450fe67865b528a43dd10ef7c51a20392?s=96&d=mm&r=g","url":"https:\/\/secure.gravatar.com\/avatar\/57de8e5d4b15d43fb361a71fbb36338450fe67865b528a43dd10ef7c51a20392?s=96&d=mm&r=g","contentUrl":"https:\/\/secure.gravatar.com\/avatar\/57de8e5d4b15d43fb361a71fbb36338450fe67865b528a43dd10ef7c51a20392?s=96&d=mm&r=g","caption":"La Sentinelle"},"sameAs":["http:\/\/www.lasentinelle.dz"],"url":"https:\/\/lasentinelle.dz\/author\/redaction\/"}]}},"_links":{"self":[{"href":"https:\/\/lasentinelle.dz\/index.php\/wp-json\/wp\/v2\/posts\/24651","targetHints":{"allow":["GET"]}}],"collection":[{"href":"https:\/\/lasentinelle.dz\/index.php\/wp-json\/wp\/v2\/posts"}],"about":[{"href":"https:\/\/lasentinelle.dz\/index.php\/wp-json\/wp\/v2\/types\/post"}],"author":[{"embeddable":true,"href":"https:\/\/lasentinelle.dz\/index.php\/wp-json\/wp\/v2\/users\/3"}],"replies":[{"embeddable":true,"href":"https:\/\/lasentinelle.dz\/index.php\/wp-json\/wp\/v2\/comments?post=24651"}],"version-history":[{"count":1,"href":"https:\/\/lasentinelle.dz\/index.php\/wp-json\/wp\/v2\/posts\/24651\/revisions"}],"predecessor-version":[{"id":24658,"href":"https:\/\/lasentinelle.dz\/index.php\/wp-json\/wp\/v2\/posts\/24651\/revisions\/24658"}],"wp:featuredmedia":[{"embeddable":true,"href":"https:\/\/lasentinelle.dz\/index.php\/wp-json\/wp\/v2\/media\/24656"}],"wp:attachment":[{"href":"https:\/\/lasentinelle.dz\/index.php\/wp-json\/wp\/v2\/media?parent=24651"}],"wp:term":[{"taxonomy":"category","embeddable":true,"href":"https:\/\/lasentinelle.dz\/index.php\/wp-json\/wp\/v2\/categories?post=24651"},{"taxonomy":"post_tag","embeddable":true,"href":"https:\/\/lasentinelle.dz\/index.php\/wp-json\/wp\/v2\/tags?post=24651"}],"curies":[{"name":"wp","href":"https:\/\/api.w.org\/{rel}","templated":true}]}}