{"id":24685,"date":"2022-07-26T23:22:00","date_gmt":"2022-07-26T22:22:00","guid":{"rendered":"https:\/\/lasentinelle.dz\/?p=24685"},"modified":"2022-07-26T00:45:13","modified_gmt":"2022-07-25T23:45:13","slug":"lamamra-a-damas-depuis-dimanche-labsence-de-la-syrie-nuit-a-laction-arabe-commune","status":"publish","type":"post","link":"https:\/\/lasentinelle.dz\/index.php\/2022\/07\/26\/lamamra-a-damas-depuis-dimanche-labsence-de-la-syrie-nuit-a-laction-arabe-commune\/","title":{"rendered":"Lamamra \u00e0 Damas depuis dimanche\u00a0: \u00ab\u00a0L\u2019absence de la Syrie nuit \u00e0 l\u2019action arabe commune\u00a0\u00bb"},"content":{"rendered":"\n<p>Le ministre des Affaires \u00e9trang\u00e8res et de la Communaut\u00e9 nationale \u00e0 l\u2019\u00e9tranger, Ramtane Lamamra a mis en avant, hier \u00e0 Damas, toute la place que la Syrie doit occuper au sein de la Ligue arabe.&nbsp;<\/p>\n\n\n\n<p>Le ministre des Affaires \u00e9trang\u00e8res et de la Communaut\u00e9 nationale \u00e0 l\u2019\u00e9tranger a \u00e9t\u00e9 re\u00e7u hier au second jour de sa visite en Syrie par le pr\u00e9sident Bachar Al-Assad. Des entretiens qui ont permis de se pencher sur les pr\u00e9paratifs du prochain sommet de la Ligue arabe pr\u00e9vu \u00e0 Alger les 1<sup>er<\/sup>&nbsp;et 2 novembre prochain, mais aussi de souligner l\u2019importance d\u2019un retour de la Syrie au sein de la Ligue, ainsi que \u00ab&nbsp;le r\u00f4le constructif de l\u2019Alg\u00e9rie sur la sc\u00e8ne arabe&nbsp;\u00bb. Ainsi, et selon un communiqu\u00e9 du minist\u00e8re des Affaires \u00e9trang\u00e8res et de la Communaut\u00e9 nationale \u00e0 l\u2019\u00e9tranger, le pr\u00e9sident Bachar Al-Assad a exprim\u00e9 \u00abses remerciements et sa profonde gratitude \u00e0 son fr\u00e8re le Pr\u00e9sident Abdelmadjid Tebboune, mettant en avant les sentiments d&rsquo;estime, de gratitude et de confiance que voue la Syrie \u00e0 l&rsquo;Alg\u00e9rie, peuple et gouvernement, au regard des liens historiques \u00e9troits liant les deux pays et peuples fr\u00e8res et des positions constructives et positives de l&rsquo;Alg\u00e9rie vis-\u00e0-vis de la crise syrienne depuis son d\u00e9but\u00bb, note la m\u00eame source.&nbsp;&nbsp;&nbsp;&nbsp;La rencontre a \u00e9t\u00e9 l&rsquo;occasion de passer en revue les relations de fraternit\u00e9 et de coop\u00e9ration historiques entre les deux pays et de proc\u00e9der \u00e0 un \u00e9change de vues et d&rsquo;analyses sur la situation actuelle sur la sc\u00e8ne arabe et les perspectives de renforcement des relations entre les pays de la r\u00e9gion pour leur permettre de relever les d\u00e9fis communs qui se posent dans divers domaines, a pr\u00e9cis\u00e9 le communiqu\u00e9. Les entretiens ont \u00e9galement permis de \u00absouligner la ferme d\u00e9termination des dirigeants alg\u00e9rien et syrien \u00e0 renforcer et \u00e0 enrichir la coop\u00e9ration bilat\u00e9rale et \u00e0 poursuivre et intensifier la concertation et la coordination conform\u00e9ment \u00e0 leur attachement commun aux principes et objectifs de l&rsquo;action arabe commune\u00bb, selon la m\u00eame source.<\/p>\n\n\n\n<p>Par ailleurs et selon l\u2019agence de presse syrienne,&nbsp;Ramtane Lamamra, a indiqu\u00e9 que \u00abl&rsquo;absence de la Syrie de la Ligue arabe nuit \u00e0 l&rsquo;action arabe commune\u00bb. Lors d&rsquo;une conf\u00e9rence conjointe qu\u2019il a anim\u00e9e avec son homologue syrien, Faisal Mekdad, \u00e0 Damas, il&nbsp;&nbsp;a d\u00e9clar\u00e9 que \u00abl&rsquo;absence de la Syrie&nbsp;de&nbsp;la Ligue arabe est pr\u00e9judiciable \u00e0 l&rsquo;action arabe commune\u00bb. \u00abNous avons convenu de renforcer la coop\u00e9ration \u00e9conomique et commerciale pour servir les int\u00e9r\u00eats des peuples alg\u00e9rien et syrien \u00bb, a-t-il affirm\u00e9 rapporte l&rsquo;agence de presse officielle en Syrie (SANA). Il a \u00e9galement ajout\u00e9 que la conjoncture exige la&nbsp;&nbsp;n\u00e9cessit\u00e9 de&nbsp;renforcer&nbsp;des consultations entre les dirigeants des deux pays\u00bb.&nbsp;<\/p>\n\n\n\n<p>Notons que Lamamra a eu des entretiens en t\u00eate-\u00e0-t\u00eate avec son homologue syrien, Faisal Al-Miqdad, suivis d&rsquo;une s\u00e9ance de travail \u00e9largie aux d\u00e9l\u00e9gations des deux pays. Les entretiens ont port\u00e9 sur \u00abnombre de questions li\u00e9es aux relations bilat\u00e9rales et aux voies de leur renforcement, outre des questions r\u00e9gionales et internationales d&rsquo;int\u00e9r\u00eat commun. Les deux parties se sont f\u00e9licit\u00e9es des liens fraternels solides et s\u00e9culaires marquant l&rsquo;histoire commune des deux pays et deux peuples fr\u00e8res, et ont exprim\u00e9 leur aspiration \u00e0 concr\u00e9tiser les perspectives prometteuses de cette relation strat\u00e9gique et \u00e0 consacrer une harmonie et une convergence des positions entre les deux pays bas\u00e9es sur les valeurs et principes consacr\u00e9s aux plans r\u00e9gional et international\u00bb, pr\u00e9cise le communiqu\u00e9. La partie syrienne a salu\u00e9 \u00able r\u00f4le constructif et pr\u00e9pond\u00e9rant de l&rsquo;Alg\u00e9rie sur la sc\u00e8ne arabe, r\u00e9affirmant le soutien de la Syrie aux efforts consentis par l&rsquo;Alg\u00e9rie pour concr\u00e9tiser la R\u00e9conciliation nationale palestinienne, garantir une pr\u00e9paration optimale du Sommet arabe, et promouvoir des solutions pacifiques aux crises qui menacent la paix et la stabilit\u00e9 dans son voisinage r\u00e9gional et son prolongement africain\u00bb, selon la m\u00eame source.<\/p>\n\n\n\n<p><strong>Amar Malki<\/strong><\/p>\n","protected":false},"excerpt":{"rendered":"<p>Le ministre des Affaires \u00e9trang\u00e8res et de la Communaut\u00e9 nationale \u00e0 l\u2019\u00e9tranger, Ramtane Lamamra a mis en avant, hier \u00e0<\/p>\n","protected":false},"author":3,"featured_media":24724,"comment_status":"open","ping_status":"closed","sticky":false,"template":"","format":"standard","meta":{"colormag_page_container_layout":"default_layout","colormag_page_sidebar_layout":"default_layout","om_disable_all_campaigns":false,"_monsterinsights_skip_tracking":false,"_monsterinsights_sitenote_active":false,"_monsterinsights_sitenote_note":"","_monsterinsights_sitenote_category":0,"footnotes":"","_wpscppro_dont_share_socialmedia":false,"_wpscppro_custom_social_share_image":0,"_facebook_share_type":"","_twitter_share_type":"","_linkedin_share_type":"","_pinterest_share_type":"","_linkedin_share_type_page":"","_instagram_share_type":"","_medium_share_type":"","_threads_share_type":"","_google_business_share_type":"","_selected_social_profile":[],"_wpsp_enable_custom_social_template":false,"_wpsp_social_scheduling":{"enabled":false,"datetime":null,"platforms":[],"status":"template_only","dateOption":"today","timeOption":"now","customDays":"","customHours":"","customDate":"","customTime":"","schedulingType":"absolute"},"_wpsp_active_default_template":true},"categories":[52,27],"tags":[],"class_list":["post-24685","post","type-post","status-publish","format-standard","has-post-thumbnail","hentry","category-a-la-une","category-actualite"],"aioseo_notices":[],"yoast_head":"<!-- This site is optimized with the Yoast SEO plugin v27.5 - https:\/\/yoast.com\/product\/yoast-seo-wordpress\/ -->\n<title>Lamamra \u00e0 Damas depuis dimanche\u00a0: \u00ab\u00a0L\u2019absence de la Syrie nuit \u00e0 l\u2019action arabe commune\u00a0\u00bb - La Sentinelle<\/title>\n<meta name=\"robots\" content=\"index, follow, max-snippet:-1, max-image-preview:large, max-video-preview:-1\" \/>\n<link rel=\"canonical\" href=\"https:\/\/lasentinelle.dz\/index.php\/2022\/07\/26\/lamamra-a-damas-depuis-dimanche-labsence-de-la-syrie-nuit-a-laction-arabe-commune\/\" \/>\n<meta property=\"og:locale\" content=\"fr_FR\" \/>\n<meta property=\"og:type\" content=\"article\" \/>\n<meta property=\"og:title\" content=\"Lamamra \u00e0 Damas depuis dimanche\u00a0: \u00ab\u00a0L\u2019absence de la Syrie nuit \u00e0 l\u2019action arabe commune\u00a0\u00bb - La Sentinelle\" \/>\n<meta property=\"og:description\" content=\"Le ministre des Affaires \u00e9trang\u00e8res et de la Communaut\u00e9 nationale \u00e0 l\u2019\u00e9tranger, Ramtane Lamamra a mis en avant, hier \u00e0\" \/>\n<meta property=\"og:url\" content=\"https:\/\/lasentinelle.dz\/index.php\/2022\/07\/26\/lamamra-a-damas-depuis-dimanche-labsence-de-la-syrie-nuit-a-laction-arabe-commune\/\" \/>\n<meta property=\"og:site_name\" content=\"La Sentinelle\" \/>\n<meta property=\"article:publisher\" content=\"https:\/\/www.facebook.com\/La-Sentinelle-104059864394773\" \/>\n<meta property=\"article:published_time\" content=\"2022-07-26T22:22:00+00:00\" \/>\n<meta property=\"og:image\" content=\"https:\/\/lasentinelle.dz\/wp-content\/uploads\/2022\/07\/Sans-titre.png\" \/>\n\t<meta property=\"og:image:width\" content=\"1601\" \/>\n\t<meta property=\"og:image:height\" content=\"900\" \/>\n\t<meta property=\"og:image:type\" content=\"image\/png\" \/>\n<meta name=\"author\" content=\"La Sentinelle\" \/>\n<meta name=\"twitter:card\" content=\"summary_large_image\" \/>\n<meta name=\"twitter:label1\" content=\"\u00c9crit par\" \/>\n\t<meta name=\"twitter:data1\" content=\"La Sentinelle\" \/>\n\t<meta name=\"twitter:label2\" content=\"Dur\u00e9e de lecture estim\u00e9e\" \/>\n\t<meta name=\"twitter:data2\" content=\"4 minutes\" \/>\n<script type=\"application\/ld+json\" class=\"yoast-schema-graph\">{\"@context\":\"https:\\\/\\\/schema.org\",\"@graph\":[{\"@type\":\"Article\",\"@id\":\"https:\\\/\\\/lasentinelle.dz\\\/index.php\\\/2022\\\/07\\\/26\\\/lamamra-a-damas-depuis-dimanche-labsence-de-la-syrie-nuit-a-laction-arabe-commune\\\/#article\",\"isPartOf\":{\"@id\":\"https:\\\/\\\/lasentinelle.dz\\\/index.php\\\/2022\\\/07\\\/26\\\/lamamra-a-damas-depuis-dimanche-labsence-de-la-syrie-nuit-a-laction-arabe-commune\\\/\"},\"author\":{\"name\":\"La Sentinelle\",\"@id\":\"https:\\\/\\\/lasentinelle.dz\\\/#\\\/schema\\\/person\\\/d865044e22e70a75174ce8bcad3acfb3\"},\"headline\":\"Lamamra \u00e0 Damas depuis dimanche\u00a0: \u00ab\u00a0L\u2019absence de la Syrie nuit \u00e0 l\u2019action arabe commune\u00a0\u00bb\",\"datePublished\":\"2022-07-26T22:22:00+00:00\",\"mainEntityOfPage\":{\"@id\":\"https:\\\/\\\/lasentinelle.dz\\\/index.php\\\/2022\\\/07\\\/26\\\/lamamra-a-damas-depuis-dimanche-labsence-de-la-syrie-nuit-a-laction-arabe-commune\\\/\"},\"wordCount\":732,\"commentCount\":0,\"publisher\":{\"@id\":\"https:\\\/\\\/lasentinelle.dz\\\/#organization\"},\"image\":{\"@id\":\"https:\\\/\\\/lasentinelle.dz\\\/index.php\\\/2022\\\/07\\\/26\\\/lamamra-a-damas-depuis-dimanche-labsence-de-la-syrie-nuit-a-laction-arabe-commune\\\/#primaryimage\"},\"thumbnailUrl\":\"https:\\\/\\\/lasentinelle.dz\\\/wp-content\\\/uploads\\\/2022\\\/07\\\/Sans-titre.png\",\"articleSection\":[\"\u00c0 la Une\",\"Actualit\u00e9\"],\"inLanguage\":\"fr-FR\",\"potentialAction\":[{\"@type\":\"CommentAction\",\"name\":\"Comment\",\"target\":[\"https:\\\/\\\/lasentinelle.dz\\\/index.php\\\/2022\\\/07\\\/26\\\/lamamra-a-damas-depuis-dimanche-labsence-de-la-syrie-nuit-a-laction-arabe-commune\\\/#respond\"]}]},{\"@type\":\"WebPage\",\"@id\":\"https:\\\/\\\/lasentinelle.dz\\\/index.php\\\/2022\\\/07\\\/26\\\/lamamra-a-damas-depuis-dimanche-labsence-de-la-syrie-nuit-a-laction-arabe-commune\\\/\",\"url\":\"https:\\\/\\\/lasentinelle.dz\\\/index.php\\\/2022\\\/07\\\/26\\\/lamamra-a-damas-depuis-dimanche-labsence-de-la-syrie-nuit-a-laction-arabe-commune\\\/\",\"name\":\"Lamamra \u00e0 Damas depuis dimanche\u00a0: \u00ab\u00a0L\u2019absence de la Syrie nuit \u00e0 l\u2019action arabe commune\u00a0\u00bb - La Sentinelle\",\"isPartOf\":{\"@id\":\"https:\\\/\\\/lasentinelle.dz\\\/#website\"},\"primaryImageOfPage\":{\"@id\":\"https:\\\/\\\/lasentinelle.dz\\\/index.php\\\/2022\\\/07\\\/26\\\/lamamra-a-damas-depuis-dimanche-labsence-de-la-syrie-nuit-a-laction-arabe-commune\\\/#primaryimage\"},\"image\":{\"@id\":\"https:\\\/\\\/lasentinelle.dz\\\/index.php\\\/2022\\\/07\\\/26\\\/lamamra-a-damas-depuis-dimanche-labsence-de-la-syrie-nuit-a-laction-arabe-commune\\\/#primaryimage\"},\"thumbnailUrl\":\"https:\\\/\\\/lasentinelle.dz\\\/wp-content\\\/uploads\\\/2022\\\/07\\\/Sans-titre.png\",\"datePublished\":\"2022-07-26T22:22:00+00:00\",\"breadcrumb\":{\"@id\":\"https:\\\/\\\/lasentinelle.dz\\\/index.php\\\/2022\\\/07\\\/26\\\/lamamra-a-damas-depuis-dimanche-labsence-de-la-syrie-nuit-a-laction-arabe-commune\\\/#breadcrumb\"},\"inLanguage\":\"fr-FR\",\"potentialAction\":[{\"@type\":\"ReadAction\",\"target\":[\"https:\\\/\\\/lasentinelle.dz\\\/index.php\\\/2022\\\/07\\\/26\\\/lamamra-a-damas-depuis-dimanche-labsence-de-la-syrie-nuit-a-laction-arabe-commune\\\/\"]}]},{\"@type\":\"ImageObject\",\"inLanguage\":\"fr-FR\",\"@id\":\"https:\\\/\\\/lasentinelle.dz\\\/index.php\\\/2022\\\/07\\\/26\\\/lamamra-a-damas-depuis-dimanche-labsence-de-la-syrie-nuit-a-laction-arabe-commune\\\/#primaryimage\",\"url\":\"https:\\\/\\\/lasentinelle.dz\\\/wp-content\\\/uploads\\\/2022\\\/07\\\/Sans-titre.png\",\"contentUrl\":\"https:\\\/\\\/lasentinelle.dz\\\/wp-content\\\/uploads\\\/2022\\\/07\\\/Sans-titre.png\",\"width\":1601,\"height\":900},{\"@type\":\"BreadcrumbList\",\"@id\":\"https:\\\/\\\/lasentinelle.dz\\\/index.php\\\/2022\\\/07\\\/26\\\/lamamra-a-damas-depuis-dimanche-labsence-de-la-syrie-nuit-a-laction-arabe-commune\\\/#breadcrumb\",\"itemListElement\":[{\"@type\":\"ListItem\",\"position\":1,\"name\":\"Accueil\",\"item\":\"https:\\\/\\\/lasentinelle.dz\\\/\"},{\"@type\":\"ListItem\",\"position\":2,\"name\":\"Lamamra \u00e0 Damas depuis dimanche\u00a0: \u00ab\u00a0L\u2019absence de la Syrie nuit \u00e0 l\u2019action arabe commune\u00a0\u00bb\"}]},{\"@type\":\"WebSite\",\"@id\":\"https:\\\/\\\/lasentinelle.dz\\\/#website\",\"url\":\"https:\\\/\\\/lasentinelle.dz\\\/\",\"name\":\"La Sentinelle\",\"description\":\"Quotidien national d&#039;information\",\"publisher\":{\"@id\":\"https:\\\/\\\/lasentinelle.dz\\\/#organization\"},\"potentialAction\":[{\"@type\":\"SearchAction\",\"target\":{\"@type\":\"EntryPoint\",\"urlTemplate\":\"https:\\\/\\\/lasentinelle.dz\\\/?s={search_term_string}\"},\"query-input\":{\"@type\":\"PropertyValueSpecification\",\"valueRequired\":true,\"valueName\":\"search_term_string\"}}],\"inLanguage\":\"fr-FR\"},{\"@type\":\"Organization\",\"@id\":\"https:\\\/\\\/lasentinelle.dz\\\/#organization\",\"name\":\"Quotidien La Sentinelle\",\"url\":\"https:\\\/\\\/lasentinelle.dz\\\/\",\"logo\":{\"@type\":\"ImageObject\",\"inLanguage\":\"fr-FR\",\"@id\":\"https:\\\/\\\/lasentinelle.dz\\\/#\\\/schema\\\/logo\\\/image\\\/\",\"url\":\"https:\\\/\\\/lasentinelle.dz\\\/wp-content\\\/uploads\\\/2021\\\/09\\\/logo-sentinelleSLOGAN-1.png\",\"contentUrl\":\"https:\\\/\\\/lasentinelle.dz\\\/wp-content\\\/uploads\\\/2021\\\/09\\\/logo-sentinelleSLOGAN-1.png\",\"width\":615,\"height\":142,\"caption\":\"Quotidien La Sentinelle\"},\"image\":{\"@id\":\"https:\\\/\\\/lasentinelle.dz\\\/#\\\/schema\\\/logo\\\/image\\\/\"},\"sameAs\":[\"https:\\\/\\\/www.facebook.com\\\/La-Sentinelle-104059864394773\"]},{\"@type\":\"Person\",\"@id\":\"https:\\\/\\\/lasentinelle.dz\\\/#\\\/schema\\\/person\\\/d865044e22e70a75174ce8bcad3acfb3\",\"name\":\"La Sentinelle\",\"image\":{\"@type\":\"ImageObject\",\"inLanguage\":\"fr-FR\",\"@id\":\"https:\\\/\\\/secure.gravatar.com\\\/avatar\\\/57de8e5d4b15d43fb361a71fbb36338450fe67865b528a43dd10ef7c51a20392?s=96&d=mm&r=g\",\"url\":\"https:\\\/\\\/secure.gravatar.com\\\/avatar\\\/57de8e5d4b15d43fb361a71fbb36338450fe67865b528a43dd10ef7c51a20392?s=96&d=mm&r=g\",\"contentUrl\":\"https:\\\/\\\/secure.gravatar.com\\\/avatar\\\/57de8e5d4b15d43fb361a71fbb36338450fe67865b528a43dd10ef7c51a20392?s=96&d=mm&r=g\",\"caption\":\"La Sentinelle\"},\"sameAs\":[\"http:\\\/\\\/www.lasentinelle.dz\"],\"url\":\"https:\\\/\\\/lasentinelle.dz\\\/author\\\/redaction\\\/\"}]}<\/script>\n<!-- \/ Yoast SEO plugin. -->","yoast_head_json":{"title":"Lamamra \u00e0 Damas depuis dimanche\u00a0: \u00ab\u00a0L\u2019absence de la Syrie nuit \u00e0 l\u2019action arabe commune\u00a0\u00bb - La Sentinelle","robots":{"index":"index","follow":"follow","max-snippet":"max-snippet:-1","max-image-preview":"max-image-preview:large","max-video-preview":"max-video-preview:-1"},"canonical":"https:\/\/lasentinelle.dz\/index.php\/2022\/07\/26\/lamamra-a-damas-depuis-dimanche-labsence-de-la-syrie-nuit-a-laction-arabe-commune\/","og_locale":"fr_FR","og_type":"article","og_title":"Lamamra \u00e0 Damas depuis dimanche\u00a0: \u00ab\u00a0L\u2019absence de la Syrie nuit \u00e0 l\u2019action arabe commune\u00a0\u00bb - La Sentinelle","og_description":"Le ministre des Affaires \u00e9trang\u00e8res et de la Communaut\u00e9 nationale \u00e0 l\u2019\u00e9tranger, Ramtane Lamamra a mis en avant, hier \u00e0","og_url":"https:\/\/lasentinelle.dz\/index.php\/2022\/07\/26\/lamamra-a-damas-depuis-dimanche-labsence-de-la-syrie-nuit-a-laction-arabe-commune\/","og_site_name":"La Sentinelle","article_publisher":"https:\/\/www.facebook.com\/La-Sentinelle-104059864394773","article_published_time":"2022-07-26T22:22:00+00:00","og_image":[{"width":1601,"height":900,"url":"https:\/\/lasentinelle.dz\/wp-content\/uploads\/2022\/07\/Sans-titre.png","type":"image\/png"}],"author":"La Sentinelle","twitter_card":"summary_large_image","twitter_misc":{"\u00c9crit par":"La Sentinelle","Dur\u00e9e de lecture estim\u00e9e":"4 minutes"},"schema":{"@context":"https:\/\/schema.org","@graph":[{"@type":"Article","@id":"https:\/\/lasentinelle.dz\/index.php\/2022\/07\/26\/lamamra-a-damas-depuis-dimanche-labsence-de-la-syrie-nuit-a-laction-arabe-commune\/#article","isPartOf":{"@id":"https:\/\/lasentinelle.dz\/index.php\/2022\/07\/26\/lamamra-a-damas-depuis-dimanche-labsence-de-la-syrie-nuit-a-laction-arabe-commune\/"},"author":{"name":"La Sentinelle","@id":"https:\/\/lasentinelle.dz\/#\/schema\/person\/d865044e22e70a75174ce8bcad3acfb3"},"headline":"Lamamra \u00e0 Damas depuis dimanche\u00a0: \u00ab\u00a0L\u2019absence de la Syrie nuit \u00e0 l\u2019action arabe commune\u00a0\u00bb","datePublished":"2022-07-26T22:22:00+00:00","mainEntityOfPage":{"@id":"https:\/\/lasentinelle.dz\/index.php\/2022\/07\/26\/lamamra-a-damas-depuis-dimanche-labsence-de-la-syrie-nuit-a-laction-arabe-commune\/"},"wordCount":732,"commentCount":0,"publisher":{"@id":"https:\/\/lasentinelle.dz\/#organization"},"image":{"@id":"https:\/\/lasentinelle.dz\/index.php\/2022\/07\/26\/lamamra-a-damas-depuis-dimanche-labsence-de-la-syrie-nuit-a-laction-arabe-commune\/#primaryimage"},"thumbnailUrl":"https:\/\/lasentinelle.dz\/wp-content\/uploads\/2022\/07\/Sans-titre.png","articleSection":["\u00c0 la Une","Actualit\u00e9"],"inLanguage":"fr-FR","potentialAction":[{"@type":"CommentAction","name":"Comment","target":["https:\/\/lasentinelle.dz\/index.php\/2022\/07\/26\/lamamra-a-damas-depuis-dimanche-labsence-de-la-syrie-nuit-a-laction-arabe-commune\/#respond"]}]},{"@type":"WebPage","@id":"https:\/\/lasentinelle.dz\/index.php\/2022\/07\/26\/lamamra-a-damas-depuis-dimanche-labsence-de-la-syrie-nuit-a-laction-arabe-commune\/","url":"https:\/\/lasentinelle.dz\/index.php\/2022\/07\/26\/lamamra-a-damas-depuis-dimanche-labsence-de-la-syrie-nuit-a-laction-arabe-commune\/","name":"Lamamra \u00e0 Damas depuis dimanche\u00a0: \u00ab\u00a0L\u2019absence de la Syrie nuit \u00e0 l\u2019action arabe commune\u00a0\u00bb - La Sentinelle","isPartOf":{"@id":"https:\/\/lasentinelle.dz\/#website"},"primaryImageOfPage":{"@id":"https:\/\/lasentinelle.dz\/index.php\/2022\/07\/26\/lamamra-a-damas-depuis-dimanche-labsence-de-la-syrie-nuit-a-laction-arabe-commune\/#primaryimage"},"image":{"@id":"https:\/\/lasentinelle.dz\/index.php\/2022\/07\/26\/lamamra-a-damas-depuis-dimanche-labsence-de-la-syrie-nuit-a-laction-arabe-commune\/#primaryimage"},"thumbnailUrl":"https:\/\/lasentinelle.dz\/wp-content\/uploads\/2022\/07\/Sans-titre.png","datePublished":"2022-07-26T22:22:00+00:00","breadcrumb":{"@id":"https:\/\/lasentinelle.dz\/index.php\/2022\/07\/26\/lamamra-a-damas-depuis-dimanche-labsence-de-la-syrie-nuit-a-laction-arabe-commune\/#breadcrumb"},"inLanguage":"fr-FR","potentialAction":[{"@type":"ReadAction","target":["https:\/\/lasentinelle.dz\/index.php\/2022\/07\/26\/lamamra-a-damas-depuis-dimanche-labsence-de-la-syrie-nuit-a-laction-arabe-commune\/"]}]},{"@type":"ImageObject","inLanguage":"fr-FR","@id":"https:\/\/lasentinelle.dz\/index.php\/2022\/07\/26\/lamamra-a-damas-depuis-dimanche-labsence-de-la-syrie-nuit-a-laction-arabe-commune\/#primaryimage","url":"https:\/\/lasentinelle.dz\/wp-content\/uploads\/2022\/07\/Sans-titre.png","contentUrl":"https:\/\/lasentinelle.dz\/wp-content\/uploads\/2022\/07\/Sans-titre.png","width":1601,"height":900},{"@type":"BreadcrumbList","@id":"https:\/\/lasentinelle.dz\/index.php\/2022\/07\/26\/lamamra-a-damas-depuis-dimanche-labsence-de-la-syrie-nuit-a-laction-arabe-commune\/#breadcrumb","itemListElement":[{"@type":"ListItem","position":1,"name":"Accueil","item":"https:\/\/lasentinelle.dz\/"},{"@type":"ListItem","position":2,"name":"Lamamra \u00e0 Damas depuis dimanche\u00a0: \u00ab\u00a0L\u2019absence de la Syrie nuit \u00e0 l\u2019action arabe commune\u00a0\u00bb"}]},{"@type":"WebSite","@id":"https:\/\/lasentinelle.dz\/#website","url":"https:\/\/lasentinelle.dz\/","name":"La Sentinelle","description":"Quotidien national d&#039;information","publisher":{"@id":"https:\/\/lasentinelle.dz\/#organization"},"potentialAction":[{"@type":"SearchAction","target":{"@type":"EntryPoint","urlTemplate":"https:\/\/lasentinelle.dz\/?s={search_term_string}"},"query-input":{"@type":"PropertyValueSpecification","valueRequired":true,"valueName":"search_term_string"}}],"inLanguage":"fr-FR"},{"@type":"Organization","@id":"https:\/\/lasentinelle.dz\/#organization","name":"Quotidien La Sentinelle","url":"https:\/\/lasentinelle.dz\/","logo":{"@type":"ImageObject","inLanguage":"fr-FR","@id":"https:\/\/lasentinelle.dz\/#\/schema\/logo\/image\/","url":"https:\/\/lasentinelle.dz\/wp-content\/uploads\/2021\/09\/logo-sentinelleSLOGAN-1.png","contentUrl":"https:\/\/lasentinelle.dz\/wp-content\/uploads\/2021\/09\/logo-sentinelleSLOGAN-1.png","width":615,"height":142,"caption":"Quotidien La Sentinelle"},"image":{"@id":"https:\/\/lasentinelle.dz\/#\/schema\/logo\/image\/"},"sameAs":["https:\/\/www.facebook.com\/La-Sentinelle-104059864394773"]},{"@type":"Person","@id":"https:\/\/lasentinelle.dz\/#\/schema\/person\/d865044e22e70a75174ce8bcad3acfb3","name":"La Sentinelle","image":{"@type":"ImageObject","inLanguage":"fr-FR","@id":"https:\/\/secure.gravatar.com\/avatar\/57de8e5d4b15d43fb361a71fbb36338450fe67865b528a43dd10ef7c51a20392?s=96&d=mm&r=g","url":"https:\/\/secure.gravatar.com\/avatar\/57de8e5d4b15d43fb361a71fbb36338450fe67865b528a43dd10ef7c51a20392?s=96&d=mm&r=g","contentUrl":"https:\/\/secure.gravatar.com\/avatar\/57de8e5d4b15d43fb361a71fbb36338450fe67865b528a43dd10ef7c51a20392?s=96&d=mm&r=g","caption":"La Sentinelle"},"sameAs":["http:\/\/www.lasentinelle.dz"],"url":"https:\/\/lasentinelle.dz\/author\/redaction\/"}]}},"_links":{"self":[{"href":"https:\/\/lasentinelle.dz\/index.php\/wp-json\/wp\/v2\/posts\/24685","targetHints":{"allow":["GET"]}}],"collection":[{"href":"https:\/\/lasentinelle.dz\/index.php\/wp-json\/wp\/v2\/posts"}],"about":[{"href":"https:\/\/lasentinelle.dz\/index.php\/wp-json\/wp\/v2\/types\/post"}],"author":[{"embeddable":true,"href":"https:\/\/lasentinelle.dz\/index.php\/wp-json\/wp\/v2\/users\/3"}],"replies":[{"embeddable":true,"href":"https:\/\/lasentinelle.dz\/index.php\/wp-json\/wp\/v2\/comments?post=24685"}],"version-history":[{"count":1,"href":"https:\/\/lasentinelle.dz\/index.php\/wp-json\/wp\/v2\/posts\/24685\/revisions"}],"predecessor-version":[{"id":24728,"href":"https:\/\/lasentinelle.dz\/index.php\/wp-json\/wp\/v2\/posts\/24685\/revisions\/24728"}],"wp:featuredmedia":[{"embeddable":true,"href":"https:\/\/lasentinelle.dz\/index.php\/wp-json\/wp\/v2\/media\/24724"}],"wp:attachment":[{"href":"https:\/\/lasentinelle.dz\/index.php\/wp-json\/wp\/v2\/media?parent=24685"}],"wp:term":[{"taxonomy":"category","embeddable":true,"href":"https:\/\/lasentinelle.dz\/index.php\/wp-json\/wp\/v2\/categories?post=24685"},{"taxonomy":"post_tag","embeddable":true,"href":"https:\/\/lasentinelle.dz\/index.php\/wp-json\/wp\/v2\/tags?post=24685"}],"curies":[{"name":"wp","href":"https:\/\/api.w.org\/{rel}","templated":true}]}}