{"id":24716,"date":"2022-07-26T00:44:03","date_gmt":"2022-07-25T23:44:03","guid":{"rendered":"https:\/\/lasentinelle.dz\/?p=24716"},"modified":"2022-07-26T00:44:21","modified_gmt":"2022-07-25T23:44:21","slug":"universite-9451-des-bacheliers-ont-finalise-les-preinscriptions","status":"publish","type":"post","link":"https:\/\/lasentinelle.dz\/index.php\/2022\/07\/26\/universite-9451-des-bacheliers-ont-finalise-les-preinscriptions\/","title":{"rendered":"Universit\u00e9\u00a0:\u00a094,51% des bacheliers\u00a0ont finalis\u00e9 les pr\u00e9inscriptions"},"content":{"rendered":"\n<p>\u00abPas moins de 326.406 \u00e9tudiants, soit 94,51% des bacheliers admis lors de la session de juin 2022, ont effectu\u00e9 leurs premi\u00e8res inscriptions via le portail en ligne du minist\u00e8re de l&rsquo;Enseignement sup\u00e9rieur et de la Recherche scientifique mis en place \u00e0 cet effet\u00bb,&nbsp;a indiqu\u00e9 hier le d\u00e9partement d\u2019Abdelbaki Benziane. La m\u00eame source a expliqu\u00e9 que \u00absur un total de 345 382 \u00e9l\u00e8ves, ayant r\u00e9ussi le baccalaur\u00e9at, 326 406 \u00e9l\u00e8ves ont effectu\u00e9 leurs premi\u00e8res inscriptions en ligne, ce qui \u00e9quivaut \u00e0 94,51% du total des nouveaux&nbsp;laur\u00e9ats&nbsp;du baccalaur\u00e9at\u00bb, notant que \u00abce taux augmentera apr\u00e8s la fin du d\u00e9lai pr\u00e9vu pour la confirmation des inscriptions initiales\u00bb. Le&nbsp;minist\u00e8re de l&rsquo;Enseignement Sup\u00e9rieur et de la Recherche Scientifique a&nbsp;pr\u00e9cis\u00e9 que \u00able processus d&rsquo;inscription initial se fait en remplissant&nbsp;la fiche des v\u0153ux&nbsp;en ligne via l&rsquo;adresse \u00e9lectronique https:\/\/www.orientation-esi.dz\u00bb , notant&nbsp;que le bachelier doit remplir sa fiche de v\u0153ux par ordre d\u00e9croissant (entre 6 et 10 choix au maximum) et imprimer la liste des fili\u00e8res auxquelles il ouvre droit, a soulign\u00e9 le minist\u00e8re. Au moins deux (2) parcours de formation de licence \u00e0 inscription locale ou r\u00e9gionale assur\u00e9s par un \u00e9tablissement universitaire doivent y figurer, selon le minist\u00e8re. Les r\u00e9sultats seront mis en ligne le 3 ao\u00fbt 2022 et les entretiens des candidats orient\u00e9s vers les \u00e9coles sup\u00e9rieures des enseignants se tiendront du 4 au 8 ao\u00fbt 2022. Pour rappel, le ministre de l&rsquo;Enseignement et de la Recherche scientifique, Abdelbaki Benziane a affirm\u00e9 dimanche \u00e0 Alger, que \u00ab\u00a0tous les moyens humains et mat\u00e9riels ont \u00e9t\u00e9 assur\u00e9s, en vue de mener \u00e0 bien les inscriptions universitaires des nouveaux bacheliers de la session juin 2022\u00a0\u00bb. Relevant que l&rsquo;actuelle \u00e9tape concernait la pr\u00e9inscription qui permet aux \u00e9tudiants de classer leurs six v\u0153ux et, une fois la pr\u00e9inscription est confirm\u00e9e, l&rsquo;examen des v\u0153ux interviendra selon les crit\u00e8res de l&rsquo;orientation, le ministre a affirm\u00e9 que le minist\u00e8re est \u00ab\u00a0dispos\u00e9 \u00e0 recevoir les \u00e9tudiants et \u00e0 assurer les prestations universitaires ad\u00e9quates, dont l&rsquo;h\u00e9bergement\u00a0\u00bb.<\/p>\n\n\n\n<p><strong>Salim Abdenour<\/strong><\/p>\n","protected":false},"excerpt":{"rendered":"<p>\u00abPas moins de 326.406 \u00e9tudiants, soit 94,51% des bacheliers admis lors de la session de juin 2022, ont effectu\u00e9 leurs<\/p>\n","protected":false},"author":3,"featured_media":24723,"comment_status":"open","ping_status":"closed","sticky":false,"template":"","format":"standard","meta":{"colormag_page_container_layout":"default_layout","colormag_page_sidebar_layout":"default_layout","om_disable_all_campaigns":false,"_monsterinsights_skip_tracking":false,"_monsterinsights_sitenote_active":false,"_monsterinsights_sitenote_note":"","_monsterinsights_sitenote_category":0,"footnotes":"","_wpscppro_dont_share_socialmedia":false,"_wpscppro_custom_social_share_image":0,"_facebook_share_type":"","_twitter_share_type":"","_linkedin_share_type":"","_pinterest_share_type":"","_linkedin_share_type_page":"","_instagram_share_type":"","_medium_share_type":"","_threads_share_type":"","_google_business_share_type":"","_selected_social_profile":[],"_wpsp_enable_custom_social_template":false,"_wpsp_social_scheduling":{"enabled":false,"datetime":null,"platforms":[],"status":"template_only","dateOption":"today","timeOption":"now","customDays":"","customHours":"","customDate":"","customTime":"","schedulingType":"absolute"},"_wpsp_active_default_template":true},"categories":[27],"tags":[],"class_list":["post-24716","post","type-post","status-publish","format-standard","has-post-thumbnail","hentry","category-actualite"],"aioseo_notices":[],"yoast_head":"<!-- This site is optimized with the Yoast SEO plugin v27.5 - https:\/\/yoast.com\/product\/yoast-seo-wordpress\/ -->\n<title>Universit\u00e9\u00a0:\u00a094,51% des bacheliers\u00a0ont finalis\u00e9 les pr\u00e9inscriptions - La Sentinelle<\/title>\n<meta name=\"robots\" content=\"index, follow, max-snippet:-1, max-image-preview:large, max-video-preview:-1\" \/>\n<link rel=\"canonical\" href=\"https:\/\/lasentinelle.dz\/index.php\/2022\/07\/26\/universite-9451-des-bacheliers-ont-finalise-les-preinscriptions\/\" \/>\n<meta property=\"og:locale\" content=\"fr_FR\" \/>\n<meta property=\"og:type\" content=\"article\" \/>\n<meta property=\"og:title\" content=\"Universit\u00e9\u00a0:\u00a094,51% des bacheliers\u00a0ont finalis\u00e9 les pr\u00e9inscriptions - La Sentinelle\" \/>\n<meta property=\"og:description\" content=\"\u00abPas moins de 326.406 \u00e9tudiants, soit 94,51% des bacheliers admis lors de la session de juin 2022, ont effectu\u00e9 leurs\" \/>\n<meta property=\"og:url\" content=\"https:\/\/lasentinelle.dz\/index.php\/2022\/07\/26\/universite-9451-des-bacheliers-ont-finalise-les-preinscriptions\/\" \/>\n<meta property=\"og:site_name\" content=\"La Sentinelle\" \/>\n<meta property=\"article:publisher\" content=\"https:\/\/www.facebook.com\/La-Sentinelle-104059864394773\" \/>\n<meta property=\"article:published_time\" content=\"2022-07-25T23:44:03+00:00\" \/>\n<meta property=\"article:modified_time\" content=\"2022-07-25T23:44:21+00:00\" \/>\n<meta property=\"og:image\" content=\"https:\/\/lasentinelle.dz\/wp-content\/uploads\/2022\/07\/3b9cbb5ca66411209038b9dc3a3d93f5_M.jpg\" \/>\n\t<meta property=\"og:image:width\" content=\"580\" \/>\n\t<meta property=\"og:image:height\" content=\"350\" \/>\n\t<meta property=\"og:image:type\" content=\"image\/jpeg\" \/>\n<meta name=\"author\" content=\"La Sentinelle\" \/>\n<meta name=\"twitter:card\" content=\"summary_large_image\" \/>\n<meta name=\"twitter:label1\" content=\"\u00c9crit par\" \/>\n\t<meta name=\"twitter:data1\" content=\"La Sentinelle\" \/>\n\t<meta name=\"twitter:label2\" content=\"Dur\u00e9e de lecture estim\u00e9e\" \/>\n\t<meta name=\"twitter:data2\" content=\"2 minutes\" \/>\n<script type=\"application\/ld+json\" class=\"yoast-schema-graph\">{\"@context\":\"https:\\\/\\\/schema.org\",\"@graph\":[{\"@type\":\"Article\",\"@id\":\"https:\\\/\\\/lasentinelle.dz\\\/index.php\\\/2022\\\/07\\\/26\\\/universite-9451-des-bacheliers-ont-finalise-les-preinscriptions\\\/#article\",\"isPartOf\":{\"@id\":\"https:\\\/\\\/lasentinelle.dz\\\/index.php\\\/2022\\\/07\\\/26\\\/universite-9451-des-bacheliers-ont-finalise-les-preinscriptions\\\/\"},\"author\":{\"name\":\"La Sentinelle\",\"@id\":\"https:\\\/\\\/lasentinelle.dz\\\/#\\\/schema\\\/person\\\/d865044e22e70a75174ce8bcad3acfb3\"},\"headline\":\"Universit\u00e9\u00a0:\u00a094,51% des bacheliers\u00a0ont finalis\u00e9 les pr\u00e9inscriptions\",\"datePublished\":\"2022-07-25T23:44:03+00:00\",\"dateModified\":\"2022-07-25T23:44:21+00:00\",\"mainEntityOfPage\":{\"@id\":\"https:\\\/\\\/lasentinelle.dz\\\/index.php\\\/2022\\\/07\\\/26\\\/universite-9451-des-bacheliers-ont-finalise-les-preinscriptions\\\/\"},\"wordCount\":374,\"commentCount\":0,\"publisher\":{\"@id\":\"https:\\\/\\\/lasentinelle.dz\\\/#organization\"},\"image\":{\"@id\":\"https:\\\/\\\/lasentinelle.dz\\\/index.php\\\/2022\\\/07\\\/26\\\/universite-9451-des-bacheliers-ont-finalise-les-preinscriptions\\\/#primaryimage\"},\"thumbnailUrl\":\"https:\\\/\\\/lasentinelle.dz\\\/wp-content\\\/uploads\\\/2022\\\/07\\\/3b9cbb5ca66411209038b9dc3a3d93f5_M.jpg\",\"articleSection\":[\"Actualit\u00e9\"],\"inLanguage\":\"fr-FR\",\"potentialAction\":[{\"@type\":\"CommentAction\",\"name\":\"Comment\",\"target\":[\"https:\\\/\\\/lasentinelle.dz\\\/index.php\\\/2022\\\/07\\\/26\\\/universite-9451-des-bacheliers-ont-finalise-les-preinscriptions\\\/#respond\"]}]},{\"@type\":\"WebPage\",\"@id\":\"https:\\\/\\\/lasentinelle.dz\\\/index.php\\\/2022\\\/07\\\/26\\\/universite-9451-des-bacheliers-ont-finalise-les-preinscriptions\\\/\",\"url\":\"https:\\\/\\\/lasentinelle.dz\\\/index.php\\\/2022\\\/07\\\/26\\\/universite-9451-des-bacheliers-ont-finalise-les-preinscriptions\\\/\",\"name\":\"Universit\u00e9\u00a0:\u00a094,51% des bacheliers\u00a0ont finalis\u00e9 les pr\u00e9inscriptions - La Sentinelle\",\"isPartOf\":{\"@id\":\"https:\\\/\\\/lasentinelle.dz\\\/#website\"},\"primaryImageOfPage\":{\"@id\":\"https:\\\/\\\/lasentinelle.dz\\\/index.php\\\/2022\\\/07\\\/26\\\/universite-9451-des-bacheliers-ont-finalise-les-preinscriptions\\\/#primaryimage\"},\"image\":{\"@id\":\"https:\\\/\\\/lasentinelle.dz\\\/index.php\\\/2022\\\/07\\\/26\\\/universite-9451-des-bacheliers-ont-finalise-les-preinscriptions\\\/#primaryimage\"},\"thumbnailUrl\":\"https:\\\/\\\/lasentinelle.dz\\\/wp-content\\\/uploads\\\/2022\\\/07\\\/3b9cbb5ca66411209038b9dc3a3d93f5_M.jpg\",\"datePublished\":\"2022-07-25T23:44:03+00:00\",\"dateModified\":\"2022-07-25T23:44:21+00:00\",\"breadcrumb\":{\"@id\":\"https:\\\/\\\/lasentinelle.dz\\\/index.php\\\/2022\\\/07\\\/26\\\/universite-9451-des-bacheliers-ont-finalise-les-preinscriptions\\\/#breadcrumb\"},\"inLanguage\":\"fr-FR\",\"potentialAction\":[{\"@type\":\"ReadAction\",\"target\":[\"https:\\\/\\\/lasentinelle.dz\\\/index.php\\\/2022\\\/07\\\/26\\\/universite-9451-des-bacheliers-ont-finalise-les-preinscriptions\\\/\"]}]},{\"@type\":\"ImageObject\",\"inLanguage\":\"fr-FR\",\"@id\":\"https:\\\/\\\/lasentinelle.dz\\\/index.php\\\/2022\\\/07\\\/26\\\/universite-9451-des-bacheliers-ont-finalise-les-preinscriptions\\\/#primaryimage\",\"url\":\"https:\\\/\\\/lasentinelle.dz\\\/wp-content\\\/uploads\\\/2022\\\/07\\\/3b9cbb5ca66411209038b9dc3a3d93f5_M.jpg\",\"contentUrl\":\"https:\\\/\\\/lasentinelle.dz\\\/wp-content\\\/uploads\\\/2022\\\/07\\\/3b9cbb5ca66411209038b9dc3a3d93f5_M.jpg\",\"width\":580,\"height\":350},{\"@type\":\"BreadcrumbList\",\"@id\":\"https:\\\/\\\/lasentinelle.dz\\\/index.php\\\/2022\\\/07\\\/26\\\/universite-9451-des-bacheliers-ont-finalise-les-preinscriptions\\\/#breadcrumb\",\"itemListElement\":[{\"@type\":\"ListItem\",\"position\":1,\"name\":\"Accueil\",\"item\":\"https:\\\/\\\/lasentinelle.dz\\\/\"},{\"@type\":\"ListItem\",\"position\":2,\"name\":\"Universit\u00e9\u00a0:\u00a094,51% des bacheliers\u00a0ont finalis\u00e9 les pr\u00e9inscriptions\"}]},{\"@type\":\"WebSite\",\"@id\":\"https:\\\/\\\/lasentinelle.dz\\\/#website\",\"url\":\"https:\\\/\\\/lasentinelle.dz\\\/\",\"name\":\"La Sentinelle\",\"description\":\"Quotidien national d&#039;information\",\"publisher\":{\"@id\":\"https:\\\/\\\/lasentinelle.dz\\\/#organization\"},\"potentialAction\":[{\"@type\":\"SearchAction\",\"target\":{\"@type\":\"EntryPoint\",\"urlTemplate\":\"https:\\\/\\\/lasentinelle.dz\\\/?s={search_term_string}\"},\"query-input\":{\"@type\":\"PropertyValueSpecification\",\"valueRequired\":true,\"valueName\":\"search_term_string\"}}],\"inLanguage\":\"fr-FR\"},{\"@type\":\"Organization\",\"@id\":\"https:\\\/\\\/lasentinelle.dz\\\/#organization\",\"name\":\"Quotidien La Sentinelle\",\"url\":\"https:\\\/\\\/lasentinelle.dz\\\/\",\"logo\":{\"@type\":\"ImageObject\",\"inLanguage\":\"fr-FR\",\"@id\":\"https:\\\/\\\/lasentinelle.dz\\\/#\\\/schema\\\/logo\\\/image\\\/\",\"url\":\"https:\\\/\\\/lasentinelle.dz\\\/wp-content\\\/uploads\\\/2021\\\/09\\\/logo-sentinelleSLOGAN-1.png\",\"contentUrl\":\"https:\\\/\\\/lasentinelle.dz\\\/wp-content\\\/uploads\\\/2021\\\/09\\\/logo-sentinelleSLOGAN-1.png\",\"width\":615,\"height\":142,\"caption\":\"Quotidien La Sentinelle\"},\"image\":{\"@id\":\"https:\\\/\\\/lasentinelle.dz\\\/#\\\/schema\\\/logo\\\/image\\\/\"},\"sameAs\":[\"https:\\\/\\\/www.facebook.com\\\/La-Sentinelle-104059864394773\"]},{\"@type\":\"Person\",\"@id\":\"https:\\\/\\\/lasentinelle.dz\\\/#\\\/schema\\\/person\\\/d865044e22e70a75174ce8bcad3acfb3\",\"name\":\"La Sentinelle\",\"image\":{\"@type\":\"ImageObject\",\"inLanguage\":\"fr-FR\",\"@id\":\"https:\\\/\\\/secure.gravatar.com\\\/avatar\\\/57de8e5d4b15d43fb361a71fbb36338450fe67865b528a43dd10ef7c51a20392?s=96&d=mm&r=g\",\"url\":\"https:\\\/\\\/secure.gravatar.com\\\/avatar\\\/57de8e5d4b15d43fb361a71fbb36338450fe67865b528a43dd10ef7c51a20392?s=96&d=mm&r=g\",\"contentUrl\":\"https:\\\/\\\/secure.gravatar.com\\\/avatar\\\/57de8e5d4b15d43fb361a71fbb36338450fe67865b528a43dd10ef7c51a20392?s=96&d=mm&r=g\",\"caption\":\"La Sentinelle\"},\"sameAs\":[\"http:\\\/\\\/www.lasentinelle.dz\"],\"url\":\"https:\\\/\\\/lasentinelle.dz\\\/author\\\/redaction\\\/\"}]}<\/script>\n<!-- \/ Yoast SEO plugin. -->","yoast_head_json":{"title":"Universit\u00e9\u00a0:\u00a094,51% des bacheliers\u00a0ont finalis\u00e9 les pr\u00e9inscriptions - La Sentinelle","robots":{"index":"index","follow":"follow","max-snippet":"max-snippet:-1","max-image-preview":"max-image-preview:large","max-video-preview":"max-video-preview:-1"},"canonical":"https:\/\/lasentinelle.dz\/index.php\/2022\/07\/26\/universite-9451-des-bacheliers-ont-finalise-les-preinscriptions\/","og_locale":"fr_FR","og_type":"article","og_title":"Universit\u00e9\u00a0:\u00a094,51% des bacheliers\u00a0ont finalis\u00e9 les pr\u00e9inscriptions - La Sentinelle","og_description":"\u00abPas moins de 326.406 \u00e9tudiants, soit 94,51% des bacheliers admis lors de la session de juin 2022, ont effectu\u00e9 leurs","og_url":"https:\/\/lasentinelle.dz\/index.php\/2022\/07\/26\/universite-9451-des-bacheliers-ont-finalise-les-preinscriptions\/","og_site_name":"La Sentinelle","article_publisher":"https:\/\/www.facebook.com\/La-Sentinelle-104059864394773","article_published_time":"2022-07-25T23:44:03+00:00","article_modified_time":"2022-07-25T23:44:21+00:00","og_image":[{"width":580,"height":350,"url":"https:\/\/lasentinelle.dz\/wp-content\/uploads\/2022\/07\/3b9cbb5ca66411209038b9dc3a3d93f5_M.jpg","type":"image\/jpeg"}],"author":"La Sentinelle","twitter_card":"summary_large_image","twitter_misc":{"\u00c9crit par":"La Sentinelle","Dur\u00e9e de lecture estim\u00e9e":"2 minutes"},"schema":{"@context":"https:\/\/schema.org","@graph":[{"@type":"Article","@id":"https:\/\/lasentinelle.dz\/index.php\/2022\/07\/26\/universite-9451-des-bacheliers-ont-finalise-les-preinscriptions\/#article","isPartOf":{"@id":"https:\/\/lasentinelle.dz\/index.php\/2022\/07\/26\/universite-9451-des-bacheliers-ont-finalise-les-preinscriptions\/"},"author":{"name":"La Sentinelle","@id":"https:\/\/lasentinelle.dz\/#\/schema\/person\/d865044e22e70a75174ce8bcad3acfb3"},"headline":"Universit\u00e9\u00a0:\u00a094,51% des bacheliers\u00a0ont finalis\u00e9 les pr\u00e9inscriptions","datePublished":"2022-07-25T23:44:03+00:00","dateModified":"2022-07-25T23:44:21+00:00","mainEntityOfPage":{"@id":"https:\/\/lasentinelle.dz\/index.php\/2022\/07\/26\/universite-9451-des-bacheliers-ont-finalise-les-preinscriptions\/"},"wordCount":374,"commentCount":0,"publisher":{"@id":"https:\/\/lasentinelle.dz\/#organization"},"image":{"@id":"https:\/\/lasentinelle.dz\/index.php\/2022\/07\/26\/universite-9451-des-bacheliers-ont-finalise-les-preinscriptions\/#primaryimage"},"thumbnailUrl":"https:\/\/lasentinelle.dz\/wp-content\/uploads\/2022\/07\/3b9cbb5ca66411209038b9dc3a3d93f5_M.jpg","articleSection":["Actualit\u00e9"],"inLanguage":"fr-FR","potentialAction":[{"@type":"CommentAction","name":"Comment","target":["https:\/\/lasentinelle.dz\/index.php\/2022\/07\/26\/universite-9451-des-bacheliers-ont-finalise-les-preinscriptions\/#respond"]}]},{"@type":"WebPage","@id":"https:\/\/lasentinelle.dz\/index.php\/2022\/07\/26\/universite-9451-des-bacheliers-ont-finalise-les-preinscriptions\/","url":"https:\/\/lasentinelle.dz\/index.php\/2022\/07\/26\/universite-9451-des-bacheliers-ont-finalise-les-preinscriptions\/","name":"Universit\u00e9\u00a0:\u00a094,51% des bacheliers\u00a0ont finalis\u00e9 les pr\u00e9inscriptions - La Sentinelle","isPartOf":{"@id":"https:\/\/lasentinelle.dz\/#website"},"primaryImageOfPage":{"@id":"https:\/\/lasentinelle.dz\/index.php\/2022\/07\/26\/universite-9451-des-bacheliers-ont-finalise-les-preinscriptions\/#primaryimage"},"image":{"@id":"https:\/\/lasentinelle.dz\/index.php\/2022\/07\/26\/universite-9451-des-bacheliers-ont-finalise-les-preinscriptions\/#primaryimage"},"thumbnailUrl":"https:\/\/lasentinelle.dz\/wp-content\/uploads\/2022\/07\/3b9cbb5ca66411209038b9dc3a3d93f5_M.jpg","datePublished":"2022-07-25T23:44:03+00:00","dateModified":"2022-07-25T23:44:21+00:00","breadcrumb":{"@id":"https:\/\/lasentinelle.dz\/index.php\/2022\/07\/26\/universite-9451-des-bacheliers-ont-finalise-les-preinscriptions\/#breadcrumb"},"inLanguage":"fr-FR","potentialAction":[{"@type":"ReadAction","target":["https:\/\/lasentinelle.dz\/index.php\/2022\/07\/26\/universite-9451-des-bacheliers-ont-finalise-les-preinscriptions\/"]}]},{"@type":"ImageObject","inLanguage":"fr-FR","@id":"https:\/\/lasentinelle.dz\/index.php\/2022\/07\/26\/universite-9451-des-bacheliers-ont-finalise-les-preinscriptions\/#primaryimage","url":"https:\/\/lasentinelle.dz\/wp-content\/uploads\/2022\/07\/3b9cbb5ca66411209038b9dc3a3d93f5_M.jpg","contentUrl":"https:\/\/lasentinelle.dz\/wp-content\/uploads\/2022\/07\/3b9cbb5ca66411209038b9dc3a3d93f5_M.jpg","width":580,"height":350},{"@type":"BreadcrumbList","@id":"https:\/\/lasentinelle.dz\/index.php\/2022\/07\/26\/universite-9451-des-bacheliers-ont-finalise-les-preinscriptions\/#breadcrumb","itemListElement":[{"@type":"ListItem","position":1,"name":"Accueil","item":"https:\/\/lasentinelle.dz\/"},{"@type":"ListItem","position":2,"name":"Universit\u00e9\u00a0:\u00a094,51% des bacheliers\u00a0ont finalis\u00e9 les pr\u00e9inscriptions"}]},{"@type":"WebSite","@id":"https:\/\/lasentinelle.dz\/#website","url":"https:\/\/lasentinelle.dz\/","name":"La Sentinelle","description":"Quotidien national d&#039;information","publisher":{"@id":"https:\/\/lasentinelle.dz\/#organization"},"potentialAction":[{"@type":"SearchAction","target":{"@type":"EntryPoint","urlTemplate":"https:\/\/lasentinelle.dz\/?s={search_term_string}"},"query-input":{"@type":"PropertyValueSpecification","valueRequired":true,"valueName":"search_term_string"}}],"inLanguage":"fr-FR"},{"@type":"Organization","@id":"https:\/\/lasentinelle.dz\/#organization","name":"Quotidien La Sentinelle","url":"https:\/\/lasentinelle.dz\/","logo":{"@type":"ImageObject","inLanguage":"fr-FR","@id":"https:\/\/lasentinelle.dz\/#\/schema\/logo\/image\/","url":"https:\/\/lasentinelle.dz\/wp-content\/uploads\/2021\/09\/logo-sentinelleSLOGAN-1.png","contentUrl":"https:\/\/lasentinelle.dz\/wp-content\/uploads\/2021\/09\/logo-sentinelleSLOGAN-1.png","width":615,"height":142,"caption":"Quotidien La Sentinelle"},"image":{"@id":"https:\/\/lasentinelle.dz\/#\/schema\/logo\/image\/"},"sameAs":["https:\/\/www.facebook.com\/La-Sentinelle-104059864394773"]},{"@type":"Person","@id":"https:\/\/lasentinelle.dz\/#\/schema\/person\/d865044e22e70a75174ce8bcad3acfb3","name":"La Sentinelle","image":{"@type":"ImageObject","inLanguage":"fr-FR","@id":"https:\/\/secure.gravatar.com\/avatar\/57de8e5d4b15d43fb361a71fbb36338450fe67865b528a43dd10ef7c51a20392?s=96&d=mm&r=g","url":"https:\/\/secure.gravatar.com\/avatar\/57de8e5d4b15d43fb361a71fbb36338450fe67865b528a43dd10ef7c51a20392?s=96&d=mm&r=g","contentUrl":"https:\/\/secure.gravatar.com\/avatar\/57de8e5d4b15d43fb361a71fbb36338450fe67865b528a43dd10ef7c51a20392?s=96&d=mm&r=g","caption":"La Sentinelle"},"sameAs":["http:\/\/www.lasentinelle.dz"],"url":"https:\/\/lasentinelle.dz\/author\/redaction\/"}]}},"_links":{"self":[{"href":"https:\/\/lasentinelle.dz\/index.php\/wp-json\/wp\/v2\/posts\/24716","targetHints":{"allow":["GET"]}}],"collection":[{"href":"https:\/\/lasentinelle.dz\/index.php\/wp-json\/wp\/v2\/posts"}],"about":[{"href":"https:\/\/lasentinelle.dz\/index.php\/wp-json\/wp\/v2\/types\/post"}],"author":[{"embeddable":true,"href":"https:\/\/lasentinelle.dz\/index.php\/wp-json\/wp\/v2\/users\/3"}],"replies":[{"embeddable":true,"href":"https:\/\/lasentinelle.dz\/index.php\/wp-json\/wp\/v2\/comments?post=24716"}],"version-history":[{"count":1,"href":"https:\/\/lasentinelle.dz\/index.php\/wp-json\/wp\/v2\/posts\/24716\/revisions"}],"predecessor-version":[{"id":24725,"href":"https:\/\/lasentinelle.dz\/index.php\/wp-json\/wp\/v2\/posts\/24716\/revisions\/24725"}],"wp:featuredmedia":[{"embeddable":true,"href":"https:\/\/lasentinelle.dz\/index.php\/wp-json\/wp\/v2\/media\/24723"}],"wp:attachment":[{"href":"https:\/\/lasentinelle.dz\/index.php\/wp-json\/wp\/v2\/media?parent=24716"}],"wp:term":[{"taxonomy":"category","embeddable":true,"href":"https:\/\/lasentinelle.dz\/index.php\/wp-json\/wp\/v2\/categories?post=24716"},{"taxonomy":"post_tag","embeddable":true,"href":"https:\/\/lasentinelle.dz\/index.php\/wp-json\/wp\/v2\/tags?post=24716"}],"curies":[{"name":"wp","href":"https:\/\/api.w.org\/{rel}","templated":true}]}}