{"id":2473,"date":"2021-07-28T00:01:00","date_gmt":"2021-07-27T23:01:00","guid":{"rendered":"https:\/\/lasentinelle.dz\/?p=2473"},"modified":"2021-07-27T15:37:35","modified_gmt":"2021-07-27T14:37:35","slug":"fc-barcelone-griezmann-pret-a-baisser-son-salaire","status":"publish","type":"post","link":"https:\/\/lasentinelle.dz\/index.php\/2021\/07\/28\/fc-barcelone-griezmann-pret-a-baisser-son-salaire\/","title":{"rendered":"FC Barcelone : Griezmann pr\u00eat \u00e0 baisser son salaire"},"content":{"rendered":"\n<p class=\"wp-block-paragraph\">En ce qui concerne l\u2019avenir d\u2019Antoine Griezmann (30 ans, 36 matchs et 13 buts en Liga pour la saison 2020-2021), la donne semble plut\u00f4t claire pour cet \u00e9t\u00e9 : en cas de d\u00e9part du FC Barcelone, l\u2019attaquant fran\u00e7ais n\u2019acceptera de rejoindre que son ancien club, l\u2019Atletico Madrid. Et visiblement, alors que les discussions entre les deux clubs patinent &#8211; les Colchoneros se montrant peu enclins \u00e0 rajouter une compensation financi\u00e8re en plus de leur milieu de terrain Sa\u00fal Niguez &#8211; le champion du monde se montrerait pr\u00eat \u00e0 consentir un effort pour continuer en Catalogne. Le quotidien catalan Sport a expliqu\u00e9 hier que le natif de M\u00e2con acceptera, s\u2019il reste \u00e0 Barcelone, de baisser son salaire dans l\u2019optique d\u2019aider financi\u00e8rement les Blaugrana mais aussi de d\u00e9gager des liquidit\u00e9s suppl\u00e9mentaires pour permettre une prolongation du contrat de Lionel Messi. De belles intentions \u00e0 prendre toutefois avec des pincettes. Puisque de son c\u00f4t\u00e9, le journal madril\u00e8ne Marca d\u00e9ment de telles affirmations et assure tout simplement que Griezmann n\u2019a fait l\u2019objet d\u2019aucune offre cet \u00e9t\u00e9, ni de l\u2019Atletico Madrid, ni d\u2019autres clubs, et qu\u2019aucune discussion n\u2019a encore \u00e9t\u00e9 men\u00e9e avec la direction cul\u00e9e pour \u00e9voquer une baisse de ses \u00e9moluments.<\/p>\n\n\n\n<p class=\"wp-block-paragraph\">R. S.<\/p>\n","protected":false},"excerpt":{"rendered":"<p>En ce qui concerne l\u2019avenir d\u2019Antoine Griezmann (30 ans, 36 matchs et 13 buts en Liga pour la saison 2020-2021),<\/p>\n","protected":false},"author":3,"featured_media":2477,"comment_status":"open","ping_status":"closed","sticky":false,"template":"","format":"standard","meta":{"colormag_page_container_layout":"default_layout","colormag_page_sidebar_layout":"default_layout","om_disable_all_campaigns":false,"_monsterinsights_skip_tracking":false,"footnotes":"","_wpscppro_dont_share_socialmedia":false,"_wpscppro_custom_social_share_image":0,"_facebook_share_type":"","_twitter_share_type":"","_linkedin_share_type":"","_pinterest_share_type":"","_linkedin_share_type_page":"","_instagram_share_type":"","_medium_share_type":"","_threads_share_type":"","_google_business_share_type":"","_bluesky_share_type":"","_mastodon_share_type":"","_selected_social_profile":[],"_wpsp_enable_custom_social_template":false,"_wpsp_social_scheduling":{"enabled":false,"datetime":null,"platforms":[],"status":"template_only","dateOption":"today","timeOption":"now","customDays":"","customHours":"","customDate":"","customTime":"","schedulingType":"absolute"},"_wpsp_active_default_template":true},"categories":[33],"tags":[],"class_list":["post-2473","post","type-post","status-publish","format-standard","has-post-thumbnail","hentry","category-sports"],"aioseo_notices":[],"aioseo_head":"\n\t\t<!-- All in One SEO 5.0.0.1 - aioseo.com -->\n\t<meta name=\"description\" content=\"En ce qui concerne l\u2019avenir d\u2019Antoine Griezmann (30 ans, 36 matchs et 13 buts en Liga pour la saison 2020-2021), la donne semble plut\u00f4t claire pour cet \u00e9t\u00e9 : en cas de d\u00e9part du FC Barcelone, l\u2019attaquant fran\u00e7ais n\u2019acceptera de rejoindre que son ancien club, l\u2019Atletico Madrid. Et visiblement, alors que les discussions entre les\" \/>\n\t<meta name=\"robots\" content=\"max-image-preview:large\" \/>\n\t<meta name=\"author\" content=\"La Sentinelle\"\/>\n\t<link rel=\"canonical\" href=\"https:\/\/lasentinelle.dz\/index.php\/2021\/07\/28\/fc-barcelone-griezmann-pret-a-baisser-son-salaire\/\" \/>\n\t<meta name=\"generator\" content=\"All in One SEO (AIOSEO) 5.0.0.1\" \/>\n\t\t<meta property=\"og:locale\" content=\"fr_FR\" \/>\n\t\t<meta property=\"og:site_name\" content=\"La Sentinelle - Quotidien national d&#039;information\" \/>\n\t\t<meta property=\"og:type\" content=\"article\" \/>\n\t\t<meta property=\"og:title\" content=\"FC Barcelone : Griezmann pr\u00eat \u00e0 baisser son salaire - La Sentinelle\" \/>\n\t\t<meta property=\"og:description\" content=\"En ce qui concerne l\u2019avenir d\u2019Antoine Griezmann (30 ans, 36 matchs et 13 buts en Liga pour la saison 2020-2021), la donne semble plut\u00f4t claire pour cet \u00e9t\u00e9 : en cas de d\u00e9part du FC Barcelone, l\u2019attaquant fran\u00e7ais n\u2019acceptera de rejoindre que son ancien club, l\u2019Atletico Madrid. Et visiblement, alors que les discussions entre les\" \/>\n\t\t<meta property=\"og:url\" content=\"https:\/\/lasentinelle.dz\/index.php\/2021\/07\/28\/fc-barcelone-griezmann-pret-a-baisser-son-salaire\/\" \/>\n\t\t<meta property=\"og:image\" content=\"https:\/\/lasentinelle.dz\/wp-content\/uploads\/2021\/09\/cropped-la-sentinelle-earth-golden-anima-5.gif\" \/>\n\t\t<meta property=\"og:image:secure_url\" content=\"https:\/\/lasentinelle.dz\/wp-content\/uploads\/2021\/09\/cropped-la-sentinelle-earth-golden-anima-5.gif\" \/>\n\t\t<meta property=\"og:image:width\" content=\"450\" \/>\n\t\t<meta property=\"og:image:height\" content=\"213\" \/>\n\t\t<meta property=\"article:published_time\" content=\"2021-07-27T23:01:00+00:00\" \/>\n\t\t<meta property=\"article:modified_time\" content=\"2021-07-27T14:37:35+00:00\" \/>\n\t\t<meta property=\"article:publisher\" content=\"https:\/\/www.facebook.com\/azzedine.lasentinelle.1\" \/>\n\t\t<meta name=\"twitter:card\" content=\"summary_large_image\" \/>\n\t\t<meta name=\"twitter:title\" content=\"FC Barcelone : Griezmann pr\u00eat \u00e0 baisser son salaire - La Sentinelle\" \/>\n\t\t<meta name=\"twitter:description\" content=\"En ce qui concerne l\u2019avenir d\u2019Antoine Griezmann (30 ans, 36 matchs et 13 buts en Liga pour la saison 2020-2021), la donne semble plut\u00f4t claire pour cet \u00e9t\u00e9 : en cas de d\u00e9part du FC Barcelone, l\u2019attaquant fran\u00e7ais n\u2019acceptera de rejoindre que son ancien club, l\u2019Atletico Madrid. Et visiblement, alors que les discussions entre les\" \/>\n\t\t<meta name=\"twitter:image\" content=\"https:\/\/lasentinelle.dz\/wp-content\/uploads\/2021\/09\/cropped-la-sentinelle-earth-golden-anima-5.gif\" \/>\n\t\t<script type=\"application\/ld+json\" class=\"aioseo-schema\">\n\t\t\t{\"@context\":\"https:\\\/\\\/schema.org\",\"@graph\":[{\"@type\":\"BlogPosting\",\"@id\":\"https:\\\/\\\/lasentinelle.dz\\\/index.php\\\/2021\\\/07\\\/28\\\/fc-barcelone-griezmann-pret-a-baisser-son-salaire\\\/#blogposting\",\"name\":\"FC Barcelone : Griezmann pr\\u00eat \\u00e0 baisser son salaire - La Sentinelle\",\"headline\":\"FC Barcelone : Griezmann pr\\u00eat \\u00e0 baisser son salaire\",\"author\":{\"@id\":\"https:\\\/\\\/lasentinelle.dz\\\/author\\\/redaction\\\/#author\"},\"publisher\":{\"@id\":\"https:\\\/\\\/lasentinelle.dz\\\/#organization\"},\"image\":{\"@type\":\"ImageObject\",\"url\":\"https:\\\/\\\/lasentinelle.dz\\\/wp-content\\\/uploads\\\/2021\\\/07\\\/grsmane.png\",\"width\":1600,\"height\":900},\"datePublished\":\"2021-07-28T00:01:00+01:00\",\"dateModified\":\"2021-07-27T15:37:35+01:00\",\"inLanguage\":\"fr-FR\",\"mainEntityOfPage\":{\"@id\":\"https:\\\/\\\/lasentinelle.dz\\\/index.php\\\/2021\\\/07\\\/28\\\/fc-barcelone-griezmann-pret-a-baisser-son-salaire\\\/#webpage\"},\"isPartOf\":{\"@id\":\"https:\\\/\\\/lasentinelle.dz\\\/index.php\\\/2021\\\/07\\\/28\\\/fc-barcelone-griezmann-pret-a-baisser-son-salaire\\\/#webpage\"},\"articleSection\":\"Sports\"},{\"@type\":\"BreadcrumbList\",\"@id\":\"https:\\\/\\\/lasentinelle.dz\\\/index.php\\\/2021\\\/07\\\/28\\\/fc-barcelone-griezmann-pret-a-baisser-son-salaire\\\/#breadcrumblist\",\"itemListElement\":[{\"@type\":\"ListItem\",\"@id\":\"https:\\\/\\\/lasentinelle.dz#listItem\",\"position\":1,\"name\":\"Home\",\"item\":\"https:\\\/\\\/lasentinelle.dz\",\"nextItem\":{\"@type\":\"ListItem\",\"@id\":\"https:\\\/\\\/lasentinelle.dz\\\/index.php\\\/category\\\/sports\\\/#listItem\",\"name\":\"Sports\"}},{\"@type\":\"ListItem\",\"@id\":\"https:\\\/\\\/lasentinelle.dz\\\/index.php\\\/category\\\/sports\\\/#listItem\",\"position\":2,\"name\":\"Sports\",\"item\":\"https:\\\/\\\/lasentinelle.dz\\\/index.php\\\/category\\\/sports\\\/\",\"nextItem\":{\"@type\":\"ListItem\",\"@id\":\"https:\\\/\\\/lasentinelle.dz\\\/index.php\\\/2021\\\/07\\\/28\\\/fc-barcelone-griezmann-pret-a-baisser-son-salaire\\\/#listItem\",\"name\":\"FC Barcelone : Griezmann pr\\u00eat \\u00e0 baisser son salaire\"},\"previousItem\":{\"@type\":\"ListItem\",\"@id\":\"https:\\\/\\\/lasentinelle.dz#listItem\",\"name\":\"Home\"}},{\"@type\":\"ListItem\",\"@id\":\"https:\\\/\\\/lasentinelle.dz\\\/index.php\\\/2021\\\/07\\\/28\\\/fc-barcelone-griezmann-pret-a-baisser-son-salaire\\\/#listItem\",\"position\":3,\"name\":\"FC Barcelone : Griezmann pr\\u00eat \\u00e0 baisser son salaire\",\"previousItem\":{\"@type\":\"ListItem\",\"@id\":\"https:\\\/\\\/lasentinelle.dz\\\/index.php\\\/category\\\/sports\\\/#listItem\",\"name\":\"Sports\"}}]},{\"@type\":\"Organization\",\"@id\":\"https:\\\/\\\/lasentinelle.dz\\\/#organization\",\"name\":\"La Sentinelle La Sentinelle\",\"description\":\"Quotidien national d'information\",\"url\":\"https:\\\/\\\/lasentinelle.dz\\\/\",\"logo\":{\"@type\":\"ImageObject\",\"url\":\"https:\\\/\\\/lasentinelle.dz\\\/wp-content\\\/uploads\\\/2021\\\/09\\\/cropped-la-sentinelle-earth-golden-anima-5.gif\",\"@id\":\"https:\\\/\\\/lasentinelle.dz\\\/index.php\\\/2021\\\/07\\\/28\\\/fc-barcelone-griezmann-pret-a-baisser-son-salaire\\\/#organizationLogo\",\"width\":450,\"height\":213},\"image\":{\"@id\":\"https:\\\/\\\/lasentinelle.dz\\\/index.php\\\/2021\\\/07\\\/28\\\/fc-barcelone-griezmann-pret-a-baisser-son-salaire\\\/#organizationLogo\"},\"sameAs\":[\"https:\\\/\\\/www.facebook.com\\\/azzedine.lasentinelle.1\"]},{\"@type\":\"Person\",\"@id\":\"https:\\\/\\\/lasentinelle.dz\\\/author\\\/redaction\\\/#author\",\"url\":\"https:\\\/\\\/lasentinelle.dz\\\/author\\\/redaction\\\/\",\"name\":\"La Sentinelle\",\"image\":{\"@type\":\"ImageObject\",\"@id\":\"https:\\\/\\\/lasentinelle.dz\\\/index.php\\\/2021\\\/07\\\/28\\\/fc-barcelone-griezmann-pret-a-baisser-son-salaire\\\/#authorImage\",\"url\":\"https:\\\/\\\/secure.gravatar.com\\\/avatar\\\/57de8e5d4b15d43fb361a71fbb36338450fe67865b528a43dd10ef7c51a20392?s=96&d=mm&r=g\",\"width\":96,\"height\":96,\"caption\":\"La Sentinelle\"}},{\"@type\":\"WebPage\",\"@id\":\"https:\\\/\\\/lasentinelle.dz\\\/index.php\\\/2021\\\/07\\\/28\\\/fc-barcelone-griezmann-pret-a-baisser-son-salaire\\\/#webpage\",\"url\":\"https:\\\/\\\/lasentinelle.dz\\\/index.php\\\/2021\\\/07\\\/28\\\/fc-barcelone-griezmann-pret-a-baisser-son-salaire\\\/\",\"name\":\"FC Barcelone : Griezmann pr\\u00eat \\u00e0 baisser son salaire - La Sentinelle\",\"description\":\"En ce qui concerne l\\u2019avenir d\\u2019Antoine Griezmann (30 ans, 36 matchs et 13 buts en Liga pour la saison 2020-2021), la donne semble plut\\u00f4t claire pour cet \\u00e9t\\u00e9 : en cas de d\\u00e9part du FC Barcelone, l\\u2019attaquant fran\\u00e7ais n\\u2019acceptera de rejoindre que son ancien club, l\\u2019Atletico Madrid. Et visiblement, alors que les discussions entre les\",\"inLanguage\":\"fr-FR\",\"isPartOf\":{\"@id\":\"https:\\\/\\\/lasentinelle.dz\\\/#website\"},\"breadcrumb\":{\"@id\":\"https:\\\/\\\/lasentinelle.dz\\\/index.php\\\/2021\\\/07\\\/28\\\/fc-barcelone-griezmann-pret-a-baisser-son-salaire\\\/#breadcrumblist\"},\"author\":{\"@id\":\"https:\\\/\\\/lasentinelle.dz\\\/author\\\/redaction\\\/#author\"},\"creator\":{\"@id\":\"https:\\\/\\\/lasentinelle.dz\\\/author\\\/redaction\\\/#author\"},\"image\":{\"@type\":\"ImageObject\",\"url\":\"https:\\\/\\\/lasentinelle.dz\\\/wp-content\\\/uploads\\\/2021\\\/07\\\/grsmane.png\",\"@id\":\"https:\\\/\\\/lasentinelle.dz\\\/index.php\\\/2021\\\/07\\\/28\\\/fc-barcelone-griezmann-pret-a-baisser-son-salaire\\\/#mainImage\",\"width\":1600,\"height\":900},\"primaryImageOfPage\":{\"@id\":\"https:\\\/\\\/lasentinelle.dz\\\/index.php\\\/2021\\\/07\\\/28\\\/fc-barcelone-griezmann-pret-a-baisser-son-salaire\\\/#mainImage\"},\"datePublished\":\"2021-07-28T00:01:00+01:00\",\"dateModified\":\"2021-07-27T15:37:35+01:00\"},{\"@type\":\"WebSite\",\"@id\":\"https:\\\/\\\/lasentinelle.dz\\\/#website\",\"url\":\"https:\\\/\\\/lasentinelle.dz\\\/\",\"name\":\"La Sentinelle\",\"description\":\"Quotidien national d'information\",\"inLanguage\":\"fr-FR\",\"publisher\":{\"@id\":\"https:\\\/\\\/lasentinelle.dz\\\/#organization\"}}]}\n\t\t<\/script>\n\t\t<!-- All in One SEO -->\n\n","aioseo_head_json":{"title":"FC Barcelone : Griezmann pr\u00eat \u00e0 baisser son salaire - La Sentinelle","description":"En ce qui concerne l\u2019avenir d\u2019Antoine Griezmann (30 ans, 36 matchs et 13 buts en Liga pour la saison 2020-2021), la donne semble plut\u00f4t claire pour cet \u00e9t\u00e9 : en cas de d\u00e9part du FC Barcelone, l\u2019attaquant fran\u00e7ais n\u2019acceptera de rejoindre que son ancien club, l\u2019Atletico Madrid. Et visiblement, alors que les discussions entre les","canonical_url":"https:\/\/lasentinelle.dz\/index.php\/2021\/07\/28\/fc-barcelone-griezmann-pret-a-baisser-son-salaire\/","robots":"max-image-preview:large","keywords":"","webmasterTools":{"miscellaneous":""},"schema":{"@context":"https:\/\/schema.org","@graph":[{"@type":"BlogPosting","@id":"https:\/\/lasentinelle.dz\/index.php\/2021\/07\/28\/fc-barcelone-griezmann-pret-a-baisser-son-salaire\/#blogposting","name":"FC Barcelone : Griezmann pr\u00eat \u00e0 baisser son salaire - La Sentinelle","headline":"FC Barcelone : Griezmann pr\u00eat \u00e0 baisser son salaire","author":{"@id":"https:\/\/lasentinelle.dz\/author\/redaction\/#author"},"publisher":{"@id":"https:\/\/lasentinelle.dz\/#organization"},"image":{"@type":"ImageObject","url":"https:\/\/lasentinelle.dz\/wp-content\/uploads\/2021\/07\/grsmane.png","width":1600,"height":900},"datePublished":"2021-07-28T00:01:00+01:00","dateModified":"2021-07-27T15:37:35+01:00","inLanguage":"fr-FR","mainEntityOfPage":{"@id":"https:\/\/lasentinelle.dz\/index.php\/2021\/07\/28\/fc-barcelone-griezmann-pret-a-baisser-son-salaire\/#webpage"},"isPartOf":{"@id":"https:\/\/lasentinelle.dz\/index.php\/2021\/07\/28\/fc-barcelone-griezmann-pret-a-baisser-son-salaire\/#webpage"},"articleSection":"Sports"},{"@type":"BreadcrumbList","@id":"https:\/\/lasentinelle.dz\/index.php\/2021\/07\/28\/fc-barcelone-griezmann-pret-a-baisser-son-salaire\/#breadcrumblist","itemListElement":[{"@type":"ListItem","@id":"https:\/\/lasentinelle.dz#listItem","position":1,"name":"Home","item":"https:\/\/lasentinelle.dz","nextItem":{"@type":"ListItem","@id":"https:\/\/lasentinelle.dz\/index.php\/category\/sports\/#listItem","name":"Sports"}},{"@type":"ListItem","@id":"https:\/\/lasentinelle.dz\/index.php\/category\/sports\/#listItem","position":2,"name":"Sports","item":"https:\/\/lasentinelle.dz\/index.php\/category\/sports\/","nextItem":{"@type":"ListItem","@id":"https:\/\/lasentinelle.dz\/index.php\/2021\/07\/28\/fc-barcelone-griezmann-pret-a-baisser-son-salaire\/#listItem","name":"FC Barcelone : Griezmann pr\u00eat \u00e0 baisser son salaire"},"previousItem":{"@type":"ListItem","@id":"https:\/\/lasentinelle.dz#listItem","name":"Home"}},{"@type":"ListItem","@id":"https:\/\/lasentinelle.dz\/index.php\/2021\/07\/28\/fc-barcelone-griezmann-pret-a-baisser-son-salaire\/#listItem","position":3,"name":"FC Barcelone : Griezmann pr\u00eat \u00e0 baisser son salaire","previousItem":{"@type":"ListItem","@id":"https:\/\/lasentinelle.dz\/index.php\/category\/sports\/#listItem","name":"Sports"}}]},{"@type":"Organization","@id":"https:\/\/lasentinelle.dz\/#organization","name":"La Sentinelle La Sentinelle","description":"Quotidien national d'information","url":"https:\/\/lasentinelle.dz\/","logo":{"@type":"ImageObject","url":"https:\/\/lasentinelle.dz\/wp-content\/uploads\/2021\/09\/cropped-la-sentinelle-earth-golden-anima-5.gif","@id":"https:\/\/lasentinelle.dz\/index.php\/2021\/07\/28\/fc-barcelone-griezmann-pret-a-baisser-son-salaire\/#organizationLogo","width":450,"height":213},"image":{"@id":"https:\/\/lasentinelle.dz\/index.php\/2021\/07\/28\/fc-barcelone-griezmann-pret-a-baisser-son-salaire\/#organizationLogo"},"sameAs":["https:\/\/www.facebook.com\/azzedine.lasentinelle.1"]},{"@type":"Person","@id":"https:\/\/lasentinelle.dz\/author\/redaction\/#author","url":"https:\/\/lasentinelle.dz\/author\/redaction\/","name":"La Sentinelle","image":{"@type":"ImageObject","@id":"https:\/\/lasentinelle.dz\/index.php\/2021\/07\/28\/fc-barcelone-griezmann-pret-a-baisser-son-salaire\/#authorImage","url":"https:\/\/secure.gravatar.com\/avatar\/57de8e5d4b15d43fb361a71fbb36338450fe67865b528a43dd10ef7c51a20392?s=96&d=mm&r=g","width":96,"height":96,"caption":"La Sentinelle"}},{"@type":"WebPage","@id":"https:\/\/lasentinelle.dz\/index.php\/2021\/07\/28\/fc-barcelone-griezmann-pret-a-baisser-son-salaire\/#webpage","url":"https:\/\/lasentinelle.dz\/index.php\/2021\/07\/28\/fc-barcelone-griezmann-pret-a-baisser-son-salaire\/","name":"FC Barcelone : Griezmann pr\u00eat \u00e0 baisser son salaire - La Sentinelle","description":"En ce qui concerne l\u2019avenir d\u2019Antoine Griezmann (30 ans, 36 matchs et 13 buts en Liga pour la saison 2020-2021), la donne semble plut\u00f4t claire pour cet \u00e9t\u00e9 : en cas de d\u00e9part du FC Barcelone, l\u2019attaquant fran\u00e7ais n\u2019acceptera de rejoindre que son ancien club, l\u2019Atletico Madrid. Et visiblement, alors que les discussions entre les","inLanguage":"fr-FR","isPartOf":{"@id":"https:\/\/lasentinelle.dz\/#website"},"breadcrumb":{"@id":"https:\/\/lasentinelle.dz\/index.php\/2021\/07\/28\/fc-barcelone-griezmann-pret-a-baisser-son-salaire\/#breadcrumblist"},"author":{"@id":"https:\/\/lasentinelle.dz\/author\/redaction\/#author"},"creator":{"@id":"https:\/\/lasentinelle.dz\/author\/redaction\/#author"},"image":{"@type":"ImageObject","url":"https:\/\/lasentinelle.dz\/wp-content\/uploads\/2021\/07\/grsmane.png","@id":"https:\/\/lasentinelle.dz\/index.php\/2021\/07\/28\/fc-barcelone-griezmann-pret-a-baisser-son-salaire\/#mainImage","width":1600,"height":900},"primaryImageOfPage":{"@id":"https:\/\/lasentinelle.dz\/index.php\/2021\/07\/28\/fc-barcelone-griezmann-pret-a-baisser-son-salaire\/#mainImage"},"datePublished":"2021-07-28T00:01:00+01:00","dateModified":"2021-07-27T15:37:35+01:00"},{"@type":"WebSite","@id":"https:\/\/lasentinelle.dz\/#website","url":"https:\/\/lasentinelle.dz\/","name":"La Sentinelle","description":"Quotidien national d'information","inLanguage":"fr-FR","publisher":{"@id":"https:\/\/lasentinelle.dz\/#organization"}}]},"og:locale":"fr_FR","og:site_name":"La Sentinelle - Quotidien national d'information","og:type":"article","og:title":"FC Barcelone : Griezmann pr\u00eat \u00e0 baisser son salaire - La Sentinelle","og:description":"En ce qui concerne l\u2019avenir d\u2019Antoine Griezmann (30 ans, 36 matchs et 13 buts en Liga pour la saison 2020-2021), la donne semble plut\u00f4t claire pour cet \u00e9t\u00e9 : en cas de d\u00e9part du FC Barcelone, l\u2019attaquant fran\u00e7ais n\u2019acceptera de rejoindre que son ancien club, l\u2019Atletico Madrid. Et visiblement, alors que les discussions entre les","og:url":"https:\/\/lasentinelle.dz\/index.php\/2021\/07\/28\/fc-barcelone-griezmann-pret-a-baisser-son-salaire\/","og:image":"https:\/\/lasentinelle.dz\/wp-content\/uploads\/2021\/09\/cropped-la-sentinelle-earth-golden-anima-5.gif","og:image:secure_url":"https:\/\/lasentinelle.dz\/wp-content\/uploads\/2021\/09\/cropped-la-sentinelle-earth-golden-anima-5.gif","og:image:width":450,"og:image:height":213,"article:published_time":"2021-07-27T23:01:00+00:00","article:modified_time":"2021-07-27T14:37:35+00:00","article:publisher":"https:\/\/www.facebook.com\/azzedine.lasentinelle.1","twitter:card":"summary_large_image","twitter:title":"FC Barcelone : Griezmann pr\u00eat \u00e0 baisser son salaire - La Sentinelle","twitter:description":"En ce qui concerne l\u2019avenir d\u2019Antoine Griezmann (30 ans, 36 matchs et 13 buts en Liga pour la saison 2020-2021), la donne semble plut\u00f4t claire pour cet \u00e9t\u00e9 : en cas de d\u00e9part du FC Barcelone, l\u2019attaquant fran\u00e7ais n\u2019acceptera de rejoindre que son ancien club, l\u2019Atletico Madrid. Et visiblement, alors que les discussions entre les","twitter:image":"https:\/\/lasentinelle.dz\/wp-content\/uploads\/2021\/09\/cropped-la-sentinelle-earth-golden-anima-5.gif"},"aioseo_meta_data":{"post_id":"2473","title":null,"description":null,"keywords":null,"keyphrases":null,"primary_term":null,"canonical_url":null,"og_title":null,"og_description":null,"og_object_type":"default","og_image_type":"default","og_image_url":null,"og_image_width":null,"og_image_height":null,"og_image_custom_url":null,"og_image_custom_fields":null,"og_video":null,"og_custom_url":null,"og_article_section":null,"og_article_tags":null,"twitter_use_og":false,"twitter_card":"default","twitter_image_type":"default","twitter_image_url":null,"twitter_image_custom_url":null,"twitter_image_custom_fields":null,"twitter_title":null,"twitter_description":null,"schema":{"blockGraphs":[],"customGraphs":[],"default":{"data":{"Article":[],"Course":[],"Dataset":[],"FAQPage":[],"Movie":[],"Person":[],"Product":[],"ProductReview":[],"Car":[],"Recipe":[],"Service":[],"SoftwareApplication":[],"WebPage":[]},"graphName":"","isEnabled":true},"graphs":[]},"schema_type":"default","schema_type_options":null,"pillar_content":false,"robots_default":true,"robots_noindex":false,"robots_noarchive":false,"robots_nosnippet":false,"robots_nofollow":false,"robots_noimageindex":false,"robots_noodp":false,"robots_notranslate":false,"robots_max_snippet":null,"robots_max_videopreview":null,"robots_max_imagepreview":"large","priority":null,"frequency":null,"local_seo":null,"breadcrumb_settings":null,"limit_modified_date":false,"ai":null,"created":"2026-04-20 09:26:34","updated":"2026-04-20 09:26:34","focus_keyword":null,"additional_keywords":null,"truseo_locale":null,"seo_analyzer_scan_date":null},"aioseo_breadcrumb":"<div class=\"aioseo-breadcrumbs\"><span class=\"aioseo-breadcrumb\">\n\t\t\t<a href=\"https:\/\/lasentinelle.dz\" title=\"Home\">Home<\/a>\n\t\t<\/span><span class=\"aioseo-breadcrumb-separator\">&raquo;<\/span><span class=\"aioseo-breadcrumb\">\n\t\t\t<a href=\"https:\/\/lasentinelle.dz\/index.php\/category\/sports\/\" title=\"Sports\">Sports<\/a>\n\t\t<\/span><span class=\"aioseo-breadcrumb-separator\">&raquo;<\/span><span class=\"aioseo-breadcrumb\">\n\t\t\tFC Barcelone : Griezmann pr\u00eat \u00e0 baisser son salaire\n\t\t<\/span><\/div>","aioseo_breadcrumb_json":[{"label":"Home","link":"https:\/\/lasentinelle.dz"},{"label":"Sports","link":"https:\/\/lasentinelle.dz\/index.php\/category\/sports\/"},{"label":"FC Barcelone : Griezmann pr\u00eat \u00e0 baisser son salaire","link":"https:\/\/lasentinelle.dz\/index.php\/2021\/07\/28\/fc-barcelone-griezmann-pret-a-baisser-son-salaire\/"}],"yoast_head":"<!-- This site is optimized with the Yoast SEO plugin v28.3 - https:\/\/yoast.com\/product\/yoast-seo-wordpress\/ -->\n<title>FC Barcelone : Griezmann pr\u00eat \u00e0 baisser son salaire - La Sentinelle<\/title>\n<meta name=\"robots\" content=\"index, follow, max-snippet:-1, max-image-preview:large, max-video-preview:-1\" \/>\n<link rel=\"canonical\" href=\"https:\/\/lasentinelle.dz\/index.php\/2021\/07\/28\/fc-barcelone-griezmann-pret-a-baisser-son-salaire\/\" \/>\n<meta property=\"og:locale\" content=\"fr_FR\" \/>\n<meta property=\"og:type\" content=\"article\" \/>\n<meta property=\"og:title\" content=\"FC Barcelone : Griezmann pr\u00eat \u00e0 baisser son salaire - La Sentinelle\" \/>\n<meta property=\"og:description\" content=\"En ce qui concerne l\u2019avenir d\u2019Antoine Griezmann (30 ans, 36 matchs et 13 buts en Liga pour la saison 2020-2021),\" \/>\n<meta property=\"og:url\" content=\"https:\/\/lasentinelle.dz\/index.php\/2021\/07\/28\/fc-barcelone-griezmann-pret-a-baisser-son-salaire\/\" \/>\n<meta property=\"og:site_name\" content=\"La Sentinelle\" \/>\n<meta property=\"article:publisher\" content=\"https:\/\/www.facebook.com\/La-Sentinelle-104059864394773\" \/>\n<meta property=\"article:published_time\" content=\"2021-07-27T23:01:00+00:00\" \/>\n<meta property=\"og:image\" content=\"https:\/\/lasentinelle.dz\/wp-content\/uploads\/2021\/07\/grsmane.png\" \/>\n\t<meta property=\"og:image:width\" content=\"1600\" \/>\n\t<meta property=\"og:image:height\" content=\"900\" \/>\n\t<meta property=\"og:image:type\" content=\"image\/png\" \/>\n<meta name=\"author\" content=\"La Sentinelle\" \/>\n<meta name=\"twitter:card\" content=\"summary_large_image\" \/>\n<meta name=\"twitter:label1\" content=\"\u00c9crit par\" \/>\n\t<meta name=\"twitter:data1\" content=\"La Sentinelle\" \/>\n\t<meta name=\"twitter:label2\" content=\"Dur\u00e9e de lecture estim\u00e9e\" \/>\n\t<meta name=\"twitter:data2\" content=\"1 minute\" \/>\n<script type=\"application\/ld+json\" class=\"yoast-schema-graph\">{\"@context\":\"https:\\\/\\\/schema.org\",\"@graph\":[{\"@type\":\"Article\",\"@id\":\"https:\\\/\\\/lasentinelle.dz\\\/index.php\\\/2021\\\/07\\\/28\\\/fc-barcelone-griezmann-pret-a-baisser-son-salaire\\\/#article\",\"isPartOf\":{\"@id\":\"https:\\\/\\\/lasentinelle.dz\\\/index.php\\\/2021\\\/07\\\/28\\\/fc-barcelone-griezmann-pret-a-baisser-son-salaire\\\/\"},\"author\":{\"name\":\"La Sentinelle\",\"@id\":\"https:\\\/\\\/lasentinelle.dz\\\/#\\\/schema\\\/person\\\/d865044e22e70a75174ce8bcad3acfb3\"},\"headline\":\"FC Barcelone : Griezmann pr\u00eat \u00e0 baisser son salaire\",\"datePublished\":\"2021-07-27T23:01:00+00:00\",\"mainEntityOfPage\":{\"@id\":\"https:\\\/\\\/lasentinelle.dz\\\/index.php\\\/2021\\\/07\\\/28\\\/fc-barcelone-griezmann-pret-a-baisser-son-salaire\\\/\"},\"wordCount\":230,\"commentCount\":0,\"publisher\":{\"@id\":\"https:\\\/\\\/lasentinelle.dz\\\/#organization\"},\"image\":{\"@id\":\"https:\\\/\\\/lasentinelle.dz\\\/index.php\\\/2021\\\/07\\\/28\\\/fc-barcelone-griezmann-pret-a-baisser-son-salaire\\\/#primaryimage\"},\"thumbnailUrl\":\"https:\\\/\\\/lasentinelle.dz\\\/wp-content\\\/uploads\\\/2021\\\/07\\\/grsmane.png\",\"articleSection\":[\"Sports\"],\"inLanguage\":\"fr-FR\",\"potentialAction\":[{\"@type\":\"CommentAction\",\"name\":\"Comment\",\"target\":[\"https:\\\/\\\/lasentinelle.dz\\\/index.php\\\/2021\\\/07\\\/28\\\/fc-barcelone-griezmann-pret-a-baisser-son-salaire\\\/#respond\"]}]},{\"@type\":\"WebPage\",\"@id\":\"https:\\\/\\\/lasentinelle.dz\\\/index.php\\\/2021\\\/07\\\/28\\\/fc-barcelone-griezmann-pret-a-baisser-son-salaire\\\/\",\"url\":\"https:\\\/\\\/lasentinelle.dz\\\/index.php\\\/2021\\\/07\\\/28\\\/fc-barcelone-griezmann-pret-a-baisser-son-salaire\\\/\",\"name\":\"FC Barcelone : Griezmann pr\u00eat \u00e0 baisser son salaire - La Sentinelle\",\"isPartOf\":{\"@id\":\"https:\\\/\\\/lasentinelle.dz\\\/#website\"},\"primaryImageOfPage\":{\"@id\":\"https:\\\/\\\/lasentinelle.dz\\\/index.php\\\/2021\\\/07\\\/28\\\/fc-barcelone-griezmann-pret-a-baisser-son-salaire\\\/#primaryimage\"},\"image\":{\"@id\":\"https:\\\/\\\/lasentinelle.dz\\\/index.php\\\/2021\\\/07\\\/28\\\/fc-barcelone-griezmann-pret-a-baisser-son-salaire\\\/#primaryimage\"},\"thumbnailUrl\":\"https:\\\/\\\/lasentinelle.dz\\\/wp-content\\\/uploads\\\/2021\\\/07\\\/grsmane.png\",\"datePublished\":\"2021-07-27T23:01:00+00:00\",\"breadcrumb\":{\"@id\":\"https:\\\/\\\/lasentinelle.dz\\\/index.php\\\/2021\\\/07\\\/28\\\/fc-barcelone-griezmann-pret-a-baisser-son-salaire\\\/#breadcrumb\"},\"inLanguage\":\"fr-FR\",\"potentialAction\":[{\"@type\":\"ReadAction\",\"target\":[\"https:\\\/\\\/lasentinelle.dz\\\/index.php\\\/2021\\\/07\\\/28\\\/fc-barcelone-griezmann-pret-a-baisser-son-salaire\\\/\"]}]},{\"@type\":\"ImageObject\",\"inLanguage\":\"fr-FR\",\"@id\":\"https:\\\/\\\/lasentinelle.dz\\\/index.php\\\/2021\\\/07\\\/28\\\/fc-barcelone-griezmann-pret-a-baisser-son-salaire\\\/#primaryimage\",\"url\":\"https:\\\/\\\/lasentinelle.dz\\\/wp-content\\\/uploads\\\/2021\\\/07\\\/grsmane.png\",\"contentUrl\":\"https:\\\/\\\/lasentinelle.dz\\\/wp-content\\\/uploads\\\/2021\\\/07\\\/grsmane.png\",\"width\":1600,\"height\":900},{\"@type\":\"BreadcrumbList\",\"@id\":\"https:\\\/\\\/lasentinelle.dz\\\/index.php\\\/2021\\\/07\\\/28\\\/fc-barcelone-griezmann-pret-a-baisser-son-salaire\\\/#breadcrumb\",\"itemListElement\":[{\"@type\":\"ListItem\",\"position\":1,\"name\":\"Accueil\",\"item\":\"https:\\\/\\\/lasentinelle.dz\\\/\"},{\"@type\":\"ListItem\",\"position\":2,\"name\":\"FC Barcelone : Griezmann pr\u00eat \u00e0 baisser son salaire\"}]},{\"@type\":\"WebSite\",\"@id\":\"https:\\\/\\\/lasentinelle.dz\\\/#website\",\"url\":\"https:\\\/\\\/lasentinelle.dz\\\/\",\"name\":\"La Sentinelle\",\"description\":\"Quotidien national d&#039;information\",\"publisher\":{\"@id\":\"https:\\\/\\\/lasentinelle.dz\\\/#organization\"},\"potentialAction\":[{\"@type\":\"SearchAction\",\"target\":{\"@type\":\"EntryPoint\",\"urlTemplate\":\"https:\\\/\\\/lasentinelle.dz\\\/?s={search_term_string}\"},\"query-input\":{\"@type\":\"PropertyValueSpecification\",\"valueRequired\":true,\"valueName\":\"search_term_string\"}}],\"inLanguage\":\"fr-FR\"},{\"@type\":\"Organization\",\"@id\":\"https:\\\/\\\/lasentinelle.dz\\\/#organization\",\"name\":\"Quotidien La Sentinelle\",\"url\":\"https:\\\/\\\/lasentinelle.dz\\\/\",\"logo\":{\"@type\":\"ImageObject\",\"inLanguage\":\"fr-FR\",\"@id\":\"https:\\\/\\\/lasentinelle.dz\\\/#\\\/schema\\\/logo\\\/image\\\/\",\"url\":\"https:\\\/\\\/lasentinelle.dz\\\/wp-content\\\/uploads\\\/2021\\\/09\\\/logo-sentinelleSLOGAN-1.png\",\"contentUrl\":\"https:\\\/\\\/lasentinelle.dz\\\/wp-content\\\/uploads\\\/2021\\\/09\\\/logo-sentinelleSLOGAN-1.png\",\"width\":615,\"height\":142,\"caption\":\"Quotidien La Sentinelle\"},\"image\":{\"@id\":\"https:\\\/\\\/lasentinelle.dz\\\/#\\\/schema\\\/logo\\\/image\\\/\"},\"sameAs\":[\"https:\\\/\\\/www.facebook.com\\\/La-Sentinelle-104059864394773\"]},{\"@type\":\"Person\",\"@id\":\"https:\\\/\\\/lasentinelle.dz\\\/#\\\/schema\\\/person\\\/d865044e22e70a75174ce8bcad3acfb3\",\"name\":\"La Sentinelle\",\"image\":{\"@type\":\"ImageObject\",\"inLanguage\":\"fr-FR\",\"@id\":\"https:\\\/\\\/secure.gravatar.com\\\/avatar\\\/57de8e5d4b15d43fb361a71fbb36338450fe67865b528a43dd10ef7c51a20392?s=96&d=mm&r=g\",\"url\":\"https:\\\/\\\/secure.gravatar.com\\\/avatar\\\/57de8e5d4b15d43fb361a71fbb36338450fe67865b528a43dd10ef7c51a20392?s=96&d=mm&r=g\",\"contentUrl\":\"https:\\\/\\\/secure.gravatar.com\\\/avatar\\\/57de8e5d4b15d43fb361a71fbb36338450fe67865b528a43dd10ef7c51a20392?s=96&d=mm&r=g\",\"caption\":\"La Sentinelle\"},\"sameAs\":[\"http:\\\/\\\/www.lasentinelle.dz\"],\"url\":\"https:\\\/\\\/lasentinelle.dz\\\/author\\\/redaction\\\/\"}]}<\/script>\n<!-- \/ Yoast SEO plugin. -->","yoast_head_json":{"title":"FC Barcelone : Griezmann pr\u00eat \u00e0 baisser son salaire - La Sentinelle","robots":{"index":"index","follow":"follow","max-snippet":"max-snippet:-1","max-image-preview":"max-image-preview:large","max-video-preview":"max-video-preview:-1"},"canonical":"https:\/\/lasentinelle.dz\/index.php\/2021\/07\/28\/fc-barcelone-griezmann-pret-a-baisser-son-salaire\/","og_locale":"fr_FR","og_type":"article","og_title":"FC Barcelone : Griezmann pr\u00eat \u00e0 baisser son salaire - La Sentinelle","og_description":"En ce qui concerne l\u2019avenir d\u2019Antoine Griezmann (30 ans, 36 matchs et 13 buts en Liga pour la saison 2020-2021),","og_url":"https:\/\/lasentinelle.dz\/index.php\/2021\/07\/28\/fc-barcelone-griezmann-pret-a-baisser-son-salaire\/","og_site_name":"La Sentinelle","article_publisher":"https:\/\/www.facebook.com\/La-Sentinelle-104059864394773","article_published_time":"2021-07-27T23:01:00+00:00","og_image":[{"width":1600,"height":900,"url":"https:\/\/lasentinelle.dz\/wp-content\/uploads\/2021\/07\/grsmane.png","type":"image\/png"}],"author":"La Sentinelle","twitter_card":"summary_large_image","twitter_misc":{"\u00c9crit par":"La Sentinelle","Dur\u00e9e de lecture estim\u00e9e":"1 minute"},"schema":{"@context":"https:\/\/schema.org","@graph":[{"@type":"Article","@id":"https:\/\/lasentinelle.dz\/index.php\/2021\/07\/28\/fc-barcelone-griezmann-pret-a-baisser-son-salaire\/#article","isPartOf":{"@id":"https:\/\/lasentinelle.dz\/index.php\/2021\/07\/28\/fc-barcelone-griezmann-pret-a-baisser-son-salaire\/"},"author":{"name":"La Sentinelle","@id":"https:\/\/lasentinelle.dz\/#\/schema\/person\/d865044e22e70a75174ce8bcad3acfb3"},"headline":"FC Barcelone : Griezmann pr\u00eat \u00e0 baisser son salaire","datePublished":"2021-07-27T23:01:00+00:00","mainEntityOfPage":{"@id":"https:\/\/lasentinelle.dz\/index.php\/2021\/07\/28\/fc-barcelone-griezmann-pret-a-baisser-son-salaire\/"},"wordCount":230,"commentCount":0,"publisher":{"@id":"https:\/\/lasentinelle.dz\/#organization"},"image":{"@id":"https:\/\/lasentinelle.dz\/index.php\/2021\/07\/28\/fc-barcelone-griezmann-pret-a-baisser-son-salaire\/#primaryimage"},"thumbnailUrl":"https:\/\/lasentinelle.dz\/wp-content\/uploads\/2021\/07\/grsmane.png","articleSection":["Sports"],"inLanguage":"fr-FR","potentialAction":[{"@type":"CommentAction","name":"Comment","target":["https:\/\/lasentinelle.dz\/index.php\/2021\/07\/28\/fc-barcelone-griezmann-pret-a-baisser-son-salaire\/#respond"]}]},{"@type":"WebPage","@id":"https:\/\/lasentinelle.dz\/index.php\/2021\/07\/28\/fc-barcelone-griezmann-pret-a-baisser-son-salaire\/","url":"https:\/\/lasentinelle.dz\/index.php\/2021\/07\/28\/fc-barcelone-griezmann-pret-a-baisser-son-salaire\/","name":"FC Barcelone : Griezmann pr\u00eat \u00e0 baisser son salaire - La Sentinelle","isPartOf":{"@id":"https:\/\/lasentinelle.dz\/#website"},"primaryImageOfPage":{"@id":"https:\/\/lasentinelle.dz\/index.php\/2021\/07\/28\/fc-barcelone-griezmann-pret-a-baisser-son-salaire\/#primaryimage"},"image":{"@id":"https:\/\/lasentinelle.dz\/index.php\/2021\/07\/28\/fc-barcelone-griezmann-pret-a-baisser-son-salaire\/#primaryimage"},"thumbnailUrl":"https:\/\/lasentinelle.dz\/wp-content\/uploads\/2021\/07\/grsmane.png","datePublished":"2021-07-27T23:01:00+00:00","breadcrumb":{"@id":"https:\/\/lasentinelle.dz\/index.php\/2021\/07\/28\/fc-barcelone-griezmann-pret-a-baisser-son-salaire\/#breadcrumb"},"inLanguage":"fr-FR","potentialAction":[{"@type":"ReadAction","target":["https:\/\/lasentinelle.dz\/index.php\/2021\/07\/28\/fc-barcelone-griezmann-pret-a-baisser-son-salaire\/"]}]},{"@type":"ImageObject","inLanguage":"fr-FR","@id":"https:\/\/lasentinelle.dz\/index.php\/2021\/07\/28\/fc-barcelone-griezmann-pret-a-baisser-son-salaire\/#primaryimage","url":"https:\/\/lasentinelle.dz\/wp-content\/uploads\/2021\/07\/grsmane.png","contentUrl":"https:\/\/lasentinelle.dz\/wp-content\/uploads\/2021\/07\/grsmane.png","width":1600,"height":900},{"@type":"BreadcrumbList","@id":"https:\/\/lasentinelle.dz\/index.php\/2021\/07\/28\/fc-barcelone-griezmann-pret-a-baisser-son-salaire\/#breadcrumb","itemListElement":[{"@type":"ListItem","position":1,"name":"Accueil","item":"https:\/\/lasentinelle.dz\/"},{"@type":"ListItem","position":2,"name":"FC Barcelone : Griezmann pr\u00eat \u00e0 baisser son salaire"}]},{"@type":"WebSite","@id":"https:\/\/lasentinelle.dz\/#website","url":"https:\/\/lasentinelle.dz\/","name":"La Sentinelle","description":"Quotidien national d&#039;information","publisher":{"@id":"https:\/\/lasentinelle.dz\/#organization"},"potentialAction":[{"@type":"SearchAction","target":{"@type":"EntryPoint","urlTemplate":"https:\/\/lasentinelle.dz\/?s={search_term_string}"},"query-input":{"@type":"PropertyValueSpecification","valueRequired":true,"valueName":"search_term_string"}}],"inLanguage":"fr-FR"},{"@type":"Organization","@id":"https:\/\/lasentinelle.dz\/#organization","name":"Quotidien La Sentinelle","url":"https:\/\/lasentinelle.dz\/","logo":{"@type":"ImageObject","inLanguage":"fr-FR","@id":"https:\/\/lasentinelle.dz\/#\/schema\/logo\/image\/","url":"https:\/\/lasentinelle.dz\/wp-content\/uploads\/2021\/09\/logo-sentinelleSLOGAN-1.png","contentUrl":"https:\/\/lasentinelle.dz\/wp-content\/uploads\/2021\/09\/logo-sentinelleSLOGAN-1.png","width":615,"height":142,"caption":"Quotidien La Sentinelle"},"image":{"@id":"https:\/\/lasentinelle.dz\/#\/schema\/logo\/image\/"},"sameAs":["https:\/\/www.facebook.com\/La-Sentinelle-104059864394773"]},{"@type":"Person","@id":"https:\/\/lasentinelle.dz\/#\/schema\/person\/d865044e22e70a75174ce8bcad3acfb3","name":"La Sentinelle","image":{"@type":"ImageObject","inLanguage":"fr-FR","@id":"https:\/\/secure.gravatar.com\/avatar\/57de8e5d4b15d43fb361a71fbb36338450fe67865b528a43dd10ef7c51a20392?s=96&d=mm&r=g","url":"https:\/\/secure.gravatar.com\/avatar\/57de8e5d4b15d43fb361a71fbb36338450fe67865b528a43dd10ef7c51a20392?s=96&d=mm&r=g","contentUrl":"https:\/\/secure.gravatar.com\/avatar\/57de8e5d4b15d43fb361a71fbb36338450fe67865b528a43dd10ef7c51a20392?s=96&d=mm&r=g","caption":"La Sentinelle"},"sameAs":["http:\/\/www.lasentinelle.dz"],"url":"https:\/\/lasentinelle.dz\/author\/redaction\/"}]}},"_links":{"self":[{"href":"https:\/\/lasentinelle.dz\/index.php\/wp-json\/wp\/v2\/posts\/2473","targetHints":{"allow":["GET"]}}],"collection":[{"href":"https:\/\/lasentinelle.dz\/index.php\/wp-json\/wp\/v2\/posts"}],"about":[{"href":"https:\/\/lasentinelle.dz\/index.php\/wp-json\/wp\/v2\/types\/post"}],"author":[{"embeddable":true,"href":"https:\/\/lasentinelle.dz\/index.php\/wp-json\/wp\/v2\/users\/3"}],"replies":[{"embeddable":true,"href":"https:\/\/lasentinelle.dz\/index.php\/wp-json\/wp\/v2\/comments?post=2473"}],"version-history":[{"count":1,"href":"https:\/\/lasentinelle.dz\/index.php\/wp-json\/wp\/v2\/posts\/2473\/revisions"}],"predecessor-version":[{"id":2478,"href":"https:\/\/lasentinelle.dz\/index.php\/wp-json\/wp\/v2\/posts\/2473\/revisions\/2478"}],"wp:featuredmedia":[{"embeddable":true,"href":"https:\/\/lasentinelle.dz\/index.php\/wp-json\/wp\/v2\/media\/2477"}],"wp:attachment":[{"href":"https:\/\/lasentinelle.dz\/index.php\/wp-json\/wp\/v2\/media?parent=2473"}],"wp:term":[{"taxonomy":"category","embeddable":true,"href":"https:\/\/lasentinelle.dz\/index.php\/wp-json\/wp\/v2\/categories?post=2473"},{"taxonomy":"post_tag","embeddable":true,"href":"https:\/\/lasentinelle.dz\/index.php\/wp-json\/wp\/v2\/tags?post=2473"}],"curies":[{"name":"wp","href":"https:\/\/api.w.org\/{rel}","templated":true}]}}