{"id":24743,"date":"2022-07-27T00:01:00","date_gmt":"2022-07-26T23:01:00","guid":{"rendered":"https:\/\/lasentinelle.dz\/?p=24743"},"modified":"2022-07-26T17:06:17","modified_gmt":"2022-07-26T16:06:17","slug":"tunisie-kais-saied-proche-dune-victoire-sur-la-constitution","status":"publish","type":"post","link":"https:\/\/lasentinelle.dz\/index.php\/2022\/07\/27\/tunisie-kais-saied-proche-dune-victoire-sur-la-constitution\/","title":{"rendered":"Tunisie\u00a0: Kais\u00a0Saied\u00a0proche d\u2019une victoire\u00a0sur\u00a0la Constitution"},"content":{"rendered":"\n<p>Le pr\u00e9sident Kais Saied a proclam\u00e9 hier l&rsquo;entr\u00e9e de la Tunisie dans une \u00ab nouvelle phase \u00bb apr\u00e8s la victoire quasi certaine du \u00ab oui \u00bb lors d&rsquo;un r\u00e9f\u00e9rendum sur&nbsp;la&nbsp;nouvelle Constitution.&nbsp;<\/p>\n\n\n\n<p>Dans un discours prononc\u00e9 en pleine nuit, il a estim\u00e9 que \u00ab\u00a0les Tunisiens ont donn\u00e9 une le\u00e7on au monde, une le\u00e7on d&rsquo;histoire\u00a0\u00bb. \u00ab\u00a0Le r\u00e9f\u00e9rendum va permettre de passer d&rsquo;une situation de d\u00e9sespoir \u00e0 une situation d&rsquo;espoir.\u00a0\u00bb Les premiers r\u00e9sultats officiels ne sont pas attendus avant l&rsquo;apr\u00e8s-midi mais selon l&rsquo;institut de sondage Sigma Conseil, le \u00ab\u00a0oui\u00a0\u00bb l&rsquo;a emport\u00e9 avec 92,3% des voix.&nbsp;<\/p>\n\n\n\n<p>Le taux de participation \u00e0 la fermeture des bureaux de vote, dans le cadre du r\u00e9f\u00e9rendum sur la nouvelle Constitution en Tunisie a \u00e9t\u00e9 de 27,54%, a annonc\u00e9 l&rsquo;Instance Sup\u00e9rieure Ind\u00e9pendante pour les Elections (ISIE).&nbsp;Lors d&rsquo;un point de presse, le pr\u00e9sident de l\u2019Instance, Farouk Bouasker a pr\u00e9cis\u00e9 qu\u2019un peu plus de 2,4 millions d&rsquo;\u00e9lecteurs ont vot\u00e9 parmi plus de 8,9 millions inscrits sur le registre \u00e9lectoral de l&rsquo;ISIE. \u00ab Nous avons fait \u00e9tat d&rsquo;une organisation parfaite, lors des diff\u00e9rentes \u00e9tapes du processus r\u00e9f\u00e9rendaire \u00bb, a ajout\u00e9 le chef de l&rsquo;instance \u00e9lectorale tunisienne, se f\u00e9licitant du comportement des \u00e9lecteurs.&nbsp;Il a indiqu\u00e9 que le processus de d\u00e9pouillement serait plus facile que celui lors des \u00e9lections l\u00e9gislatives de 2019. \u00ab Au plus tard demain mardi dans l&rsquo;apr\u00e8s-midi, les r\u00e9sultats pr\u00e9liminaires seraient divulgu\u00e9s, dans l&rsquo;attente des recours \u00bb, a-t-il poursuivi.&nbsp;L&rsquo;instance \u00e9lectorale aura trois jours pour se prononcer sur les r\u00e9sultats pr\u00e9liminaires du r\u00e9f\u00e9rendum alors que les r\u00e9sultats d\u00e9finitifs seront annonc\u00e9s d&rsquo;ici le 28 ao\u00fbt prochain. \u00ab Tous les bureaux de vote seront transform\u00e9s en bureaux de d\u00e9pouillement. Quelque 4.800 centres de vote et 11.600 bureaux de vote sont r\u00e9partis \u00e0 travers les 24 provinces du pays \u00bb, a rappel\u00e9 M. Bouasker. A noter que l&rsquo;ISIE compte 33 circonscriptions dont 27 en Tunisie et 6 \u00e0 l&rsquo;\u00e9tranger.L&rsquo;analyste Abdellatif Hannachi pense aussi que le vote \u00e9tait un test de la popularit\u00e9 de M. Saied, soulignant que m\u00eame si \u00ab\u00a0en surface, les chiffres (de participation) sont faibles, mais c&rsquo;est tout \u00e0 fait respectable compte tenu de la tenue du scrutin en \u00e9t\u00e9, pendant les vacances et en pleine chaleur\u00a0\u00bb. D\u00e8s l&rsquo;annonce des estimations de Sigma Conseil sur la t\u00e9l\u00e9vision nationale, des centaines de partisans du pr\u00e9sident sont descendus f\u00eater \u00ab\u00a0sa victoire\u00a0\u00bb sur l&rsquo;avenue Bourguiba, sonnant leurs klaxons ou brandissant le drapeau national. Vers 01H00 GMT, Kais Saied s&rsquo;est pr\u00e9sent\u00e9 devant la foule en liesse. \u00ab\u00a0La Tunisie est entr\u00e9e dans une nouvelle phase\u00a0\u00bb, a-t-il affirm\u00e9, assurant que la participation \u00ab\u00a0aurait \u00e9t\u00e9 plus \u00e9lev\u00e9e si le vote s&rsquo;\u00e9tait d\u00e9roul\u00e9 sur deux jours\u00a0\u00bb. Les votants \u00e9taient surtout les classes moyennes les plus l\u00e9s\u00e9es, les adultes qui se sentent flou\u00e9s \u00e9conomiquement, politiquement et socialement. La nouvelle loi fondamentale accorde de vastes pr\u00e9rogatives au chef de l&rsquo;Etat, en rupture avec le syst\u00e8me parlementaire en place depuis 2014. Le pr\u00e9sident qui ne peut \u00eatre destitu\u00e9 d\u00e9signe le chef du gouvernement et les ministres et peut les r\u00e9voquer \u00e0 sa guise. Il peut soumettre au Parlement des textes l\u00e9gislatifs qui ont \u00ab\u00a0la priorit\u00e9\u00a0\u00bb. Une deuxi\u00e8me chambre repr\u00e9sentera les r\u00e9gions, en contrepoids de l&rsquo;Assembl\u00e9e des repr\u00e9sentants (d\u00e9put\u00e9s) actuelle. Le pr\u00e9sident Saied, 64 ans, consid\u00e8re&nbsp;la refonte de la Constitution comme le prolongement de la \u00ab\u00a0correction de cap\u00a0\u00bb engag\u00e9e le 25 juillet 2021 quand&nbsp;il avait limog\u00e9 son Premier ministre et gel\u00e9 le Parlement avant de le dissoudre en mars.&nbsp;<\/p>\n\n\n\n<p>K .L. et agences&nbsp;<\/p>\n","protected":false},"excerpt":{"rendered":"<p>Le pr\u00e9sident Kais Saied a proclam\u00e9 hier l&rsquo;entr\u00e9e de la Tunisie dans une \u00ab nouvelle phase \u00bb apr\u00e8s la victoire<\/p>\n","protected":false},"author":3,"featured_media":24760,"comment_status":"open","ping_status":"closed","sticky":false,"template":"","format":"standard","meta":{"colormag_page_container_layout":"default_layout","colormag_page_sidebar_layout":"default_layout","om_disable_all_campaigns":false,"_monsterinsights_skip_tracking":false,"_monsterinsights_sitenote_active":false,"_monsterinsights_sitenote_note":"","_monsterinsights_sitenote_category":0,"footnotes":"","_wpscppro_dont_share_socialmedia":false,"_wpscppro_custom_social_share_image":0,"_facebook_share_type":"","_twitter_share_type":"","_linkedin_share_type":"","_pinterest_share_type":"","_linkedin_share_type_page":"","_instagram_share_type":"","_medium_share_type":"","_threads_share_type":"","_google_business_share_type":"","_selected_social_profile":[],"_wpsp_enable_custom_social_template":false,"_wpsp_social_scheduling":{"enabled":false,"datetime":null,"platforms":[],"status":"template_only","dateOption":"today","timeOption":"now","customDays":"","customHours":"","customDate":"","customTime":"","schedulingType":"absolute"},"_wpsp_active_default_template":true},"categories":[37],"tags":[],"class_list":["post-24743","post","type-post","status-publish","format-standard","has-post-thumbnail","hentry","category-monde"],"aioseo_notices":[],"yoast_head":"<!-- This site is optimized with the Yoast SEO plugin v27.5 - https:\/\/yoast.com\/product\/yoast-seo-wordpress\/ -->\n<title>Tunisie\u00a0: Kais\u00a0Saied\u00a0proche d\u2019une victoire\u00a0sur\u00a0la Constitution - La Sentinelle<\/title>\n<meta name=\"robots\" content=\"index, follow, max-snippet:-1, max-image-preview:large, max-video-preview:-1\" \/>\n<link rel=\"canonical\" href=\"https:\/\/lasentinelle.dz\/index.php\/2022\/07\/27\/tunisie-kais-saied-proche-dune-victoire-sur-la-constitution\/\" \/>\n<meta property=\"og:locale\" content=\"fr_FR\" \/>\n<meta property=\"og:type\" content=\"article\" \/>\n<meta property=\"og:title\" content=\"Tunisie\u00a0: Kais\u00a0Saied\u00a0proche d\u2019une victoire\u00a0sur\u00a0la Constitution - La Sentinelle\" \/>\n<meta property=\"og:description\" content=\"Le pr\u00e9sident Kais Saied a proclam\u00e9 hier l&rsquo;entr\u00e9e de la Tunisie dans une \u00ab nouvelle phase \u00bb apr\u00e8s la victoire\" \/>\n<meta property=\"og:url\" content=\"https:\/\/lasentinelle.dz\/index.php\/2022\/07\/27\/tunisie-kais-saied-proche-dune-victoire-sur-la-constitution\/\" \/>\n<meta property=\"og:site_name\" content=\"La Sentinelle\" \/>\n<meta property=\"article:publisher\" content=\"https:\/\/www.facebook.com\/La-Sentinelle-104059864394773\" \/>\n<meta property=\"article:published_time\" content=\"2022-07-26T23:01:00+00:00\" \/>\n<meta property=\"og:image\" content=\"https:\/\/lasentinelle.dz\/wp-content\/uploads\/2022\/07\/keis.png\" \/>\n\t<meta property=\"og:image:width\" content=\"1351\" \/>\n\t<meta property=\"og:image:height\" content=\"900\" \/>\n\t<meta property=\"og:image:type\" content=\"image\/png\" \/>\n<meta name=\"author\" content=\"La Sentinelle\" \/>\n<meta name=\"twitter:card\" content=\"summary_large_image\" \/>\n<meta name=\"twitter:label1\" content=\"\u00c9crit par\" \/>\n\t<meta name=\"twitter:data1\" content=\"La Sentinelle\" \/>\n\t<meta name=\"twitter:label2\" content=\"Dur\u00e9e de lecture estim\u00e9e\" \/>\n\t<meta name=\"twitter:data2\" content=\"3 minutes\" \/>\n<script type=\"application\/ld+json\" class=\"yoast-schema-graph\">{\"@context\":\"https:\\\/\\\/schema.org\",\"@graph\":[{\"@type\":\"Article\",\"@id\":\"https:\\\/\\\/lasentinelle.dz\\\/index.php\\\/2022\\\/07\\\/27\\\/tunisie-kais-saied-proche-dune-victoire-sur-la-constitution\\\/#article\",\"isPartOf\":{\"@id\":\"https:\\\/\\\/lasentinelle.dz\\\/index.php\\\/2022\\\/07\\\/27\\\/tunisie-kais-saied-proche-dune-victoire-sur-la-constitution\\\/\"},\"author\":{\"name\":\"La Sentinelle\",\"@id\":\"https:\\\/\\\/lasentinelle.dz\\\/#\\\/schema\\\/person\\\/d865044e22e70a75174ce8bcad3acfb3\"},\"headline\":\"Tunisie\u00a0: Kais\u00a0Saied\u00a0proche d\u2019une victoire\u00a0sur\u00a0la Constitution\",\"datePublished\":\"2022-07-26T23:01:00+00:00\",\"mainEntityOfPage\":{\"@id\":\"https:\\\/\\\/lasentinelle.dz\\\/index.php\\\/2022\\\/07\\\/27\\\/tunisie-kais-saied-proche-dune-victoire-sur-la-constitution\\\/\"},\"wordCount\":653,\"commentCount\":0,\"publisher\":{\"@id\":\"https:\\\/\\\/lasentinelle.dz\\\/#organization\"},\"image\":{\"@id\":\"https:\\\/\\\/lasentinelle.dz\\\/index.php\\\/2022\\\/07\\\/27\\\/tunisie-kais-saied-proche-dune-victoire-sur-la-constitution\\\/#primaryimage\"},\"thumbnailUrl\":\"https:\\\/\\\/lasentinelle.dz\\\/wp-content\\\/uploads\\\/2022\\\/07\\\/keis.png\",\"articleSection\":[\"Monde\"],\"inLanguage\":\"fr-FR\",\"potentialAction\":[{\"@type\":\"CommentAction\",\"name\":\"Comment\",\"target\":[\"https:\\\/\\\/lasentinelle.dz\\\/index.php\\\/2022\\\/07\\\/27\\\/tunisie-kais-saied-proche-dune-victoire-sur-la-constitution\\\/#respond\"]}]},{\"@type\":\"WebPage\",\"@id\":\"https:\\\/\\\/lasentinelle.dz\\\/index.php\\\/2022\\\/07\\\/27\\\/tunisie-kais-saied-proche-dune-victoire-sur-la-constitution\\\/\",\"url\":\"https:\\\/\\\/lasentinelle.dz\\\/index.php\\\/2022\\\/07\\\/27\\\/tunisie-kais-saied-proche-dune-victoire-sur-la-constitution\\\/\",\"name\":\"Tunisie\u00a0: Kais\u00a0Saied\u00a0proche d\u2019une victoire\u00a0sur\u00a0la Constitution - La Sentinelle\",\"isPartOf\":{\"@id\":\"https:\\\/\\\/lasentinelle.dz\\\/#website\"},\"primaryImageOfPage\":{\"@id\":\"https:\\\/\\\/lasentinelle.dz\\\/index.php\\\/2022\\\/07\\\/27\\\/tunisie-kais-saied-proche-dune-victoire-sur-la-constitution\\\/#primaryimage\"},\"image\":{\"@id\":\"https:\\\/\\\/lasentinelle.dz\\\/index.php\\\/2022\\\/07\\\/27\\\/tunisie-kais-saied-proche-dune-victoire-sur-la-constitution\\\/#primaryimage\"},\"thumbnailUrl\":\"https:\\\/\\\/lasentinelle.dz\\\/wp-content\\\/uploads\\\/2022\\\/07\\\/keis.png\",\"datePublished\":\"2022-07-26T23:01:00+00:00\",\"breadcrumb\":{\"@id\":\"https:\\\/\\\/lasentinelle.dz\\\/index.php\\\/2022\\\/07\\\/27\\\/tunisie-kais-saied-proche-dune-victoire-sur-la-constitution\\\/#breadcrumb\"},\"inLanguage\":\"fr-FR\",\"potentialAction\":[{\"@type\":\"ReadAction\",\"target\":[\"https:\\\/\\\/lasentinelle.dz\\\/index.php\\\/2022\\\/07\\\/27\\\/tunisie-kais-saied-proche-dune-victoire-sur-la-constitution\\\/\"]}]},{\"@type\":\"ImageObject\",\"inLanguage\":\"fr-FR\",\"@id\":\"https:\\\/\\\/lasentinelle.dz\\\/index.php\\\/2022\\\/07\\\/27\\\/tunisie-kais-saied-proche-dune-victoire-sur-la-constitution\\\/#primaryimage\",\"url\":\"https:\\\/\\\/lasentinelle.dz\\\/wp-content\\\/uploads\\\/2022\\\/07\\\/keis.png\",\"contentUrl\":\"https:\\\/\\\/lasentinelle.dz\\\/wp-content\\\/uploads\\\/2022\\\/07\\\/keis.png\",\"width\":1351,\"height\":900},{\"@type\":\"BreadcrumbList\",\"@id\":\"https:\\\/\\\/lasentinelle.dz\\\/index.php\\\/2022\\\/07\\\/27\\\/tunisie-kais-saied-proche-dune-victoire-sur-la-constitution\\\/#breadcrumb\",\"itemListElement\":[{\"@type\":\"ListItem\",\"position\":1,\"name\":\"Accueil\",\"item\":\"https:\\\/\\\/lasentinelle.dz\\\/\"},{\"@type\":\"ListItem\",\"position\":2,\"name\":\"Tunisie\u00a0: Kais\u00a0Saied\u00a0proche d\u2019une victoire\u00a0sur\u00a0la Constitution\"}]},{\"@type\":\"WebSite\",\"@id\":\"https:\\\/\\\/lasentinelle.dz\\\/#website\",\"url\":\"https:\\\/\\\/lasentinelle.dz\\\/\",\"name\":\"La Sentinelle\",\"description\":\"Quotidien national d&#039;information\",\"publisher\":{\"@id\":\"https:\\\/\\\/lasentinelle.dz\\\/#organization\"},\"potentialAction\":[{\"@type\":\"SearchAction\",\"target\":{\"@type\":\"EntryPoint\",\"urlTemplate\":\"https:\\\/\\\/lasentinelle.dz\\\/?s={search_term_string}\"},\"query-input\":{\"@type\":\"PropertyValueSpecification\",\"valueRequired\":true,\"valueName\":\"search_term_string\"}}],\"inLanguage\":\"fr-FR\"},{\"@type\":\"Organization\",\"@id\":\"https:\\\/\\\/lasentinelle.dz\\\/#organization\",\"name\":\"Quotidien La Sentinelle\",\"url\":\"https:\\\/\\\/lasentinelle.dz\\\/\",\"logo\":{\"@type\":\"ImageObject\",\"inLanguage\":\"fr-FR\",\"@id\":\"https:\\\/\\\/lasentinelle.dz\\\/#\\\/schema\\\/logo\\\/image\\\/\",\"url\":\"https:\\\/\\\/lasentinelle.dz\\\/wp-content\\\/uploads\\\/2021\\\/09\\\/logo-sentinelleSLOGAN-1.png\",\"contentUrl\":\"https:\\\/\\\/lasentinelle.dz\\\/wp-content\\\/uploads\\\/2021\\\/09\\\/logo-sentinelleSLOGAN-1.png\",\"width\":615,\"height\":142,\"caption\":\"Quotidien La Sentinelle\"},\"image\":{\"@id\":\"https:\\\/\\\/lasentinelle.dz\\\/#\\\/schema\\\/logo\\\/image\\\/\"},\"sameAs\":[\"https:\\\/\\\/www.facebook.com\\\/La-Sentinelle-104059864394773\"]},{\"@type\":\"Person\",\"@id\":\"https:\\\/\\\/lasentinelle.dz\\\/#\\\/schema\\\/person\\\/d865044e22e70a75174ce8bcad3acfb3\",\"name\":\"La Sentinelle\",\"image\":{\"@type\":\"ImageObject\",\"inLanguage\":\"fr-FR\",\"@id\":\"https:\\\/\\\/secure.gravatar.com\\\/avatar\\\/57de8e5d4b15d43fb361a71fbb36338450fe67865b528a43dd10ef7c51a20392?s=96&d=mm&r=g\",\"url\":\"https:\\\/\\\/secure.gravatar.com\\\/avatar\\\/57de8e5d4b15d43fb361a71fbb36338450fe67865b528a43dd10ef7c51a20392?s=96&d=mm&r=g\",\"contentUrl\":\"https:\\\/\\\/secure.gravatar.com\\\/avatar\\\/57de8e5d4b15d43fb361a71fbb36338450fe67865b528a43dd10ef7c51a20392?s=96&d=mm&r=g\",\"caption\":\"La Sentinelle\"},\"sameAs\":[\"http:\\\/\\\/www.lasentinelle.dz\"],\"url\":\"https:\\\/\\\/lasentinelle.dz\\\/author\\\/redaction\\\/\"}]}<\/script>\n<!-- \/ Yoast SEO plugin. -->","yoast_head_json":{"title":"Tunisie\u00a0: Kais\u00a0Saied\u00a0proche d\u2019une victoire\u00a0sur\u00a0la Constitution - La Sentinelle","robots":{"index":"index","follow":"follow","max-snippet":"max-snippet:-1","max-image-preview":"max-image-preview:large","max-video-preview":"max-video-preview:-1"},"canonical":"https:\/\/lasentinelle.dz\/index.php\/2022\/07\/27\/tunisie-kais-saied-proche-dune-victoire-sur-la-constitution\/","og_locale":"fr_FR","og_type":"article","og_title":"Tunisie\u00a0: Kais\u00a0Saied\u00a0proche d\u2019une victoire\u00a0sur\u00a0la Constitution - La Sentinelle","og_description":"Le pr\u00e9sident Kais Saied a proclam\u00e9 hier l&rsquo;entr\u00e9e de la Tunisie dans une \u00ab nouvelle phase \u00bb apr\u00e8s la victoire","og_url":"https:\/\/lasentinelle.dz\/index.php\/2022\/07\/27\/tunisie-kais-saied-proche-dune-victoire-sur-la-constitution\/","og_site_name":"La Sentinelle","article_publisher":"https:\/\/www.facebook.com\/La-Sentinelle-104059864394773","article_published_time":"2022-07-26T23:01:00+00:00","og_image":[{"width":1351,"height":900,"url":"https:\/\/lasentinelle.dz\/wp-content\/uploads\/2022\/07\/keis.png","type":"image\/png"}],"author":"La Sentinelle","twitter_card":"summary_large_image","twitter_misc":{"\u00c9crit par":"La Sentinelle","Dur\u00e9e de lecture estim\u00e9e":"3 minutes"},"schema":{"@context":"https:\/\/schema.org","@graph":[{"@type":"Article","@id":"https:\/\/lasentinelle.dz\/index.php\/2022\/07\/27\/tunisie-kais-saied-proche-dune-victoire-sur-la-constitution\/#article","isPartOf":{"@id":"https:\/\/lasentinelle.dz\/index.php\/2022\/07\/27\/tunisie-kais-saied-proche-dune-victoire-sur-la-constitution\/"},"author":{"name":"La Sentinelle","@id":"https:\/\/lasentinelle.dz\/#\/schema\/person\/d865044e22e70a75174ce8bcad3acfb3"},"headline":"Tunisie\u00a0: Kais\u00a0Saied\u00a0proche d\u2019une victoire\u00a0sur\u00a0la Constitution","datePublished":"2022-07-26T23:01:00+00:00","mainEntityOfPage":{"@id":"https:\/\/lasentinelle.dz\/index.php\/2022\/07\/27\/tunisie-kais-saied-proche-dune-victoire-sur-la-constitution\/"},"wordCount":653,"commentCount":0,"publisher":{"@id":"https:\/\/lasentinelle.dz\/#organization"},"image":{"@id":"https:\/\/lasentinelle.dz\/index.php\/2022\/07\/27\/tunisie-kais-saied-proche-dune-victoire-sur-la-constitution\/#primaryimage"},"thumbnailUrl":"https:\/\/lasentinelle.dz\/wp-content\/uploads\/2022\/07\/keis.png","articleSection":["Monde"],"inLanguage":"fr-FR","potentialAction":[{"@type":"CommentAction","name":"Comment","target":["https:\/\/lasentinelle.dz\/index.php\/2022\/07\/27\/tunisie-kais-saied-proche-dune-victoire-sur-la-constitution\/#respond"]}]},{"@type":"WebPage","@id":"https:\/\/lasentinelle.dz\/index.php\/2022\/07\/27\/tunisie-kais-saied-proche-dune-victoire-sur-la-constitution\/","url":"https:\/\/lasentinelle.dz\/index.php\/2022\/07\/27\/tunisie-kais-saied-proche-dune-victoire-sur-la-constitution\/","name":"Tunisie\u00a0: Kais\u00a0Saied\u00a0proche d\u2019une victoire\u00a0sur\u00a0la Constitution - La Sentinelle","isPartOf":{"@id":"https:\/\/lasentinelle.dz\/#website"},"primaryImageOfPage":{"@id":"https:\/\/lasentinelle.dz\/index.php\/2022\/07\/27\/tunisie-kais-saied-proche-dune-victoire-sur-la-constitution\/#primaryimage"},"image":{"@id":"https:\/\/lasentinelle.dz\/index.php\/2022\/07\/27\/tunisie-kais-saied-proche-dune-victoire-sur-la-constitution\/#primaryimage"},"thumbnailUrl":"https:\/\/lasentinelle.dz\/wp-content\/uploads\/2022\/07\/keis.png","datePublished":"2022-07-26T23:01:00+00:00","breadcrumb":{"@id":"https:\/\/lasentinelle.dz\/index.php\/2022\/07\/27\/tunisie-kais-saied-proche-dune-victoire-sur-la-constitution\/#breadcrumb"},"inLanguage":"fr-FR","potentialAction":[{"@type":"ReadAction","target":["https:\/\/lasentinelle.dz\/index.php\/2022\/07\/27\/tunisie-kais-saied-proche-dune-victoire-sur-la-constitution\/"]}]},{"@type":"ImageObject","inLanguage":"fr-FR","@id":"https:\/\/lasentinelle.dz\/index.php\/2022\/07\/27\/tunisie-kais-saied-proche-dune-victoire-sur-la-constitution\/#primaryimage","url":"https:\/\/lasentinelle.dz\/wp-content\/uploads\/2022\/07\/keis.png","contentUrl":"https:\/\/lasentinelle.dz\/wp-content\/uploads\/2022\/07\/keis.png","width":1351,"height":900},{"@type":"BreadcrumbList","@id":"https:\/\/lasentinelle.dz\/index.php\/2022\/07\/27\/tunisie-kais-saied-proche-dune-victoire-sur-la-constitution\/#breadcrumb","itemListElement":[{"@type":"ListItem","position":1,"name":"Accueil","item":"https:\/\/lasentinelle.dz\/"},{"@type":"ListItem","position":2,"name":"Tunisie\u00a0: Kais\u00a0Saied\u00a0proche d\u2019une victoire\u00a0sur\u00a0la Constitution"}]},{"@type":"WebSite","@id":"https:\/\/lasentinelle.dz\/#website","url":"https:\/\/lasentinelle.dz\/","name":"La Sentinelle","description":"Quotidien national d&#039;information","publisher":{"@id":"https:\/\/lasentinelle.dz\/#organization"},"potentialAction":[{"@type":"SearchAction","target":{"@type":"EntryPoint","urlTemplate":"https:\/\/lasentinelle.dz\/?s={search_term_string}"},"query-input":{"@type":"PropertyValueSpecification","valueRequired":true,"valueName":"search_term_string"}}],"inLanguage":"fr-FR"},{"@type":"Organization","@id":"https:\/\/lasentinelle.dz\/#organization","name":"Quotidien La Sentinelle","url":"https:\/\/lasentinelle.dz\/","logo":{"@type":"ImageObject","inLanguage":"fr-FR","@id":"https:\/\/lasentinelle.dz\/#\/schema\/logo\/image\/","url":"https:\/\/lasentinelle.dz\/wp-content\/uploads\/2021\/09\/logo-sentinelleSLOGAN-1.png","contentUrl":"https:\/\/lasentinelle.dz\/wp-content\/uploads\/2021\/09\/logo-sentinelleSLOGAN-1.png","width":615,"height":142,"caption":"Quotidien La Sentinelle"},"image":{"@id":"https:\/\/lasentinelle.dz\/#\/schema\/logo\/image\/"},"sameAs":["https:\/\/www.facebook.com\/La-Sentinelle-104059864394773"]},{"@type":"Person","@id":"https:\/\/lasentinelle.dz\/#\/schema\/person\/d865044e22e70a75174ce8bcad3acfb3","name":"La Sentinelle","image":{"@type":"ImageObject","inLanguage":"fr-FR","@id":"https:\/\/secure.gravatar.com\/avatar\/57de8e5d4b15d43fb361a71fbb36338450fe67865b528a43dd10ef7c51a20392?s=96&d=mm&r=g","url":"https:\/\/secure.gravatar.com\/avatar\/57de8e5d4b15d43fb361a71fbb36338450fe67865b528a43dd10ef7c51a20392?s=96&d=mm&r=g","contentUrl":"https:\/\/secure.gravatar.com\/avatar\/57de8e5d4b15d43fb361a71fbb36338450fe67865b528a43dd10ef7c51a20392?s=96&d=mm&r=g","caption":"La Sentinelle"},"sameAs":["http:\/\/www.lasentinelle.dz"],"url":"https:\/\/lasentinelle.dz\/author\/redaction\/"}]}},"_links":{"self":[{"href":"https:\/\/lasentinelle.dz\/index.php\/wp-json\/wp\/v2\/posts\/24743","targetHints":{"allow":["GET"]}}],"collection":[{"href":"https:\/\/lasentinelle.dz\/index.php\/wp-json\/wp\/v2\/posts"}],"about":[{"href":"https:\/\/lasentinelle.dz\/index.php\/wp-json\/wp\/v2\/types\/post"}],"author":[{"embeddable":true,"href":"https:\/\/lasentinelle.dz\/index.php\/wp-json\/wp\/v2\/users\/3"}],"replies":[{"embeddable":true,"href":"https:\/\/lasentinelle.dz\/index.php\/wp-json\/wp\/v2\/comments?post=24743"}],"version-history":[{"count":1,"href":"https:\/\/lasentinelle.dz\/index.php\/wp-json\/wp\/v2\/posts\/24743\/revisions"}],"predecessor-version":[{"id":24761,"href":"https:\/\/lasentinelle.dz\/index.php\/wp-json\/wp\/v2\/posts\/24743\/revisions\/24761"}],"wp:featuredmedia":[{"embeddable":true,"href":"https:\/\/lasentinelle.dz\/index.php\/wp-json\/wp\/v2\/media\/24760"}],"wp:attachment":[{"href":"https:\/\/lasentinelle.dz\/index.php\/wp-json\/wp\/v2\/media?parent=24743"}],"wp:term":[{"taxonomy":"category","embeddable":true,"href":"https:\/\/lasentinelle.dz\/index.php\/wp-json\/wp\/v2\/categories?post=24743"},{"taxonomy":"post_tag","embeddable":true,"href":"https:\/\/lasentinelle.dz\/index.php\/wp-json\/wp\/v2\/tags?post=24743"}],"curies":[{"name":"wp","href":"https:\/\/api.w.org\/{rel}","templated":true}]}}