{"id":24746,"date":"2022-07-27T00:01:00","date_gmt":"2022-07-26T23:01:00","guid":{"rendered":"https:\/\/lasentinelle.dz\/?p=24746"},"modified":"2022-07-26T17:04:10","modified_gmt":"2022-07-26T16:04:10","slug":"stade-brestois-slimani-pret-a-rejoindre-belaili","status":"publish","type":"post","link":"https:\/\/lasentinelle.dz\/index.php\/2022\/07\/27\/stade-brestois-slimani-pret-a-rejoindre-belaili\/","title":{"rendered":"Stade Brestois\u00a0:\u00a0Slimani pr\u00eat \u00e0 rejoindre Bela\u00efli ?"},"content":{"rendered":"\n<p>D\u00e9sireux de trouver le meilleur rempla\u00e7ant en attaque \u00e0 Satriano, qui est retourn\u00e9 du c\u00f4t\u00e9 de l\u2019Inter Milan, les dirigeants brestois sont&nbsp;sur plusieurs pistes.&nbsp;<\/p>\n\n\n\n<p>Auteur d\u2019une bonne premi\u00e8re saison sur le banc de Brest, Der Zakarian r\u00e9alise \u00e9galement une bonne pr\u00e9paration cet \u00e9t\u00e9 avec 3 victoires et 1 d\u00e9faite lors des 4 derniers matchs amicaux. Le coach arm\u00e9nien a vu son \u00e9quipe \u00eatre quelque peu remani\u00e9e avec notamment l\u2019arriv\u00e9e de Pierre Lees Melou et de Mathias Pereira Lage. Avec le d\u00e9part sans surprise de Satriano, le club a d\u00e9cid\u00e9 de miser sur le jeune anglais Karamoko Dembele (19 ans) pour le poste de num\u00e9ro 9. Pour autant, son faible temps de jeu au Celtic et son jeune \u00e2ge ne permet pas au coach d\u2019\u00eatre en pleine confiance, il veut donc l\u2019aider en recrutant un second attaquant plus exp\u00e9riment\u00e9 en la personne d\u2019Islam Slimani. Bien connu en France pour avoir r\u00e9alis\u00e9 une excellente saison 2019\/2020 avec l\u2019AS Monaco (9 buts et 8 passes d\u00e9cisives) et pour avoir port\u00e9 les couleurs de l\u2019OL entre ao\u00fbt 2020 et d\u00e9cembre 2021, l\u2019international alg\u00e9rien de 34 ans ne rentrerait plus dans les plans du coach du Sporting pour la saison prochaine. Il devrait \u00eatre libre de tout contrat et un retour en Ligue 1 est envisag\u00e9, mais il y a beaucoup de concurrence ! En effet, des clubs exotiques, du Qatar et 3 clubs de Ligue 1 souhaitent le recruter. Youssef Belaili pourrait jouer un grand r\u00f4le dans ce dossier pour convaincre son ami de le rejoindre ! Sous contrat jusqu&rsquo;en juin 2023 avec le Sporting, les relations entre l&rsquo;attaquant et l&rsquo;entra\u00eeneur Ruben Amorim devraient pousser le Fennec vers la sortie apr\u00e8s n&rsquo;avoir pris part qu&rsquo;\u00e0 9 rencontres de championnat o\u00f9 il a tout de m\u00eame inscrit 4 buts et offert 1 passe d\u00e9cisive. Slimani n&rsquo;a pas \u00e9t\u00e9 convoqu\u00e9 pour les 4 derni\u00e8res journ\u00e9es, une triste fin d&rsquo;histoire entre lui et le club qui l&rsquo;a vu briller de 2013 \u00e0 2016 avec notamment une saison 2015\/2016 \u00e0 27 buts et 6 passes d\u00e9cisives. Il veut, ainsi, se relancer de la meilleure des mani\u00e8res, sachant qu\u2019il fait partie des \u00e9l\u00e9ments sur lesquels mise l\u2019entra\u00eeneur de l\u2019Equipe nationale alg\u00e9rienne, Djamel Belmadi, pour lors des prochaines \u00e9ch\u00e9ances qui attendent les siens.<\/p>\n\n\n\n<p><strong>&nbsp;R. S. \/ A. M.<\/strong><\/p>\n","protected":false},"excerpt":{"rendered":"<p>D\u00e9sireux de trouver le meilleur rempla\u00e7ant en attaque \u00e0 Satriano, qui est retourn\u00e9 du c\u00f4t\u00e9 de l\u2019Inter Milan, les dirigeants<\/p>\n","protected":false},"author":3,"featured_media":24752,"comment_status":"open","ping_status":"closed","sticky":false,"template":"","format":"standard","meta":{"colormag_page_container_layout":"default_layout","colormag_page_sidebar_layout":"default_layout","om_disable_all_campaigns":false,"_monsterinsights_skip_tracking":false,"_monsterinsights_sitenote_active":false,"_monsterinsights_sitenote_note":"","_monsterinsights_sitenote_category":0,"footnotes":"","_wpscppro_dont_share_socialmedia":false,"_wpscppro_custom_social_share_image":0,"_facebook_share_type":"","_twitter_share_type":"","_linkedin_share_type":"","_pinterest_share_type":"","_linkedin_share_type_page":"","_instagram_share_type":"","_medium_share_type":"","_threads_share_type":"","_google_business_share_type":"","_selected_social_profile":[],"_wpsp_enable_custom_social_template":false,"_wpsp_social_scheduling":{"enabled":false,"datetime":null,"platforms":[],"status":"template_only","dateOption":"today","timeOption":"now","customDays":"","customHours":"","customDate":"","customTime":"","schedulingType":"absolute"},"_wpsp_active_default_template":true},"categories":[33],"tags":[],"class_list":["post-24746","post","type-post","status-publish","format-standard","has-post-thumbnail","hentry","category-sports"],"aioseo_notices":[],"yoast_head":"<!-- This site is optimized with the Yoast SEO plugin v27.5 - https:\/\/yoast.com\/product\/yoast-seo-wordpress\/ -->\n<title>Stade Brestois\u00a0:\u00a0Slimani pr\u00eat \u00e0 rejoindre Bela\u00efli ? - La Sentinelle<\/title>\n<meta name=\"robots\" content=\"index, follow, max-snippet:-1, max-image-preview:large, max-video-preview:-1\" \/>\n<link rel=\"canonical\" href=\"https:\/\/lasentinelle.dz\/index.php\/2022\/07\/27\/stade-brestois-slimani-pret-a-rejoindre-belaili\/\" \/>\n<meta property=\"og:locale\" content=\"fr_FR\" \/>\n<meta property=\"og:type\" content=\"article\" \/>\n<meta property=\"og:title\" content=\"Stade Brestois\u00a0:\u00a0Slimani pr\u00eat \u00e0 rejoindre Bela\u00efli ? - La Sentinelle\" \/>\n<meta property=\"og:description\" content=\"D\u00e9sireux de trouver le meilleur rempla\u00e7ant en attaque \u00e0 Satriano, qui est retourn\u00e9 du c\u00f4t\u00e9 de l\u2019Inter Milan, les dirigeants\" \/>\n<meta property=\"og:url\" content=\"https:\/\/lasentinelle.dz\/index.php\/2022\/07\/27\/stade-brestois-slimani-pret-a-rejoindre-belaili\/\" \/>\n<meta property=\"og:site_name\" content=\"La Sentinelle\" \/>\n<meta property=\"article:publisher\" content=\"https:\/\/www.facebook.com\/La-Sentinelle-104059864394773\" \/>\n<meta property=\"article:published_time\" content=\"2022-07-26T23:01:00+00:00\" \/>\n<meta property=\"og:image\" content=\"https:\/\/lasentinelle.dz\/wp-content\/uploads\/2022\/07\/slimani.jpg\" \/>\n\t<meta property=\"og:image:width\" content=\"1280\" \/>\n\t<meta property=\"og:image:height\" content=\"720\" \/>\n\t<meta property=\"og:image:type\" content=\"image\/jpeg\" \/>\n<meta name=\"author\" content=\"La Sentinelle\" \/>\n<meta name=\"twitter:card\" content=\"summary_large_image\" \/>\n<meta name=\"twitter:label1\" content=\"\u00c9crit par\" \/>\n\t<meta name=\"twitter:data1\" content=\"La Sentinelle\" \/>\n\t<meta name=\"twitter:label2\" content=\"Dur\u00e9e de lecture estim\u00e9e\" \/>\n\t<meta name=\"twitter:data2\" content=\"2 minutes\" \/>\n<script type=\"application\/ld+json\" class=\"yoast-schema-graph\">{\"@context\":\"https:\\\/\\\/schema.org\",\"@graph\":[{\"@type\":\"Article\",\"@id\":\"https:\\\/\\\/lasentinelle.dz\\\/index.php\\\/2022\\\/07\\\/27\\\/stade-brestois-slimani-pret-a-rejoindre-belaili\\\/#article\",\"isPartOf\":{\"@id\":\"https:\\\/\\\/lasentinelle.dz\\\/index.php\\\/2022\\\/07\\\/27\\\/stade-brestois-slimani-pret-a-rejoindre-belaili\\\/\"},\"author\":{\"name\":\"La Sentinelle\",\"@id\":\"https:\\\/\\\/lasentinelle.dz\\\/#\\\/schema\\\/person\\\/d865044e22e70a75174ce8bcad3acfb3\"},\"headline\":\"Stade Brestois\u00a0:\u00a0Slimani pr\u00eat \u00e0 rejoindre Bela\u00efli ?\",\"datePublished\":\"2022-07-26T23:01:00+00:00\",\"mainEntityOfPage\":{\"@id\":\"https:\\\/\\\/lasentinelle.dz\\\/index.php\\\/2022\\\/07\\\/27\\\/stade-brestois-slimani-pret-a-rejoindre-belaili\\\/\"},\"wordCount\":411,\"commentCount\":0,\"publisher\":{\"@id\":\"https:\\\/\\\/lasentinelle.dz\\\/#organization\"},\"image\":{\"@id\":\"https:\\\/\\\/lasentinelle.dz\\\/index.php\\\/2022\\\/07\\\/27\\\/stade-brestois-slimani-pret-a-rejoindre-belaili\\\/#primaryimage\"},\"thumbnailUrl\":\"https:\\\/\\\/lasentinelle.dz\\\/wp-content\\\/uploads\\\/2022\\\/07\\\/slimani.jpg\",\"articleSection\":[\"Sports\"],\"inLanguage\":\"fr-FR\",\"potentialAction\":[{\"@type\":\"CommentAction\",\"name\":\"Comment\",\"target\":[\"https:\\\/\\\/lasentinelle.dz\\\/index.php\\\/2022\\\/07\\\/27\\\/stade-brestois-slimani-pret-a-rejoindre-belaili\\\/#respond\"]}]},{\"@type\":\"WebPage\",\"@id\":\"https:\\\/\\\/lasentinelle.dz\\\/index.php\\\/2022\\\/07\\\/27\\\/stade-brestois-slimani-pret-a-rejoindre-belaili\\\/\",\"url\":\"https:\\\/\\\/lasentinelle.dz\\\/index.php\\\/2022\\\/07\\\/27\\\/stade-brestois-slimani-pret-a-rejoindre-belaili\\\/\",\"name\":\"Stade Brestois\u00a0:\u00a0Slimani pr\u00eat \u00e0 rejoindre Bela\u00efli ? - La Sentinelle\",\"isPartOf\":{\"@id\":\"https:\\\/\\\/lasentinelle.dz\\\/#website\"},\"primaryImageOfPage\":{\"@id\":\"https:\\\/\\\/lasentinelle.dz\\\/index.php\\\/2022\\\/07\\\/27\\\/stade-brestois-slimani-pret-a-rejoindre-belaili\\\/#primaryimage\"},\"image\":{\"@id\":\"https:\\\/\\\/lasentinelle.dz\\\/index.php\\\/2022\\\/07\\\/27\\\/stade-brestois-slimani-pret-a-rejoindre-belaili\\\/#primaryimage\"},\"thumbnailUrl\":\"https:\\\/\\\/lasentinelle.dz\\\/wp-content\\\/uploads\\\/2022\\\/07\\\/slimani.jpg\",\"datePublished\":\"2022-07-26T23:01:00+00:00\",\"breadcrumb\":{\"@id\":\"https:\\\/\\\/lasentinelle.dz\\\/index.php\\\/2022\\\/07\\\/27\\\/stade-brestois-slimani-pret-a-rejoindre-belaili\\\/#breadcrumb\"},\"inLanguage\":\"fr-FR\",\"potentialAction\":[{\"@type\":\"ReadAction\",\"target\":[\"https:\\\/\\\/lasentinelle.dz\\\/index.php\\\/2022\\\/07\\\/27\\\/stade-brestois-slimani-pret-a-rejoindre-belaili\\\/\"]}]},{\"@type\":\"ImageObject\",\"inLanguage\":\"fr-FR\",\"@id\":\"https:\\\/\\\/lasentinelle.dz\\\/index.php\\\/2022\\\/07\\\/27\\\/stade-brestois-slimani-pret-a-rejoindre-belaili\\\/#primaryimage\",\"url\":\"https:\\\/\\\/lasentinelle.dz\\\/wp-content\\\/uploads\\\/2022\\\/07\\\/slimani.jpg\",\"contentUrl\":\"https:\\\/\\\/lasentinelle.dz\\\/wp-content\\\/uploads\\\/2022\\\/07\\\/slimani.jpg\",\"width\":1280,\"height\":720},{\"@type\":\"BreadcrumbList\",\"@id\":\"https:\\\/\\\/lasentinelle.dz\\\/index.php\\\/2022\\\/07\\\/27\\\/stade-brestois-slimani-pret-a-rejoindre-belaili\\\/#breadcrumb\",\"itemListElement\":[{\"@type\":\"ListItem\",\"position\":1,\"name\":\"Accueil\",\"item\":\"https:\\\/\\\/lasentinelle.dz\\\/\"},{\"@type\":\"ListItem\",\"position\":2,\"name\":\"Stade Brestois\u00a0:\u00a0Slimani pr\u00eat \u00e0 rejoindre Bela\u00efli ?\"}]},{\"@type\":\"WebSite\",\"@id\":\"https:\\\/\\\/lasentinelle.dz\\\/#website\",\"url\":\"https:\\\/\\\/lasentinelle.dz\\\/\",\"name\":\"La Sentinelle\",\"description\":\"Quotidien national d&#039;information\",\"publisher\":{\"@id\":\"https:\\\/\\\/lasentinelle.dz\\\/#organization\"},\"potentialAction\":[{\"@type\":\"SearchAction\",\"target\":{\"@type\":\"EntryPoint\",\"urlTemplate\":\"https:\\\/\\\/lasentinelle.dz\\\/?s={search_term_string}\"},\"query-input\":{\"@type\":\"PropertyValueSpecification\",\"valueRequired\":true,\"valueName\":\"search_term_string\"}}],\"inLanguage\":\"fr-FR\"},{\"@type\":\"Organization\",\"@id\":\"https:\\\/\\\/lasentinelle.dz\\\/#organization\",\"name\":\"Quotidien La Sentinelle\",\"url\":\"https:\\\/\\\/lasentinelle.dz\\\/\",\"logo\":{\"@type\":\"ImageObject\",\"inLanguage\":\"fr-FR\",\"@id\":\"https:\\\/\\\/lasentinelle.dz\\\/#\\\/schema\\\/logo\\\/image\\\/\",\"url\":\"https:\\\/\\\/lasentinelle.dz\\\/wp-content\\\/uploads\\\/2021\\\/09\\\/logo-sentinelleSLOGAN-1.png\",\"contentUrl\":\"https:\\\/\\\/lasentinelle.dz\\\/wp-content\\\/uploads\\\/2021\\\/09\\\/logo-sentinelleSLOGAN-1.png\",\"width\":615,\"height\":142,\"caption\":\"Quotidien La Sentinelle\"},\"image\":{\"@id\":\"https:\\\/\\\/lasentinelle.dz\\\/#\\\/schema\\\/logo\\\/image\\\/\"},\"sameAs\":[\"https:\\\/\\\/www.facebook.com\\\/La-Sentinelle-104059864394773\"]},{\"@type\":\"Person\",\"@id\":\"https:\\\/\\\/lasentinelle.dz\\\/#\\\/schema\\\/person\\\/d865044e22e70a75174ce8bcad3acfb3\",\"name\":\"La Sentinelle\",\"image\":{\"@type\":\"ImageObject\",\"inLanguage\":\"fr-FR\",\"@id\":\"https:\\\/\\\/secure.gravatar.com\\\/avatar\\\/57de8e5d4b15d43fb361a71fbb36338450fe67865b528a43dd10ef7c51a20392?s=96&d=mm&r=g\",\"url\":\"https:\\\/\\\/secure.gravatar.com\\\/avatar\\\/57de8e5d4b15d43fb361a71fbb36338450fe67865b528a43dd10ef7c51a20392?s=96&d=mm&r=g\",\"contentUrl\":\"https:\\\/\\\/secure.gravatar.com\\\/avatar\\\/57de8e5d4b15d43fb361a71fbb36338450fe67865b528a43dd10ef7c51a20392?s=96&d=mm&r=g\",\"caption\":\"La Sentinelle\"},\"sameAs\":[\"http:\\\/\\\/www.lasentinelle.dz\"],\"url\":\"https:\\\/\\\/lasentinelle.dz\\\/author\\\/redaction\\\/\"}]}<\/script>\n<!-- \/ Yoast SEO plugin. -->","yoast_head_json":{"title":"Stade Brestois\u00a0:\u00a0Slimani pr\u00eat \u00e0 rejoindre Bela\u00efli ? - La Sentinelle","robots":{"index":"index","follow":"follow","max-snippet":"max-snippet:-1","max-image-preview":"max-image-preview:large","max-video-preview":"max-video-preview:-1"},"canonical":"https:\/\/lasentinelle.dz\/index.php\/2022\/07\/27\/stade-brestois-slimani-pret-a-rejoindre-belaili\/","og_locale":"fr_FR","og_type":"article","og_title":"Stade Brestois\u00a0:\u00a0Slimani pr\u00eat \u00e0 rejoindre Bela\u00efli ? - La Sentinelle","og_description":"D\u00e9sireux de trouver le meilleur rempla\u00e7ant en attaque \u00e0 Satriano, qui est retourn\u00e9 du c\u00f4t\u00e9 de l\u2019Inter Milan, les dirigeants","og_url":"https:\/\/lasentinelle.dz\/index.php\/2022\/07\/27\/stade-brestois-slimani-pret-a-rejoindre-belaili\/","og_site_name":"La Sentinelle","article_publisher":"https:\/\/www.facebook.com\/La-Sentinelle-104059864394773","article_published_time":"2022-07-26T23:01:00+00:00","og_image":[{"width":1280,"height":720,"url":"https:\/\/lasentinelle.dz\/wp-content\/uploads\/2022\/07\/slimani.jpg","type":"image\/jpeg"}],"author":"La Sentinelle","twitter_card":"summary_large_image","twitter_misc":{"\u00c9crit par":"La Sentinelle","Dur\u00e9e de lecture estim\u00e9e":"2 minutes"},"schema":{"@context":"https:\/\/schema.org","@graph":[{"@type":"Article","@id":"https:\/\/lasentinelle.dz\/index.php\/2022\/07\/27\/stade-brestois-slimani-pret-a-rejoindre-belaili\/#article","isPartOf":{"@id":"https:\/\/lasentinelle.dz\/index.php\/2022\/07\/27\/stade-brestois-slimani-pret-a-rejoindre-belaili\/"},"author":{"name":"La Sentinelle","@id":"https:\/\/lasentinelle.dz\/#\/schema\/person\/d865044e22e70a75174ce8bcad3acfb3"},"headline":"Stade Brestois\u00a0:\u00a0Slimani pr\u00eat \u00e0 rejoindre Bela\u00efli ?","datePublished":"2022-07-26T23:01:00+00:00","mainEntityOfPage":{"@id":"https:\/\/lasentinelle.dz\/index.php\/2022\/07\/27\/stade-brestois-slimani-pret-a-rejoindre-belaili\/"},"wordCount":411,"commentCount":0,"publisher":{"@id":"https:\/\/lasentinelle.dz\/#organization"},"image":{"@id":"https:\/\/lasentinelle.dz\/index.php\/2022\/07\/27\/stade-brestois-slimani-pret-a-rejoindre-belaili\/#primaryimage"},"thumbnailUrl":"https:\/\/lasentinelle.dz\/wp-content\/uploads\/2022\/07\/slimani.jpg","articleSection":["Sports"],"inLanguage":"fr-FR","potentialAction":[{"@type":"CommentAction","name":"Comment","target":["https:\/\/lasentinelle.dz\/index.php\/2022\/07\/27\/stade-brestois-slimani-pret-a-rejoindre-belaili\/#respond"]}]},{"@type":"WebPage","@id":"https:\/\/lasentinelle.dz\/index.php\/2022\/07\/27\/stade-brestois-slimani-pret-a-rejoindre-belaili\/","url":"https:\/\/lasentinelle.dz\/index.php\/2022\/07\/27\/stade-brestois-slimani-pret-a-rejoindre-belaili\/","name":"Stade Brestois\u00a0:\u00a0Slimani pr\u00eat \u00e0 rejoindre Bela\u00efli ? - La Sentinelle","isPartOf":{"@id":"https:\/\/lasentinelle.dz\/#website"},"primaryImageOfPage":{"@id":"https:\/\/lasentinelle.dz\/index.php\/2022\/07\/27\/stade-brestois-slimani-pret-a-rejoindre-belaili\/#primaryimage"},"image":{"@id":"https:\/\/lasentinelle.dz\/index.php\/2022\/07\/27\/stade-brestois-slimani-pret-a-rejoindre-belaili\/#primaryimage"},"thumbnailUrl":"https:\/\/lasentinelle.dz\/wp-content\/uploads\/2022\/07\/slimani.jpg","datePublished":"2022-07-26T23:01:00+00:00","breadcrumb":{"@id":"https:\/\/lasentinelle.dz\/index.php\/2022\/07\/27\/stade-brestois-slimani-pret-a-rejoindre-belaili\/#breadcrumb"},"inLanguage":"fr-FR","potentialAction":[{"@type":"ReadAction","target":["https:\/\/lasentinelle.dz\/index.php\/2022\/07\/27\/stade-brestois-slimani-pret-a-rejoindre-belaili\/"]}]},{"@type":"ImageObject","inLanguage":"fr-FR","@id":"https:\/\/lasentinelle.dz\/index.php\/2022\/07\/27\/stade-brestois-slimani-pret-a-rejoindre-belaili\/#primaryimage","url":"https:\/\/lasentinelle.dz\/wp-content\/uploads\/2022\/07\/slimani.jpg","contentUrl":"https:\/\/lasentinelle.dz\/wp-content\/uploads\/2022\/07\/slimani.jpg","width":1280,"height":720},{"@type":"BreadcrumbList","@id":"https:\/\/lasentinelle.dz\/index.php\/2022\/07\/27\/stade-brestois-slimani-pret-a-rejoindre-belaili\/#breadcrumb","itemListElement":[{"@type":"ListItem","position":1,"name":"Accueil","item":"https:\/\/lasentinelle.dz\/"},{"@type":"ListItem","position":2,"name":"Stade Brestois\u00a0:\u00a0Slimani pr\u00eat \u00e0 rejoindre Bela\u00efli ?"}]},{"@type":"WebSite","@id":"https:\/\/lasentinelle.dz\/#website","url":"https:\/\/lasentinelle.dz\/","name":"La Sentinelle","description":"Quotidien national d&#039;information","publisher":{"@id":"https:\/\/lasentinelle.dz\/#organization"},"potentialAction":[{"@type":"SearchAction","target":{"@type":"EntryPoint","urlTemplate":"https:\/\/lasentinelle.dz\/?s={search_term_string}"},"query-input":{"@type":"PropertyValueSpecification","valueRequired":true,"valueName":"search_term_string"}}],"inLanguage":"fr-FR"},{"@type":"Organization","@id":"https:\/\/lasentinelle.dz\/#organization","name":"Quotidien La Sentinelle","url":"https:\/\/lasentinelle.dz\/","logo":{"@type":"ImageObject","inLanguage":"fr-FR","@id":"https:\/\/lasentinelle.dz\/#\/schema\/logo\/image\/","url":"https:\/\/lasentinelle.dz\/wp-content\/uploads\/2021\/09\/logo-sentinelleSLOGAN-1.png","contentUrl":"https:\/\/lasentinelle.dz\/wp-content\/uploads\/2021\/09\/logo-sentinelleSLOGAN-1.png","width":615,"height":142,"caption":"Quotidien La Sentinelle"},"image":{"@id":"https:\/\/lasentinelle.dz\/#\/schema\/logo\/image\/"},"sameAs":["https:\/\/www.facebook.com\/La-Sentinelle-104059864394773"]},{"@type":"Person","@id":"https:\/\/lasentinelle.dz\/#\/schema\/person\/d865044e22e70a75174ce8bcad3acfb3","name":"La Sentinelle","image":{"@type":"ImageObject","inLanguage":"fr-FR","@id":"https:\/\/secure.gravatar.com\/avatar\/57de8e5d4b15d43fb361a71fbb36338450fe67865b528a43dd10ef7c51a20392?s=96&d=mm&r=g","url":"https:\/\/secure.gravatar.com\/avatar\/57de8e5d4b15d43fb361a71fbb36338450fe67865b528a43dd10ef7c51a20392?s=96&d=mm&r=g","contentUrl":"https:\/\/secure.gravatar.com\/avatar\/57de8e5d4b15d43fb361a71fbb36338450fe67865b528a43dd10ef7c51a20392?s=96&d=mm&r=g","caption":"La Sentinelle"},"sameAs":["http:\/\/www.lasentinelle.dz"],"url":"https:\/\/lasentinelle.dz\/author\/redaction\/"}]}},"_links":{"self":[{"href":"https:\/\/lasentinelle.dz\/index.php\/wp-json\/wp\/v2\/posts\/24746","targetHints":{"allow":["GET"]}}],"collection":[{"href":"https:\/\/lasentinelle.dz\/index.php\/wp-json\/wp\/v2\/posts"}],"about":[{"href":"https:\/\/lasentinelle.dz\/index.php\/wp-json\/wp\/v2\/types\/post"}],"author":[{"embeddable":true,"href":"https:\/\/lasentinelle.dz\/index.php\/wp-json\/wp\/v2\/users\/3"}],"replies":[{"embeddable":true,"href":"https:\/\/lasentinelle.dz\/index.php\/wp-json\/wp\/v2\/comments?post=24746"}],"version-history":[{"count":1,"href":"https:\/\/lasentinelle.dz\/index.php\/wp-json\/wp\/v2\/posts\/24746\/revisions"}],"predecessor-version":[{"id":24753,"href":"https:\/\/lasentinelle.dz\/index.php\/wp-json\/wp\/v2\/posts\/24746\/revisions\/24753"}],"wp:featuredmedia":[{"embeddable":true,"href":"https:\/\/lasentinelle.dz\/index.php\/wp-json\/wp\/v2\/media\/24752"}],"wp:attachment":[{"href":"https:\/\/lasentinelle.dz\/index.php\/wp-json\/wp\/v2\/media?parent=24746"}],"wp:term":[{"taxonomy":"category","embeddable":true,"href":"https:\/\/lasentinelle.dz\/index.php\/wp-json\/wp\/v2\/categories?post=24746"},{"taxonomy":"post_tag","embeddable":true,"href":"https:\/\/lasentinelle.dz\/index.php\/wp-json\/wp\/v2\/tags?post=24746"}],"curies":[{"name":"wp","href":"https:\/\/api.w.org\/{rel}","templated":true}]}}