{"id":24768,"date":"2022-07-27T00:05:00","date_gmt":"2022-07-26T23:05:00","guid":{"rendered":"https:\/\/lasentinelle.dz\/?p=24768"},"modified":"2022-07-26T20:06:36","modified_gmt":"2022-07-26T19:06:36","slug":"des-milliers-dalgeriens-ont-traverse-les-frontieres-entre-lalgerie-et-la-tunisie-en-attendant-les-aoutiens","status":"publish","type":"post","link":"https:\/\/lasentinelle.dz\/index.php\/2022\/07\/27\/des-milliers-dalgeriens-ont-traverse-les-frontieres-entre-lalgerie-et-la-tunisie-en-attendant-les-aoutiens\/","title":{"rendered":"Des milliers d\u2019Alg\u00e9riens ont travers\u00e9 les\u00a0fronti\u00e8res entre l\u2019Alg\u00e9rie et la Tunisie\u00a0: En attendant les Ao\u00fbtiens\u00a0!"},"content":{"rendered":"\n<p>Ce sont des dizaines de milliers&nbsp;d\u2019Alg\u00e9riens et&nbsp;de&nbsp;Tunisiens qui ont franchi les fronti\u00e8res entre les deux pays voisins et amis, depuis leur r\u00e9ouverture le 15 juillet en cours.<\/p>\n\n\n\n<p>Depuis la r\u00e9ouverture des fronti\u00e8res entre l\u2019Alg\u00e9rie et la Tunisie, le 15 juillet courant, le trafic des voyageurs entre les deux pays&nbsp;a \u00e9t\u00e9 marqu\u00e9 par un certain dynamisme des deux c\u00f4t\u00e9s. L\u2019engouement des&nbsp;Alg\u00e9riens pour le pays de Carthage se fait sentir chaque jour un peu plus. Les uns s\u2019y rendent pour des raisons m\u00e9dicales et d\u2019autres&nbsp;pour passerleurs&nbsp;vacances, d\u2019autant que les structures touristiques&nbsp;attirent le plus grand nombre de visiteurs dans ce pays voisin. M\u00eame si les neuf postes frontaliers ont enregistr\u00e9 une relative affluence de vacanciers vers la Tunisie, cela n\u2019a \u00e9t\u00e9 que de courte dur\u00e9e. Les d\u00e9parts des vacanciers vers ce pays voisin \u00e9tait tributaire des r\u00e9sultats des examens du Bac. Apr\u00e8s l\u2019annonce des r\u00e9sultats de ce dernier, les d\u00e9parts ont repris. Rien que pour le poste&nbsp;frontalier&nbsp;de Melloula, plus de 11.000 Alg\u00e9riens sont entr\u00e9s en Tunisie. Un nombre&nbsp;qui&nbsp;est appel\u00e9 \u00e0 augmenter. Car,&nbsp;les vacanciers&nbsp;pr\u00e9f\u00e8rent le mois d&rsquo;ao\u00fbt&nbsp;pour se rendre en Tunisie.&nbsp;Selon l\u2019office r\u00e9gional du tourisme de la ville de Tabarka (Tunisie), il s&rsquo;agit l\u00e0 d&rsquo;une indication qu&rsquo;ao\u00fbt sera un mois \u00ab\u00a0prometteur\u00a0\u00bb. Notons que les familles&nbsp;alg\u00e9riennes et&nbsp;tunisiennes choisissent le mois d&rsquo;Ao\u00fbt pour passer des vacances relativement longues. S\u2019agissant des autres postes frontaliers des&nbsp;zones Est du pays, Oum&nbsp;Tboul (El Tarf), Lahddada (Souk Ahras), Bouchebka (T\u00e9bessa) et Taleb Brahim (El Oued), ont de leur c\u00f4t\u00e9 enregistr\u00e9 des&nbsp;passages&nbsp;consid\u00e9rables de vacanciers&nbsp;alg\u00e9riens. Dans le m\u00eame contexte, pas moins de 2.500 v\u00e9hicules ont \u00e9galement franchi les fronti\u00e8res alg\u00e9riennes vers la Tunisie,&nbsp;dans le respect d\u2019un protocole&nbsp;sanitaire mis en place de part et d\u2019autre de la fronti\u00e8re. En effet, les autorit\u00e9s tunisiennes veillent de leur c\u00f4t\u00e9 au respect des dispositions sanitaire exig\u00e9es \u00e0 la sortie de leurs concitoyens \u00e0 destination de l\u2019Alg\u00e9rie Selon certains chiffres d\u00e9livr\u00e9s par une source douani\u00e8res au niveau du poste d\u2019Oum&nbsp;T\u2019boul, plus de 2000 visiteurs tunisiens ont franchi le poste, dont la majorit\u00e9 \u00e0 destination des&nbsp;wilayas&nbsp;d\u2019El Tarf, Annaba,&nbsp;vers&nbsp;El Eulma (S\u00e9tif), Ain El Fakroun et Ain M\u2019Lila (Oum El-Bouaghi). Notre source attribue&nbsp;cela&nbsp;\u00e0 un certain nombre de facteurs,&nbsp;notamment l\u2019engouement des Tunisiens pour&nbsp;le march\u00e9 alg\u00e9rien apr\u00e8s&nbsp;une fermeture&nbsp;de plus de deux ans.&nbsp;Un engouement justifi\u00e9 par l\u2019acc\u00e8s un march\u00e9 bien approvisionn\u00e9 et qui b\u00e9n\u00e9ficie d\u2019une certaine stabilit\u00e9 gr\u00e2ce aux mesures destin\u00e9es \u00e0 lutter contre l\u2019inflation, au regard de la crise \u00e9conomique qui affecte actuellement la Tunisie.<\/p>\n\n\n\n<p>Pour la Tunisie, l\u2019ouverture des fronti\u00e8res repr\u00e9sente d\u2019ailleurs une v\u00e9ritable aubaine, d\u2019autant plus qu\u2019elle esp\u00e8re capitaliser dessus pour relancer un secteur du tourisme sinistr\u00e9 en raison de la pand\u00e9mie. Les Tunisiens table sur l\u2019arriv\u00e9e d\u2019un million jusqu\u2019\u00e0 un million et demi de touristes alg\u00e9riens cet \u00e9t\u00e9, avec un pic des visites au mois d\u2019ao\u00fbt prochain. Les autorit\u00e9s des deux pays suivent de tr\u00e8s pr\u00e8s, les conditions d&rsquo;accueil des Alg\u00e9riens&nbsp;au niveau&nbsp;les points de passage pour passer de bonnes vacances en Tunisie, et de m\u00eame pour les Alg\u00e9riens. Dans ce contexte, la Tunisie a renouvel\u00e9 ce lundi, son rappel des conditions sanitaires d&rsquo;entr\u00e9e des touristes alg\u00e9riens sur son territoire. En effet, le Tunisie a exig\u00e9 aux touristes alg\u00e9riens de plus de 18 ans de pr\u00e9senter un pass&nbsp;sanitaire&nbsp;prouvant l\u2019ach\u00e8vement du sch\u00e9ma vaccinal complet. Si&nbsp;&nbsp;les voyageurs de plus de 18 ans sont non vaccin\u00e9s ou pr\u00e9sentant un sch\u00e9ma vaccinal incomplet, ils doivent imp\u00e9rativement avoir un r\u00e9sultat de test PCR n\u00e9gatif r\u00e9alis\u00e9&nbsp;de&nbsp;moins de 48 heures ou un r\u00e9sultat n\u00e9gatif de test antig\u00e9nique r\u00e9alis\u00e9 en moins de 24 heures.&nbsp;<\/p>\n\n\n\n<p>Quant aux visiteurs \u00e2g\u00e9s de moins de 18 ans, ils&nbsp;sont exempt\u00e9s de l\u2019obligation de test ou de vaccination. Les m\u00eames dispositions sanitaires sont adopt\u00e9es par les autorit\u00e9s alg\u00e9riennes qui exigent&nbsp;&nbsp;des&nbsp;Tunisiens d\u00e9sireux entr\u00e9s en territoire alg\u00e9rien, un pass sanitaire ou un teste PCR n\u00e9gatif de 72 heures, \u00e0 d\u00e9faut un test antig\u00e9nique de moins de 48 heures.&nbsp;<\/p>\n\n\n\n<p><strong>Des prix r\u00e9vis\u00e9s \u00e0 la baisse pour les Alg\u00e9riens<\/strong><\/p>\n\n\n\n<p>\u00c0 priori, le&nbsp;protocole sanitaire exig\u00e9 par les autorit\u00e9s respectives des deux pays,&nbsp;&nbsp;semble faire l\u2019objet d\u2019une forte adh\u00e9sion, notamment du c\u00f4t\u00e9 des touristes alg\u00e9riens \u00e0 destination de la Tunisie. Ce pays, qui convient-il de le rappeler, demeure la premi\u00e8re destination touristique des Alg\u00e9riens. Afin de satisfaire ses visiteurs qui affluent en masse chaque ann\u00e9e, notamment les alg\u00e9riens, de nombreuses infrastructures d\u2019accueil sont implant\u00e9es sur tout le territoire&nbsp;tunisien. En moyenne, les prix des h\u00f4tels&nbsp;&nbsp;en Tunisie varient de ville en ville, mais aussi selon la p\u00e9riode \u00e0 laquelle se font les r\u00e9servations.&nbsp;Cependant, les structures touristiques tunisiennes proposent d\u2019ailleurs des prix r\u00e9vis\u00e9s \u00e0 la baisse et adapt\u00e9s pour mieux app\u00e2ter les touristes alg\u00e9riens.&nbsp;&nbsp;Pour un h\u00f4tel trois \u00e9toiles, le prix est en moyenne de 4000 DA la nuit\u00e9e, pour les 4 \u00e9toiles, la nuit\u00e9e est \u00e0 partir de 7000 DA et pour les h\u00f4tels 5 \u00e9toiles, les prix d\u00e9marrent \u00e0 10 000 DA.&nbsp;Le&nbsp;touriste&nbsp;alg\u00e9rien&nbsp;peut&nbsp;passer un s\u00e9jour de 15 \u00e0 20 jours,&nbsp;avec un budget de&nbsp;100.000&nbsp;\u00e0&nbsp;150.000 DA, avec une prestation de services&nbsp;de qualit\u00e9.<\/p>\n\n\n\n<p><strong>Sofia Chahine<\/strong><\/p>\n","protected":false},"excerpt":{"rendered":"<p>Ce sont des dizaines de milliers&nbsp;d\u2019Alg\u00e9riens et&nbsp;de&nbsp;Tunisiens qui ont franchi les fronti\u00e8res entre les deux pays voisins et amis, depuis<\/p>\n","protected":false},"author":3,"featured_media":24776,"comment_status":"open","ping_status":"closed","sticky":false,"template":"","format":"standard","meta":{"colormag_page_container_layout":"default_layout","colormag_page_sidebar_layout":"default_layout","om_disable_all_campaigns":false,"_monsterinsights_skip_tracking":false,"_monsterinsights_sitenote_active":false,"_monsterinsights_sitenote_note":"","_monsterinsights_sitenote_category":0,"footnotes":"","_wpscppro_dont_share_socialmedia":false,"_wpscppro_custom_social_share_image":0,"_facebook_share_type":"","_twitter_share_type":"","_linkedin_share_type":"","_pinterest_share_type":"","_linkedin_share_type_page":"","_instagram_share_type":"","_medium_share_type":"","_threads_share_type":"","_google_business_share_type":"","_selected_social_profile":[],"_wpsp_enable_custom_social_template":false,"_wpsp_social_scheduling":{"enabled":false,"datetime":null,"platforms":[],"status":"template_only","dateOption":"today","timeOption":"now","customDays":"","customHours":"","customDate":"","customTime":"","schedulingType":"absolute"},"_wpsp_active_default_template":true},"categories":[52,27],"tags":[],"class_list":["post-24768","post","type-post","status-publish","format-standard","has-post-thumbnail","hentry","category-a-la-une","category-actualite"],"aioseo_notices":[],"yoast_head":"<!-- This site is optimized with the Yoast SEO plugin v27.5 - https:\/\/yoast.com\/product\/yoast-seo-wordpress\/ -->\n<title>Des milliers d\u2019Alg\u00e9riens ont travers\u00e9 les\u00a0fronti\u00e8res entre l\u2019Alg\u00e9rie et la Tunisie\u00a0: En attendant les Ao\u00fbtiens\u00a0! - La Sentinelle<\/title>\n<meta name=\"robots\" content=\"index, follow, max-snippet:-1, max-image-preview:large, max-video-preview:-1\" \/>\n<link rel=\"canonical\" href=\"https:\/\/lasentinelle.dz\/index.php\/2022\/07\/27\/des-milliers-dalgeriens-ont-traverse-les-frontieres-entre-lalgerie-et-la-tunisie-en-attendant-les-aoutiens\/\" \/>\n<meta property=\"og:locale\" content=\"fr_FR\" \/>\n<meta property=\"og:type\" content=\"article\" \/>\n<meta property=\"og:title\" content=\"Des milliers d\u2019Alg\u00e9riens ont travers\u00e9 les\u00a0fronti\u00e8res entre l\u2019Alg\u00e9rie et la Tunisie\u00a0: En attendant les Ao\u00fbtiens\u00a0! - La Sentinelle\" \/>\n<meta property=\"og:description\" content=\"Ce sont des dizaines de milliers&nbsp;d\u2019Alg\u00e9riens et&nbsp;de&nbsp;Tunisiens qui ont franchi les fronti\u00e8res entre les deux pays voisins et amis, depuis\" \/>\n<meta property=\"og:url\" content=\"https:\/\/lasentinelle.dz\/index.php\/2022\/07\/27\/des-milliers-dalgeriens-ont-traverse-les-frontieres-entre-lalgerie-et-la-tunisie-en-attendant-les-aoutiens\/\" \/>\n<meta property=\"og:site_name\" content=\"La Sentinelle\" \/>\n<meta property=\"article:publisher\" content=\"https:\/\/www.facebook.com\/La-Sentinelle-104059864394773\" \/>\n<meta property=\"article:published_time\" content=\"2022-07-26T23:05:00+00:00\" \/>\n<meta property=\"og:image\" content=\"https:\/\/lasentinelle.dz\/wp-content\/uploads\/2022\/07\/poste-frontalier-1.png\" \/>\n\t<meta property=\"og:image:width\" content=\"1604\" \/>\n\t<meta property=\"og:image:height\" content=\"900\" \/>\n\t<meta property=\"og:image:type\" content=\"image\/png\" \/>\n<meta name=\"author\" content=\"La Sentinelle\" \/>\n<meta name=\"twitter:card\" content=\"summary_large_image\" \/>\n<meta name=\"twitter:label1\" content=\"\u00c9crit par\" \/>\n\t<meta name=\"twitter:data1\" content=\"La Sentinelle\" \/>\n\t<meta name=\"twitter:label2\" content=\"Dur\u00e9e de lecture estim\u00e9e\" \/>\n\t<meta name=\"twitter:data2\" content=\"5 minutes\" \/>\n<script type=\"application\/ld+json\" class=\"yoast-schema-graph\">{\"@context\":\"https:\\\/\\\/schema.org\",\"@graph\":[{\"@type\":\"Article\",\"@id\":\"https:\\\/\\\/lasentinelle.dz\\\/index.php\\\/2022\\\/07\\\/27\\\/des-milliers-dalgeriens-ont-traverse-les-frontieres-entre-lalgerie-et-la-tunisie-en-attendant-les-aoutiens\\\/#article\",\"isPartOf\":{\"@id\":\"https:\\\/\\\/lasentinelle.dz\\\/index.php\\\/2022\\\/07\\\/27\\\/des-milliers-dalgeriens-ont-traverse-les-frontieres-entre-lalgerie-et-la-tunisie-en-attendant-les-aoutiens\\\/\"},\"author\":{\"name\":\"La Sentinelle\",\"@id\":\"https:\\\/\\\/lasentinelle.dz\\\/#\\\/schema\\\/person\\\/d865044e22e70a75174ce8bcad3acfb3\"},\"headline\":\"Des milliers d\u2019Alg\u00e9riens ont travers\u00e9 les\u00a0fronti\u00e8res entre l\u2019Alg\u00e9rie et la Tunisie\u00a0: En attendant les Ao\u00fbtiens\u00a0!\",\"datePublished\":\"2022-07-26T23:05:00+00:00\",\"mainEntityOfPage\":{\"@id\":\"https:\\\/\\\/lasentinelle.dz\\\/index.php\\\/2022\\\/07\\\/27\\\/des-milliers-dalgeriens-ont-traverse-les-frontieres-entre-lalgerie-et-la-tunisie-en-attendant-les-aoutiens\\\/\"},\"wordCount\":1075,\"commentCount\":0,\"publisher\":{\"@id\":\"https:\\\/\\\/lasentinelle.dz\\\/#organization\"},\"image\":{\"@id\":\"https:\\\/\\\/lasentinelle.dz\\\/index.php\\\/2022\\\/07\\\/27\\\/des-milliers-dalgeriens-ont-traverse-les-frontieres-entre-lalgerie-et-la-tunisie-en-attendant-les-aoutiens\\\/#primaryimage\"},\"thumbnailUrl\":\"https:\\\/\\\/lasentinelle.dz\\\/wp-content\\\/uploads\\\/2022\\\/07\\\/poste-frontalier-1.png\",\"articleSection\":[\"\u00c0 la Une\",\"Actualit\u00e9\"],\"inLanguage\":\"fr-FR\",\"potentialAction\":[{\"@type\":\"CommentAction\",\"name\":\"Comment\",\"target\":[\"https:\\\/\\\/lasentinelle.dz\\\/index.php\\\/2022\\\/07\\\/27\\\/des-milliers-dalgeriens-ont-traverse-les-frontieres-entre-lalgerie-et-la-tunisie-en-attendant-les-aoutiens\\\/#respond\"]}]},{\"@type\":\"WebPage\",\"@id\":\"https:\\\/\\\/lasentinelle.dz\\\/index.php\\\/2022\\\/07\\\/27\\\/des-milliers-dalgeriens-ont-traverse-les-frontieres-entre-lalgerie-et-la-tunisie-en-attendant-les-aoutiens\\\/\",\"url\":\"https:\\\/\\\/lasentinelle.dz\\\/index.php\\\/2022\\\/07\\\/27\\\/des-milliers-dalgeriens-ont-traverse-les-frontieres-entre-lalgerie-et-la-tunisie-en-attendant-les-aoutiens\\\/\",\"name\":\"Des milliers d\u2019Alg\u00e9riens ont travers\u00e9 les\u00a0fronti\u00e8res entre l\u2019Alg\u00e9rie et la Tunisie\u00a0: En attendant les Ao\u00fbtiens\u00a0! - La Sentinelle\",\"isPartOf\":{\"@id\":\"https:\\\/\\\/lasentinelle.dz\\\/#website\"},\"primaryImageOfPage\":{\"@id\":\"https:\\\/\\\/lasentinelle.dz\\\/index.php\\\/2022\\\/07\\\/27\\\/des-milliers-dalgeriens-ont-traverse-les-frontieres-entre-lalgerie-et-la-tunisie-en-attendant-les-aoutiens\\\/#primaryimage\"},\"image\":{\"@id\":\"https:\\\/\\\/lasentinelle.dz\\\/index.php\\\/2022\\\/07\\\/27\\\/des-milliers-dalgeriens-ont-traverse-les-frontieres-entre-lalgerie-et-la-tunisie-en-attendant-les-aoutiens\\\/#primaryimage\"},\"thumbnailUrl\":\"https:\\\/\\\/lasentinelle.dz\\\/wp-content\\\/uploads\\\/2022\\\/07\\\/poste-frontalier-1.png\",\"datePublished\":\"2022-07-26T23:05:00+00:00\",\"breadcrumb\":{\"@id\":\"https:\\\/\\\/lasentinelle.dz\\\/index.php\\\/2022\\\/07\\\/27\\\/des-milliers-dalgeriens-ont-traverse-les-frontieres-entre-lalgerie-et-la-tunisie-en-attendant-les-aoutiens\\\/#breadcrumb\"},\"inLanguage\":\"fr-FR\",\"potentialAction\":[{\"@type\":\"ReadAction\",\"target\":[\"https:\\\/\\\/lasentinelle.dz\\\/index.php\\\/2022\\\/07\\\/27\\\/des-milliers-dalgeriens-ont-traverse-les-frontieres-entre-lalgerie-et-la-tunisie-en-attendant-les-aoutiens\\\/\"]}]},{\"@type\":\"ImageObject\",\"inLanguage\":\"fr-FR\",\"@id\":\"https:\\\/\\\/lasentinelle.dz\\\/index.php\\\/2022\\\/07\\\/27\\\/des-milliers-dalgeriens-ont-traverse-les-frontieres-entre-lalgerie-et-la-tunisie-en-attendant-les-aoutiens\\\/#primaryimage\",\"url\":\"https:\\\/\\\/lasentinelle.dz\\\/wp-content\\\/uploads\\\/2022\\\/07\\\/poste-frontalier-1.png\",\"contentUrl\":\"https:\\\/\\\/lasentinelle.dz\\\/wp-content\\\/uploads\\\/2022\\\/07\\\/poste-frontalier-1.png\",\"width\":1604,\"height\":900},{\"@type\":\"BreadcrumbList\",\"@id\":\"https:\\\/\\\/lasentinelle.dz\\\/index.php\\\/2022\\\/07\\\/27\\\/des-milliers-dalgeriens-ont-traverse-les-frontieres-entre-lalgerie-et-la-tunisie-en-attendant-les-aoutiens\\\/#breadcrumb\",\"itemListElement\":[{\"@type\":\"ListItem\",\"position\":1,\"name\":\"Accueil\",\"item\":\"https:\\\/\\\/lasentinelle.dz\\\/\"},{\"@type\":\"ListItem\",\"position\":2,\"name\":\"Des milliers d\u2019Alg\u00e9riens ont travers\u00e9 les\u00a0fronti\u00e8res entre l\u2019Alg\u00e9rie et la Tunisie\u00a0: En attendant les Ao\u00fbtiens\u00a0!\"}]},{\"@type\":\"WebSite\",\"@id\":\"https:\\\/\\\/lasentinelle.dz\\\/#website\",\"url\":\"https:\\\/\\\/lasentinelle.dz\\\/\",\"name\":\"La Sentinelle\",\"description\":\"Quotidien national d&#039;information\",\"publisher\":{\"@id\":\"https:\\\/\\\/lasentinelle.dz\\\/#organization\"},\"potentialAction\":[{\"@type\":\"SearchAction\",\"target\":{\"@type\":\"EntryPoint\",\"urlTemplate\":\"https:\\\/\\\/lasentinelle.dz\\\/?s={search_term_string}\"},\"query-input\":{\"@type\":\"PropertyValueSpecification\",\"valueRequired\":true,\"valueName\":\"search_term_string\"}}],\"inLanguage\":\"fr-FR\"},{\"@type\":\"Organization\",\"@id\":\"https:\\\/\\\/lasentinelle.dz\\\/#organization\",\"name\":\"Quotidien La Sentinelle\",\"url\":\"https:\\\/\\\/lasentinelle.dz\\\/\",\"logo\":{\"@type\":\"ImageObject\",\"inLanguage\":\"fr-FR\",\"@id\":\"https:\\\/\\\/lasentinelle.dz\\\/#\\\/schema\\\/logo\\\/image\\\/\",\"url\":\"https:\\\/\\\/lasentinelle.dz\\\/wp-content\\\/uploads\\\/2021\\\/09\\\/logo-sentinelleSLOGAN-1.png\",\"contentUrl\":\"https:\\\/\\\/lasentinelle.dz\\\/wp-content\\\/uploads\\\/2021\\\/09\\\/logo-sentinelleSLOGAN-1.png\",\"width\":615,\"height\":142,\"caption\":\"Quotidien La Sentinelle\"},\"image\":{\"@id\":\"https:\\\/\\\/lasentinelle.dz\\\/#\\\/schema\\\/logo\\\/image\\\/\"},\"sameAs\":[\"https:\\\/\\\/www.facebook.com\\\/La-Sentinelle-104059864394773\"]},{\"@type\":\"Person\",\"@id\":\"https:\\\/\\\/lasentinelle.dz\\\/#\\\/schema\\\/person\\\/d865044e22e70a75174ce8bcad3acfb3\",\"name\":\"La Sentinelle\",\"image\":{\"@type\":\"ImageObject\",\"inLanguage\":\"fr-FR\",\"@id\":\"https:\\\/\\\/secure.gravatar.com\\\/avatar\\\/57de8e5d4b15d43fb361a71fbb36338450fe67865b528a43dd10ef7c51a20392?s=96&d=mm&r=g\",\"url\":\"https:\\\/\\\/secure.gravatar.com\\\/avatar\\\/57de8e5d4b15d43fb361a71fbb36338450fe67865b528a43dd10ef7c51a20392?s=96&d=mm&r=g\",\"contentUrl\":\"https:\\\/\\\/secure.gravatar.com\\\/avatar\\\/57de8e5d4b15d43fb361a71fbb36338450fe67865b528a43dd10ef7c51a20392?s=96&d=mm&r=g\",\"caption\":\"La Sentinelle\"},\"sameAs\":[\"http:\\\/\\\/www.lasentinelle.dz\"],\"url\":\"https:\\\/\\\/lasentinelle.dz\\\/author\\\/redaction\\\/\"}]}<\/script>\n<!-- \/ Yoast SEO plugin. -->","yoast_head_json":{"title":"Des milliers d\u2019Alg\u00e9riens ont travers\u00e9 les\u00a0fronti\u00e8res entre l\u2019Alg\u00e9rie et la Tunisie\u00a0: En attendant les Ao\u00fbtiens\u00a0! - La Sentinelle","robots":{"index":"index","follow":"follow","max-snippet":"max-snippet:-1","max-image-preview":"max-image-preview:large","max-video-preview":"max-video-preview:-1"},"canonical":"https:\/\/lasentinelle.dz\/index.php\/2022\/07\/27\/des-milliers-dalgeriens-ont-traverse-les-frontieres-entre-lalgerie-et-la-tunisie-en-attendant-les-aoutiens\/","og_locale":"fr_FR","og_type":"article","og_title":"Des milliers d\u2019Alg\u00e9riens ont travers\u00e9 les\u00a0fronti\u00e8res entre l\u2019Alg\u00e9rie et la Tunisie\u00a0: En attendant les Ao\u00fbtiens\u00a0! - La Sentinelle","og_description":"Ce sont des dizaines de milliers&nbsp;d\u2019Alg\u00e9riens et&nbsp;de&nbsp;Tunisiens qui ont franchi les fronti\u00e8res entre les deux pays voisins et amis, depuis","og_url":"https:\/\/lasentinelle.dz\/index.php\/2022\/07\/27\/des-milliers-dalgeriens-ont-traverse-les-frontieres-entre-lalgerie-et-la-tunisie-en-attendant-les-aoutiens\/","og_site_name":"La Sentinelle","article_publisher":"https:\/\/www.facebook.com\/La-Sentinelle-104059864394773","article_published_time":"2022-07-26T23:05:00+00:00","og_image":[{"width":1604,"height":900,"url":"https:\/\/lasentinelle.dz\/wp-content\/uploads\/2022\/07\/poste-frontalier-1.png","type":"image\/png"}],"author":"La Sentinelle","twitter_card":"summary_large_image","twitter_misc":{"\u00c9crit par":"La Sentinelle","Dur\u00e9e de lecture estim\u00e9e":"5 minutes"},"schema":{"@context":"https:\/\/schema.org","@graph":[{"@type":"Article","@id":"https:\/\/lasentinelle.dz\/index.php\/2022\/07\/27\/des-milliers-dalgeriens-ont-traverse-les-frontieres-entre-lalgerie-et-la-tunisie-en-attendant-les-aoutiens\/#article","isPartOf":{"@id":"https:\/\/lasentinelle.dz\/index.php\/2022\/07\/27\/des-milliers-dalgeriens-ont-traverse-les-frontieres-entre-lalgerie-et-la-tunisie-en-attendant-les-aoutiens\/"},"author":{"name":"La Sentinelle","@id":"https:\/\/lasentinelle.dz\/#\/schema\/person\/d865044e22e70a75174ce8bcad3acfb3"},"headline":"Des milliers d\u2019Alg\u00e9riens ont travers\u00e9 les\u00a0fronti\u00e8res entre l\u2019Alg\u00e9rie et la Tunisie\u00a0: En attendant les Ao\u00fbtiens\u00a0!","datePublished":"2022-07-26T23:05:00+00:00","mainEntityOfPage":{"@id":"https:\/\/lasentinelle.dz\/index.php\/2022\/07\/27\/des-milliers-dalgeriens-ont-traverse-les-frontieres-entre-lalgerie-et-la-tunisie-en-attendant-les-aoutiens\/"},"wordCount":1075,"commentCount":0,"publisher":{"@id":"https:\/\/lasentinelle.dz\/#organization"},"image":{"@id":"https:\/\/lasentinelle.dz\/index.php\/2022\/07\/27\/des-milliers-dalgeriens-ont-traverse-les-frontieres-entre-lalgerie-et-la-tunisie-en-attendant-les-aoutiens\/#primaryimage"},"thumbnailUrl":"https:\/\/lasentinelle.dz\/wp-content\/uploads\/2022\/07\/poste-frontalier-1.png","articleSection":["\u00c0 la Une","Actualit\u00e9"],"inLanguage":"fr-FR","potentialAction":[{"@type":"CommentAction","name":"Comment","target":["https:\/\/lasentinelle.dz\/index.php\/2022\/07\/27\/des-milliers-dalgeriens-ont-traverse-les-frontieres-entre-lalgerie-et-la-tunisie-en-attendant-les-aoutiens\/#respond"]}]},{"@type":"WebPage","@id":"https:\/\/lasentinelle.dz\/index.php\/2022\/07\/27\/des-milliers-dalgeriens-ont-traverse-les-frontieres-entre-lalgerie-et-la-tunisie-en-attendant-les-aoutiens\/","url":"https:\/\/lasentinelle.dz\/index.php\/2022\/07\/27\/des-milliers-dalgeriens-ont-traverse-les-frontieres-entre-lalgerie-et-la-tunisie-en-attendant-les-aoutiens\/","name":"Des milliers d\u2019Alg\u00e9riens ont travers\u00e9 les\u00a0fronti\u00e8res entre l\u2019Alg\u00e9rie et la Tunisie\u00a0: En attendant les Ao\u00fbtiens\u00a0! - La Sentinelle","isPartOf":{"@id":"https:\/\/lasentinelle.dz\/#website"},"primaryImageOfPage":{"@id":"https:\/\/lasentinelle.dz\/index.php\/2022\/07\/27\/des-milliers-dalgeriens-ont-traverse-les-frontieres-entre-lalgerie-et-la-tunisie-en-attendant-les-aoutiens\/#primaryimage"},"image":{"@id":"https:\/\/lasentinelle.dz\/index.php\/2022\/07\/27\/des-milliers-dalgeriens-ont-traverse-les-frontieres-entre-lalgerie-et-la-tunisie-en-attendant-les-aoutiens\/#primaryimage"},"thumbnailUrl":"https:\/\/lasentinelle.dz\/wp-content\/uploads\/2022\/07\/poste-frontalier-1.png","datePublished":"2022-07-26T23:05:00+00:00","breadcrumb":{"@id":"https:\/\/lasentinelle.dz\/index.php\/2022\/07\/27\/des-milliers-dalgeriens-ont-traverse-les-frontieres-entre-lalgerie-et-la-tunisie-en-attendant-les-aoutiens\/#breadcrumb"},"inLanguage":"fr-FR","potentialAction":[{"@type":"ReadAction","target":["https:\/\/lasentinelle.dz\/index.php\/2022\/07\/27\/des-milliers-dalgeriens-ont-traverse-les-frontieres-entre-lalgerie-et-la-tunisie-en-attendant-les-aoutiens\/"]}]},{"@type":"ImageObject","inLanguage":"fr-FR","@id":"https:\/\/lasentinelle.dz\/index.php\/2022\/07\/27\/des-milliers-dalgeriens-ont-traverse-les-frontieres-entre-lalgerie-et-la-tunisie-en-attendant-les-aoutiens\/#primaryimage","url":"https:\/\/lasentinelle.dz\/wp-content\/uploads\/2022\/07\/poste-frontalier-1.png","contentUrl":"https:\/\/lasentinelle.dz\/wp-content\/uploads\/2022\/07\/poste-frontalier-1.png","width":1604,"height":900},{"@type":"BreadcrumbList","@id":"https:\/\/lasentinelle.dz\/index.php\/2022\/07\/27\/des-milliers-dalgeriens-ont-traverse-les-frontieres-entre-lalgerie-et-la-tunisie-en-attendant-les-aoutiens\/#breadcrumb","itemListElement":[{"@type":"ListItem","position":1,"name":"Accueil","item":"https:\/\/lasentinelle.dz\/"},{"@type":"ListItem","position":2,"name":"Des milliers d\u2019Alg\u00e9riens ont travers\u00e9 les\u00a0fronti\u00e8res entre l\u2019Alg\u00e9rie et la Tunisie\u00a0: En attendant les Ao\u00fbtiens\u00a0!"}]},{"@type":"WebSite","@id":"https:\/\/lasentinelle.dz\/#website","url":"https:\/\/lasentinelle.dz\/","name":"La Sentinelle","description":"Quotidien national d&#039;information","publisher":{"@id":"https:\/\/lasentinelle.dz\/#organization"},"potentialAction":[{"@type":"SearchAction","target":{"@type":"EntryPoint","urlTemplate":"https:\/\/lasentinelle.dz\/?s={search_term_string}"},"query-input":{"@type":"PropertyValueSpecification","valueRequired":true,"valueName":"search_term_string"}}],"inLanguage":"fr-FR"},{"@type":"Organization","@id":"https:\/\/lasentinelle.dz\/#organization","name":"Quotidien La Sentinelle","url":"https:\/\/lasentinelle.dz\/","logo":{"@type":"ImageObject","inLanguage":"fr-FR","@id":"https:\/\/lasentinelle.dz\/#\/schema\/logo\/image\/","url":"https:\/\/lasentinelle.dz\/wp-content\/uploads\/2021\/09\/logo-sentinelleSLOGAN-1.png","contentUrl":"https:\/\/lasentinelle.dz\/wp-content\/uploads\/2021\/09\/logo-sentinelleSLOGAN-1.png","width":615,"height":142,"caption":"Quotidien La Sentinelle"},"image":{"@id":"https:\/\/lasentinelle.dz\/#\/schema\/logo\/image\/"},"sameAs":["https:\/\/www.facebook.com\/La-Sentinelle-104059864394773"]},{"@type":"Person","@id":"https:\/\/lasentinelle.dz\/#\/schema\/person\/d865044e22e70a75174ce8bcad3acfb3","name":"La Sentinelle","image":{"@type":"ImageObject","inLanguage":"fr-FR","@id":"https:\/\/secure.gravatar.com\/avatar\/57de8e5d4b15d43fb361a71fbb36338450fe67865b528a43dd10ef7c51a20392?s=96&d=mm&r=g","url":"https:\/\/secure.gravatar.com\/avatar\/57de8e5d4b15d43fb361a71fbb36338450fe67865b528a43dd10ef7c51a20392?s=96&d=mm&r=g","contentUrl":"https:\/\/secure.gravatar.com\/avatar\/57de8e5d4b15d43fb361a71fbb36338450fe67865b528a43dd10ef7c51a20392?s=96&d=mm&r=g","caption":"La Sentinelle"},"sameAs":["http:\/\/www.lasentinelle.dz"],"url":"https:\/\/lasentinelle.dz\/author\/redaction\/"}]}},"_links":{"self":[{"href":"https:\/\/lasentinelle.dz\/index.php\/wp-json\/wp\/v2\/posts\/24768","targetHints":{"allow":["GET"]}}],"collection":[{"href":"https:\/\/lasentinelle.dz\/index.php\/wp-json\/wp\/v2\/posts"}],"about":[{"href":"https:\/\/lasentinelle.dz\/index.php\/wp-json\/wp\/v2\/types\/post"}],"author":[{"embeddable":true,"href":"https:\/\/lasentinelle.dz\/index.php\/wp-json\/wp\/v2\/users\/3"}],"replies":[{"embeddable":true,"href":"https:\/\/lasentinelle.dz\/index.php\/wp-json\/wp\/v2\/comments?post=24768"}],"version-history":[{"count":1,"href":"https:\/\/lasentinelle.dz\/index.php\/wp-json\/wp\/v2\/posts\/24768\/revisions"}],"predecessor-version":[{"id":24778,"href":"https:\/\/lasentinelle.dz\/index.php\/wp-json\/wp\/v2\/posts\/24768\/revisions\/24778"}],"wp:featuredmedia":[{"embeddable":true,"href":"https:\/\/lasentinelle.dz\/index.php\/wp-json\/wp\/v2\/media\/24776"}],"wp:attachment":[{"href":"https:\/\/lasentinelle.dz\/index.php\/wp-json\/wp\/v2\/media?parent=24768"}],"wp:term":[{"taxonomy":"category","embeddable":true,"href":"https:\/\/lasentinelle.dz\/index.php\/wp-json\/wp\/v2\/categories?post=24768"},{"taxonomy":"post_tag","embeddable":true,"href":"https:\/\/lasentinelle.dz\/index.php\/wp-json\/wp\/v2\/tags?post=24768"}],"curies":[{"name":"wp","href":"https:\/\/api.w.org\/{rel}","templated":true}]}}