{"id":24780,"date":"2022-07-27T00:05:00","date_gmt":"2022-07-26T23:05:00","guid":{"rendered":"https:\/\/lasentinelle.dz\/?p=24780"},"modified":"2022-07-26T19:59:54","modified_gmt":"2022-07-26T18:59:54","slug":"accord-entre-manal-et-ozmert-les-mines-de-fer-de-tebessa-ouvertes-aux-investisseurs-turcs","status":"publish","type":"post","link":"https:\/\/lasentinelle.dz\/index.php\/2022\/07\/27\/accord-entre-manal-et-ozmert-les-mines-de-fer-de-tebessa-ouvertes-aux-investisseurs-turcs\/","title":{"rendered":"Accord entre Manal et Ozmert\u00a0: Les mines de fer de T\u00e9bessa ouvertes aux investisseurs turcs"},"content":{"rendered":"\n<p>Un m\u00e9morandum d\u2019entente a \u00e9t\u00e9 sign\u00e9 hier entre le groupe minier public&nbsp;Manadjim El Djaza\u00efr (Manal SPA)&nbsp;et l\u2019entreprise turque Ozmert Alg\u00e9rie pour la valorisation des mines de fer d\u2019Ouenza et de Boukhadra exploit\u00e9e actuellement par la Soci\u00e9t\u00e9 des mines de fer de l\u2019Est. Selon un communiqu\u00e9 du minist\u00e8re de l\u2019\u00c9nergie et des Mines, ce protocole d\u2019accord sign\u00e9 hier, en pr\u00e9sence du premier responsable du secteur Mohamed Arkab, \u00ab&nbsp;s\u2019inscrit dans le cadre du Plan de&nbsp;d\u00e9veloppement et de&nbsp;valorisation des gisements de minerai de fer de Ouenza et de Boukhadra,&nbsp;dans la wilaya de T\u00e9bessa, dont l\u2019exploitation rel\u00e8ve de la soci\u00e9t\u00e9&nbsp;Les Mines de Fer de l\u2019Est (MFE Spa) filiale \u00e0 100% du Groupe Manal&nbsp;\u00bb.<\/p>\n\n\n\n<p>\u00ab&nbsp;L\u2019ambition de Manal est de d\u00e9velopper l\u2019exploitation et la valorisation mini\u00e8res des&nbsp;gisements dans un d\u00e9lai court, en se basant sur les infrastructures et les utilit\u00e9s disponibles&nbsp;\u00bb, pr\u00e9cise la m\u00eame source.<\/p>\n\n\n\n<p>Ce partenariat d\u00e9butera&nbsp;\u00ab&nbsp;par des actions commerciales (contrats de ventes de minerai brut), et devrait s\u2019\u00e9tendre \u00e0 des r\u00e9alisations d\u2019installations industrielles bas\u00e9es sur l\u2019extraction d\u2019important volume de minerai&nbsp;soit&nbsp;environ 6 \u00e0 7 MT \/ an&nbsp;\u00bb, installations industrielles&nbsp;qui sont au c\u0153ur de cet accord.&nbsp;Dans le d\u00e9tail, le minist\u00e8re de l\u2019\u00c9nergie et des Mines explique que le protocole d\u2019entente porte, \u00e0&nbsp;court terme,&nbsp;sur&nbsp;la vente par Manal ou ses filiales au profit de la Sarl Ozmert ou ses filiales,&nbsp;de&nbsp;100 000 tonnes de minerai brut \u00e0 partir de 2022,&nbsp;dans la cadre d\u2019un contrat commercial. Des quantit\u00e9s appel\u00e9es \u00e0 augmenter pour atteindre&nbsp;500 000 tonnes en 2028.&nbsp;L\u2019accord porte \u00e9galement sur l\u2019enrichissement du minerai, par la production de concentr\u00e9 ou Pellet Feed,la production de Boulettes ou Pellets, \u00e0 partir du minerai enrichi ou concentr\u00e9,&nbsp;la production de pr\u00e9r\u00e9duit ou DRI,&nbsp;de produits semi-finis,&nbsp;et la&nbsp;commercialisation des produits y compris l\u2019exportation.<\/p>\n\n\n\n<p>Les mines de Ouenza et de Boukhadra qui alimentaient jusque-l\u00e0 exclusivement le complexe Sider d\u2019El-Hadjar s\u2019ouvre ainsi \u00e0 l\u2019investissement turque et s\u2019ouvrent de nouvelles d\u00e9bouch\u00e9es. La Sarl Ozmert Algeria,&nbsp;qui&nbsp;a \u00e9t\u00e9 cr\u00e9\u00e9e en&nbsp;avril 2007,&nbsp;dispose aujourd\u2019hui d\u2019une usine de production sid\u00e9rurgique (Aci\u00e9rie, Laminoir) d\u2019une capacit\u00e9 de 500.000 T\/an d\u2019acier liquide, situ\u00e9e dans la Zone Industrielle de la Commune de Tamazoura,&nbsp;dans la wilaya de A\u00efn Temouchent. A court terme, Ozmert&nbsp;envisage d\u2019atteindre&nbsp;une production de&nbsp;1.000.000 T\/an d\u2019acier liquide.<\/p>\n\n\n\n<p><strong>Chokri Hafed<\/strong><\/p>\n","protected":false},"excerpt":{"rendered":"<p>Un m\u00e9morandum d\u2019entente a \u00e9t\u00e9 sign\u00e9 hier entre le groupe minier public&nbsp;Manadjim El Djaza\u00efr (Manal SPA)&nbsp;et l\u2019entreprise turque Ozmert Alg\u00e9rie<\/p>\n","protected":false},"author":3,"featured_media":24794,"comment_status":"open","ping_status":"closed","sticky":false,"template":"","format":"standard","meta":{"colormag_page_container_layout":"default_layout","colormag_page_sidebar_layout":"default_layout","om_disable_all_campaigns":false,"_monsterinsights_skip_tracking":false,"_monsterinsights_sitenote_active":false,"_monsterinsights_sitenote_note":"","_monsterinsights_sitenote_category":0,"footnotes":"","_wpscppro_dont_share_socialmedia":false,"_wpscppro_custom_social_share_image":0,"_facebook_share_type":"","_twitter_share_type":"","_linkedin_share_type":"","_pinterest_share_type":"","_linkedin_share_type_page":"","_instagram_share_type":"","_medium_share_type":"","_threads_share_type":"","_google_business_share_type":"","_selected_social_profile":[],"_wpsp_enable_custom_social_template":false,"_wpsp_social_scheduling":{"enabled":false,"datetime":null,"platforms":[],"status":"template_only","dateOption":"today","timeOption":"now","customDays":"","customHours":"","customDate":"","customTime":"","schedulingType":"absolute"},"_wpsp_active_default_template":true},"categories":[52,29],"tags":[],"class_list":["post-24780","post","type-post","status-publish","format-standard","has-post-thumbnail","hentry","category-a-la-une","category-economie"],"aioseo_notices":[],"yoast_head":"<!-- This site is optimized with the Yoast SEO plugin v27.5 - https:\/\/yoast.com\/product\/yoast-seo-wordpress\/ -->\n<title>Accord entre Manal et Ozmert\u00a0: Les mines de fer de T\u00e9bessa ouvertes aux investisseurs turcs - La Sentinelle<\/title>\n<meta name=\"robots\" content=\"index, follow, max-snippet:-1, max-image-preview:large, max-video-preview:-1\" \/>\n<link rel=\"canonical\" href=\"https:\/\/lasentinelle.dz\/index.php\/2022\/07\/27\/accord-entre-manal-et-ozmert-les-mines-de-fer-de-tebessa-ouvertes-aux-investisseurs-turcs\/\" \/>\n<meta property=\"og:locale\" content=\"fr_FR\" \/>\n<meta property=\"og:type\" content=\"article\" \/>\n<meta property=\"og:title\" content=\"Accord entre Manal et Ozmert\u00a0: Les mines de fer de T\u00e9bessa ouvertes aux investisseurs turcs - La Sentinelle\" \/>\n<meta property=\"og:description\" content=\"Un m\u00e9morandum d\u2019entente a \u00e9t\u00e9 sign\u00e9 hier entre le groupe minier public&nbsp;Manadjim El Djaza\u00efr (Manal SPA)&nbsp;et l\u2019entreprise turque Ozmert Alg\u00e9rie\" \/>\n<meta property=\"og:url\" content=\"https:\/\/lasentinelle.dz\/index.php\/2022\/07\/27\/accord-entre-manal-et-ozmert-les-mines-de-fer-de-tebessa-ouvertes-aux-investisseurs-turcs\/\" \/>\n<meta property=\"og:site_name\" content=\"La Sentinelle\" \/>\n<meta property=\"article:publisher\" content=\"https:\/\/www.facebook.com\/La-Sentinelle-104059864394773\" \/>\n<meta property=\"article:published_time\" content=\"2022-07-26T23:05:00+00:00\" \/>\n<meta property=\"og:image\" content=\"https:\/\/lasentinelle.dz\/wp-content\/uploads\/2022\/07\/mines-1.png\" \/>\n\t<meta property=\"og:image:width\" content=\"1491\" \/>\n\t<meta property=\"og:image:height\" content=\"900\" \/>\n\t<meta property=\"og:image:type\" content=\"image\/png\" \/>\n<meta name=\"author\" content=\"La Sentinelle\" \/>\n<meta name=\"twitter:card\" content=\"summary_large_image\" \/>\n<meta name=\"twitter:label1\" content=\"\u00c9crit par\" \/>\n\t<meta name=\"twitter:data1\" content=\"La Sentinelle\" \/>\n\t<meta name=\"twitter:label2\" content=\"Dur\u00e9e de lecture estim\u00e9e\" \/>\n\t<meta name=\"twitter:data2\" content=\"2 minutes\" \/>\n<script type=\"application\/ld+json\" class=\"yoast-schema-graph\">{\"@context\":\"https:\\\/\\\/schema.org\",\"@graph\":[{\"@type\":\"Article\",\"@id\":\"https:\\\/\\\/lasentinelle.dz\\\/index.php\\\/2022\\\/07\\\/27\\\/accord-entre-manal-et-ozmert-les-mines-de-fer-de-tebessa-ouvertes-aux-investisseurs-turcs\\\/#article\",\"isPartOf\":{\"@id\":\"https:\\\/\\\/lasentinelle.dz\\\/index.php\\\/2022\\\/07\\\/27\\\/accord-entre-manal-et-ozmert-les-mines-de-fer-de-tebessa-ouvertes-aux-investisseurs-turcs\\\/\"},\"author\":{\"name\":\"La Sentinelle\",\"@id\":\"https:\\\/\\\/lasentinelle.dz\\\/#\\\/schema\\\/person\\\/d865044e22e70a75174ce8bcad3acfb3\"},\"headline\":\"Accord entre Manal et Ozmert\u00a0: Les mines de fer de T\u00e9bessa ouvertes aux investisseurs turcs\",\"datePublished\":\"2022-07-26T23:05:00+00:00\",\"mainEntityOfPage\":{\"@id\":\"https:\\\/\\\/lasentinelle.dz\\\/index.php\\\/2022\\\/07\\\/27\\\/accord-entre-manal-et-ozmert-les-mines-de-fer-de-tebessa-ouvertes-aux-investisseurs-turcs\\\/\"},\"wordCount\":484,\"commentCount\":0,\"publisher\":{\"@id\":\"https:\\\/\\\/lasentinelle.dz\\\/#organization\"},\"image\":{\"@id\":\"https:\\\/\\\/lasentinelle.dz\\\/index.php\\\/2022\\\/07\\\/27\\\/accord-entre-manal-et-ozmert-les-mines-de-fer-de-tebessa-ouvertes-aux-investisseurs-turcs\\\/#primaryimage\"},\"thumbnailUrl\":\"https:\\\/\\\/lasentinelle.dz\\\/wp-content\\\/uploads\\\/2022\\\/07\\\/mines-1.png\",\"articleSection\":[\"\u00c0 la Une\",\"\u00c9conomie\"],\"inLanguage\":\"fr-FR\",\"potentialAction\":[{\"@type\":\"CommentAction\",\"name\":\"Comment\",\"target\":[\"https:\\\/\\\/lasentinelle.dz\\\/index.php\\\/2022\\\/07\\\/27\\\/accord-entre-manal-et-ozmert-les-mines-de-fer-de-tebessa-ouvertes-aux-investisseurs-turcs\\\/#respond\"]}]},{\"@type\":\"WebPage\",\"@id\":\"https:\\\/\\\/lasentinelle.dz\\\/index.php\\\/2022\\\/07\\\/27\\\/accord-entre-manal-et-ozmert-les-mines-de-fer-de-tebessa-ouvertes-aux-investisseurs-turcs\\\/\",\"url\":\"https:\\\/\\\/lasentinelle.dz\\\/index.php\\\/2022\\\/07\\\/27\\\/accord-entre-manal-et-ozmert-les-mines-de-fer-de-tebessa-ouvertes-aux-investisseurs-turcs\\\/\",\"name\":\"Accord entre Manal et Ozmert\u00a0: Les mines de fer de T\u00e9bessa ouvertes aux investisseurs turcs - La Sentinelle\",\"isPartOf\":{\"@id\":\"https:\\\/\\\/lasentinelle.dz\\\/#website\"},\"primaryImageOfPage\":{\"@id\":\"https:\\\/\\\/lasentinelle.dz\\\/index.php\\\/2022\\\/07\\\/27\\\/accord-entre-manal-et-ozmert-les-mines-de-fer-de-tebessa-ouvertes-aux-investisseurs-turcs\\\/#primaryimage\"},\"image\":{\"@id\":\"https:\\\/\\\/lasentinelle.dz\\\/index.php\\\/2022\\\/07\\\/27\\\/accord-entre-manal-et-ozmert-les-mines-de-fer-de-tebessa-ouvertes-aux-investisseurs-turcs\\\/#primaryimage\"},\"thumbnailUrl\":\"https:\\\/\\\/lasentinelle.dz\\\/wp-content\\\/uploads\\\/2022\\\/07\\\/mines-1.png\",\"datePublished\":\"2022-07-26T23:05:00+00:00\",\"breadcrumb\":{\"@id\":\"https:\\\/\\\/lasentinelle.dz\\\/index.php\\\/2022\\\/07\\\/27\\\/accord-entre-manal-et-ozmert-les-mines-de-fer-de-tebessa-ouvertes-aux-investisseurs-turcs\\\/#breadcrumb\"},\"inLanguage\":\"fr-FR\",\"potentialAction\":[{\"@type\":\"ReadAction\",\"target\":[\"https:\\\/\\\/lasentinelle.dz\\\/index.php\\\/2022\\\/07\\\/27\\\/accord-entre-manal-et-ozmert-les-mines-de-fer-de-tebessa-ouvertes-aux-investisseurs-turcs\\\/\"]}]},{\"@type\":\"ImageObject\",\"inLanguage\":\"fr-FR\",\"@id\":\"https:\\\/\\\/lasentinelle.dz\\\/index.php\\\/2022\\\/07\\\/27\\\/accord-entre-manal-et-ozmert-les-mines-de-fer-de-tebessa-ouvertes-aux-investisseurs-turcs\\\/#primaryimage\",\"url\":\"https:\\\/\\\/lasentinelle.dz\\\/wp-content\\\/uploads\\\/2022\\\/07\\\/mines-1.png\",\"contentUrl\":\"https:\\\/\\\/lasentinelle.dz\\\/wp-content\\\/uploads\\\/2022\\\/07\\\/mines-1.png\",\"width\":1491,\"height\":900},{\"@type\":\"BreadcrumbList\",\"@id\":\"https:\\\/\\\/lasentinelle.dz\\\/index.php\\\/2022\\\/07\\\/27\\\/accord-entre-manal-et-ozmert-les-mines-de-fer-de-tebessa-ouvertes-aux-investisseurs-turcs\\\/#breadcrumb\",\"itemListElement\":[{\"@type\":\"ListItem\",\"position\":1,\"name\":\"Accueil\",\"item\":\"https:\\\/\\\/lasentinelle.dz\\\/\"},{\"@type\":\"ListItem\",\"position\":2,\"name\":\"Accord entre Manal et Ozmert\u00a0: Les mines de fer de T\u00e9bessa ouvertes aux investisseurs turcs\"}]},{\"@type\":\"WebSite\",\"@id\":\"https:\\\/\\\/lasentinelle.dz\\\/#website\",\"url\":\"https:\\\/\\\/lasentinelle.dz\\\/\",\"name\":\"La Sentinelle\",\"description\":\"Quotidien national d&#039;information\",\"publisher\":{\"@id\":\"https:\\\/\\\/lasentinelle.dz\\\/#organization\"},\"potentialAction\":[{\"@type\":\"SearchAction\",\"target\":{\"@type\":\"EntryPoint\",\"urlTemplate\":\"https:\\\/\\\/lasentinelle.dz\\\/?s={search_term_string}\"},\"query-input\":{\"@type\":\"PropertyValueSpecification\",\"valueRequired\":true,\"valueName\":\"search_term_string\"}}],\"inLanguage\":\"fr-FR\"},{\"@type\":\"Organization\",\"@id\":\"https:\\\/\\\/lasentinelle.dz\\\/#organization\",\"name\":\"Quotidien La Sentinelle\",\"url\":\"https:\\\/\\\/lasentinelle.dz\\\/\",\"logo\":{\"@type\":\"ImageObject\",\"inLanguage\":\"fr-FR\",\"@id\":\"https:\\\/\\\/lasentinelle.dz\\\/#\\\/schema\\\/logo\\\/image\\\/\",\"url\":\"https:\\\/\\\/lasentinelle.dz\\\/wp-content\\\/uploads\\\/2021\\\/09\\\/logo-sentinelleSLOGAN-1.png\",\"contentUrl\":\"https:\\\/\\\/lasentinelle.dz\\\/wp-content\\\/uploads\\\/2021\\\/09\\\/logo-sentinelleSLOGAN-1.png\",\"width\":615,\"height\":142,\"caption\":\"Quotidien La Sentinelle\"},\"image\":{\"@id\":\"https:\\\/\\\/lasentinelle.dz\\\/#\\\/schema\\\/logo\\\/image\\\/\"},\"sameAs\":[\"https:\\\/\\\/www.facebook.com\\\/La-Sentinelle-104059864394773\"]},{\"@type\":\"Person\",\"@id\":\"https:\\\/\\\/lasentinelle.dz\\\/#\\\/schema\\\/person\\\/d865044e22e70a75174ce8bcad3acfb3\",\"name\":\"La Sentinelle\",\"image\":{\"@type\":\"ImageObject\",\"inLanguage\":\"fr-FR\",\"@id\":\"https:\\\/\\\/secure.gravatar.com\\\/avatar\\\/57de8e5d4b15d43fb361a71fbb36338450fe67865b528a43dd10ef7c51a20392?s=96&d=mm&r=g\",\"url\":\"https:\\\/\\\/secure.gravatar.com\\\/avatar\\\/57de8e5d4b15d43fb361a71fbb36338450fe67865b528a43dd10ef7c51a20392?s=96&d=mm&r=g\",\"contentUrl\":\"https:\\\/\\\/secure.gravatar.com\\\/avatar\\\/57de8e5d4b15d43fb361a71fbb36338450fe67865b528a43dd10ef7c51a20392?s=96&d=mm&r=g\",\"caption\":\"La Sentinelle\"},\"sameAs\":[\"http:\\\/\\\/www.lasentinelle.dz\"],\"url\":\"https:\\\/\\\/lasentinelle.dz\\\/author\\\/redaction\\\/\"}]}<\/script>\n<!-- \/ Yoast SEO plugin. -->","yoast_head_json":{"title":"Accord entre Manal et Ozmert\u00a0: Les mines de fer de T\u00e9bessa ouvertes aux investisseurs turcs - La Sentinelle","robots":{"index":"index","follow":"follow","max-snippet":"max-snippet:-1","max-image-preview":"max-image-preview:large","max-video-preview":"max-video-preview:-1"},"canonical":"https:\/\/lasentinelle.dz\/index.php\/2022\/07\/27\/accord-entre-manal-et-ozmert-les-mines-de-fer-de-tebessa-ouvertes-aux-investisseurs-turcs\/","og_locale":"fr_FR","og_type":"article","og_title":"Accord entre Manal et Ozmert\u00a0: Les mines de fer de T\u00e9bessa ouvertes aux investisseurs turcs - La Sentinelle","og_description":"Un m\u00e9morandum d\u2019entente a \u00e9t\u00e9 sign\u00e9 hier entre le groupe minier public&nbsp;Manadjim El Djaza\u00efr (Manal SPA)&nbsp;et l\u2019entreprise turque Ozmert Alg\u00e9rie","og_url":"https:\/\/lasentinelle.dz\/index.php\/2022\/07\/27\/accord-entre-manal-et-ozmert-les-mines-de-fer-de-tebessa-ouvertes-aux-investisseurs-turcs\/","og_site_name":"La Sentinelle","article_publisher":"https:\/\/www.facebook.com\/La-Sentinelle-104059864394773","article_published_time":"2022-07-26T23:05:00+00:00","og_image":[{"width":1491,"height":900,"url":"https:\/\/lasentinelle.dz\/wp-content\/uploads\/2022\/07\/mines-1.png","type":"image\/png"}],"author":"La Sentinelle","twitter_card":"summary_large_image","twitter_misc":{"\u00c9crit par":"La Sentinelle","Dur\u00e9e de lecture estim\u00e9e":"2 minutes"},"schema":{"@context":"https:\/\/schema.org","@graph":[{"@type":"Article","@id":"https:\/\/lasentinelle.dz\/index.php\/2022\/07\/27\/accord-entre-manal-et-ozmert-les-mines-de-fer-de-tebessa-ouvertes-aux-investisseurs-turcs\/#article","isPartOf":{"@id":"https:\/\/lasentinelle.dz\/index.php\/2022\/07\/27\/accord-entre-manal-et-ozmert-les-mines-de-fer-de-tebessa-ouvertes-aux-investisseurs-turcs\/"},"author":{"name":"La Sentinelle","@id":"https:\/\/lasentinelle.dz\/#\/schema\/person\/d865044e22e70a75174ce8bcad3acfb3"},"headline":"Accord entre Manal et Ozmert\u00a0: Les mines de fer de T\u00e9bessa ouvertes aux investisseurs turcs","datePublished":"2022-07-26T23:05:00+00:00","mainEntityOfPage":{"@id":"https:\/\/lasentinelle.dz\/index.php\/2022\/07\/27\/accord-entre-manal-et-ozmert-les-mines-de-fer-de-tebessa-ouvertes-aux-investisseurs-turcs\/"},"wordCount":484,"commentCount":0,"publisher":{"@id":"https:\/\/lasentinelle.dz\/#organization"},"image":{"@id":"https:\/\/lasentinelle.dz\/index.php\/2022\/07\/27\/accord-entre-manal-et-ozmert-les-mines-de-fer-de-tebessa-ouvertes-aux-investisseurs-turcs\/#primaryimage"},"thumbnailUrl":"https:\/\/lasentinelle.dz\/wp-content\/uploads\/2022\/07\/mines-1.png","articleSection":["\u00c0 la Une","\u00c9conomie"],"inLanguage":"fr-FR","potentialAction":[{"@type":"CommentAction","name":"Comment","target":["https:\/\/lasentinelle.dz\/index.php\/2022\/07\/27\/accord-entre-manal-et-ozmert-les-mines-de-fer-de-tebessa-ouvertes-aux-investisseurs-turcs\/#respond"]}]},{"@type":"WebPage","@id":"https:\/\/lasentinelle.dz\/index.php\/2022\/07\/27\/accord-entre-manal-et-ozmert-les-mines-de-fer-de-tebessa-ouvertes-aux-investisseurs-turcs\/","url":"https:\/\/lasentinelle.dz\/index.php\/2022\/07\/27\/accord-entre-manal-et-ozmert-les-mines-de-fer-de-tebessa-ouvertes-aux-investisseurs-turcs\/","name":"Accord entre Manal et Ozmert\u00a0: Les mines de fer de T\u00e9bessa ouvertes aux investisseurs turcs - La Sentinelle","isPartOf":{"@id":"https:\/\/lasentinelle.dz\/#website"},"primaryImageOfPage":{"@id":"https:\/\/lasentinelle.dz\/index.php\/2022\/07\/27\/accord-entre-manal-et-ozmert-les-mines-de-fer-de-tebessa-ouvertes-aux-investisseurs-turcs\/#primaryimage"},"image":{"@id":"https:\/\/lasentinelle.dz\/index.php\/2022\/07\/27\/accord-entre-manal-et-ozmert-les-mines-de-fer-de-tebessa-ouvertes-aux-investisseurs-turcs\/#primaryimage"},"thumbnailUrl":"https:\/\/lasentinelle.dz\/wp-content\/uploads\/2022\/07\/mines-1.png","datePublished":"2022-07-26T23:05:00+00:00","breadcrumb":{"@id":"https:\/\/lasentinelle.dz\/index.php\/2022\/07\/27\/accord-entre-manal-et-ozmert-les-mines-de-fer-de-tebessa-ouvertes-aux-investisseurs-turcs\/#breadcrumb"},"inLanguage":"fr-FR","potentialAction":[{"@type":"ReadAction","target":["https:\/\/lasentinelle.dz\/index.php\/2022\/07\/27\/accord-entre-manal-et-ozmert-les-mines-de-fer-de-tebessa-ouvertes-aux-investisseurs-turcs\/"]}]},{"@type":"ImageObject","inLanguage":"fr-FR","@id":"https:\/\/lasentinelle.dz\/index.php\/2022\/07\/27\/accord-entre-manal-et-ozmert-les-mines-de-fer-de-tebessa-ouvertes-aux-investisseurs-turcs\/#primaryimage","url":"https:\/\/lasentinelle.dz\/wp-content\/uploads\/2022\/07\/mines-1.png","contentUrl":"https:\/\/lasentinelle.dz\/wp-content\/uploads\/2022\/07\/mines-1.png","width":1491,"height":900},{"@type":"BreadcrumbList","@id":"https:\/\/lasentinelle.dz\/index.php\/2022\/07\/27\/accord-entre-manal-et-ozmert-les-mines-de-fer-de-tebessa-ouvertes-aux-investisseurs-turcs\/#breadcrumb","itemListElement":[{"@type":"ListItem","position":1,"name":"Accueil","item":"https:\/\/lasentinelle.dz\/"},{"@type":"ListItem","position":2,"name":"Accord entre Manal et Ozmert\u00a0: Les mines de fer de T\u00e9bessa ouvertes aux investisseurs turcs"}]},{"@type":"WebSite","@id":"https:\/\/lasentinelle.dz\/#website","url":"https:\/\/lasentinelle.dz\/","name":"La Sentinelle","description":"Quotidien national d&#039;information","publisher":{"@id":"https:\/\/lasentinelle.dz\/#organization"},"potentialAction":[{"@type":"SearchAction","target":{"@type":"EntryPoint","urlTemplate":"https:\/\/lasentinelle.dz\/?s={search_term_string}"},"query-input":{"@type":"PropertyValueSpecification","valueRequired":true,"valueName":"search_term_string"}}],"inLanguage":"fr-FR"},{"@type":"Organization","@id":"https:\/\/lasentinelle.dz\/#organization","name":"Quotidien La Sentinelle","url":"https:\/\/lasentinelle.dz\/","logo":{"@type":"ImageObject","inLanguage":"fr-FR","@id":"https:\/\/lasentinelle.dz\/#\/schema\/logo\/image\/","url":"https:\/\/lasentinelle.dz\/wp-content\/uploads\/2021\/09\/logo-sentinelleSLOGAN-1.png","contentUrl":"https:\/\/lasentinelle.dz\/wp-content\/uploads\/2021\/09\/logo-sentinelleSLOGAN-1.png","width":615,"height":142,"caption":"Quotidien La Sentinelle"},"image":{"@id":"https:\/\/lasentinelle.dz\/#\/schema\/logo\/image\/"},"sameAs":["https:\/\/www.facebook.com\/La-Sentinelle-104059864394773"]},{"@type":"Person","@id":"https:\/\/lasentinelle.dz\/#\/schema\/person\/d865044e22e70a75174ce8bcad3acfb3","name":"La Sentinelle","image":{"@type":"ImageObject","inLanguage":"fr-FR","@id":"https:\/\/secure.gravatar.com\/avatar\/57de8e5d4b15d43fb361a71fbb36338450fe67865b528a43dd10ef7c51a20392?s=96&d=mm&r=g","url":"https:\/\/secure.gravatar.com\/avatar\/57de8e5d4b15d43fb361a71fbb36338450fe67865b528a43dd10ef7c51a20392?s=96&d=mm&r=g","contentUrl":"https:\/\/secure.gravatar.com\/avatar\/57de8e5d4b15d43fb361a71fbb36338450fe67865b528a43dd10ef7c51a20392?s=96&d=mm&r=g","caption":"La Sentinelle"},"sameAs":["http:\/\/www.lasentinelle.dz"],"url":"https:\/\/lasentinelle.dz\/author\/redaction\/"}]}},"_links":{"self":[{"href":"https:\/\/lasentinelle.dz\/index.php\/wp-json\/wp\/v2\/posts\/24780","targetHints":{"allow":["GET"]}}],"collection":[{"href":"https:\/\/lasentinelle.dz\/index.php\/wp-json\/wp\/v2\/posts"}],"about":[{"href":"https:\/\/lasentinelle.dz\/index.php\/wp-json\/wp\/v2\/types\/post"}],"author":[{"embeddable":true,"href":"https:\/\/lasentinelle.dz\/index.php\/wp-json\/wp\/v2\/users\/3"}],"replies":[{"embeddable":true,"href":"https:\/\/lasentinelle.dz\/index.php\/wp-json\/wp\/v2\/comments?post=24780"}],"version-history":[{"count":1,"href":"https:\/\/lasentinelle.dz\/index.php\/wp-json\/wp\/v2\/posts\/24780\/revisions"}],"predecessor-version":[{"id":24791,"href":"https:\/\/lasentinelle.dz\/index.php\/wp-json\/wp\/v2\/posts\/24780\/revisions\/24791"}],"wp:featuredmedia":[{"embeddable":true,"href":"https:\/\/lasentinelle.dz\/index.php\/wp-json\/wp\/v2\/media\/24794"}],"wp:attachment":[{"href":"https:\/\/lasentinelle.dz\/index.php\/wp-json\/wp\/v2\/media?parent=24780"}],"wp:term":[{"taxonomy":"category","embeddable":true,"href":"https:\/\/lasentinelle.dz\/index.php\/wp-json\/wp\/v2\/categories?post=24780"},{"taxonomy":"post_tag","embeddable":true,"href":"https:\/\/lasentinelle.dz\/index.php\/wp-json\/wp\/v2\/tags?post=24780"}],"curies":[{"name":"wp","href":"https:\/\/api.w.org\/{rel}","templated":true}]}}