{"id":2479,"date":"2021-07-28T00:01:00","date_gmt":"2021-07-27T23:01:00","guid":{"rendered":"https:\/\/lasentinelle.dz\/?p=2479"},"modified":"2021-07-27T15:42:27","modified_gmt":"2021-07-27T14:42:27","slug":"ogc-nice-gouiri-opte-pour-la-france","status":"publish","type":"post","link":"https:\/\/lasentinelle.dz\/index.php\/2021\/07\/28\/ogc-nice-gouiri-opte-pour-la-france\/","title":{"rendered":"OGC Nice : Gouiri opte pour la France"},"content":{"rendered":"\n<p class=\"wp-block-paragraph\">Form\u00e9 \u00e0 l&rsquo;Olympique Lyonnais, Amine Gouiri sort d&rsquo;une saison convaincante avec l&rsquo;OGC Nice. Des performances qui lui valent d&rsquo;\u00eatre r\u00e9guli\u00e8rement appel\u00e9 avec les s\u00e9lections jeunes de l&rsquo;Equipe de France. Pourtant, depuis que Djamel Belmadi, l&rsquo;entraineur de l\u2019Equipe d\u2019Alg\u00e9rie, l\u2019a approch\u00e9 pour rejoindre les couleurs des Verts, beaucoup se demandaient ce que l&rsquo;attaquant franco-alg\u00e9rien pourrait d\u00e9cider quant \u00e0 la suite de sa carri\u00e8re internationale. Interrog\u00e9 pour le Dauphin\u00e9 Lib\u00e9r\u00e9, le buteur des Aiglons a ainsi mis fin \u00e0 toute rumeur en indiquant qu&rsquo;il souhaitait poursuivre avec les Bleus et attirer l&rsquo;\u0153il de Didier Deschamps dans l&rsquo;espoir d&rsquo;honorer sa premi\u00e8re s\u00e9lection chez les A : \u00ab Forc\u00e9ment que les Bleus sont dans un coin de ma t\u00eate. \u00c0 moi de continuer de travailler, de tout mettre en \u0153uvre pour y arriver, car parfois \u00e7a peut aller vite. Il y a une grosse concurrence aux postes de devant, mais peut-\u00eatre que ma polyvalence m&rsquo;aidera \u00e0 l&rsquo;avenir. \u00bb<\/p>\n\n\n\n<p class=\"wp-block-paragraph\">R. S.<\/p>\n","protected":false},"excerpt":{"rendered":"<p>Form\u00e9 \u00e0 l&rsquo;Olympique Lyonnais, Amine Gouiri sort d&rsquo;une saison convaincante avec l&rsquo;OGC Nice. Des performances qui lui valent d&rsquo;\u00eatre r\u00e9guli\u00e8rement<\/p>\n","protected":false},"author":3,"featured_media":2484,"comment_status":"open","ping_status":"closed","sticky":false,"template":"","format":"standard","meta":{"colormag_page_container_layout":"default_layout","colormag_page_sidebar_layout":"default_layout","om_disable_all_campaigns":false,"_monsterinsights_skip_tracking":false,"footnotes":"","_wpscppro_dont_share_socialmedia":false,"_wpscppro_custom_social_share_image":0,"_facebook_share_type":"","_twitter_share_type":"","_linkedin_share_type":"","_pinterest_share_type":"","_linkedin_share_type_page":"","_instagram_share_type":"","_medium_share_type":"","_threads_share_type":"","_google_business_share_type":"","_bluesky_share_type":"","_mastodon_share_type":"","_selected_social_profile":[],"_wpsp_enable_custom_social_template":false,"_wpsp_social_scheduling":{"enabled":false,"datetime":null,"platforms":[],"status":"template_only","dateOption":"today","timeOption":"now","customDays":"","customHours":"","customDate":"","customTime":"","schedulingType":"absolute"},"_wpsp_active_default_template":true},"categories":[33],"tags":[],"class_list":["post-2479","post","type-post","status-publish","format-standard","has-post-thumbnail","hentry","category-sports"],"aioseo_notices":[],"aioseo_head":"\n\t\t<!-- All in One SEO 5.0.0.1 - aioseo.com -->\n\t<meta name=\"description\" content=\"Form\u00e9 \u00e0 l&#039;Olympique Lyonnais, Amine Gouiri sort d&#039;une saison convaincante avec l&#039;OGC Nice. Des performances qui lui valent d&#039;\u00eatre r\u00e9guli\u00e8rement appel\u00e9 avec les s\u00e9lections jeunes de l&#039;Equipe de France. Pourtant, depuis que Djamel Belmadi, l&#039;entraineur de l\u2019Equipe d\u2019Alg\u00e9rie, l\u2019a approch\u00e9 pour rejoindre les couleurs des Verts, beaucoup se demandaient ce que l&#039;attaquant franco-alg\u00e9rien pourrait d\u00e9cider\" \/>\n\t<meta name=\"robots\" content=\"max-image-preview:large\" \/>\n\t<meta name=\"author\" content=\"La Sentinelle\"\/>\n\t<link rel=\"canonical\" href=\"https:\/\/lasentinelle.dz\/index.php\/2021\/07\/28\/ogc-nice-gouiri-opte-pour-la-france\/\" \/>\n\t<meta name=\"generator\" content=\"All in One SEO (AIOSEO) 5.0.0.1\" \/>\n\t\t<meta property=\"og:locale\" content=\"fr_FR\" \/>\n\t\t<meta property=\"og:site_name\" content=\"La Sentinelle - Quotidien national d&#039;information\" \/>\n\t\t<meta property=\"og:type\" content=\"article\" \/>\n\t\t<meta property=\"og:title\" content=\"OGC Nice : Gouiri opte pour la France - La Sentinelle\" \/>\n\t\t<meta property=\"og:description\" content=\"Form\u00e9 \u00e0 l&#039;Olympique Lyonnais, Amine Gouiri sort d&#039;une saison convaincante avec l&#039;OGC Nice. Des performances qui lui valent d&#039;\u00eatre r\u00e9guli\u00e8rement appel\u00e9 avec les s\u00e9lections jeunes de l&#039;Equipe de France. Pourtant, depuis que Djamel Belmadi, l&#039;entraineur de l\u2019Equipe d\u2019Alg\u00e9rie, l\u2019a approch\u00e9 pour rejoindre les couleurs des Verts, beaucoup se demandaient ce que l&#039;attaquant franco-alg\u00e9rien pourrait d\u00e9cider\" \/>\n\t\t<meta property=\"og:url\" content=\"https:\/\/lasentinelle.dz\/index.php\/2021\/07\/28\/ogc-nice-gouiri-opte-pour-la-france\/\" \/>\n\t\t<meta property=\"og:image\" content=\"https:\/\/lasentinelle.dz\/wp-content\/uploads\/2021\/09\/cropped-la-sentinelle-earth-golden-anima-5.gif\" \/>\n\t\t<meta property=\"og:image:secure_url\" content=\"https:\/\/lasentinelle.dz\/wp-content\/uploads\/2021\/09\/cropped-la-sentinelle-earth-golden-anima-5.gif\" \/>\n\t\t<meta property=\"og:image:width\" content=\"450\" \/>\n\t\t<meta property=\"og:image:height\" content=\"213\" \/>\n\t\t<meta property=\"article:published_time\" content=\"2021-07-27T23:01:00+00:00\" \/>\n\t\t<meta property=\"article:modified_time\" content=\"2021-07-27T14:42:27+00:00\" \/>\n\t\t<meta property=\"article:publisher\" content=\"https:\/\/www.facebook.com\/azzedine.lasentinelle.1\" \/>\n\t\t<meta name=\"twitter:card\" content=\"summary_large_image\" \/>\n\t\t<meta name=\"twitter:title\" content=\"OGC Nice : Gouiri opte pour la France - La Sentinelle\" \/>\n\t\t<meta name=\"twitter:description\" content=\"Form\u00e9 \u00e0 l&#039;Olympique Lyonnais, Amine Gouiri sort d&#039;une saison convaincante avec l&#039;OGC Nice. Des performances qui lui valent d&#039;\u00eatre r\u00e9guli\u00e8rement appel\u00e9 avec les s\u00e9lections jeunes de l&#039;Equipe de France. Pourtant, depuis que Djamel Belmadi, l&#039;entraineur de l\u2019Equipe d\u2019Alg\u00e9rie, l\u2019a approch\u00e9 pour rejoindre les couleurs des Verts, beaucoup se demandaient ce que l&#039;attaquant franco-alg\u00e9rien pourrait d\u00e9cider\" \/>\n\t\t<meta name=\"twitter:image\" content=\"https:\/\/lasentinelle.dz\/wp-content\/uploads\/2021\/09\/cropped-la-sentinelle-earth-golden-anima-5.gif\" \/>\n\t\t<script type=\"application\/ld+json\" class=\"aioseo-schema\">\n\t\t\t{\"@context\":\"https:\\\/\\\/schema.org\",\"@graph\":[{\"@type\":\"BlogPosting\",\"@id\":\"https:\\\/\\\/lasentinelle.dz\\\/index.php\\\/2021\\\/07\\\/28\\\/ogc-nice-gouiri-opte-pour-la-france\\\/#blogposting\",\"name\":\"OGC Nice : Gouiri opte pour la France - La Sentinelle\",\"headline\":\"OGC Nice : Gouiri opte pour la France\",\"author\":{\"@id\":\"https:\\\/\\\/lasentinelle.dz\\\/author\\\/redaction\\\/#author\"},\"publisher\":{\"@id\":\"https:\\\/\\\/lasentinelle.dz\\\/#organization\"},\"image\":{\"@type\":\"ImageObject\",\"url\":\"https:\\\/\\\/lasentinelle.dz\\\/wp-content\\\/uploads\\\/2021\\\/07\\\/gorixx.png\",\"width\":1351,\"height\":900},\"datePublished\":\"2021-07-28T00:01:00+01:00\",\"dateModified\":\"2021-07-27T15:42:27+01:00\",\"inLanguage\":\"fr-FR\",\"mainEntityOfPage\":{\"@id\":\"https:\\\/\\\/lasentinelle.dz\\\/index.php\\\/2021\\\/07\\\/28\\\/ogc-nice-gouiri-opte-pour-la-france\\\/#webpage\"},\"isPartOf\":{\"@id\":\"https:\\\/\\\/lasentinelle.dz\\\/index.php\\\/2021\\\/07\\\/28\\\/ogc-nice-gouiri-opte-pour-la-france\\\/#webpage\"},\"articleSection\":\"Sports\"},{\"@type\":\"BreadcrumbList\",\"@id\":\"https:\\\/\\\/lasentinelle.dz\\\/index.php\\\/2021\\\/07\\\/28\\\/ogc-nice-gouiri-opte-pour-la-france\\\/#breadcrumblist\",\"itemListElement\":[{\"@type\":\"ListItem\",\"@id\":\"https:\\\/\\\/lasentinelle.dz#listItem\",\"position\":1,\"name\":\"Home\",\"item\":\"https:\\\/\\\/lasentinelle.dz\",\"nextItem\":{\"@type\":\"ListItem\",\"@id\":\"https:\\\/\\\/lasentinelle.dz\\\/index.php\\\/category\\\/sports\\\/#listItem\",\"name\":\"Sports\"}},{\"@type\":\"ListItem\",\"@id\":\"https:\\\/\\\/lasentinelle.dz\\\/index.php\\\/category\\\/sports\\\/#listItem\",\"position\":2,\"name\":\"Sports\",\"item\":\"https:\\\/\\\/lasentinelle.dz\\\/index.php\\\/category\\\/sports\\\/\",\"nextItem\":{\"@type\":\"ListItem\",\"@id\":\"https:\\\/\\\/lasentinelle.dz\\\/index.php\\\/2021\\\/07\\\/28\\\/ogc-nice-gouiri-opte-pour-la-france\\\/#listItem\",\"name\":\"OGC Nice : Gouiri opte pour la France\"},\"previousItem\":{\"@type\":\"ListItem\",\"@id\":\"https:\\\/\\\/lasentinelle.dz#listItem\",\"name\":\"Home\"}},{\"@type\":\"ListItem\",\"@id\":\"https:\\\/\\\/lasentinelle.dz\\\/index.php\\\/2021\\\/07\\\/28\\\/ogc-nice-gouiri-opte-pour-la-france\\\/#listItem\",\"position\":3,\"name\":\"OGC Nice : Gouiri opte pour la France\",\"previousItem\":{\"@type\":\"ListItem\",\"@id\":\"https:\\\/\\\/lasentinelle.dz\\\/index.php\\\/category\\\/sports\\\/#listItem\",\"name\":\"Sports\"}}]},{\"@type\":\"Organization\",\"@id\":\"https:\\\/\\\/lasentinelle.dz\\\/#organization\",\"name\":\"La Sentinelle La Sentinelle\",\"description\":\"Quotidien national d'information\",\"url\":\"https:\\\/\\\/lasentinelle.dz\\\/\",\"logo\":{\"@type\":\"ImageObject\",\"url\":\"https:\\\/\\\/lasentinelle.dz\\\/wp-content\\\/uploads\\\/2021\\\/09\\\/cropped-la-sentinelle-earth-golden-anima-5.gif\",\"@id\":\"https:\\\/\\\/lasentinelle.dz\\\/index.php\\\/2021\\\/07\\\/28\\\/ogc-nice-gouiri-opte-pour-la-france\\\/#organizationLogo\",\"width\":450,\"height\":213},\"image\":{\"@id\":\"https:\\\/\\\/lasentinelle.dz\\\/index.php\\\/2021\\\/07\\\/28\\\/ogc-nice-gouiri-opte-pour-la-france\\\/#organizationLogo\"},\"sameAs\":[\"https:\\\/\\\/www.facebook.com\\\/azzedine.lasentinelle.1\"]},{\"@type\":\"Person\",\"@id\":\"https:\\\/\\\/lasentinelle.dz\\\/author\\\/redaction\\\/#author\",\"url\":\"https:\\\/\\\/lasentinelle.dz\\\/author\\\/redaction\\\/\",\"name\":\"La Sentinelle\",\"image\":{\"@type\":\"ImageObject\",\"@id\":\"https:\\\/\\\/lasentinelle.dz\\\/index.php\\\/2021\\\/07\\\/28\\\/ogc-nice-gouiri-opte-pour-la-france\\\/#authorImage\",\"url\":\"https:\\\/\\\/secure.gravatar.com\\\/avatar\\\/57de8e5d4b15d43fb361a71fbb36338450fe67865b528a43dd10ef7c51a20392?s=96&d=mm&r=g\",\"width\":96,\"height\":96,\"caption\":\"La Sentinelle\"}},{\"@type\":\"WebPage\",\"@id\":\"https:\\\/\\\/lasentinelle.dz\\\/index.php\\\/2021\\\/07\\\/28\\\/ogc-nice-gouiri-opte-pour-la-france\\\/#webpage\",\"url\":\"https:\\\/\\\/lasentinelle.dz\\\/index.php\\\/2021\\\/07\\\/28\\\/ogc-nice-gouiri-opte-pour-la-france\\\/\",\"name\":\"OGC Nice : Gouiri opte pour la France - La Sentinelle\",\"description\":\"Form\\u00e9 \\u00e0 l'Olympique Lyonnais, Amine Gouiri sort d'une saison convaincante avec l'OGC Nice. Des performances qui lui valent d'\\u00eatre r\\u00e9guli\\u00e8rement appel\\u00e9 avec les s\\u00e9lections jeunes de l'Equipe de France. Pourtant, depuis que Djamel Belmadi, l'entraineur de l\\u2019Equipe d\\u2019Alg\\u00e9rie, l\\u2019a approch\\u00e9 pour rejoindre les couleurs des Verts, beaucoup se demandaient ce que l'attaquant franco-alg\\u00e9rien pourrait d\\u00e9cider\",\"inLanguage\":\"fr-FR\",\"isPartOf\":{\"@id\":\"https:\\\/\\\/lasentinelle.dz\\\/#website\"},\"breadcrumb\":{\"@id\":\"https:\\\/\\\/lasentinelle.dz\\\/index.php\\\/2021\\\/07\\\/28\\\/ogc-nice-gouiri-opte-pour-la-france\\\/#breadcrumblist\"},\"author\":{\"@id\":\"https:\\\/\\\/lasentinelle.dz\\\/author\\\/redaction\\\/#author\"},\"creator\":{\"@id\":\"https:\\\/\\\/lasentinelle.dz\\\/author\\\/redaction\\\/#author\"},\"image\":{\"@type\":\"ImageObject\",\"url\":\"https:\\\/\\\/lasentinelle.dz\\\/wp-content\\\/uploads\\\/2021\\\/07\\\/gorixx.png\",\"@id\":\"https:\\\/\\\/lasentinelle.dz\\\/index.php\\\/2021\\\/07\\\/28\\\/ogc-nice-gouiri-opte-pour-la-france\\\/#mainImage\",\"width\":1351,\"height\":900},\"primaryImageOfPage\":{\"@id\":\"https:\\\/\\\/lasentinelle.dz\\\/index.php\\\/2021\\\/07\\\/28\\\/ogc-nice-gouiri-opte-pour-la-france\\\/#mainImage\"},\"datePublished\":\"2021-07-28T00:01:00+01:00\",\"dateModified\":\"2021-07-27T15:42:27+01:00\"},{\"@type\":\"WebSite\",\"@id\":\"https:\\\/\\\/lasentinelle.dz\\\/#website\",\"url\":\"https:\\\/\\\/lasentinelle.dz\\\/\",\"name\":\"La Sentinelle\",\"description\":\"Quotidien national d'information\",\"inLanguage\":\"fr-FR\",\"publisher\":{\"@id\":\"https:\\\/\\\/lasentinelle.dz\\\/#organization\"}}]}\n\t\t<\/script>\n\t\t<!-- All in One SEO -->\n\n","aioseo_head_json":{"title":"OGC Nice : Gouiri opte pour la France - La Sentinelle","description":"Form\u00e9 \u00e0 l'Olympique Lyonnais, Amine Gouiri sort d'une saison convaincante avec l'OGC Nice. Des performances qui lui valent d'\u00eatre r\u00e9guli\u00e8rement appel\u00e9 avec les s\u00e9lections jeunes de l'Equipe de France. Pourtant, depuis que Djamel Belmadi, l'entraineur de l\u2019Equipe d\u2019Alg\u00e9rie, l\u2019a approch\u00e9 pour rejoindre les couleurs des Verts, beaucoup se demandaient ce que l'attaquant franco-alg\u00e9rien pourrait d\u00e9cider","canonical_url":"https:\/\/lasentinelle.dz\/index.php\/2021\/07\/28\/ogc-nice-gouiri-opte-pour-la-france\/","robots":"max-image-preview:large","keywords":"","webmasterTools":{"miscellaneous":""},"schema":{"@context":"https:\/\/schema.org","@graph":[{"@type":"BlogPosting","@id":"https:\/\/lasentinelle.dz\/index.php\/2021\/07\/28\/ogc-nice-gouiri-opte-pour-la-france\/#blogposting","name":"OGC Nice : Gouiri opte pour la France - La Sentinelle","headline":"OGC Nice : Gouiri opte pour la France","author":{"@id":"https:\/\/lasentinelle.dz\/author\/redaction\/#author"},"publisher":{"@id":"https:\/\/lasentinelle.dz\/#organization"},"image":{"@type":"ImageObject","url":"https:\/\/lasentinelle.dz\/wp-content\/uploads\/2021\/07\/gorixx.png","width":1351,"height":900},"datePublished":"2021-07-28T00:01:00+01:00","dateModified":"2021-07-27T15:42:27+01:00","inLanguage":"fr-FR","mainEntityOfPage":{"@id":"https:\/\/lasentinelle.dz\/index.php\/2021\/07\/28\/ogc-nice-gouiri-opte-pour-la-france\/#webpage"},"isPartOf":{"@id":"https:\/\/lasentinelle.dz\/index.php\/2021\/07\/28\/ogc-nice-gouiri-opte-pour-la-france\/#webpage"},"articleSection":"Sports"},{"@type":"BreadcrumbList","@id":"https:\/\/lasentinelle.dz\/index.php\/2021\/07\/28\/ogc-nice-gouiri-opte-pour-la-france\/#breadcrumblist","itemListElement":[{"@type":"ListItem","@id":"https:\/\/lasentinelle.dz#listItem","position":1,"name":"Home","item":"https:\/\/lasentinelle.dz","nextItem":{"@type":"ListItem","@id":"https:\/\/lasentinelle.dz\/index.php\/category\/sports\/#listItem","name":"Sports"}},{"@type":"ListItem","@id":"https:\/\/lasentinelle.dz\/index.php\/category\/sports\/#listItem","position":2,"name":"Sports","item":"https:\/\/lasentinelle.dz\/index.php\/category\/sports\/","nextItem":{"@type":"ListItem","@id":"https:\/\/lasentinelle.dz\/index.php\/2021\/07\/28\/ogc-nice-gouiri-opte-pour-la-france\/#listItem","name":"OGC Nice : Gouiri opte pour la France"},"previousItem":{"@type":"ListItem","@id":"https:\/\/lasentinelle.dz#listItem","name":"Home"}},{"@type":"ListItem","@id":"https:\/\/lasentinelle.dz\/index.php\/2021\/07\/28\/ogc-nice-gouiri-opte-pour-la-france\/#listItem","position":3,"name":"OGC Nice : Gouiri opte pour la France","previousItem":{"@type":"ListItem","@id":"https:\/\/lasentinelle.dz\/index.php\/category\/sports\/#listItem","name":"Sports"}}]},{"@type":"Organization","@id":"https:\/\/lasentinelle.dz\/#organization","name":"La Sentinelle La Sentinelle","description":"Quotidien national d'information","url":"https:\/\/lasentinelle.dz\/","logo":{"@type":"ImageObject","url":"https:\/\/lasentinelle.dz\/wp-content\/uploads\/2021\/09\/cropped-la-sentinelle-earth-golden-anima-5.gif","@id":"https:\/\/lasentinelle.dz\/index.php\/2021\/07\/28\/ogc-nice-gouiri-opte-pour-la-france\/#organizationLogo","width":450,"height":213},"image":{"@id":"https:\/\/lasentinelle.dz\/index.php\/2021\/07\/28\/ogc-nice-gouiri-opte-pour-la-france\/#organizationLogo"},"sameAs":["https:\/\/www.facebook.com\/azzedine.lasentinelle.1"]},{"@type":"Person","@id":"https:\/\/lasentinelle.dz\/author\/redaction\/#author","url":"https:\/\/lasentinelle.dz\/author\/redaction\/","name":"La Sentinelle","image":{"@type":"ImageObject","@id":"https:\/\/lasentinelle.dz\/index.php\/2021\/07\/28\/ogc-nice-gouiri-opte-pour-la-france\/#authorImage","url":"https:\/\/secure.gravatar.com\/avatar\/57de8e5d4b15d43fb361a71fbb36338450fe67865b528a43dd10ef7c51a20392?s=96&d=mm&r=g","width":96,"height":96,"caption":"La Sentinelle"}},{"@type":"WebPage","@id":"https:\/\/lasentinelle.dz\/index.php\/2021\/07\/28\/ogc-nice-gouiri-opte-pour-la-france\/#webpage","url":"https:\/\/lasentinelle.dz\/index.php\/2021\/07\/28\/ogc-nice-gouiri-opte-pour-la-france\/","name":"OGC Nice : Gouiri opte pour la France - La Sentinelle","description":"Form\u00e9 \u00e0 l'Olympique Lyonnais, Amine Gouiri sort d'une saison convaincante avec l'OGC Nice. Des performances qui lui valent d'\u00eatre r\u00e9guli\u00e8rement appel\u00e9 avec les s\u00e9lections jeunes de l'Equipe de France. Pourtant, depuis que Djamel Belmadi, l'entraineur de l\u2019Equipe d\u2019Alg\u00e9rie, l\u2019a approch\u00e9 pour rejoindre les couleurs des Verts, beaucoup se demandaient ce que l'attaquant franco-alg\u00e9rien pourrait d\u00e9cider","inLanguage":"fr-FR","isPartOf":{"@id":"https:\/\/lasentinelle.dz\/#website"},"breadcrumb":{"@id":"https:\/\/lasentinelle.dz\/index.php\/2021\/07\/28\/ogc-nice-gouiri-opte-pour-la-france\/#breadcrumblist"},"author":{"@id":"https:\/\/lasentinelle.dz\/author\/redaction\/#author"},"creator":{"@id":"https:\/\/lasentinelle.dz\/author\/redaction\/#author"},"image":{"@type":"ImageObject","url":"https:\/\/lasentinelle.dz\/wp-content\/uploads\/2021\/07\/gorixx.png","@id":"https:\/\/lasentinelle.dz\/index.php\/2021\/07\/28\/ogc-nice-gouiri-opte-pour-la-france\/#mainImage","width":1351,"height":900},"primaryImageOfPage":{"@id":"https:\/\/lasentinelle.dz\/index.php\/2021\/07\/28\/ogc-nice-gouiri-opte-pour-la-france\/#mainImage"},"datePublished":"2021-07-28T00:01:00+01:00","dateModified":"2021-07-27T15:42:27+01:00"},{"@type":"WebSite","@id":"https:\/\/lasentinelle.dz\/#website","url":"https:\/\/lasentinelle.dz\/","name":"La Sentinelle","description":"Quotidien national d'information","inLanguage":"fr-FR","publisher":{"@id":"https:\/\/lasentinelle.dz\/#organization"}}]},"og:locale":"fr_FR","og:site_name":"La Sentinelle - Quotidien national d'information","og:type":"article","og:title":"OGC Nice : Gouiri opte pour la France - La Sentinelle","og:description":"Form\u00e9 \u00e0 l'Olympique Lyonnais, Amine Gouiri sort d'une saison convaincante avec l'OGC Nice. Des performances qui lui valent d'\u00eatre r\u00e9guli\u00e8rement appel\u00e9 avec les s\u00e9lections jeunes de l'Equipe de France. Pourtant, depuis que Djamel Belmadi, l'entraineur de l\u2019Equipe d\u2019Alg\u00e9rie, l\u2019a approch\u00e9 pour rejoindre les couleurs des Verts, beaucoup se demandaient ce que l'attaquant franco-alg\u00e9rien pourrait d\u00e9cider","og:url":"https:\/\/lasentinelle.dz\/index.php\/2021\/07\/28\/ogc-nice-gouiri-opte-pour-la-france\/","og:image":"https:\/\/lasentinelle.dz\/wp-content\/uploads\/2021\/09\/cropped-la-sentinelle-earth-golden-anima-5.gif","og:image:secure_url":"https:\/\/lasentinelle.dz\/wp-content\/uploads\/2021\/09\/cropped-la-sentinelle-earth-golden-anima-5.gif","og:image:width":450,"og:image:height":213,"article:published_time":"2021-07-27T23:01:00+00:00","article:modified_time":"2021-07-27T14:42:27+00:00","article:publisher":"https:\/\/www.facebook.com\/azzedine.lasentinelle.1","twitter:card":"summary_large_image","twitter:title":"OGC Nice : Gouiri opte pour la France - La Sentinelle","twitter:description":"Form\u00e9 \u00e0 l'Olympique Lyonnais, Amine Gouiri sort d'une saison convaincante avec l'OGC Nice. Des performances qui lui valent d'\u00eatre r\u00e9guli\u00e8rement appel\u00e9 avec les s\u00e9lections jeunes de l'Equipe de France. Pourtant, depuis que Djamel Belmadi, l'entraineur de l\u2019Equipe d\u2019Alg\u00e9rie, l\u2019a approch\u00e9 pour rejoindre les couleurs des Verts, beaucoup se demandaient ce que l'attaquant franco-alg\u00e9rien pourrait d\u00e9cider","twitter:image":"https:\/\/lasentinelle.dz\/wp-content\/uploads\/2021\/09\/cropped-la-sentinelle-earth-golden-anima-5.gif"},"aioseo_meta_data":{"post_id":"2479","title":null,"description":null,"keywords":null,"keyphrases":null,"primary_term":null,"canonical_url":null,"og_title":null,"og_description":null,"og_object_type":"default","og_image_type":"default","og_image_url":null,"og_image_width":null,"og_image_height":null,"og_image_custom_url":null,"og_image_custom_fields":null,"og_video":null,"og_custom_url":null,"og_article_section":null,"og_article_tags":null,"twitter_use_og":false,"twitter_card":"default","twitter_image_type":"default","twitter_image_url":null,"twitter_image_custom_url":null,"twitter_image_custom_fields":null,"twitter_title":null,"twitter_description":null,"schema":{"blockGraphs":[],"customGraphs":[],"default":{"data":{"Article":[],"Course":[],"Dataset":[],"FAQPage":[],"Movie":[],"Person":[],"Product":[],"ProductReview":[],"Car":[],"Recipe":[],"Service":[],"SoftwareApplication":[],"WebPage":[]},"graphName":"","isEnabled":true},"graphs":[]},"schema_type":"default","schema_type_options":null,"pillar_content":false,"robots_default":true,"robots_noindex":false,"robots_noarchive":false,"robots_nosnippet":false,"robots_nofollow":false,"robots_noimageindex":false,"robots_noodp":false,"robots_notranslate":false,"robots_max_snippet":null,"robots_max_videopreview":null,"robots_max_imagepreview":"large","priority":null,"frequency":null,"local_seo":null,"breadcrumb_settings":null,"limit_modified_date":false,"ai":null,"created":"2026-04-20 09:40:03","updated":"2026-04-20 09:40:03","focus_keyword":null,"additional_keywords":null,"truseo_locale":null,"seo_analyzer_scan_date":null},"aioseo_breadcrumb":"<div class=\"aioseo-breadcrumbs\"><span class=\"aioseo-breadcrumb\">\n\t\t\t<a href=\"https:\/\/lasentinelle.dz\" title=\"Home\">Home<\/a>\n\t\t<\/span><span class=\"aioseo-breadcrumb-separator\">&raquo;<\/span><span class=\"aioseo-breadcrumb\">\n\t\t\t<a href=\"https:\/\/lasentinelle.dz\/index.php\/category\/sports\/\" title=\"Sports\">Sports<\/a>\n\t\t<\/span><span class=\"aioseo-breadcrumb-separator\">&raquo;<\/span><span class=\"aioseo-breadcrumb\">\n\t\t\tOGC Nice : Gouiri opte pour la France\n\t\t<\/span><\/div>","aioseo_breadcrumb_json":[{"label":"Home","link":"https:\/\/lasentinelle.dz"},{"label":"Sports","link":"https:\/\/lasentinelle.dz\/index.php\/category\/sports\/"},{"label":"OGC Nice : Gouiri opte pour la France","link":"https:\/\/lasentinelle.dz\/index.php\/2021\/07\/28\/ogc-nice-gouiri-opte-pour-la-france\/"}],"yoast_head":"<!-- This site is optimized with the Yoast SEO plugin v28.3 - https:\/\/yoast.com\/product\/yoast-seo-wordpress\/ -->\n<title>OGC Nice : Gouiri opte pour la France - La Sentinelle<\/title>\n<meta name=\"robots\" content=\"index, follow, max-snippet:-1, max-image-preview:large, max-video-preview:-1\" \/>\n<link rel=\"canonical\" href=\"https:\/\/lasentinelle.dz\/index.php\/2021\/07\/28\/ogc-nice-gouiri-opte-pour-la-france\/\" \/>\n<meta property=\"og:locale\" content=\"fr_FR\" \/>\n<meta property=\"og:type\" content=\"article\" \/>\n<meta property=\"og:title\" content=\"OGC Nice : Gouiri opte pour la France - La Sentinelle\" \/>\n<meta property=\"og:description\" content=\"Form\u00e9 \u00e0 l&rsquo;Olympique Lyonnais, Amine Gouiri sort d&rsquo;une saison convaincante avec l&rsquo;OGC Nice. Des performances qui lui valent d&rsquo;\u00eatre r\u00e9guli\u00e8rement\" \/>\n<meta property=\"og:url\" content=\"https:\/\/lasentinelle.dz\/index.php\/2021\/07\/28\/ogc-nice-gouiri-opte-pour-la-france\/\" \/>\n<meta property=\"og:site_name\" content=\"La Sentinelle\" \/>\n<meta property=\"article:publisher\" content=\"https:\/\/www.facebook.com\/La-Sentinelle-104059864394773\" \/>\n<meta property=\"article:published_time\" content=\"2021-07-27T23:01:00+00:00\" \/>\n<meta property=\"og:image\" content=\"https:\/\/lasentinelle.dz\/wp-content\/uploads\/2021\/07\/gorixx.png\" \/>\n\t<meta property=\"og:image:width\" content=\"1351\" \/>\n\t<meta property=\"og:image:height\" content=\"900\" \/>\n\t<meta property=\"og:image:type\" content=\"image\/png\" \/>\n<meta name=\"author\" content=\"La Sentinelle\" \/>\n<meta name=\"twitter:card\" content=\"summary_large_image\" \/>\n<meta name=\"twitter:label1\" content=\"\u00c9crit par\" \/>\n\t<meta name=\"twitter:data1\" content=\"La Sentinelle\" \/>\n\t<meta name=\"twitter:label2\" content=\"Dur\u00e9e de lecture estim\u00e9e\" \/>\n\t<meta name=\"twitter:data2\" content=\"1 minute\" \/>\n<script type=\"application\/ld+json\" class=\"yoast-schema-graph\">{\"@context\":\"https:\\\/\\\/schema.org\",\"@graph\":[{\"@type\":\"Article\",\"@id\":\"https:\\\/\\\/lasentinelle.dz\\\/index.php\\\/2021\\\/07\\\/28\\\/ogc-nice-gouiri-opte-pour-la-france\\\/#article\",\"isPartOf\":{\"@id\":\"https:\\\/\\\/lasentinelle.dz\\\/index.php\\\/2021\\\/07\\\/28\\\/ogc-nice-gouiri-opte-pour-la-france\\\/\"},\"author\":{\"name\":\"La Sentinelle\",\"@id\":\"https:\\\/\\\/lasentinelle.dz\\\/#\\\/schema\\\/person\\\/d865044e22e70a75174ce8bcad3acfb3\"},\"headline\":\"OGC Nice : Gouiri opte pour la France\",\"datePublished\":\"2021-07-27T23:01:00+00:00\",\"mainEntityOfPage\":{\"@id\":\"https:\\\/\\\/lasentinelle.dz\\\/index.php\\\/2021\\\/07\\\/28\\\/ogc-nice-gouiri-opte-pour-la-france\\\/\"},\"wordCount\":184,\"commentCount\":0,\"publisher\":{\"@id\":\"https:\\\/\\\/lasentinelle.dz\\\/#organization\"},\"image\":{\"@id\":\"https:\\\/\\\/lasentinelle.dz\\\/index.php\\\/2021\\\/07\\\/28\\\/ogc-nice-gouiri-opte-pour-la-france\\\/#primaryimage\"},\"thumbnailUrl\":\"https:\\\/\\\/lasentinelle.dz\\\/wp-content\\\/uploads\\\/2021\\\/07\\\/gorixx.png\",\"articleSection\":[\"Sports\"],\"inLanguage\":\"fr-FR\",\"potentialAction\":[{\"@type\":\"CommentAction\",\"name\":\"Comment\",\"target\":[\"https:\\\/\\\/lasentinelle.dz\\\/index.php\\\/2021\\\/07\\\/28\\\/ogc-nice-gouiri-opte-pour-la-france\\\/#respond\"]}]},{\"@type\":\"WebPage\",\"@id\":\"https:\\\/\\\/lasentinelle.dz\\\/index.php\\\/2021\\\/07\\\/28\\\/ogc-nice-gouiri-opte-pour-la-france\\\/\",\"url\":\"https:\\\/\\\/lasentinelle.dz\\\/index.php\\\/2021\\\/07\\\/28\\\/ogc-nice-gouiri-opte-pour-la-france\\\/\",\"name\":\"OGC Nice : Gouiri opte pour la France - La Sentinelle\",\"isPartOf\":{\"@id\":\"https:\\\/\\\/lasentinelle.dz\\\/#website\"},\"primaryImageOfPage\":{\"@id\":\"https:\\\/\\\/lasentinelle.dz\\\/index.php\\\/2021\\\/07\\\/28\\\/ogc-nice-gouiri-opte-pour-la-france\\\/#primaryimage\"},\"image\":{\"@id\":\"https:\\\/\\\/lasentinelle.dz\\\/index.php\\\/2021\\\/07\\\/28\\\/ogc-nice-gouiri-opte-pour-la-france\\\/#primaryimage\"},\"thumbnailUrl\":\"https:\\\/\\\/lasentinelle.dz\\\/wp-content\\\/uploads\\\/2021\\\/07\\\/gorixx.png\",\"datePublished\":\"2021-07-27T23:01:00+00:00\",\"breadcrumb\":{\"@id\":\"https:\\\/\\\/lasentinelle.dz\\\/index.php\\\/2021\\\/07\\\/28\\\/ogc-nice-gouiri-opte-pour-la-france\\\/#breadcrumb\"},\"inLanguage\":\"fr-FR\",\"potentialAction\":[{\"@type\":\"ReadAction\",\"target\":[\"https:\\\/\\\/lasentinelle.dz\\\/index.php\\\/2021\\\/07\\\/28\\\/ogc-nice-gouiri-opte-pour-la-france\\\/\"]}]},{\"@type\":\"ImageObject\",\"inLanguage\":\"fr-FR\",\"@id\":\"https:\\\/\\\/lasentinelle.dz\\\/index.php\\\/2021\\\/07\\\/28\\\/ogc-nice-gouiri-opte-pour-la-france\\\/#primaryimage\",\"url\":\"https:\\\/\\\/lasentinelle.dz\\\/wp-content\\\/uploads\\\/2021\\\/07\\\/gorixx.png\",\"contentUrl\":\"https:\\\/\\\/lasentinelle.dz\\\/wp-content\\\/uploads\\\/2021\\\/07\\\/gorixx.png\",\"width\":1351,\"height\":900},{\"@type\":\"BreadcrumbList\",\"@id\":\"https:\\\/\\\/lasentinelle.dz\\\/index.php\\\/2021\\\/07\\\/28\\\/ogc-nice-gouiri-opte-pour-la-france\\\/#breadcrumb\",\"itemListElement\":[{\"@type\":\"ListItem\",\"position\":1,\"name\":\"Accueil\",\"item\":\"https:\\\/\\\/lasentinelle.dz\\\/\"},{\"@type\":\"ListItem\",\"position\":2,\"name\":\"OGC Nice : Gouiri opte pour la France\"}]},{\"@type\":\"WebSite\",\"@id\":\"https:\\\/\\\/lasentinelle.dz\\\/#website\",\"url\":\"https:\\\/\\\/lasentinelle.dz\\\/\",\"name\":\"La Sentinelle\",\"description\":\"Quotidien national d&#039;information\",\"publisher\":{\"@id\":\"https:\\\/\\\/lasentinelle.dz\\\/#organization\"},\"potentialAction\":[{\"@type\":\"SearchAction\",\"target\":{\"@type\":\"EntryPoint\",\"urlTemplate\":\"https:\\\/\\\/lasentinelle.dz\\\/?s={search_term_string}\"},\"query-input\":{\"@type\":\"PropertyValueSpecification\",\"valueRequired\":true,\"valueName\":\"search_term_string\"}}],\"inLanguage\":\"fr-FR\"},{\"@type\":\"Organization\",\"@id\":\"https:\\\/\\\/lasentinelle.dz\\\/#organization\",\"name\":\"Quotidien La Sentinelle\",\"url\":\"https:\\\/\\\/lasentinelle.dz\\\/\",\"logo\":{\"@type\":\"ImageObject\",\"inLanguage\":\"fr-FR\",\"@id\":\"https:\\\/\\\/lasentinelle.dz\\\/#\\\/schema\\\/logo\\\/image\\\/\",\"url\":\"https:\\\/\\\/lasentinelle.dz\\\/wp-content\\\/uploads\\\/2021\\\/09\\\/logo-sentinelleSLOGAN-1.png\",\"contentUrl\":\"https:\\\/\\\/lasentinelle.dz\\\/wp-content\\\/uploads\\\/2021\\\/09\\\/logo-sentinelleSLOGAN-1.png\",\"width\":615,\"height\":142,\"caption\":\"Quotidien La Sentinelle\"},\"image\":{\"@id\":\"https:\\\/\\\/lasentinelle.dz\\\/#\\\/schema\\\/logo\\\/image\\\/\"},\"sameAs\":[\"https:\\\/\\\/www.facebook.com\\\/La-Sentinelle-104059864394773\"]},{\"@type\":\"Person\",\"@id\":\"https:\\\/\\\/lasentinelle.dz\\\/#\\\/schema\\\/person\\\/d865044e22e70a75174ce8bcad3acfb3\",\"name\":\"La Sentinelle\",\"image\":{\"@type\":\"ImageObject\",\"inLanguage\":\"fr-FR\",\"@id\":\"https:\\\/\\\/secure.gravatar.com\\\/avatar\\\/57de8e5d4b15d43fb361a71fbb36338450fe67865b528a43dd10ef7c51a20392?s=96&d=mm&r=g\",\"url\":\"https:\\\/\\\/secure.gravatar.com\\\/avatar\\\/57de8e5d4b15d43fb361a71fbb36338450fe67865b528a43dd10ef7c51a20392?s=96&d=mm&r=g\",\"contentUrl\":\"https:\\\/\\\/secure.gravatar.com\\\/avatar\\\/57de8e5d4b15d43fb361a71fbb36338450fe67865b528a43dd10ef7c51a20392?s=96&d=mm&r=g\",\"caption\":\"La Sentinelle\"},\"sameAs\":[\"http:\\\/\\\/www.lasentinelle.dz\"],\"url\":\"https:\\\/\\\/lasentinelle.dz\\\/author\\\/redaction\\\/\"}]}<\/script>\n<!-- \/ Yoast SEO plugin. -->","yoast_head_json":{"title":"OGC Nice : Gouiri opte pour la France - La Sentinelle","robots":{"index":"index","follow":"follow","max-snippet":"max-snippet:-1","max-image-preview":"max-image-preview:large","max-video-preview":"max-video-preview:-1"},"canonical":"https:\/\/lasentinelle.dz\/index.php\/2021\/07\/28\/ogc-nice-gouiri-opte-pour-la-france\/","og_locale":"fr_FR","og_type":"article","og_title":"OGC Nice : Gouiri opte pour la France - La Sentinelle","og_description":"Form\u00e9 \u00e0 l&rsquo;Olympique Lyonnais, Amine Gouiri sort d&rsquo;une saison convaincante avec l&rsquo;OGC Nice. Des performances qui lui valent d&rsquo;\u00eatre r\u00e9guli\u00e8rement","og_url":"https:\/\/lasentinelle.dz\/index.php\/2021\/07\/28\/ogc-nice-gouiri-opte-pour-la-france\/","og_site_name":"La Sentinelle","article_publisher":"https:\/\/www.facebook.com\/La-Sentinelle-104059864394773","article_published_time":"2021-07-27T23:01:00+00:00","og_image":[{"width":1351,"height":900,"url":"https:\/\/lasentinelle.dz\/wp-content\/uploads\/2021\/07\/gorixx.png","type":"image\/png"}],"author":"La Sentinelle","twitter_card":"summary_large_image","twitter_misc":{"\u00c9crit par":"La Sentinelle","Dur\u00e9e de lecture estim\u00e9e":"1 minute"},"schema":{"@context":"https:\/\/schema.org","@graph":[{"@type":"Article","@id":"https:\/\/lasentinelle.dz\/index.php\/2021\/07\/28\/ogc-nice-gouiri-opte-pour-la-france\/#article","isPartOf":{"@id":"https:\/\/lasentinelle.dz\/index.php\/2021\/07\/28\/ogc-nice-gouiri-opte-pour-la-france\/"},"author":{"name":"La Sentinelle","@id":"https:\/\/lasentinelle.dz\/#\/schema\/person\/d865044e22e70a75174ce8bcad3acfb3"},"headline":"OGC Nice : Gouiri opte pour la France","datePublished":"2021-07-27T23:01:00+00:00","mainEntityOfPage":{"@id":"https:\/\/lasentinelle.dz\/index.php\/2021\/07\/28\/ogc-nice-gouiri-opte-pour-la-france\/"},"wordCount":184,"commentCount":0,"publisher":{"@id":"https:\/\/lasentinelle.dz\/#organization"},"image":{"@id":"https:\/\/lasentinelle.dz\/index.php\/2021\/07\/28\/ogc-nice-gouiri-opte-pour-la-france\/#primaryimage"},"thumbnailUrl":"https:\/\/lasentinelle.dz\/wp-content\/uploads\/2021\/07\/gorixx.png","articleSection":["Sports"],"inLanguage":"fr-FR","potentialAction":[{"@type":"CommentAction","name":"Comment","target":["https:\/\/lasentinelle.dz\/index.php\/2021\/07\/28\/ogc-nice-gouiri-opte-pour-la-france\/#respond"]}]},{"@type":"WebPage","@id":"https:\/\/lasentinelle.dz\/index.php\/2021\/07\/28\/ogc-nice-gouiri-opte-pour-la-france\/","url":"https:\/\/lasentinelle.dz\/index.php\/2021\/07\/28\/ogc-nice-gouiri-opte-pour-la-france\/","name":"OGC Nice : Gouiri opte pour la France - La Sentinelle","isPartOf":{"@id":"https:\/\/lasentinelle.dz\/#website"},"primaryImageOfPage":{"@id":"https:\/\/lasentinelle.dz\/index.php\/2021\/07\/28\/ogc-nice-gouiri-opte-pour-la-france\/#primaryimage"},"image":{"@id":"https:\/\/lasentinelle.dz\/index.php\/2021\/07\/28\/ogc-nice-gouiri-opte-pour-la-france\/#primaryimage"},"thumbnailUrl":"https:\/\/lasentinelle.dz\/wp-content\/uploads\/2021\/07\/gorixx.png","datePublished":"2021-07-27T23:01:00+00:00","breadcrumb":{"@id":"https:\/\/lasentinelle.dz\/index.php\/2021\/07\/28\/ogc-nice-gouiri-opte-pour-la-france\/#breadcrumb"},"inLanguage":"fr-FR","potentialAction":[{"@type":"ReadAction","target":["https:\/\/lasentinelle.dz\/index.php\/2021\/07\/28\/ogc-nice-gouiri-opte-pour-la-france\/"]}]},{"@type":"ImageObject","inLanguage":"fr-FR","@id":"https:\/\/lasentinelle.dz\/index.php\/2021\/07\/28\/ogc-nice-gouiri-opte-pour-la-france\/#primaryimage","url":"https:\/\/lasentinelle.dz\/wp-content\/uploads\/2021\/07\/gorixx.png","contentUrl":"https:\/\/lasentinelle.dz\/wp-content\/uploads\/2021\/07\/gorixx.png","width":1351,"height":900},{"@type":"BreadcrumbList","@id":"https:\/\/lasentinelle.dz\/index.php\/2021\/07\/28\/ogc-nice-gouiri-opte-pour-la-france\/#breadcrumb","itemListElement":[{"@type":"ListItem","position":1,"name":"Accueil","item":"https:\/\/lasentinelle.dz\/"},{"@type":"ListItem","position":2,"name":"OGC Nice : Gouiri opte pour la France"}]},{"@type":"WebSite","@id":"https:\/\/lasentinelle.dz\/#website","url":"https:\/\/lasentinelle.dz\/","name":"La Sentinelle","description":"Quotidien national d&#039;information","publisher":{"@id":"https:\/\/lasentinelle.dz\/#organization"},"potentialAction":[{"@type":"SearchAction","target":{"@type":"EntryPoint","urlTemplate":"https:\/\/lasentinelle.dz\/?s={search_term_string}"},"query-input":{"@type":"PropertyValueSpecification","valueRequired":true,"valueName":"search_term_string"}}],"inLanguage":"fr-FR"},{"@type":"Organization","@id":"https:\/\/lasentinelle.dz\/#organization","name":"Quotidien La Sentinelle","url":"https:\/\/lasentinelle.dz\/","logo":{"@type":"ImageObject","inLanguage":"fr-FR","@id":"https:\/\/lasentinelle.dz\/#\/schema\/logo\/image\/","url":"https:\/\/lasentinelle.dz\/wp-content\/uploads\/2021\/09\/logo-sentinelleSLOGAN-1.png","contentUrl":"https:\/\/lasentinelle.dz\/wp-content\/uploads\/2021\/09\/logo-sentinelleSLOGAN-1.png","width":615,"height":142,"caption":"Quotidien La Sentinelle"},"image":{"@id":"https:\/\/lasentinelle.dz\/#\/schema\/logo\/image\/"},"sameAs":["https:\/\/www.facebook.com\/La-Sentinelle-104059864394773"]},{"@type":"Person","@id":"https:\/\/lasentinelle.dz\/#\/schema\/person\/d865044e22e70a75174ce8bcad3acfb3","name":"La Sentinelle","image":{"@type":"ImageObject","inLanguage":"fr-FR","@id":"https:\/\/secure.gravatar.com\/avatar\/57de8e5d4b15d43fb361a71fbb36338450fe67865b528a43dd10ef7c51a20392?s=96&d=mm&r=g","url":"https:\/\/secure.gravatar.com\/avatar\/57de8e5d4b15d43fb361a71fbb36338450fe67865b528a43dd10ef7c51a20392?s=96&d=mm&r=g","contentUrl":"https:\/\/secure.gravatar.com\/avatar\/57de8e5d4b15d43fb361a71fbb36338450fe67865b528a43dd10ef7c51a20392?s=96&d=mm&r=g","caption":"La Sentinelle"},"sameAs":["http:\/\/www.lasentinelle.dz"],"url":"https:\/\/lasentinelle.dz\/author\/redaction\/"}]}},"_links":{"self":[{"href":"https:\/\/lasentinelle.dz\/index.php\/wp-json\/wp\/v2\/posts\/2479","targetHints":{"allow":["GET"]}}],"collection":[{"href":"https:\/\/lasentinelle.dz\/index.php\/wp-json\/wp\/v2\/posts"}],"about":[{"href":"https:\/\/lasentinelle.dz\/index.php\/wp-json\/wp\/v2\/types\/post"}],"author":[{"embeddable":true,"href":"https:\/\/lasentinelle.dz\/index.php\/wp-json\/wp\/v2\/users\/3"}],"replies":[{"embeddable":true,"href":"https:\/\/lasentinelle.dz\/index.php\/wp-json\/wp\/v2\/comments?post=2479"}],"version-history":[{"count":1,"href":"https:\/\/lasentinelle.dz\/index.php\/wp-json\/wp\/v2\/posts\/2479\/revisions"}],"predecessor-version":[{"id":2491,"href":"https:\/\/lasentinelle.dz\/index.php\/wp-json\/wp\/v2\/posts\/2479\/revisions\/2491"}],"wp:featuredmedia":[{"embeddable":true,"href":"https:\/\/lasentinelle.dz\/index.php\/wp-json\/wp\/v2\/media\/2484"}],"wp:attachment":[{"href":"https:\/\/lasentinelle.dz\/index.php\/wp-json\/wp\/v2\/media?parent=2479"}],"wp:term":[{"taxonomy":"category","embeddable":true,"href":"https:\/\/lasentinelle.dz\/index.php\/wp-json\/wp\/v2\/categories?post=2479"},{"taxonomy":"post_tag","embeddable":true,"href":"https:\/\/lasentinelle.dz\/index.php\/wp-json\/wp\/v2\/tags?post=2479"}],"curies":[{"name":"wp","href":"https:\/\/api.w.org\/{rel}","templated":true}]}}