{"id":24799,"date":"2022-07-27T00:05:00","date_gmt":"2022-07-26T23:05:00","guid":{"rendered":"https:\/\/lasentinelle.dz\/?p=24799"},"modified":"2022-07-26T20:02:11","modified_gmt":"2022-07-26T19:02:11","slug":"tournee-africaine-demmanuel-macron-le-symptome-du-declin-inexorable-de-la-francafrique","status":"publish","type":"post","link":"https:\/\/lasentinelle.dz\/index.php\/2022\/07\/27\/tournee-africaine-demmanuel-macron-le-symptome-du-declin-inexorable-de-la-francafrique\/","title":{"rendered":"Tourn\u00e9e africaine d\u2019Emmanuel Macron\u00a0: Le sympt\u00f4me du d\u00e9clin inexorable de la Fran\u00e7afrique\u00a0"},"content":{"rendered":"\n<p>Le pr\u00e9sident fran\u00e7ais Emmanuel Macron a entam\u00e9 lundi soir une tourn\u00e9e en Afrique o\u00f9 il doit rencontrer ses homologues camerounais, b\u00e9ninois et guin\u00e9en.&nbsp;<\/p>\n\n\n\n<p>Les objectifs de ce voyage sont clairement affich\u00e9s par la presse fran\u00e7aise. Il s\u2019agit avant tout pour le locataire de l\u2019Elys\u00e9e de faire en sorte que ce qui reste du&nbsp;\u00ab&nbsp;pr\u00e9-carr\u00e9 fran\u00e7ais&nbsp;\u00bb&nbsp;en Afrique centrale et en Afrique de l\u2019Ouest ne bascule pas entre les mains d\u2019autres puissances. Il n\u2019est donc pas faux de dire que c\u2019est sous le sceau de l\u2019urgence qu\u2019Emmanuel Macron a ralli\u00e9 lundi soir le Cameroun.&nbsp;<\/p>\n\n\n\n<p>Ces 20 derni\u00e8res ann\u00e9es, la France a perdu beaucoup de terrain sur le continent. La Centrafrique est sans doute l\u2019exemple qui illustre le plus la perte d\u2019influence politique, \u00e9conomique, commerciale et militaire de la France en Afrique. Les Fran\u00e7ais ont fait la pluie et le beau temps pendant des dizaines d\u2019ann\u00e9es dans ce pays riche en mati\u00e8res premi\u00e8res et particuli\u00e8rement en diamants. Ils ont fini pourtant par en \u00eatre \u00e9vinc\u00e9s par la Russie. La France ne p\u00e8se pratiquement plus rien en R\u00e9publique du Congo (Congo Brazzaville) dont le pr\u00e9sident Sassou-Nguesso a d\u2019ailleurs re\u00e7u en grandes pompes le chef de la diplomatie Russe, Sergue\u00ef Lavrov. La R\u00e9publique du Congo a tiss\u00e9 \u00e9galement un partenariat solide avec la Chine, l\u2019autre grand concurrent de la France sur le continent.&nbsp;<\/p>\n\n\n\n<p>Il n\u2019y a pas qu\u2019en Centrafrique que la France a perdu pieds. Elle a \u00e9galement \u00e9t\u00e9 \u00e9ject\u00e9e il y a peu du Mali, un pays avec lequel Paris se targuait pourtant d\u2019avoir une relation privil\u00e9gi\u00e9e. Et c\u2019est la Russie aussi qui l\u2019en a d\u00e9log\u00e9. L\u2019entr\u00e9e en sc\u00e8ne de la Russie sur le th\u00e9\u00e2tre malien a d\u2019ailleurs oblig\u00e9 la France \u00e0 faire d\u00e9m\u00e9nager sa force Bakhane \u00e0 Niamey.&nbsp;&nbsp;<\/p>\n\n\n\n<p>A l\u2019exception sans doute du Maroc, du Niger, du S\u00e9n\u00e9gal et de la C\u00f4te-d\u2019Ivoire, la France est talonn\u00e9e de pr\u00e8s par des puissances concurrentes partout sur le territoire de ce qui fut son ancien empire. Le constat est valable aussi pour le Tchad qui a entrepris sous Idriss Deby Itno, ancien fid\u00e8le alli\u00e9 de Paris, de se rapprocher des monarchies du Golfe&nbsp;et&nbsp;de la Chine. Preuve en est c\u2019est Doha qui accueille actuellement le dialogue national tchadien. Un chiffre illustre de fa\u00e7on implacable la r\u00e9gression de la France en Afrique : Les entreprises fran\u00e7aises ne p\u00e8sent plus qu&rsquo;environ 10% de l&rsquo;\u00e9conomie contre 40% dans les ann\u00e9es 1990.&nbsp;&nbsp;&nbsp;&nbsp;&nbsp;<\/p>\n\n\n\n<p>Emmanuel Macron est arriv\u00e9 lundi soir \u00e0 Yaound\u00e9 avec l&rsquo;intention claire d\u2019essayer de relancer les relations politiques et \u00e9conomiques entre les deux pays,&nbsp;en nette r\u00e9gression&nbsp;&nbsp;\u00e9galement. Outre la Chine et de la Russie dont l\u2019int\u00e9r\u00eat pour l\u2019Afrique ne fait plus l\u2019ombre d\u2019un doute, la France doit faire face \u00e0 la concurrence de ses propres alli\u00e9s comme les&nbsp;\u00c9tats-Unis, l\u2019Allemagne et la Grande-Bretagne. A la recherche de relais de croissance, la Turquie et l\u2019Inde ont commenc\u00e9 aussi \u00e0 s\u2019int\u00e9resser \u00e0 l\u2019Afrique francophone o\u00f9 leurs produits sont tr\u00e8s comp\u00e9titifs.&nbsp;<\/p>\n\n\n\n<p>La perte d\u2019influence de la France en Afrique ne s\u2019explique pas uniquement par le fait que le continent est fortement disput\u00e9 au niveau global en raison de ses abondantes mati\u00e8res premi\u00e8res et de l\u2019importance de son march\u00e9. De l\u2019avis de nombreux sp\u00e9cialistes, la France paye aussi son approche n\u00e9ocolonialiste. Apr\u00e8s les ind\u00e9pendances durant les ann\u00e9es 60, Paris a tout fait pour garder ses anciennes colonies dans un rapport de servitude et de d\u00e9pendance. Un rapport mis en place en partie gr\u00e2ce \u00e0 la d\u00e9signation de gouvernements fantoches qui ont travaill\u00e9 contre les int\u00e9r\u00eats de leurs propres populations. Le symbole de cette d\u00e9pendance est le Franc CFA. C\u2019est ce qui explique aujourd\u2019hui le tr\u00e8s fort ressentiment exprim\u00e9 par les soci\u00e9t\u00e9s civiles africaines \u00e0 l\u2019\u00e9gard de l\u2019Etat fran\u00e7ais. Cette hostilit\u00e9 est r\u00e9guli\u00e8rement nourrie par le c\u00f4t\u00e9 donneur de le\u00e7ons et le discours paternaliste et moralisateur de l\u2019ancien colonisateur \u00e0 l\u2019\u00e9gard des Africains. A l\u2019inverse, les autres acteurs \u00e9trangers en Afrique ont mis en place des partenariats plus \u00e9quilibr\u00e9s et s\u2019ing\u00e8rent le moins possible dans les affaires internes des&nbsp;\u00c9tats.&nbsp;<\/p>\n\n\n\n<p><strong>Khider Larbi&nbsp;&nbsp;&nbsp;<\/strong><\/p>\n","protected":false},"excerpt":{"rendered":"<p>Le pr\u00e9sident fran\u00e7ais Emmanuel Macron a entam\u00e9 lundi soir une tourn\u00e9e en Afrique o\u00f9 il doit rencontrer ses homologues camerounais,<\/p>\n","protected":false},"author":3,"featured_media":24801,"comment_status":"open","ping_status":"closed","sticky":false,"template":"","format":"standard","meta":{"colormag_page_container_layout":"default_layout","colormag_page_sidebar_layout":"default_layout","om_disable_all_campaigns":false,"_monsterinsights_skip_tracking":false,"_monsterinsights_sitenote_active":false,"_monsterinsights_sitenote_note":"","_monsterinsights_sitenote_category":0,"footnotes":"","_wpscppro_dont_share_socialmedia":false,"_wpscppro_custom_social_share_image":0,"_facebook_share_type":"","_twitter_share_type":"","_linkedin_share_type":"","_pinterest_share_type":"","_linkedin_share_type_page":"","_instagram_share_type":"","_medium_share_type":"","_threads_share_type":"","_google_business_share_type":"","_selected_social_profile":[],"_wpsp_enable_custom_social_template":false,"_wpsp_social_scheduling":{"enabled":false,"datetime":null,"platforms":[],"status":"template_only","dateOption":"today","timeOption":"now","customDays":"","customHours":"","customDate":"","customTime":"","schedulingType":"absolute"},"_wpsp_active_default_template":true},"categories":[52,27],"tags":[],"class_list":["post-24799","post","type-post","status-publish","format-standard","has-post-thumbnail","hentry","category-a-la-une","category-actualite"],"aioseo_notices":[],"yoast_head":"<!-- This site is optimized with the Yoast SEO plugin v27.5 - https:\/\/yoast.com\/product\/yoast-seo-wordpress\/ -->\n<title>Tourn\u00e9e africaine d\u2019Emmanuel Macron\u00a0: Le sympt\u00f4me du d\u00e9clin inexorable de la Fran\u00e7afrique\u00a0 - La Sentinelle<\/title>\n<meta name=\"robots\" content=\"index, follow, max-snippet:-1, max-image-preview:large, max-video-preview:-1\" \/>\n<link rel=\"canonical\" href=\"https:\/\/lasentinelle.dz\/index.php\/2022\/07\/27\/tournee-africaine-demmanuel-macron-le-symptome-du-declin-inexorable-de-la-francafrique\/\" \/>\n<meta property=\"og:locale\" content=\"fr_FR\" \/>\n<meta property=\"og:type\" content=\"article\" \/>\n<meta property=\"og:title\" content=\"Tourn\u00e9e africaine d\u2019Emmanuel Macron\u00a0: Le sympt\u00f4me du d\u00e9clin inexorable de la Fran\u00e7afrique\u00a0 - La Sentinelle\" \/>\n<meta property=\"og:description\" content=\"Le pr\u00e9sident fran\u00e7ais Emmanuel Macron a entam\u00e9 lundi soir une tourn\u00e9e en Afrique o\u00f9 il doit rencontrer ses homologues camerounais,\" \/>\n<meta property=\"og:url\" content=\"https:\/\/lasentinelle.dz\/index.php\/2022\/07\/27\/tournee-africaine-demmanuel-macron-le-symptome-du-declin-inexorable-de-la-francafrique\/\" \/>\n<meta property=\"og:site_name\" content=\"La Sentinelle\" \/>\n<meta property=\"article:publisher\" content=\"https:\/\/www.facebook.com\/La-Sentinelle-104059864394773\" \/>\n<meta property=\"article:published_time\" content=\"2022-07-26T23:05:00+00:00\" \/>\n<meta property=\"og:image\" content=\"https:\/\/lasentinelle.dz\/wp-content\/uploads\/2022\/07\/macron.png\" \/>\n\t<meta property=\"og:image:width\" content=\"1350\" \/>\n\t<meta property=\"og:image:height\" content=\"900\" \/>\n\t<meta property=\"og:image:type\" content=\"image\/png\" \/>\n<meta name=\"author\" content=\"La Sentinelle\" \/>\n<meta name=\"twitter:card\" content=\"summary_large_image\" \/>\n<meta name=\"twitter:label1\" content=\"\u00c9crit par\" \/>\n\t<meta name=\"twitter:data1\" content=\"La Sentinelle\" \/>\n\t<meta name=\"twitter:label2\" content=\"Dur\u00e9e de lecture estim\u00e9e\" \/>\n\t<meta name=\"twitter:data2\" content=\"4 minutes\" \/>\n<script type=\"application\/ld+json\" class=\"yoast-schema-graph\">{\"@context\":\"https:\\\/\\\/schema.org\",\"@graph\":[{\"@type\":\"Article\",\"@id\":\"https:\\\/\\\/lasentinelle.dz\\\/index.php\\\/2022\\\/07\\\/27\\\/tournee-africaine-demmanuel-macron-le-symptome-du-declin-inexorable-de-la-francafrique\\\/#article\",\"isPartOf\":{\"@id\":\"https:\\\/\\\/lasentinelle.dz\\\/index.php\\\/2022\\\/07\\\/27\\\/tournee-africaine-demmanuel-macron-le-symptome-du-declin-inexorable-de-la-francafrique\\\/\"},\"author\":{\"name\":\"La Sentinelle\",\"@id\":\"https:\\\/\\\/lasentinelle.dz\\\/#\\\/schema\\\/person\\\/d865044e22e70a75174ce8bcad3acfb3\"},\"headline\":\"Tourn\u00e9e africaine d\u2019Emmanuel Macron\u00a0: Le sympt\u00f4me du d\u00e9clin inexorable de la Fran\u00e7afrique\u00a0\",\"datePublished\":\"2022-07-26T23:05:00+00:00\",\"mainEntityOfPage\":{\"@id\":\"https:\\\/\\\/lasentinelle.dz\\\/index.php\\\/2022\\\/07\\\/27\\\/tournee-africaine-demmanuel-macron-le-symptome-du-declin-inexorable-de-la-francafrique\\\/\"},\"wordCount\":809,\"commentCount\":0,\"publisher\":{\"@id\":\"https:\\\/\\\/lasentinelle.dz\\\/#organization\"},\"image\":{\"@id\":\"https:\\\/\\\/lasentinelle.dz\\\/index.php\\\/2022\\\/07\\\/27\\\/tournee-africaine-demmanuel-macron-le-symptome-du-declin-inexorable-de-la-francafrique\\\/#primaryimage\"},\"thumbnailUrl\":\"https:\\\/\\\/lasentinelle.dz\\\/wp-content\\\/uploads\\\/2022\\\/07\\\/macron.png\",\"articleSection\":[\"\u00c0 la Une\",\"Actualit\u00e9\"],\"inLanguage\":\"fr-FR\",\"potentialAction\":[{\"@type\":\"CommentAction\",\"name\":\"Comment\",\"target\":[\"https:\\\/\\\/lasentinelle.dz\\\/index.php\\\/2022\\\/07\\\/27\\\/tournee-africaine-demmanuel-macron-le-symptome-du-declin-inexorable-de-la-francafrique\\\/#respond\"]}]},{\"@type\":\"WebPage\",\"@id\":\"https:\\\/\\\/lasentinelle.dz\\\/index.php\\\/2022\\\/07\\\/27\\\/tournee-africaine-demmanuel-macron-le-symptome-du-declin-inexorable-de-la-francafrique\\\/\",\"url\":\"https:\\\/\\\/lasentinelle.dz\\\/index.php\\\/2022\\\/07\\\/27\\\/tournee-africaine-demmanuel-macron-le-symptome-du-declin-inexorable-de-la-francafrique\\\/\",\"name\":\"Tourn\u00e9e africaine d\u2019Emmanuel Macron\u00a0: Le sympt\u00f4me du d\u00e9clin inexorable de la Fran\u00e7afrique\u00a0 - La Sentinelle\",\"isPartOf\":{\"@id\":\"https:\\\/\\\/lasentinelle.dz\\\/#website\"},\"primaryImageOfPage\":{\"@id\":\"https:\\\/\\\/lasentinelle.dz\\\/index.php\\\/2022\\\/07\\\/27\\\/tournee-africaine-demmanuel-macron-le-symptome-du-declin-inexorable-de-la-francafrique\\\/#primaryimage\"},\"image\":{\"@id\":\"https:\\\/\\\/lasentinelle.dz\\\/index.php\\\/2022\\\/07\\\/27\\\/tournee-africaine-demmanuel-macron-le-symptome-du-declin-inexorable-de-la-francafrique\\\/#primaryimage\"},\"thumbnailUrl\":\"https:\\\/\\\/lasentinelle.dz\\\/wp-content\\\/uploads\\\/2022\\\/07\\\/macron.png\",\"datePublished\":\"2022-07-26T23:05:00+00:00\",\"breadcrumb\":{\"@id\":\"https:\\\/\\\/lasentinelle.dz\\\/index.php\\\/2022\\\/07\\\/27\\\/tournee-africaine-demmanuel-macron-le-symptome-du-declin-inexorable-de-la-francafrique\\\/#breadcrumb\"},\"inLanguage\":\"fr-FR\",\"potentialAction\":[{\"@type\":\"ReadAction\",\"target\":[\"https:\\\/\\\/lasentinelle.dz\\\/index.php\\\/2022\\\/07\\\/27\\\/tournee-africaine-demmanuel-macron-le-symptome-du-declin-inexorable-de-la-francafrique\\\/\"]}]},{\"@type\":\"ImageObject\",\"inLanguage\":\"fr-FR\",\"@id\":\"https:\\\/\\\/lasentinelle.dz\\\/index.php\\\/2022\\\/07\\\/27\\\/tournee-africaine-demmanuel-macron-le-symptome-du-declin-inexorable-de-la-francafrique\\\/#primaryimage\",\"url\":\"https:\\\/\\\/lasentinelle.dz\\\/wp-content\\\/uploads\\\/2022\\\/07\\\/macron.png\",\"contentUrl\":\"https:\\\/\\\/lasentinelle.dz\\\/wp-content\\\/uploads\\\/2022\\\/07\\\/macron.png\",\"width\":1350,\"height\":900},{\"@type\":\"BreadcrumbList\",\"@id\":\"https:\\\/\\\/lasentinelle.dz\\\/index.php\\\/2022\\\/07\\\/27\\\/tournee-africaine-demmanuel-macron-le-symptome-du-declin-inexorable-de-la-francafrique\\\/#breadcrumb\",\"itemListElement\":[{\"@type\":\"ListItem\",\"position\":1,\"name\":\"Accueil\",\"item\":\"https:\\\/\\\/lasentinelle.dz\\\/\"},{\"@type\":\"ListItem\",\"position\":2,\"name\":\"Tourn\u00e9e africaine d\u2019Emmanuel Macron\u00a0: Le sympt\u00f4me du d\u00e9clin inexorable de la Fran\u00e7afrique\u00a0\"}]},{\"@type\":\"WebSite\",\"@id\":\"https:\\\/\\\/lasentinelle.dz\\\/#website\",\"url\":\"https:\\\/\\\/lasentinelle.dz\\\/\",\"name\":\"La Sentinelle\",\"description\":\"Quotidien national d&#039;information\",\"publisher\":{\"@id\":\"https:\\\/\\\/lasentinelle.dz\\\/#organization\"},\"potentialAction\":[{\"@type\":\"SearchAction\",\"target\":{\"@type\":\"EntryPoint\",\"urlTemplate\":\"https:\\\/\\\/lasentinelle.dz\\\/?s={search_term_string}\"},\"query-input\":{\"@type\":\"PropertyValueSpecification\",\"valueRequired\":true,\"valueName\":\"search_term_string\"}}],\"inLanguage\":\"fr-FR\"},{\"@type\":\"Organization\",\"@id\":\"https:\\\/\\\/lasentinelle.dz\\\/#organization\",\"name\":\"Quotidien La Sentinelle\",\"url\":\"https:\\\/\\\/lasentinelle.dz\\\/\",\"logo\":{\"@type\":\"ImageObject\",\"inLanguage\":\"fr-FR\",\"@id\":\"https:\\\/\\\/lasentinelle.dz\\\/#\\\/schema\\\/logo\\\/image\\\/\",\"url\":\"https:\\\/\\\/lasentinelle.dz\\\/wp-content\\\/uploads\\\/2021\\\/09\\\/logo-sentinelleSLOGAN-1.png\",\"contentUrl\":\"https:\\\/\\\/lasentinelle.dz\\\/wp-content\\\/uploads\\\/2021\\\/09\\\/logo-sentinelleSLOGAN-1.png\",\"width\":615,\"height\":142,\"caption\":\"Quotidien La Sentinelle\"},\"image\":{\"@id\":\"https:\\\/\\\/lasentinelle.dz\\\/#\\\/schema\\\/logo\\\/image\\\/\"},\"sameAs\":[\"https:\\\/\\\/www.facebook.com\\\/La-Sentinelle-104059864394773\"]},{\"@type\":\"Person\",\"@id\":\"https:\\\/\\\/lasentinelle.dz\\\/#\\\/schema\\\/person\\\/d865044e22e70a75174ce8bcad3acfb3\",\"name\":\"La Sentinelle\",\"image\":{\"@type\":\"ImageObject\",\"inLanguage\":\"fr-FR\",\"@id\":\"https:\\\/\\\/secure.gravatar.com\\\/avatar\\\/57de8e5d4b15d43fb361a71fbb36338450fe67865b528a43dd10ef7c51a20392?s=96&d=mm&r=g\",\"url\":\"https:\\\/\\\/secure.gravatar.com\\\/avatar\\\/57de8e5d4b15d43fb361a71fbb36338450fe67865b528a43dd10ef7c51a20392?s=96&d=mm&r=g\",\"contentUrl\":\"https:\\\/\\\/secure.gravatar.com\\\/avatar\\\/57de8e5d4b15d43fb361a71fbb36338450fe67865b528a43dd10ef7c51a20392?s=96&d=mm&r=g\",\"caption\":\"La Sentinelle\"},\"sameAs\":[\"http:\\\/\\\/www.lasentinelle.dz\"],\"url\":\"https:\\\/\\\/lasentinelle.dz\\\/author\\\/redaction\\\/\"}]}<\/script>\n<!-- \/ Yoast SEO plugin. -->","yoast_head_json":{"title":"Tourn\u00e9e africaine d\u2019Emmanuel Macron\u00a0: Le sympt\u00f4me du d\u00e9clin inexorable de la Fran\u00e7afrique\u00a0 - La Sentinelle","robots":{"index":"index","follow":"follow","max-snippet":"max-snippet:-1","max-image-preview":"max-image-preview:large","max-video-preview":"max-video-preview:-1"},"canonical":"https:\/\/lasentinelle.dz\/index.php\/2022\/07\/27\/tournee-africaine-demmanuel-macron-le-symptome-du-declin-inexorable-de-la-francafrique\/","og_locale":"fr_FR","og_type":"article","og_title":"Tourn\u00e9e africaine d\u2019Emmanuel Macron\u00a0: Le sympt\u00f4me du d\u00e9clin inexorable de la Fran\u00e7afrique\u00a0 - La Sentinelle","og_description":"Le pr\u00e9sident fran\u00e7ais Emmanuel Macron a entam\u00e9 lundi soir une tourn\u00e9e en Afrique o\u00f9 il doit rencontrer ses homologues camerounais,","og_url":"https:\/\/lasentinelle.dz\/index.php\/2022\/07\/27\/tournee-africaine-demmanuel-macron-le-symptome-du-declin-inexorable-de-la-francafrique\/","og_site_name":"La Sentinelle","article_publisher":"https:\/\/www.facebook.com\/La-Sentinelle-104059864394773","article_published_time":"2022-07-26T23:05:00+00:00","og_image":[{"width":1350,"height":900,"url":"https:\/\/lasentinelle.dz\/wp-content\/uploads\/2022\/07\/macron.png","type":"image\/png"}],"author":"La Sentinelle","twitter_card":"summary_large_image","twitter_misc":{"\u00c9crit par":"La Sentinelle","Dur\u00e9e de lecture estim\u00e9e":"4 minutes"},"schema":{"@context":"https:\/\/schema.org","@graph":[{"@type":"Article","@id":"https:\/\/lasentinelle.dz\/index.php\/2022\/07\/27\/tournee-africaine-demmanuel-macron-le-symptome-du-declin-inexorable-de-la-francafrique\/#article","isPartOf":{"@id":"https:\/\/lasentinelle.dz\/index.php\/2022\/07\/27\/tournee-africaine-demmanuel-macron-le-symptome-du-declin-inexorable-de-la-francafrique\/"},"author":{"name":"La Sentinelle","@id":"https:\/\/lasentinelle.dz\/#\/schema\/person\/d865044e22e70a75174ce8bcad3acfb3"},"headline":"Tourn\u00e9e africaine d\u2019Emmanuel Macron\u00a0: Le sympt\u00f4me du d\u00e9clin inexorable de la Fran\u00e7afrique\u00a0","datePublished":"2022-07-26T23:05:00+00:00","mainEntityOfPage":{"@id":"https:\/\/lasentinelle.dz\/index.php\/2022\/07\/27\/tournee-africaine-demmanuel-macron-le-symptome-du-declin-inexorable-de-la-francafrique\/"},"wordCount":809,"commentCount":0,"publisher":{"@id":"https:\/\/lasentinelle.dz\/#organization"},"image":{"@id":"https:\/\/lasentinelle.dz\/index.php\/2022\/07\/27\/tournee-africaine-demmanuel-macron-le-symptome-du-declin-inexorable-de-la-francafrique\/#primaryimage"},"thumbnailUrl":"https:\/\/lasentinelle.dz\/wp-content\/uploads\/2022\/07\/macron.png","articleSection":["\u00c0 la Une","Actualit\u00e9"],"inLanguage":"fr-FR","potentialAction":[{"@type":"CommentAction","name":"Comment","target":["https:\/\/lasentinelle.dz\/index.php\/2022\/07\/27\/tournee-africaine-demmanuel-macron-le-symptome-du-declin-inexorable-de-la-francafrique\/#respond"]}]},{"@type":"WebPage","@id":"https:\/\/lasentinelle.dz\/index.php\/2022\/07\/27\/tournee-africaine-demmanuel-macron-le-symptome-du-declin-inexorable-de-la-francafrique\/","url":"https:\/\/lasentinelle.dz\/index.php\/2022\/07\/27\/tournee-africaine-demmanuel-macron-le-symptome-du-declin-inexorable-de-la-francafrique\/","name":"Tourn\u00e9e africaine d\u2019Emmanuel Macron\u00a0: Le sympt\u00f4me du d\u00e9clin inexorable de la Fran\u00e7afrique\u00a0 - La Sentinelle","isPartOf":{"@id":"https:\/\/lasentinelle.dz\/#website"},"primaryImageOfPage":{"@id":"https:\/\/lasentinelle.dz\/index.php\/2022\/07\/27\/tournee-africaine-demmanuel-macron-le-symptome-du-declin-inexorable-de-la-francafrique\/#primaryimage"},"image":{"@id":"https:\/\/lasentinelle.dz\/index.php\/2022\/07\/27\/tournee-africaine-demmanuel-macron-le-symptome-du-declin-inexorable-de-la-francafrique\/#primaryimage"},"thumbnailUrl":"https:\/\/lasentinelle.dz\/wp-content\/uploads\/2022\/07\/macron.png","datePublished":"2022-07-26T23:05:00+00:00","breadcrumb":{"@id":"https:\/\/lasentinelle.dz\/index.php\/2022\/07\/27\/tournee-africaine-demmanuel-macron-le-symptome-du-declin-inexorable-de-la-francafrique\/#breadcrumb"},"inLanguage":"fr-FR","potentialAction":[{"@type":"ReadAction","target":["https:\/\/lasentinelle.dz\/index.php\/2022\/07\/27\/tournee-africaine-demmanuel-macron-le-symptome-du-declin-inexorable-de-la-francafrique\/"]}]},{"@type":"ImageObject","inLanguage":"fr-FR","@id":"https:\/\/lasentinelle.dz\/index.php\/2022\/07\/27\/tournee-africaine-demmanuel-macron-le-symptome-du-declin-inexorable-de-la-francafrique\/#primaryimage","url":"https:\/\/lasentinelle.dz\/wp-content\/uploads\/2022\/07\/macron.png","contentUrl":"https:\/\/lasentinelle.dz\/wp-content\/uploads\/2022\/07\/macron.png","width":1350,"height":900},{"@type":"BreadcrumbList","@id":"https:\/\/lasentinelle.dz\/index.php\/2022\/07\/27\/tournee-africaine-demmanuel-macron-le-symptome-du-declin-inexorable-de-la-francafrique\/#breadcrumb","itemListElement":[{"@type":"ListItem","position":1,"name":"Accueil","item":"https:\/\/lasentinelle.dz\/"},{"@type":"ListItem","position":2,"name":"Tourn\u00e9e africaine d\u2019Emmanuel Macron\u00a0: Le sympt\u00f4me du d\u00e9clin inexorable de la Fran\u00e7afrique\u00a0"}]},{"@type":"WebSite","@id":"https:\/\/lasentinelle.dz\/#website","url":"https:\/\/lasentinelle.dz\/","name":"La Sentinelle","description":"Quotidien national d&#039;information","publisher":{"@id":"https:\/\/lasentinelle.dz\/#organization"},"potentialAction":[{"@type":"SearchAction","target":{"@type":"EntryPoint","urlTemplate":"https:\/\/lasentinelle.dz\/?s={search_term_string}"},"query-input":{"@type":"PropertyValueSpecification","valueRequired":true,"valueName":"search_term_string"}}],"inLanguage":"fr-FR"},{"@type":"Organization","@id":"https:\/\/lasentinelle.dz\/#organization","name":"Quotidien La Sentinelle","url":"https:\/\/lasentinelle.dz\/","logo":{"@type":"ImageObject","inLanguage":"fr-FR","@id":"https:\/\/lasentinelle.dz\/#\/schema\/logo\/image\/","url":"https:\/\/lasentinelle.dz\/wp-content\/uploads\/2021\/09\/logo-sentinelleSLOGAN-1.png","contentUrl":"https:\/\/lasentinelle.dz\/wp-content\/uploads\/2021\/09\/logo-sentinelleSLOGAN-1.png","width":615,"height":142,"caption":"Quotidien La Sentinelle"},"image":{"@id":"https:\/\/lasentinelle.dz\/#\/schema\/logo\/image\/"},"sameAs":["https:\/\/www.facebook.com\/La-Sentinelle-104059864394773"]},{"@type":"Person","@id":"https:\/\/lasentinelle.dz\/#\/schema\/person\/d865044e22e70a75174ce8bcad3acfb3","name":"La Sentinelle","image":{"@type":"ImageObject","inLanguage":"fr-FR","@id":"https:\/\/secure.gravatar.com\/avatar\/57de8e5d4b15d43fb361a71fbb36338450fe67865b528a43dd10ef7c51a20392?s=96&d=mm&r=g","url":"https:\/\/secure.gravatar.com\/avatar\/57de8e5d4b15d43fb361a71fbb36338450fe67865b528a43dd10ef7c51a20392?s=96&d=mm&r=g","contentUrl":"https:\/\/secure.gravatar.com\/avatar\/57de8e5d4b15d43fb361a71fbb36338450fe67865b528a43dd10ef7c51a20392?s=96&d=mm&r=g","caption":"La Sentinelle"},"sameAs":["http:\/\/www.lasentinelle.dz"],"url":"https:\/\/lasentinelle.dz\/author\/redaction\/"}]}},"_links":{"self":[{"href":"https:\/\/lasentinelle.dz\/index.php\/wp-json\/wp\/v2\/posts\/24799","targetHints":{"allow":["GET"]}}],"collection":[{"href":"https:\/\/lasentinelle.dz\/index.php\/wp-json\/wp\/v2\/posts"}],"about":[{"href":"https:\/\/lasentinelle.dz\/index.php\/wp-json\/wp\/v2\/types\/post"}],"author":[{"embeddable":true,"href":"https:\/\/lasentinelle.dz\/index.php\/wp-json\/wp\/v2\/users\/3"}],"replies":[{"embeddable":true,"href":"https:\/\/lasentinelle.dz\/index.php\/wp-json\/wp\/v2\/comments?post=24799"}],"version-history":[{"count":1,"href":"https:\/\/lasentinelle.dz\/index.php\/wp-json\/wp\/v2\/posts\/24799\/revisions"}],"predecessor-version":[{"id":24803,"href":"https:\/\/lasentinelle.dz\/index.php\/wp-json\/wp\/v2\/posts\/24799\/revisions\/24803"}],"wp:featuredmedia":[{"embeddable":true,"href":"https:\/\/lasentinelle.dz\/index.php\/wp-json\/wp\/v2\/media\/24801"}],"wp:attachment":[{"href":"https:\/\/lasentinelle.dz\/index.php\/wp-json\/wp\/v2\/media?parent=24799"}],"wp:term":[{"taxonomy":"category","embeddable":true,"href":"https:\/\/lasentinelle.dz\/index.php\/wp-json\/wp\/v2\/categories?post=24799"},{"taxonomy":"post_tag","embeddable":true,"href":"https:\/\/lasentinelle.dz\/index.php\/wp-json\/wp\/v2\/tags?post=24799"}],"curies":[{"name":"wp","href":"https:\/\/api.w.org\/{rel}","templated":true}]}}