{"id":24848,"date":"2022-07-28T00:05:00","date_gmt":"2022-07-27T23:05:00","guid":{"rendered":"https:\/\/lasentinelle.dz\/?p=24848"},"modified":"2022-07-27T19:13:35","modified_gmt":"2022-07-27T18:13:35","slug":"lafricom-norganisera-plus-les-manoeuvres-african-lion-au-maroc-seisme-politique-au-sein-du-makhzen","status":"publish","type":"post","link":"https:\/\/lasentinelle.dz\/index.php\/2022\/07\/28\/lafricom-norganisera-plus-les-manoeuvres-african-lion-au-maroc-seisme-politique-au-sein-du-makhzen\/","title":{"rendered":"L\u2019Africom n\u2019organisera plus les man\u0153uvres African lion au Maroc\u00a0: S\u00e9isme politique au sein du Makhzen"},"content":{"rendered":"\n<p>L\u2019annonce, mardi, par son commandant en chef, le g\u00e9n\u00e9ral Stephen J. Townsend, de la d\u00e9cision du Commandement des Etats-Unis pour l\u2019Afrique (Africom) de d\u00e9placer les man\u0153uvres \u00ab\u00a0African lion\u00a0\u00bb dans un pays autre que le Maroc a fait l\u2019effet d\u2019une v\u00e9ritable douche froide dans les hautes sph\u00e8res du Makhzen.&nbsp;<\/p>\n\n\n\n<p>Sans doute, personne ne s\u2019attendait dans les hautes sph\u00e8res dirigeantes marocaines \u00e0 ce que la demande du s\u00e9nateur r\u00e9publicain Jim Inhofe, qui avait appel\u00e9 cette semaine l&rsquo;administration Biden \u00e0 ne plus organiser ces exercices militaires au Maroc en raison de l\u2019 \u00ababsence de volont\u00e9 et de s\u00e9rieux\u00bb de Rabat pour r\u00e9soudre la question du Sahara occidental, ne soit entendue et encore moins prise au s\u00e9rieux au Pentagone. Et pourtant, il a suffit d\u2019\u00e0 peine quelques petites journ\u00e9es pour voir le Pentagone, administration dont d\u00e9pend l\u2019Africom, rejoindre l\u2019avis du v\u00e9n\u00e9rable et respect\u00e9 s\u00e9nateur r\u00e9publicain Jim Inhofe.<\/p>\n\n\n\n<p>La sortie m\u00e9diatique du g\u00e9n\u00e9ral Stephen J. Townsend a provoqu\u00e9 un v\u00e9ritable s\u00e9isme politique \u00e0 Rabat et suscit\u00e9 une panique g\u00e9n\u00e9ralis\u00e9e au sein de l\u2019establishment marocain. Elle a fait voler en \u00e9clats les certitudes les plus ancr\u00e9es au Maroc. Les spins doctors de Mohammed VI ont pris peur car ils ont compris que la d\u00e9cision de d\u00e9localiser les man\u0153uvres African lion n\u2019a pas pu \u00eatre le seul fait de l\u2019Africom ou du Pentagone. De l\u2019avis des sp\u00e9cialistes des&nbsp;\u00c9tats-Unis et des questions de d\u00e9fense, rien n\u2019aurait pu se faire sans le feu vert de la Maison-Blanche. Autrement dit, Mohammed VI et son coll\u00e8ge de sinistres conseillers d\u00e9couvrent \u00e0 leur d\u00e9pend que l\u2019Oncle Sam ne leur \u00e9tait&nbsp;pas&nbsp;compl\u00e8tement acquis comme ils le pensaient jusque l\u00e0.<\/p>\n\n\n\n<p>Ils d\u00e9couvrent aussi avec effarement que l\u2019\u00c9tat profond au&nbsp;\u00c9tats-Unis est lucide dans son traitement de la crise que traverse actuellement le Maghreb, une crise aliment\u00e9e ces derni\u00e8res ann\u00e9es par le Maroc \u00e0 coup de provocations \u00e0 l\u2019\u00e9gard de l\u2019Alg\u00e9rie. Mieux, il existe au sein des principaux rouages de l\u2019administration et des diff\u00e9rentes institutions am\u00e9ricaines un fort courant d\u2019opinion favorable \u00e0 un r\u00e8glement rapide du conflit du Sahara Occidental sur la base des r\u00e9solutions pertinentes du Conseil de s\u00e9curit\u00e9 des Nations Unies.<\/p>\n\n\n\n<p>Le meilleur repr\u00e9sentant de ce courant l\u00e9galiste est sans aucun doute John Bolton, l\u2019ancien conseiller \u00e0 la s\u00e9curit\u00e9 nationale du pr\u00e9sident Donald Trump. Il a provoqu\u00e9 de longues nuits blanches et de terribles angoisses au Makhzen lorsqu\u2019il s\u2019est empar\u00e9 du dossier du r\u00e8glement du conflit du Sahara Occidental. Aujourd\u2019hui encore, la d\u00e9localisation des man\u0153uvres African Lion est justifi\u00e9e noir sur blanc par le dossier du Sahara Occidental. Et c\u2019est en cela que le Makhzen a en r\u00e9alit\u00e9 essuy\u00e9 un cinglant camouflet politique dont les r\u00e9percussions se feront certainement ressentir pendant longtemps encore.&nbsp;&nbsp;<\/p>\n\n\n\n<p>Le Maroc est certes un alli\u00e9 de longue date des \u00c9tats-Unis. Leur relation militaire s\u2019est surtout forg\u00e9e au plus fort de la guerre froide. L\u2019arm\u00e9e am\u00e9ricaine avait m\u00eame install\u00e9 des bases sur le territoire marocain. Mais maintenant que la guerre froide est termin\u00e9e, le&nbsp;Makhzen ne rev\u00eat qu\u2019une importance secondaire pour Washington. Il appara\u00eet clairement que les Etats-Unis ne veulent pas s\u2019ali\u00e9ner un pays comme l\u2019Alg\u00e9rie qui rev\u00eat une importance de premier plan pour la stabilit\u00e9 du Maghreb et de la sous-r\u00e9gion sah\u00e9lienne. Les Am\u00e9ricains ont effectivement tenu compte du fait que ces exercices militaires n\u2019\u00e9taient pas appr\u00e9ci\u00e9s \u00e0 Alger, surtout qu\u2019ils se d\u00e9roulaient \u00e0 un jet de pierres de la fronti\u00e8re alg\u00e9rienne et sahraouie. Au plan politique et \u00e0 la longue, ils (les exercices)&nbsp;pouvaient d\u00e9teindre n\u00e9gativement sur les relations alg\u00e9ro-am\u00e9ricaines.&nbsp;<\/p>\n\n\n\n<p>L\u2019administration Biden \u00e0 donc compris que poursuivre l\u2019organisation des man\u0153uvres African Lion au Maroc ne valait pas la chandelle surtout que l\u2019Alg\u00e9rie est un partenaire tr\u00e8s appr\u00e9ci\u00e9 par Washington dans la lutte contre le terrorisme en Afrique et que les relations alg\u00e9ro-am\u00e9ricaines en mati\u00e8re d\u2019\u00e9changes \u00e9conomiques et commerciaux sont sur une courbe ascendante. La preuve c\u2019est que les&nbsp;\u00c9tats-Unis \u00e9taient l\u2019invit\u00e9 d\u2019honneur lors de la toute derni\u00e8re foire internationale d\u2019Alger. L\u2019annonce du g\u00e9n\u00e9ral Stephen J. Townsend permet ainsi de penser qu\u2019on revient \u00e0 une situation d\u2019\u00e9quilibre dans la r\u00e9gion m\u00eame si les&nbsp;\u00c9tats-Unis continuent \u00e0 cultiver une sorte d&rsquo;ambigu\u00eft\u00e9 strat\u00e9gique. Mais cela c\u2019est un autre d\u00e9bat.<\/p>\n\n\n\n<p><strong>Khider Larbi&nbsp;&nbsp;<\/strong><\/p>\n","protected":false},"excerpt":{"rendered":"<p>L\u2019annonce, mardi, par son commandant en chef, le g\u00e9n\u00e9ral Stephen J. Townsend, de la d\u00e9cision du Commandement des Etats-Unis pour<\/p>\n","protected":false},"author":3,"featured_media":24864,"comment_status":"open","ping_status":"closed","sticky":false,"template":"","format":"standard","meta":{"colormag_page_container_layout":"default_layout","colormag_page_sidebar_layout":"default_layout","om_disable_all_campaigns":false,"_monsterinsights_skip_tracking":false,"_monsterinsights_sitenote_active":false,"_monsterinsights_sitenote_note":"","_monsterinsights_sitenote_category":0,"footnotes":"","_wpscppro_dont_share_socialmedia":false,"_wpscppro_custom_social_share_image":0,"_facebook_share_type":"","_twitter_share_type":"","_linkedin_share_type":"","_pinterest_share_type":"","_linkedin_share_type_page":"","_instagram_share_type":"","_medium_share_type":"","_threads_share_type":"","_google_business_share_type":"","_selected_social_profile":[],"_wpsp_enable_custom_social_template":false,"_wpsp_social_scheduling":{"enabled":false,"datetime":null,"platforms":[],"status":"template_only","dateOption":"today","timeOption":"now","customDays":"","customHours":"","customDate":"","customTime":"","schedulingType":"absolute"},"_wpsp_active_default_template":true},"categories":[52,27],"tags":[],"class_list":["post-24848","post","type-post","status-publish","format-standard","has-post-thumbnail","hentry","category-a-la-une","category-actualite"],"aioseo_notices":[],"yoast_head":"<!-- This site is optimized with the Yoast SEO plugin v27.5 - https:\/\/yoast.com\/product\/yoast-seo-wordpress\/ -->\n<title>L\u2019Africom n\u2019organisera plus les man\u0153uvres African lion au Maroc\u00a0: S\u00e9isme politique au sein du Makhzen - La Sentinelle<\/title>\n<meta name=\"robots\" content=\"index, follow, max-snippet:-1, max-image-preview:large, max-video-preview:-1\" \/>\n<link rel=\"canonical\" href=\"https:\/\/lasentinelle.dz\/index.php\/2022\/07\/28\/lafricom-norganisera-plus-les-manoeuvres-african-lion-au-maroc-seisme-politique-au-sein-du-makhzen\/\" \/>\n<meta property=\"og:locale\" content=\"fr_FR\" \/>\n<meta property=\"og:type\" content=\"article\" \/>\n<meta property=\"og:title\" content=\"L\u2019Africom n\u2019organisera plus les man\u0153uvres African lion au Maroc\u00a0: S\u00e9isme politique au sein du Makhzen - La Sentinelle\" \/>\n<meta property=\"og:description\" content=\"L\u2019annonce, mardi, par son commandant en chef, le g\u00e9n\u00e9ral Stephen J. Townsend, de la d\u00e9cision du Commandement des Etats-Unis pour\" \/>\n<meta property=\"og:url\" content=\"https:\/\/lasentinelle.dz\/index.php\/2022\/07\/28\/lafricom-norganisera-plus-les-manoeuvres-african-lion-au-maroc-seisme-politique-au-sein-du-makhzen\/\" \/>\n<meta property=\"og:site_name\" content=\"La Sentinelle\" \/>\n<meta property=\"article:publisher\" content=\"https:\/\/www.facebook.com\/La-Sentinelle-104059864394773\" \/>\n<meta property=\"article:published_time\" content=\"2022-07-27T23:05:00+00:00\" \/>\n<meta property=\"og:image\" content=\"https:\/\/lasentinelle.dz\/wp-content\/uploads\/2022\/07\/African-lion.png\" \/>\n\t<meta property=\"og:image:width\" content=\"1275\" \/>\n\t<meta property=\"og:image:height\" content=\"900\" \/>\n\t<meta property=\"og:image:type\" content=\"image\/png\" \/>\n<meta name=\"author\" content=\"La Sentinelle\" \/>\n<meta name=\"twitter:card\" content=\"summary_large_image\" \/>\n<meta name=\"twitter:label1\" content=\"\u00c9crit par\" \/>\n\t<meta name=\"twitter:data1\" content=\"La Sentinelle\" \/>\n\t<meta name=\"twitter:label2\" content=\"Dur\u00e9e de lecture estim\u00e9e\" \/>\n\t<meta name=\"twitter:data2\" content=\"4 minutes\" \/>\n<script type=\"application\/ld+json\" class=\"yoast-schema-graph\">{\"@context\":\"https:\\\/\\\/schema.org\",\"@graph\":[{\"@type\":\"Article\",\"@id\":\"https:\\\/\\\/lasentinelle.dz\\\/index.php\\\/2022\\\/07\\\/28\\\/lafricom-norganisera-plus-les-manoeuvres-african-lion-au-maroc-seisme-politique-au-sein-du-makhzen\\\/#article\",\"isPartOf\":{\"@id\":\"https:\\\/\\\/lasentinelle.dz\\\/index.php\\\/2022\\\/07\\\/28\\\/lafricom-norganisera-plus-les-manoeuvres-african-lion-au-maroc-seisme-politique-au-sein-du-makhzen\\\/\"},\"author\":{\"name\":\"La Sentinelle\",\"@id\":\"https:\\\/\\\/lasentinelle.dz\\\/#\\\/schema\\\/person\\\/d865044e22e70a75174ce8bcad3acfb3\"},\"headline\":\"L\u2019Africom n\u2019organisera plus les man\u0153uvres African lion au Maroc\u00a0: S\u00e9isme politique au sein du Makhzen\",\"datePublished\":\"2022-07-27T23:05:00+00:00\",\"mainEntityOfPage\":{\"@id\":\"https:\\\/\\\/lasentinelle.dz\\\/index.php\\\/2022\\\/07\\\/28\\\/lafricom-norganisera-plus-les-manoeuvres-african-lion-au-maroc-seisme-politique-au-sein-du-makhzen\\\/\"},\"wordCount\":839,\"commentCount\":0,\"publisher\":{\"@id\":\"https:\\\/\\\/lasentinelle.dz\\\/#organization\"},\"image\":{\"@id\":\"https:\\\/\\\/lasentinelle.dz\\\/index.php\\\/2022\\\/07\\\/28\\\/lafricom-norganisera-plus-les-manoeuvres-african-lion-au-maroc-seisme-politique-au-sein-du-makhzen\\\/#primaryimage\"},\"thumbnailUrl\":\"https:\\\/\\\/lasentinelle.dz\\\/wp-content\\\/uploads\\\/2022\\\/07\\\/African-lion.png\",\"articleSection\":[\"\u00c0 la Une\",\"Actualit\u00e9\"],\"inLanguage\":\"fr-FR\",\"potentialAction\":[{\"@type\":\"CommentAction\",\"name\":\"Comment\",\"target\":[\"https:\\\/\\\/lasentinelle.dz\\\/index.php\\\/2022\\\/07\\\/28\\\/lafricom-norganisera-plus-les-manoeuvres-african-lion-au-maroc-seisme-politique-au-sein-du-makhzen\\\/#respond\"]}]},{\"@type\":\"WebPage\",\"@id\":\"https:\\\/\\\/lasentinelle.dz\\\/index.php\\\/2022\\\/07\\\/28\\\/lafricom-norganisera-plus-les-manoeuvres-african-lion-au-maroc-seisme-politique-au-sein-du-makhzen\\\/\",\"url\":\"https:\\\/\\\/lasentinelle.dz\\\/index.php\\\/2022\\\/07\\\/28\\\/lafricom-norganisera-plus-les-manoeuvres-african-lion-au-maroc-seisme-politique-au-sein-du-makhzen\\\/\",\"name\":\"L\u2019Africom n\u2019organisera plus les man\u0153uvres African lion au Maroc\u00a0: S\u00e9isme politique au sein du Makhzen - La Sentinelle\",\"isPartOf\":{\"@id\":\"https:\\\/\\\/lasentinelle.dz\\\/#website\"},\"primaryImageOfPage\":{\"@id\":\"https:\\\/\\\/lasentinelle.dz\\\/index.php\\\/2022\\\/07\\\/28\\\/lafricom-norganisera-plus-les-manoeuvres-african-lion-au-maroc-seisme-politique-au-sein-du-makhzen\\\/#primaryimage\"},\"image\":{\"@id\":\"https:\\\/\\\/lasentinelle.dz\\\/index.php\\\/2022\\\/07\\\/28\\\/lafricom-norganisera-plus-les-manoeuvres-african-lion-au-maroc-seisme-politique-au-sein-du-makhzen\\\/#primaryimage\"},\"thumbnailUrl\":\"https:\\\/\\\/lasentinelle.dz\\\/wp-content\\\/uploads\\\/2022\\\/07\\\/African-lion.png\",\"datePublished\":\"2022-07-27T23:05:00+00:00\",\"breadcrumb\":{\"@id\":\"https:\\\/\\\/lasentinelle.dz\\\/index.php\\\/2022\\\/07\\\/28\\\/lafricom-norganisera-plus-les-manoeuvres-african-lion-au-maroc-seisme-politique-au-sein-du-makhzen\\\/#breadcrumb\"},\"inLanguage\":\"fr-FR\",\"potentialAction\":[{\"@type\":\"ReadAction\",\"target\":[\"https:\\\/\\\/lasentinelle.dz\\\/index.php\\\/2022\\\/07\\\/28\\\/lafricom-norganisera-plus-les-manoeuvres-african-lion-au-maroc-seisme-politique-au-sein-du-makhzen\\\/\"]}]},{\"@type\":\"ImageObject\",\"inLanguage\":\"fr-FR\",\"@id\":\"https:\\\/\\\/lasentinelle.dz\\\/index.php\\\/2022\\\/07\\\/28\\\/lafricom-norganisera-plus-les-manoeuvres-african-lion-au-maroc-seisme-politique-au-sein-du-makhzen\\\/#primaryimage\",\"url\":\"https:\\\/\\\/lasentinelle.dz\\\/wp-content\\\/uploads\\\/2022\\\/07\\\/African-lion.png\",\"contentUrl\":\"https:\\\/\\\/lasentinelle.dz\\\/wp-content\\\/uploads\\\/2022\\\/07\\\/African-lion.png\",\"width\":1275,\"height\":900},{\"@type\":\"BreadcrumbList\",\"@id\":\"https:\\\/\\\/lasentinelle.dz\\\/index.php\\\/2022\\\/07\\\/28\\\/lafricom-norganisera-plus-les-manoeuvres-african-lion-au-maroc-seisme-politique-au-sein-du-makhzen\\\/#breadcrumb\",\"itemListElement\":[{\"@type\":\"ListItem\",\"position\":1,\"name\":\"Accueil\",\"item\":\"https:\\\/\\\/lasentinelle.dz\\\/\"},{\"@type\":\"ListItem\",\"position\":2,\"name\":\"L\u2019Africom n\u2019organisera plus les man\u0153uvres African lion au Maroc\u00a0: S\u00e9isme politique au sein du Makhzen\"}]},{\"@type\":\"WebSite\",\"@id\":\"https:\\\/\\\/lasentinelle.dz\\\/#website\",\"url\":\"https:\\\/\\\/lasentinelle.dz\\\/\",\"name\":\"La Sentinelle\",\"description\":\"Quotidien national d&#039;information\",\"publisher\":{\"@id\":\"https:\\\/\\\/lasentinelle.dz\\\/#organization\"},\"potentialAction\":[{\"@type\":\"SearchAction\",\"target\":{\"@type\":\"EntryPoint\",\"urlTemplate\":\"https:\\\/\\\/lasentinelle.dz\\\/?s={search_term_string}\"},\"query-input\":{\"@type\":\"PropertyValueSpecification\",\"valueRequired\":true,\"valueName\":\"search_term_string\"}}],\"inLanguage\":\"fr-FR\"},{\"@type\":\"Organization\",\"@id\":\"https:\\\/\\\/lasentinelle.dz\\\/#organization\",\"name\":\"Quotidien La Sentinelle\",\"url\":\"https:\\\/\\\/lasentinelle.dz\\\/\",\"logo\":{\"@type\":\"ImageObject\",\"inLanguage\":\"fr-FR\",\"@id\":\"https:\\\/\\\/lasentinelle.dz\\\/#\\\/schema\\\/logo\\\/image\\\/\",\"url\":\"https:\\\/\\\/lasentinelle.dz\\\/wp-content\\\/uploads\\\/2021\\\/09\\\/logo-sentinelleSLOGAN-1.png\",\"contentUrl\":\"https:\\\/\\\/lasentinelle.dz\\\/wp-content\\\/uploads\\\/2021\\\/09\\\/logo-sentinelleSLOGAN-1.png\",\"width\":615,\"height\":142,\"caption\":\"Quotidien La Sentinelle\"},\"image\":{\"@id\":\"https:\\\/\\\/lasentinelle.dz\\\/#\\\/schema\\\/logo\\\/image\\\/\"},\"sameAs\":[\"https:\\\/\\\/www.facebook.com\\\/La-Sentinelle-104059864394773\"]},{\"@type\":\"Person\",\"@id\":\"https:\\\/\\\/lasentinelle.dz\\\/#\\\/schema\\\/person\\\/d865044e22e70a75174ce8bcad3acfb3\",\"name\":\"La Sentinelle\",\"image\":{\"@type\":\"ImageObject\",\"inLanguage\":\"fr-FR\",\"@id\":\"https:\\\/\\\/secure.gravatar.com\\\/avatar\\\/57de8e5d4b15d43fb361a71fbb36338450fe67865b528a43dd10ef7c51a20392?s=96&d=mm&r=g\",\"url\":\"https:\\\/\\\/secure.gravatar.com\\\/avatar\\\/57de8e5d4b15d43fb361a71fbb36338450fe67865b528a43dd10ef7c51a20392?s=96&d=mm&r=g\",\"contentUrl\":\"https:\\\/\\\/secure.gravatar.com\\\/avatar\\\/57de8e5d4b15d43fb361a71fbb36338450fe67865b528a43dd10ef7c51a20392?s=96&d=mm&r=g\",\"caption\":\"La Sentinelle\"},\"sameAs\":[\"http:\\\/\\\/www.lasentinelle.dz\"],\"url\":\"https:\\\/\\\/lasentinelle.dz\\\/author\\\/redaction\\\/\"}]}<\/script>\n<!-- \/ Yoast SEO plugin. -->","yoast_head_json":{"title":"L\u2019Africom n\u2019organisera plus les man\u0153uvres African lion au Maroc\u00a0: S\u00e9isme politique au sein du Makhzen - La Sentinelle","robots":{"index":"index","follow":"follow","max-snippet":"max-snippet:-1","max-image-preview":"max-image-preview:large","max-video-preview":"max-video-preview:-1"},"canonical":"https:\/\/lasentinelle.dz\/index.php\/2022\/07\/28\/lafricom-norganisera-plus-les-manoeuvres-african-lion-au-maroc-seisme-politique-au-sein-du-makhzen\/","og_locale":"fr_FR","og_type":"article","og_title":"L\u2019Africom n\u2019organisera plus les man\u0153uvres African lion au Maroc\u00a0: S\u00e9isme politique au sein du Makhzen - La Sentinelle","og_description":"L\u2019annonce, mardi, par son commandant en chef, le g\u00e9n\u00e9ral Stephen J. Townsend, de la d\u00e9cision du Commandement des Etats-Unis pour","og_url":"https:\/\/lasentinelle.dz\/index.php\/2022\/07\/28\/lafricom-norganisera-plus-les-manoeuvres-african-lion-au-maroc-seisme-politique-au-sein-du-makhzen\/","og_site_name":"La Sentinelle","article_publisher":"https:\/\/www.facebook.com\/La-Sentinelle-104059864394773","article_published_time":"2022-07-27T23:05:00+00:00","og_image":[{"width":1275,"height":900,"url":"https:\/\/lasentinelle.dz\/wp-content\/uploads\/2022\/07\/African-lion.png","type":"image\/png"}],"author":"La Sentinelle","twitter_card":"summary_large_image","twitter_misc":{"\u00c9crit par":"La Sentinelle","Dur\u00e9e de lecture estim\u00e9e":"4 minutes"},"schema":{"@context":"https:\/\/schema.org","@graph":[{"@type":"Article","@id":"https:\/\/lasentinelle.dz\/index.php\/2022\/07\/28\/lafricom-norganisera-plus-les-manoeuvres-african-lion-au-maroc-seisme-politique-au-sein-du-makhzen\/#article","isPartOf":{"@id":"https:\/\/lasentinelle.dz\/index.php\/2022\/07\/28\/lafricom-norganisera-plus-les-manoeuvres-african-lion-au-maroc-seisme-politique-au-sein-du-makhzen\/"},"author":{"name":"La Sentinelle","@id":"https:\/\/lasentinelle.dz\/#\/schema\/person\/d865044e22e70a75174ce8bcad3acfb3"},"headline":"L\u2019Africom n\u2019organisera plus les man\u0153uvres African lion au Maroc\u00a0: S\u00e9isme politique au sein du Makhzen","datePublished":"2022-07-27T23:05:00+00:00","mainEntityOfPage":{"@id":"https:\/\/lasentinelle.dz\/index.php\/2022\/07\/28\/lafricom-norganisera-plus-les-manoeuvres-african-lion-au-maroc-seisme-politique-au-sein-du-makhzen\/"},"wordCount":839,"commentCount":0,"publisher":{"@id":"https:\/\/lasentinelle.dz\/#organization"},"image":{"@id":"https:\/\/lasentinelle.dz\/index.php\/2022\/07\/28\/lafricom-norganisera-plus-les-manoeuvres-african-lion-au-maroc-seisme-politique-au-sein-du-makhzen\/#primaryimage"},"thumbnailUrl":"https:\/\/lasentinelle.dz\/wp-content\/uploads\/2022\/07\/African-lion.png","articleSection":["\u00c0 la Une","Actualit\u00e9"],"inLanguage":"fr-FR","potentialAction":[{"@type":"CommentAction","name":"Comment","target":["https:\/\/lasentinelle.dz\/index.php\/2022\/07\/28\/lafricom-norganisera-plus-les-manoeuvres-african-lion-au-maroc-seisme-politique-au-sein-du-makhzen\/#respond"]}]},{"@type":"WebPage","@id":"https:\/\/lasentinelle.dz\/index.php\/2022\/07\/28\/lafricom-norganisera-plus-les-manoeuvres-african-lion-au-maroc-seisme-politique-au-sein-du-makhzen\/","url":"https:\/\/lasentinelle.dz\/index.php\/2022\/07\/28\/lafricom-norganisera-plus-les-manoeuvres-african-lion-au-maroc-seisme-politique-au-sein-du-makhzen\/","name":"L\u2019Africom n\u2019organisera plus les man\u0153uvres African lion au Maroc\u00a0: S\u00e9isme politique au sein du Makhzen - La Sentinelle","isPartOf":{"@id":"https:\/\/lasentinelle.dz\/#website"},"primaryImageOfPage":{"@id":"https:\/\/lasentinelle.dz\/index.php\/2022\/07\/28\/lafricom-norganisera-plus-les-manoeuvres-african-lion-au-maroc-seisme-politique-au-sein-du-makhzen\/#primaryimage"},"image":{"@id":"https:\/\/lasentinelle.dz\/index.php\/2022\/07\/28\/lafricom-norganisera-plus-les-manoeuvres-african-lion-au-maroc-seisme-politique-au-sein-du-makhzen\/#primaryimage"},"thumbnailUrl":"https:\/\/lasentinelle.dz\/wp-content\/uploads\/2022\/07\/African-lion.png","datePublished":"2022-07-27T23:05:00+00:00","breadcrumb":{"@id":"https:\/\/lasentinelle.dz\/index.php\/2022\/07\/28\/lafricom-norganisera-plus-les-manoeuvres-african-lion-au-maroc-seisme-politique-au-sein-du-makhzen\/#breadcrumb"},"inLanguage":"fr-FR","potentialAction":[{"@type":"ReadAction","target":["https:\/\/lasentinelle.dz\/index.php\/2022\/07\/28\/lafricom-norganisera-plus-les-manoeuvres-african-lion-au-maroc-seisme-politique-au-sein-du-makhzen\/"]}]},{"@type":"ImageObject","inLanguage":"fr-FR","@id":"https:\/\/lasentinelle.dz\/index.php\/2022\/07\/28\/lafricom-norganisera-plus-les-manoeuvres-african-lion-au-maroc-seisme-politique-au-sein-du-makhzen\/#primaryimage","url":"https:\/\/lasentinelle.dz\/wp-content\/uploads\/2022\/07\/African-lion.png","contentUrl":"https:\/\/lasentinelle.dz\/wp-content\/uploads\/2022\/07\/African-lion.png","width":1275,"height":900},{"@type":"BreadcrumbList","@id":"https:\/\/lasentinelle.dz\/index.php\/2022\/07\/28\/lafricom-norganisera-plus-les-manoeuvres-african-lion-au-maroc-seisme-politique-au-sein-du-makhzen\/#breadcrumb","itemListElement":[{"@type":"ListItem","position":1,"name":"Accueil","item":"https:\/\/lasentinelle.dz\/"},{"@type":"ListItem","position":2,"name":"L\u2019Africom n\u2019organisera plus les man\u0153uvres African lion au Maroc\u00a0: S\u00e9isme politique au sein du Makhzen"}]},{"@type":"WebSite","@id":"https:\/\/lasentinelle.dz\/#website","url":"https:\/\/lasentinelle.dz\/","name":"La Sentinelle","description":"Quotidien national d&#039;information","publisher":{"@id":"https:\/\/lasentinelle.dz\/#organization"},"potentialAction":[{"@type":"SearchAction","target":{"@type":"EntryPoint","urlTemplate":"https:\/\/lasentinelle.dz\/?s={search_term_string}"},"query-input":{"@type":"PropertyValueSpecification","valueRequired":true,"valueName":"search_term_string"}}],"inLanguage":"fr-FR"},{"@type":"Organization","@id":"https:\/\/lasentinelle.dz\/#organization","name":"Quotidien La Sentinelle","url":"https:\/\/lasentinelle.dz\/","logo":{"@type":"ImageObject","inLanguage":"fr-FR","@id":"https:\/\/lasentinelle.dz\/#\/schema\/logo\/image\/","url":"https:\/\/lasentinelle.dz\/wp-content\/uploads\/2021\/09\/logo-sentinelleSLOGAN-1.png","contentUrl":"https:\/\/lasentinelle.dz\/wp-content\/uploads\/2021\/09\/logo-sentinelleSLOGAN-1.png","width":615,"height":142,"caption":"Quotidien La Sentinelle"},"image":{"@id":"https:\/\/lasentinelle.dz\/#\/schema\/logo\/image\/"},"sameAs":["https:\/\/www.facebook.com\/La-Sentinelle-104059864394773"]},{"@type":"Person","@id":"https:\/\/lasentinelle.dz\/#\/schema\/person\/d865044e22e70a75174ce8bcad3acfb3","name":"La Sentinelle","image":{"@type":"ImageObject","inLanguage":"fr-FR","@id":"https:\/\/secure.gravatar.com\/avatar\/57de8e5d4b15d43fb361a71fbb36338450fe67865b528a43dd10ef7c51a20392?s=96&d=mm&r=g","url":"https:\/\/secure.gravatar.com\/avatar\/57de8e5d4b15d43fb361a71fbb36338450fe67865b528a43dd10ef7c51a20392?s=96&d=mm&r=g","contentUrl":"https:\/\/secure.gravatar.com\/avatar\/57de8e5d4b15d43fb361a71fbb36338450fe67865b528a43dd10ef7c51a20392?s=96&d=mm&r=g","caption":"La Sentinelle"},"sameAs":["http:\/\/www.lasentinelle.dz"],"url":"https:\/\/lasentinelle.dz\/author\/redaction\/"}]}},"_links":{"self":[{"href":"https:\/\/lasentinelle.dz\/index.php\/wp-json\/wp\/v2\/posts\/24848","targetHints":{"allow":["GET"]}}],"collection":[{"href":"https:\/\/lasentinelle.dz\/index.php\/wp-json\/wp\/v2\/posts"}],"about":[{"href":"https:\/\/lasentinelle.dz\/index.php\/wp-json\/wp\/v2\/types\/post"}],"author":[{"embeddable":true,"href":"https:\/\/lasentinelle.dz\/index.php\/wp-json\/wp\/v2\/users\/3"}],"replies":[{"embeddable":true,"href":"https:\/\/lasentinelle.dz\/index.php\/wp-json\/wp\/v2\/comments?post=24848"}],"version-history":[{"count":1,"href":"https:\/\/lasentinelle.dz\/index.php\/wp-json\/wp\/v2\/posts\/24848\/revisions"}],"predecessor-version":[{"id":24865,"href":"https:\/\/lasentinelle.dz\/index.php\/wp-json\/wp\/v2\/posts\/24848\/revisions\/24865"}],"wp:featuredmedia":[{"embeddable":true,"href":"https:\/\/lasentinelle.dz\/index.php\/wp-json\/wp\/v2\/media\/24864"}],"wp:attachment":[{"href":"https:\/\/lasentinelle.dz\/index.php\/wp-json\/wp\/v2\/media?parent=24848"}],"wp:term":[{"taxonomy":"category","embeddable":true,"href":"https:\/\/lasentinelle.dz\/index.php\/wp-json\/wp\/v2\/categories?post=24848"},{"taxonomy":"post_tag","embeddable":true,"href":"https:\/\/lasentinelle.dz\/index.php\/wp-json\/wp\/v2\/tags?post=24848"}],"curies":[{"name":"wp","href":"https:\/\/api.w.org\/{rel}","templated":true}]}}