{"id":24859,"date":"2022-07-28T00:01:00","date_gmt":"2022-07-27T23:01:00","guid":{"rendered":"https:\/\/lasentinelle.dz\/?p=24859"},"modified":"2022-07-27T18:20:11","modified_gmt":"2022-07-27T17:20:11","slug":"parlement-arabe-korichi-plaide-pour-une-feuille-de-route-arabe-globale","status":"publish","type":"post","link":"https:\/\/lasentinelle.dz\/index.php\/2022\/07\/28\/parlement-arabe-korichi-plaide-pour-une-feuille-de-route-arabe-globale\/","title":{"rendered":"Parlement arabe\u00a0:\u00a0Korichi plaide pour une feuille de route arabe globale"},"content":{"rendered":"\n<p>Le vice-pr\u00e9sident de la Commission des affaires \u00e9trang\u00e8res, de la politique et de la s\u00e9curit\u00e9 nationale au Parlement arabe,&nbsp;le s\u00e9nateur&nbsp;Abdelkrim Korichi, a indiqu\u00e9 que \u00abla position de l\u2019Alg\u00e9rie et ses relations \u00e9quilibr\u00e9es avec les pays arabes l\u2019aideront \u00e0 r\u00e9aliser la r\u00e9unification arabe lors du prochain Sommet arabe qui se tiendra en Alg\u00e9rie\u00bb. S\u2019exprimant hier sur les ondes de Radio&nbsp;Alg\u00e9rie&nbsp;internationale,&nbsp;le parlementaire&nbsp;a not\u00e9 les efforts inlassables de l\u2019Alg\u00e9rie pour r\u00e9unifier&nbsp;les rangs arabes, \u00e0 travers les r\u00e9centes&nbsp;initiatives et d\u00e9marches&nbsp;diplomatiques alg\u00e9riennes&nbsp;dans plusieurs pays de la r\u00e9gion, ainsi que les visites du Pr\u00e9sident Tebboune et des r\u00e9unions avec les dirigeants des&nbsp;\u00c9tats&nbsp;arabes&nbsp;pour faire du Sommet de novembre&nbsp;le symbole d\u2019un nouveau d\u00e9part&nbsp;arabe, pour r\u00e9soudre les probl\u00e8mes de tous les Arabes, \u00e0 leur t\u00eate la question&nbsp;palestinienne\u00bb. Korichi a&nbsp;plaid\u00e9 pour&nbsp;\u00abune feuille de route arabe globale pour r\u00e9pondant aux diff\u00e9rents d\u00e9fis&nbsp;communs que ce soit sur le&nbsp;\u00e9conomique, politique et m\u00eame dans le domaine des droits de l\u2019Homme&nbsp;\u00bb. Et d\u2019ajouterque \u00able monde&nbsp;est marqu\u00e9 par des&nbsp;alliances&nbsp;qui d\u00e9finir un&nbsp;nouvel ordre mondial effectif&nbsp;\u00bb. \u00abLe temps est venu pour les peuples du monde arabe, au regard&nbsp;des facteurs linguistiques et g\u00e9ographiques qui les lient,&nbsp;pour&nbsp;r\u00e9fl\u00e9chir s\u00e9rieusement \u00e0 la r\u00e9unification\u00bb, a-t-il&nbsp;souligne. Une r\u00e9unification \u00e0 m\u00eame de&nbsp;\u00ab construire un avenir&nbsp;meilleur&nbsp;pour la&nbsp;Nation arabe\u00bb, ajoute-t-il estimant qu\u2019avec \u00ab&nbsp;la persistance de la dispersion, la Nation Arabe aura du mal \u00e0 se positionner dans un monde&nbsp;f\u00e9roce o\u00f9 les int\u00e9r\u00eats priment&nbsp;\u00bb. \u00c0 cet \u00e9gard, il a d\u00e9clar\u00e9 que \u00abla r\u00e9gion arabe vit une phase dangereuse \u00bb, \u00e9voquant \u00abla situation&nbsp;explosive&nbsp;au Y\u00e9men, en Libye, en Syrie, en Irak, au Sahara occidental et en Palestine, ainsi que&nbsp;le d\u00e9ploiement&nbsp;de l\u2019entit\u00e9 sioniste dans le monde arabe \u00e0 travers le processus de normalisation\u00bb. \u00abCela affectera l\u2019avenir du monde arabe \u00bb, a-t-il mis en garde. Et d\u2019ajouter : \u00ables crises dans la r\u00e9gion arabe continuront de s\u2019aggraver \u00e0 l\u2019avenir, en particulier avec la d\u00e9pendance de ces pays aux ressources alimentaires \u00e9trang\u00e8res\u00bb. Il a \u00e9galement \u00e9voqu\u00e9 \u00ables vell\u00e9it\u00e9s&nbsp;&nbsp;de l\u2019Occident visant \u00e0 maintenir les \u00c9tats arabes \u00e0 un niveau de vuln\u00e9rabilit\u00e9 et de pauvret\u00e9 afin de s\u2019assurer que l\u2019entit\u00e9 sioniste contr\u00f4le la r\u00e9gion\u00bb. Evoquant le massacre dont&nbsp;ont&nbsp;\u00e9t\u00e9 victimes de migrants africains et perp\u00e9tr\u00e9,&nbsp;au&nbsp;mois de juin dernier, par la&nbsp;police&nbsp;marocaine \u00e0 Melilla, l\u2019invit\u00e9 de la&nbsp;RAI&nbsp;a d\u00e9peint cet acte de \u00abdouloureux&nbsp;\u00bb, pointant du doigt le Makhzen, lui a imputant la responsabilit\u00e9 d\u2019ex\u00e9cution de l\u2019op\u00e9ration pour&nbsp;\u00ab&nbsp;r\u00e9compenser&nbsp;l\u2019Espagne pour avoir chang\u00e9 sa position sur la question saharouie\u00bb.&nbsp;<\/p>\n\n\n\n<p><strong>Amar Malki<\/strong><\/p>\n","protected":false},"excerpt":{"rendered":"<p>Le vice-pr\u00e9sident de la Commission des affaires \u00e9trang\u00e8res, de la politique et de la s\u00e9curit\u00e9 nationale au Parlement arabe,&nbsp;le s\u00e9nateur&nbsp;Abdelkrim<\/p>\n","protected":false},"author":2,"featured_media":24866,"comment_status":"open","ping_status":"closed","sticky":false,"template":"","format":"standard","meta":{"colormag_page_container_layout":"default_layout","colormag_page_sidebar_layout":"default_layout","om_disable_all_campaigns":false,"_monsterinsights_skip_tracking":false,"_monsterinsights_sitenote_active":false,"_monsterinsights_sitenote_note":"","_monsterinsights_sitenote_category":0,"footnotes":"","_wpscppro_dont_share_socialmedia":false,"_wpscppro_custom_social_share_image":0,"_facebook_share_type":"","_twitter_share_type":"","_linkedin_share_type":"","_pinterest_share_type":"","_linkedin_share_type_page":"","_instagram_share_type":"","_medium_share_type":"","_threads_share_type":"","_google_business_share_type":"","_selected_social_profile":[],"_wpsp_enable_custom_social_template":false,"_wpsp_social_scheduling":{"enabled":false,"datetime":null,"platforms":[],"status":"template_only","dateOption":"today","timeOption":"now","customDays":"","customHours":"","customDate":"","customTime":"","schedulingType":"absolute"},"_wpsp_active_default_template":true},"categories":[27],"tags":[],"class_list":["post-24859","post","type-post","status-publish","format-standard","has-post-thumbnail","hentry","category-actualite"],"aioseo_notices":[],"yoast_head":"<!-- This site is optimized with the Yoast SEO plugin v27.4 - https:\/\/yoast.com\/product\/yoast-seo-wordpress\/ -->\n<title>Parlement arabe\u00a0:\u00a0Korichi plaide pour une feuille de route arabe globale - La Sentinelle<\/title>\n<meta name=\"robots\" content=\"index, follow, max-snippet:-1, max-image-preview:large, max-video-preview:-1\" \/>\n<link rel=\"canonical\" href=\"https:\/\/lasentinelle.dz\/index.php\/2022\/07\/28\/parlement-arabe-korichi-plaide-pour-une-feuille-de-route-arabe-globale\/\" \/>\n<meta property=\"og:locale\" content=\"fr_FR\" \/>\n<meta property=\"og:type\" content=\"article\" \/>\n<meta property=\"og:title\" content=\"Parlement arabe\u00a0:\u00a0Korichi plaide pour une feuille de route arabe globale - La Sentinelle\" \/>\n<meta property=\"og:description\" content=\"Le vice-pr\u00e9sident de la Commission des affaires \u00e9trang\u00e8res, de la politique et de la s\u00e9curit\u00e9 nationale au Parlement arabe,&nbsp;le s\u00e9nateur&nbsp;Abdelkrim\" \/>\n<meta property=\"og:url\" content=\"https:\/\/lasentinelle.dz\/index.php\/2022\/07\/28\/parlement-arabe-korichi-plaide-pour-une-feuille-de-route-arabe-globale\/\" \/>\n<meta property=\"og:site_name\" content=\"La Sentinelle\" \/>\n<meta property=\"article:publisher\" content=\"https:\/\/www.facebook.com\/La-Sentinelle-104059864394773\" \/>\n<meta property=\"article:published_time\" content=\"2022-07-27T23:01:00+00:00\" \/>\n<meta property=\"og:image\" content=\"https:\/\/lasentinelle.dz\/wp-content\/uploads\/2022\/07\/parlement-arabe.png\" \/>\n\t<meta property=\"og:image:width\" content=\"1604\" \/>\n\t<meta property=\"og:image:height\" content=\"900\" \/>\n\t<meta property=\"og:image:type\" content=\"image\/png\" \/>\n<meta name=\"author\" content=\"Azzedine Belferag\" \/>\n<meta name=\"twitter:card\" content=\"summary_large_image\" \/>\n<meta name=\"twitter:label1\" content=\"\u00c9crit par\" \/>\n\t<meta name=\"twitter:data1\" content=\"Azzedine Belferag\" \/>\n\t<meta name=\"twitter:label2\" content=\"Dur\u00e9e de lecture estim\u00e9e\" \/>\n\t<meta name=\"twitter:data2\" content=\"3 minutes\" \/>\n<script type=\"application\/ld+json\" class=\"yoast-schema-graph\">{\"@context\":\"https:\\\/\\\/schema.org\",\"@graph\":[{\"@type\":\"Article\",\"@id\":\"https:\\\/\\\/lasentinelle.dz\\\/index.php\\\/2022\\\/07\\\/28\\\/parlement-arabe-korichi-plaide-pour-une-feuille-de-route-arabe-globale\\\/#article\",\"isPartOf\":{\"@id\":\"https:\\\/\\\/lasentinelle.dz\\\/index.php\\\/2022\\\/07\\\/28\\\/parlement-arabe-korichi-plaide-pour-une-feuille-de-route-arabe-globale\\\/\"},\"author\":{\"name\":\"Azzedine Belferag\",\"@id\":\"https:\\\/\\\/lasentinelle.dz\\\/#\\\/schema\\\/person\\\/e22c868643946ece5f328ac9d185b29f\"},\"headline\":\"Parlement arabe\u00a0:\u00a0Korichi plaide pour une feuille de route arabe globale\",\"datePublished\":\"2022-07-27T23:01:00+00:00\",\"mainEntityOfPage\":{\"@id\":\"https:\\\/\\\/lasentinelle.dz\\\/index.php\\\/2022\\\/07\\\/28\\\/parlement-arabe-korichi-plaide-pour-une-feuille-de-route-arabe-globale\\\/\"},\"wordCount\":552,\"commentCount\":0,\"publisher\":{\"@id\":\"https:\\\/\\\/lasentinelle.dz\\\/#organization\"},\"image\":{\"@id\":\"https:\\\/\\\/lasentinelle.dz\\\/index.php\\\/2022\\\/07\\\/28\\\/parlement-arabe-korichi-plaide-pour-une-feuille-de-route-arabe-globale\\\/#primaryimage\"},\"thumbnailUrl\":\"https:\\\/\\\/lasentinelle.dz\\\/wp-content\\\/uploads\\\/2022\\\/07\\\/parlement-arabe.png\",\"articleSection\":[\"Actualit\u00e9\"],\"inLanguage\":\"fr-FR\",\"potentialAction\":[{\"@type\":\"CommentAction\",\"name\":\"Comment\",\"target\":[\"https:\\\/\\\/lasentinelle.dz\\\/index.php\\\/2022\\\/07\\\/28\\\/parlement-arabe-korichi-plaide-pour-une-feuille-de-route-arabe-globale\\\/#respond\"]}]},{\"@type\":\"WebPage\",\"@id\":\"https:\\\/\\\/lasentinelle.dz\\\/index.php\\\/2022\\\/07\\\/28\\\/parlement-arabe-korichi-plaide-pour-une-feuille-de-route-arabe-globale\\\/\",\"url\":\"https:\\\/\\\/lasentinelle.dz\\\/index.php\\\/2022\\\/07\\\/28\\\/parlement-arabe-korichi-plaide-pour-une-feuille-de-route-arabe-globale\\\/\",\"name\":\"Parlement arabe\u00a0:\u00a0Korichi plaide pour une feuille de route arabe globale - La Sentinelle\",\"isPartOf\":{\"@id\":\"https:\\\/\\\/lasentinelle.dz\\\/#website\"},\"primaryImageOfPage\":{\"@id\":\"https:\\\/\\\/lasentinelle.dz\\\/index.php\\\/2022\\\/07\\\/28\\\/parlement-arabe-korichi-plaide-pour-une-feuille-de-route-arabe-globale\\\/#primaryimage\"},\"image\":{\"@id\":\"https:\\\/\\\/lasentinelle.dz\\\/index.php\\\/2022\\\/07\\\/28\\\/parlement-arabe-korichi-plaide-pour-une-feuille-de-route-arabe-globale\\\/#primaryimage\"},\"thumbnailUrl\":\"https:\\\/\\\/lasentinelle.dz\\\/wp-content\\\/uploads\\\/2022\\\/07\\\/parlement-arabe.png\",\"datePublished\":\"2022-07-27T23:01:00+00:00\",\"breadcrumb\":{\"@id\":\"https:\\\/\\\/lasentinelle.dz\\\/index.php\\\/2022\\\/07\\\/28\\\/parlement-arabe-korichi-plaide-pour-une-feuille-de-route-arabe-globale\\\/#breadcrumb\"},\"inLanguage\":\"fr-FR\",\"potentialAction\":[{\"@type\":\"ReadAction\",\"target\":[\"https:\\\/\\\/lasentinelle.dz\\\/index.php\\\/2022\\\/07\\\/28\\\/parlement-arabe-korichi-plaide-pour-une-feuille-de-route-arabe-globale\\\/\"]}]},{\"@type\":\"ImageObject\",\"inLanguage\":\"fr-FR\",\"@id\":\"https:\\\/\\\/lasentinelle.dz\\\/index.php\\\/2022\\\/07\\\/28\\\/parlement-arabe-korichi-plaide-pour-une-feuille-de-route-arabe-globale\\\/#primaryimage\",\"url\":\"https:\\\/\\\/lasentinelle.dz\\\/wp-content\\\/uploads\\\/2022\\\/07\\\/parlement-arabe.png\",\"contentUrl\":\"https:\\\/\\\/lasentinelle.dz\\\/wp-content\\\/uploads\\\/2022\\\/07\\\/parlement-arabe.png\",\"width\":1604,\"height\":900},{\"@type\":\"BreadcrumbList\",\"@id\":\"https:\\\/\\\/lasentinelle.dz\\\/index.php\\\/2022\\\/07\\\/28\\\/parlement-arabe-korichi-plaide-pour-une-feuille-de-route-arabe-globale\\\/#breadcrumb\",\"itemListElement\":[{\"@type\":\"ListItem\",\"position\":1,\"name\":\"Accueil\",\"item\":\"https:\\\/\\\/lasentinelle.dz\\\/\"},{\"@type\":\"ListItem\",\"position\":2,\"name\":\"Parlement arabe\u00a0:\u00a0Korichi plaide pour une feuille de route arabe globale\"}]},{\"@type\":\"WebSite\",\"@id\":\"https:\\\/\\\/lasentinelle.dz\\\/#website\",\"url\":\"https:\\\/\\\/lasentinelle.dz\\\/\",\"name\":\"La Sentinelle\",\"description\":\"Quotidien national d&#039;information\",\"publisher\":{\"@id\":\"https:\\\/\\\/lasentinelle.dz\\\/#organization\"},\"potentialAction\":[{\"@type\":\"SearchAction\",\"target\":{\"@type\":\"EntryPoint\",\"urlTemplate\":\"https:\\\/\\\/lasentinelle.dz\\\/?s={search_term_string}\"},\"query-input\":{\"@type\":\"PropertyValueSpecification\",\"valueRequired\":true,\"valueName\":\"search_term_string\"}}],\"inLanguage\":\"fr-FR\"},{\"@type\":\"Organization\",\"@id\":\"https:\\\/\\\/lasentinelle.dz\\\/#organization\",\"name\":\"Quotidien La Sentinelle\",\"url\":\"https:\\\/\\\/lasentinelle.dz\\\/\",\"logo\":{\"@type\":\"ImageObject\",\"inLanguage\":\"fr-FR\",\"@id\":\"https:\\\/\\\/lasentinelle.dz\\\/#\\\/schema\\\/logo\\\/image\\\/\",\"url\":\"https:\\\/\\\/lasentinelle.dz\\\/wp-content\\\/uploads\\\/2021\\\/09\\\/logo-sentinelleSLOGAN-1.png\",\"contentUrl\":\"https:\\\/\\\/lasentinelle.dz\\\/wp-content\\\/uploads\\\/2021\\\/09\\\/logo-sentinelleSLOGAN-1.png\",\"width\":615,\"height\":142,\"caption\":\"Quotidien La Sentinelle\"},\"image\":{\"@id\":\"https:\\\/\\\/lasentinelle.dz\\\/#\\\/schema\\\/logo\\\/image\\\/\"},\"sameAs\":[\"https:\\\/\\\/www.facebook.com\\\/La-Sentinelle-104059864394773\"]},{\"@type\":\"Person\",\"@id\":\"https:\\\/\\\/lasentinelle.dz\\\/#\\\/schema\\\/person\\\/e22c868643946ece5f328ac9d185b29f\",\"name\":\"Azzedine Belferag\",\"image\":{\"@type\":\"ImageObject\",\"inLanguage\":\"fr-FR\",\"@id\":\"https:\\\/\\\/secure.gravatar.com\\\/avatar\\\/767ecc3bfcf23cd6d0dae1705f124feb13a88fded1daa56498e4fb3aa3fc36a1?s=96&d=mm&r=g\",\"url\":\"https:\\\/\\\/secure.gravatar.com\\\/avatar\\\/767ecc3bfcf23cd6d0dae1705f124feb13a88fded1daa56498e4fb3aa3fc36a1?s=96&d=mm&r=g\",\"contentUrl\":\"https:\\\/\\\/secure.gravatar.com\\\/avatar\\\/767ecc3bfcf23cd6d0dae1705f124feb13a88fded1daa56498e4fb3aa3fc36a1?s=96&d=mm&r=g\",\"caption\":\"Azzedine Belferag\"},\"sameAs\":[\"http:\\\/\\\/www.lasentinelle.dz\"],\"url\":\"https:\\\/\\\/lasentinelle.dz\\\/author\\\/belferag\\\/\"}]}<\/script>\n<!-- \/ Yoast SEO plugin. -->","yoast_head_json":{"title":"Parlement arabe\u00a0:\u00a0Korichi plaide pour une feuille de route arabe globale - La Sentinelle","robots":{"index":"index","follow":"follow","max-snippet":"max-snippet:-1","max-image-preview":"max-image-preview:large","max-video-preview":"max-video-preview:-1"},"canonical":"https:\/\/lasentinelle.dz\/index.php\/2022\/07\/28\/parlement-arabe-korichi-plaide-pour-une-feuille-de-route-arabe-globale\/","og_locale":"fr_FR","og_type":"article","og_title":"Parlement arabe\u00a0:\u00a0Korichi plaide pour une feuille de route arabe globale - La Sentinelle","og_description":"Le vice-pr\u00e9sident de la Commission des affaires \u00e9trang\u00e8res, de la politique et de la s\u00e9curit\u00e9 nationale au Parlement arabe,&nbsp;le s\u00e9nateur&nbsp;Abdelkrim","og_url":"https:\/\/lasentinelle.dz\/index.php\/2022\/07\/28\/parlement-arabe-korichi-plaide-pour-une-feuille-de-route-arabe-globale\/","og_site_name":"La Sentinelle","article_publisher":"https:\/\/www.facebook.com\/La-Sentinelle-104059864394773","article_published_time":"2022-07-27T23:01:00+00:00","og_image":[{"width":1604,"height":900,"url":"https:\/\/lasentinelle.dz\/wp-content\/uploads\/2022\/07\/parlement-arabe.png","type":"image\/png"}],"author":"Azzedine Belferag","twitter_card":"summary_large_image","twitter_misc":{"\u00c9crit par":"Azzedine Belferag","Dur\u00e9e de lecture estim\u00e9e":"3 minutes"},"schema":{"@context":"https:\/\/schema.org","@graph":[{"@type":"Article","@id":"https:\/\/lasentinelle.dz\/index.php\/2022\/07\/28\/parlement-arabe-korichi-plaide-pour-une-feuille-de-route-arabe-globale\/#article","isPartOf":{"@id":"https:\/\/lasentinelle.dz\/index.php\/2022\/07\/28\/parlement-arabe-korichi-plaide-pour-une-feuille-de-route-arabe-globale\/"},"author":{"name":"Azzedine Belferag","@id":"https:\/\/lasentinelle.dz\/#\/schema\/person\/e22c868643946ece5f328ac9d185b29f"},"headline":"Parlement arabe\u00a0:\u00a0Korichi plaide pour une feuille de route arabe globale","datePublished":"2022-07-27T23:01:00+00:00","mainEntityOfPage":{"@id":"https:\/\/lasentinelle.dz\/index.php\/2022\/07\/28\/parlement-arabe-korichi-plaide-pour-une-feuille-de-route-arabe-globale\/"},"wordCount":552,"commentCount":0,"publisher":{"@id":"https:\/\/lasentinelle.dz\/#organization"},"image":{"@id":"https:\/\/lasentinelle.dz\/index.php\/2022\/07\/28\/parlement-arabe-korichi-plaide-pour-une-feuille-de-route-arabe-globale\/#primaryimage"},"thumbnailUrl":"https:\/\/lasentinelle.dz\/wp-content\/uploads\/2022\/07\/parlement-arabe.png","articleSection":["Actualit\u00e9"],"inLanguage":"fr-FR","potentialAction":[{"@type":"CommentAction","name":"Comment","target":["https:\/\/lasentinelle.dz\/index.php\/2022\/07\/28\/parlement-arabe-korichi-plaide-pour-une-feuille-de-route-arabe-globale\/#respond"]}]},{"@type":"WebPage","@id":"https:\/\/lasentinelle.dz\/index.php\/2022\/07\/28\/parlement-arabe-korichi-plaide-pour-une-feuille-de-route-arabe-globale\/","url":"https:\/\/lasentinelle.dz\/index.php\/2022\/07\/28\/parlement-arabe-korichi-plaide-pour-une-feuille-de-route-arabe-globale\/","name":"Parlement arabe\u00a0:\u00a0Korichi plaide pour une feuille de route arabe globale - La Sentinelle","isPartOf":{"@id":"https:\/\/lasentinelle.dz\/#website"},"primaryImageOfPage":{"@id":"https:\/\/lasentinelle.dz\/index.php\/2022\/07\/28\/parlement-arabe-korichi-plaide-pour-une-feuille-de-route-arabe-globale\/#primaryimage"},"image":{"@id":"https:\/\/lasentinelle.dz\/index.php\/2022\/07\/28\/parlement-arabe-korichi-plaide-pour-une-feuille-de-route-arabe-globale\/#primaryimage"},"thumbnailUrl":"https:\/\/lasentinelle.dz\/wp-content\/uploads\/2022\/07\/parlement-arabe.png","datePublished":"2022-07-27T23:01:00+00:00","breadcrumb":{"@id":"https:\/\/lasentinelle.dz\/index.php\/2022\/07\/28\/parlement-arabe-korichi-plaide-pour-une-feuille-de-route-arabe-globale\/#breadcrumb"},"inLanguage":"fr-FR","potentialAction":[{"@type":"ReadAction","target":["https:\/\/lasentinelle.dz\/index.php\/2022\/07\/28\/parlement-arabe-korichi-plaide-pour-une-feuille-de-route-arabe-globale\/"]}]},{"@type":"ImageObject","inLanguage":"fr-FR","@id":"https:\/\/lasentinelle.dz\/index.php\/2022\/07\/28\/parlement-arabe-korichi-plaide-pour-une-feuille-de-route-arabe-globale\/#primaryimage","url":"https:\/\/lasentinelle.dz\/wp-content\/uploads\/2022\/07\/parlement-arabe.png","contentUrl":"https:\/\/lasentinelle.dz\/wp-content\/uploads\/2022\/07\/parlement-arabe.png","width":1604,"height":900},{"@type":"BreadcrumbList","@id":"https:\/\/lasentinelle.dz\/index.php\/2022\/07\/28\/parlement-arabe-korichi-plaide-pour-une-feuille-de-route-arabe-globale\/#breadcrumb","itemListElement":[{"@type":"ListItem","position":1,"name":"Accueil","item":"https:\/\/lasentinelle.dz\/"},{"@type":"ListItem","position":2,"name":"Parlement arabe\u00a0:\u00a0Korichi plaide pour une feuille de route arabe globale"}]},{"@type":"WebSite","@id":"https:\/\/lasentinelle.dz\/#website","url":"https:\/\/lasentinelle.dz\/","name":"La Sentinelle","description":"Quotidien national d&#039;information","publisher":{"@id":"https:\/\/lasentinelle.dz\/#organization"},"potentialAction":[{"@type":"SearchAction","target":{"@type":"EntryPoint","urlTemplate":"https:\/\/lasentinelle.dz\/?s={search_term_string}"},"query-input":{"@type":"PropertyValueSpecification","valueRequired":true,"valueName":"search_term_string"}}],"inLanguage":"fr-FR"},{"@type":"Organization","@id":"https:\/\/lasentinelle.dz\/#organization","name":"Quotidien La Sentinelle","url":"https:\/\/lasentinelle.dz\/","logo":{"@type":"ImageObject","inLanguage":"fr-FR","@id":"https:\/\/lasentinelle.dz\/#\/schema\/logo\/image\/","url":"https:\/\/lasentinelle.dz\/wp-content\/uploads\/2021\/09\/logo-sentinelleSLOGAN-1.png","contentUrl":"https:\/\/lasentinelle.dz\/wp-content\/uploads\/2021\/09\/logo-sentinelleSLOGAN-1.png","width":615,"height":142,"caption":"Quotidien La Sentinelle"},"image":{"@id":"https:\/\/lasentinelle.dz\/#\/schema\/logo\/image\/"},"sameAs":["https:\/\/www.facebook.com\/La-Sentinelle-104059864394773"]},{"@type":"Person","@id":"https:\/\/lasentinelle.dz\/#\/schema\/person\/e22c868643946ece5f328ac9d185b29f","name":"Azzedine Belferag","image":{"@type":"ImageObject","inLanguage":"fr-FR","@id":"https:\/\/secure.gravatar.com\/avatar\/767ecc3bfcf23cd6d0dae1705f124feb13a88fded1daa56498e4fb3aa3fc36a1?s=96&d=mm&r=g","url":"https:\/\/secure.gravatar.com\/avatar\/767ecc3bfcf23cd6d0dae1705f124feb13a88fded1daa56498e4fb3aa3fc36a1?s=96&d=mm&r=g","contentUrl":"https:\/\/secure.gravatar.com\/avatar\/767ecc3bfcf23cd6d0dae1705f124feb13a88fded1daa56498e4fb3aa3fc36a1?s=96&d=mm&r=g","caption":"Azzedine Belferag"},"sameAs":["http:\/\/www.lasentinelle.dz"],"url":"https:\/\/lasentinelle.dz\/author\/belferag\/"}]}},"_links":{"self":[{"href":"https:\/\/lasentinelle.dz\/index.php\/wp-json\/wp\/v2\/posts\/24859","targetHints":{"allow":["GET"]}}],"collection":[{"href":"https:\/\/lasentinelle.dz\/index.php\/wp-json\/wp\/v2\/posts"}],"about":[{"href":"https:\/\/lasentinelle.dz\/index.php\/wp-json\/wp\/v2\/types\/post"}],"author":[{"embeddable":true,"href":"https:\/\/lasentinelle.dz\/index.php\/wp-json\/wp\/v2\/users\/2"}],"replies":[{"embeddable":true,"href":"https:\/\/lasentinelle.dz\/index.php\/wp-json\/wp\/v2\/comments?post=24859"}],"version-history":[{"count":1,"href":"https:\/\/lasentinelle.dz\/index.php\/wp-json\/wp\/v2\/posts\/24859\/revisions"}],"predecessor-version":[{"id":24869,"href":"https:\/\/lasentinelle.dz\/index.php\/wp-json\/wp\/v2\/posts\/24859\/revisions\/24869"}],"wp:featuredmedia":[{"embeddable":true,"href":"https:\/\/lasentinelle.dz\/index.php\/wp-json\/wp\/v2\/media\/24866"}],"wp:attachment":[{"href":"https:\/\/lasentinelle.dz\/index.php\/wp-json\/wp\/v2\/media?parent=24859"}],"wp:term":[{"taxonomy":"category","embeddable":true,"href":"https:\/\/lasentinelle.dz\/index.php\/wp-json\/wp\/v2\/categories?post=24859"},{"taxonomy":"post_tag","embeddable":true,"href":"https:\/\/lasentinelle.dz\/index.php\/wp-json\/wp\/v2\/tags?post=24859"}],"curies":[{"name":"wp","href":"https:\/\/api.w.org\/{rel}","templated":true}]}}