{"id":24873,"date":"2022-07-28T00:01:00","date_gmt":"2022-07-27T23:01:00","guid":{"rendered":"https:\/\/lasentinelle.dz\/?p=24873"},"modified":"2022-07-27T18:45:38","modified_gmt":"2022-07-27T17:45:38","slug":"bilan-operationnel-de-lanp-63-kg-de-kif-traite-saisis-aux-frontieres-avec-le-maroc","status":"publish","type":"post","link":"https:\/\/lasentinelle.dz\/index.php\/2022\/07\/28\/bilan-operationnel-de-lanp-63-kg-de-kif-traite-saisis-aux-frontieres-avec-le-maroc\/","title":{"rendered":"Bilan op\u00e9rationnel\u00a0de l\u2019ANP\u00a0:\u00a063 kg de kif trait\u00e9 saisis aux fronti\u00e8res avec le Maroc"},"content":{"rendered":"\n<p>Des d\u00e9tachements de l\u2019Arm\u00e9e&nbsp;nationale&nbsp;populaire ont, lors diverses op\u00e9rations men\u00e9es sur l\u2019ensemble du territoire national, mis en \u00e9chec des tentatives d\u2019introduction de quantit\u00e9s importantes de drogues, que les narcotrafiquants tentaient d\u2019introduire dans le pays, via les fronti\u00e8res avec le Maroc.&nbsp;Selon le bilan op\u00e9rationnel de l\u2019ANP pour la p\u00e9riode allant&nbsp;du 20 au 26 juillet&nbsp;en cours, et publi\u00e9 hier par le minist\u00e8re de la D\u00e9fense nationale, des&nbsp;d\u00e9tachements de&nbsp;l\u2019ANP ont arr\u00eat\u00e9, en coordination avec les diff\u00e9rents services de s\u00e9curit\u00e9 au niveau des territoires des 2<sup>e<\/sup>&nbsp;et 3<sup>e<\/sup>&nbsp;R\u00e9gions&nbsp;militaires, 06 narcotrafiquants et ont d\u00e9jou\u00e9 des tentatives d\u2019introduction des quantit\u00e9s de drogues \u00e0 travers les fronti\u00e8res avec le Maroc, s\u2019\u00e9levant \u00e0 63 kg de kif trait\u00e9. Dans le m\u00eame contexte, 24 autres narcotrafiquants ont \u00e9t\u00e9 arr\u00eat\u00e9s en leur possession de 3,4 kg de la m\u00eame substance et 376627 comprim\u00e9s psychotropes lors de diverses op\u00e9rations ex\u00e9cut\u00e9es \u00e0 travers les R\u00e9gions Militaires, a ajout\u00e9 la m\u00eame source. En mati\u00e8re de lutte contre l\u2019orpaillage illicite et la contrebande, des d\u00e9tachements de l\u2019ANP ont intercept\u00e9, \u00e0 Tamanrasset, Bordj Badji Mokhtar, In Guezzam et Djanet, 84 individus et saisi 12 v\u00e9hicules, 59 groupes \u00e9lectrog\u00e8nes, 53 marteaux piqueurs, 02 d\u00e9tecteurs de m\u00e9taux et des outils de d\u00e9tonation et des \u00e9quipements utilis\u00e9s dans des op\u00e9rations d\u2019orpaillage illicite,&nbsp;&nbsp;a&nbsp;pr\u00e9cis\u00e9 la m\u00eame source.&nbsp;Par ailleurs&nbsp;&nbsp;05 autres individus ont \u00e9t\u00e9 appr\u00e9hend\u00e9s, en possession&nbsp;de&nbsp;05 fusils de chasse, 250 balles, 5,37 tonnes de tabacs et d\u2019\u00e9normes quantit\u00e9s de denr\u00e9es alimentaires destin\u00e9es \u00e0 la contrebande s\u2019\u00e9levant \u00e0 190,5 tonnes, ont \u00e9t\u00e9 saisis \u00e0 Tamanrasset, In Guezzam, Adrar, Batna, Biskra et Ouargla. Dans le m\u00eame contexte, les&nbsp;Garde-fronti\u00e8res ont, de leur c\u00f4t\u00e9,&nbsp;d\u00e9jou\u00e9, en coordination avec les services de la&nbsp;Gendarmerie nationale, des tentatives de contrebande de grandes quantit\u00e9s de carburants s\u2019\u00e9levant \u00e0 79.711 litres \u00e0 Bordj Badji Mokhtar, Tamanrasset, Adrar, T\u00e9bessa, El-Tarf et Souk Ahras, a encore ajout\u00e9 la m\u00eame source. Au volet de la lutte contre l\u2019\u00e9migration clandestine, les Garde-c\u00f4tes ont proc\u00e9d\u00e9 au sauvetage de 370 individus \u00e0 bord d\u2019embarcations de construction artisanale, pendant que 117 autres immigrants clandestins de diff\u00e9rentes nationalit\u00e9s ont \u00e9t\u00e9 arr\u00eat\u00e9s \u00e0 travers le territoire national, a conclu le m\u00eame communiqu\u00e9.<\/p>\n\n\n\n<p><strong>Sofia Chahine<\/strong><\/p>\n","protected":false},"excerpt":{"rendered":"<p>Des d\u00e9tachements de l\u2019Arm\u00e9e&nbsp;nationale&nbsp;populaire ont, lors diverses op\u00e9rations men\u00e9es sur l\u2019ensemble du territoire national, mis en \u00e9chec des tentatives d\u2019introduction<\/p>\n","protected":false},"author":3,"featured_media":24875,"comment_status":"open","ping_status":"closed","sticky":false,"template":"","format":"standard","meta":{"colormag_page_container_layout":"default_layout","colormag_page_sidebar_layout":"default_layout","om_disable_all_campaigns":false,"_monsterinsights_skip_tracking":false,"_monsterinsights_sitenote_active":false,"_monsterinsights_sitenote_note":"","_monsterinsights_sitenote_category":0,"footnotes":"","_wpscppro_dont_share_socialmedia":false,"_wpscppro_custom_social_share_image":0,"_facebook_share_type":"","_twitter_share_type":"","_linkedin_share_type":"","_pinterest_share_type":"","_linkedin_share_type_page":"","_instagram_share_type":"","_medium_share_type":"","_threads_share_type":"","_google_business_share_type":"","_selected_social_profile":[],"_wpsp_enable_custom_social_template":false,"_wpsp_social_scheduling":{"enabled":false,"datetime":null,"platforms":[],"status":"template_only","dateOption":"today","timeOption":"now","customDays":"","customHours":"","customDate":"","customTime":"","schedulingType":"absolute"},"_wpsp_active_default_template":true},"categories":[27],"tags":[],"class_list":["post-24873","post","type-post","status-publish","format-standard","has-post-thumbnail","hentry","category-actualite"],"aioseo_notices":[],"yoast_head":"<!-- This site is optimized with the Yoast SEO plugin v27.5 - https:\/\/yoast.com\/product\/yoast-seo-wordpress\/ -->\n<title>Bilan op\u00e9rationnel\u00a0de l\u2019ANP\u00a0:\u00a063 kg de kif trait\u00e9 saisis aux fronti\u00e8res avec le Maroc - La Sentinelle<\/title>\n<meta name=\"robots\" content=\"index, follow, max-snippet:-1, max-image-preview:large, max-video-preview:-1\" \/>\n<link rel=\"canonical\" href=\"https:\/\/lasentinelle.dz\/index.php\/2022\/07\/28\/bilan-operationnel-de-lanp-63-kg-de-kif-traite-saisis-aux-frontieres-avec-le-maroc\/\" \/>\n<meta property=\"og:locale\" content=\"fr_FR\" \/>\n<meta property=\"og:type\" content=\"article\" \/>\n<meta property=\"og:title\" content=\"Bilan op\u00e9rationnel\u00a0de l\u2019ANP\u00a0:\u00a063 kg de kif trait\u00e9 saisis aux fronti\u00e8res avec le Maroc - La Sentinelle\" \/>\n<meta property=\"og:description\" content=\"Des d\u00e9tachements de l\u2019Arm\u00e9e&nbsp;nationale&nbsp;populaire ont, lors diverses op\u00e9rations men\u00e9es sur l\u2019ensemble du territoire national, mis en \u00e9chec des tentatives d\u2019introduction\" \/>\n<meta property=\"og:url\" content=\"https:\/\/lasentinelle.dz\/index.php\/2022\/07\/28\/bilan-operationnel-de-lanp-63-kg-de-kif-traite-saisis-aux-frontieres-avec-le-maroc\/\" \/>\n<meta property=\"og:site_name\" content=\"La Sentinelle\" \/>\n<meta property=\"article:publisher\" content=\"https:\/\/www.facebook.com\/La-Sentinelle-104059864394773\" \/>\n<meta property=\"article:published_time\" content=\"2022-07-27T23:01:00+00:00\" \/>\n<meta property=\"og:image\" content=\"https:\/\/lasentinelle.dz\/wp-content\/uploads\/2022\/07\/964e08f9848df5eb8dee938dade6020f_L.jpg\" \/>\n\t<meta property=\"og:image:width\" content=\"855\" \/>\n\t<meta property=\"og:image:height\" content=\"516\" \/>\n\t<meta property=\"og:image:type\" content=\"image\/jpeg\" \/>\n<meta name=\"author\" content=\"La Sentinelle\" \/>\n<meta name=\"twitter:card\" content=\"summary_large_image\" \/>\n<meta name=\"twitter:label1\" content=\"\u00c9crit par\" \/>\n\t<meta name=\"twitter:data1\" content=\"La Sentinelle\" \/>\n\t<meta name=\"twitter:label2\" content=\"Dur\u00e9e de lecture estim\u00e9e\" \/>\n\t<meta name=\"twitter:data2\" content=\"2 minutes\" \/>\n<script type=\"application\/ld+json\" class=\"yoast-schema-graph\">{\"@context\":\"https:\\\/\\\/schema.org\",\"@graph\":[{\"@type\":\"Article\",\"@id\":\"https:\\\/\\\/lasentinelle.dz\\\/index.php\\\/2022\\\/07\\\/28\\\/bilan-operationnel-de-lanp-63-kg-de-kif-traite-saisis-aux-frontieres-avec-le-maroc\\\/#article\",\"isPartOf\":{\"@id\":\"https:\\\/\\\/lasentinelle.dz\\\/index.php\\\/2022\\\/07\\\/28\\\/bilan-operationnel-de-lanp-63-kg-de-kif-traite-saisis-aux-frontieres-avec-le-maroc\\\/\"},\"author\":{\"name\":\"La Sentinelle\",\"@id\":\"https:\\\/\\\/lasentinelle.dz\\\/#\\\/schema\\\/person\\\/d865044e22e70a75174ce8bcad3acfb3\"},\"headline\":\"Bilan op\u00e9rationnel\u00a0de l\u2019ANP\u00a0:\u00a063 kg de kif trait\u00e9 saisis aux fronti\u00e8res avec le Maroc\",\"datePublished\":\"2022-07-27T23:01:00+00:00\",\"mainEntityOfPage\":{\"@id\":\"https:\\\/\\\/lasentinelle.dz\\\/index.php\\\/2022\\\/07\\\/28\\\/bilan-operationnel-de-lanp-63-kg-de-kif-traite-saisis-aux-frontieres-avec-le-maroc\\\/\"},\"wordCount\":442,\"commentCount\":0,\"publisher\":{\"@id\":\"https:\\\/\\\/lasentinelle.dz\\\/#organization\"},\"image\":{\"@id\":\"https:\\\/\\\/lasentinelle.dz\\\/index.php\\\/2022\\\/07\\\/28\\\/bilan-operationnel-de-lanp-63-kg-de-kif-traite-saisis-aux-frontieres-avec-le-maroc\\\/#primaryimage\"},\"thumbnailUrl\":\"https:\\\/\\\/lasentinelle.dz\\\/wp-content\\\/uploads\\\/2022\\\/07\\\/964e08f9848df5eb8dee938dade6020f_L.jpg\",\"articleSection\":[\"Actualit\u00e9\"],\"inLanguage\":\"fr-FR\",\"potentialAction\":[{\"@type\":\"CommentAction\",\"name\":\"Comment\",\"target\":[\"https:\\\/\\\/lasentinelle.dz\\\/index.php\\\/2022\\\/07\\\/28\\\/bilan-operationnel-de-lanp-63-kg-de-kif-traite-saisis-aux-frontieres-avec-le-maroc\\\/#respond\"]}]},{\"@type\":\"WebPage\",\"@id\":\"https:\\\/\\\/lasentinelle.dz\\\/index.php\\\/2022\\\/07\\\/28\\\/bilan-operationnel-de-lanp-63-kg-de-kif-traite-saisis-aux-frontieres-avec-le-maroc\\\/\",\"url\":\"https:\\\/\\\/lasentinelle.dz\\\/index.php\\\/2022\\\/07\\\/28\\\/bilan-operationnel-de-lanp-63-kg-de-kif-traite-saisis-aux-frontieres-avec-le-maroc\\\/\",\"name\":\"Bilan op\u00e9rationnel\u00a0de l\u2019ANP\u00a0:\u00a063 kg de kif trait\u00e9 saisis aux fronti\u00e8res avec le Maroc - La Sentinelle\",\"isPartOf\":{\"@id\":\"https:\\\/\\\/lasentinelle.dz\\\/#website\"},\"primaryImageOfPage\":{\"@id\":\"https:\\\/\\\/lasentinelle.dz\\\/index.php\\\/2022\\\/07\\\/28\\\/bilan-operationnel-de-lanp-63-kg-de-kif-traite-saisis-aux-frontieres-avec-le-maroc\\\/#primaryimage\"},\"image\":{\"@id\":\"https:\\\/\\\/lasentinelle.dz\\\/index.php\\\/2022\\\/07\\\/28\\\/bilan-operationnel-de-lanp-63-kg-de-kif-traite-saisis-aux-frontieres-avec-le-maroc\\\/#primaryimage\"},\"thumbnailUrl\":\"https:\\\/\\\/lasentinelle.dz\\\/wp-content\\\/uploads\\\/2022\\\/07\\\/964e08f9848df5eb8dee938dade6020f_L.jpg\",\"datePublished\":\"2022-07-27T23:01:00+00:00\",\"breadcrumb\":{\"@id\":\"https:\\\/\\\/lasentinelle.dz\\\/index.php\\\/2022\\\/07\\\/28\\\/bilan-operationnel-de-lanp-63-kg-de-kif-traite-saisis-aux-frontieres-avec-le-maroc\\\/#breadcrumb\"},\"inLanguage\":\"fr-FR\",\"potentialAction\":[{\"@type\":\"ReadAction\",\"target\":[\"https:\\\/\\\/lasentinelle.dz\\\/index.php\\\/2022\\\/07\\\/28\\\/bilan-operationnel-de-lanp-63-kg-de-kif-traite-saisis-aux-frontieres-avec-le-maroc\\\/\"]}]},{\"@type\":\"ImageObject\",\"inLanguage\":\"fr-FR\",\"@id\":\"https:\\\/\\\/lasentinelle.dz\\\/index.php\\\/2022\\\/07\\\/28\\\/bilan-operationnel-de-lanp-63-kg-de-kif-traite-saisis-aux-frontieres-avec-le-maroc\\\/#primaryimage\",\"url\":\"https:\\\/\\\/lasentinelle.dz\\\/wp-content\\\/uploads\\\/2022\\\/07\\\/964e08f9848df5eb8dee938dade6020f_L.jpg\",\"contentUrl\":\"https:\\\/\\\/lasentinelle.dz\\\/wp-content\\\/uploads\\\/2022\\\/07\\\/964e08f9848df5eb8dee938dade6020f_L.jpg\",\"width\":855,\"height\":516},{\"@type\":\"BreadcrumbList\",\"@id\":\"https:\\\/\\\/lasentinelle.dz\\\/index.php\\\/2022\\\/07\\\/28\\\/bilan-operationnel-de-lanp-63-kg-de-kif-traite-saisis-aux-frontieres-avec-le-maroc\\\/#breadcrumb\",\"itemListElement\":[{\"@type\":\"ListItem\",\"position\":1,\"name\":\"Accueil\",\"item\":\"https:\\\/\\\/lasentinelle.dz\\\/\"},{\"@type\":\"ListItem\",\"position\":2,\"name\":\"Bilan op\u00e9rationnel\u00a0de l\u2019ANP\u00a0:\u00a063 kg de kif trait\u00e9 saisis aux fronti\u00e8res avec le Maroc\"}]},{\"@type\":\"WebSite\",\"@id\":\"https:\\\/\\\/lasentinelle.dz\\\/#website\",\"url\":\"https:\\\/\\\/lasentinelle.dz\\\/\",\"name\":\"La Sentinelle\",\"description\":\"Quotidien national d&#039;information\",\"publisher\":{\"@id\":\"https:\\\/\\\/lasentinelle.dz\\\/#organization\"},\"potentialAction\":[{\"@type\":\"SearchAction\",\"target\":{\"@type\":\"EntryPoint\",\"urlTemplate\":\"https:\\\/\\\/lasentinelle.dz\\\/?s={search_term_string}\"},\"query-input\":{\"@type\":\"PropertyValueSpecification\",\"valueRequired\":true,\"valueName\":\"search_term_string\"}}],\"inLanguage\":\"fr-FR\"},{\"@type\":\"Organization\",\"@id\":\"https:\\\/\\\/lasentinelle.dz\\\/#organization\",\"name\":\"Quotidien La Sentinelle\",\"url\":\"https:\\\/\\\/lasentinelle.dz\\\/\",\"logo\":{\"@type\":\"ImageObject\",\"inLanguage\":\"fr-FR\",\"@id\":\"https:\\\/\\\/lasentinelle.dz\\\/#\\\/schema\\\/logo\\\/image\\\/\",\"url\":\"https:\\\/\\\/lasentinelle.dz\\\/wp-content\\\/uploads\\\/2021\\\/09\\\/logo-sentinelleSLOGAN-1.png\",\"contentUrl\":\"https:\\\/\\\/lasentinelle.dz\\\/wp-content\\\/uploads\\\/2021\\\/09\\\/logo-sentinelleSLOGAN-1.png\",\"width\":615,\"height\":142,\"caption\":\"Quotidien La Sentinelle\"},\"image\":{\"@id\":\"https:\\\/\\\/lasentinelle.dz\\\/#\\\/schema\\\/logo\\\/image\\\/\"},\"sameAs\":[\"https:\\\/\\\/www.facebook.com\\\/La-Sentinelle-104059864394773\"]},{\"@type\":\"Person\",\"@id\":\"https:\\\/\\\/lasentinelle.dz\\\/#\\\/schema\\\/person\\\/d865044e22e70a75174ce8bcad3acfb3\",\"name\":\"La Sentinelle\",\"image\":{\"@type\":\"ImageObject\",\"inLanguage\":\"fr-FR\",\"@id\":\"https:\\\/\\\/secure.gravatar.com\\\/avatar\\\/57de8e5d4b15d43fb361a71fbb36338450fe67865b528a43dd10ef7c51a20392?s=96&d=mm&r=g\",\"url\":\"https:\\\/\\\/secure.gravatar.com\\\/avatar\\\/57de8e5d4b15d43fb361a71fbb36338450fe67865b528a43dd10ef7c51a20392?s=96&d=mm&r=g\",\"contentUrl\":\"https:\\\/\\\/secure.gravatar.com\\\/avatar\\\/57de8e5d4b15d43fb361a71fbb36338450fe67865b528a43dd10ef7c51a20392?s=96&d=mm&r=g\",\"caption\":\"La Sentinelle\"},\"sameAs\":[\"http:\\\/\\\/www.lasentinelle.dz\"],\"url\":\"https:\\\/\\\/lasentinelle.dz\\\/author\\\/redaction\\\/\"}]}<\/script>\n<!-- \/ Yoast SEO plugin. -->","yoast_head_json":{"title":"Bilan op\u00e9rationnel\u00a0de l\u2019ANP\u00a0:\u00a063 kg de kif trait\u00e9 saisis aux fronti\u00e8res avec le Maroc - La Sentinelle","robots":{"index":"index","follow":"follow","max-snippet":"max-snippet:-1","max-image-preview":"max-image-preview:large","max-video-preview":"max-video-preview:-1"},"canonical":"https:\/\/lasentinelle.dz\/index.php\/2022\/07\/28\/bilan-operationnel-de-lanp-63-kg-de-kif-traite-saisis-aux-frontieres-avec-le-maroc\/","og_locale":"fr_FR","og_type":"article","og_title":"Bilan op\u00e9rationnel\u00a0de l\u2019ANP\u00a0:\u00a063 kg de kif trait\u00e9 saisis aux fronti\u00e8res avec le Maroc - La Sentinelle","og_description":"Des d\u00e9tachements de l\u2019Arm\u00e9e&nbsp;nationale&nbsp;populaire ont, lors diverses op\u00e9rations men\u00e9es sur l\u2019ensemble du territoire national, mis en \u00e9chec des tentatives d\u2019introduction","og_url":"https:\/\/lasentinelle.dz\/index.php\/2022\/07\/28\/bilan-operationnel-de-lanp-63-kg-de-kif-traite-saisis-aux-frontieres-avec-le-maroc\/","og_site_name":"La Sentinelle","article_publisher":"https:\/\/www.facebook.com\/La-Sentinelle-104059864394773","article_published_time":"2022-07-27T23:01:00+00:00","og_image":[{"width":855,"height":516,"url":"https:\/\/lasentinelle.dz\/wp-content\/uploads\/2022\/07\/964e08f9848df5eb8dee938dade6020f_L.jpg","type":"image\/jpeg"}],"author":"La Sentinelle","twitter_card":"summary_large_image","twitter_misc":{"\u00c9crit par":"La Sentinelle","Dur\u00e9e de lecture estim\u00e9e":"2 minutes"},"schema":{"@context":"https:\/\/schema.org","@graph":[{"@type":"Article","@id":"https:\/\/lasentinelle.dz\/index.php\/2022\/07\/28\/bilan-operationnel-de-lanp-63-kg-de-kif-traite-saisis-aux-frontieres-avec-le-maroc\/#article","isPartOf":{"@id":"https:\/\/lasentinelle.dz\/index.php\/2022\/07\/28\/bilan-operationnel-de-lanp-63-kg-de-kif-traite-saisis-aux-frontieres-avec-le-maroc\/"},"author":{"name":"La Sentinelle","@id":"https:\/\/lasentinelle.dz\/#\/schema\/person\/d865044e22e70a75174ce8bcad3acfb3"},"headline":"Bilan op\u00e9rationnel\u00a0de l\u2019ANP\u00a0:\u00a063 kg de kif trait\u00e9 saisis aux fronti\u00e8res avec le Maroc","datePublished":"2022-07-27T23:01:00+00:00","mainEntityOfPage":{"@id":"https:\/\/lasentinelle.dz\/index.php\/2022\/07\/28\/bilan-operationnel-de-lanp-63-kg-de-kif-traite-saisis-aux-frontieres-avec-le-maroc\/"},"wordCount":442,"commentCount":0,"publisher":{"@id":"https:\/\/lasentinelle.dz\/#organization"},"image":{"@id":"https:\/\/lasentinelle.dz\/index.php\/2022\/07\/28\/bilan-operationnel-de-lanp-63-kg-de-kif-traite-saisis-aux-frontieres-avec-le-maroc\/#primaryimage"},"thumbnailUrl":"https:\/\/lasentinelle.dz\/wp-content\/uploads\/2022\/07\/964e08f9848df5eb8dee938dade6020f_L.jpg","articleSection":["Actualit\u00e9"],"inLanguage":"fr-FR","potentialAction":[{"@type":"CommentAction","name":"Comment","target":["https:\/\/lasentinelle.dz\/index.php\/2022\/07\/28\/bilan-operationnel-de-lanp-63-kg-de-kif-traite-saisis-aux-frontieres-avec-le-maroc\/#respond"]}]},{"@type":"WebPage","@id":"https:\/\/lasentinelle.dz\/index.php\/2022\/07\/28\/bilan-operationnel-de-lanp-63-kg-de-kif-traite-saisis-aux-frontieres-avec-le-maroc\/","url":"https:\/\/lasentinelle.dz\/index.php\/2022\/07\/28\/bilan-operationnel-de-lanp-63-kg-de-kif-traite-saisis-aux-frontieres-avec-le-maroc\/","name":"Bilan op\u00e9rationnel\u00a0de l\u2019ANP\u00a0:\u00a063 kg de kif trait\u00e9 saisis aux fronti\u00e8res avec le Maroc - La Sentinelle","isPartOf":{"@id":"https:\/\/lasentinelle.dz\/#website"},"primaryImageOfPage":{"@id":"https:\/\/lasentinelle.dz\/index.php\/2022\/07\/28\/bilan-operationnel-de-lanp-63-kg-de-kif-traite-saisis-aux-frontieres-avec-le-maroc\/#primaryimage"},"image":{"@id":"https:\/\/lasentinelle.dz\/index.php\/2022\/07\/28\/bilan-operationnel-de-lanp-63-kg-de-kif-traite-saisis-aux-frontieres-avec-le-maroc\/#primaryimage"},"thumbnailUrl":"https:\/\/lasentinelle.dz\/wp-content\/uploads\/2022\/07\/964e08f9848df5eb8dee938dade6020f_L.jpg","datePublished":"2022-07-27T23:01:00+00:00","breadcrumb":{"@id":"https:\/\/lasentinelle.dz\/index.php\/2022\/07\/28\/bilan-operationnel-de-lanp-63-kg-de-kif-traite-saisis-aux-frontieres-avec-le-maroc\/#breadcrumb"},"inLanguage":"fr-FR","potentialAction":[{"@type":"ReadAction","target":["https:\/\/lasentinelle.dz\/index.php\/2022\/07\/28\/bilan-operationnel-de-lanp-63-kg-de-kif-traite-saisis-aux-frontieres-avec-le-maroc\/"]}]},{"@type":"ImageObject","inLanguage":"fr-FR","@id":"https:\/\/lasentinelle.dz\/index.php\/2022\/07\/28\/bilan-operationnel-de-lanp-63-kg-de-kif-traite-saisis-aux-frontieres-avec-le-maroc\/#primaryimage","url":"https:\/\/lasentinelle.dz\/wp-content\/uploads\/2022\/07\/964e08f9848df5eb8dee938dade6020f_L.jpg","contentUrl":"https:\/\/lasentinelle.dz\/wp-content\/uploads\/2022\/07\/964e08f9848df5eb8dee938dade6020f_L.jpg","width":855,"height":516},{"@type":"BreadcrumbList","@id":"https:\/\/lasentinelle.dz\/index.php\/2022\/07\/28\/bilan-operationnel-de-lanp-63-kg-de-kif-traite-saisis-aux-frontieres-avec-le-maroc\/#breadcrumb","itemListElement":[{"@type":"ListItem","position":1,"name":"Accueil","item":"https:\/\/lasentinelle.dz\/"},{"@type":"ListItem","position":2,"name":"Bilan op\u00e9rationnel\u00a0de l\u2019ANP\u00a0:\u00a063 kg de kif trait\u00e9 saisis aux fronti\u00e8res avec le Maroc"}]},{"@type":"WebSite","@id":"https:\/\/lasentinelle.dz\/#website","url":"https:\/\/lasentinelle.dz\/","name":"La Sentinelle","description":"Quotidien national d&#039;information","publisher":{"@id":"https:\/\/lasentinelle.dz\/#organization"},"potentialAction":[{"@type":"SearchAction","target":{"@type":"EntryPoint","urlTemplate":"https:\/\/lasentinelle.dz\/?s={search_term_string}"},"query-input":{"@type":"PropertyValueSpecification","valueRequired":true,"valueName":"search_term_string"}}],"inLanguage":"fr-FR"},{"@type":"Organization","@id":"https:\/\/lasentinelle.dz\/#organization","name":"Quotidien La Sentinelle","url":"https:\/\/lasentinelle.dz\/","logo":{"@type":"ImageObject","inLanguage":"fr-FR","@id":"https:\/\/lasentinelle.dz\/#\/schema\/logo\/image\/","url":"https:\/\/lasentinelle.dz\/wp-content\/uploads\/2021\/09\/logo-sentinelleSLOGAN-1.png","contentUrl":"https:\/\/lasentinelle.dz\/wp-content\/uploads\/2021\/09\/logo-sentinelleSLOGAN-1.png","width":615,"height":142,"caption":"Quotidien La Sentinelle"},"image":{"@id":"https:\/\/lasentinelle.dz\/#\/schema\/logo\/image\/"},"sameAs":["https:\/\/www.facebook.com\/La-Sentinelle-104059864394773"]},{"@type":"Person","@id":"https:\/\/lasentinelle.dz\/#\/schema\/person\/d865044e22e70a75174ce8bcad3acfb3","name":"La Sentinelle","image":{"@type":"ImageObject","inLanguage":"fr-FR","@id":"https:\/\/secure.gravatar.com\/avatar\/57de8e5d4b15d43fb361a71fbb36338450fe67865b528a43dd10ef7c51a20392?s=96&d=mm&r=g","url":"https:\/\/secure.gravatar.com\/avatar\/57de8e5d4b15d43fb361a71fbb36338450fe67865b528a43dd10ef7c51a20392?s=96&d=mm&r=g","contentUrl":"https:\/\/secure.gravatar.com\/avatar\/57de8e5d4b15d43fb361a71fbb36338450fe67865b528a43dd10ef7c51a20392?s=96&d=mm&r=g","caption":"La Sentinelle"},"sameAs":["http:\/\/www.lasentinelle.dz"],"url":"https:\/\/lasentinelle.dz\/author\/redaction\/"}]}},"_links":{"self":[{"href":"https:\/\/lasentinelle.dz\/index.php\/wp-json\/wp\/v2\/posts\/24873","targetHints":{"allow":["GET"]}}],"collection":[{"href":"https:\/\/lasentinelle.dz\/index.php\/wp-json\/wp\/v2\/posts"}],"about":[{"href":"https:\/\/lasentinelle.dz\/index.php\/wp-json\/wp\/v2\/types\/post"}],"author":[{"embeddable":true,"href":"https:\/\/lasentinelle.dz\/index.php\/wp-json\/wp\/v2\/users\/3"}],"replies":[{"embeddable":true,"href":"https:\/\/lasentinelle.dz\/index.php\/wp-json\/wp\/v2\/comments?post=24873"}],"version-history":[{"count":1,"href":"https:\/\/lasentinelle.dz\/index.php\/wp-json\/wp\/v2\/posts\/24873\/revisions"}],"predecessor-version":[{"id":24878,"href":"https:\/\/lasentinelle.dz\/index.php\/wp-json\/wp\/v2\/posts\/24873\/revisions\/24878"}],"wp:featuredmedia":[{"embeddable":true,"href":"https:\/\/lasentinelle.dz\/index.php\/wp-json\/wp\/v2\/media\/24875"}],"wp:attachment":[{"href":"https:\/\/lasentinelle.dz\/index.php\/wp-json\/wp\/v2\/media?parent=24873"}],"wp:term":[{"taxonomy":"category","embeddable":true,"href":"https:\/\/lasentinelle.dz\/index.php\/wp-json\/wp\/v2\/categories?post=24873"},{"taxonomy":"post_tag","embeddable":true,"href":"https:\/\/lasentinelle.dz\/index.php\/wp-json\/wp\/v2\/tags?post=24873"}],"curies":[{"name":"wp","href":"https:\/\/api.w.org\/{rel}","templated":true}]}}