{"id":24894,"date":"2022-07-31T00:01:00","date_gmt":"2022-07-30T23:01:00","guid":{"rendered":"https:\/\/lasentinelle.dz\/?p=24894"},"modified":"2022-07-30T16:22:23","modified_gmt":"2022-07-30T15:22:23","slug":"trafic-de-narcotiques-a-annaba-plus-de-50-kg-de-kif-saisis-a-el-hadjar","status":"publish","type":"post","link":"https:\/\/lasentinelle.dz\/index.php\/2022\/07\/31\/trafic-de-narcotiques-a-annaba-plus-de-50-kg-de-kif-saisis-a-el-hadjar\/","title":{"rendered":"Trafic\u00a0de\u00a0narcotiques\u00a0\u00e0 Annaba\u00a0:\u00a0Plus de 50 kg de kif saisis \u00e0 El Hadjar"},"content":{"rendered":"\n<p>Les \u00e9l\u00e9ments du&nbsp;Centre&nbsp;r\u00e9gional de la lutte contre la d\u00e9tention et le vente de drogues et de substances psychotropes d\u2019El Hadjar ont mis fin \u00e0 l\u2019activit\u00e9 criminelle d\u2019un r\u00e9seau de trafiquants de drogue, a fait savoir une source s\u00e9curitaire. Circulant \u00e0 bord d\u2019un v\u00e9hicule touristique, les trafiquants de drogue ont \u00e9veill\u00e9 les soup\u00e7ons des services de s\u00e9curit\u00e9, nous dit-on. Aussit\u00f4t, les quatre individus ont \u00e9t\u00e9 interpell\u00e9s et soumis au contr\u00f4le d&rsquo;identit\u00e9 et du v\u00e9hicule, d\u00e9bouchant \u00e0 la d\u00e9couverte d\u2019une importante quantit\u00e9 de r\u00e9sine de cannabis&nbsp;estim\u00e9e \u00e0 50 kg de r\u00e9sine de cannabis, dissimul\u00e9s dans la voiture, a pr\u00e9cis\u00e9 la m\u00eame source. Selon les d\u00e9tails apport\u00e9s par cette derni\u00e8re,&nbsp;&nbsp;la substance narcotique est d\u2019origine marocaine. \u00c0 l&rsquo;issue des mesures judiciaires et juridiques, les quatre pr\u00e9venus&nbsp;&nbsp;ont \u00e9t\u00e9 d\u00e9f\u00e9r\u00e9s devant le magistrat instructeur&nbsp;relevant de la circonscription de comp\u00e9tence qui a ordonn\u00e9 leur placement sous mandat de d\u00e9p\u00f4t, a ajout\u00e9 notre source. Celle-ci a soulign\u00e9 que l\u2019enqu\u00eate est encore en cours pour tenter de remonter \u00e0 d\u2019\u00e9ventuels complices, surtout que&nbsp;&nbsp;les ramifications de ce trafic s\u2019\u00e9tendent dans plusieurs wilayas de l\u2019est du pays. Rappelons que la circonscription de comp\u00e9tence des services du centre r\u00e9gional d\u2019El Hadjar, couvre 17 wilayas de la r\u00e9gion&nbsp;&nbsp;nord-est et&nbsp;&nbsp;sud du pays, dont Biskra, a tenu \u00e0 rappeler notre source.<\/p>\n\n\n\n<p><strong>S<\/strong><strong>.&nbsp;Chahine<\/strong><\/p>\n","protected":false},"excerpt":{"rendered":"<p>Les \u00e9l\u00e9ments du&nbsp;Centre&nbsp;r\u00e9gional de la lutte contre la d\u00e9tention et le vente de drogues et de substances psychotropes d\u2019El Hadjar<\/p>\n","protected":false},"author":3,"featured_media":24912,"comment_status":"open","ping_status":"closed","sticky":false,"template":"","format":"standard","meta":{"colormag_page_container_layout":"default_layout","colormag_page_sidebar_layout":"default_layout","om_disable_all_campaigns":false,"_monsterinsights_skip_tracking":false,"_monsterinsights_sitenote_active":false,"_monsterinsights_sitenote_note":"","_monsterinsights_sitenote_category":0,"footnotes":"","_wpscppro_dont_share_socialmedia":false,"_wpscppro_custom_social_share_image":0,"_facebook_share_type":"","_twitter_share_type":"","_linkedin_share_type":"","_pinterest_share_type":"","_linkedin_share_type_page":"","_instagram_share_type":"","_medium_share_type":"","_threads_share_type":"","_google_business_share_type":"","_selected_social_profile":[],"_wpsp_enable_custom_social_template":false,"_wpsp_social_scheduling":{"enabled":false,"datetime":null,"platforms":[],"status":"template_only","dateOption":"today","timeOption":"now","customDays":"","customHours":"","customDate":"","customTime":"","schedulingType":"absolute"},"_wpsp_active_default_template":true},"categories":[31],"tags":[],"class_list":["post-24894","post","type-post","status-publish","format-standard","has-post-thumbnail","hentry","category-regions"],"aioseo_notices":[],"yoast_head":"<!-- This site is optimized with the Yoast SEO plugin v27.5 - https:\/\/yoast.com\/product\/yoast-seo-wordpress\/ -->\n<title>Trafic\u00a0de\u00a0narcotiques\u00a0\u00e0 Annaba\u00a0:\u00a0Plus de 50 kg de kif saisis \u00e0 El Hadjar - La Sentinelle<\/title>\n<meta name=\"robots\" content=\"index, follow, max-snippet:-1, max-image-preview:large, max-video-preview:-1\" \/>\n<link rel=\"canonical\" href=\"https:\/\/lasentinelle.dz\/index.php\/2022\/07\/31\/trafic-de-narcotiques-a-annaba-plus-de-50-kg-de-kif-saisis-a-el-hadjar\/\" \/>\n<meta property=\"og:locale\" content=\"fr_FR\" \/>\n<meta property=\"og:type\" content=\"article\" \/>\n<meta property=\"og:title\" content=\"Trafic\u00a0de\u00a0narcotiques\u00a0\u00e0 Annaba\u00a0:\u00a0Plus de 50 kg de kif saisis \u00e0 El Hadjar - La Sentinelle\" \/>\n<meta property=\"og:description\" content=\"Les \u00e9l\u00e9ments du&nbsp;Centre&nbsp;r\u00e9gional de la lutte contre la d\u00e9tention et le vente de drogues et de substances psychotropes d\u2019El Hadjar\" \/>\n<meta property=\"og:url\" content=\"https:\/\/lasentinelle.dz\/index.php\/2022\/07\/31\/trafic-de-narcotiques-a-annaba-plus-de-50-kg-de-kif-saisis-a-el-hadjar\/\" \/>\n<meta property=\"og:site_name\" content=\"La Sentinelle\" \/>\n<meta property=\"article:publisher\" content=\"https:\/\/www.facebook.com\/La-Sentinelle-104059864394773\" \/>\n<meta property=\"article:published_time\" content=\"2022-07-30T23:01:00+00:00\" \/>\n<meta property=\"og:image\" content=\"https:\/\/lasentinelle.dz\/wp-content\/uploads\/2022\/07\/image_2021-10-29_164216.png\" \/>\n\t<meta property=\"og:image:width\" content=\"600\" \/>\n\t<meta property=\"og:image:height\" content=\"330\" \/>\n\t<meta property=\"og:image:type\" content=\"image\/png\" \/>\n<meta name=\"author\" content=\"La Sentinelle\" \/>\n<meta name=\"twitter:card\" content=\"summary_large_image\" \/>\n<meta name=\"twitter:label1\" content=\"\u00c9crit par\" \/>\n\t<meta name=\"twitter:data1\" content=\"La Sentinelle\" \/>\n\t<meta name=\"twitter:label2\" content=\"Dur\u00e9e de lecture estim\u00e9e\" \/>\n\t<meta name=\"twitter:data2\" content=\"2 minutes\" \/>\n<script type=\"application\/ld+json\" class=\"yoast-schema-graph\">{\"@context\":\"https:\\\/\\\/schema.org\",\"@graph\":[{\"@type\":\"Article\",\"@id\":\"https:\\\/\\\/lasentinelle.dz\\\/index.php\\\/2022\\\/07\\\/31\\\/trafic-de-narcotiques-a-annaba-plus-de-50-kg-de-kif-saisis-a-el-hadjar\\\/#article\",\"isPartOf\":{\"@id\":\"https:\\\/\\\/lasentinelle.dz\\\/index.php\\\/2022\\\/07\\\/31\\\/trafic-de-narcotiques-a-annaba-plus-de-50-kg-de-kif-saisis-a-el-hadjar\\\/\"},\"author\":{\"name\":\"La Sentinelle\",\"@id\":\"https:\\\/\\\/lasentinelle.dz\\\/#\\\/schema\\\/person\\\/d865044e22e70a75174ce8bcad3acfb3\"},\"headline\":\"Trafic\u00a0de\u00a0narcotiques\u00a0\u00e0 Annaba\u00a0:\u00a0Plus de 50 kg de kif saisis \u00e0 El Hadjar\",\"datePublished\":\"2022-07-30T23:01:00+00:00\",\"mainEntityOfPage\":{\"@id\":\"https:\\\/\\\/lasentinelle.dz\\\/index.php\\\/2022\\\/07\\\/31\\\/trafic-de-narcotiques-a-annaba-plus-de-50-kg-de-kif-saisis-a-el-hadjar\\\/\"},\"wordCount\":282,\"commentCount\":0,\"publisher\":{\"@id\":\"https:\\\/\\\/lasentinelle.dz\\\/#organization\"},\"image\":{\"@id\":\"https:\\\/\\\/lasentinelle.dz\\\/index.php\\\/2022\\\/07\\\/31\\\/trafic-de-narcotiques-a-annaba-plus-de-50-kg-de-kif-saisis-a-el-hadjar\\\/#primaryimage\"},\"thumbnailUrl\":\"https:\\\/\\\/lasentinelle.dz\\\/wp-content\\\/uploads\\\/2022\\\/07\\\/image_2021-10-29_164216.png\",\"articleSection\":[\"R\u00e9gions\"],\"inLanguage\":\"fr-FR\",\"potentialAction\":[{\"@type\":\"CommentAction\",\"name\":\"Comment\",\"target\":[\"https:\\\/\\\/lasentinelle.dz\\\/index.php\\\/2022\\\/07\\\/31\\\/trafic-de-narcotiques-a-annaba-plus-de-50-kg-de-kif-saisis-a-el-hadjar\\\/#respond\"]}]},{\"@type\":\"WebPage\",\"@id\":\"https:\\\/\\\/lasentinelle.dz\\\/index.php\\\/2022\\\/07\\\/31\\\/trafic-de-narcotiques-a-annaba-plus-de-50-kg-de-kif-saisis-a-el-hadjar\\\/\",\"url\":\"https:\\\/\\\/lasentinelle.dz\\\/index.php\\\/2022\\\/07\\\/31\\\/trafic-de-narcotiques-a-annaba-plus-de-50-kg-de-kif-saisis-a-el-hadjar\\\/\",\"name\":\"Trafic\u00a0de\u00a0narcotiques\u00a0\u00e0 Annaba\u00a0:\u00a0Plus de 50 kg de kif saisis \u00e0 El Hadjar - La Sentinelle\",\"isPartOf\":{\"@id\":\"https:\\\/\\\/lasentinelle.dz\\\/#website\"},\"primaryImageOfPage\":{\"@id\":\"https:\\\/\\\/lasentinelle.dz\\\/index.php\\\/2022\\\/07\\\/31\\\/trafic-de-narcotiques-a-annaba-plus-de-50-kg-de-kif-saisis-a-el-hadjar\\\/#primaryimage\"},\"image\":{\"@id\":\"https:\\\/\\\/lasentinelle.dz\\\/index.php\\\/2022\\\/07\\\/31\\\/trafic-de-narcotiques-a-annaba-plus-de-50-kg-de-kif-saisis-a-el-hadjar\\\/#primaryimage\"},\"thumbnailUrl\":\"https:\\\/\\\/lasentinelle.dz\\\/wp-content\\\/uploads\\\/2022\\\/07\\\/image_2021-10-29_164216.png\",\"datePublished\":\"2022-07-30T23:01:00+00:00\",\"breadcrumb\":{\"@id\":\"https:\\\/\\\/lasentinelle.dz\\\/index.php\\\/2022\\\/07\\\/31\\\/trafic-de-narcotiques-a-annaba-plus-de-50-kg-de-kif-saisis-a-el-hadjar\\\/#breadcrumb\"},\"inLanguage\":\"fr-FR\",\"potentialAction\":[{\"@type\":\"ReadAction\",\"target\":[\"https:\\\/\\\/lasentinelle.dz\\\/index.php\\\/2022\\\/07\\\/31\\\/trafic-de-narcotiques-a-annaba-plus-de-50-kg-de-kif-saisis-a-el-hadjar\\\/\"]}]},{\"@type\":\"ImageObject\",\"inLanguage\":\"fr-FR\",\"@id\":\"https:\\\/\\\/lasentinelle.dz\\\/index.php\\\/2022\\\/07\\\/31\\\/trafic-de-narcotiques-a-annaba-plus-de-50-kg-de-kif-saisis-a-el-hadjar\\\/#primaryimage\",\"url\":\"https:\\\/\\\/lasentinelle.dz\\\/wp-content\\\/uploads\\\/2022\\\/07\\\/image_2021-10-29_164216.png\",\"contentUrl\":\"https:\\\/\\\/lasentinelle.dz\\\/wp-content\\\/uploads\\\/2022\\\/07\\\/image_2021-10-29_164216.png\",\"width\":600,\"height\":330},{\"@type\":\"BreadcrumbList\",\"@id\":\"https:\\\/\\\/lasentinelle.dz\\\/index.php\\\/2022\\\/07\\\/31\\\/trafic-de-narcotiques-a-annaba-plus-de-50-kg-de-kif-saisis-a-el-hadjar\\\/#breadcrumb\",\"itemListElement\":[{\"@type\":\"ListItem\",\"position\":1,\"name\":\"Accueil\",\"item\":\"https:\\\/\\\/lasentinelle.dz\\\/\"},{\"@type\":\"ListItem\",\"position\":2,\"name\":\"Trafic\u00a0de\u00a0narcotiques\u00a0\u00e0 Annaba\u00a0:\u00a0Plus de 50 kg de kif saisis \u00e0 El Hadjar\"}]},{\"@type\":\"WebSite\",\"@id\":\"https:\\\/\\\/lasentinelle.dz\\\/#website\",\"url\":\"https:\\\/\\\/lasentinelle.dz\\\/\",\"name\":\"La Sentinelle\",\"description\":\"Quotidien national d&#039;information\",\"publisher\":{\"@id\":\"https:\\\/\\\/lasentinelle.dz\\\/#organization\"},\"potentialAction\":[{\"@type\":\"SearchAction\",\"target\":{\"@type\":\"EntryPoint\",\"urlTemplate\":\"https:\\\/\\\/lasentinelle.dz\\\/?s={search_term_string}\"},\"query-input\":{\"@type\":\"PropertyValueSpecification\",\"valueRequired\":true,\"valueName\":\"search_term_string\"}}],\"inLanguage\":\"fr-FR\"},{\"@type\":\"Organization\",\"@id\":\"https:\\\/\\\/lasentinelle.dz\\\/#organization\",\"name\":\"Quotidien La Sentinelle\",\"url\":\"https:\\\/\\\/lasentinelle.dz\\\/\",\"logo\":{\"@type\":\"ImageObject\",\"inLanguage\":\"fr-FR\",\"@id\":\"https:\\\/\\\/lasentinelle.dz\\\/#\\\/schema\\\/logo\\\/image\\\/\",\"url\":\"https:\\\/\\\/lasentinelle.dz\\\/wp-content\\\/uploads\\\/2021\\\/09\\\/logo-sentinelleSLOGAN-1.png\",\"contentUrl\":\"https:\\\/\\\/lasentinelle.dz\\\/wp-content\\\/uploads\\\/2021\\\/09\\\/logo-sentinelleSLOGAN-1.png\",\"width\":615,\"height\":142,\"caption\":\"Quotidien La Sentinelle\"},\"image\":{\"@id\":\"https:\\\/\\\/lasentinelle.dz\\\/#\\\/schema\\\/logo\\\/image\\\/\"},\"sameAs\":[\"https:\\\/\\\/www.facebook.com\\\/La-Sentinelle-104059864394773\"]},{\"@type\":\"Person\",\"@id\":\"https:\\\/\\\/lasentinelle.dz\\\/#\\\/schema\\\/person\\\/d865044e22e70a75174ce8bcad3acfb3\",\"name\":\"La Sentinelle\",\"image\":{\"@type\":\"ImageObject\",\"inLanguage\":\"fr-FR\",\"@id\":\"https:\\\/\\\/secure.gravatar.com\\\/avatar\\\/57de8e5d4b15d43fb361a71fbb36338450fe67865b528a43dd10ef7c51a20392?s=96&d=mm&r=g\",\"url\":\"https:\\\/\\\/secure.gravatar.com\\\/avatar\\\/57de8e5d4b15d43fb361a71fbb36338450fe67865b528a43dd10ef7c51a20392?s=96&d=mm&r=g\",\"contentUrl\":\"https:\\\/\\\/secure.gravatar.com\\\/avatar\\\/57de8e5d4b15d43fb361a71fbb36338450fe67865b528a43dd10ef7c51a20392?s=96&d=mm&r=g\",\"caption\":\"La Sentinelle\"},\"sameAs\":[\"http:\\\/\\\/www.lasentinelle.dz\"],\"url\":\"https:\\\/\\\/lasentinelle.dz\\\/author\\\/redaction\\\/\"}]}<\/script>\n<!-- \/ Yoast SEO plugin. -->","yoast_head_json":{"title":"Trafic\u00a0de\u00a0narcotiques\u00a0\u00e0 Annaba\u00a0:\u00a0Plus de 50 kg de kif saisis \u00e0 El Hadjar - La Sentinelle","robots":{"index":"index","follow":"follow","max-snippet":"max-snippet:-1","max-image-preview":"max-image-preview:large","max-video-preview":"max-video-preview:-1"},"canonical":"https:\/\/lasentinelle.dz\/index.php\/2022\/07\/31\/trafic-de-narcotiques-a-annaba-plus-de-50-kg-de-kif-saisis-a-el-hadjar\/","og_locale":"fr_FR","og_type":"article","og_title":"Trafic\u00a0de\u00a0narcotiques\u00a0\u00e0 Annaba\u00a0:\u00a0Plus de 50 kg de kif saisis \u00e0 El Hadjar - La Sentinelle","og_description":"Les \u00e9l\u00e9ments du&nbsp;Centre&nbsp;r\u00e9gional de la lutte contre la d\u00e9tention et le vente de drogues et de substances psychotropes d\u2019El Hadjar","og_url":"https:\/\/lasentinelle.dz\/index.php\/2022\/07\/31\/trafic-de-narcotiques-a-annaba-plus-de-50-kg-de-kif-saisis-a-el-hadjar\/","og_site_name":"La Sentinelle","article_publisher":"https:\/\/www.facebook.com\/La-Sentinelle-104059864394773","article_published_time":"2022-07-30T23:01:00+00:00","og_image":[{"width":600,"height":330,"url":"https:\/\/lasentinelle.dz\/wp-content\/uploads\/2022\/07\/image_2021-10-29_164216.png","type":"image\/png"}],"author":"La Sentinelle","twitter_card":"summary_large_image","twitter_misc":{"\u00c9crit par":"La Sentinelle","Dur\u00e9e de lecture estim\u00e9e":"2 minutes"},"schema":{"@context":"https:\/\/schema.org","@graph":[{"@type":"Article","@id":"https:\/\/lasentinelle.dz\/index.php\/2022\/07\/31\/trafic-de-narcotiques-a-annaba-plus-de-50-kg-de-kif-saisis-a-el-hadjar\/#article","isPartOf":{"@id":"https:\/\/lasentinelle.dz\/index.php\/2022\/07\/31\/trafic-de-narcotiques-a-annaba-plus-de-50-kg-de-kif-saisis-a-el-hadjar\/"},"author":{"name":"La Sentinelle","@id":"https:\/\/lasentinelle.dz\/#\/schema\/person\/d865044e22e70a75174ce8bcad3acfb3"},"headline":"Trafic\u00a0de\u00a0narcotiques\u00a0\u00e0 Annaba\u00a0:\u00a0Plus de 50 kg de kif saisis \u00e0 El Hadjar","datePublished":"2022-07-30T23:01:00+00:00","mainEntityOfPage":{"@id":"https:\/\/lasentinelle.dz\/index.php\/2022\/07\/31\/trafic-de-narcotiques-a-annaba-plus-de-50-kg-de-kif-saisis-a-el-hadjar\/"},"wordCount":282,"commentCount":0,"publisher":{"@id":"https:\/\/lasentinelle.dz\/#organization"},"image":{"@id":"https:\/\/lasentinelle.dz\/index.php\/2022\/07\/31\/trafic-de-narcotiques-a-annaba-plus-de-50-kg-de-kif-saisis-a-el-hadjar\/#primaryimage"},"thumbnailUrl":"https:\/\/lasentinelle.dz\/wp-content\/uploads\/2022\/07\/image_2021-10-29_164216.png","articleSection":["R\u00e9gions"],"inLanguage":"fr-FR","potentialAction":[{"@type":"CommentAction","name":"Comment","target":["https:\/\/lasentinelle.dz\/index.php\/2022\/07\/31\/trafic-de-narcotiques-a-annaba-plus-de-50-kg-de-kif-saisis-a-el-hadjar\/#respond"]}]},{"@type":"WebPage","@id":"https:\/\/lasentinelle.dz\/index.php\/2022\/07\/31\/trafic-de-narcotiques-a-annaba-plus-de-50-kg-de-kif-saisis-a-el-hadjar\/","url":"https:\/\/lasentinelle.dz\/index.php\/2022\/07\/31\/trafic-de-narcotiques-a-annaba-plus-de-50-kg-de-kif-saisis-a-el-hadjar\/","name":"Trafic\u00a0de\u00a0narcotiques\u00a0\u00e0 Annaba\u00a0:\u00a0Plus de 50 kg de kif saisis \u00e0 El Hadjar - La Sentinelle","isPartOf":{"@id":"https:\/\/lasentinelle.dz\/#website"},"primaryImageOfPage":{"@id":"https:\/\/lasentinelle.dz\/index.php\/2022\/07\/31\/trafic-de-narcotiques-a-annaba-plus-de-50-kg-de-kif-saisis-a-el-hadjar\/#primaryimage"},"image":{"@id":"https:\/\/lasentinelle.dz\/index.php\/2022\/07\/31\/trafic-de-narcotiques-a-annaba-plus-de-50-kg-de-kif-saisis-a-el-hadjar\/#primaryimage"},"thumbnailUrl":"https:\/\/lasentinelle.dz\/wp-content\/uploads\/2022\/07\/image_2021-10-29_164216.png","datePublished":"2022-07-30T23:01:00+00:00","breadcrumb":{"@id":"https:\/\/lasentinelle.dz\/index.php\/2022\/07\/31\/trafic-de-narcotiques-a-annaba-plus-de-50-kg-de-kif-saisis-a-el-hadjar\/#breadcrumb"},"inLanguage":"fr-FR","potentialAction":[{"@type":"ReadAction","target":["https:\/\/lasentinelle.dz\/index.php\/2022\/07\/31\/trafic-de-narcotiques-a-annaba-plus-de-50-kg-de-kif-saisis-a-el-hadjar\/"]}]},{"@type":"ImageObject","inLanguage":"fr-FR","@id":"https:\/\/lasentinelle.dz\/index.php\/2022\/07\/31\/trafic-de-narcotiques-a-annaba-plus-de-50-kg-de-kif-saisis-a-el-hadjar\/#primaryimage","url":"https:\/\/lasentinelle.dz\/wp-content\/uploads\/2022\/07\/image_2021-10-29_164216.png","contentUrl":"https:\/\/lasentinelle.dz\/wp-content\/uploads\/2022\/07\/image_2021-10-29_164216.png","width":600,"height":330},{"@type":"BreadcrumbList","@id":"https:\/\/lasentinelle.dz\/index.php\/2022\/07\/31\/trafic-de-narcotiques-a-annaba-plus-de-50-kg-de-kif-saisis-a-el-hadjar\/#breadcrumb","itemListElement":[{"@type":"ListItem","position":1,"name":"Accueil","item":"https:\/\/lasentinelle.dz\/"},{"@type":"ListItem","position":2,"name":"Trafic\u00a0de\u00a0narcotiques\u00a0\u00e0 Annaba\u00a0:\u00a0Plus de 50 kg de kif saisis \u00e0 El Hadjar"}]},{"@type":"WebSite","@id":"https:\/\/lasentinelle.dz\/#website","url":"https:\/\/lasentinelle.dz\/","name":"La Sentinelle","description":"Quotidien national d&#039;information","publisher":{"@id":"https:\/\/lasentinelle.dz\/#organization"},"potentialAction":[{"@type":"SearchAction","target":{"@type":"EntryPoint","urlTemplate":"https:\/\/lasentinelle.dz\/?s={search_term_string}"},"query-input":{"@type":"PropertyValueSpecification","valueRequired":true,"valueName":"search_term_string"}}],"inLanguage":"fr-FR"},{"@type":"Organization","@id":"https:\/\/lasentinelle.dz\/#organization","name":"Quotidien La Sentinelle","url":"https:\/\/lasentinelle.dz\/","logo":{"@type":"ImageObject","inLanguage":"fr-FR","@id":"https:\/\/lasentinelle.dz\/#\/schema\/logo\/image\/","url":"https:\/\/lasentinelle.dz\/wp-content\/uploads\/2021\/09\/logo-sentinelleSLOGAN-1.png","contentUrl":"https:\/\/lasentinelle.dz\/wp-content\/uploads\/2021\/09\/logo-sentinelleSLOGAN-1.png","width":615,"height":142,"caption":"Quotidien La Sentinelle"},"image":{"@id":"https:\/\/lasentinelle.dz\/#\/schema\/logo\/image\/"},"sameAs":["https:\/\/www.facebook.com\/La-Sentinelle-104059864394773"]},{"@type":"Person","@id":"https:\/\/lasentinelle.dz\/#\/schema\/person\/d865044e22e70a75174ce8bcad3acfb3","name":"La Sentinelle","image":{"@type":"ImageObject","inLanguage":"fr-FR","@id":"https:\/\/secure.gravatar.com\/avatar\/57de8e5d4b15d43fb361a71fbb36338450fe67865b528a43dd10ef7c51a20392?s=96&d=mm&r=g","url":"https:\/\/secure.gravatar.com\/avatar\/57de8e5d4b15d43fb361a71fbb36338450fe67865b528a43dd10ef7c51a20392?s=96&d=mm&r=g","contentUrl":"https:\/\/secure.gravatar.com\/avatar\/57de8e5d4b15d43fb361a71fbb36338450fe67865b528a43dd10ef7c51a20392?s=96&d=mm&r=g","caption":"La Sentinelle"},"sameAs":["http:\/\/www.lasentinelle.dz"],"url":"https:\/\/lasentinelle.dz\/author\/redaction\/"}]}},"_links":{"self":[{"href":"https:\/\/lasentinelle.dz\/index.php\/wp-json\/wp\/v2\/posts\/24894","targetHints":{"allow":["GET"]}}],"collection":[{"href":"https:\/\/lasentinelle.dz\/index.php\/wp-json\/wp\/v2\/posts"}],"about":[{"href":"https:\/\/lasentinelle.dz\/index.php\/wp-json\/wp\/v2\/types\/post"}],"author":[{"embeddable":true,"href":"https:\/\/lasentinelle.dz\/index.php\/wp-json\/wp\/v2\/users\/3"}],"replies":[{"embeddable":true,"href":"https:\/\/lasentinelle.dz\/index.php\/wp-json\/wp\/v2\/comments?post=24894"}],"version-history":[{"count":1,"href":"https:\/\/lasentinelle.dz\/index.php\/wp-json\/wp\/v2\/posts\/24894\/revisions"}],"predecessor-version":[{"id":24913,"href":"https:\/\/lasentinelle.dz\/index.php\/wp-json\/wp\/v2\/posts\/24894\/revisions\/24913"}],"wp:featuredmedia":[{"embeddable":true,"href":"https:\/\/lasentinelle.dz\/index.php\/wp-json\/wp\/v2\/media\/24912"}],"wp:attachment":[{"href":"https:\/\/lasentinelle.dz\/index.php\/wp-json\/wp\/v2\/media?parent=24894"}],"wp:term":[{"taxonomy":"category","embeddable":true,"href":"https:\/\/lasentinelle.dz\/index.php\/wp-json\/wp\/v2\/categories?post=24894"},{"taxonomy":"post_tag","embeddable":true,"href":"https:\/\/lasentinelle.dz\/index.php\/wp-json\/wp\/v2\/tags?post=24894"}],"curies":[{"name":"wp","href":"https:\/\/api.w.org\/{rel}","templated":true}]}}