{"id":24960,"date":"2022-07-31T00:01:00","date_gmt":"2022-07-30T23:01:00","guid":{"rendered":"https:\/\/lasentinelle.dz\/?p=24960"},"modified":"2022-07-30T20:44:17","modified_gmt":"2022-07-30T19:44:17","slug":"gazoduc-transsaharien-un-projet-qui-sera-realise-dans-les-delais-les-plus-brefs","status":"publish","type":"post","link":"https:\/\/lasentinelle.dz\/index.php\/2022\/07\/31\/gazoduc-transsaharien-un-projet-qui-sera-realise-dans-les-delais-les-plus-brefs\/","title":{"rendered":"Gazoduc Transsaharien\u00a0: Un projet qui sera r\u00e9alis\u00e9 dans les d\u00e9lais les plus brefs"},"content":{"rendered":"\n<p>L\u2019Alg\u00e9rie est passe de devenir l\u2019acteur majeur du march\u00e9 m\u00e9diterran\u00e9en du gaz. Jeudi, l\u2019Alg\u00e9rie, le Niger et le Nigeria ont sign\u00e9 un m\u00e9morandum d\u2019entente pour la r\u00e9alisation du gazoduc trassaharien. Un projet qui sera r\u00e9alis\u00e9 dans les d\u00e9lais les plus brefs, n\u2019en d\u00e9plaise \u00e0 certains commentateurs qui cherchent \u00e0 minimiser la port\u00e9e de cette r\u00e9alisation d\u2019une importance strat\u00e9gique pour le march\u00e9 europ\u00e9en, la r\u00e9gion du Sahel, mais aussi pour l\u2019ensemble du continent africain. Le r\u00e9alisme \u00e9conomique a vaincu face aux tentatives de blocage et de d\u00e9tournement du trac\u00e9 du projet. L\u2019Alg\u00e9rie s\u2019impose ainsi en tant que hub gazier en M\u00e9diterran\u00e9e et devient incontournable pour une Europe qui cherche \u00e0 diversifier ses approvisionnements gaziers, d\u2019autant que le pipe qui s\u2019\u00e9tend sur 4.000 Km pourra acheminer pas moins de 30 milliards de m3 de gaz nig\u00e9rian vers l\u2019Europe en plus des approvisionnements en gaz en provenance de l\u2019Alg\u00e9rie qui s\u2019impose aujourd\u2019hui comme second plus gros fournisseur de gaz de l\u2019Europe. Un gazoduc qui peut se r\u00e9aliser dans le tr\u00e8s court terme, car les infrastructures en Alg\u00e9rie sont pr\u00eates, au Nigeria les connexions vers la fronti\u00e8re nig\u00e9rienne sont quasi-finalis\u00e9es et l\u2019ensemble des pays parties prenantes affichent leur ferme intention de concr\u00e9tiser le projet. Dans ce sens, le ministre nig\u00e9rien de l&rsquo;Energie et des Energies renouvelables, M. Mahamane Sani Mahamadou, a r\u00e9it\u00e9r\u00e9, jeudi \u00e0 Alger, l&rsquo;engagement du pr\u00e9sident de son pays, Mohamed Bazoum, pour la r\u00e9alisation du TSGP. Dans une d\u00e9claration \u00e0 l&rsquo;issue de l&rsquo;audience que lui a accord\u00e9e le Pr\u00e9sident de la R\u00e9publique, Abdelmadjid Tebboune, le ministre nig\u00e9rien a r\u00e9it\u00e9r\u00e9 l'\u00a0\u00bbengagement personnel\u00a0\u00bb du Pr\u00e9sident Mohamed Bazoum pour \u00ab\u00a0mener \u00e0 bien\u00a0\u00bb ce projet qui a \u00ab\u00a0une importance capitale pour nos trois pays (Alg\u00e9rie, Niger, Nigeria)\u00a0\u00bb. M\u00eame son de cloche du c\u00f4t\u00e9 du Nig\u00e9ria. Le ministre nig\u00e9rian des Ressources p\u00e9troli\u00e8res, M. Timipre Sylva, a exprim\u00e9 \u00e0 l\u2019issue de l\u2019audience que lui accord\u00e9e le Pr\u00e9sident Tebboune, la volont\u00e9 de son pays d&rsquo;\u0153uvrer pour la concr\u00e9tisation dans \u00ab\u00a0les plus brefs d\u00e9lais\u00a0\u00bb du projet du. \u00ab\u00a0Nous faisons en sorte que ce projet avance rapidement, car cela permettra de r\u00e9gler des probl\u00e9matiques li\u00e9es \u00e0 la s\u00e9curit\u00e9 \u00e9nerg\u00e9tique&nbsp;\u00bb. Tout en rappelant que la r\u00e9alisation de ce projet, lanc\u00e9e en 2009, a pris \u00ab\u00a0beaucoup de temps\u00a0\u00bb, le ministre nig\u00e9rian a assur\u00e9 que son pays \u00ab\u00a0a d&rsquo;ores et d\u00e9j\u00e0 entam\u00e9 la construction de ce pipeline sur son territoire\u00a0\u00bb.<\/p>\n\n\n\n<p>Pour rappel, le ministre de l\u2019\u00c9nergie et des Mines Mohamed Arkabe a soulign\u00e9, jeudi en marge de la signature de l\u2019accord, que la r\u00e9alisation du projet TSGP intervient dans un \u00ab\u00a0contexte g\u00e9opolitique et \u00e9nerg\u00e9tique particulier\u00a0\u00bb, marqu\u00e9 par une forte demande sur les hydrocarbures et en particulier sur le gaz naturel, d&rsquo;une part, et une offre connaissant une tendance baissi\u00e8re, r\u00e9sultant de la baisse des investissements gaziers, constat\u00e9e depuis 2014. Selon le ministre, \u00ab\u00a0la r\u00e9cente survenance des perturbations des approvisionnements en produits \u00e9nerg\u00e9tiques, en g\u00e9n\u00e9ral, et celles li\u00e9es aux approvisionnements en gaz naturel en particulier, observ\u00e9e sur les march\u00e9s gaziers internationaux, nous interpelle \u00e0 plus d&rsquo;un titre quant \u00e0 la place qu&rsquo;occupera cette noble source d&rsquo;\u00e9nergie dans le mix \u00e9nerg\u00e9tique futur\u00a0\u00bb. M. Arkab a rappel\u00e9, dans ce cadre, que le gaz naturel pr\u00e9sentait toutes les caract\u00e9ristiques pour jouer les premiers r\u00f4les en mati\u00e8re de s\u00e9curit\u00e9 \u00e9nerg\u00e9tique, car il s&rsquo;agit d&rsquo;une \u00e9nergie \u00ab\u00a0fiable, disponible, accessible et, surtout, propre\u00a0\u00bb. \u00ab\u00a0Pour nos pays, \u00e0 travers le projet TSGP, les dividendes attendus portent sur le renforcement de leurs positions de fournisseurs fiables, dont la r\u00e9putation en la mati\u00e8re n&rsquo;est plus \u00e0 d\u00e9monter\u00a0\u00bb, a-t-il indiqu\u00e9.<\/p>\n\n\n\n<p><strong>Chokri Hafed<\/strong><\/p>\n","protected":false},"excerpt":{"rendered":"<p>L\u2019Alg\u00e9rie est passe de devenir l\u2019acteur majeur du march\u00e9 m\u00e9diterran\u00e9en du gaz. Jeudi, l\u2019Alg\u00e9rie, le Niger et le Nigeria ont<\/p>\n","protected":false},"author":3,"featured_media":22779,"comment_status":"open","ping_status":"closed","sticky":false,"template":"","format":"standard","meta":{"colormag_page_container_layout":"default_layout","colormag_page_sidebar_layout":"default_layout","om_disable_all_campaigns":false,"_monsterinsights_skip_tracking":false,"_monsterinsights_sitenote_active":false,"_monsterinsights_sitenote_note":"","_monsterinsights_sitenote_category":0,"footnotes":"","_wpscppro_dont_share_socialmedia":false,"_wpscppro_custom_social_share_image":0,"_facebook_share_type":"","_twitter_share_type":"","_linkedin_share_type":"","_pinterest_share_type":"","_linkedin_share_type_page":"","_instagram_share_type":"","_medium_share_type":"","_threads_share_type":"","_google_business_share_type":"","_selected_social_profile":[],"_wpsp_enable_custom_social_template":false,"_wpsp_social_scheduling":{"enabled":false,"datetime":null,"platforms":[],"status":"template_only","dateOption":"today","timeOption":"now","customDays":"","customHours":"","customDate":"","customTime":"","schedulingType":"absolute"},"_wpsp_active_default_template":true},"categories":[29],"tags":[],"class_list":["post-24960","post","type-post","status-publish","format-standard","has-post-thumbnail","hentry","category-economie"],"aioseo_notices":[],"yoast_head":"<!-- This site is optimized with the Yoast SEO plugin v27.5 - https:\/\/yoast.com\/product\/yoast-seo-wordpress\/ -->\n<title>Gazoduc Transsaharien\u00a0: Un projet qui sera r\u00e9alis\u00e9 dans les d\u00e9lais les plus brefs - La Sentinelle<\/title>\n<meta name=\"robots\" content=\"index, follow, max-snippet:-1, max-image-preview:large, max-video-preview:-1\" \/>\n<link rel=\"canonical\" href=\"https:\/\/lasentinelle.dz\/index.php\/2022\/07\/31\/gazoduc-transsaharien-un-projet-qui-sera-realise-dans-les-delais-les-plus-brefs\/\" \/>\n<meta property=\"og:locale\" content=\"fr_FR\" \/>\n<meta property=\"og:type\" content=\"article\" \/>\n<meta property=\"og:title\" content=\"Gazoduc Transsaharien\u00a0: Un projet qui sera r\u00e9alis\u00e9 dans les d\u00e9lais les plus brefs - La Sentinelle\" \/>\n<meta property=\"og:description\" content=\"L\u2019Alg\u00e9rie est passe de devenir l\u2019acteur majeur du march\u00e9 m\u00e9diterran\u00e9en du gaz. Jeudi, l\u2019Alg\u00e9rie, le Niger et le Nigeria ont\" \/>\n<meta property=\"og:url\" content=\"https:\/\/lasentinelle.dz\/index.php\/2022\/07\/31\/gazoduc-transsaharien-un-projet-qui-sera-realise-dans-les-delais-les-plus-brefs\/\" \/>\n<meta property=\"og:site_name\" content=\"La Sentinelle\" \/>\n<meta property=\"article:publisher\" content=\"https:\/\/www.facebook.com\/La-Sentinelle-104059864394773\" \/>\n<meta property=\"article:published_time\" content=\"2022-07-30T23:01:00+00:00\" \/>\n<meta property=\"og:image\" content=\"https:\/\/lasentinelle.dz\/wp-content\/uploads\/2022\/06\/gazoduc.png\" \/>\n\t<meta property=\"og:image:width\" content=\"1656\" \/>\n\t<meta property=\"og:image:height\" content=\"900\" \/>\n\t<meta property=\"og:image:type\" content=\"image\/png\" \/>\n<meta name=\"author\" content=\"La Sentinelle\" \/>\n<meta name=\"twitter:card\" content=\"summary_large_image\" \/>\n<meta name=\"twitter:label1\" content=\"\u00c9crit par\" \/>\n\t<meta name=\"twitter:data1\" content=\"La Sentinelle\" \/>\n\t<meta name=\"twitter:label2\" content=\"Dur\u00e9e de lecture estim\u00e9e\" \/>\n\t<meta name=\"twitter:data2\" content=\"3 minutes\" \/>\n<script type=\"application\/ld+json\" class=\"yoast-schema-graph\">{\"@context\":\"https:\\\/\\\/schema.org\",\"@graph\":[{\"@type\":\"Article\",\"@id\":\"https:\\\/\\\/lasentinelle.dz\\\/index.php\\\/2022\\\/07\\\/31\\\/gazoduc-transsaharien-un-projet-qui-sera-realise-dans-les-delais-les-plus-brefs\\\/#article\",\"isPartOf\":{\"@id\":\"https:\\\/\\\/lasentinelle.dz\\\/index.php\\\/2022\\\/07\\\/31\\\/gazoduc-transsaharien-un-projet-qui-sera-realise-dans-les-delais-les-plus-brefs\\\/\"},\"author\":{\"name\":\"La Sentinelle\",\"@id\":\"https:\\\/\\\/lasentinelle.dz\\\/#\\\/schema\\\/person\\\/d865044e22e70a75174ce8bcad3acfb3\"},\"headline\":\"Gazoduc Transsaharien\u00a0: Un projet qui sera r\u00e9alis\u00e9 dans les d\u00e9lais les plus brefs\",\"datePublished\":\"2022-07-30T23:01:00+00:00\",\"mainEntityOfPage\":{\"@id\":\"https:\\\/\\\/lasentinelle.dz\\\/index.php\\\/2022\\\/07\\\/31\\\/gazoduc-transsaharien-un-projet-qui-sera-realise-dans-les-delais-les-plus-brefs\\\/\"},\"wordCount\":697,\"commentCount\":0,\"publisher\":{\"@id\":\"https:\\\/\\\/lasentinelle.dz\\\/#organization\"},\"image\":{\"@id\":\"https:\\\/\\\/lasentinelle.dz\\\/index.php\\\/2022\\\/07\\\/31\\\/gazoduc-transsaharien-un-projet-qui-sera-realise-dans-les-delais-les-plus-brefs\\\/#primaryimage\"},\"thumbnailUrl\":\"https:\\\/\\\/lasentinelle.dz\\\/wp-content\\\/uploads\\\/2022\\\/06\\\/gazoduc.png\",\"articleSection\":[\"\u00c9conomie\"],\"inLanguage\":\"fr-FR\",\"potentialAction\":[{\"@type\":\"CommentAction\",\"name\":\"Comment\",\"target\":[\"https:\\\/\\\/lasentinelle.dz\\\/index.php\\\/2022\\\/07\\\/31\\\/gazoduc-transsaharien-un-projet-qui-sera-realise-dans-les-delais-les-plus-brefs\\\/#respond\"]}]},{\"@type\":\"WebPage\",\"@id\":\"https:\\\/\\\/lasentinelle.dz\\\/index.php\\\/2022\\\/07\\\/31\\\/gazoduc-transsaharien-un-projet-qui-sera-realise-dans-les-delais-les-plus-brefs\\\/\",\"url\":\"https:\\\/\\\/lasentinelle.dz\\\/index.php\\\/2022\\\/07\\\/31\\\/gazoduc-transsaharien-un-projet-qui-sera-realise-dans-les-delais-les-plus-brefs\\\/\",\"name\":\"Gazoduc Transsaharien\u00a0: Un projet qui sera r\u00e9alis\u00e9 dans les d\u00e9lais les plus brefs - La Sentinelle\",\"isPartOf\":{\"@id\":\"https:\\\/\\\/lasentinelle.dz\\\/#website\"},\"primaryImageOfPage\":{\"@id\":\"https:\\\/\\\/lasentinelle.dz\\\/index.php\\\/2022\\\/07\\\/31\\\/gazoduc-transsaharien-un-projet-qui-sera-realise-dans-les-delais-les-plus-brefs\\\/#primaryimage\"},\"image\":{\"@id\":\"https:\\\/\\\/lasentinelle.dz\\\/index.php\\\/2022\\\/07\\\/31\\\/gazoduc-transsaharien-un-projet-qui-sera-realise-dans-les-delais-les-plus-brefs\\\/#primaryimage\"},\"thumbnailUrl\":\"https:\\\/\\\/lasentinelle.dz\\\/wp-content\\\/uploads\\\/2022\\\/06\\\/gazoduc.png\",\"datePublished\":\"2022-07-30T23:01:00+00:00\",\"breadcrumb\":{\"@id\":\"https:\\\/\\\/lasentinelle.dz\\\/index.php\\\/2022\\\/07\\\/31\\\/gazoduc-transsaharien-un-projet-qui-sera-realise-dans-les-delais-les-plus-brefs\\\/#breadcrumb\"},\"inLanguage\":\"fr-FR\",\"potentialAction\":[{\"@type\":\"ReadAction\",\"target\":[\"https:\\\/\\\/lasentinelle.dz\\\/index.php\\\/2022\\\/07\\\/31\\\/gazoduc-transsaharien-un-projet-qui-sera-realise-dans-les-delais-les-plus-brefs\\\/\"]}]},{\"@type\":\"ImageObject\",\"inLanguage\":\"fr-FR\",\"@id\":\"https:\\\/\\\/lasentinelle.dz\\\/index.php\\\/2022\\\/07\\\/31\\\/gazoduc-transsaharien-un-projet-qui-sera-realise-dans-les-delais-les-plus-brefs\\\/#primaryimage\",\"url\":\"https:\\\/\\\/lasentinelle.dz\\\/wp-content\\\/uploads\\\/2022\\\/06\\\/gazoduc.png\",\"contentUrl\":\"https:\\\/\\\/lasentinelle.dz\\\/wp-content\\\/uploads\\\/2022\\\/06\\\/gazoduc.png\",\"width\":1656,\"height\":900},{\"@type\":\"BreadcrumbList\",\"@id\":\"https:\\\/\\\/lasentinelle.dz\\\/index.php\\\/2022\\\/07\\\/31\\\/gazoduc-transsaharien-un-projet-qui-sera-realise-dans-les-delais-les-plus-brefs\\\/#breadcrumb\",\"itemListElement\":[{\"@type\":\"ListItem\",\"position\":1,\"name\":\"Accueil\",\"item\":\"https:\\\/\\\/lasentinelle.dz\\\/\"},{\"@type\":\"ListItem\",\"position\":2,\"name\":\"Gazoduc Transsaharien\u00a0: Un projet qui sera r\u00e9alis\u00e9 dans les d\u00e9lais les plus brefs\"}]},{\"@type\":\"WebSite\",\"@id\":\"https:\\\/\\\/lasentinelle.dz\\\/#website\",\"url\":\"https:\\\/\\\/lasentinelle.dz\\\/\",\"name\":\"La Sentinelle\",\"description\":\"Quotidien national d&#039;information\",\"publisher\":{\"@id\":\"https:\\\/\\\/lasentinelle.dz\\\/#organization\"},\"potentialAction\":[{\"@type\":\"SearchAction\",\"target\":{\"@type\":\"EntryPoint\",\"urlTemplate\":\"https:\\\/\\\/lasentinelle.dz\\\/?s={search_term_string}\"},\"query-input\":{\"@type\":\"PropertyValueSpecification\",\"valueRequired\":true,\"valueName\":\"search_term_string\"}}],\"inLanguage\":\"fr-FR\"},{\"@type\":\"Organization\",\"@id\":\"https:\\\/\\\/lasentinelle.dz\\\/#organization\",\"name\":\"Quotidien La Sentinelle\",\"url\":\"https:\\\/\\\/lasentinelle.dz\\\/\",\"logo\":{\"@type\":\"ImageObject\",\"inLanguage\":\"fr-FR\",\"@id\":\"https:\\\/\\\/lasentinelle.dz\\\/#\\\/schema\\\/logo\\\/image\\\/\",\"url\":\"https:\\\/\\\/lasentinelle.dz\\\/wp-content\\\/uploads\\\/2021\\\/09\\\/logo-sentinelleSLOGAN-1.png\",\"contentUrl\":\"https:\\\/\\\/lasentinelle.dz\\\/wp-content\\\/uploads\\\/2021\\\/09\\\/logo-sentinelleSLOGAN-1.png\",\"width\":615,\"height\":142,\"caption\":\"Quotidien La Sentinelle\"},\"image\":{\"@id\":\"https:\\\/\\\/lasentinelle.dz\\\/#\\\/schema\\\/logo\\\/image\\\/\"},\"sameAs\":[\"https:\\\/\\\/www.facebook.com\\\/La-Sentinelle-104059864394773\"]},{\"@type\":\"Person\",\"@id\":\"https:\\\/\\\/lasentinelle.dz\\\/#\\\/schema\\\/person\\\/d865044e22e70a75174ce8bcad3acfb3\",\"name\":\"La Sentinelle\",\"image\":{\"@type\":\"ImageObject\",\"inLanguage\":\"fr-FR\",\"@id\":\"https:\\\/\\\/secure.gravatar.com\\\/avatar\\\/57de8e5d4b15d43fb361a71fbb36338450fe67865b528a43dd10ef7c51a20392?s=96&d=mm&r=g\",\"url\":\"https:\\\/\\\/secure.gravatar.com\\\/avatar\\\/57de8e5d4b15d43fb361a71fbb36338450fe67865b528a43dd10ef7c51a20392?s=96&d=mm&r=g\",\"contentUrl\":\"https:\\\/\\\/secure.gravatar.com\\\/avatar\\\/57de8e5d4b15d43fb361a71fbb36338450fe67865b528a43dd10ef7c51a20392?s=96&d=mm&r=g\",\"caption\":\"La Sentinelle\"},\"sameAs\":[\"http:\\\/\\\/www.lasentinelle.dz\"],\"url\":\"https:\\\/\\\/lasentinelle.dz\\\/author\\\/redaction\\\/\"}]}<\/script>\n<!-- \/ Yoast SEO plugin. -->","yoast_head_json":{"title":"Gazoduc Transsaharien\u00a0: Un projet qui sera r\u00e9alis\u00e9 dans les d\u00e9lais les plus brefs - La Sentinelle","robots":{"index":"index","follow":"follow","max-snippet":"max-snippet:-1","max-image-preview":"max-image-preview:large","max-video-preview":"max-video-preview:-1"},"canonical":"https:\/\/lasentinelle.dz\/index.php\/2022\/07\/31\/gazoduc-transsaharien-un-projet-qui-sera-realise-dans-les-delais-les-plus-brefs\/","og_locale":"fr_FR","og_type":"article","og_title":"Gazoduc Transsaharien\u00a0: Un projet qui sera r\u00e9alis\u00e9 dans les d\u00e9lais les plus brefs - La Sentinelle","og_description":"L\u2019Alg\u00e9rie est passe de devenir l\u2019acteur majeur du march\u00e9 m\u00e9diterran\u00e9en du gaz. Jeudi, l\u2019Alg\u00e9rie, le Niger et le Nigeria ont","og_url":"https:\/\/lasentinelle.dz\/index.php\/2022\/07\/31\/gazoduc-transsaharien-un-projet-qui-sera-realise-dans-les-delais-les-plus-brefs\/","og_site_name":"La Sentinelle","article_publisher":"https:\/\/www.facebook.com\/La-Sentinelle-104059864394773","article_published_time":"2022-07-30T23:01:00+00:00","og_image":[{"width":1656,"height":900,"url":"https:\/\/lasentinelle.dz\/wp-content\/uploads\/2022\/06\/gazoduc.png","type":"image\/png"}],"author":"La Sentinelle","twitter_card":"summary_large_image","twitter_misc":{"\u00c9crit par":"La Sentinelle","Dur\u00e9e de lecture estim\u00e9e":"3 minutes"},"schema":{"@context":"https:\/\/schema.org","@graph":[{"@type":"Article","@id":"https:\/\/lasentinelle.dz\/index.php\/2022\/07\/31\/gazoduc-transsaharien-un-projet-qui-sera-realise-dans-les-delais-les-plus-brefs\/#article","isPartOf":{"@id":"https:\/\/lasentinelle.dz\/index.php\/2022\/07\/31\/gazoduc-transsaharien-un-projet-qui-sera-realise-dans-les-delais-les-plus-brefs\/"},"author":{"name":"La Sentinelle","@id":"https:\/\/lasentinelle.dz\/#\/schema\/person\/d865044e22e70a75174ce8bcad3acfb3"},"headline":"Gazoduc Transsaharien\u00a0: Un projet qui sera r\u00e9alis\u00e9 dans les d\u00e9lais les plus brefs","datePublished":"2022-07-30T23:01:00+00:00","mainEntityOfPage":{"@id":"https:\/\/lasentinelle.dz\/index.php\/2022\/07\/31\/gazoduc-transsaharien-un-projet-qui-sera-realise-dans-les-delais-les-plus-brefs\/"},"wordCount":697,"commentCount":0,"publisher":{"@id":"https:\/\/lasentinelle.dz\/#organization"},"image":{"@id":"https:\/\/lasentinelle.dz\/index.php\/2022\/07\/31\/gazoduc-transsaharien-un-projet-qui-sera-realise-dans-les-delais-les-plus-brefs\/#primaryimage"},"thumbnailUrl":"https:\/\/lasentinelle.dz\/wp-content\/uploads\/2022\/06\/gazoduc.png","articleSection":["\u00c9conomie"],"inLanguage":"fr-FR","potentialAction":[{"@type":"CommentAction","name":"Comment","target":["https:\/\/lasentinelle.dz\/index.php\/2022\/07\/31\/gazoduc-transsaharien-un-projet-qui-sera-realise-dans-les-delais-les-plus-brefs\/#respond"]}]},{"@type":"WebPage","@id":"https:\/\/lasentinelle.dz\/index.php\/2022\/07\/31\/gazoduc-transsaharien-un-projet-qui-sera-realise-dans-les-delais-les-plus-brefs\/","url":"https:\/\/lasentinelle.dz\/index.php\/2022\/07\/31\/gazoduc-transsaharien-un-projet-qui-sera-realise-dans-les-delais-les-plus-brefs\/","name":"Gazoduc Transsaharien\u00a0: Un projet qui sera r\u00e9alis\u00e9 dans les d\u00e9lais les plus brefs - La Sentinelle","isPartOf":{"@id":"https:\/\/lasentinelle.dz\/#website"},"primaryImageOfPage":{"@id":"https:\/\/lasentinelle.dz\/index.php\/2022\/07\/31\/gazoduc-transsaharien-un-projet-qui-sera-realise-dans-les-delais-les-plus-brefs\/#primaryimage"},"image":{"@id":"https:\/\/lasentinelle.dz\/index.php\/2022\/07\/31\/gazoduc-transsaharien-un-projet-qui-sera-realise-dans-les-delais-les-plus-brefs\/#primaryimage"},"thumbnailUrl":"https:\/\/lasentinelle.dz\/wp-content\/uploads\/2022\/06\/gazoduc.png","datePublished":"2022-07-30T23:01:00+00:00","breadcrumb":{"@id":"https:\/\/lasentinelle.dz\/index.php\/2022\/07\/31\/gazoduc-transsaharien-un-projet-qui-sera-realise-dans-les-delais-les-plus-brefs\/#breadcrumb"},"inLanguage":"fr-FR","potentialAction":[{"@type":"ReadAction","target":["https:\/\/lasentinelle.dz\/index.php\/2022\/07\/31\/gazoduc-transsaharien-un-projet-qui-sera-realise-dans-les-delais-les-plus-brefs\/"]}]},{"@type":"ImageObject","inLanguage":"fr-FR","@id":"https:\/\/lasentinelle.dz\/index.php\/2022\/07\/31\/gazoduc-transsaharien-un-projet-qui-sera-realise-dans-les-delais-les-plus-brefs\/#primaryimage","url":"https:\/\/lasentinelle.dz\/wp-content\/uploads\/2022\/06\/gazoduc.png","contentUrl":"https:\/\/lasentinelle.dz\/wp-content\/uploads\/2022\/06\/gazoduc.png","width":1656,"height":900},{"@type":"BreadcrumbList","@id":"https:\/\/lasentinelle.dz\/index.php\/2022\/07\/31\/gazoduc-transsaharien-un-projet-qui-sera-realise-dans-les-delais-les-plus-brefs\/#breadcrumb","itemListElement":[{"@type":"ListItem","position":1,"name":"Accueil","item":"https:\/\/lasentinelle.dz\/"},{"@type":"ListItem","position":2,"name":"Gazoduc Transsaharien\u00a0: Un projet qui sera r\u00e9alis\u00e9 dans les d\u00e9lais les plus brefs"}]},{"@type":"WebSite","@id":"https:\/\/lasentinelle.dz\/#website","url":"https:\/\/lasentinelle.dz\/","name":"La Sentinelle","description":"Quotidien national d&#039;information","publisher":{"@id":"https:\/\/lasentinelle.dz\/#organization"},"potentialAction":[{"@type":"SearchAction","target":{"@type":"EntryPoint","urlTemplate":"https:\/\/lasentinelle.dz\/?s={search_term_string}"},"query-input":{"@type":"PropertyValueSpecification","valueRequired":true,"valueName":"search_term_string"}}],"inLanguage":"fr-FR"},{"@type":"Organization","@id":"https:\/\/lasentinelle.dz\/#organization","name":"Quotidien La Sentinelle","url":"https:\/\/lasentinelle.dz\/","logo":{"@type":"ImageObject","inLanguage":"fr-FR","@id":"https:\/\/lasentinelle.dz\/#\/schema\/logo\/image\/","url":"https:\/\/lasentinelle.dz\/wp-content\/uploads\/2021\/09\/logo-sentinelleSLOGAN-1.png","contentUrl":"https:\/\/lasentinelle.dz\/wp-content\/uploads\/2021\/09\/logo-sentinelleSLOGAN-1.png","width":615,"height":142,"caption":"Quotidien La Sentinelle"},"image":{"@id":"https:\/\/lasentinelle.dz\/#\/schema\/logo\/image\/"},"sameAs":["https:\/\/www.facebook.com\/La-Sentinelle-104059864394773"]},{"@type":"Person","@id":"https:\/\/lasentinelle.dz\/#\/schema\/person\/d865044e22e70a75174ce8bcad3acfb3","name":"La Sentinelle","image":{"@type":"ImageObject","inLanguage":"fr-FR","@id":"https:\/\/secure.gravatar.com\/avatar\/57de8e5d4b15d43fb361a71fbb36338450fe67865b528a43dd10ef7c51a20392?s=96&d=mm&r=g","url":"https:\/\/secure.gravatar.com\/avatar\/57de8e5d4b15d43fb361a71fbb36338450fe67865b528a43dd10ef7c51a20392?s=96&d=mm&r=g","contentUrl":"https:\/\/secure.gravatar.com\/avatar\/57de8e5d4b15d43fb361a71fbb36338450fe67865b528a43dd10ef7c51a20392?s=96&d=mm&r=g","caption":"La Sentinelle"},"sameAs":["http:\/\/www.lasentinelle.dz"],"url":"https:\/\/lasentinelle.dz\/author\/redaction\/"}]}},"_links":{"self":[{"href":"https:\/\/lasentinelle.dz\/index.php\/wp-json\/wp\/v2\/posts\/24960","targetHints":{"allow":["GET"]}}],"collection":[{"href":"https:\/\/lasentinelle.dz\/index.php\/wp-json\/wp\/v2\/posts"}],"about":[{"href":"https:\/\/lasentinelle.dz\/index.php\/wp-json\/wp\/v2\/types\/post"}],"author":[{"embeddable":true,"href":"https:\/\/lasentinelle.dz\/index.php\/wp-json\/wp\/v2\/users\/3"}],"replies":[{"embeddable":true,"href":"https:\/\/lasentinelle.dz\/index.php\/wp-json\/wp\/v2\/comments?post=24960"}],"version-history":[{"count":1,"href":"https:\/\/lasentinelle.dz\/index.php\/wp-json\/wp\/v2\/posts\/24960\/revisions"}],"predecessor-version":[{"id":24966,"href":"https:\/\/lasentinelle.dz\/index.php\/wp-json\/wp\/v2\/posts\/24960\/revisions\/24966"}],"wp:featuredmedia":[{"embeddable":true,"href":"https:\/\/lasentinelle.dz\/index.php\/wp-json\/wp\/v2\/media\/22779"}],"wp:attachment":[{"href":"https:\/\/lasentinelle.dz\/index.php\/wp-json\/wp\/v2\/media?parent=24960"}],"wp:term":[{"taxonomy":"category","embeddable":true,"href":"https:\/\/lasentinelle.dz\/index.php\/wp-json\/wp\/v2\/categories?post=24960"},{"taxonomy":"post_tag","embeddable":true,"href":"https:\/\/lasentinelle.dz\/index.php\/wp-json\/wp\/v2\/tags?post=24960"}],"curies":[{"name":"wp","href":"https:\/\/api.w.org\/{rel}","templated":true}]}}