{"id":25006,"date":"2022-08-01T00:01:00","date_gmt":"2022-07-31T23:01:00","guid":{"rendered":"https:\/\/lasentinelle.dz\/?p=25006"},"modified":"2022-07-31T19:14:41","modified_gmt":"2022-07-31T18:14:41","slug":"rebond-des-cas-de-contaminations-a-la-covid-19-les-centres-de-vaccination-rouverts-a-annaba","status":"publish","type":"post","link":"https:\/\/lasentinelle.dz\/index.php\/2022\/08\/01\/rebond-des-cas-de-contaminations-a-la-covid-19-les-centres-de-vaccination-rouverts-a-annaba\/","title":{"rendered":"Rebond des cas de contaminations \u00e0 la Covid-19\u00a0: Les centres de vaccination rouverts \u00e0 Annaba"},"content":{"rendered":"\n<p>Apr\u00e8s une&nbsp;importante&nbsp;baisse drastique des contaminations&nbsp;au&nbsp;Covid-19, la courbe&nbsp;des cas renoue avec la hausse.&nbsp;La n\u00e9gligence des gestes de pr\u00e9vention semble \u00eatre \u00e0 l\u2019origine de la reprise de la pand\u00e9mie du coronavirus. Situation qui a suscit\u00e9 une fois encore la mobilisation de la&nbsp;Direction de la sant\u00e9 et de la population (DSP) de la wilaya d\u2019Annaba. Afin de parer \u00e0 toute \u00e9ventualit\u00e9, la DSP a d\u00e9cid\u00e9&nbsp;de reprendre&nbsp;des campagnes de vaccinations&nbsp;\u00e0 grande \u00e9chelle. La reprise des op\u00e9rations de vaccination est motiv\u00e9e par&nbsp;&nbsp;l\u2019apparition de nouveaux variants plus contagieux, et la crainte de l\u2019aggravation de la situation sanitaire. Celle-ci qui&nbsp;s\u2019\u00e9tait&nbsp;nettement am\u00e9lior\u00e9e&nbsp;&nbsp;\u00e0 Annaba o\u00f9, depuis plusieurs mois, z\u00e9ro cas Covid-19&nbsp;sont&nbsp;enregistr\u00e9s&nbsp;dans les CHU d\u2019Annaba. Les services dits Covid-19, \u00e9taient totalement vide, avant que quelques cas ne r\u00e9apparaissent. Selon les professionnels de la sant\u00e9,&nbsp;cette hausse est caus\u00e9e par&nbsp;&nbsp;la n\u00e9gligence des mesures de pr\u00e9vention, distanciation physique et le d\u00e9faut du port de bavettes.&nbsp;Ce rel\u00e2chement&nbsp;a pouss\u00e9&nbsp;&nbsp;les autorit\u00e9s sanitaires de la wilaya d\u2019Annaba&nbsp;\u00e0 rouvrir&nbsp;des points de vaccination. Selon le Dr Khanouf Moncef, du CHU d&rsquo;Annaba, l&rsquo;Alg\u00e9rie s\u2019achemine vers une 5<sup>e<\/sup>&nbsp;vague de contamination par l\u2019Omicron BA5. Et la vaccination reste l\u2019unique moyen pour \u00e9viter la propagation&nbsp;du&nbsp;Covid-19 et ses variants\u00a0\u00bb, a fait savoir notre interlocuteur. Un avis&nbsp;partag\u00e9 par l\u2019ensemble des professionnels de la sant\u00e9&nbsp;\u00e0 Annaba, lesquels rappellent&nbsp;les cons\u00e9quences de la premi\u00e8re vague de la pand\u00e9mie, mettant en avant le nombre de pertes de vies humaines et le combat qu\u2019ils ont men\u00e9 pour venir \u00e0 bout de la pand\u00e9mie. C\u2019est pourquoi, aujourd\u2019hui et plus que jamais, les populations sont appel\u00e9es \u00e0 adh\u00e9rer au processus de vaccination. Un appel lanc\u00e9 notamment en direction des r\u00e9fractaires afin de se faire vacciner pour pr\u00e9server leur vie et celle des leurs.&nbsp;&nbsp;Un appel lanc\u00e9 \u00e9galement par la direction de la sant\u00e9 et de la population (DSP) de la wilaya d\u2019Annaba. Celle-ci qui a mobilis\u00e9 encore une fois, tous les moyens humains et mat\u00e9riels afin d\u2019assurer un bon d\u00e9roulement de cette nouvelle campagne de vaccination. Selon les explications apport\u00e9es par&nbsp;le DSP, le Pr Mohamed Nacer Daameche, le processus de vaccination s\u2019effectuera, entre autres au niveau des \u00e9tablissements hospitaliers, les EPSP d\u2019El Hadjar, de Berrahal et au centre de sant\u00e9 de Larbi Khrouf d\u2019Annaba. Le m\u00eame responsable a tenu \u00e0 pr\u00e9ciser que l\u2019op\u00e9ration de vaccination&nbsp;estgratuite pour tous les citoyens. Le DSP a, par la m\u00eame occasion, invit\u00e9 l\u2019ensemble de la population \u00e0 se faire vacciner&nbsp;afin de contrecarrer les \u00e9ventuelles contaminations dans les semaines et mois \u00e0 venir. Outre la mise en place de toutes les conditions pour assurer une bonne campagne de vaccination, il est utile de noter que la wilaya d\u2019Annaba dispose de quantit\u00e9s suffisantes de vaccins. En effet, la DSP de la wilaya d\u2019Annaba a re\u00e7u au cours de la semaine \u00e9coul\u00e9e pas moins de 10.000 doses de vaccin anti-Covid-19 (Johnson &amp; Johnson) livr\u00e9s par&nbsp;&nbsp;l&rsquo;Institut Pasteur d&rsquo;Alger (IPA) et que la wilaya s&rsquo;appr\u00eate \u00e0 recevoir dans les prochains jours un deuxi\u00e8me lot du vaccin pendant que d\u2019autres livraisons suivront, jusqu\u2019\u00e0 atteindre l\u2019immunit\u00e9 collective.&nbsp;&nbsp;<\/p>\n\n\n\n<p><strong>Sofia Chahine<\/strong><\/p>\n","protected":false},"excerpt":{"rendered":"<p>Apr\u00e8s une&nbsp;importante&nbsp;baisse drastique des contaminations&nbsp;au&nbsp;Covid-19, la courbe&nbsp;des cas renoue avec la hausse.&nbsp;La n\u00e9gligence des gestes de pr\u00e9vention semble \u00eatre \u00e0<\/p>\n","protected":false},"author":3,"featured_media":16071,"comment_status":"open","ping_status":"closed","sticky":false,"template":"","format":"standard","meta":{"colormag_page_container_layout":"default_layout","colormag_page_sidebar_layout":"default_layout","om_disable_all_campaigns":false,"_monsterinsights_skip_tracking":false,"_monsterinsights_sitenote_active":false,"_monsterinsights_sitenote_note":"","_monsterinsights_sitenote_category":0,"footnotes":"","_wpscppro_dont_share_socialmedia":false,"_wpscppro_custom_social_share_image":0,"_facebook_share_type":"","_twitter_share_type":"","_linkedin_share_type":"","_pinterest_share_type":"","_linkedin_share_type_page":"","_instagram_share_type":"","_medium_share_type":"","_threads_share_type":"","_google_business_share_type":"","_selected_social_profile":[],"_wpsp_enable_custom_social_template":false,"_wpsp_social_scheduling":{"enabled":false,"datetime":null,"platforms":[],"status":"template_only","dateOption":"today","timeOption":"now","customDays":"","customHours":"","customDate":"","customTime":"","schedulingType":"absolute"},"_wpsp_active_default_template":true},"categories":[27],"tags":[],"class_list":["post-25006","post","type-post","status-publish","format-standard","has-post-thumbnail","hentry","category-actualite"],"aioseo_notices":[],"yoast_head":"<!-- This site is optimized with the Yoast SEO plugin v27.5 - https:\/\/yoast.com\/product\/yoast-seo-wordpress\/ -->\n<title>Rebond des cas de contaminations \u00e0 la Covid-19\u00a0: Les centres de vaccination rouverts \u00e0 Annaba - La Sentinelle<\/title>\n<meta name=\"robots\" content=\"index, follow, max-snippet:-1, max-image-preview:large, max-video-preview:-1\" \/>\n<link rel=\"canonical\" href=\"https:\/\/lasentinelle.dz\/index.php\/2022\/08\/01\/rebond-des-cas-de-contaminations-a-la-covid-19-les-centres-de-vaccination-rouverts-a-annaba\/\" \/>\n<meta property=\"og:locale\" content=\"fr_FR\" \/>\n<meta property=\"og:type\" content=\"article\" \/>\n<meta property=\"og:title\" content=\"Rebond des cas de contaminations \u00e0 la Covid-19\u00a0: Les centres de vaccination rouverts \u00e0 Annaba - La Sentinelle\" \/>\n<meta property=\"og:description\" content=\"Apr\u00e8s une&nbsp;importante&nbsp;baisse drastique des contaminations&nbsp;au&nbsp;Covid-19, la courbe&nbsp;des cas renoue avec la hausse.&nbsp;La n\u00e9gligence des gestes de pr\u00e9vention semble \u00eatre \u00e0\" \/>\n<meta property=\"og:url\" content=\"https:\/\/lasentinelle.dz\/index.php\/2022\/08\/01\/rebond-des-cas-de-contaminations-a-la-covid-19-les-centres-de-vaccination-rouverts-a-annaba\/\" \/>\n<meta property=\"og:site_name\" content=\"La Sentinelle\" \/>\n<meta property=\"article:publisher\" content=\"https:\/\/www.facebook.com\/La-Sentinelle-104059864394773\" \/>\n<meta property=\"article:published_time\" content=\"2022-07-31T23:01:00+00:00\" \/>\n<meta property=\"og:image\" content=\"https:\/\/lasentinelle.dz\/wp-content\/uploads\/2022\/01\/vaccination.png\" \/>\n\t<meta property=\"og:image:width\" content=\"1349\" \/>\n\t<meta property=\"og:image:height\" content=\"900\" \/>\n\t<meta property=\"og:image:type\" content=\"image\/png\" \/>\n<meta name=\"author\" content=\"La Sentinelle\" \/>\n<meta name=\"twitter:card\" content=\"summary_large_image\" \/>\n<meta name=\"twitter:label1\" content=\"\u00c9crit par\" \/>\n\t<meta name=\"twitter:data1\" content=\"La Sentinelle\" \/>\n\t<meta name=\"twitter:label2\" content=\"Dur\u00e9e de lecture estim\u00e9e\" \/>\n\t<meta name=\"twitter:data2\" content=\"3 minutes\" \/>\n<script type=\"application\/ld+json\" class=\"yoast-schema-graph\">{\"@context\":\"https:\\\/\\\/schema.org\",\"@graph\":[{\"@type\":\"Article\",\"@id\":\"https:\\\/\\\/lasentinelle.dz\\\/index.php\\\/2022\\\/08\\\/01\\\/rebond-des-cas-de-contaminations-a-la-covid-19-les-centres-de-vaccination-rouverts-a-annaba\\\/#article\",\"isPartOf\":{\"@id\":\"https:\\\/\\\/lasentinelle.dz\\\/index.php\\\/2022\\\/08\\\/01\\\/rebond-des-cas-de-contaminations-a-la-covid-19-les-centres-de-vaccination-rouverts-a-annaba\\\/\"},\"author\":{\"name\":\"La Sentinelle\",\"@id\":\"https:\\\/\\\/lasentinelle.dz\\\/#\\\/schema\\\/person\\\/d865044e22e70a75174ce8bcad3acfb3\"},\"headline\":\"Rebond des cas de contaminations \u00e0 la Covid-19\u00a0: Les centres de vaccination rouverts \u00e0 Annaba\",\"datePublished\":\"2022-07-31T23:01:00+00:00\",\"mainEntityOfPage\":{\"@id\":\"https:\\\/\\\/lasentinelle.dz\\\/index.php\\\/2022\\\/08\\\/01\\\/rebond-des-cas-de-contaminations-a-la-covid-19-les-centres-de-vaccination-rouverts-a-annaba\\\/\"},\"wordCount\":632,\"commentCount\":0,\"publisher\":{\"@id\":\"https:\\\/\\\/lasentinelle.dz\\\/#organization\"},\"image\":{\"@id\":\"https:\\\/\\\/lasentinelle.dz\\\/index.php\\\/2022\\\/08\\\/01\\\/rebond-des-cas-de-contaminations-a-la-covid-19-les-centres-de-vaccination-rouverts-a-annaba\\\/#primaryimage\"},\"thumbnailUrl\":\"https:\\\/\\\/lasentinelle.dz\\\/wp-content\\\/uploads\\\/2022\\\/01\\\/vaccination.png\",\"articleSection\":[\"Actualit\u00e9\"],\"inLanguage\":\"fr-FR\",\"potentialAction\":[{\"@type\":\"CommentAction\",\"name\":\"Comment\",\"target\":[\"https:\\\/\\\/lasentinelle.dz\\\/index.php\\\/2022\\\/08\\\/01\\\/rebond-des-cas-de-contaminations-a-la-covid-19-les-centres-de-vaccination-rouverts-a-annaba\\\/#respond\"]}]},{\"@type\":\"WebPage\",\"@id\":\"https:\\\/\\\/lasentinelle.dz\\\/index.php\\\/2022\\\/08\\\/01\\\/rebond-des-cas-de-contaminations-a-la-covid-19-les-centres-de-vaccination-rouverts-a-annaba\\\/\",\"url\":\"https:\\\/\\\/lasentinelle.dz\\\/index.php\\\/2022\\\/08\\\/01\\\/rebond-des-cas-de-contaminations-a-la-covid-19-les-centres-de-vaccination-rouverts-a-annaba\\\/\",\"name\":\"Rebond des cas de contaminations \u00e0 la Covid-19\u00a0: Les centres de vaccination rouverts \u00e0 Annaba - La Sentinelle\",\"isPartOf\":{\"@id\":\"https:\\\/\\\/lasentinelle.dz\\\/#website\"},\"primaryImageOfPage\":{\"@id\":\"https:\\\/\\\/lasentinelle.dz\\\/index.php\\\/2022\\\/08\\\/01\\\/rebond-des-cas-de-contaminations-a-la-covid-19-les-centres-de-vaccination-rouverts-a-annaba\\\/#primaryimage\"},\"image\":{\"@id\":\"https:\\\/\\\/lasentinelle.dz\\\/index.php\\\/2022\\\/08\\\/01\\\/rebond-des-cas-de-contaminations-a-la-covid-19-les-centres-de-vaccination-rouverts-a-annaba\\\/#primaryimage\"},\"thumbnailUrl\":\"https:\\\/\\\/lasentinelle.dz\\\/wp-content\\\/uploads\\\/2022\\\/01\\\/vaccination.png\",\"datePublished\":\"2022-07-31T23:01:00+00:00\",\"breadcrumb\":{\"@id\":\"https:\\\/\\\/lasentinelle.dz\\\/index.php\\\/2022\\\/08\\\/01\\\/rebond-des-cas-de-contaminations-a-la-covid-19-les-centres-de-vaccination-rouverts-a-annaba\\\/#breadcrumb\"},\"inLanguage\":\"fr-FR\",\"potentialAction\":[{\"@type\":\"ReadAction\",\"target\":[\"https:\\\/\\\/lasentinelle.dz\\\/index.php\\\/2022\\\/08\\\/01\\\/rebond-des-cas-de-contaminations-a-la-covid-19-les-centres-de-vaccination-rouverts-a-annaba\\\/\"]}]},{\"@type\":\"ImageObject\",\"inLanguage\":\"fr-FR\",\"@id\":\"https:\\\/\\\/lasentinelle.dz\\\/index.php\\\/2022\\\/08\\\/01\\\/rebond-des-cas-de-contaminations-a-la-covid-19-les-centres-de-vaccination-rouverts-a-annaba\\\/#primaryimage\",\"url\":\"https:\\\/\\\/lasentinelle.dz\\\/wp-content\\\/uploads\\\/2022\\\/01\\\/vaccination.png\",\"contentUrl\":\"https:\\\/\\\/lasentinelle.dz\\\/wp-content\\\/uploads\\\/2022\\\/01\\\/vaccination.png\",\"width\":1349,\"height\":900},{\"@type\":\"BreadcrumbList\",\"@id\":\"https:\\\/\\\/lasentinelle.dz\\\/index.php\\\/2022\\\/08\\\/01\\\/rebond-des-cas-de-contaminations-a-la-covid-19-les-centres-de-vaccination-rouverts-a-annaba\\\/#breadcrumb\",\"itemListElement\":[{\"@type\":\"ListItem\",\"position\":1,\"name\":\"Accueil\",\"item\":\"https:\\\/\\\/lasentinelle.dz\\\/\"},{\"@type\":\"ListItem\",\"position\":2,\"name\":\"Rebond des cas de contaminations \u00e0 la Covid-19\u00a0: Les centres de vaccination rouverts \u00e0 Annaba\"}]},{\"@type\":\"WebSite\",\"@id\":\"https:\\\/\\\/lasentinelle.dz\\\/#website\",\"url\":\"https:\\\/\\\/lasentinelle.dz\\\/\",\"name\":\"La Sentinelle\",\"description\":\"Quotidien national d&#039;information\",\"publisher\":{\"@id\":\"https:\\\/\\\/lasentinelle.dz\\\/#organization\"},\"potentialAction\":[{\"@type\":\"SearchAction\",\"target\":{\"@type\":\"EntryPoint\",\"urlTemplate\":\"https:\\\/\\\/lasentinelle.dz\\\/?s={search_term_string}\"},\"query-input\":{\"@type\":\"PropertyValueSpecification\",\"valueRequired\":true,\"valueName\":\"search_term_string\"}}],\"inLanguage\":\"fr-FR\"},{\"@type\":\"Organization\",\"@id\":\"https:\\\/\\\/lasentinelle.dz\\\/#organization\",\"name\":\"Quotidien La Sentinelle\",\"url\":\"https:\\\/\\\/lasentinelle.dz\\\/\",\"logo\":{\"@type\":\"ImageObject\",\"inLanguage\":\"fr-FR\",\"@id\":\"https:\\\/\\\/lasentinelle.dz\\\/#\\\/schema\\\/logo\\\/image\\\/\",\"url\":\"https:\\\/\\\/lasentinelle.dz\\\/wp-content\\\/uploads\\\/2021\\\/09\\\/logo-sentinelleSLOGAN-1.png\",\"contentUrl\":\"https:\\\/\\\/lasentinelle.dz\\\/wp-content\\\/uploads\\\/2021\\\/09\\\/logo-sentinelleSLOGAN-1.png\",\"width\":615,\"height\":142,\"caption\":\"Quotidien La Sentinelle\"},\"image\":{\"@id\":\"https:\\\/\\\/lasentinelle.dz\\\/#\\\/schema\\\/logo\\\/image\\\/\"},\"sameAs\":[\"https:\\\/\\\/www.facebook.com\\\/La-Sentinelle-104059864394773\"]},{\"@type\":\"Person\",\"@id\":\"https:\\\/\\\/lasentinelle.dz\\\/#\\\/schema\\\/person\\\/d865044e22e70a75174ce8bcad3acfb3\",\"name\":\"La Sentinelle\",\"image\":{\"@type\":\"ImageObject\",\"inLanguage\":\"fr-FR\",\"@id\":\"https:\\\/\\\/secure.gravatar.com\\\/avatar\\\/57de8e5d4b15d43fb361a71fbb36338450fe67865b528a43dd10ef7c51a20392?s=96&d=mm&r=g\",\"url\":\"https:\\\/\\\/secure.gravatar.com\\\/avatar\\\/57de8e5d4b15d43fb361a71fbb36338450fe67865b528a43dd10ef7c51a20392?s=96&d=mm&r=g\",\"contentUrl\":\"https:\\\/\\\/secure.gravatar.com\\\/avatar\\\/57de8e5d4b15d43fb361a71fbb36338450fe67865b528a43dd10ef7c51a20392?s=96&d=mm&r=g\",\"caption\":\"La Sentinelle\"},\"sameAs\":[\"http:\\\/\\\/www.lasentinelle.dz\"],\"url\":\"https:\\\/\\\/lasentinelle.dz\\\/author\\\/redaction\\\/\"}]}<\/script>\n<!-- \/ Yoast SEO plugin. -->","yoast_head_json":{"title":"Rebond des cas de contaminations \u00e0 la Covid-19\u00a0: Les centres de vaccination rouverts \u00e0 Annaba - La Sentinelle","robots":{"index":"index","follow":"follow","max-snippet":"max-snippet:-1","max-image-preview":"max-image-preview:large","max-video-preview":"max-video-preview:-1"},"canonical":"https:\/\/lasentinelle.dz\/index.php\/2022\/08\/01\/rebond-des-cas-de-contaminations-a-la-covid-19-les-centres-de-vaccination-rouverts-a-annaba\/","og_locale":"fr_FR","og_type":"article","og_title":"Rebond des cas de contaminations \u00e0 la Covid-19\u00a0: Les centres de vaccination rouverts \u00e0 Annaba - La Sentinelle","og_description":"Apr\u00e8s une&nbsp;importante&nbsp;baisse drastique des contaminations&nbsp;au&nbsp;Covid-19, la courbe&nbsp;des cas renoue avec la hausse.&nbsp;La n\u00e9gligence des gestes de pr\u00e9vention semble \u00eatre \u00e0","og_url":"https:\/\/lasentinelle.dz\/index.php\/2022\/08\/01\/rebond-des-cas-de-contaminations-a-la-covid-19-les-centres-de-vaccination-rouverts-a-annaba\/","og_site_name":"La Sentinelle","article_publisher":"https:\/\/www.facebook.com\/La-Sentinelle-104059864394773","article_published_time":"2022-07-31T23:01:00+00:00","og_image":[{"width":1349,"height":900,"url":"https:\/\/lasentinelle.dz\/wp-content\/uploads\/2022\/01\/vaccination.png","type":"image\/png"}],"author":"La Sentinelle","twitter_card":"summary_large_image","twitter_misc":{"\u00c9crit par":"La Sentinelle","Dur\u00e9e de lecture estim\u00e9e":"3 minutes"},"schema":{"@context":"https:\/\/schema.org","@graph":[{"@type":"Article","@id":"https:\/\/lasentinelle.dz\/index.php\/2022\/08\/01\/rebond-des-cas-de-contaminations-a-la-covid-19-les-centres-de-vaccination-rouverts-a-annaba\/#article","isPartOf":{"@id":"https:\/\/lasentinelle.dz\/index.php\/2022\/08\/01\/rebond-des-cas-de-contaminations-a-la-covid-19-les-centres-de-vaccination-rouverts-a-annaba\/"},"author":{"name":"La Sentinelle","@id":"https:\/\/lasentinelle.dz\/#\/schema\/person\/d865044e22e70a75174ce8bcad3acfb3"},"headline":"Rebond des cas de contaminations \u00e0 la Covid-19\u00a0: Les centres de vaccination rouverts \u00e0 Annaba","datePublished":"2022-07-31T23:01:00+00:00","mainEntityOfPage":{"@id":"https:\/\/lasentinelle.dz\/index.php\/2022\/08\/01\/rebond-des-cas-de-contaminations-a-la-covid-19-les-centres-de-vaccination-rouverts-a-annaba\/"},"wordCount":632,"commentCount":0,"publisher":{"@id":"https:\/\/lasentinelle.dz\/#organization"},"image":{"@id":"https:\/\/lasentinelle.dz\/index.php\/2022\/08\/01\/rebond-des-cas-de-contaminations-a-la-covid-19-les-centres-de-vaccination-rouverts-a-annaba\/#primaryimage"},"thumbnailUrl":"https:\/\/lasentinelle.dz\/wp-content\/uploads\/2022\/01\/vaccination.png","articleSection":["Actualit\u00e9"],"inLanguage":"fr-FR","potentialAction":[{"@type":"CommentAction","name":"Comment","target":["https:\/\/lasentinelle.dz\/index.php\/2022\/08\/01\/rebond-des-cas-de-contaminations-a-la-covid-19-les-centres-de-vaccination-rouverts-a-annaba\/#respond"]}]},{"@type":"WebPage","@id":"https:\/\/lasentinelle.dz\/index.php\/2022\/08\/01\/rebond-des-cas-de-contaminations-a-la-covid-19-les-centres-de-vaccination-rouverts-a-annaba\/","url":"https:\/\/lasentinelle.dz\/index.php\/2022\/08\/01\/rebond-des-cas-de-contaminations-a-la-covid-19-les-centres-de-vaccination-rouverts-a-annaba\/","name":"Rebond des cas de contaminations \u00e0 la Covid-19\u00a0: Les centres de vaccination rouverts \u00e0 Annaba - La Sentinelle","isPartOf":{"@id":"https:\/\/lasentinelle.dz\/#website"},"primaryImageOfPage":{"@id":"https:\/\/lasentinelle.dz\/index.php\/2022\/08\/01\/rebond-des-cas-de-contaminations-a-la-covid-19-les-centres-de-vaccination-rouverts-a-annaba\/#primaryimage"},"image":{"@id":"https:\/\/lasentinelle.dz\/index.php\/2022\/08\/01\/rebond-des-cas-de-contaminations-a-la-covid-19-les-centres-de-vaccination-rouverts-a-annaba\/#primaryimage"},"thumbnailUrl":"https:\/\/lasentinelle.dz\/wp-content\/uploads\/2022\/01\/vaccination.png","datePublished":"2022-07-31T23:01:00+00:00","breadcrumb":{"@id":"https:\/\/lasentinelle.dz\/index.php\/2022\/08\/01\/rebond-des-cas-de-contaminations-a-la-covid-19-les-centres-de-vaccination-rouverts-a-annaba\/#breadcrumb"},"inLanguage":"fr-FR","potentialAction":[{"@type":"ReadAction","target":["https:\/\/lasentinelle.dz\/index.php\/2022\/08\/01\/rebond-des-cas-de-contaminations-a-la-covid-19-les-centres-de-vaccination-rouverts-a-annaba\/"]}]},{"@type":"ImageObject","inLanguage":"fr-FR","@id":"https:\/\/lasentinelle.dz\/index.php\/2022\/08\/01\/rebond-des-cas-de-contaminations-a-la-covid-19-les-centres-de-vaccination-rouverts-a-annaba\/#primaryimage","url":"https:\/\/lasentinelle.dz\/wp-content\/uploads\/2022\/01\/vaccination.png","contentUrl":"https:\/\/lasentinelle.dz\/wp-content\/uploads\/2022\/01\/vaccination.png","width":1349,"height":900},{"@type":"BreadcrumbList","@id":"https:\/\/lasentinelle.dz\/index.php\/2022\/08\/01\/rebond-des-cas-de-contaminations-a-la-covid-19-les-centres-de-vaccination-rouverts-a-annaba\/#breadcrumb","itemListElement":[{"@type":"ListItem","position":1,"name":"Accueil","item":"https:\/\/lasentinelle.dz\/"},{"@type":"ListItem","position":2,"name":"Rebond des cas de contaminations \u00e0 la Covid-19\u00a0: Les centres de vaccination rouverts \u00e0 Annaba"}]},{"@type":"WebSite","@id":"https:\/\/lasentinelle.dz\/#website","url":"https:\/\/lasentinelle.dz\/","name":"La Sentinelle","description":"Quotidien national d&#039;information","publisher":{"@id":"https:\/\/lasentinelle.dz\/#organization"},"potentialAction":[{"@type":"SearchAction","target":{"@type":"EntryPoint","urlTemplate":"https:\/\/lasentinelle.dz\/?s={search_term_string}"},"query-input":{"@type":"PropertyValueSpecification","valueRequired":true,"valueName":"search_term_string"}}],"inLanguage":"fr-FR"},{"@type":"Organization","@id":"https:\/\/lasentinelle.dz\/#organization","name":"Quotidien La Sentinelle","url":"https:\/\/lasentinelle.dz\/","logo":{"@type":"ImageObject","inLanguage":"fr-FR","@id":"https:\/\/lasentinelle.dz\/#\/schema\/logo\/image\/","url":"https:\/\/lasentinelle.dz\/wp-content\/uploads\/2021\/09\/logo-sentinelleSLOGAN-1.png","contentUrl":"https:\/\/lasentinelle.dz\/wp-content\/uploads\/2021\/09\/logo-sentinelleSLOGAN-1.png","width":615,"height":142,"caption":"Quotidien La Sentinelle"},"image":{"@id":"https:\/\/lasentinelle.dz\/#\/schema\/logo\/image\/"},"sameAs":["https:\/\/www.facebook.com\/La-Sentinelle-104059864394773"]},{"@type":"Person","@id":"https:\/\/lasentinelle.dz\/#\/schema\/person\/d865044e22e70a75174ce8bcad3acfb3","name":"La Sentinelle","image":{"@type":"ImageObject","inLanguage":"fr-FR","@id":"https:\/\/secure.gravatar.com\/avatar\/57de8e5d4b15d43fb361a71fbb36338450fe67865b528a43dd10ef7c51a20392?s=96&d=mm&r=g","url":"https:\/\/secure.gravatar.com\/avatar\/57de8e5d4b15d43fb361a71fbb36338450fe67865b528a43dd10ef7c51a20392?s=96&d=mm&r=g","contentUrl":"https:\/\/secure.gravatar.com\/avatar\/57de8e5d4b15d43fb361a71fbb36338450fe67865b528a43dd10ef7c51a20392?s=96&d=mm&r=g","caption":"La Sentinelle"},"sameAs":["http:\/\/www.lasentinelle.dz"],"url":"https:\/\/lasentinelle.dz\/author\/redaction\/"}]}},"_links":{"self":[{"href":"https:\/\/lasentinelle.dz\/index.php\/wp-json\/wp\/v2\/posts\/25006","targetHints":{"allow":["GET"]}}],"collection":[{"href":"https:\/\/lasentinelle.dz\/index.php\/wp-json\/wp\/v2\/posts"}],"about":[{"href":"https:\/\/lasentinelle.dz\/index.php\/wp-json\/wp\/v2\/types\/post"}],"author":[{"embeddable":true,"href":"https:\/\/lasentinelle.dz\/index.php\/wp-json\/wp\/v2\/users\/3"}],"replies":[{"embeddable":true,"href":"https:\/\/lasentinelle.dz\/index.php\/wp-json\/wp\/v2\/comments?post=25006"}],"version-history":[{"count":1,"href":"https:\/\/lasentinelle.dz\/index.php\/wp-json\/wp\/v2\/posts\/25006\/revisions"}],"predecessor-version":[{"id":25018,"href":"https:\/\/lasentinelle.dz\/index.php\/wp-json\/wp\/v2\/posts\/25006\/revisions\/25018"}],"wp:featuredmedia":[{"embeddable":true,"href":"https:\/\/lasentinelle.dz\/index.php\/wp-json\/wp\/v2\/media\/16071"}],"wp:attachment":[{"href":"https:\/\/lasentinelle.dz\/index.php\/wp-json\/wp\/v2\/media?parent=25006"}],"wp:term":[{"taxonomy":"category","embeddable":true,"href":"https:\/\/lasentinelle.dz\/index.php\/wp-json\/wp\/v2\/categories?post=25006"},{"taxonomy":"post_tag","embeddable":true,"href":"https:\/\/lasentinelle.dz\/index.php\/wp-json\/wp\/v2\/tags?post=25006"}],"curies":[{"name":"wp","href":"https:\/\/api.w.org\/{rel}","templated":true}]}}