{"id":25014,"date":"2022-08-01T00:05:00","date_gmt":"2022-07-31T23:05:00","guid":{"rendered":"https:\/\/lasentinelle.dz\/?p=25014"},"modified":"2022-07-31T19:51:13","modified_gmt":"2022-07-31T18:51:13","slug":"il-a-reitere-son-appel-a-defendre-les-interets-de-la-nation-le-ffs-plaide-pour-un-dialogue-politique-serieux","status":"publish","type":"post","link":"https:\/\/lasentinelle.dz\/index.php\/2022\/08\/01\/il-a-reitere-son-appel-a-defendre-les-interets-de-la-nation-le-ffs-plaide-pour-un-dialogue-politique-serieux\/","title":{"rendered":"Il a r\u00e9it\u00e9r\u00e9 son appel \u00e0 d\u00e9fendre les int\u00e9r\u00eats de la\u00a0Nation\u00a0:\u00a0Le FFS\u00a0plaide pour un dialogue politique s\u00e9rieux"},"content":{"rendered":"\n<p>L\u2019enjeu du rassemblement et de la mobilisation patriotique est consid\u00e9r\u00e9 par le FFS comme \u00e9l\u00e9ment dorsal&nbsp;afind\u2019asseoir les jalons d\u2019un front interne qui rassemblera toutes les forces vives de la patrie.&nbsp;Le FFS&nbsp;ne&nbsp;ferme&nbsp;pas&nbsp;les yeux sur d\u2019autres aspects d\u2019ordre d\u2019importance en politique, tel que la mise en place et la concr\u00e9tisation de mesures d\u2019apaisement visant la lib\u00e9ration des d\u00e9tenus d\u2019opinion et l\u2019ouverture du champ m\u00e9diatique et politique via un dialogue s\u00e9rieux et responsable<\/p>\n\n\n\n<p>Le Front des forces socialistes (FFS), a rappel\u00e9 ses positions quant \u00e0 la mobilisation dans la perspective de resserrer les rangs pour la d\u00e9fense de la&nbsp;Nation et les constantes nationales du pays.&nbsp;C\u2019\u00e9tait lors de la rencontre r\u00e9gionale des f\u00e9d\u00e9rations du parti dans l\u2019Est du pays pour mettre en branle les pr\u00e9paratifs du 6<sup>e<\/sup>&nbsp;Congr\u00e8s national du parti fix\u00e9 pour les 29, 30 septembre et 1er octobre&nbsp;prochains, que le premier secr\u00e9taire du FFS, Youcef Aouchiche, a tir\u00e9 la sonnette d\u2019alarme \u00e0 propos de la situation sensible qui guette le pays au niveau r\u00e9gional et international.&nbsp;Sans ce sens, le premier secr\u00e9taire du FFS a soulign\u00e9 que \u00ab le FFS r\u00e9affirme ses positions pour favoriser le dialogue, r\u00e9habiliter l\u2019acte politique et renforcer les rangs nationaux pour l\u2019int\u00e9r\u00eat de la&nbsp;Nation \u00bb, et d\u2019ajouter&nbsp;que&nbsp;\u00ab la sc\u00e8ne internationale est caract\u00e9ris\u00e9e par le flou et en pleine effervescence, il faut unir les rangs pour faire face aux d\u00e9fis impos\u00e9s \u00bb.&nbsp;L\u2019enjeu de l\u2019unit\u00e9 nationale est avanc\u00e9 comme \u00e9l\u00e9ment pr\u00e9pond\u00e9rant dans le discours de la direction du FFS. Cette approche se justifie par rapport aux s\u00e9rieuses menaces qui se dessinent contre la stabilit\u00e9 de l\u2019Etat et de ses institutions.&nbsp;&nbsp;<\/p>\n\n\n\n<p>Faire le lien entre les dangers qui se dressent aux fronti\u00e8res du pays et ce qui de dessinent au plan international par le retour de la doctrine des va-t-en-guerre, renseigne sur la d\u00e9marche que le FFS&nbsp;a&nbsp;adopt\u00e9 dans la perspective d\u2019\u00e9clairer la soci\u00e9t\u00e9 et la classe politique sur les risques potentiels qui ciblent le pays et la situation f\u00e9brile qui caract\u00e9rise le monde actuel.&nbsp;Dans le m\u00eame sillage, le premier secr\u00e9taire a soulign\u00e9 que \u00ab l\u2019heure est \u00e0 un discours responsable et national, en refusant toute atteinte aux constantes nationales et \u00e0 l\u2019unit\u00e9 du pays \u00bb, a-t-il insist\u00e9.&nbsp;Cette ligne politique du FFS coupe court avec les atermoiements et les tergiversations de certaines forces politiques qui cultivent l\u2019opacit\u00e9 quant aux v\u00e9ritables pr\u00e9alables qui s\u2019imposent au pays \u00e0 l\u2019aune des r\u00e9ajustements qui affectent sa r\u00e9gion.&nbsp;Le FFS se veut autonome dans sa d\u00e9marche politique, mais la notion de l\u2019Etat est compl\u00e8tement nuanc\u00e9e par rapport aux jeux politiques et au recentrage conjoncturel et tactique chers aux partis politiques.<\/p>\n\n\n\n<p>Cette clart\u00e9 ne veut pas dire que le FFS ferme les yeux sur d\u2019autres aspects d\u2019ordre d\u2019importance en politique, tel que la mise en place et la concr\u00e9tisation de mesures d\u2019apaisement visant la lib\u00e9ration des d\u00e9tenus d\u2019opinion et l\u2019ouverture du champ m\u00e9diatique et politique via un dialogue s\u00e9rieux et responsable qui r\u00e9unira l\u2019ensemble du spectre politique national.&nbsp;C\u2019est cette d\u00e9marcation qui permet au FFS d\u2019avoir une approche patriotique sans pour autant sacrifier sa ligne politique et se laisser diluer dans d\u2019autres projets et programmes aux antipodes de la sienne.<\/p>\n\n\n\n<p>L\u2019enjeu du rassemblement et de la mobilisation patriotique est consid\u00e9r\u00e9 par le FFS comme \u00e9l\u00e9ment dorsal dans la perspective d\u2019asseoir les jalons d\u2019un front interne qui rassemblera toutes les forces vives de la&nbsp;Patrie.&nbsp;L\u2019appel du FFS \u00e0 renforcer les rangs pour la d\u00e9fense de la nation est un acte qui doit constituer l\u2019exemple des autres formations et mouvances politiques.&nbsp;C\u2019est un geste qui renseigne sur le degr\u00e9 de maturit\u00e9 politique qui exige de faire la part des choses et quand il faut laisser les aspects partisans de c\u00f4t\u00e9 pour se consacrer aux int\u00e9r\u00eats de la nation et de la d\u00e9fense de la s\u00e9curit\u00e9 nationale et de la souverainet\u00e9 du pays.<\/p>\n\n\n\n<p><strong>Rachid Nassouti<\/strong><\/p>\n","protected":false},"excerpt":{"rendered":"<p>L\u2019enjeu du rassemblement et de la mobilisation patriotique est consid\u00e9r\u00e9 par le FFS comme \u00e9l\u00e9ment dorsal&nbsp;afind\u2019asseoir les jalons d\u2019un front<\/p>\n","protected":false},"author":3,"featured_media":25021,"comment_status":"open","ping_status":"closed","sticky":false,"template":"","format":"standard","meta":{"colormag_page_container_layout":"default_layout","colormag_page_sidebar_layout":"default_layout","om_disable_all_campaigns":false,"_monsterinsights_skip_tracking":false,"_monsterinsights_sitenote_active":false,"_monsterinsights_sitenote_note":"","_monsterinsights_sitenote_category":0,"footnotes":"","_wpscppro_dont_share_socialmedia":false,"_wpscppro_custom_social_share_image":0,"_facebook_share_type":"","_twitter_share_type":"","_linkedin_share_type":"","_pinterest_share_type":"","_linkedin_share_type_page":"","_instagram_share_type":"","_medium_share_type":"","_threads_share_type":"","_google_business_share_type":"","_selected_social_profile":[],"_wpsp_enable_custom_social_template":false,"_wpsp_social_scheduling":{"enabled":false,"datetime":null,"platforms":[],"status":"template_only","dateOption":"today","timeOption":"now","customDays":"","customHours":"","customDate":"","customTime":"","schedulingType":"absolute"},"_wpsp_active_default_template":true},"categories":[52,27],"tags":[],"class_list":["post-25014","post","type-post","status-publish","format-standard","has-post-thumbnail","hentry","category-a-la-une","category-actualite"],"aioseo_notices":[],"yoast_head":"<!-- This site is optimized with the Yoast SEO plugin v27.5 - https:\/\/yoast.com\/product\/yoast-seo-wordpress\/ -->\n<title>Il a r\u00e9it\u00e9r\u00e9 son appel \u00e0 d\u00e9fendre les int\u00e9r\u00eats de la\u00a0Nation\u00a0:\u00a0Le FFS\u00a0plaide pour un dialogue politique s\u00e9rieux - La Sentinelle<\/title>\n<meta name=\"robots\" content=\"index, follow, max-snippet:-1, max-image-preview:large, max-video-preview:-1\" \/>\n<link rel=\"canonical\" href=\"https:\/\/lasentinelle.dz\/index.php\/2022\/08\/01\/il-a-reitere-son-appel-a-defendre-les-interets-de-la-nation-le-ffs-plaide-pour-un-dialogue-politique-serieux\/\" \/>\n<meta property=\"og:locale\" content=\"fr_FR\" \/>\n<meta property=\"og:type\" content=\"article\" \/>\n<meta property=\"og:title\" content=\"Il a r\u00e9it\u00e9r\u00e9 son appel \u00e0 d\u00e9fendre les int\u00e9r\u00eats de la\u00a0Nation\u00a0:\u00a0Le FFS\u00a0plaide pour un dialogue politique s\u00e9rieux - La Sentinelle\" \/>\n<meta property=\"og:description\" content=\"L\u2019enjeu du rassemblement et de la mobilisation patriotique est consid\u00e9r\u00e9 par le FFS comme \u00e9l\u00e9ment dorsal&nbsp;afind\u2019asseoir les jalons d\u2019un front\" \/>\n<meta property=\"og:url\" content=\"https:\/\/lasentinelle.dz\/index.php\/2022\/08\/01\/il-a-reitere-son-appel-a-defendre-les-interets-de-la-nation-le-ffs-plaide-pour-un-dialogue-politique-serieux\/\" \/>\n<meta property=\"og:site_name\" content=\"La Sentinelle\" \/>\n<meta property=\"article:publisher\" content=\"https:\/\/www.facebook.com\/La-Sentinelle-104059864394773\" \/>\n<meta property=\"article:published_time\" content=\"2022-07-31T23:05:00+00:00\" \/>\n<meta property=\"og:image\" content=\"https:\/\/lasentinelle.dz\/wp-content\/uploads\/2022\/07\/FFS-1.png\" \/>\n\t<meta property=\"og:image:width\" content=\"1200\" \/>\n\t<meta property=\"og:image:height\" content=\"900\" \/>\n\t<meta property=\"og:image:type\" content=\"image\/png\" \/>\n<meta name=\"author\" content=\"La Sentinelle\" \/>\n<meta name=\"twitter:card\" content=\"summary_large_image\" \/>\n<meta name=\"twitter:label1\" content=\"\u00c9crit par\" \/>\n\t<meta name=\"twitter:data1\" content=\"La Sentinelle\" \/>\n\t<meta name=\"twitter:label2\" content=\"Dur\u00e9e de lecture estim\u00e9e\" \/>\n\t<meta name=\"twitter:data2\" content=\"4 minutes\" \/>\n<script type=\"application\/ld+json\" class=\"yoast-schema-graph\">{\"@context\":\"https:\\\/\\\/schema.org\",\"@graph\":[{\"@type\":\"Article\",\"@id\":\"https:\\\/\\\/lasentinelle.dz\\\/index.php\\\/2022\\\/08\\\/01\\\/il-a-reitere-son-appel-a-defendre-les-interets-de-la-nation-le-ffs-plaide-pour-un-dialogue-politique-serieux\\\/#article\",\"isPartOf\":{\"@id\":\"https:\\\/\\\/lasentinelle.dz\\\/index.php\\\/2022\\\/08\\\/01\\\/il-a-reitere-son-appel-a-defendre-les-interets-de-la-nation-le-ffs-plaide-pour-un-dialogue-politique-serieux\\\/\"},\"author\":{\"name\":\"La Sentinelle\",\"@id\":\"https:\\\/\\\/lasentinelle.dz\\\/#\\\/schema\\\/person\\\/d865044e22e70a75174ce8bcad3acfb3\"},\"headline\":\"Il a r\u00e9it\u00e9r\u00e9 son appel \u00e0 d\u00e9fendre les int\u00e9r\u00eats de la\u00a0Nation\u00a0:\u00a0Le FFS\u00a0plaide pour un dialogue politique s\u00e9rieux\",\"datePublished\":\"2022-07-31T23:05:00+00:00\",\"mainEntityOfPage\":{\"@id\":\"https:\\\/\\\/lasentinelle.dz\\\/index.php\\\/2022\\\/08\\\/01\\\/il-a-reitere-son-appel-a-defendre-les-interets-de-la-nation-le-ffs-plaide-pour-un-dialogue-politique-serieux\\\/\"},\"wordCount\":779,\"commentCount\":0,\"publisher\":{\"@id\":\"https:\\\/\\\/lasentinelle.dz\\\/#organization\"},\"image\":{\"@id\":\"https:\\\/\\\/lasentinelle.dz\\\/index.php\\\/2022\\\/08\\\/01\\\/il-a-reitere-son-appel-a-defendre-les-interets-de-la-nation-le-ffs-plaide-pour-un-dialogue-politique-serieux\\\/#primaryimage\"},\"thumbnailUrl\":\"https:\\\/\\\/lasentinelle.dz\\\/wp-content\\\/uploads\\\/2022\\\/07\\\/FFS-1.png\",\"articleSection\":[\"\u00c0 la Une\",\"Actualit\u00e9\"],\"inLanguage\":\"fr-FR\",\"potentialAction\":[{\"@type\":\"CommentAction\",\"name\":\"Comment\",\"target\":[\"https:\\\/\\\/lasentinelle.dz\\\/index.php\\\/2022\\\/08\\\/01\\\/il-a-reitere-son-appel-a-defendre-les-interets-de-la-nation-le-ffs-plaide-pour-un-dialogue-politique-serieux\\\/#respond\"]}]},{\"@type\":\"WebPage\",\"@id\":\"https:\\\/\\\/lasentinelle.dz\\\/index.php\\\/2022\\\/08\\\/01\\\/il-a-reitere-son-appel-a-defendre-les-interets-de-la-nation-le-ffs-plaide-pour-un-dialogue-politique-serieux\\\/\",\"url\":\"https:\\\/\\\/lasentinelle.dz\\\/index.php\\\/2022\\\/08\\\/01\\\/il-a-reitere-son-appel-a-defendre-les-interets-de-la-nation-le-ffs-plaide-pour-un-dialogue-politique-serieux\\\/\",\"name\":\"Il a r\u00e9it\u00e9r\u00e9 son appel \u00e0 d\u00e9fendre les int\u00e9r\u00eats de la\u00a0Nation\u00a0:\u00a0Le FFS\u00a0plaide pour un dialogue politique s\u00e9rieux - La Sentinelle\",\"isPartOf\":{\"@id\":\"https:\\\/\\\/lasentinelle.dz\\\/#website\"},\"primaryImageOfPage\":{\"@id\":\"https:\\\/\\\/lasentinelle.dz\\\/index.php\\\/2022\\\/08\\\/01\\\/il-a-reitere-son-appel-a-defendre-les-interets-de-la-nation-le-ffs-plaide-pour-un-dialogue-politique-serieux\\\/#primaryimage\"},\"image\":{\"@id\":\"https:\\\/\\\/lasentinelle.dz\\\/index.php\\\/2022\\\/08\\\/01\\\/il-a-reitere-son-appel-a-defendre-les-interets-de-la-nation-le-ffs-plaide-pour-un-dialogue-politique-serieux\\\/#primaryimage\"},\"thumbnailUrl\":\"https:\\\/\\\/lasentinelle.dz\\\/wp-content\\\/uploads\\\/2022\\\/07\\\/FFS-1.png\",\"datePublished\":\"2022-07-31T23:05:00+00:00\",\"breadcrumb\":{\"@id\":\"https:\\\/\\\/lasentinelle.dz\\\/index.php\\\/2022\\\/08\\\/01\\\/il-a-reitere-son-appel-a-defendre-les-interets-de-la-nation-le-ffs-plaide-pour-un-dialogue-politique-serieux\\\/#breadcrumb\"},\"inLanguage\":\"fr-FR\",\"potentialAction\":[{\"@type\":\"ReadAction\",\"target\":[\"https:\\\/\\\/lasentinelle.dz\\\/index.php\\\/2022\\\/08\\\/01\\\/il-a-reitere-son-appel-a-defendre-les-interets-de-la-nation-le-ffs-plaide-pour-un-dialogue-politique-serieux\\\/\"]}]},{\"@type\":\"ImageObject\",\"inLanguage\":\"fr-FR\",\"@id\":\"https:\\\/\\\/lasentinelle.dz\\\/index.php\\\/2022\\\/08\\\/01\\\/il-a-reitere-son-appel-a-defendre-les-interets-de-la-nation-le-ffs-plaide-pour-un-dialogue-politique-serieux\\\/#primaryimage\",\"url\":\"https:\\\/\\\/lasentinelle.dz\\\/wp-content\\\/uploads\\\/2022\\\/07\\\/FFS-1.png\",\"contentUrl\":\"https:\\\/\\\/lasentinelle.dz\\\/wp-content\\\/uploads\\\/2022\\\/07\\\/FFS-1.png\",\"width\":1200,\"height\":900},{\"@type\":\"BreadcrumbList\",\"@id\":\"https:\\\/\\\/lasentinelle.dz\\\/index.php\\\/2022\\\/08\\\/01\\\/il-a-reitere-son-appel-a-defendre-les-interets-de-la-nation-le-ffs-plaide-pour-un-dialogue-politique-serieux\\\/#breadcrumb\",\"itemListElement\":[{\"@type\":\"ListItem\",\"position\":1,\"name\":\"Accueil\",\"item\":\"https:\\\/\\\/lasentinelle.dz\\\/\"},{\"@type\":\"ListItem\",\"position\":2,\"name\":\"Il a r\u00e9it\u00e9r\u00e9 son appel \u00e0 d\u00e9fendre les int\u00e9r\u00eats de la\u00a0Nation\u00a0:\u00a0Le FFS\u00a0plaide pour un dialogue politique s\u00e9rieux\"}]},{\"@type\":\"WebSite\",\"@id\":\"https:\\\/\\\/lasentinelle.dz\\\/#website\",\"url\":\"https:\\\/\\\/lasentinelle.dz\\\/\",\"name\":\"La Sentinelle\",\"description\":\"Quotidien national d&#039;information\",\"publisher\":{\"@id\":\"https:\\\/\\\/lasentinelle.dz\\\/#organization\"},\"potentialAction\":[{\"@type\":\"SearchAction\",\"target\":{\"@type\":\"EntryPoint\",\"urlTemplate\":\"https:\\\/\\\/lasentinelle.dz\\\/?s={search_term_string}\"},\"query-input\":{\"@type\":\"PropertyValueSpecification\",\"valueRequired\":true,\"valueName\":\"search_term_string\"}}],\"inLanguage\":\"fr-FR\"},{\"@type\":\"Organization\",\"@id\":\"https:\\\/\\\/lasentinelle.dz\\\/#organization\",\"name\":\"Quotidien La Sentinelle\",\"url\":\"https:\\\/\\\/lasentinelle.dz\\\/\",\"logo\":{\"@type\":\"ImageObject\",\"inLanguage\":\"fr-FR\",\"@id\":\"https:\\\/\\\/lasentinelle.dz\\\/#\\\/schema\\\/logo\\\/image\\\/\",\"url\":\"https:\\\/\\\/lasentinelle.dz\\\/wp-content\\\/uploads\\\/2021\\\/09\\\/logo-sentinelleSLOGAN-1.png\",\"contentUrl\":\"https:\\\/\\\/lasentinelle.dz\\\/wp-content\\\/uploads\\\/2021\\\/09\\\/logo-sentinelleSLOGAN-1.png\",\"width\":615,\"height\":142,\"caption\":\"Quotidien La Sentinelle\"},\"image\":{\"@id\":\"https:\\\/\\\/lasentinelle.dz\\\/#\\\/schema\\\/logo\\\/image\\\/\"},\"sameAs\":[\"https:\\\/\\\/www.facebook.com\\\/La-Sentinelle-104059864394773\"]},{\"@type\":\"Person\",\"@id\":\"https:\\\/\\\/lasentinelle.dz\\\/#\\\/schema\\\/person\\\/d865044e22e70a75174ce8bcad3acfb3\",\"name\":\"La Sentinelle\",\"image\":{\"@type\":\"ImageObject\",\"inLanguage\":\"fr-FR\",\"@id\":\"https:\\\/\\\/secure.gravatar.com\\\/avatar\\\/57de8e5d4b15d43fb361a71fbb36338450fe67865b528a43dd10ef7c51a20392?s=96&d=mm&r=g\",\"url\":\"https:\\\/\\\/secure.gravatar.com\\\/avatar\\\/57de8e5d4b15d43fb361a71fbb36338450fe67865b528a43dd10ef7c51a20392?s=96&d=mm&r=g\",\"contentUrl\":\"https:\\\/\\\/secure.gravatar.com\\\/avatar\\\/57de8e5d4b15d43fb361a71fbb36338450fe67865b528a43dd10ef7c51a20392?s=96&d=mm&r=g\",\"caption\":\"La Sentinelle\"},\"sameAs\":[\"http:\\\/\\\/www.lasentinelle.dz\"],\"url\":\"https:\\\/\\\/lasentinelle.dz\\\/author\\\/redaction\\\/\"}]}<\/script>\n<!-- \/ Yoast SEO plugin. -->","yoast_head_json":{"title":"Il a r\u00e9it\u00e9r\u00e9 son appel \u00e0 d\u00e9fendre les int\u00e9r\u00eats de la\u00a0Nation\u00a0:\u00a0Le FFS\u00a0plaide pour un dialogue politique s\u00e9rieux - La Sentinelle","robots":{"index":"index","follow":"follow","max-snippet":"max-snippet:-1","max-image-preview":"max-image-preview:large","max-video-preview":"max-video-preview:-1"},"canonical":"https:\/\/lasentinelle.dz\/index.php\/2022\/08\/01\/il-a-reitere-son-appel-a-defendre-les-interets-de-la-nation-le-ffs-plaide-pour-un-dialogue-politique-serieux\/","og_locale":"fr_FR","og_type":"article","og_title":"Il a r\u00e9it\u00e9r\u00e9 son appel \u00e0 d\u00e9fendre les int\u00e9r\u00eats de la\u00a0Nation\u00a0:\u00a0Le FFS\u00a0plaide pour un dialogue politique s\u00e9rieux - La Sentinelle","og_description":"L\u2019enjeu du rassemblement et de la mobilisation patriotique est consid\u00e9r\u00e9 par le FFS comme \u00e9l\u00e9ment dorsal&nbsp;afind\u2019asseoir les jalons d\u2019un front","og_url":"https:\/\/lasentinelle.dz\/index.php\/2022\/08\/01\/il-a-reitere-son-appel-a-defendre-les-interets-de-la-nation-le-ffs-plaide-pour-un-dialogue-politique-serieux\/","og_site_name":"La Sentinelle","article_publisher":"https:\/\/www.facebook.com\/La-Sentinelle-104059864394773","article_published_time":"2022-07-31T23:05:00+00:00","og_image":[{"width":1200,"height":900,"url":"https:\/\/lasentinelle.dz\/wp-content\/uploads\/2022\/07\/FFS-1.png","type":"image\/png"}],"author":"La Sentinelle","twitter_card":"summary_large_image","twitter_misc":{"\u00c9crit par":"La Sentinelle","Dur\u00e9e de lecture estim\u00e9e":"4 minutes"},"schema":{"@context":"https:\/\/schema.org","@graph":[{"@type":"Article","@id":"https:\/\/lasentinelle.dz\/index.php\/2022\/08\/01\/il-a-reitere-son-appel-a-defendre-les-interets-de-la-nation-le-ffs-plaide-pour-un-dialogue-politique-serieux\/#article","isPartOf":{"@id":"https:\/\/lasentinelle.dz\/index.php\/2022\/08\/01\/il-a-reitere-son-appel-a-defendre-les-interets-de-la-nation-le-ffs-plaide-pour-un-dialogue-politique-serieux\/"},"author":{"name":"La Sentinelle","@id":"https:\/\/lasentinelle.dz\/#\/schema\/person\/d865044e22e70a75174ce8bcad3acfb3"},"headline":"Il a r\u00e9it\u00e9r\u00e9 son appel \u00e0 d\u00e9fendre les int\u00e9r\u00eats de la\u00a0Nation\u00a0:\u00a0Le FFS\u00a0plaide pour un dialogue politique s\u00e9rieux","datePublished":"2022-07-31T23:05:00+00:00","mainEntityOfPage":{"@id":"https:\/\/lasentinelle.dz\/index.php\/2022\/08\/01\/il-a-reitere-son-appel-a-defendre-les-interets-de-la-nation-le-ffs-plaide-pour-un-dialogue-politique-serieux\/"},"wordCount":779,"commentCount":0,"publisher":{"@id":"https:\/\/lasentinelle.dz\/#organization"},"image":{"@id":"https:\/\/lasentinelle.dz\/index.php\/2022\/08\/01\/il-a-reitere-son-appel-a-defendre-les-interets-de-la-nation-le-ffs-plaide-pour-un-dialogue-politique-serieux\/#primaryimage"},"thumbnailUrl":"https:\/\/lasentinelle.dz\/wp-content\/uploads\/2022\/07\/FFS-1.png","articleSection":["\u00c0 la Une","Actualit\u00e9"],"inLanguage":"fr-FR","potentialAction":[{"@type":"CommentAction","name":"Comment","target":["https:\/\/lasentinelle.dz\/index.php\/2022\/08\/01\/il-a-reitere-son-appel-a-defendre-les-interets-de-la-nation-le-ffs-plaide-pour-un-dialogue-politique-serieux\/#respond"]}]},{"@type":"WebPage","@id":"https:\/\/lasentinelle.dz\/index.php\/2022\/08\/01\/il-a-reitere-son-appel-a-defendre-les-interets-de-la-nation-le-ffs-plaide-pour-un-dialogue-politique-serieux\/","url":"https:\/\/lasentinelle.dz\/index.php\/2022\/08\/01\/il-a-reitere-son-appel-a-defendre-les-interets-de-la-nation-le-ffs-plaide-pour-un-dialogue-politique-serieux\/","name":"Il a r\u00e9it\u00e9r\u00e9 son appel \u00e0 d\u00e9fendre les int\u00e9r\u00eats de la\u00a0Nation\u00a0:\u00a0Le FFS\u00a0plaide pour un dialogue politique s\u00e9rieux - La Sentinelle","isPartOf":{"@id":"https:\/\/lasentinelle.dz\/#website"},"primaryImageOfPage":{"@id":"https:\/\/lasentinelle.dz\/index.php\/2022\/08\/01\/il-a-reitere-son-appel-a-defendre-les-interets-de-la-nation-le-ffs-plaide-pour-un-dialogue-politique-serieux\/#primaryimage"},"image":{"@id":"https:\/\/lasentinelle.dz\/index.php\/2022\/08\/01\/il-a-reitere-son-appel-a-defendre-les-interets-de-la-nation-le-ffs-plaide-pour-un-dialogue-politique-serieux\/#primaryimage"},"thumbnailUrl":"https:\/\/lasentinelle.dz\/wp-content\/uploads\/2022\/07\/FFS-1.png","datePublished":"2022-07-31T23:05:00+00:00","breadcrumb":{"@id":"https:\/\/lasentinelle.dz\/index.php\/2022\/08\/01\/il-a-reitere-son-appel-a-defendre-les-interets-de-la-nation-le-ffs-plaide-pour-un-dialogue-politique-serieux\/#breadcrumb"},"inLanguage":"fr-FR","potentialAction":[{"@type":"ReadAction","target":["https:\/\/lasentinelle.dz\/index.php\/2022\/08\/01\/il-a-reitere-son-appel-a-defendre-les-interets-de-la-nation-le-ffs-plaide-pour-un-dialogue-politique-serieux\/"]}]},{"@type":"ImageObject","inLanguage":"fr-FR","@id":"https:\/\/lasentinelle.dz\/index.php\/2022\/08\/01\/il-a-reitere-son-appel-a-defendre-les-interets-de-la-nation-le-ffs-plaide-pour-un-dialogue-politique-serieux\/#primaryimage","url":"https:\/\/lasentinelle.dz\/wp-content\/uploads\/2022\/07\/FFS-1.png","contentUrl":"https:\/\/lasentinelle.dz\/wp-content\/uploads\/2022\/07\/FFS-1.png","width":1200,"height":900},{"@type":"BreadcrumbList","@id":"https:\/\/lasentinelle.dz\/index.php\/2022\/08\/01\/il-a-reitere-son-appel-a-defendre-les-interets-de-la-nation-le-ffs-plaide-pour-un-dialogue-politique-serieux\/#breadcrumb","itemListElement":[{"@type":"ListItem","position":1,"name":"Accueil","item":"https:\/\/lasentinelle.dz\/"},{"@type":"ListItem","position":2,"name":"Il a r\u00e9it\u00e9r\u00e9 son appel \u00e0 d\u00e9fendre les int\u00e9r\u00eats de la\u00a0Nation\u00a0:\u00a0Le FFS\u00a0plaide pour un dialogue politique s\u00e9rieux"}]},{"@type":"WebSite","@id":"https:\/\/lasentinelle.dz\/#website","url":"https:\/\/lasentinelle.dz\/","name":"La Sentinelle","description":"Quotidien national d&#039;information","publisher":{"@id":"https:\/\/lasentinelle.dz\/#organization"},"potentialAction":[{"@type":"SearchAction","target":{"@type":"EntryPoint","urlTemplate":"https:\/\/lasentinelle.dz\/?s={search_term_string}"},"query-input":{"@type":"PropertyValueSpecification","valueRequired":true,"valueName":"search_term_string"}}],"inLanguage":"fr-FR"},{"@type":"Organization","@id":"https:\/\/lasentinelle.dz\/#organization","name":"Quotidien La Sentinelle","url":"https:\/\/lasentinelle.dz\/","logo":{"@type":"ImageObject","inLanguage":"fr-FR","@id":"https:\/\/lasentinelle.dz\/#\/schema\/logo\/image\/","url":"https:\/\/lasentinelle.dz\/wp-content\/uploads\/2021\/09\/logo-sentinelleSLOGAN-1.png","contentUrl":"https:\/\/lasentinelle.dz\/wp-content\/uploads\/2021\/09\/logo-sentinelleSLOGAN-1.png","width":615,"height":142,"caption":"Quotidien La Sentinelle"},"image":{"@id":"https:\/\/lasentinelle.dz\/#\/schema\/logo\/image\/"},"sameAs":["https:\/\/www.facebook.com\/La-Sentinelle-104059864394773"]},{"@type":"Person","@id":"https:\/\/lasentinelle.dz\/#\/schema\/person\/d865044e22e70a75174ce8bcad3acfb3","name":"La Sentinelle","image":{"@type":"ImageObject","inLanguage":"fr-FR","@id":"https:\/\/secure.gravatar.com\/avatar\/57de8e5d4b15d43fb361a71fbb36338450fe67865b528a43dd10ef7c51a20392?s=96&d=mm&r=g","url":"https:\/\/secure.gravatar.com\/avatar\/57de8e5d4b15d43fb361a71fbb36338450fe67865b528a43dd10ef7c51a20392?s=96&d=mm&r=g","contentUrl":"https:\/\/secure.gravatar.com\/avatar\/57de8e5d4b15d43fb361a71fbb36338450fe67865b528a43dd10ef7c51a20392?s=96&d=mm&r=g","caption":"La Sentinelle"},"sameAs":["http:\/\/www.lasentinelle.dz"],"url":"https:\/\/lasentinelle.dz\/author\/redaction\/"}]}},"_links":{"self":[{"href":"https:\/\/lasentinelle.dz\/index.php\/wp-json\/wp\/v2\/posts\/25014","targetHints":{"allow":["GET"]}}],"collection":[{"href":"https:\/\/lasentinelle.dz\/index.php\/wp-json\/wp\/v2\/posts"}],"about":[{"href":"https:\/\/lasentinelle.dz\/index.php\/wp-json\/wp\/v2\/types\/post"}],"author":[{"embeddable":true,"href":"https:\/\/lasentinelle.dz\/index.php\/wp-json\/wp\/v2\/users\/3"}],"replies":[{"embeddable":true,"href":"https:\/\/lasentinelle.dz\/index.php\/wp-json\/wp\/v2\/comments?post=25014"}],"version-history":[{"count":1,"href":"https:\/\/lasentinelle.dz\/index.php\/wp-json\/wp\/v2\/posts\/25014\/revisions"}],"predecessor-version":[{"id":25022,"href":"https:\/\/lasentinelle.dz\/index.php\/wp-json\/wp\/v2\/posts\/25014\/revisions\/25022"}],"wp:featuredmedia":[{"embeddable":true,"href":"https:\/\/lasentinelle.dz\/index.php\/wp-json\/wp\/v2\/media\/25021"}],"wp:attachment":[{"href":"https:\/\/lasentinelle.dz\/index.php\/wp-json\/wp\/v2\/media?parent=25014"}],"wp:term":[{"taxonomy":"category","embeddable":true,"href":"https:\/\/lasentinelle.dz\/index.php\/wp-json\/wp\/v2\/categories?post=25014"},{"taxonomy":"post_tag","embeddable":true,"href":"https:\/\/lasentinelle.dz\/index.php\/wp-json\/wp\/v2\/tags?post=25014"}],"curies":[{"name":"wp","href":"https:\/\/api.w.org\/{rel}","templated":true}]}}