{"id":25040,"date":"2022-08-02T00:02:00","date_gmt":"2022-08-01T23:02:00","guid":{"rendered":"https:\/\/lasentinelle.dz\/?p=25040"},"modified":"2022-08-02T14:04:47","modified_gmt":"2022-08-02T13:04:47","slug":"rdc-des-manifestants-anti-onu-disperses-par-des-tirs-de-sommation","status":"publish","type":"post","link":"https:\/\/lasentinelle.dz\/index.php\/2022\/08\/02\/rdc-des-manifestants-anti-onu-disperses-par-des-tirs-de-sommation\/","title":{"rendered":"RDC\u00a0:\u00a0Des manifestants anti-ONU dispers\u00e9s par des tirs de sommation\u00a0"},"content":{"rendered":"\n<p>La police et l&rsquo;arm\u00e9e congolaises ont us\u00e9 hier de tirs de sommation pour disperser des manifestants qui s&rsquo;approchaient d&rsquo;une base de la Mission des Nations unies dans l&rsquo;est de la R\u00e9publique d\u00e9mocratique du Congo (Monusco) au lendemain du meurtre par des Casques bleus de deux Congolais. Des policiers ont tir\u00e9 des gaz lacrymog\u00e8nes et des militaires ont tir\u00e9 en l&rsquo;air, pour disperser deux colonnes de dizaines de manifestants anti-Monusco dans la ville de Beni \u00e0 l&rsquo;appel des mouvements pro-d\u00e9mocratie. Les forces de s\u00e9curit\u00e9 congolaises ont install\u00e9 des tentes et \u00e9rig\u00e9 des&nbsp;&nbsp;&nbsp;p\u00e9rim\u00e8tres de s\u00e9curit\u00e9 devant les installations de la Monusco dans la ville de&nbsp;&nbsp;Beni. Les Casques bleus ont aussi renforc\u00e9 les mesures de s\u00e9curisation de leurs installations avec des v\u00e9hicules blind\u00e9s et des chars de combat. \u00ab\u00a0Nous sommes face \u00e0 une force qui dispose de tous les moyens militaire, logistique et financier pour mettre fin aux activit\u00e9s des groupes arm\u00e9s. Elle n&rsquo;en fait pas usage par cons\u00e9quence, nous demandons le d\u00e9part de ces touristes\u00a0\u00bb, a d\u00e9clar\u00e9 Losuire Shabani, du mouvement pro-d\u00e9mocratie Lutte pour le changement (Lucha). \u00ab\u00a0Nous manifesterons jusqu&rsquo;\u00e0 obtenir effectivement ce d\u00e9part maintenant que des Casques bleus nous tuent \u00e0 la place des miliciens arm\u00e9s\u00a0\u00bb, a-t-il ajout\u00e9, alors qu&rsquo;il lan\u00e7ait des messages pour galvaniser des manifestants. La Monusco est pr\u00e9sente en RDC depuis 1999 avec comme mission de neutraliser la centaine de groupes arm\u00e9s locaux et \u00e9trangers actifs dans l&rsquo;est congolais. Dimanche, des Casques bleus de retour de cong\u00e9 en Ouganda ont ouvert le feu avant d&rsquo;ouvrir la barri\u00e8re et traverser la fronti\u00e8re congolaise au poste fronti\u00e8re de Kasindi, \u00e0 Beni. Deux personnes ont \u00e9t\u00e9 tu\u00e9es et 15 bless\u00e9es. Le secr\u00e9taire g\u00e9n\u00e9ral de l&rsquo;ONU, Antonio Guterres s&rsquo;est dit \u00ab\u00a0outr\u00e9\u00a0\u00bb, la Monusco a trait\u00e9 cette fusillade \u00ab\u00a0d&rsquo;incident grave\u00a0\u00bb, \u00ab\u00a0inqualifiable et irresponsable\u00a0\u00bb, alors que le gouvernement congolais a condamn\u00e9 cet incident et&nbsp;&nbsp;&nbsp;appel\u00e9 la population \u00ab\u00a0au calme\u00a0\u00bb.&nbsp;&nbsp;<\/p>\n\n\n\n<p>R.I.&nbsp;&nbsp;<\/p>\n","protected":false},"excerpt":{"rendered":"<p>La police et l&rsquo;arm\u00e9e congolaises ont us\u00e9 hier de tirs de sommation pour disperser des manifestants qui s&rsquo;approchaient d&rsquo;une base<\/p>\n","protected":false},"author":3,"featured_media":25050,"comment_status":"open","ping_status":"closed","sticky":false,"template":"","format":"standard","meta":{"colormag_page_container_layout":"default_layout","colormag_page_sidebar_layout":"default_layout","om_disable_all_campaigns":false,"_monsterinsights_skip_tracking":false,"_monsterinsights_sitenote_active":false,"_monsterinsights_sitenote_note":"","_monsterinsights_sitenote_category":0,"footnotes":"","_wpscppro_dont_share_socialmedia":false,"_wpscppro_custom_social_share_image":0,"_facebook_share_type":"","_twitter_share_type":"","_linkedin_share_type":"","_pinterest_share_type":"","_linkedin_share_type_page":"","_instagram_share_type":"","_medium_share_type":"","_threads_share_type":"","_google_business_share_type":"","_selected_social_profile":[],"_wpsp_enable_custom_social_template":false,"_wpsp_social_scheduling":{"enabled":false,"datetime":null,"platforms":[],"status":"template_only","dateOption":"today","timeOption":"now","customDays":"","customHours":"","customDate":"","customTime":"","schedulingType":"absolute"},"_wpsp_active_default_template":true},"categories":[37],"tags":[],"class_list":["post-25040","post","type-post","status-publish","format-standard","has-post-thumbnail","hentry","category-monde"],"aioseo_notices":[],"yoast_head":"<!-- This site is optimized with the Yoast SEO plugin v27.5 - https:\/\/yoast.com\/product\/yoast-seo-wordpress\/ -->\n<title>RDC\u00a0:\u00a0Des manifestants anti-ONU dispers\u00e9s par des tirs de sommation\u00a0 - La Sentinelle<\/title>\n<meta name=\"robots\" content=\"index, follow, max-snippet:-1, max-image-preview:large, max-video-preview:-1\" \/>\n<link rel=\"canonical\" href=\"https:\/\/lasentinelle.dz\/index.php\/2022\/08\/02\/rdc-des-manifestants-anti-onu-disperses-par-des-tirs-de-sommation\/\" \/>\n<meta property=\"og:locale\" content=\"fr_FR\" \/>\n<meta property=\"og:type\" content=\"article\" \/>\n<meta property=\"og:title\" content=\"RDC\u00a0:\u00a0Des manifestants anti-ONU dispers\u00e9s par des tirs de sommation\u00a0 - La Sentinelle\" \/>\n<meta property=\"og:description\" content=\"La police et l&rsquo;arm\u00e9e congolaises ont us\u00e9 hier de tirs de sommation pour disperser des manifestants qui s&rsquo;approchaient d&rsquo;une base\" \/>\n<meta property=\"og:url\" content=\"https:\/\/lasentinelle.dz\/index.php\/2022\/08\/02\/rdc-des-manifestants-anti-onu-disperses-par-des-tirs-de-sommation\/\" \/>\n<meta property=\"og:site_name\" content=\"La Sentinelle\" \/>\n<meta property=\"article:publisher\" content=\"https:\/\/www.facebook.com\/La-Sentinelle-104059864394773\" \/>\n<meta property=\"article:published_time\" content=\"2022-08-01T23:02:00+00:00\" \/>\n<meta property=\"article:modified_time\" content=\"2022-08-02T13:04:47+00:00\" \/>\n<meta property=\"og:image\" content=\"https:\/\/lasentinelle.dz\/wp-content\/uploads\/2022\/08\/adbf76ee45d79e1d5b045bff04c61a21a91ad104.jpg\" \/>\n\t<meta property=\"og:image:width\" content=\"768\" \/>\n\t<meta property=\"og:image:height\" content=\"528\" \/>\n\t<meta property=\"og:image:type\" content=\"image\/jpeg\" \/>\n<meta name=\"author\" content=\"La Sentinelle\" \/>\n<meta name=\"twitter:card\" content=\"summary_large_image\" \/>\n<meta name=\"twitter:label1\" content=\"\u00c9crit par\" \/>\n\t<meta name=\"twitter:data1\" content=\"La Sentinelle\" \/>\n\t<meta name=\"twitter:label2\" content=\"Dur\u00e9e de lecture estim\u00e9e\" \/>\n\t<meta name=\"twitter:data2\" content=\"2 minutes\" \/>\n<script type=\"application\/ld+json\" class=\"yoast-schema-graph\">{\"@context\":\"https:\\\/\\\/schema.org\",\"@graph\":[{\"@type\":\"Article\",\"@id\":\"https:\\\/\\\/lasentinelle.dz\\\/index.php\\\/2022\\\/08\\\/02\\\/rdc-des-manifestants-anti-onu-disperses-par-des-tirs-de-sommation\\\/#article\",\"isPartOf\":{\"@id\":\"https:\\\/\\\/lasentinelle.dz\\\/index.php\\\/2022\\\/08\\\/02\\\/rdc-des-manifestants-anti-onu-disperses-par-des-tirs-de-sommation\\\/\"},\"author\":{\"name\":\"La Sentinelle\",\"@id\":\"https:\\\/\\\/lasentinelle.dz\\\/#\\\/schema\\\/person\\\/d865044e22e70a75174ce8bcad3acfb3\"},\"headline\":\"RDC\u00a0:\u00a0Des manifestants anti-ONU dispers\u00e9s par des tirs de sommation\u00a0\",\"datePublished\":\"2022-08-01T23:02:00+00:00\",\"dateModified\":\"2022-08-02T13:04:47+00:00\",\"mainEntityOfPage\":{\"@id\":\"https:\\\/\\\/lasentinelle.dz\\\/index.php\\\/2022\\\/08\\\/02\\\/rdc-des-manifestants-anti-onu-disperses-par-des-tirs-de-sommation\\\/\"},\"wordCount\":370,\"commentCount\":0,\"publisher\":{\"@id\":\"https:\\\/\\\/lasentinelle.dz\\\/#organization\"},\"image\":{\"@id\":\"https:\\\/\\\/lasentinelle.dz\\\/index.php\\\/2022\\\/08\\\/02\\\/rdc-des-manifestants-anti-onu-disperses-par-des-tirs-de-sommation\\\/#primaryimage\"},\"thumbnailUrl\":\"https:\\\/\\\/lasentinelle.dz\\\/wp-content\\\/uploads\\\/2022\\\/08\\\/adbf76ee45d79e1d5b045bff04c61a21a91ad104.jpg\",\"articleSection\":[\"Monde\"],\"inLanguage\":\"fr-FR\",\"potentialAction\":[{\"@type\":\"CommentAction\",\"name\":\"Comment\",\"target\":[\"https:\\\/\\\/lasentinelle.dz\\\/index.php\\\/2022\\\/08\\\/02\\\/rdc-des-manifestants-anti-onu-disperses-par-des-tirs-de-sommation\\\/#respond\"]}]},{\"@type\":\"WebPage\",\"@id\":\"https:\\\/\\\/lasentinelle.dz\\\/index.php\\\/2022\\\/08\\\/02\\\/rdc-des-manifestants-anti-onu-disperses-par-des-tirs-de-sommation\\\/\",\"url\":\"https:\\\/\\\/lasentinelle.dz\\\/index.php\\\/2022\\\/08\\\/02\\\/rdc-des-manifestants-anti-onu-disperses-par-des-tirs-de-sommation\\\/\",\"name\":\"RDC\u00a0:\u00a0Des manifestants anti-ONU dispers\u00e9s par des tirs de sommation\u00a0 - La Sentinelle\",\"isPartOf\":{\"@id\":\"https:\\\/\\\/lasentinelle.dz\\\/#website\"},\"primaryImageOfPage\":{\"@id\":\"https:\\\/\\\/lasentinelle.dz\\\/index.php\\\/2022\\\/08\\\/02\\\/rdc-des-manifestants-anti-onu-disperses-par-des-tirs-de-sommation\\\/#primaryimage\"},\"image\":{\"@id\":\"https:\\\/\\\/lasentinelle.dz\\\/index.php\\\/2022\\\/08\\\/02\\\/rdc-des-manifestants-anti-onu-disperses-par-des-tirs-de-sommation\\\/#primaryimage\"},\"thumbnailUrl\":\"https:\\\/\\\/lasentinelle.dz\\\/wp-content\\\/uploads\\\/2022\\\/08\\\/adbf76ee45d79e1d5b045bff04c61a21a91ad104.jpg\",\"datePublished\":\"2022-08-01T23:02:00+00:00\",\"dateModified\":\"2022-08-02T13:04:47+00:00\",\"breadcrumb\":{\"@id\":\"https:\\\/\\\/lasentinelle.dz\\\/index.php\\\/2022\\\/08\\\/02\\\/rdc-des-manifestants-anti-onu-disperses-par-des-tirs-de-sommation\\\/#breadcrumb\"},\"inLanguage\":\"fr-FR\",\"potentialAction\":[{\"@type\":\"ReadAction\",\"target\":[\"https:\\\/\\\/lasentinelle.dz\\\/index.php\\\/2022\\\/08\\\/02\\\/rdc-des-manifestants-anti-onu-disperses-par-des-tirs-de-sommation\\\/\"]}]},{\"@type\":\"ImageObject\",\"inLanguage\":\"fr-FR\",\"@id\":\"https:\\\/\\\/lasentinelle.dz\\\/index.php\\\/2022\\\/08\\\/02\\\/rdc-des-manifestants-anti-onu-disperses-par-des-tirs-de-sommation\\\/#primaryimage\",\"url\":\"https:\\\/\\\/lasentinelle.dz\\\/wp-content\\\/uploads\\\/2022\\\/08\\\/adbf76ee45d79e1d5b045bff04c61a21a91ad104.jpg\",\"contentUrl\":\"https:\\\/\\\/lasentinelle.dz\\\/wp-content\\\/uploads\\\/2022\\\/08\\\/adbf76ee45d79e1d5b045bff04c61a21a91ad104.jpg\",\"width\":768,\"height\":528},{\"@type\":\"BreadcrumbList\",\"@id\":\"https:\\\/\\\/lasentinelle.dz\\\/index.php\\\/2022\\\/08\\\/02\\\/rdc-des-manifestants-anti-onu-disperses-par-des-tirs-de-sommation\\\/#breadcrumb\",\"itemListElement\":[{\"@type\":\"ListItem\",\"position\":1,\"name\":\"Accueil\",\"item\":\"https:\\\/\\\/lasentinelle.dz\\\/\"},{\"@type\":\"ListItem\",\"position\":2,\"name\":\"RDC\u00a0:\u00a0Des manifestants anti-ONU dispers\u00e9s par des tirs de sommation\u00a0\"}]},{\"@type\":\"WebSite\",\"@id\":\"https:\\\/\\\/lasentinelle.dz\\\/#website\",\"url\":\"https:\\\/\\\/lasentinelle.dz\\\/\",\"name\":\"La Sentinelle\",\"description\":\"Quotidien national d&#039;information\",\"publisher\":{\"@id\":\"https:\\\/\\\/lasentinelle.dz\\\/#organization\"},\"potentialAction\":[{\"@type\":\"SearchAction\",\"target\":{\"@type\":\"EntryPoint\",\"urlTemplate\":\"https:\\\/\\\/lasentinelle.dz\\\/?s={search_term_string}\"},\"query-input\":{\"@type\":\"PropertyValueSpecification\",\"valueRequired\":true,\"valueName\":\"search_term_string\"}}],\"inLanguage\":\"fr-FR\"},{\"@type\":\"Organization\",\"@id\":\"https:\\\/\\\/lasentinelle.dz\\\/#organization\",\"name\":\"Quotidien La Sentinelle\",\"url\":\"https:\\\/\\\/lasentinelle.dz\\\/\",\"logo\":{\"@type\":\"ImageObject\",\"inLanguage\":\"fr-FR\",\"@id\":\"https:\\\/\\\/lasentinelle.dz\\\/#\\\/schema\\\/logo\\\/image\\\/\",\"url\":\"https:\\\/\\\/lasentinelle.dz\\\/wp-content\\\/uploads\\\/2021\\\/09\\\/logo-sentinelleSLOGAN-1.png\",\"contentUrl\":\"https:\\\/\\\/lasentinelle.dz\\\/wp-content\\\/uploads\\\/2021\\\/09\\\/logo-sentinelleSLOGAN-1.png\",\"width\":615,\"height\":142,\"caption\":\"Quotidien La Sentinelle\"},\"image\":{\"@id\":\"https:\\\/\\\/lasentinelle.dz\\\/#\\\/schema\\\/logo\\\/image\\\/\"},\"sameAs\":[\"https:\\\/\\\/www.facebook.com\\\/La-Sentinelle-104059864394773\"]},{\"@type\":\"Person\",\"@id\":\"https:\\\/\\\/lasentinelle.dz\\\/#\\\/schema\\\/person\\\/d865044e22e70a75174ce8bcad3acfb3\",\"name\":\"La Sentinelle\",\"image\":{\"@type\":\"ImageObject\",\"inLanguage\":\"fr-FR\",\"@id\":\"https:\\\/\\\/secure.gravatar.com\\\/avatar\\\/57de8e5d4b15d43fb361a71fbb36338450fe67865b528a43dd10ef7c51a20392?s=96&d=mm&r=g\",\"url\":\"https:\\\/\\\/secure.gravatar.com\\\/avatar\\\/57de8e5d4b15d43fb361a71fbb36338450fe67865b528a43dd10ef7c51a20392?s=96&d=mm&r=g\",\"contentUrl\":\"https:\\\/\\\/secure.gravatar.com\\\/avatar\\\/57de8e5d4b15d43fb361a71fbb36338450fe67865b528a43dd10ef7c51a20392?s=96&d=mm&r=g\",\"caption\":\"La Sentinelle\"},\"sameAs\":[\"http:\\\/\\\/www.lasentinelle.dz\"],\"url\":\"https:\\\/\\\/lasentinelle.dz\\\/author\\\/redaction\\\/\"}]}<\/script>\n<!-- \/ Yoast SEO plugin. -->","yoast_head_json":{"title":"RDC\u00a0:\u00a0Des manifestants anti-ONU dispers\u00e9s par des tirs de sommation\u00a0 - La Sentinelle","robots":{"index":"index","follow":"follow","max-snippet":"max-snippet:-1","max-image-preview":"max-image-preview:large","max-video-preview":"max-video-preview:-1"},"canonical":"https:\/\/lasentinelle.dz\/index.php\/2022\/08\/02\/rdc-des-manifestants-anti-onu-disperses-par-des-tirs-de-sommation\/","og_locale":"fr_FR","og_type":"article","og_title":"RDC\u00a0:\u00a0Des manifestants anti-ONU dispers\u00e9s par des tirs de sommation\u00a0 - La Sentinelle","og_description":"La police et l&rsquo;arm\u00e9e congolaises ont us\u00e9 hier de tirs de sommation pour disperser des manifestants qui s&rsquo;approchaient d&rsquo;une base","og_url":"https:\/\/lasentinelle.dz\/index.php\/2022\/08\/02\/rdc-des-manifestants-anti-onu-disperses-par-des-tirs-de-sommation\/","og_site_name":"La Sentinelle","article_publisher":"https:\/\/www.facebook.com\/La-Sentinelle-104059864394773","article_published_time":"2022-08-01T23:02:00+00:00","article_modified_time":"2022-08-02T13:04:47+00:00","og_image":[{"width":768,"height":528,"url":"https:\/\/lasentinelle.dz\/wp-content\/uploads\/2022\/08\/adbf76ee45d79e1d5b045bff04c61a21a91ad104.jpg","type":"image\/jpeg"}],"author":"La Sentinelle","twitter_card":"summary_large_image","twitter_misc":{"\u00c9crit par":"La Sentinelle","Dur\u00e9e de lecture estim\u00e9e":"2 minutes"},"schema":{"@context":"https:\/\/schema.org","@graph":[{"@type":"Article","@id":"https:\/\/lasentinelle.dz\/index.php\/2022\/08\/02\/rdc-des-manifestants-anti-onu-disperses-par-des-tirs-de-sommation\/#article","isPartOf":{"@id":"https:\/\/lasentinelle.dz\/index.php\/2022\/08\/02\/rdc-des-manifestants-anti-onu-disperses-par-des-tirs-de-sommation\/"},"author":{"name":"La Sentinelle","@id":"https:\/\/lasentinelle.dz\/#\/schema\/person\/d865044e22e70a75174ce8bcad3acfb3"},"headline":"RDC\u00a0:\u00a0Des manifestants anti-ONU dispers\u00e9s par des tirs de sommation\u00a0","datePublished":"2022-08-01T23:02:00+00:00","dateModified":"2022-08-02T13:04:47+00:00","mainEntityOfPage":{"@id":"https:\/\/lasentinelle.dz\/index.php\/2022\/08\/02\/rdc-des-manifestants-anti-onu-disperses-par-des-tirs-de-sommation\/"},"wordCount":370,"commentCount":0,"publisher":{"@id":"https:\/\/lasentinelle.dz\/#organization"},"image":{"@id":"https:\/\/lasentinelle.dz\/index.php\/2022\/08\/02\/rdc-des-manifestants-anti-onu-disperses-par-des-tirs-de-sommation\/#primaryimage"},"thumbnailUrl":"https:\/\/lasentinelle.dz\/wp-content\/uploads\/2022\/08\/adbf76ee45d79e1d5b045bff04c61a21a91ad104.jpg","articleSection":["Monde"],"inLanguage":"fr-FR","potentialAction":[{"@type":"CommentAction","name":"Comment","target":["https:\/\/lasentinelle.dz\/index.php\/2022\/08\/02\/rdc-des-manifestants-anti-onu-disperses-par-des-tirs-de-sommation\/#respond"]}]},{"@type":"WebPage","@id":"https:\/\/lasentinelle.dz\/index.php\/2022\/08\/02\/rdc-des-manifestants-anti-onu-disperses-par-des-tirs-de-sommation\/","url":"https:\/\/lasentinelle.dz\/index.php\/2022\/08\/02\/rdc-des-manifestants-anti-onu-disperses-par-des-tirs-de-sommation\/","name":"RDC\u00a0:\u00a0Des manifestants anti-ONU dispers\u00e9s par des tirs de sommation\u00a0 - La Sentinelle","isPartOf":{"@id":"https:\/\/lasentinelle.dz\/#website"},"primaryImageOfPage":{"@id":"https:\/\/lasentinelle.dz\/index.php\/2022\/08\/02\/rdc-des-manifestants-anti-onu-disperses-par-des-tirs-de-sommation\/#primaryimage"},"image":{"@id":"https:\/\/lasentinelle.dz\/index.php\/2022\/08\/02\/rdc-des-manifestants-anti-onu-disperses-par-des-tirs-de-sommation\/#primaryimage"},"thumbnailUrl":"https:\/\/lasentinelle.dz\/wp-content\/uploads\/2022\/08\/adbf76ee45d79e1d5b045bff04c61a21a91ad104.jpg","datePublished":"2022-08-01T23:02:00+00:00","dateModified":"2022-08-02T13:04:47+00:00","breadcrumb":{"@id":"https:\/\/lasentinelle.dz\/index.php\/2022\/08\/02\/rdc-des-manifestants-anti-onu-disperses-par-des-tirs-de-sommation\/#breadcrumb"},"inLanguage":"fr-FR","potentialAction":[{"@type":"ReadAction","target":["https:\/\/lasentinelle.dz\/index.php\/2022\/08\/02\/rdc-des-manifestants-anti-onu-disperses-par-des-tirs-de-sommation\/"]}]},{"@type":"ImageObject","inLanguage":"fr-FR","@id":"https:\/\/lasentinelle.dz\/index.php\/2022\/08\/02\/rdc-des-manifestants-anti-onu-disperses-par-des-tirs-de-sommation\/#primaryimage","url":"https:\/\/lasentinelle.dz\/wp-content\/uploads\/2022\/08\/adbf76ee45d79e1d5b045bff04c61a21a91ad104.jpg","contentUrl":"https:\/\/lasentinelle.dz\/wp-content\/uploads\/2022\/08\/adbf76ee45d79e1d5b045bff04c61a21a91ad104.jpg","width":768,"height":528},{"@type":"BreadcrumbList","@id":"https:\/\/lasentinelle.dz\/index.php\/2022\/08\/02\/rdc-des-manifestants-anti-onu-disperses-par-des-tirs-de-sommation\/#breadcrumb","itemListElement":[{"@type":"ListItem","position":1,"name":"Accueil","item":"https:\/\/lasentinelle.dz\/"},{"@type":"ListItem","position":2,"name":"RDC\u00a0:\u00a0Des manifestants anti-ONU dispers\u00e9s par des tirs de sommation\u00a0"}]},{"@type":"WebSite","@id":"https:\/\/lasentinelle.dz\/#website","url":"https:\/\/lasentinelle.dz\/","name":"La Sentinelle","description":"Quotidien national d&#039;information","publisher":{"@id":"https:\/\/lasentinelle.dz\/#organization"},"potentialAction":[{"@type":"SearchAction","target":{"@type":"EntryPoint","urlTemplate":"https:\/\/lasentinelle.dz\/?s={search_term_string}"},"query-input":{"@type":"PropertyValueSpecification","valueRequired":true,"valueName":"search_term_string"}}],"inLanguage":"fr-FR"},{"@type":"Organization","@id":"https:\/\/lasentinelle.dz\/#organization","name":"Quotidien La Sentinelle","url":"https:\/\/lasentinelle.dz\/","logo":{"@type":"ImageObject","inLanguage":"fr-FR","@id":"https:\/\/lasentinelle.dz\/#\/schema\/logo\/image\/","url":"https:\/\/lasentinelle.dz\/wp-content\/uploads\/2021\/09\/logo-sentinelleSLOGAN-1.png","contentUrl":"https:\/\/lasentinelle.dz\/wp-content\/uploads\/2021\/09\/logo-sentinelleSLOGAN-1.png","width":615,"height":142,"caption":"Quotidien La Sentinelle"},"image":{"@id":"https:\/\/lasentinelle.dz\/#\/schema\/logo\/image\/"},"sameAs":["https:\/\/www.facebook.com\/La-Sentinelle-104059864394773"]},{"@type":"Person","@id":"https:\/\/lasentinelle.dz\/#\/schema\/person\/d865044e22e70a75174ce8bcad3acfb3","name":"La Sentinelle","image":{"@type":"ImageObject","inLanguage":"fr-FR","@id":"https:\/\/secure.gravatar.com\/avatar\/57de8e5d4b15d43fb361a71fbb36338450fe67865b528a43dd10ef7c51a20392?s=96&d=mm&r=g","url":"https:\/\/secure.gravatar.com\/avatar\/57de8e5d4b15d43fb361a71fbb36338450fe67865b528a43dd10ef7c51a20392?s=96&d=mm&r=g","contentUrl":"https:\/\/secure.gravatar.com\/avatar\/57de8e5d4b15d43fb361a71fbb36338450fe67865b528a43dd10ef7c51a20392?s=96&d=mm&r=g","caption":"La Sentinelle"},"sameAs":["http:\/\/www.lasentinelle.dz"],"url":"https:\/\/lasentinelle.dz\/author\/redaction\/"}]}},"_links":{"self":[{"href":"https:\/\/lasentinelle.dz\/index.php\/wp-json\/wp\/v2\/posts\/25040","targetHints":{"allow":["GET"]}}],"collection":[{"href":"https:\/\/lasentinelle.dz\/index.php\/wp-json\/wp\/v2\/posts"}],"about":[{"href":"https:\/\/lasentinelle.dz\/index.php\/wp-json\/wp\/v2\/types\/post"}],"author":[{"embeddable":true,"href":"https:\/\/lasentinelle.dz\/index.php\/wp-json\/wp\/v2\/users\/3"}],"replies":[{"embeddable":true,"href":"https:\/\/lasentinelle.dz\/index.php\/wp-json\/wp\/v2\/comments?post=25040"}],"version-history":[{"count":1,"href":"https:\/\/lasentinelle.dz\/index.php\/wp-json\/wp\/v2\/posts\/25040\/revisions"}],"predecessor-version":[{"id":25053,"href":"https:\/\/lasentinelle.dz\/index.php\/wp-json\/wp\/v2\/posts\/25040\/revisions\/25053"}],"wp:featuredmedia":[{"embeddable":true,"href":"https:\/\/lasentinelle.dz\/index.php\/wp-json\/wp\/v2\/media\/25050"}],"wp:attachment":[{"href":"https:\/\/lasentinelle.dz\/index.php\/wp-json\/wp\/v2\/media?parent=25040"}],"wp:term":[{"taxonomy":"category","embeddable":true,"href":"https:\/\/lasentinelle.dz\/index.php\/wp-json\/wp\/v2\/categories?post=25040"},{"taxonomy":"post_tag","embeddable":true,"href":"https:\/\/lasentinelle.dz\/index.php\/wp-json\/wp\/v2\/tags?post=25040"}],"curies":[{"name":"wp","href":"https:\/\/api.w.org\/{rel}","templated":true}]}}